{"id":5178,"date":"2026-01-26T16:34:16","date_gmt":"2026-01-26T15:34:16","guid":{"rendered":"https:\/\/www.italiaisraele.org\/?p=5178"},"modified":"2026-01-26T18:03:59","modified_gmt":"2026-01-26T17:03:59","slug":"lettera-a-levante-la-cantante-che-odia-israele","status":"publish","type":"post","link":"https:\/\/www.italiaisraele.org\/?p=5178","title":{"rendered":"Lettera a Levante, la cantante che odia Israele"},"content":{"rendered":"\n<p>di <em>Giuseppe Crimaldi<\/em><\/p>\n\n\n\n<p>Signorina Claudia Lagona, detta &#8220;Levante&#8221;,<\/p>\n\n\n\n<p>ho letto che lei &#8211; ammesso dovesse pur vincere il festival di Sanremo &#8211; non prenderebbe parte all&#8217;Eurofestival perch\u00e9 vi partecipa anche Israele, e dunque incrociando sul palco una cantante o un cantante israeliano, non il primo ministro Netanyahu n\u00e9 uno dei suoi ministri e n\u00e9 il capo di stato maggiore dell&#8217;esercito, le verrebbero l&#8217;orticaria e la nausea.<\/p>\n\n\n\n<p>Lei \u00e8 una brava cantante, continui a cantare evitando cadute cos\u00ec in basso. In un mondo che (a proposito, lo cantava un grande di nome Lucio Battisti) odia lo Stato d&#8217;Israele, il suo ingresso nella pattuglia dei discriminatori seriali e dei razzisti un tanto al chilo non fa notizia n\u00e9 meriterebbe la minima attenzione. Se invece le dedico questa lettera \u00e8 perch\u00e9 immagino la valanga di risate (e qualche sentita pernacchia come voce dal sen fuggita) che stanno gi\u00e0 accompagnando questa sua sortita. Anche perch\u00e9 avrebbe fatto bene a parlarne solo in caso di vincita del festival (e non porta bene parlarne prima).<\/p>\n\n\n\n<p>E invece gi\u00e0 li vediamo i grandi produttori di musica. Agghiacciati gli organizzatori dei Grammy Awards, impietriti quelli dei Billboards Musica. Mentre all&#8217;Eurovision gi\u00e0 si strappano i capelli nella prospettiva di non vederla gorgheggiare. E noi, molto pi\u00f9 modestamente, senza parole. Quel che indigna \u00e8 la sua spocchia. E la sua mancanza di sensibilit\u00e0. Ma lei, da vera furbetta, si \u00e8 iscritta a pieno diritto nella corrente del mainstream, quel pensiero unico che confonde una nazione con il suo primo ministro e con un popolo con i suoi governanti. Vada a farsi un giro nei kibbutzim, di Nir Oz, di Kfar Saba, osservi coi suoi occhi quel che Hamas fece il 7 ottobre. E giacch\u00e9 \u00e8 l\u00ec, si allunghi nella radura che ospitava il Nova Festival, dove quasi 400 ragazzi vennero uccisi a sangue freddo. E sa perch\u00e9? Solo per essere andati ad un concerto, s\u00ec a una festa  di musica. Magari, tornando in quell&#8217;Italia che si rifiuta anche di rappresentare, si vergognerebbe anche un po&#8217;. <\/p>\n\n\n\n<p><\/p>\n","protected":false},"excerpt":{"rendered":"<p>di Giuseppe Crimaldi Signorina Claudia Lagona, detta &#8220;Levante&#8221;, ho letto che lei &#8211; ammesso dovesse pur vincere il festival di Sanremo &#8211; non prenderebbe parte all&#8217;Eurofestival perch\u00e9 vi partecipa anche Israele, e dunque incrociando sul palco una cantante o un cantante israeliano, non il primo ministro Netanyahu n\u00e9 uno dei suoi ministri e n\u00e9 il [&hellip;]<\/p>\n","protected":false},"author":4,"featured_media":5179,"comment_status":"closed","ping_status":"open","sticky":false,"template":"","format":"standard","meta":{"iawp_total_views":473,"footnotes":""},"categories":[33,5],"tags":[802,13,990],"class_list":["post-5178","post","type-post","status-publish","format-standard","has-post-thumbnail","hentry","category-approfondimenti","category-news","tag-eurofestival","tag-israele","tag-levante"],"yoast_head":"<!-- This site is optimized with the Yoast SEO plugin v27.5 - https:\/\/yoast.com\/product\/yoast-seo-wordpress\/ -->\r\n<title>Lettera a Levante, la cantante che odia Israele - Federazione Associazioni Italia Israele<\/title>\r\n<meta name=\"robots\" content=\"index, follow, max-snippet:-1, max-image-preview:large, max-video-preview:-1\" \/>\r\n<link rel=\"canonical\" href=\"https:\/\/www.italiaisraele.org\/?p=5178\" \/>\r\n<meta property=\"og:locale\" content=\"it_IT\" \/>\r\n<meta property=\"og:type\" content=\"article\" \/>\r\n<meta property=\"og:title\" content=\"Lettera a Levante, la cantante che odia Israele - Federazione Associazioni Italia Israele\" \/>\r\n<meta property=\"og:description\" content=\"di Giuseppe Crimaldi Signorina Claudia Lagona, detta &#8220;Levante&#8221;, ho letto che lei &#8211; ammesso dovesse pur vincere il festival di Sanremo &#8211; non prenderebbe parte all&#8217;Eurofestival perch\u00e9 vi partecipa anche Israele, e dunque incrociando sul palco una cantante o un cantante israeliano, non il primo ministro Netanyahu n\u00e9 uno dei suoi ministri e n\u00e9 il [&hellip;]\" \/>\r\n<meta property=\"og:url\" content=\"https:\/\/www.italiaisraele.org\/?p=5178\" \/>\r\n<meta property=\"og:site_name\" content=\"Federazione Associazioni Italia Israele\" \/>\r\n<meta property=\"article:publisher\" content=\"https:\/\/www.facebook.com\/Federazione.Associazioni.Italia.Israele\" \/>\r\n<meta property=\"article:published_time\" content=\"2026-01-26T15:34:16+00:00\" \/>\r\n<meta property=\"article:modified_time\" content=\"2026-01-26T17:03:59+00:00\" \/>\r\n<meta property=\"og:image\" content=\"https:\/\/www.italiaisraele.org\/wp-content\/uploads\/2026\/01\/Levante.jpg\" \/>\r\n\t<meta property=\"og:image:width\" content=\"600\" \/>\r\n\t<meta property=\"og:image:height\" content=\"381\" \/>\r\n\t<meta property=\"og:image:type\" content=\"image\/jpeg\" \/>\r\n<meta name=\"author\" content=\"Giuseppe Crimaldi\" \/>\r\n<meta name=\"twitter:card\" content=\"summary_large_image\" \/>\r\n<meta name=\"twitter:label1\" content=\"Scritto da\" \/>\n\t<meta name=\"twitter:data1\" content=\"Giuseppe Crimaldi\" \/>\n\t<meta name=\"twitter:label2\" content=\"Tempo di lettura stimato\" \/>\n\t<meta name=\"twitter:data2\" content=\"2 minuti\" \/>\r\n<script type=\"application\/ld+json\" class=\"yoast-schema-graph\">{\"@context\":\"https:\\\/\\\/schema.org\",\"@graph\":[{\"@type\":\"Article\",\"@id\":\"https:\\\/\\\/www.italiaisraele.org\\\/?p=5178#article\",\"isPartOf\":{\"@id\":\"https:\\\/\\\/www.italiaisraele.org\\\/?p=5178\"},\"author\":{\"name\":\"Giuseppe Crimaldi\",\"@id\":\"https:\\\/\\\/www.italiaisraele.org\\\/#\\\/schema\\\/person\\\/7784c17a23e6ef9cb737f3192f043fab\"},\"headline\":\"Lettera a Levante, la cantante che odia Israele\",\"datePublished\":\"2026-01-26T15:34:16+00:00\",\"dateModified\":\"2026-01-26T17:03:59+00:00\",\"mainEntityOfPage\":{\"@id\":\"https:\\\/\\\/www.italiaisraele.org\\\/?p=5178\"},\"wordCount\":342,\"publisher\":{\"@id\":\"https:\\\/\\\/www.italiaisraele.org\\\/#organization\"},\"image\":{\"@id\":\"https:\\\/\\\/www.italiaisraele.org\\\/?p=5178#primaryimage\"},\"thumbnailUrl\":\"https:\\\/\\\/www.italiaisraele.org\\\/wp-content\\\/uploads\\\/2026\\\/01\\\/Levante.jpg\",\"keywords\":[\"Eurofestival\",\"Israele\",\"Levante\"],\"articleSection\":[\"Approfondimenti\",\"News\"],\"inLanguage\":\"it-IT\"},{\"@type\":\"WebPage\",\"@id\":\"https:\\\/\\\/www.italiaisraele.org\\\/?p=5178\",\"url\":\"https:\\\/\\\/www.italiaisraele.org\\\/?p=5178\",\"name\":\"Lettera a Levante, la cantante che odia Israele - Federazione Associazioni Italia Israele\",\"isPartOf\":{\"@id\":\"https:\\\/\\\/www.italiaisraele.org\\\/#website\"},\"primaryImageOfPage\":{\"@id\":\"https:\\\/\\\/www.italiaisraele.org\\\/?p=5178#primaryimage\"},\"image\":{\"@id\":\"https:\\\/\\\/www.italiaisraele.org\\\/?p=5178#primaryimage\"},\"thumbnailUrl\":\"https:\\\/\\\/www.italiaisraele.org\\\/wp-content\\\/uploads\\\/2026\\\/01\\\/Levante.jpg\",\"datePublished\":\"2026-01-26T15:34:16+00:00\",\"dateModified\":\"2026-01-26T17:03:59+00:00\",\"breadcrumb\":{\"@id\":\"https:\\\/\\\/www.italiaisraele.org\\\/?p=5178#breadcrumb\"},\"inLanguage\":\"it-IT\",\"potentialAction\":[{\"@type\":\"ReadAction\",\"target\":[\"https:\\\/\\\/www.italiaisraele.org\\\/?p=5178\"]}]},{\"@type\":\"ImageObject\",\"inLanguage\":\"it-IT\",\"@id\":\"https:\\\/\\\/www.italiaisraele.org\\\/?p=5178#primaryimage\",\"url\":\"https:\\\/\\\/www.italiaisraele.org\\\/wp-content\\\/uploads\\\/2026\\\/01\\\/Levante.jpg\",\"contentUrl\":\"https:\\\/\\\/www.italiaisraele.org\\\/wp-content\\\/uploads\\\/2026\\\/01\\\/Levante.jpg\",\"width\":600,\"height\":381},{\"@type\":\"BreadcrumbList\",\"@id\":\"https:\\\/\\\/www.italiaisraele.org\\\/?p=5178#breadcrumb\",\"itemListElement\":[{\"@type\":\"ListItem\",\"position\":1,\"name\":\"Home\",\"item\":\"https:\\\/\\\/www.italiaisraele.org\\\/\"},{\"@type\":\"ListItem\",\"position\":2,\"name\":\"Lettera a Levante, la cantante che odia Israele\"}]},{\"@type\":\"WebSite\",\"@id\":\"https:\\\/\\\/www.italiaisraele.org\\\/#website\",\"url\":\"https:\\\/\\\/www.italiaisraele.org\\\/\",\"name\":\"News Italia - Israele\",\"description\":\"Italia Israele Today - Magazine\",\"publisher\":{\"@id\":\"https:\\\/\\\/www.italiaisraele.org\\\/#organization\"},\"potentialAction\":[{\"@type\":\"SearchAction\",\"target\":{\"@type\":\"EntryPoint\",\"urlTemplate\":\"https:\\\/\\\/www.italiaisraele.org\\\/?s={search_term_string}\"},\"query-input\":{\"@type\":\"PropertyValueSpecification\",\"valueRequired\":true,\"valueName\":\"search_term_string\"}}],\"inLanguage\":\"it-IT\"},{\"@type\":\"Organization\",\"@id\":\"https:\\\/\\\/www.italiaisraele.org\\\/#organization\",\"name\":\"News Italia - Israele\",\"url\":\"https:\\\/\\\/www.italiaisraele.org\\\/\",\"logo\":{\"@type\":\"ImageObject\",\"inLanguage\":\"it-IT\",\"@id\":\"https:\\\/\\\/www.italiaisraele.org\\\/#\\\/schema\\\/logo\\\/image\\\/\",\"url\":\"https:\\\/\\\/www.italiaisraele.org\\\/wp-content\\\/uploads\\\/2024\\\/02\\\/cropped-cropped-TESTATA-NEWS-2.jpg\",\"contentUrl\":\"https:\\\/\\\/www.italiaisraele.org\\\/wp-content\\\/uploads\\\/2024\\\/02\\\/cropped-cropped-TESTATA-NEWS-2.jpg\",\"width\":1918,\"height\":291,\"caption\":\"News Italia - Israele\"},\"image\":{\"@id\":\"https:\\\/\\\/www.italiaisraele.org\\\/#\\\/schema\\\/logo\\\/image\\\/\"},\"sameAs\":[\"https:\\\/\\\/www.facebook.com\\\/Federazione.Associazioni.Italia.Israele\"]},{\"@type\":\"Person\",\"@id\":\"https:\\\/\\\/www.italiaisraele.org\\\/#\\\/schema\\\/person\\\/7784c17a23e6ef9cb737f3192f043fab\",\"name\":\"Giuseppe Crimaldi\",\"image\":{\"@type\":\"ImageObject\",\"inLanguage\":\"it-IT\",\"@id\":\"https:\\\/\\\/secure.gravatar.com\\\/avatar\\\/a6ddf67481d5d5efef9847e6f4c99a77e7129e93382ea6de1e9ea96b8deec707?s=96&d=mm&r=g\",\"url\":\"https:\\\/\\\/secure.gravatar.com\\\/avatar\\\/a6ddf67481d5d5efef9847e6f4c99a77e7129e93382ea6de1e9ea96b8deec707?s=96&d=mm&r=g\",\"contentUrl\":\"https:\\\/\\\/secure.gravatar.com\\\/avatar\\\/a6ddf67481d5d5efef9847e6f4c99a77e7129e93382ea6de1e9ea96b8deec707?s=96&d=mm&r=g\",\"caption\":\"Giuseppe Crimaldi\"},\"url\":\"https:\\\/\\\/www.italiaisraele.org\\\/?author=4\"}]}<\/script>\r\n<!-- \/ Yoast SEO plugin. -->","yoast_head_json":{"title":"Lettera a Levante, la cantante che odia Israele - Federazione Associazioni Italia Israele","robots":{"index":"index","follow":"follow","max-snippet":"max-snippet:-1","max-image-preview":"max-image-preview:large","max-video-preview":"max-video-preview:-1"},"canonical":"https:\/\/www.italiaisraele.org\/?p=5178","og_locale":"it_IT","og_type":"article","og_title":"Lettera a Levante, la cantante che odia Israele - Federazione Associazioni Italia Israele","og_description":"di Giuseppe Crimaldi Signorina Claudia Lagona, detta &#8220;Levante&#8221;, ho letto che lei &#8211; ammesso dovesse pur vincere il festival di Sanremo &#8211; non prenderebbe parte all&#8217;Eurofestival perch\u00e9 vi partecipa anche Israele, e dunque incrociando sul palco una cantante o un cantante israeliano, non il primo ministro Netanyahu n\u00e9 uno dei suoi ministri e n\u00e9 il [&hellip;]","og_url":"https:\/\/www.italiaisraele.org\/?p=5178","og_site_name":"Federazione Associazioni Italia Israele","article_publisher":"https:\/\/www.facebook.com\/Federazione.Associazioni.Italia.Israele","article_published_time":"2026-01-26T15:34:16+00:00","article_modified_time":"2026-01-26T17:03:59+00:00","og_image":[{"width":600,"height":381,"url":"https:\/\/www.italiaisraele.org\/wp-content\/uploads\/2026\/01\/Levante.jpg","type":"image\/jpeg"}],"author":"Giuseppe Crimaldi","twitter_card":"summary_large_image","twitter_misc":{"Scritto da":"Giuseppe Crimaldi","Tempo di lettura stimato":"2 minuti"},"schema":{"@context":"https:\/\/schema.org","@graph":[{"@type":"Article","@id":"https:\/\/www.italiaisraele.org\/?p=5178#article","isPartOf":{"@id":"https:\/\/www.italiaisraele.org\/?p=5178"},"author":{"name":"Giuseppe Crimaldi","@id":"https:\/\/www.italiaisraele.org\/#\/schema\/person\/7784c17a23e6ef9cb737f3192f043fab"},"headline":"Lettera a Levante, la cantante che odia Israele","datePublished":"2026-01-26T15:34:16+00:00","dateModified":"2026-01-26T17:03:59+00:00","mainEntityOfPage":{"@id":"https:\/\/www.italiaisraele.org\/?p=5178"},"wordCount":342,"publisher":{"@id":"https:\/\/www.italiaisraele.org\/#organization"},"image":{"@id":"https:\/\/www.italiaisraele.org\/?p=5178#primaryimage"},"thumbnailUrl":"https:\/\/www.italiaisraele.org\/wp-content\/uploads\/2026\/01\/Levante.jpg","keywords":["Eurofestival","Israele","Levante"],"articleSection":["Approfondimenti","News"],"inLanguage":"it-IT"},{"@type":"WebPage","@id":"https:\/\/www.italiaisraele.org\/?p=5178","url":"https:\/\/www.italiaisraele.org\/?p=5178","name":"Lettera a Levante, la cantante che odia Israele - Federazione Associazioni Italia Israele","isPartOf":{"@id":"https:\/\/www.italiaisraele.org\/#website"},"primaryImageOfPage":{"@id":"https:\/\/www.italiaisraele.org\/?p=5178#primaryimage"},"image":{"@id":"https:\/\/www.italiaisraele.org\/?p=5178#primaryimage"},"thumbnailUrl":"https:\/\/www.italiaisraele.org\/wp-content\/uploads\/2026\/01\/Levante.jpg","datePublished":"2026-01-26T15:34:16+00:00","dateModified":"2026-01-26T17:03:59+00:00","breadcrumb":{"@id":"https:\/\/www.italiaisraele.org\/?p=5178#breadcrumb"},"inLanguage":"it-IT","potentialAction":[{"@type":"ReadAction","target":["https:\/\/www.italiaisraele.org\/?p=5178"]}]},{"@type":"ImageObject","inLanguage":"it-IT","@id":"https:\/\/www.italiaisraele.org\/?p=5178#primaryimage","url":"https:\/\/www.italiaisraele.org\/wp-content\/uploads\/2026\/01\/Levante.jpg","contentUrl":"https:\/\/www.italiaisraele.org\/wp-content\/uploads\/2026\/01\/Levante.jpg","width":600,"height":381},{"@type":"BreadcrumbList","@id":"https:\/\/www.italiaisraele.org\/?p=5178#breadcrumb","itemListElement":[{"@type":"ListItem","position":1,"name":"Home","item":"https:\/\/www.italiaisraele.org\/"},{"@type":"ListItem","position":2,"name":"Lettera a Levante, la cantante che odia Israele"}]},{"@type":"WebSite","@id":"https:\/\/www.italiaisraele.org\/#website","url":"https:\/\/www.italiaisraele.org\/","name":"News Italia - Israele","description":"Italia Israele Today - Magazine","publisher":{"@id":"https:\/\/www.italiaisraele.org\/#organization"},"potentialAction":[{"@type":"SearchAction","target":{"@type":"EntryPoint","urlTemplate":"https:\/\/www.italiaisraele.org\/?s={search_term_string}"},"query-input":{"@type":"PropertyValueSpecification","valueRequired":true,"valueName":"search_term_string"}}],"inLanguage":"it-IT"},{"@type":"Organization","@id":"https:\/\/www.italiaisraele.org\/#organization","name":"News Italia - Israele","url":"https:\/\/www.italiaisraele.org\/","logo":{"@type":"ImageObject","inLanguage":"it-IT","@id":"https:\/\/www.italiaisraele.org\/#\/schema\/logo\/image\/","url":"https:\/\/www.italiaisraele.org\/wp-content\/uploads\/2024\/02\/cropped-cropped-TESTATA-NEWS-2.jpg","contentUrl":"https:\/\/www.italiaisraele.org\/wp-content\/uploads\/2024\/02\/cropped-cropped-TESTATA-NEWS-2.jpg","width":1918,"height":291,"caption":"News Italia - Israele"},"image":{"@id":"https:\/\/www.italiaisraele.org\/#\/schema\/logo\/image\/"},"sameAs":["https:\/\/www.facebook.com\/Federazione.Associazioni.Italia.Israele"]},{"@type":"Person","@id":"https:\/\/www.italiaisraele.org\/#\/schema\/person\/7784c17a23e6ef9cb737f3192f043fab","name":"Giuseppe Crimaldi","image":{"@type":"ImageObject","inLanguage":"it-IT","@id":"https:\/\/secure.gravatar.com\/avatar\/a6ddf67481d5d5efef9847e6f4c99a77e7129e93382ea6de1e9ea96b8deec707?s=96&d=mm&r=g","url":"https:\/\/secure.gravatar.com\/avatar\/a6ddf67481d5d5efef9847e6f4c99a77e7129e93382ea6de1e9ea96b8deec707?s=96&d=mm&r=g","contentUrl":"https:\/\/secure.gravatar.com\/avatar\/a6ddf67481d5d5efef9847e6f4c99a77e7129e93382ea6de1e9ea96b8deec707?s=96&d=mm&r=g","caption":"Giuseppe Crimaldi"},"url":"https:\/\/www.italiaisraele.org\/?author=4"}]}},"_links":{"self":[{"href":"https:\/\/www.italiaisraele.org\/index.php?rest_route=\/wp\/v2\/posts\/5178","targetHints":{"allow":["GET"]}}],"collection":[{"href":"https:\/\/www.italiaisraele.org\/index.php?rest_route=\/wp\/v2\/posts"}],"about":[{"href":"https:\/\/www.italiaisraele.org\/index.php?rest_route=\/wp\/v2\/types\/post"}],"author":[{"embeddable":true,"href":"https:\/\/www.italiaisraele.org\/index.php?rest_route=\/wp\/v2\/users\/4"}],"replies":[{"embeddable":true,"href":"https:\/\/www.italiaisraele.org\/index.php?rest_route=%2Fwp%2Fv2%2Fcomments&post=5178"}],"version-history":[{"count":0,"href":"https:\/\/www.italiaisraele.org\/index.php?rest_route=\/wp\/v2\/posts\/5178\/revisions"}],"wp:featuredmedia":[{"embeddable":true,"href":"https:\/\/www.italiaisraele.org\/index.php?rest_route=\/wp\/v2\/media\/5179"}],"wp:attachment":[{"href":"https:\/\/www.italiaisraele.org\/index.php?rest_route=%2Fwp%2Fv2%2Fmedia&parent=5178"}],"wp:term":[{"taxonomy":"category","embeddable":true,"href":"https:\/\/www.italiaisraele.org\/index.php?rest_route=%2Fwp%2Fv2%2Fcategories&post=5178"},{"taxonomy":"post_tag","embeddable":true,"href":"https:\/\/www.italiaisraele.org\/index.php?rest_route=%2Fwp%2Fv2%2Ftags&post=5178"}],"curies":[{"name":"wp","href":"https:\/\/api.w.org\/{rel}","templated":true}]}}