{"id":517,"date":"2024-03-13T22:09:07","date_gmt":"2024-03-13T21:09:07","guid":{"rendered":"https:\/\/www.italiaisraele.org\/?p=517"},"modified":"2024-03-18T16:02:03","modified_gmt":"2024-03-18T15:02:03","slug":"filoterrorismo-di-massa-e-il-mantra-antebraico","status":"publish","type":"post","link":"https:\/\/www.italiaisraele.org\/?p=517","title":{"rendered":"Filoterrorismo di massa e il mantra antebraico"},"content":{"rendered":"\n<p>di <strong>Antonio Cardellicchio<\/strong><\/p>\n\n\n\n<p>Siamo immersi nel diluvio universale di un antisemitismo violento e tossico, fatto di aggressioni, espulsioni, caccia agli Ebrei, di invocazioni isteriche di nuove Auschwitz, di auspicio del completamento dell\u2019opera hitleriana, di sostegno entusiasta ai nazisti islamici che vogliono lo sterminio degli Ebrei e l\u2019attacco all\u2019Occidente. In questo tempo buio e tempestoso, sotto il paravento dell\u2019ostilit\u00e0 a Israele, si tenta di nascondere un\u2019azione contro gli ebrei, per isolarli, assediarli, sterminarli. Lo ricorda, in uno dei rari casi di serio giornalismo d\u2019inchiesta, opposto all\u2019oceano di mega-menzogne pianificate, Goffredo Buccini (Corriere della Sera, 10 marzo) sull\u2019antisemitismo in atto:<\/p>\n\n\n\n<p>\u201cL\u2019antisemitismo sta diventando \u2018cool\u2019. Le agenzie di sicurezza ebraica che monitorano il fenomeno hanno rilevato come, fra il giorno del pogrom e la fine di dicembre, gli episodi in tutto il mondo siano aumentati \u2018di sei volte rispetto ai nove mesi precedenti del 2023\u2019. La Germania, con ventinove atti di antisemitismo al giorno, l\u2019Inghilterra, col 60% di ebrei britannici bersaglio di insulti o attacchi, e la Francia, con un aumento del 430% tra gli ebrei francesi inclini a espatriare per paura\u2026 Ma nei campus americani, dove le rettrici suggerivano di \u2018contestualizzare\u2019 l\u2019antisemitismo, gli episodi di intolleranza sono aumentati addirittura del 700%.\u201d<\/p>\n\n\n\n<p>L\u2019analisi degli eventi prova che non si tratta di una reazione alla necessaria autodifesa ebraica nella Striscia di Gaza, per smantellare l\u2019inferno sotterraneo dell\u2019apparato di guerra dei nazisti islamici, costruito per sterminare gli Ebrei e schiavizzare i palestinesi del posto. Perch\u00e9, gi\u00e0 il giorno dopo il 7 ottobre, le piazze paranoiche, composte da immigrati islamici, neonazisti ed estrema sinistra, urlavano con odio infinito \u201cGas agli Ebrei! Completiamo l\u2019opera di Hitler!\u201d.<\/p>\n\n\n\n<p>Ora siamo arrivati a una nuova Notte dei Cristalli. Squadrismo contro presentazioni di libri ebraici, assalti contro esponenti moderati, equidistanti e pacifisti, tutti bollati come \u201csporchi sionisti\u201d, caccia agli Ebrei nelle pi\u00f9 prestigiose universit\u00e0, famiglie ebree, soprattutto in Francia, che ritirano i loro figli dalle scuole pubbliche. I tribunali popolari dell\u2019odio hanno emesso nuove leggi razziali, in continuit\u00e0 con le leggi di Norimberga e quelle razziali di Mussolini. I sistemi di Hitler e Mussolini hanno creato il crimine di esistere per il popolo ebraico, i nazisti islamici del nostro tempo hanno creato il crimine di esistere per il popolo e lo Stato ebraici.<\/p>\n\n\n\n<figure class=\"wp-block-image size-large\"><img loading=\"lazy\" decoding=\"async\" width=\"1024\" height=\"575\" src=\"https:\/\/www.italiaisraele.org\/wp-content\/uploads\/2024\/03\/antisemitismo_interno-1024x575.jpg\" alt=\"\" class=\"wp-image-519\" srcset=\"https:\/\/www.italiaisraele.org\/wp-content\/uploads\/2024\/03\/antisemitismo_interno-1024x575.jpg 1024w, https:\/\/www.italiaisraele.org\/wp-content\/uploads\/2024\/03\/antisemitismo_interno-300x168.jpg 300w, https:\/\/www.italiaisraele.org\/wp-content\/uploads\/2024\/03\/antisemitismo_interno-768x432.jpg 768w, https:\/\/www.italiaisraele.org\/wp-content\/uploads\/2024\/03\/antisemitismo_interno-1160x653.jpg 1160w, https:\/\/www.italiaisraele.org\/wp-content\/uploads\/2024\/03\/antisemitismo_interno-600x337.jpg 600w, https:\/\/www.italiaisraele.org\/wp-content\/uploads\/2024\/03\/antisemitismo_interno.jpg 1400w\" sizes=\"auto, (max-width: 1024px) 100vw, 1024px\" \/><\/figure>\n\n\n\n<p>Si \u00e8 espresso apertamente, nella prima ondata della piazza, senza distinguo, l\u2019entusiasmo di odio e morte nella strage di Hamas, il carattere belluino di estrema e illimitata violenza genocida, il sadismo esibito. Oltre la continuit\u00e0 con la pianificazione di morte del nazionalsocialismo storico, una nuova e pi\u00f9 selvaggia manifestazione con persone squartate, sgozzate, stuprate, arrostite, decapitate.<br>Si \u00e8 scatenata la guerra psicologica martellante di Hamas, Jihad, Hezbollah, Iran, Al Jazeera, finanziata da un fiume di petrodollari degli sceicchi e dei regimi totalitari, con una industria della menzogna passivamente ripresa dai media, con fatti ribaltati, cifre tutte false. <\/p>\n\n\n\n<p>\u201cI risultati li abbiamo sotto gli occhi &#8211; riconosce Buccini &#8211; prendere la parola in pubblico, per un ebreo o un israeliano, o solo ricordare le ragioni di Israele, \u00e8 diventato difficile quando non pericoloso nelle nostre citt\u00e0.\u201d Io che scrivo ho evitato minacce, perch\u00e9 costretto a stare a casa per complicazioni post-operatorie. Eppure, per aver partecipato via Zoom a un forum giovanile nella regione Campania nel Giorno della Memoria, l\u2019organizzatore mi ha detto di essere stato minacciato per avermi invitato in quanto voce ebraica, e mi ha scritto: \u201cLei non ha idea di quanto odio crescente ci sia nei vostri confronti\u201d.<\/p>\n\n\n\n<p>Una miscela esplosiva di crescente odio e morte. Israele continua a essere, anche in questi giorni terribili, paese-rifugio per gli ebrei perseguitati. Niente pi\u00f9 di questo fatto evidenzia l\u2019estremismo pericoloso della realt\u00e0 antisemita in atto. Nessun ebreo si salva, dall\u2019ebreo sostenitore del governo in carica alla sinistra pacifista avversaria di Netanyahu (\u201ccui appartengono &#8211; ricorda Buccini &#8211; quasi tutte le vittime del 7 ottobre\u201d). Cos\u00ec conclude Buccini : \u201cNon c\u2019\u00e8 ebreo che non senta sulla pelle oggi il peso delle tre D, con cui Nathan Sharansky definiva gi\u00e0 venti anni fa la formula del nuovo e antico odio antisemita: demonizzazione, delegittimazione, doppio standard.\u201d<\/p>\n\n\n\n<p>Allarmante orrenda l\u2019espansione di un antisemitismo aggressivo in Germania. Henryk Broder, intellettuale ebreo di origine polacca, uno dei pi\u00f9 brillanti polemisti commentatori in Germania, ha citato Adorno: \u201cIsraele \u00e8 l\u2019ebreo tra gli stati.\u201d E ha detto: \u201cC\u2019\u00e8 sempre un pretesto per scagliarsi contro gli ebrei, ma questa violenza contro Israele \u00e8 nuova. Oggi fa chic, \u00e8 rivoluzionario stare con i palestinesi, ci sono massacri spaventosi della popolazione in Yemen, in Siria, contro i palestinesi e anche gli ebrei \u2018al cui confronto Gaza \u00e8 una \u2018bagatella\u2019, ma non gliene frega niente a nessuno, penso che in fondo anche della sofferenza dei palestinesi non importi niente, interessa solo prendersela con gli ebrei e ora \u00e8 stato trovato il pretesto\u2019 : la realt\u00e0 \u00e8 che \u2018sono Judenhasser\u2019, odiano gli ebrei.\u201d (Il Foglio, 11 marzo)<\/p>\n\n\n\n<p>La Germania, il paese che era riuscito a fare la pace con Israele e aveva avuto una generazione con una certa prevalenza di senso di colpa, ora precipita nel fango antisemita.<br>Dice Broder: \u201cPenso che la maggioranza dei tedeschi abbia imparato dalla storia, ma non le \u00e9lite intellettuali. August Bebel, cofondatore della socialdemocrazia, diceva che l\u2019antisemitismo \u00e8 \u2018il socialismo dei cretini\u2019, ci sono sempre state \u00e9lites antisemite, nella monarchia, nella Repubblica di Weimar, lo stesso Karl Marx, e oggi sono quelle intellettuali. Purtroppo non esiste una ricetta, forse l\u2019odio contro gli ebrei \u00e8 ereditario. L\u2019Olocausto ha preso i tedeschi alla gola, non riescono a liberarsene, e il solo modo \u00e8 una nuova persecuzione: l\u2019Olocausto pu\u00f2 scomparire solo con la prossima catastrofe antisemita nel mondo libero.\u201d<\/p>\n\n\n\n<p>Broder dice che questo virus non si combatte con misure amministrative: \u201cProponendo pi\u00f9 educazione, prevenzione, ma non serve, non si capisce che l\u2019antisemitismo \u00e8 una vera passione, forse \u00e8 impossibile combatterlo con misure di contrasto, ma solo con la repressione.\u201d<\/p>\n\n\n\n<p>La Germania, terra della pianificazione e realizzazione della Shoah, centro del potere nazionalsocialista e sede della conferenza di Wansee, che deliber\u00f2 \u201cla Soluzione Finale della Questione Ebraica\u201d, \u00e8 sconvolta da questa ondata antisemita violenta dopo il 7 ottobre, che acquista un colore particolarmente inquietante e pericoloso, preoccupa la classe politica che tenta invano di arginarlo con atti burocratici.<br>Bandiere di Israele bruciate, piazze con slogan di odio antiebraico, aule universitarie occupate che diventano tribune di violenza verbale antisemita, attentati a istituzioni ebraiche (a partire da una sinagoga a Berlino), stelle di David e scritte \u201cJuden\u201d su case e negozi di ebrei, aggressioni per strada agli ebrei (grave il caso di uno studente ebreo della Freie Universit\u00e4t, pestato a sangue in pieno giorno in una piazza del centro da un coetaneo di origine araba \u00e8 finito in pessime condizioni in ospedale).<br>L\u2019incaricato del governo federale per l\u2019antisemitismo, Felix Klein, ha detto che dopo il massacro del 7 ottobre sono stati registrati in Germania 2.250 reati antisemiti. La cosa peggiore \u00e8 che trovano un rilievo marginale o nullo nei media tedeschi.<br><br>Secondo il presidente del Consiglio Centrale degli Ebrei in Germania, Joseph Schuster, il totale degli atti antisemiti \u00e8 molto superiore ai dati ufficiali. \u00c8 molto diffusa l\u2019adesione alla frase: \u201cCi\u00f2 che fa oggi lo Stato di Israele con i palestinesi \u00e8 in linea di principio la stessa cosa che hanno fatto i nazisti nel Terzo Reich con gli ebrei.\u201d Gli ebrei tedeschi non si sentono pi\u00f9 sicuri e pensano di emigrare. La vastit\u00e0 e intensit\u00e0 dell\u2019odio antiebraico fa risaltare ancora di pi\u00f9 la luce intensa della qualit\u00e0 della democrazia israeliana, assediata e minacciata di eliminazione; il rinnovamento del legame indissolubile tra gli ebrei di Israele e gli ebrei della Diaspora; la straordinaria persistenza della civilt\u00e0 ebraica che tanto ha dato al mondo in termini di etica, cultura, arte, scienza, innovazione, cultura di pace e cooperazione.<br>Ma la tragedia in atto \u00e8 la volont\u00e0 e l\u2019azione criminali per cancellare gli ebrei, proprio per la loro qualit\u00e0. Per un mondo vile, conformista, carico di odio e risentimento che tradisce la democrazia, che \u00e8 filo-terrorista, che subisce l\u2019offensiva totalitaria, l\u2019esemplarit\u00e0 ebraica \u00e8 troppo scomoda, troppo diversa, troppo \u201caltra\u201d. Da qui un\u2019ideologia nefasta che con odio vuole la morte ebraica, a partire dall\u2019 inversione di oppressori e oppressi, colonizzatori e colonizzati, vero e falso, giusto e ingiusto.<\/p>\n","protected":false},"excerpt":{"rendered":"<p>di Antonio Cardellicchio Siamo immersi nel diluvio universale di un antisemitismo violento e tossico, fatto di aggressioni, espulsioni, caccia agli Ebrei, di invocazioni isteriche di nuove Auschwitz, di auspicio del completamento dell\u2019opera hitleriana, di sostegno entusiasta ai nazisti islamici che vogliono lo sterminio degli Ebrei e l\u2019attacco all\u2019Occidente. In questo tempo buio e tempestoso, sotto [&hellip;]<\/p>\n","protected":false},"author":2,"featured_media":521,"comment_status":"open","ping_status":"closed","sticky":false,"template":"","format":"standard","meta":{"iawp_total_views":25,"footnotes":""},"categories":[33],"tags":[40,13,37],"class_list":["post-517","post","type-post","status-publish","format-standard","has-post-thumbnail","hentry","category-approfondimenti","tag-antisemitismo","tag-israele","tag-terrorismo"],"yoast_head":"<!-- This site is optimized with the Yoast SEO plugin v27.5 - https:\/\/yoast.com\/product\/yoast-seo-wordpress\/ -->\r\n<title>Filoterrorismo di massa e il mantra antebraico - Federazione Associazioni Italia Israele<\/title>\r\n<meta name=\"robots\" content=\"index, follow, max-snippet:-1, max-image-preview:large, max-video-preview:-1\" \/>\r\n<link rel=\"canonical\" href=\"https:\/\/www.italiaisraele.org\/?p=517\" \/>\r\n<meta property=\"og:locale\" content=\"it_IT\" \/>\r\n<meta property=\"og:type\" content=\"article\" \/>\r\n<meta property=\"og:title\" content=\"Filoterrorismo di massa e il mantra antebraico - Federazione Associazioni Italia Israele\" \/>\r\n<meta property=\"og:description\" content=\"di Antonio Cardellicchio Siamo immersi nel diluvio universale di un antisemitismo violento e tossico, fatto di aggressioni, espulsioni, caccia agli Ebrei, di invocazioni isteriche di nuove Auschwitz, di auspicio del completamento dell\u2019opera hitleriana, di sostegno entusiasta ai nazisti islamici che vogliono lo sterminio degli Ebrei e l\u2019attacco all\u2019Occidente. In questo tempo buio e tempestoso, sotto [&hellip;]\" \/>\r\n<meta property=\"og:url\" content=\"https:\/\/www.italiaisraele.org\/?p=517\" \/>\r\n<meta property=\"og:site_name\" content=\"Federazione Associazioni Italia Israele\" \/>\r\n<meta property=\"article:publisher\" content=\"https:\/\/www.facebook.com\/Federazione.Associazioni.Italia.Israele\" \/>\r\n<meta property=\"article:published_time\" content=\"2024-03-13T21:09:07+00:00\" \/>\r\n<meta property=\"article:modified_time\" content=\"2024-03-18T15:02:03+00:00\" \/>\r\n<meta property=\"og:image\" content=\"https:\/\/www.italiaisraele.org\/wp-content\/uploads\/2024\/03\/keep-clean.jpg\" \/>\r\n\t<meta property=\"og:image:width\" content=\"1047\" \/>\r\n\t<meta property=\"og:image:height\" content=\"662\" \/>\r\n\t<meta property=\"og:image:type\" content=\"image\/jpeg\" \/>\r\n<meta name=\"author\" content=\"Redazione\" \/>\r\n<meta name=\"twitter:card\" content=\"summary_large_image\" \/>\r\n<meta name=\"twitter:label1\" content=\"Scritto da\" \/>\n\t<meta name=\"twitter:data1\" content=\"Redazione\" \/>\n\t<meta name=\"twitter:label2\" content=\"Tempo di lettura stimato\" \/>\n\t<meta name=\"twitter:data2\" content=\"8 minuti\" \/>\r\n<script type=\"application\/ld+json\" class=\"yoast-schema-graph\">{\"@context\":\"https:\\\/\\\/schema.org\",\"@graph\":[{\"@type\":\"Article\",\"@id\":\"https:\\\/\\\/www.italiaisraele.org\\\/?p=517#article\",\"isPartOf\":{\"@id\":\"https:\\\/\\\/www.italiaisraele.org\\\/?p=517\"},\"author\":{\"name\":\"Redazione\",\"@id\":\"https:\\\/\\\/www.italiaisraele.org\\\/#\\\/schema\\\/person\\\/a58663d7e92468eb3e7d158e016946cd\"},\"headline\":\"Filoterrorismo di massa e il mantra antebraico\",\"datePublished\":\"2024-03-13T21:09:07+00:00\",\"dateModified\":\"2024-03-18T15:02:03+00:00\",\"mainEntityOfPage\":{\"@id\":\"https:\\\/\\\/www.italiaisraele.org\\\/?p=517\"},\"wordCount\":1369,\"commentCount\":0,\"publisher\":{\"@id\":\"https:\\\/\\\/www.italiaisraele.org\\\/#organization\"},\"image\":{\"@id\":\"https:\\\/\\\/www.italiaisraele.org\\\/?p=517#primaryimage\"},\"thumbnailUrl\":\"https:\\\/\\\/www.italiaisraele.org\\\/wp-content\\\/uploads\\\/2024\\\/03\\\/keep-clean.jpg\",\"keywords\":[\"Antisemitismo\",\"Israele\",\"terrorismo\"],\"articleSection\":[\"Approfondimenti\"],\"inLanguage\":\"it-IT\",\"potentialAction\":[{\"@type\":\"CommentAction\",\"name\":\"Comment\",\"target\":[\"https:\\\/\\\/www.italiaisraele.org\\\/?p=517#respond\"]}]},{\"@type\":\"WebPage\",\"@id\":\"https:\\\/\\\/www.italiaisraele.org\\\/?p=517\",\"url\":\"https:\\\/\\\/www.italiaisraele.org\\\/?p=517\",\"name\":\"Filoterrorismo di massa e il mantra antebraico - Federazione Associazioni Italia Israele\",\"isPartOf\":{\"@id\":\"https:\\\/\\\/www.italiaisraele.org\\\/#website\"},\"primaryImageOfPage\":{\"@id\":\"https:\\\/\\\/www.italiaisraele.org\\\/?p=517#primaryimage\"},\"image\":{\"@id\":\"https:\\\/\\\/www.italiaisraele.org\\\/?p=517#primaryimage\"},\"thumbnailUrl\":\"https:\\\/\\\/www.italiaisraele.org\\\/wp-content\\\/uploads\\\/2024\\\/03\\\/keep-clean.jpg\",\"datePublished\":\"2024-03-13T21:09:07+00:00\",\"dateModified\":\"2024-03-18T15:02:03+00:00\",\"breadcrumb\":{\"@id\":\"https:\\\/\\\/www.italiaisraele.org\\\/?p=517#breadcrumb\"},\"inLanguage\":\"it-IT\",\"potentialAction\":[{\"@type\":\"ReadAction\",\"target\":[\"https:\\\/\\\/www.italiaisraele.org\\\/?p=517\"]}]},{\"@type\":\"ImageObject\",\"inLanguage\":\"it-IT\",\"@id\":\"https:\\\/\\\/www.italiaisraele.org\\\/?p=517#primaryimage\",\"url\":\"https:\\\/\\\/www.italiaisraele.org\\\/wp-content\\\/uploads\\\/2024\\\/03\\\/keep-clean.jpg\",\"contentUrl\":\"https:\\\/\\\/www.italiaisraele.org\\\/wp-content\\\/uploads\\\/2024\\\/03\\\/keep-clean.jpg\",\"width\":1047,\"height\":662},{\"@type\":\"BreadcrumbList\",\"@id\":\"https:\\\/\\\/www.italiaisraele.org\\\/?p=517#breadcrumb\",\"itemListElement\":[{\"@type\":\"ListItem\",\"position\":1,\"name\":\"Home\",\"item\":\"https:\\\/\\\/www.italiaisraele.org\\\/\"},{\"@type\":\"ListItem\",\"position\":2,\"name\":\"Filoterrorismo di massa e il mantra antebraico\"}]},{\"@type\":\"WebSite\",\"@id\":\"https:\\\/\\\/www.italiaisraele.org\\\/#website\",\"url\":\"https:\\\/\\\/www.italiaisraele.org\\\/\",\"name\":\"News Italia - Israele\",\"description\":\"Italia Israele Today - Magazine\",\"publisher\":{\"@id\":\"https:\\\/\\\/www.italiaisraele.org\\\/#organization\"},\"potentialAction\":[{\"@type\":\"SearchAction\",\"target\":{\"@type\":\"EntryPoint\",\"urlTemplate\":\"https:\\\/\\\/www.italiaisraele.org\\\/?s={search_term_string}\"},\"query-input\":{\"@type\":\"PropertyValueSpecification\",\"valueRequired\":true,\"valueName\":\"search_term_string\"}}],\"inLanguage\":\"it-IT\"},{\"@type\":\"Organization\",\"@id\":\"https:\\\/\\\/www.italiaisraele.org\\\/#organization\",\"name\":\"News Italia - Israele\",\"url\":\"https:\\\/\\\/www.italiaisraele.org\\\/\",\"logo\":{\"@type\":\"ImageObject\",\"inLanguage\":\"it-IT\",\"@id\":\"https:\\\/\\\/www.italiaisraele.org\\\/#\\\/schema\\\/logo\\\/image\\\/\",\"url\":\"https:\\\/\\\/www.italiaisraele.org\\\/wp-content\\\/uploads\\\/2024\\\/02\\\/cropped-cropped-TESTATA-NEWS-2.jpg\",\"contentUrl\":\"https:\\\/\\\/www.italiaisraele.org\\\/wp-content\\\/uploads\\\/2024\\\/02\\\/cropped-cropped-TESTATA-NEWS-2.jpg\",\"width\":1918,\"height\":291,\"caption\":\"News Italia - Israele\"},\"image\":{\"@id\":\"https:\\\/\\\/www.italiaisraele.org\\\/#\\\/schema\\\/logo\\\/image\\\/\"},\"sameAs\":[\"https:\\\/\\\/www.facebook.com\\\/Federazione.Associazioni.Italia.Israele\"]},{\"@type\":\"Person\",\"@id\":\"https:\\\/\\\/www.italiaisraele.org\\\/#\\\/schema\\\/person\\\/a58663d7e92468eb3e7d158e016946cd\",\"name\":\"Redazione\",\"image\":{\"@type\":\"ImageObject\",\"inLanguage\":\"it-IT\",\"@id\":\"https:\\\/\\\/secure.gravatar.com\\\/avatar\\\/fe11715b332cc423bb3991a005da4d50b44647eec21b11abddd059d3deafc450?s=96&d=mm&r=g\",\"url\":\"https:\\\/\\\/secure.gravatar.com\\\/avatar\\\/fe11715b332cc423bb3991a005da4d50b44647eec21b11abddd059d3deafc450?s=96&d=mm&r=g\",\"contentUrl\":\"https:\\\/\\\/secure.gravatar.com\\\/avatar\\\/fe11715b332cc423bb3991a005da4d50b44647eec21b11abddd059d3deafc450?s=96&d=mm&r=g\",\"caption\":\"Redazione\"},\"url\":\"https:\\\/\\\/www.italiaisraele.org\\\/?author=2\"}]}<\/script>\r\n<!-- \/ Yoast SEO plugin. -->","yoast_head_json":{"title":"Filoterrorismo di massa e il mantra antebraico - Federazione Associazioni Italia Israele","robots":{"index":"index","follow":"follow","max-snippet":"max-snippet:-1","max-image-preview":"max-image-preview:large","max-video-preview":"max-video-preview:-1"},"canonical":"https:\/\/www.italiaisraele.org\/?p=517","og_locale":"it_IT","og_type":"article","og_title":"Filoterrorismo di massa e il mantra antebraico - Federazione Associazioni Italia Israele","og_description":"di Antonio Cardellicchio Siamo immersi nel diluvio universale di un antisemitismo violento e tossico, fatto di aggressioni, espulsioni, caccia agli Ebrei, di invocazioni isteriche di nuove Auschwitz, di auspicio del completamento dell\u2019opera hitleriana, di sostegno entusiasta ai nazisti islamici che vogliono lo sterminio degli Ebrei e l\u2019attacco all\u2019Occidente. In questo tempo buio e tempestoso, sotto [&hellip;]","og_url":"https:\/\/www.italiaisraele.org\/?p=517","og_site_name":"Federazione Associazioni Italia Israele","article_publisher":"https:\/\/www.facebook.com\/Federazione.Associazioni.Italia.Israele","article_published_time":"2024-03-13T21:09:07+00:00","article_modified_time":"2024-03-18T15:02:03+00:00","og_image":[{"width":1047,"height":662,"url":"https:\/\/www.italiaisraele.org\/wp-content\/uploads\/2024\/03\/keep-clean.jpg","type":"image\/jpeg"}],"author":"Redazione","twitter_card":"summary_large_image","twitter_misc":{"Scritto da":"Redazione","Tempo di lettura stimato":"8 minuti"},"schema":{"@context":"https:\/\/schema.org","@graph":[{"@type":"Article","@id":"https:\/\/www.italiaisraele.org\/?p=517#article","isPartOf":{"@id":"https:\/\/www.italiaisraele.org\/?p=517"},"author":{"name":"Redazione","@id":"https:\/\/www.italiaisraele.org\/#\/schema\/person\/a58663d7e92468eb3e7d158e016946cd"},"headline":"Filoterrorismo di massa e il mantra antebraico","datePublished":"2024-03-13T21:09:07+00:00","dateModified":"2024-03-18T15:02:03+00:00","mainEntityOfPage":{"@id":"https:\/\/www.italiaisraele.org\/?p=517"},"wordCount":1369,"commentCount":0,"publisher":{"@id":"https:\/\/www.italiaisraele.org\/#organization"},"image":{"@id":"https:\/\/www.italiaisraele.org\/?p=517#primaryimage"},"thumbnailUrl":"https:\/\/www.italiaisraele.org\/wp-content\/uploads\/2024\/03\/keep-clean.jpg","keywords":["Antisemitismo","Israele","terrorismo"],"articleSection":["Approfondimenti"],"inLanguage":"it-IT","potentialAction":[{"@type":"CommentAction","name":"Comment","target":["https:\/\/www.italiaisraele.org\/?p=517#respond"]}]},{"@type":"WebPage","@id":"https:\/\/www.italiaisraele.org\/?p=517","url":"https:\/\/www.italiaisraele.org\/?p=517","name":"Filoterrorismo di massa e il mantra antebraico - Federazione Associazioni Italia Israele","isPartOf":{"@id":"https:\/\/www.italiaisraele.org\/#website"},"primaryImageOfPage":{"@id":"https:\/\/www.italiaisraele.org\/?p=517#primaryimage"},"image":{"@id":"https:\/\/www.italiaisraele.org\/?p=517#primaryimage"},"thumbnailUrl":"https:\/\/www.italiaisraele.org\/wp-content\/uploads\/2024\/03\/keep-clean.jpg","datePublished":"2024-03-13T21:09:07+00:00","dateModified":"2024-03-18T15:02:03+00:00","breadcrumb":{"@id":"https:\/\/www.italiaisraele.org\/?p=517#breadcrumb"},"inLanguage":"it-IT","potentialAction":[{"@type":"ReadAction","target":["https:\/\/www.italiaisraele.org\/?p=517"]}]},{"@type":"ImageObject","inLanguage":"it-IT","@id":"https:\/\/www.italiaisraele.org\/?p=517#primaryimage","url":"https:\/\/www.italiaisraele.org\/wp-content\/uploads\/2024\/03\/keep-clean.jpg","contentUrl":"https:\/\/www.italiaisraele.org\/wp-content\/uploads\/2024\/03\/keep-clean.jpg","width":1047,"height":662},{"@type":"BreadcrumbList","@id":"https:\/\/www.italiaisraele.org\/?p=517#breadcrumb","itemListElement":[{"@type":"ListItem","position":1,"name":"Home","item":"https:\/\/www.italiaisraele.org\/"},{"@type":"ListItem","position":2,"name":"Filoterrorismo di massa e il mantra antebraico"}]},{"@type":"WebSite","@id":"https:\/\/www.italiaisraele.org\/#website","url":"https:\/\/www.italiaisraele.org\/","name":"News Italia - Israele","description":"Italia Israele Today - Magazine","publisher":{"@id":"https:\/\/www.italiaisraele.org\/#organization"},"potentialAction":[{"@type":"SearchAction","target":{"@type":"EntryPoint","urlTemplate":"https:\/\/www.italiaisraele.org\/?s={search_term_string}"},"query-input":{"@type":"PropertyValueSpecification","valueRequired":true,"valueName":"search_term_string"}}],"inLanguage":"it-IT"},{"@type":"Organization","@id":"https:\/\/www.italiaisraele.org\/#organization","name":"News Italia - Israele","url":"https:\/\/www.italiaisraele.org\/","logo":{"@type":"ImageObject","inLanguage":"it-IT","@id":"https:\/\/www.italiaisraele.org\/#\/schema\/logo\/image\/","url":"https:\/\/www.italiaisraele.org\/wp-content\/uploads\/2024\/02\/cropped-cropped-TESTATA-NEWS-2.jpg","contentUrl":"https:\/\/www.italiaisraele.org\/wp-content\/uploads\/2024\/02\/cropped-cropped-TESTATA-NEWS-2.jpg","width":1918,"height":291,"caption":"News Italia - Israele"},"image":{"@id":"https:\/\/www.italiaisraele.org\/#\/schema\/logo\/image\/"},"sameAs":["https:\/\/www.facebook.com\/Federazione.Associazioni.Italia.Israele"]},{"@type":"Person","@id":"https:\/\/www.italiaisraele.org\/#\/schema\/person\/a58663d7e92468eb3e7d158e016946cd","name":"Redazione","image":{"@type":"ImageObject","inLanguage":"it-IT","@id":"https:\/\/secure.gravatar.com\/avatar\/fe11715b332cc423bb3991a005da4d50b44647eec21b11abddd059d3deafc450?s=96&d=mm&r=g","url":"https:\/\/secure.gravatar.com\/avatar\/fe11715b332cc423bb3991a005da4d50b44647eec21b11abddd059d3deafc450?s=96&d=mm&r=g","contentUrl":"https:\/\/secure.gravatar.com\/avatar\/fe11715b332cc423bb3991a005da4d50b44647eec21b11abddd059d3deafc450?s=96&d=mm&r=g","caption":"Redazione"},"url":"https:\/\/www.italiaisraele.org\/?author=2"}]}},"_links":{"self":[{"href":"https:\/\/www.italiaisraele.org\/index.php?rest_route=\/wp\/v2\/posts\/517","targetHints":{"allow":["GET"]}}],"collection":[{"href":"https:\/\/www.italiaisraele.org\/index.php?rest_route=\/wp\/v2\/posts"}],"about":[{"href":"https:\/\/www.italiaisraele.org\/index.php?rest_route=\/wp\/v2\/types\/post"}],"author":[{"embeddable":true,"href":"https:\/\/www.italiaisraele.org\/index.php?rest_route=\/wp\/v2\/users\/2"}],"replies":[{"embeddable":true,"href":"https:\/\/www.italiaisraele.org\/index.php?rest_route=%2Fwp%2Fv2%2Fcomments&post=517"}],"version-history":[{"count":0,"href":"https:\/\/www.italiaisraele.org\/index.php?rest_route=\/wp\/v2\/posts\/517\/revisions"}],"wp:featuredmedia":[{"embeddable":true,"href":"https:\/\/www.italiaisraele.org\/index.php?rest_route=\/wp\/v2\/media\/521"}],"wp:attachment":[{"href":"https:\/\/www.italiaisraele.org\/index.php?rest_route=%2Fwp%2Fv2%2Fmedia&parent=517"}],"wp:term":[{"taxonomy":"category","embeddable":true,"href":"https:\/\/www.italiaisraele.org\/index.php?rest_route=%2Fwp%2Fv2%2Fcategories&post=517"},{"taxonomy":"post_tag","embeddable":true,"href":"https:\/\/www.italiaisraele.org\/index.php?rest_route=%2Fwp%2Fv2%2Ftags&post=517"}],"curies":[{"name":"wp","href":"https:\/\/api.w.org\/{rel}","templated":true}]}}