{"id":512,"date":"2024-03-13T21:33:09","date_gmt":"2024-03-13T20:33:09","guid":{"rendered":"https:\/\/www.italiaisraele.org\/?p=512"},"modified":"2024-03-18T16:02:37","modified_gmt":"2024-03-18T15:02:37","slug":"israele-il-fattore-biden-e-limportanza-della-memoria","status":"publish","type":"post","link":"https:\/\/www.italiaisraele.org\/?p=512","title":{"rendered":"Israele, il &#8220;Fattore B(iden) e l&#8217;importanza della memoria"},"content":{"rendered":"\n<p>di<em> <strong>Emanuel Segre Amar<\/strong>*<\/em><\/p>\n\n\n\n<p>Molte importanti novit\u00e0 ci giungono in questi giorni da Gerusalemme. Se \u00e8 vero che \u00e8 compito delle nostre Associazioni informare gli amici, e tutti coloro che sono disposti ad ascoltarci, della realt\u00e0 di Israele (spesso stravolta dai media) \u00e8 pur vero che dobbiamo anche analizzarle e commentarle per il meglio, al fine di comprendere la molteplicit\u00e0 delle ragioni sul tavolo.<\/p>\n\n\n\n<p>Partiamo dalla prima notizia: l\u2019Amministrazione Biden ha cercato in tutti i modi di convincere Netanyahu ad accettare una gestione della guerra utile ai suoi interessi elettorali in vista delle oramai vicine elezioni americane, ma pericolosa per il futuro dei cittadini israeliani.<\/p>\n\n\n\n<p>I rapporti di amicizia tra gli stati durano finch\u00e9 gli interessi combaciano: lo si \u00e8 visto, e richiamiamo soltanto alcuni esempi riguardanti Israele dopo il \u201848, quando l\u2019URSS volt\u00f2 le spalle a Israele perch\u00e9 pi\u00f9 interessata all\u2019amicizia degli stati arabi che combattevano contro l\u2019odiato Occidente, e lo si \u00e8 rivisto quando De Gaulle blocc\u00f2, nel 1967, tutte le vitali forniture militari, comprese quelle gi\u00e0 pagate, indispensabili a Israele. L\u2019atteggiamento ostile dell\u2019Europa, a dispetto di formali rapporti di \u201camicizia\u201d, lo si riscontr\u00f2 pure quando tutti gli aeroporti del nostro continente rifiutarono l\u2019atterraggio agli aerei americani che dovevano portare vitali forniture militari in Israele, attaccata all\u2019improvviso nella guerra del Kippur.<\/p>\n\n\n\n<p>Israele ha saputo cavarsela sempre, nonostante gli enormi problemi da risolvere, ma non ha sempre saputo fare tesoro dell\u2019esperienza.<\/p>\n\n\n\n<figure class=\"wp-block-image size-full\"><img loading=\"lazy\" decoding=\"async\" width=\"300\" height=\"300\" src=\"https:\/\/www.italiaisraele.org\/wp-content\/uploads\/2024\/03\/segre.jpg\" alt=\"\" class=\"wp-image-514\" srcset=\"https:\/\/www.italiaisraele.org\/wp-content\/uploads\/2024\/03\/segre.jpg 300w, https:\/\/www.italiaisraele.org\/wp-content\/uploads\/2024\/03\/segre-150x150.jpg 150w\" sizes=\"auto, (max-width: 300px) 100vw, 300px\" \/><\/figure>\n\n\n\n<p><em>(Emanuel Segre Amar)<\/em><\/p>\n\n\n\n<p>Oggi, Biden minaccia di bloccare le nuovamente vitali forniture militari, o almeno, di proibirne l\u2019utilizzo qualora Israele attacchi Rafah, se Netanyahu non cede alle sue richieste; conscio del fatto che pi\u00f9 di tanto non potr\u00e0 fare se non vuole perdere una buona fetta del suo elettorato \u2014 la maggioranza degli americani \u00e8 favorevole all\u2019annientamento di Hamas, come Netanyahu ha ricordato pubblicamente a Biden. Israele, nel frattempo, ha dovuto rilanciare la produzione interna di fondamentale materiale bellico, esattamente come il governo dovette fare nel 1967, quando nacque dal nulla la produzione delle alette delle turbine dei Mirage che la Francia non forniva pi\u00f9 (e le alette per i jet in seguito Israele le forn\u00ec anche alla Boeing).<\/p>\n\n\n\n<p>In secondo luogo, a fronte di un governo Netanyahu avversato dal primo giorno della sua esistenza, Biden ha pensato di poterlo far cadere per sostituirlo con uno nuovo guidato da Gantz, almeno apparentemente pi\u00f9 malleabile (Gantz sa benissimo che oggi gli israeliani non sono disposti a fermare la guerra, ma questa \u00e8 una delle tante verit\u00e0 che gli esperti americani non arrivano a far propria).<\/p>\n\n\n\n<p>Biden, con il suo mentore Obama, che non a caso \u00e8 sempre vicino alla Casa Bianca, persegue una politica nei confronti di uno Stato amico, che rivendica la propria indipendenza e la presenza d&#8217;interessi del tutto opposti a quelli dell&#8217;amministrazione DEM. Alla fine devono essere, appunto, gli interessi di Israele a prevalere nelle azioni di un governo democraticamente eletto, divenuto pi\u00f9 forte proprio in queste ore, dopo che l\u2019ex Likud Sa\u2019ar ha abbandonato l\u2019alleanza con Gantz e ha chiesto di entrare a far parte della maggioranza governativa e del Gabinetto di Guerra.<\/p>\n\n\n\n<p>Ultima novit\u00e0, di minore importanza per Netanyahu, ma non per noi italiani, \u00e8 la decisione dell\u2019Ambasciatore Benny Kashriel, nominato nell\u2019estate 2023 come futuro Ambasciatore in Italia, di rinunciare, a fronte della levata di scudi contro la sua persona, \u201ccolpevole\u201d per l\u2019Italia di essere stato per 30 anni sindaco di Ma\u2019ale Adummim, una presunta \u201ccolonia\u201d la cui nascita fu voluta nel 1974 da Rabin e che \u00e8 abitata da quegli odiati \u201ccoloni\u201d, quasi tutti semplici funzionari pubblici di sinistra, a volte anche estrema sinistra, non certo nazionalisti fanatici.<\/p>\n\n\n\n<p>Solo il Brasile aveva rifiutato, otto anni fa, di accogliere un ambasciatore nominato dalla Knesset; al contrario nel 2001 il governo Sharon, con Ministro degli Esteri Peres, nomin\u00f2 Ambasciatore di Israele in Danimarca Karmi Gillon che non ricevette le credenziali; Sharon non cedette e lo invi\u00f2 comunque a Copenhagen, e, dopo pochi mesi, Gillon ricevette le credenziali e divenne ufficialmente il legittimo Ambasciatore di Israele.<\/p>\n\n\n\n<p>In questi giorni, Netanyahu e il suo Ministro degli Esteri Katz hanno problemi ben pi\u00f9 seri da affrontare, come la gestione della guerra, i rapporti tesissimi con gli USA e la ricerca di una tregua portata avanti da Washington, Qatar ed Egitto; \u00e8 comunque opportuno ricordare che dobbiamo far tesoro dell\u2019esperienza del passato: nel 1982 l\u2019allora senatore del Delaware Biden attacc\u00f2 Begin di fronte alla Commissione per gli Affari Esteri del Senato; anche allora gli USA minacciavano lo stop delle forniture militari se Israele non avesse accettato le condizioni americane durante la Guerra del Libano.<br>Begin gli rispose: &#8220;non minacciare di tagliarmi gli aiuti, non funziona. Non sono un ebreo con le ginocchia tremanti, ma sono un ebreo orgoglioso dei suoi 3700 anni di storia. Nessuno ci venne in aiuto quando morivamo nelle camere a gas, o quando combattemmo per creare il nostro Stato. Resteremo fedeli ai nostri principi, li difenderemo, e, se necessario, moriremo per quelli, con o senza i vostri aiuti&#8221;.<\/p>\n\n\n\n<p>Biden rimase senza parola, ma forse oggi non ha pi\u00f9 memoria di quell\u2019episodio.<\/p>\n\n\n\n<ul class=\"wp-block-list\">\n<li><em>Presidente Gruppo Sionistico Piemontese<\/em><\/li>\n<\/ul>\n","protected":false},"excerpt":{"rendered":"<p>di Emanuel Segre Amar* Molte importanti novit\u00e0 ci giungono in questi giorni da Gerusalemme. Se \u00e8 vero che \u00e8 compito delle nostre Associazioni informare gli amici, e tutti coloro che sono disposti ad ascoltarci, della realt\u00e0 di Israele (spesso stravolta dai media) \u00e8 pur vero che dobbiamo anche analizzarle e commentarle per il meglio, al [&hellip;]<\/p>\n","protected":false},"author":2,"featured_media":513,"comment_status":"open","ping_status":"closed","sticky":false,"template":"","format":"standard","meta":{"iawp_total_views":78,"footnotes":""},"categories":[33],"tags":[18,13,69,70],"class_list":["post-512","post","type-post","status-publish","format-standard","has-post-thumbnail","hentry","category-approfondimenti","tag-hamas","tag-israele","tag-netanyahu","tag-usa"],"yoast_head":"<!-- This site is optimized with the Yoast SEO plugin v27.5 - https:\/\/yoast.com\/product\/yoast-seo-wordpress\/ -->\r\n<title>Israele, il &quot;Fattore B(iden) e l&#039;importanza della memoria - Federazione Associazioni Italia Israele<\/title>\r\n<meta name=\"robots\" content=\"index, follow, max-snippet:-1, max-image-preview:large, max-video-preview:-1\" \/>\r\n<link rel=\"canonical\" href=\"https:\/\/www.italiaisraele.org\/?p=512\" \/>\r\n<meta property=\"og:locale\" content=\"it_IT\" \/>\r\n<meta property=\"og:type\" content=\"article\" \/>\r\n<meta property=\"og:title\" content=\"Israele, il &quot;Fattore B(iden) e l&#039;importanza della memoria - Federazione Associazioni Italia Israele\" \/>\r\n<meta property=\"og:description\" content=\"di Emanuel Segre Amar* Molte importanti novit\u00e0 ci giungono in questi giorni da Gerusalemme. Se \u00e8 vero che \u00e8 compito delle nostre Associazioni informare gli amici, e tutti coloro che sono disposti ad ascoltarci, della realt\u00e0 di Israele (spesso stravolta dai media) \u00e8 pur vero che dobbiamo anche analizzarle e commentarle per il meglio, al [&hellip;]\" \/>\r\n<meta property=\"og:url\" content=\"https:\/\/www.italiaisraele.org\/?p=512\" \/>\r\n<meta property=\"og:site_name\" content=\"Federazione Associazioni Italia Israele\" \/>\r\n<meta property=\"article:publisher\" content=\"https:\/\/www.facebook.com\/Federazione.Associazioni.Italia.Israele\" \/>\r\n<meta property=\"article:published_time\" content=\"2024-03-13T20:33:09+00:00\" \/>\r\n<meta property=\"article:modified_time\" content=\"2024-03-18T15:02:37+00:00\" \/>\r\n<meta property=\"og:image\" content=\"https:\/\/www.italiaisraele.org\/wp-content\/uploads\/2024\/03\/biden-bibi.png\" \/>\r\n\t<meta property=\"og:image:width\" content=\"310\" \/>\r\n\t<meta property=\"og:image:height\" content=\"256\" \/>\r\n\t<meta property=\"og:image:type\" content=\"image\/png\" \/>\r\n<meta name=\"author\" content=\"Redazione\" \/>\r\n<meta name=\"twitter:card\" content=\"summary_large_image\" \/>\r\n<meta name=\"twitter:label1\" content=\"Scritto da\" \/>\n\t<meta name=\"twitter:data1\" content=\"Redazione\" \/>\n\t<meta name=\"twitter:label2\" content=\"Tempo di lettura stimato\" \/>\n\t<meta name=\"twitter:data2\" content=\"5 minuti\" \/>\r\n<script type=\"application\/ld+json\" class=\"yoast-schema-graph\">{\"@context\":\"https:\\\/\\\/schema.org\",\"@graph\":[{\"@type\":\"Article\",\"@id\":\"https:\\\/\\\/www.italiaisraele.org\\\/?p=512#article\",\"isPartOf\":{\"@id\":\"https:\\\/\\\/www.italiaisraele.org\\\/?p=512\"},\"author\":{\"name\":\"Redazione\",\"@id\":\"https:\\\/\\\/www.italiaisraele.org\\\/#\\\/schema\\\/person\\\/a58663d7e92468eb3e7d158e016946cd\"},\"headline\":\"Israele, il &#8220;Fattore B(iden) e l&#8217;importanza della memoria\",\"datePublished\":\"2024-03-13T20:33:09+00:00\",\"dateModified\":\"2024-03-18T15:02:37+00:00\",\"mainEntityOfPage\":{\"@id\":\"https:\\\/\\\/www.italiaisraele.org\\\/?p=512\"},\"wordCount\":852,\"commentCount\":0,\"publisher\":{\"@id\":\"https:\\\/\\\/www.italiaisraele.org\\\/#organization\"},\"image\":{\"@id\":\"https:\\\/\\\/www.italiaisraele.org\\\/?p=512#primaryimage\"},\"thumbnailUrl\":\"https:\\\/\\\/www.italiaisraele.org\\\/wp-content\\\/uploads\\\/2024\\\/03\\\/biden-bibi.png\",\"keywords\":[\"hamas\",\"Israele\",\"Netanyahu\",\"Usa\"],\"articleSection\":[\"Approfondimenti\"],\"inLanguage\":\"it-IT\",\"potentialAction\":[{\"@type\":\"CommentAction\",\"name\":\"Comment\",\"target\":[\"https:\\\/\\\/www.italiaisraele.org\\\/?p=512#respond\"]}]},{\"@type\":\"WebPage\",\"@id\":\"https:\\\/\\\/www.italiaisraele.org\\\/?p=512\",\"url\":\"https:\\\/\\\/www.italiaisraele.org\\\/?p=512\",\"name\":\"Israele, il \\\"Fattore B(iden) e l'importanza della memoria - Federazione Associazioni Italia Israele\",\"isPartOf\":{\"@id\":\"https:\\\/\\\/www.italiaisraele.org\\\/#website\"},\"primaryImageOfPage\":{\"@id\":\"https:\\\/\\\/www.italiaisraele.org\\\/?p=512#primaryimage\"},\"image\":{\"@id\":\"https:\\\/\\\/www.italiaisraele.org\\\/?p=512#primaryimage\"},\"thumbnailUrl\":\"https:\\\/\\\/www.italiaisraele.org\\\/wp-content\\\/uploads\\\/2024\\\/03\\\/biden-bibi.png\",\"datePublished\":\"2024-03-13T20:33:09+00:00\",\"dateModified\":\"2024-03-18T15:02:37+00:00\",\"breadcrumb\":{\"@id\":\"https:\\\/\\\/www.italiaisraele.org\\\/?p=512#breadcrumb\"},\"inLanguage\":\"it-IT\",\"potentialAction\":[{\"@type\":\"ReadAction\",\"target\":[\"https:\\\/\\\/www.italiaisraele.org\\\/?p=512\"]}]},{\"@type\":\"ImageObject\",\"inLanguage\":\"it-IT\",\"@id\":\"https:\\\/\\\/www.italiaisraele.org\\\/?p=512#primaryimage\",\"url\":\"https:\\\/\\\/www.italiaisraele.org\\\/wp-content\\\/uploads\\\/2024\\\/03\\\/biden-bibi.png\",\"contentUrl\":\"https:\\\/\\\/www.italiaisraele.org\\\/wp-content\\\/uploads\\\/2024\\\/03\\\/biden-bibi.png\",\"width\":310,\"height\":256},{\"@type\":\"BreadcrumbList\",\"@id\":\"https:\\\/\\\/www.italiaisraele.org\\\/?p=512#breadcrumb\",\"itemListElement\":[{\"@type\":\"ListItem\",\"position\":1,\"name\":\"Home\",\"item\":\"https:\\\/\\\/www.italiaisraele.org\\\/\"},{\"@type\":\"ListItem\",\"position\":2,\"name\":\"Israele, il &#8220;Fattore B(iden) e l&#8217;importanza della memoria\"}]},{\"@type\":\"WebSite\",\"@id\":\"https:\\\/\\\/www.italiaisraele.org\\\/#website\",\"url\":\"https:\\\/\\\/www.italiaisraele.org\\\/\",\"name\":\"News Italia - Israele\",\"description\":\"Italia Israele Today - Magazine\",\"publisher\":{\"@id\":\"https:\\\/\\\/www.italiaisraele.org\\\/#organization\"},\"potentialAction\":[{\"@type\":\"SearchAction\",\"target\":{\"@type\":\"EntryPoint\",\"urlTemplate\":\"https:\\\/\\\/www.italiaisraele.org\\\/?s={search_term_string}\"},\"query-input\":{\"@type\":\"PropertyValueSpecification\",\"valueRequired\":true,\"valueName\":\"search_term_string\"}}],\"inLanguage\":\"it-IT\"},{\"@type\":\"Organization\",\"@id\":\"https:\\\/\\\/www.italiaisraele.org\\\/#organization\",\"name\":\"News Italia - Israele\",\"url\":\"https:\\\/\\\/www.italiaisraele.org\\\/\",\"logo\":{\"@type\":\"ImageObject\",\"inLanguage\":\"it-IT\",\"@id\":\"https:\\\/\\\/www.italiaisraele.org\\\/#\\\/schema\\\/logo\\\/image\\\/\",\"url\":\"https:\\\/\\\/www.italiaisraele.org\\\/wp-content\\\/uploads\\\/2024\\\/02\\\/cropped-cropped-TESTATA-NEWS-2.jpg\",\"contentUrl\":\"https:\\\/\\\/www.italiaisraele.org\\\/wp-content\\\/uploads\\\/2024\\\/02\\\/cropped-cropped-TESTATA-NEWS-2.jpg\",\"width\":1918,\"height\":291,\"caption\":\"News Italia - Israele\"},\"image\":{\"@id\":\"https:\\\/\\\/www.italiaisraele.org\\\/#\\\/schema\\\/logo\\\/image\\\/\"},\"sameAs\":[\"https:\\\/\\\/www.facebook.com\\\/Federazione.Associazioni.Italia.Israele\"]},{\"@type\":\"Person\",\"@id\":\"https:\\\/\\\/www.italiaisraele.org\\\/#\\\/schema\\\/person\\\/a58663d7e92468eb3e7d158e016946cd\",\"name\":\"Redazione\",\"image\":{\"@type\":\"ImageObject\",\"inLanguage\":\"it-IT\",\"@id\":\"https:\\\/\\\/secure.gravatar.com\\\/avatar\\\/fe11715b332cc423bb3991a005da4d50b44647eec21b11abddd059d3deafc450?s=96&d=mm&r=g\",\"url\":\"https:\\\/\\\/secure.gravatar.com\\\/avatar\\\/fe11715b332cc423bb3991a005da4d50b44647eec21b11abddd059d3deafc450?s=96&d=mm&r=g\",\"contentUrl\":\"https:\\\/\\\/secure.gravatar.com\\\/avatar\\\/fe11715b332cc423bb3991a005da4d50b44647eec21b11abddd059d3deafc450?s=96&d=mm&r=g\",\"caption\":\"Redazione\"},\"url\":\"https:\\\/\\\/www.italiaisraele.org\\\/?author=2\"}]}<\/script>\r\n<!-- \/ Yoast SEO plugin. -->","yoast_head_json":{"title":"Israele, il \"Fattore B(iden) e l'importanza della memoria - Federazione Associazioni Italia Israele","robots":{"index":"index","follow":"follow","max-snippet":"max-snippet:-1","max-image-preview":"max-image-preview:large","max-video-preview":"max-video-preview:-1"},"canonical":"https:\/\/www.italiaisraele.org\/?p=512","og_locale":"it_IT","og_type":"article","og_title":"Israele, il \"Fattore B(iden) e l'importanza della memoria - Federazione Associazioni Italia Israele","og_description":"di Emanuel Segre Amar* Molte importanti novit\u00e0 ci giungono in questi giorni da Gerusalemme. Se \u00e8 vero che \u00e8 compito delle nostre Associazioni informare gli amici, e tutti coloro che sono disposti ad ascoltarci, della realt\u00e0 di Israele (spesso stravolta dai media) \u00e8 pur vero che dobbiamo anche analizzarle e commentarle per il meglio, al [&hellip;]","og_url":"https:\/\/www.italiaisraele.org\/?p=512","og_site_name":"Federazione Associazioni Italia Israele","article_publisher":"https:\/\/www.facebook.com\/Federazione.Associazioni.Italia.Israele","article_published_time":"2024-03-13T20:33:09+00:00","article_modified_time":"2024-03-18T15:02:37+00:00","og_image":[{"width":310,"height":256,"url":"https:\/\/www.italiaisraele.org\/wp-content\/uploads\/2024\/03\/biden-bibi.png","type":"image\/png"}],"author":"Redazione","twitter_card":"summary_large_image","twitter_misc":{"Scritto da":"Redazione","Tempo di lettura stimato":"5 minuti"},"schema":{"@context":"https:\/\/schema.org","@graph":[{"@type":"Article","@id":"https:\/\/www.italiaisraele.org\/?p=512#article","isPartOf":{"@id":"https:\/\/www.italiaisraele.org\/?p=512"},"author":{"name":"Redazione","@id":"https:\/\/www.italiaisraele.org\/#\/schema\/person\/a58663d7e92468eb3e7d158e016946cd"},"headline":"Israele, il &#8220;Fattore B(iden) e l&#8217;importanza della memoria","datePublished":"2024-03-13T20:33:09+00:00","dateModified":"2024-03-18T15:02:37+00:00","mainEntityOfPage":{"@id":"https:\/\/www.italiaisraele.org\/?p=512"},"wordCount":852,"commentCount":0,"publisher":{"@id":"https:\/\/www.italiaisraele.org\/#organization"},"image":{"@id":"https:\/\/www.italiaisraele.org\/?p=512#primaryimage"},"thumbnailUrl":"https:\/\/www.italiaisraele.org\/wp-content\/uploads\/2024\/03\/biden-bibi.png","keywords":["hamas","Israele","Netanyahu","Usa"],"articleSection":["Approfondimenti"],"inLanguage":"it-IT","potentialAction":[{"@type":"CommentAction","name":"Comment","target":["https:\/\/www.italiaisraele.org\/?p=512#respond"]}]},{"@type":"WebPage","@id":"https:\/\/www.italiaisraele.org\/?p=512","url":"https:\/\/www.italiaisraele.org\/?p=512","name":"Israele, il \"Fattore B(iden) e l'importanza della memoria - Federazione Associazioni Italia Israele","isPartOf":{"@id":"https:\/\/www.italiaisraele.org\/#website"},"primaryImageOfPage":{"@id":"https:\/\/www.italiaisraele.org\/?p=512#primaryimage"},"image":{"@id":"https:\/\/www.italiaisraele.org\/?p=512#primaryimage"},"thumbnailUrl":"https:\/\/www.italiaisraele.org\/wp-content\/uploads\/2024\/03\/biden-bibi.png","datePublished":"2024-03-13T20:33:09+00:00","dateModified":"2024-03-18T15:02:37+00:00","breadcrumb":{"@id":"https:\/\/www.italiaisraele.org\/?p=512#breadcrumb"},"inLanguage":"it-IT","potentialAction":[{"@type":"ReadAction","target":["https:\/\/www.italiaisraele.org\/?p=512"]}]},{"@type":"ImageObject","inLanguage":"it-IT","@id":"https:\/\/www.italiaisraele.org\/?p=512#primaryimage","url":"https:\/\/www.italiaisraele.org\/wp-content\/uploads\/2024\/03\/biden-bibi.png","contentUrl":"https:\/\/www.italiaisraele.org\/wp-content\/uploads\/2024\/03\/biden-bibi.png","width":310,"height":256},{"@type":"BreadcrumbList","@id":"https:\/\/www.italiaisraele.org\/?p=512#breadcrumb","itemListElement":[{"@type":"ListItem","position":1,"name":"Home","item":"https:\/\/www.italiaisraele.org\/"},{"@type":"ListItem","position":2,"name":"Israele, il &#8220;Fattore B(iden) e l&#8217;importanza della memoria"}]},{"@type":"WebSite","@id":"https:\/\/www.italiaisraele.org\/#website","url":"https:\/\/www.italiaisraele.org\/","name":"News Italia - Israele","description":"Italia Israele Today - Magazine","publisher":{"@id":"https:\/\/www.italiaisraele.org\/#organization"},"potentialAction":[{"@type":"SearchAction","target":{"@type":"EntryPoint","urlTemplate":"https:\/\/www.italiaisraele.org\/?s={search_term_string}"},"query-input":{"@type":"PropertyValueSpecification","valueRequired":true,"valueName":"search_term_string"}}],"inLanguage":"it-IT"},{"@type":"Organization","@id":"https:\/\/www.italiaisraele.org\/#organization","name":"News Italia - Israele","url":"https:\/\/www.italiaisraele.org\/","logo":{"@type":"ImageObject","inLanguage":"it-IT","@id":"https:\/\/www.italiaisraele.org\/#\/schema\/logo\/image\/","url":"https:\/\/www.italiaisraele.org\/wp-content\/uploads\/2024\/02\/cropped-cropped-TESTATA-NEWS-2.jpg","contentUrl":"https:\/\/www.italiaisraele.org\/wp-content\/uploads\/2024\/02\/cropped-cropped-TESTATA-NEWS-2.jpg","width":1918,"height":291,"caption":"News Italia - Israele"},"image":{"@id":"https:\/\/www.italiaisraele.org\/#\/schema\/logo\/image\/"},"sameAs":["https:\/\/www.facebook.com\/Federazione.Associazioni.Italia.Israele"]},{"@type":"Person","@id":"https:\/\/www.italiaisraele.org\/#\/schema\/person\/a58663d7e92468eb3e7d158e016946cd","name":"Redazione","image":{"@type":"ImageObject","inLanguage":"it-IT","@id":"https:\/\/secure.gravatar.com\/avatar\/fe11715b332cc423bb3991a005da4d50b44647eec21b11abddd059d3deafc450?s=96&d=mm&r=g","url":"https:\/\/secure.gravatar.com\/avatar\/fe11715b332cc423bb3991a005da4d50b44647eec21b11abddd059d3deafc450?s=96&d=mm&r=g","contentUrl":"https:\/\/secure.gravatar.com\/avatar\/fe11715b332cc423bb3991a005da4d50b44647eec21b11abddd059d3deafc450?s=96&d=mm&r=g","caption":"Redazione"},"url":"https:\/\/www.italiaisraele.org\/?author=2"}]}},"_links":{"self":[{"href":"https:\/\/www.italiaisraele.org\/index.php?rest_route=\/wp\/v2\/posts\/512","targetHints":{"allow":["GET"]}}],"collection":[{"href":"https:\/\/www.italiaisraele.org\/index.php?rest_route=\/wp\/v2\/posts"}],"about":[{"href":"https:\/\/www.italiaisraele.org\/index.php?rest_route=\/wp\/v2\/types\/post"}],"author":[{"embeddable":true,"href":"https:\/\/www.italiaisraele.org\/index.php?rest_route=\/wp\/v2\/users\/2"}],"replies":[{"embeddable":true,"href":"https:\/\/www.italiaisraele.org\/index.php?rest_route=%2Fwp%2Fv2%2Fcomments&post=512"}],"version-history":[{"count":0,"href":"https:\/\/www.italiaisraele.org\/index.php?rest_route=\/wp\/v2\/posts\/512\/revisions"}],"wp:featuredmedia":[{"embeddable":true,"href":"https:\/\/www.italiaisraele.org\/index.php?rest_route=\/wp\/v2\/media\/513"}],"wp:attachment":[{"href":"https:\/\/www.italiaisraele.org\/index.php?rest_route=%2Fwp%2Fv2%2Fmedia&parent=512"}],"wp:term":[{"taxonomy":"category","embeddable":true,"href":"https:\/\/www.italiaisraele.org\/index.php?rest_route=%2Fwp%2Fv2%2Fcategories&post=512"},{"taxonomy":"post_tag","embeddable":true,"href":"https:\/\/www.italiaisraele.org\/index.php?rest_route=%2Fwp%2Fv2%2Ftags&post=512"}],"curies":[{"name":"wp","href":"https:\/\/api.w.org\/{rel}","templated":true}]}}