{"id":5053,"date":"2025-12-16T23:39:41","date_gmt":"2025-12-16T22:39:41","guid":{"rendered":"https:\/\/www.italiaisraele.org\/?p=5053"},"modified":"2025-12-25T09:43:21","modified_gmt":"2025-12-25T08:43:21","slug":"israele-chi-parla-di-apartheid-mente-ecco-perche","status":"publish","type":"post","link":"https:\/\/www.italiaisraele.org\/?p=5053","title":{"rendered":"Israele, chi parla di apartheid mente. Ecco perch\u00e9"},"content":{"rendered":"\n<p>Reportage di <em>Giuseppe Crimaldi<\/em><\/p>\n\n\n\n<p><em><strong>Viaggio nel Paese delle opportunit\u00e0. Dove nessuno viene lasciato mai indietro<\/strong><\/em><br>PRIMA PARTE: INCLUSIONE E SOLIDARIETA&#8217;<br>Israele, un modello di innovazione, integrazione e solidariet\u00e0. C&#8217;\u00e8 sempre molto pi\u00f9 da imparare dall&#8217;esperienza diretta che non dalla lettura di cento saggi. Cinque giorni in Israele, una full immersion nella realt\u00e0 economica, scientifica e sociale del Paese che guarda sempre al futuro in una linea d&#8217;orizzonte mai stata cos\u00ec ampia.<br>Israele, una nazione nata solo 77 anni fa eppure costantemente proiettata verso il benessere collettivo: un&#8217;immagine che nessuna propaganda, nessuna odiosa campagna di odio e quasi sempre intrisa di malafede potr\u00e0 oscurare. Bisogna approcciarsi senza pregiudizi a questa realt\u00e0, a chi sa affrontare le sfide del cambiamento.<br>Pensateci: una nazione e un popolo che solo dal 1948, dalla sua data di nascita, hanno dovuto combattere quattro guerre; e che altrettante, dal 1987 ad oggi, ne ha dovuto affrontare. Contro nemici infidi e spietati. Ma qui non si dorme sugli allori. Mai.<br>Innovazione e inclusione, due facce della stessa medaglia. Nei giorni scorsi ho avuto il privilegio di partecipare con una qualificata delegazione italiana ad una trasferta del ministero degli Esteri di Gerusalemme che mi ha fatto capire bene dove stia andando il Paese, con insaziabile voglia di modernit\u00e0, progresso, conquiste nel campo della ricerca e di integrazione. Ed \u00e8 stato importante toccare con mano, verificare che sono pi\u00f9 che mai vivi i sentimenti legati ad un&#8217;integrazione sociale che viene invece occultata dai media, dai filtri del pregiudizio e da un neo-antisemitismo sdoganato sotto le false spoglie dell&#8217;antisionismo.<br>Perch\u00e9 questo \u00e8 il Paese che non lascia indietro mai nessuno e che sa valorizzare il merito.<br>In Italia e nel mondo una formidabile propaganda ci ha inondati di menzogne, disegnando Israele come uno Stato di Apartheid. Questo viaggio, se ve ne fosse stato bisogno, mi ha convinto del contrario.<br>Per far crollare questa montagna d&#8217;odio e disinformazione tutti dovrebbero varcare la soglia dello &#8220;Shalva Center&#8221;, il centro pi\u00f9 grande e avanzato per l&#8217;inclusione e l&#8217;assistenza alle persone con disabilit\u00e0. Costruito su un dolce declivio a pochi minuti dal centro di Gerusalemme, dal 2016 &#8220;Shalva&#8221; accoglie e cura migliaia di persone con disabilit\u00e0 offrendo programmi di riabilitazione e supporto. <\/p>\n\n\n\n<figure class=\"wp-block-image size-large\"><img loading=\"lazy\" decoding=\"async\" width=\"1024\" height=\"576\" src=\"https:\/\/www.italiaisraele.org\/wp-content\/uploads\/2025\/12\/shalva_hdv-1024x576.jpg\" alt=\"\" class=\"wp-image-5055\" srcset=\"https:\/\/www.italiaisraele.org\/wp-content\/uploads\/2025\/12\/shalva_hdv-1024x576.jpg 1024w, https:\/\/www.italiaisraele.org\/wp-content\/uploads\/2025\/12\/shalva_hdv-300x169.jpg 300w, https:\/\/www.italiaisraele.org\/wp-content\/uploads\/2025\/12\/shalva_hdv-768x432.jpg 768w, https:\/\/www.italiaisraele.org\/wp-content\/uploads\/2025\/12\/shalva_hdv-1536x864.jpg 1536w, https:\/\/www.italiaisraele.org\/wp-content\/uploads\/2025\/12\/shalva_hdv-1160x653.jpg 1160w, https:\/\/www.italiaisraele.org\/wp-content\/uploads\/2025\/12\/shalva_hdv-600x338.jpg 600w, https:\/\/www.italiaisraele.org\/wp-content\/uploads\/2025\/12\/shalva_hdv.jpg 1920w\" sizes=\"auto, (max-width: 1024px) 100vw, 1024px\" \/><\/figure>\n\n\n\n<p>Oltre le vetrate dell&#8217;ingresso volano enormi farfalle di cartone dai colori sgargianti: il simbolo della libert\u00e0 , della gioia che sprona bambini di ogni et\u00e0 (ma anche non pochi maggiorenni) con disabilit\u00e0 fisiche o mentali a entrare qui senza paura, in questo centro di recupero che proprio delle tavolozza cromatica fa la propria \u201cfilosofia\u201d terapeutica. L&#8217;edificio infonde dunque ispirazione e speranza. E scopriamo che la stragrande maggioranza di pazienti che vengono curati appartengono proprio a famiglie arabe: \u00e8 questa apartheid?<br>A realizzare questo vero miracolo di inclusione e riabilitazione ci sono Lewis Bloch, Fernando Bisker e Yochanan Samuels. Un teatro, aule, spazi comuni, laboratori, persino un campo di basket e una piscina olimpionica sono solo una parte delle attivit\u00e0: da \u201cShalva\u201d sono gi\u00e0 usciti centinaia di ragazzi e ragazze che oggi, superati gli handicap, hanno anche un lavoro: assistenti di sostegno, insegnanti nell&#8217;asilo nido riabilitativo, persino sous-chef e guide turistiche.<\/p>\n\n\n\n<figure class=\"wp-block-image size-full\"><img loading=\"lazy\" decoding=\"async\" width=\"768\" height=\"512\" src=\"https:\/\/www.italiaisraele.org\/wp-content\/uploads\/2025\/12\/WhatsApp-Image-2022-04-27-at-09.39.56-2-768x512-1.jpeg\" alt=\"\" class=\"wp-image-5056\" srcset=\"https:\/\/www.italiaisraele.org\/wp-content\/uploads\/2025\/12\/WhatsApp-Image-2022-04-27-at-09.39.56-2-768x512-1.jpeg 768w, https:\/\/www.italiaisraele.org\/wp-content\/uploads\/2025\/12\/WhatsApp-Image-2022-04-27-at-09.39.56-2-768x512-1-300x200.jpeg 300w, https:\/\/www.italiaisraele.org\/wp-content\/uploads\/2025\/12\/WhatsApp-Image-2022-04-27-at-09.39.56-2-768x512-1-600x400.jpeg 600w\" sizes=\"auto, (max-width: 768px) 100vw, 768px\" \/><\/figure>\n\n\n\n<p><br>A due ore di macchina, pi\u00f9 a sud, c&#8217;\u00e8 un altro centro di eccellenza medica, lo &#8220;Harvey and Gloria Kaylie Medical Center- ADI&#8221;. Settantadue posti letto suddivisi in reparti di riabilitazione ortopedica e neurologica. Ad accompagnarci in questo percorso di speranza e di inclusione \u00e8 Yaakov Wolff, che si dedica ormai anima e corpo ad un progetto miracoloso: quello della riabilitazione del corpo e dell&#8217;anima.<\/p>\n\n\n<div class=\"wp-block-image\">\n<figure class=\"aligncenter size-full is-resized\"><img loading=\"lazy\" decoding=\"async\" width=\"670\" height=\"934\" src=\"https:\/\/www.italiaisraele.org\/wp-content\/uploads\/2025\/12\/Harvey-and-Gloria-Kaylie-Rehabilitation-Medical-Center-3.jpg\" alt=\"\" class=\"wp-image-5057\" style=\"width:359px;height:auto\" srcset=\"https:\/\/www.italiaisraele.org\/wp-content\/uploads\/2025\/12\/Harvey-and-Gloria-Kaylie-Rehabilitation-Medical-Center-3.jpg 670w, https:\/\/www.italiaisraele.org\/wp-content\/uploads\/2025\/12\/Harvey-and-Gloria-Kaylie-Rehabilitation-Medical-Center-3-215x300.jpg 215w, https:\/\/www.italiaisraele.org\/wp-content\/uploads\/2025\/12\/Harvey-and-Gloria-Kaylie-Rehabilitation-Medical-Center-3-600x836.jpg 600w\" sizes=\"auto, (max-width: 670px) 100vw, 670px\" \/><\/figure>\n<\/div>\n\n\n<p>Nei corridoi e negli spazi all&#8217;aperto \u00e8 facile incrociare non solo molti giovani soldati rimasti feriti durante la guerra, ma anche bambini, giovani e anziani. Anche qui molti pazienti sono arabi: anche qui &#8211; come allo Shalva &#8211; non si fanno discriminazioni, ed anzi la convivenza tra ebrei e arabi si rafforza nella consapevolezza di condividere anche le proprie malattie. Un centro di eccellenza assoluta, specializzato in fisioterapia, idroterapia, terapia occupazionale e della comunicazione e molto altro.<br>Ma torniamo a Gerusalemme. Nella parte Est, percorrendo un viale alberato si raggiunge un edificio anonimo nel quale si sperimenta un progetto importante: quello di &#8220;Honey Women&#8221;, iniziativa di socializzazione nella comunit\u00e0 di Musala. Le protagoniste di questa sfida puntano a garantire occupazione e assistenza a giovani donne arabe senza lavoro. Tenete presente che oltre l&#8217;80% dei residenti di Gerusalemme Est vive in stato di semipovert\u00e0, sovraffollamento e disoccupazione: pi\u00f9 del 75% delle donne non hanno un lavoro stabile. Oggi, grazie all&#8217;intervento del ministero del Commercio e dell&#8217;Economia il governo israeliano sostiene un progetto che sta formando 500 donne nell&#8217;apicultura. <\/p>\n\n\n<div class=\"wp-block-image\">\n<figure class=\"alignright size-full is-resized\"><img loading=\"lazy\" decoding=\"async\" width=\"1024\" height=\"600\" src=\"https:\/\/www.italiaisraele.org\/wp-content\/uploads\/2025\/12\/dettaglio-api-1.jpg\" alt=\"\" class=\"wp-image-5058\" style=\"aspect-ratio:1.7067208482808978;width:607px;height:auto\" srcset=\"https:\/\/www.italiaisraele.org\/wp-content\/uploads\/2025\/12\/dettaglio-api-1.jpg 1024w, https:\/\/www.italiaisraele.org\/wp-content\/uploads\/2025\/12\/dettaglio-api-1-300x176.jpg 300w, https:\/\/www.italiaisraele.org\/wp-content\/uploads\/2025\/12\/dettaglio-api-1-768x450.jpg 768w, https:\/\/www.italiaisraele.org\/wp-content\/uploads\/2025\/12\/dettaglio-api-1-600x352.jpg 600w\" sizes=\"auto, (max-width: 1024px) 100vw, 1024px\" \/><\/figure>\n<\/div>\n\n\n<p>Qui, dall&#8217;arnia fino al vasetto, viene prodotto un miele biologico buonissimo. Un&#8217;esperienza che dimostra come soprattutto tra le donne arabe ci sia bisogno di empowerment, di disporre di pi\u00f9 potere decisionale e consapevolezza su s\u00e9 stesse e sulla propria esistenza, sviluppando risorse, competenze e fiducia per affrontare le sfide e raggiungere obiettivi concreti. Era il 2019 quando 15 giovani ragazze decisero di salire sul tetto dell&#8217;unica biblioteca pubblica di Gerusalemme Est per sperimentare un corso di apicultura biodinamica. &#8220;Attivit\u00e0 che ci ha fornito gli strumenti per guadagnarci da vivere dignitosamente a casa&#8221;, spiega una delle organizzatrici. Risultato: il progetto del miele sta riscuotendo successo e ha creato una rete di \u201capicoltori\u201d sui tetti, sui balconi e nei cortili di Gerusalemme Est. Cos\u00ec si forgia anche una classe di donne imprenditrici, tutte arabe. E&#8217; forse anche questa apartheid?<br>Da Gerusalemme a Haifa, che \u00e8 forse la citt\u00e0 israeliana pi\u00f9 inclusiva, dove la pacifica convivenza tra religioni e genti di diverse culture \u00e8 diventata norma. <\/p>\n\n\n\n<figure class=\"wp-block-image size-full is-resized\"><img loading=\"lazy\" decoding=\"async\" width=\"275\" height=\"183\" src=\"https:\/\/www.italiaisraele.org\/wp-content\/uploads\/2025\/12\/images-16.jpg\" alt=\"\" class=\"wp-image-5059\" style=\"width:428px;height:auto\"\/><\/figure>\n\n\n\n<p>Qui non albergano odio e violenza. Su una ripida strada che guarda verso i lussureggianti giardini terrazzati di Bahai &#8211; ai piedi del Monte Carmelo &#8211; operano i volontari della &#8220;Beit Hagefen&#8221;: pi\u00f9 che un laboratorio di idee ma anche un prisma magico capace di riflettere creativit\u00e0 ed attivit\u00e0 culturali che vedono protagonisti arabi ed israeliani. Ed ecco che tecnica e fantasia si incontrano in un meraviglioso tappeto fatto solo di spezie.<\/p>\n\n\n<div class=\"wp-block-image\">\n<figure class=\"alignright size-large is-resized\"><img loading=\"lazy\" decoding=\"async\" width=\"768\" height=\"1024\" src=\"https:\/\/www.italiaisraele.org\/wp-content\/uploads\/2025\/12\/599507459_10236027966812844_741857943973575805_n-768x1024.jpg\" alt=\"\" class=\"wp-image-5060\" style=\"width:663px;height:auto\" srcset=\"https:\/\/www.italiaisraele.org\/wp-content\/uploads\/2025\/12\/599507459_10236027966812844_741857943973575805_n-768x1024.jpg 768w, https:\/\/www.italiaisraele.org\/wp-content\/uploads\/2025\/12\/599507459_10236027966812844_741857943973575805_n-225x300.jpg 225w, https:\/\/www.italiaisraele.org\/wp-content\/uploads\/2025\/12\/599507459_10236027966812844_741857943973575805_n-1152x1536.jpg 1152w, https:\/\/www.italiaisraele.org\/wp-content\/uploads\/2025\/12\/599507459_10236027966812844_741857943973575805_n-600x800.jpg 600w, https:\/\/www.italiaisraele.org\/wp-content\/uploads\/2025\/12\/599507459_10236027966812844_741857943973575805_n.jpg 1536w\" sizes=\"auto, (max-width: 768px) 100vw, 768px\" \/><\/figure>\n<\/div>\n\n\n<p>Ci sono una libreria per bambini e ragazzi, un corso di formazione culturale espressamente dedicato ai giovani arabi, un teatro dove vanno in scena opere scritte e interpretate da giovani attori arabo-israeliani, ed ancora aule e laboratori dove si sviluppa la creativit\u00e0 che poi confluisce in mostre d&#8217;arte interessantissime. Aria pulita di convivenza e di pace.<br>E poi ci sono loro, i drusi. Incontriamo Koftan Halabi, uno dei vertici pi\u00f9 rappresentativi di questa comunit\u00e0 fiera e orgogliosa, perfettamente integrata nel paese e nella societ\u00e0 israeliana. Sebbene costituiscano poco meno di un decimo degli arabi israeliani, ci spiega, gli uomini servono nelle Forze di Difesa Israeliane integrandosi profondamente nell&#8217;esercito e nelle forze di sicurezza, spesso anche in unit\u00e0 di combattimento d&#8217;elite. Al punto che in molti di loro raggiungono anche alti gradi nelle gerarchie militari. <\/p>\n\n\n\n<figure class=\"wp-block-image size-large\"><img loading=\"lazy\" decoding=\"async\" width=\"1024\" height=\"576\" src=\"https:\/\/www.italiaisraele.org\/wp-content\/uploads\/2025\/12\/photo_2019-05-02_17-02-06-1024x576.jpg\" alt=\"\" class=\"wp-image-5061\" srcset=\"https:\/\/www.italiaisraele.org\/wp-content\/uploads\/2025\/12\/photo_2019-05-02_17-02-06-1024x576.jpg 1024w, https:\/\/www.italiaisraele.org\/wp-content\/uploads\/2025\/12\/photo_2019-05-02_17-02-06-300x169.jpg 300w, https:\/\/www.italiaisraele.org\/wp-content\/uploads\/2025\/12\/photo_2019-05-02_17-02-06-768x432.jpg 768w, https:\/\/www.italiaisraele.org\/wp-content\/uploads\/2025\/12\/photo_2019-05-02_17-02-06-1160x653.jpg 1160w, https:\/\/www.italiaisraele.org\/wp-content\/uploads\/2025\/12\/photo_2019-05-02_17-02-06-600x338.jpg 600w, https:\/\/www.italiaisraele.org\/wp-content\/uploads\/2025\/12\/photo_2019-05-02_17-02-06.jpg 1280w\" sizes=\"auto, (max-width: 1024px) 100vw, 1024px\" \/><\/figure>\n\n\n\n<p>Halabi spiega che Israele non ha mai perseguitato &#8211; e tanto meno discriminato &#8211; la popolazione drusa; ricorda il prezzo alto che questa comunit\u00e0 ha dovuto pagare, e continua a pagare (si pensi alle atroci violenze scatenate dalle milizie siriane solo qualche mese fa con esecuzioni sommarie, rapimenti e violenze che non hanno risparmiato nemmeno donne e minori), e i suoi occhi diventano lucidi quando si ricorda la strage dei bambini falciati da un missile lanciato la sera del 27 luglio del 2024 da Hezbollah su un campetto di calcio nel villaggio druso di Majdal Shams. Tra le attivit\u00e0 svolte dal centro diretto da Halabi c&#8217;\u00e8 un progetto molto importante, e anche qui si parla di inclusivit\u00e0: \u00e8 quello che offre ad alcuni giovani drusi che hanno terminato i tre anni nell&#8217;Esercito l&#8217;accompagnamento al lavoro. Altro che apartheid.<br>E che Israele sia il paese dell&#8217;accoglienza e dell&#8217;apertura lo dimostra l&#8217;incontro con i rappresentanti dell&#8217; &#8220;Unistream Center&#8221;, una rete di centri di imprenditorialit\u00e0 giovanile in Israele, focalizzati sul mentoring, l&#8217;innovazione e l&#8217;empowerment, che unisce giovani da diverse comunit\u00e0 (ebrei, arabi, beduini); e che incoraggia background internazionali, offrendo programmi di sviluppo di idee imprenditoriali, partnership con aziende e preparazione a concorsi, con l&#8217;obiettivo di promuovere l&#8217;integrazione e l&#8217;impatto socio-economico.<\/p>\n\n\n\n<figure class=\"wp-block-image size-large\"><img loading=\"lazy\" decoding=\"async\" width=\"1024\" height=\"785\" src=\"https:\/\/www.italiaisraele.org\/wp-content\/uploads\/2025\/12\/dim-2-1024x785.jpg\" alt=\"\" class=\"wp-image-5062\" srcset=\"https:\/\/www.italiaisraele.org\/wp-content\/uploads\/2025\/12\/dim-2-1024x785.jpg 1024w, https:\/\/www.italiaisraele.org\/wp-content\/uploads\/2025\/12\/dim-2-300x230.jpg 300w, https:\/\/www.italiaisraele.org\/wp-content\/uploads\/2025\/12\/dim-2-768x589.jpg 768w, https:\/\/www.italiaisraele.org\/wp-content\/uploads\/2025\/12\/dim-2-600x460.jpg 600w, https:\/\/www.italiaisraele.org\/wp-content\/uploads\/2025\/12\/dim-2.jpg 1500w\" sizes=\"auto, (max-width: 1024px) 100vw, 1024px\" \/><\/figure>\n\n\n\n<p>Nello stesso giorno in cui abbiamo visitato il centro c&#8217;erano 40 giovani donne e uomini provenienti da una decina di nazioni africane e quattro delegazioni dell&#8217;Estremo Oriente: tutti hanno seguito corsi di formazione che arricchiranno \u2013 una volta rientrati a casa &#8211; il loro percorso di vita. Insomma, non c&#8217;\u00e8 partita: solidariet\u00e0 batte apartheid 60-0\/6-0. Gli odiatori seriali se ne facciano una ragione.<br>(Fine prima parte\/segue: Innovazione, la Startup nation)<\/p>\n","protected":false},"excerpt":{"rendered":"<p>Reportage di Giuseppe Crimaldi Viaggio nel Paese delle opportunit\u00e0. Dove nessuno viene lasciato mai indietroPRIMA PARTE: INCLUSIONE E SOLIDARIETA&#8217;Israele, un modello di innovazione, integrazione e solidariet\u00e0. C&#8217;\u00e8 sempre molto pi\u00f9 da imparare dall&#8217;esperienza diretta che non dalla lettura di cento saggi. Cinque giorni in Israele, una full immersion nella realt\u00e0 economica, scientifica e sociale del [&hellip;]<\/p>\n","protected":false},"author":4,"featured_media":5065,"comment_status":"closed","ping_status":"open","sticky":false,"template":"","format":"standard","meta":{"iawp_total_views":226,"footnotes":""},"categories":[33,5],"tags":[963,156,225,238,964,13,832,965],"class_list":["post-5053","post","type-post","status-publish","format-standard","has-post-thumbnail","hentry","category-approfondimenti","category-news","tag-apartheid","tag-arabi","tag-cultura","tag-drusi","tag-inclusione","tag-israele","tag-medicina","tag-solidarieta"],"yoast_head":"<!-- This site is optimized with the Yoast SEO plugin v27.5 - https:\/\/yoast.com\/product\/yoast-seo-wordpress\/ -->\r\n<title>Israele, chi parla di apartheid mente. Ecco perch\u00e9 - Federazione Associazioni Italia Israele<\/title>\r\n<meta name=\"robots\" content=\"index, follow, max-snippet:-1, max-image-preview:large, max-video-preview:-1\" \/>\r\n<link rel=\"canonical\" href=\"https:\/\/www.italiaisraele.org\/?p=5053\" \/>\r\n<meta property=\"og:locale\" content=\"it_IT\" \/>\r\n<meta property=\"og:type\" content=\"article\" \/>\r\n<meta property=\"og:title\" content=\"Israele, chi parla di apartheid mente. Ecco perch\u00e9 - Federazione Associazioni Italia Israele\" \/>\r\n<meta property=\"og:description\" content=\"Reportage di Giuseppe Crimaldi Viaggio nel Paese delle opportunit\u00e0. Dove nessuno viene lasciato mai indietroPRIMA PARTE: INCLUSIONE E SOLIDARIETA&#8217;Israele, un modello di innovazione, integrazione e solidariet\u00e0. C&#8217;\u00e8 sempre molto pi\u00f9 da imparare dall&#8217;esperienza diretta che non dalla lettura di cento saggi. Cinque giorni in Israele, una full immersion nella realt\u00e0 economica, scientifica e sociale del [&hellip;]\" \/>\r\n<meta property=\"og:url\" content=\"https:\/\/www.italiaisraele.org\/?p=5053\" \/>\r\n<meta property=\"og:site_name\" content=\"Federazione Associazioni Italia Israele\" \/>\r\n<meta property=\"article:publisher\" content=\"https:\/\/www.facebook.com\/Federazione.Associazioni.Italia.Israele\" \/>\r\n<meta property=\"article:published_time\" content=\"2025-12-16T22:39:41+00:00\" \/>\r\n<meta property=\"article:modified_time\" content=\"2025-12-25T08:43:21+00:00\" \/>\r\n<meta property=\"og:image\" content=\"https:\/\/www.italiaisraele.org\/wp-content\/uploads\/2025\/12\/canstockphoto3750104.jpg\" \/>\r\n\t<meta property=\"og:image:width\" content=\"800\" \/>\r\n\t<meta property=\"og:image:height\" content=\"533\" \/>\r\n\t<meta property=\"og:image:type\" content=\"image\/jpeg\" \/>\r\n<meta name=\"author\" content=\"Giuseppe Crimaldi\" \/>\r\n<meta name=\"twitter:card\" content=\"summary_large_image\" \/>\r\n<meta name=\"twitter:label1\" content=\"Scritto da\" \/>\n\t<meta name=\"twitter:data1\" content=\"Giuseppe Crimaldi\" \/>\n\t<meta name=\"twitter:label2\" content=\"Tempo di lettura stimato\" \/>\n\t<meta name=\"twitter:data2\" content=\"10 minuti\" \/>\r\n<script type=\"application\/ld+json\" class=\"yoast-schema-graph\">{\"@context\":\"https:\\\/\\\/schema.org\",\"@graph\":[{\"@type\":\"Article\",\"@id\":\"https:\\\/\\\/www.italiaisraele.org\\\/?p=5053#article\",\"isPartOf\":{\"@id\":\"https:\\\/\\\/www.italiaisraele.org\\\/?p=5053\"},\"author\":{\"name\":\"Giuseppe Crimaldi\",\"@id\":\"https:\\\/\\\/www.italiaisraele.org\\\/#\\\/schema\\\/person\\\/7784c17a23e6ef9cb737f3192f043fab\"},\"headline\":\"Israele, chi parla di apartheid mente. Ecco perch\u00e9\",\"datePublished\":\"2025-12-16T22:39:41+00:00\",\"dateModified\":\"2025-12-25T08:43:21+00:00\",\"mainEntityOfPage\":{\"@id\":\"https:\\\/\\\/www.italiaisraele.org\\\/?p=5053\"},\"wordCount\":1428,\"publisher\":{\"@id\":\"https:\\\/\\\/www.italiaisraele.org\\\/#organization\"},\"image\":{\"@id\":\"https:\\\/\\\/www.italiaisraele.org\\\/?p=5053#primaryimage\"},\"thumbnailUrl\":\"https:\\\/\\\/www.italiaisraele.org\\\/wp-content\\\/uploads\\\/2025\\\/12\\\/canstockphoto3750104.jpg\",\"keywords\":[\"apartheid\",\"arabi\",\"cultura\",\"drusi\",\"inclusione\",\"Israele\",\"medicina\",\"solidariet\u00e0\"],\"articleSection\":[\"Approfondimenti\",\"News\"],\"inLanguage\":\"it-IT\"},{\"@type\":\"WebPage\",\"@id\":\"https:\\\/\\\/www.italiaisraele.org\\\/?p=5053\",\"url\":\"https:\\\/\\\/www.italiaisraele.org\\\/?p=5053\",\"name\":\"Israele, chi parla di apartheid mente. Ecco perch\u00e9 - Federazione Associazioni Italia Israele\",\"isPartOf\":{\"@id\":\"https:\\\/\\\/www.italiaisraele.org\\\/#website\"},\"primaryImageOfPage\":{\"@id\":\"https:\\\/\\\/www.italiaisraele.org\\\/?p=5053#primaryimage\"},\"image\":{\"@id\":\"https:\\\/\\\/www.italiaisraele.org\\\/?p=5053#primaryimage\"},\"thumbnailUrl\":\"https:\\\/\\\/www.italiaisraele.org\\\/wp-content\\\/uploads\\\/2025\\\/12\\\/canstockphoto3750104.jpg\",\"datePublished\":\"2025-12-16T22:39:41+00:00\",\"dateModified\":\"2025-12-25T08:43:21+00:00\",\"breadcrumb\":{\"@id\":\"https:\\\/\\\/www.italiaisraele.org\\\/?p=5053#breadcrumb\"},\"inLanguage\":\"it-IT\",\"potentialAction\":[{\"@type\":\"ReadAction\",\"target\":[\"https:\\\/\\\/www.italiaisraele.org\\\/?p=5053\"]}]},{\"@type\":\"ImageObject\",\"inLanguage\":\"it-IT\",\"@id\":\"https:\\\/\\\/www.italiaisraele.org\\\/?p=5053#primaryimage\",\"url\":\"https:\\\/\\\/www.italiaisraele.org\\\/wp-content\\\/uploads\\\/2025\\\/12\\\/canstockphoto3750104.jpg\",\"contentUrl\":\"https:\\\/\\\/www.italiaisraele.org\\\/wp-content\\\/uploads\\\/2025\\\/12\\\/canstockphoto3750104.jpg\",\"width\":800,\"height\":533},{\"@type\":\"BreadcrumbList\",\"@id\":\"https:\\\/\\\/www.italiaisraele.org\\\/?p=5053#breadcrumb\",\"itemListElement\":[{\"@type\":\"ListItem\",\"position\":1,\"name\":\"Home\",\"item\":\"https:\\\/\\\/www.italiaisraele.org\\\/\"},{\"@type\":\"ListItem\",\"position\":2,\"name\":\"Israele, chi parla di apartheid mente. Ecco perch\u00e9\"}]},{\"@type\":\"WebSite\",\"@id\":\"https:\\\/\\\/www.italiaisraele.org\\\/#website\",\"url\":\"https:\\\/\\\/www.italiaisraele.org\\\/\",\"name\":\"News Italia - Israele\",\"description\":\"Italia Israele Today - Magazine\",\"publisher\":{\"@id\":\"https:\\\/\\\/www.italiaisraele.org\\\/#organization\"},\"potentialAction\":[{\"@type\":\"SearchAction\",\"target\":{\"@type\":\"EntryPoint\",\"urlTemplate\":\"https:\\\/\\\/www.italiaisraele.org\\\/?s={search_term_string}\"},\"query-input\":{\"@type\":\"PropertyValueSpecification\",\"valueRequired\":true,\"valueName\":\"search_term_string\"}}],\"inLanguage\":\"it-IT\"},{\"@type\":\"Organization\",\"@id\":\"https:\\\/\\\/www.italiaisraele.org\\\/#organization\",\"name\":\"News Italia - Israele\",\"url\":\"https:\\\/\\\/www.italiaisraele.org\\\/\",\"logo\":{\"@type\":\"ImageObject\",\"inLanguage\":\"it-IT\",\"@id\":\"https:\\\/\\\/www.italiaisraele.org\\\/#\\\/schema\\\/logo\\\/image\\\/\",\"url\":\"https:\\\/\\\/www.italiaisraele.org\\\/wp-content\\\/uploads\\\/2024\\\/02\\\/cropped-cropped-TESTATA-NEWS-2.jpg\",\"contentUrl\":\"https:\\\/\\\/www.italiaisraele.org\\\/wp-content\\\/uploads\\\/2024\\\/02\\\/cropped-cropped-TESTATA-NEWS-2.jpg\",\"width\":1918,\"height\":291,\"caption\":\"News Italia - Israele\"},\"image\":{\"@id\":\"https:\\\/\\\/www.italiaisraele.org\\\/#\\\/schema\\\/logo\\\/image\\\/\"},\"sameAs\":[\"https:\\\/\\\/www.facebook.com\\\/Federazione.Associazioni.Italia.Israele\"]},{\"@type\":\"Person\",\"@id\":\"https:\\\/\\\/www.italiaisraele.org\\\/#\\\/schema\\\/person\\\/7784c17a23e6ef9cb737f3192f043fab\",\"name\":\"Giuseppe Crimaldi\",\"image\":{\"@type\":\"ImageObject\",\"inLanguage\":\"it-IT\",\"@id\":\"https:\\\/\\\/secure.gravatar.com\\\/avatar\\\/a6ddf67481d5d5efef9847e6f4c99a77e7129e93382ea6de1e9ea96b8deec707?s=96&d=mm&r=g\",\"url\":\"https:\\\/\\\/secure.gravatar.com\\\/avatar\\\/a6ddf67481d5d5efef9847e6f4c99a77e7129e93382ea6de1e9ea96b8deec707?s=96&d=mm&r=g\",\"contentUrl\":\"https:\\\/\\\/secure.gravatar.com\\\/avatar\\\/a6ddf67481d5d5efef9847e6f4c99a77e7129e93382ea6de1e9ea96b8deec707?s=96&d=mm&r=g\",\"caption\":\"Giuseppe Crimaldi\"},\"url\":\"https:\\\/\\\/www.italiaisraele.org\\\/?author=4\"}]}<\/script>\r\n<!-- \/ Yoast SEO plugin. -->","yoast_head_json":{"title":"Israele, chi parla di apartheid mente. Ecco perch\u00e9 - Federazione Associazioni Italia Israele","robots":{"index":"index","follow":"follow","max-snippet":"max-snippet:-1","max-image-preview":"max-image-preview:large","max-video-preview":"max-video-preview:-1"},"canonical":"https:\/\/www.italiaisraele.org\/?p=5053","og_locale":"it_IT","og_type":"article","og_title":"Israele, chi parla di apartheid mente. Ecco perch\u00e9 - Federazione Associazioni Italia Israele","og_description":"Reportage di Giuseppe Crimaldi Viaggio nel Paese delle opportunit\u00e0. Dove nessuno viene lasciato mai indietroPRIMA PARTE: INCLUSIONE E SOLIDARIETA&#8217;Israele, un modello di innovazione, integrazione e solidariet\u00e0. C&#8217;\u00e8 sempre molto pi\u00f9 da imparare dall&#8217;esperienza diretta che non dalla lettura di cento saggi. Cinque giorni in Israele, una full immersion nella realt\u00e0 economica, scientifica e sociale del [&hellip;]","og_url":"https:\/\/www.italiaisraele.org\/?p=5053","og_site_name":"Federazione Associazioni Italia Israele","article_publisher":"https:\/\/www.facebook.com\/Federazione.Associazioni.Italia.Israele","article_published_time":"2025-12-16T22:39:41+00:00","article_modified_time":"2025-12-25T08:43:21+00:00","og_image":[{"width":800,"height":533,"url":"https:\/\/www.italiaisraele.org\/wp-content\/uploads\/2025\/12\/canstockphoto3750104.jpg","type":"image\/jpeg"}],"author":"Giuseppe Crimaldi","twitter_card":"summary_large_image","twitter_misc":{"Scritto da":"Giuseppe Crimaldi","Tempo di lettura stimato":"10 minuti"},"schema":{"@context":"https:\/\/schema.org","@graph":[{"@type":"Article","@id":"https:\/\/www.italiaisraele.org\/?p=5053#article","isPartOf":{"@id":"https:\/\/www.italiaisraele.org\/?p=5053"},"author":{"name":"Giuseppe Crimaldi","@id":"https:\/\/www.italiaisraele.org\/#\/schema\/person\/7784c17a23e6ef9cb737f3192f043fab"},"headline":"Israele, chi parla di apartheid mente. Ecco perch\u00e9","datePublished":"2025-12-16T22:39:41+00:00","dateModified":"2025-12-25T08:43:21+00:00","mainEntityOfPage":{"@id":"https:\/\/www.italiaisraele.org\/?p=5053"},"wordCount":1428,"publisher":{"@id":"https:\/\/www.italiaisraele.org\/#organization"},"image":{"@id":"https:\/\/www.italiaisraele.org\/?p=5053#primaryimage"},"thumbnailUrl":"https:\/\/www.italiaisraele.org\/wp-content\/uploads\/2025\/12\/canstockphoto3750104.jpg","keywords":["apartheid","arabi","cultura","drusi","inclusione","Israele","medicina","solidariet\u00e0"],"articleSection":["Approfondimenti","News"],"inLanguage":"it-IT"},{"@type":"WebPage","@id":"https:\/\/www.italiaisraele.org\/?p=5053","url":"https:\/\/www.italiaisraele.org\/?p=5053","name":"Israele, chi parla di apartheid mente. Ecco perch\u00e9 - Federazione Associazioni Italia Israele","isPartOf":{"@id":"https:\/\/www.italiaisraele.org\/#website"},"primaryImageOfPage":{"@id":"https:\/\/www.italiaisraele.org\/?p=5053#primaryimage"},"image":{"@id":"https:\/\/www.italiaisraele.org\/?p=5053#primaryimage"},"thumbnailUrl":"https:\/\/www.italiaisraele.org\/wp-content\/uploads\/2025\/12\/canstockphoto3750104.jpg","datePublished":"2025-12-16T22:39:41+00:00","dateModified":"2025-12-25T08:43:21+00:00","breadcrumb":{"@id":"https:\/\/www.italiaisraele.org\/?p=5053#breadcrumb"},"inLanguage":"it-IT","potentialAction":[{"@type":"ReadAction","target":["https:\/\/www.italiaisraele.org\/?p=5053"]}]},{"@type":"ImageObject","inLanguage":"it-IT","@id":"https:\/\/www.italiaisraele.org\/?p=5053#primaryimage","url":"https:\/\/www.italiaisraele.org\/wp-content\/uploads\/2025\/12\/canstockphoto3750104.jpg","contentUrl":"https:\/\/www.italiaisraele.org\/wp-content\/uploads\/2025\/12\/canstockphoto3750104.jpg","width":800,"height":533},{"@type":"BreadcrumbList","@id":"https:\/\/www.italiaisraele.org\/?p=5053#breadcrumb","itemListElement":[{"@type":"ListItem","position":1,"name":"Home","item":"https:\/\/www.italiaisraele.org\/"},{"@type":"ListItem","position":2,"name":"Israele, chi parla di apartheid mente. Ecco perch\u00e9"}]},{"@type":"WebSite","@id":"https:\/\/www.italiaisraele.org\/#website","url":"https:\/\/www.italiaisraele.org\/","name":"News Italia - Israele","description":"Italia Israele Today - Magazine","publisher":{"@id":"https:\/\/www.italiaisraele.org\/#organization"},"potentialAction":[{"@type":"SearchAction","target":{"@type":"EntryPoint","urlTemplate":"https:\/\/www.italiaisraele.org\/?s={search_term_string}"},"query-input":{"@type":"PropertyValueSpecification","valueRequired":true,"valueName":"search_term_string"}}],"inLanguage":"it-IT"},{"@type":"Organization","@id":"https:\/\/www.italiaisraele.org\/#organization","name":"News Italia - Israele","url":"https:\/\/www.italiaisraele.org\/","logo":{"@type":"ImageObject","inLanguage":"it-IT","@id":"https:\/\/www.italiaisraele.org\/#\/schema\/logo\/image\/","url":"https:\/\/www.italiaisraele.org\/wp-content\/uploads\/2024\/02\/cropped-cropped-TESTATA-NEWS-2.jpg","contentUrl":"https:\/\/www.italiaisraele.org\/wp-content\/uploads\/2024\/02\/cropped-cropped-TESTATA-NEWS-2.jpg","width":1918,"height":291,"caption":"News Italia - Israele"},"image":{"@id":"https:\/\/www.italiaisraele.org\/#\/schema\/logo\/image\/"},"sameAs":["https:\/\/www.facebook.com\/Federazione.Associazioni.Italia.Israele"]},{"@type":"Person","@id":"https:\/\/www.italiaisraele.org\/#\/schema\/person\/7784c17a23e6ef9cb737f3192f043fab","name":"Giuseppe Crimaldi","image":{"@type":"ImageObject","inLanguage":"it-IT","@id":"https:\/\/secure.gravatar.com\/avatar\/a6ddf67481d5d5efef9847e6f4c99a77e7129e93382ea6de1e9ea96b8deec707?s=96&d=mm&r=g","url":"https:\/\/secure.gravatar.com\/avatar\/a6ddf67481d5d5efef9847e6f4c99a77e7129e93382ea6de1e9ea96b8deec707?s=96&d=mm&r=g","contentUrl":"https:\/\/secure.gravatar.com\/avatar\/a6ddf67481d5d5efef9847e6f4c99a77e7129e93382ea6de1e9ea96b8deec707?s=96&d=mm&r=g","caption":"Giuseppe Crimaldi"},"url":"https:\/\/www.italiaisraele.org\/?author=4"}]}},"_links":{"self":[{"href":"https:\/\/www.italiaisraele.org\/index.php?rest_route=\/wp\/v2\/posts\/5053","targetHints":{"allow":["GET"]}}],"collection":[{"href":"https:\/\/www.italiaisraele.org\/index.php?rest_route=\/wp\/v2\/posts"}],"about":[{"href":"https:\/\/www.italiaisraele.org\/index.php?rest_route=\/wp\/v2\/types\/post"}],"author":[{"embeddable":true,"href":"https:\/\/www.italiaisraele.org\/index.php?rest_route=\/wp\/v2\/users\/4"}],"replies":[{"embeddable":true,"href":"https:\/\/www.italiaisraele.org\/index.php?rest_route=%2Fwp%2Fv2%2Fcomments&post=5053"}],"version-history":[{"count":0,"href":"https:\/\/www.italiaisraele.org\/index.php?rest_route=\/wp\/v2\/posts\/5053\/revisions"}],"wp:featuredmedia":[{"embeddable":true,"href":"https:\/\/www.italiaisraele.org\/index.php?rest_route=\/wp\/v2\/media\/5065"}],"wp:attachment":[{"href":"https:\/\/www.italiaisraele.org\/index.php?rest_route=%2Fwp%2Fv2%2Fmedia&parent=5053"}],"wp:term":[{"taxonomy":"category","embeddable":true,"href":"https:\/\/www.italiaisraele.org\/index.php?rest_route=%2Fwp%2Fv2%2Fcategories&post=5053"},{"taxonomy":"post_tag","embeddable":true,"href":"https:\/\/www.italiaisraele.org\/index.php?rest_route=%2Fwp%2Fv2%2Ftags&post=5053"}],"curies":[{"name":"wp","href":"https:\/\/api.w.org\/{rel}","templated":true}]}}