{"id":5043,"date":"2025-12-04T16:45:53","date_gmt":"2025-12-04T15:45:53","guid":{"rendered":"https:\/\/www.italiaisraele.org\/?p=5043"},"modified":"2025-12-04T17:03:04","modified_gmt":"2025-12-04T16:03:04","slug":"la-fattura-della-flottilla-un-conto-che-racconta-molto-piu-di-cifre","status":"publish","type":"post","link":"https:\/\/www.italiaisraele.org\/?p=5043","title":{"rendered":"La fattura della flottilla: un conto che racconta molto pi\u00f9 di cifre"},"content":{"rendered":"\n<p class=\"wp-block-paragraph\">di <em>Nicola Fioretti<\/em><\/p>\n\n\n\n<p class=\"wp-block-paragraph\">C\u2019\u00e8 chi l\u2019ha definita una \u201cmeschinit\u00e0\u201d, chi un atto di cinismo. Ma, a ben vedere, la polemica sulle fatture inviate dal Dipartimento Federale degli Affari Esteri (DFAE) agli attivisti della Freedom Flotilla si \u00e8 concentrata esclusivamente sulla sfera emotiva, ignorando il principio di fondo. Perch\u00e9 dietro quei numeri non c\u2019\u00e8 freddezza burocratica, ma un principio chiaro: la responsabilit\u00e0 individuale davanti alle scelte politiche.<br>La Flottilla si era presentata come missione umanitaria. Sebbene politica e azioni umanitarie possano talvolta coincidere, la cartina tornasole ha rivelato un obiettivo ben diverso: non si trattava di distribuire aiuti in coordinamento con le ONG locali. Si mirava, invece, a sfidare apertamente il blocco marittimo, creare deliberatamente momenti di tensione e utilizzare le navi come un efficace palcoscenico mediatico.<br>Non logistica, ma provocazione. Non cooperazione, ma spettacolo politico. L&#8217;azione ha superato il confine della legittima protesta trasformandosi in uno strumento di confronto diretto, violando il principio di precauzione logistica.<br>In quel contesto, la Svizzera ha fatto ci\u00f2 che le competeva: ha garantito assistenza consolare, negoziato con Israele e organizzato il rimpatrio dei suoi cittadini. Ha rispettato la Costituzione, proteggendo chi ne aveva diritto. Ma ha anche chiesto il rimborso delle spese straordinarie: diplomatici inviati d\u2019urgenza, viaggi imprevisti, supporto logistico eccezionale. E qui sta il punto.<br>Perch\u00e9 mai un pensionato di Lugano o un impiegato di Basilea dovrebbero pagare di tasca propria<br>le conseguenze di una scelta politica deliberata da un ristretto gruppo di attivisti? E qui si rende necessario un crudele, ma onesto, esercizio mentale: che cosa ha reso il rimpatrio possibile? Il fatto che l&#8217;azione fosse diretta verso una democrazia, sebbene in stato di conflitto.<br>Immaginiamo, per un istante, che la Flottilla avesse tentato di sfidare un attore non statale come<br>Hamas, o una dittatura senza alcun rispetto per il diritto internazionale. Non ci sarebbero state<br>negoziazioni consolari n\u00e9 un interlocutore disposto a garantire l&#8217;incolumit\u00e0 fisica. Questa riflessione quindi porta a una conclusione ancora pi\u00f9 netta: i costi operativi non sono stati generati tanto dalla \u201cmissione\u201d, quanto dalla presunzione che l&#8217;avversario avrebbe rispettato delle regole, permettendo il salvataggio diplomatico.<br>La \u201clogica di Berna\u201d \u00e8 semplice nella sua chiarezza: protezione consolare s\u00ec, sovvenzione di azioni rischiose no. \u00c8 un principio di equit\u00e0 fiscale. Se lo Stato copre sempre e comunque i costi di scelte politiche personali, si incoraggia la deresponsabilizzazione. La fattura diventa allora un messaggio trasparente: la libert\u00e0 di manifestare resta intatta, ma non a spese della collettivit\u00e0.<br>E qui l\u2019Europa dovrebbe fermarsi a riflettere. Ogni anno i ministeri degli Esteri spendono milioni<br>per rimpatriare cittadini che ignorano avvisi di viaggio o si mettono volontariamente in situazioni pericolose. \u00c8 come se un turista decidesse di scalare un vulcano attivo nonostante i cartelli di divieto, e poi pretendesse che lo Stato pagasse l\u2019elicottero di soccorso. La Svizzera ha tracciato una linea netta: tutela dei diritti, ma anche tutela del bilancio pubblico.<br><strong>La Flottilla non era un convoglio umanitario, bens\u00ec un\u2019operazione politica ben orchestrata, mascherata da solidariet\u00e0. Con la richiesta di rimborso, la Svizzera non ha solo difeso i suoi contribuenti: ha dato un segnale di coerenza e integrit\u00e0.<\/strong> La \u201clogica di Berna\u201d non \u00e8 meschinit\u00e0, ma responsabilit\u00e0. Ed \u00e8 tempo che anche l\u2019Europa la faccia propria.<\/p>\n\n\n\n<p class=\"wp-block-paragraph\"><\/p>\n","protected":false},"excerpt":{"rendered":"<p>di Nicola Fioretti C\u2019\u00e8 chi l\u2019ha definita una \u201cmeschinit\u00e0\u201d, chi un atto di cinismo. Ma, a ben vedere, la polemica sulle fatture inviate dal Dipartimento Federale degli Affari Esteri (DFAE) agli attivisti della Freedom Flotilla si \u00e8 concentrata esclusivamente sulla sfera emotiva, ignorando il principio di fondo. Perch\u00e9 dietro quei numeri non c\u2019\u00e8 freddezza burocratica, [&hellip;]<\/p>\n","protected":false},"author":2,"featured_media":4769,"comment_status":"closed","ping_status":"open","sticky":false,"template":"","format":"standard","meta":{"iawp_total_views":213,"footnotes":""},"categories":[4],"tags":[813,56],"class_list":["post-5043","post","type-post","status-publish","format-standard","has-post-thumbnail","hentry","category-attualita","tag-flottilla","tag-gaza"],"yoast_head":"<!-- This site is optimized with the Yoast SEO plugin v28.4 - https:\/\/yoast.com\/product\/yoast-seo-wordpress\/ -->\r\n<title>La fattura della flottilla: un conto che racconta molto pi\u00f9 di cifre - Federazione Associazioni Italia Israele<\/title>\r\n<meta name=\"robots\" content=\"index, follow, max-snippet:-1, max-image-preview:large, max-video-preview:-1\" \/>\r\n<link rel=\"canonical\" href=\"https:\/\/www.italiaisraele.org\/?p=5043\" \/>\r\n<meta property=\"og:locale\" content=\"it_IT\" \/>\r\n<meta property=\"og:type\" content=\"article\" \/>\r\n<meta property=\"og:title\" content=\"La fattura della flottilla: un conto che racconta molto pi\u00f9 di cifre - Federazione Associazioni Italia Israele\" \/>\r\n<meta property=\"og:description\" content=\"di Nicola Fioretti C\u2019\u00e8 chi l\u2019ha definita una \u201cmeschinit\u00e0\u201d, chi un atto di cinismo. Ma, a ben vedere, la polemica sulle fatture inviate dal Dipartimento Federale degli Affari Esteri (DFAE) agli attivisti della Freedom Flotilla si \u00e8 concentrata esclusivamente sulla sfera emotiva, ignorando il principio di fondo. Perch\u00e9 dietro quei numeri non c\u2019\u00e8 freddezza burocratica, [&hellip;]\" \/>\r\n<meta property=\"og:url\" content=\"https:\/\/www.italiaisraele.org\/?p=5043\" \/>\r\n<meta property=\"og:site_name\" content=\"Federazione Associazioni Italia Israele\" \/>\r\n<meta property=\"article:publisher\" content=\"https:\/\/www.facebook.com\/Federazione.Associazioni.Italia.Israele\" \/>\r\n<meta property=\"article:published_time\" content=\"2025-12-04T15:45:53+00:00\" \/>\r\n<meta property=\"article:modified_time\" content=\"2025-12-04T16:03:04+00:00\" \/>\r\n<meta property=\"og:image\" content=\"https:\/\/www.italiaisraele.org\/wp-content\/uploads\/2025\/08\/gaza-blockade.jpg\" \/>\r\n\t<meta property=\"og:image:width\" content=\"770\" \/>\r\n\t<meta property=\"og:image:height\" content=\"513\" \/>\r\n\t<meta property=\"og:image:type\" content=\"image\/jpeg\" \/>\r\n<meta name=\"author\" content=\"Redazione\" \/>\r\n<meta name=\"twitter:card\" content=\"summary_large_image\" \/>\r\n<meta name=\"twitter:label1\" content=\"Scritto da\" \/>\n\t<meta name=\"twitter:data1\" content=\"Redazione\" \/>\n\t<meta name=\"twitter:label2\" content=\"Tempo di lettura stimato\" \/>\n\t<meta name=\"twitter:data2\" content=\"4 minuti\" \/>\r\n<script type=\"application\/ld+json\" class=\"yoast-schema-graph\">{\"@context\":\"https:\\\/\\\/schema.org\",\"@graph\":[{\"@type\":\"Article\",\"@id\":\"https:\\\/\\\/www.italiaisraele.org\\\/?p=5043#article\",\"isPartOf\":{\"@id\":\"https:\\\/\\\/www.italiaisraele.org\\\/?p=5043\"},\"author\":{\"name\":\"Redazione\",\"@id\":\"https:\\\/\\\/www.italiaisraele.org\\\/#\\\/schema\\\/person\\\/a58663d7e92468eb3e7d158e016946cd\"},\"headline\":\"La fattura della flottilla: un conto che racconta molto pi\u00f9 di cifre\",\"datePublished\":\"2025-12-04T15:45:53+00:00\",\"dateModified\":\"2025-12-04T16:03:04+00:00\",\"mainEntityOfPage\":{\"@id\":\"https:\\\/\\\/www.italiaisraele.org\\\/?p=5043\"},\"wordCount\":545,\"publisher\":{\"@id\":\"https:\\\/\\\/www.italiaisraele.org\\\/#organization\"},\"image\":{\"@id\":\"https:\\\/\\\/www.italiaisraele.org\\\/?p=5043#primaryimage\"},\"thumbnailUrl\":\"https:\\\/\\\/www.italiaisraele.org\\\/wp-content\\\/uploads\\\/2025\\\/08\\\/gaza-blockade.jpg\",\"keywords\":[\"flottilla\",\"Gaza\"],\"articleSection\":[\"Attualit\u00e0\"],\"inLanguage\":\"it-IT\"},{\"@type\":\"WebPage\",\"@id\":\"https:\\\/\\\/www.italiaisraele.org\\\/?p=5043\",\"url\":\"https:\\\/\\\/www.italiaisraele.org\\\/?p=5043\",\"name\":\"La fattura della flottilla: un conto che racconta molto pi\u00f9 di cifre - Federazione Associazioni Italia Israele\",\"isPartOf\":{\"@id\":\"https:\\\/\\\/www.italiaisraele.org\\\/#website\"},\"primaryImageOfPage\":{\"@id\":\"https:\\\/\\\/www.italiaisraele.org\\\/?p=5043#primaryimage\"},\"image\":{\"@id\":\"https:\\\/\\\/www.italiaisraele.org\\\/?p=5043#primaryimage\"},\"thumbnailUrl\":\"https:\\\/\\\/www.italiaisraele.org\\\/wp-content\\\/uploads\\\/2025\\\/08\\\/gaza-blockade.jpg\",\"datePublished\":\"2025-12-04T15:45:53+00:00\",\"dateModified\":\"2025-12-04T16:03:04+00:00\",\"breadcrumb\":{\"@id\":\"https:\\\/\\\/www.italiaisraele.org\\\/?p=5043#breadcrumb\"},\"inLanguage\":\"it-IT\",\"potentialAction\":[{\"@type\":\"ReadAction\",\"target\":[\"https:\\\/\\\/www.italiaisraele.org\\\/?p=5043\"]}]},{\"@type\":\"ImageObject\",\"inLanguage\":\"it-IT\",\"@id\":\"https:\\\/\\\/www.italiaisraele.org\\\/?p=5043#primaryimage\",\"url\":\"https:\\\/\\\/www.italiaisraele.org\\\/wp-content\\\/uploads\\\/2025\\\/08\\\/gaza-blockade.jpg\",\"contentUrl\":\"https:\\\/\\\/www.italiaisraele.org\\\/wp-content\\\/uploads\\\/2025\\\/08\\\/gaza-blockade.jpg\",\"width\":770,\"height\":513},{\"@type\":\"BreadcrumbList\",\"@id\":\"https:\\\/\\\/www.italiaisraele.org\\\/?p=5043#breadcrumb\",\"itemListElement\":[{\"@type\":\"ListItem\",\"position\":1,\"name\":\"Home\",\"item\":\"https:\\\/\\\/www.italiaisraele.org\\\/\"},{\"@type\":\"ListItem\",\"position\":2,\"name\":\"La fattura della flottilla: un conto che racconta molto pi\u00f9 di cifre\"}]},{\"@type\":\"WebSite\",\"@id\":\"https:\\\/\\\/www.italiaisraele.org\\\/#website\",\"url\":\"https:\\\/\\\/www.italiaisraele.org\\\/\",\"name\":\"News Italia - Israele\",\"description\":\"Italia Israele Today - Magazine\",\"publisher\":{\"@id\":\"https:\\\/\\\/www.italiaisraele.org\\\/#organization\"},\"potentialAction\":[{\"@type\":\"SearchAction\",\"target\":{\"@type\":\"EntryPoint\",\"urlTemplate\":\"https:\\\/\\\/www.italiaisraele.org\\\/?s={search_term_string}\"},\"query-input\":{\"@type\":\"PropertyValueSpecification\",\"valueRequired\":true,\"valueName\":\"search_term_string\"}}],\"inLanguage\":\"it-IT\"},{\"@type\":\"Organization\",\"@id\":\"https:\\\/\\\/www.italiaisraele.org\\\/#organization\",\"name\":\"News Italia - Israele\",\"url\":\"https:\\\/\\\/www.italiaisraele.org\\\/\",\"logo\":{\"@type\":\"ImageObject\",\"inLanguage\":\"it-IT\",\"@id\":\"https:\\\/\\\/www.italiaisraele.org\\\/#\\\/schema\\\/logo\\\/image\\\/\",\"url\":\"https:\\\/\\\/www.italiaisraele.org\\\/wp-content\\\/uploads\\\/2024\\\/02\\\/cropped-cropped-TESTATA-NEWS-2.jpg\",\"contentUrl\":\"https:\\\/\\\/www.italiaisraele.org\\\/wp-content\\\/uploads\\\/2024\\\/02\\\/cropped-cropped-TESTATA-NEWS-2.jpg\",\"width\":1918,\"height\":291,\"caption\":\"News Italia - Israele\"},\"image\":{\"@id\":\"https:\\\/\\\/www.italiaisraele.org\\\/#\\\/schema\\\/logo\\\/image\\\/\"},\"sameAs\":[\"https:\\\/\\\/www.facebook.com\\\/Federazione.Associazioni.Italia.Israele\"]},{\"@type\":\"Person\",\"@id\":\"https:\\\/\\\/www.italiaisraele.org\\\/#\\\/schema\\\/person\\\/a58663d7e92468eb3e7d158e016946cd\",\"name\":\"Redazione\",\"image\":{\"@type\":\"ImageObject\",\"inLanguage\":\"it-IT\",\"@id\":\"https:\\\/\\\/secure.gravatar.com\\\/avatar\\\/fe11715b332cc423bb3991a005da4d50b44647eec21b11abddd059d3deafc450?s=96&d=mm&r=g\",\"url\":\"https:\\\/\\\/secure.gravatar.com\\\/avatar\\\/fe11715b332cc423bb3991a005da4d50b44647eec21b11abddd059d3deafc450?s=96&d=mm&r=g\",\"contentUrl\":\"https:\\\/\\\/secure.gravatar.com\\\/avatar\\\/fe11715b332cc423bb3991a005da4d50b44647eec21b11abddd059d3deafc450?s=96&d=mm&r=g\",\"caption\":\"Redazione\"},\"url\":\"https:\\\/\\\/www.italiaisraele.org\\\/?author=2\"}]}<\/script>\r\n<!-- \/ Yoast SEO plugin. -->","yoast_head_json":{"title":"La fattura della flottilla: un conto che racconta molto pi\u00f9 di cifre - Federazione Associazioni Italia Israele","robots":{"index":"index","follow":"follow","max-snippet":"max-snippet:-1","max-image-preview":"max-image-preview:large","max-video-preview":"max-video-preview:-1"},"canonical":"https:\/\/www.italiaisraele.org\/?p=5043","og_locale":"it_IT","og_type":"article","og_title":"La fattura della flottilla: un conto che racconta molto pi\u00f9 di cifre - Federazione Associazioni Italia Israele","og_description":"di Nicola Fioretti C\u2019\u00e8 chi l\u2019ha definita una \u201cmeschinit\u00e0\u201d, chi un atto di cinismo. Ma, a ben vedere, la polemica sulle fatture inviate dal Dipartimento Federale degli Affari Esteri (DFAE) agli attivisti della Freedom Flotilla si \u00e8 concentrata esclusivamente sulla sfera emotiva, ignorando il principio di fondo. Perch\u00e9 dietro quei numeri non c\u2019\u00e8 freddezza burocratica, [&hellip;]","og_url":"https:\/\/www.italiaisraele.org\/?p=5043","og_site_name":"Federazione Associazioni Italia Israele","article_publisher":"https:\/\/www.facebook.com\/Federazione.Associazioni.Italia.Israele","article_published_time":"2025-12-04T15:45:53+00:00","article_modified_time":"2025-12-04T16:03:04+00:00","og_image":[{"width":770,"height":513,"url":"https:\/\/www.italiaisraele.org\/wp-content\/uploads\/2025\/08\/gaza-blockade.jpg","type":"image\/jpeg"}],"author":"Redazione","twitter_card":"summary_large_image","twitter_misc":{"Scritto da":"Redazione","Tempo di lettura stimato":"4 minuti"},"schema":{"@context":"https:\/\/schema.org","@graph":[{"@type":"Article","@id":"https:\/\/www.italiaisraele.org\/?p=5043#article","isPartOf":{"@id":"https:\/\/www.italiaisraele.org\/?p=5043"},"author":{"name":"Redazione","@id":"https:\/\/www.italiaisraele.org\/#\/schema\/person\/a58663d7e92468eb3e7d158e016946cd"},"headline":"La fattura della flottilla: un conto che racconta molto pi\u00f9 di cifre","datePublished":"2025-12-04T15:45:53+00:00","dateModified":"2025-12-04T16:03:04+00:00","mainEntityOfPage":{"@id":"https:\/\/www.italiaisraele.org\/?p=5043"},"wordCount":545,"publisher":{"@id":"https:\/\/www.italiaisraele.org\/#organization"},"image":{"@id":"https:\/\/www.italiaisraele.org\/?p=5043#primaryimage"},"thumbnailUrl":"https:\/\/www.italiaisraele.org\/wp-content\/uploads\/2025\/08\/gaza-blockade.jpg","keywords":["flottilla","Gaza"],"articleSection":["Attualit\u00e0"],"inLanguage":"it-IT"},{"@type":"WebPage","@id":"https:\/\/www.italiaisraele.org\/?p=5043","url":"https:\/\/www.italiaisraele.org\/?p=5043","name":"La fattura della flottilla: un conto che racconta molto pi\u00f9 di cifre - Federazione Associazioni Italia Israele","isPartOf":{"@id":"https:\/\/www.italiaisraele.org\/#website"},"primaryImageOfPage":{"@id":"https:\/\/www.italiaisraele.org\/?p=5043#primaryimage"},"image":{"@id":"https:\/\/www.italiaisraele.org\/?p=5043#primaryimage"},"thumbnailUrl":"https:\/\/www.italiaisraele.org\/wp-content\/uploads\/2025\/08\/gaza-blockade.jpg","datePublished":"2025-12-04T15:45:53+00:00","dateModified":"2025-12-04T16:03:04+00:00","breadcrumb":{"@id":"https:\/\/www.italiaisraele.org\/?p=5043#breadcrumb"},"inLanguage":"it-IT","potentialAction":[{"@type":"ReadAction","target":["https:\/\/www.italiaisraele.org\/?p=5043"]}]},{"@type":"ImageObject","inLanguage":"it-IT","@id":"https:\/\/www.italiaisraele.org\/?p=5043#primaryimage","url":"https:\/\/www.italiaisraele.org\/wp-content\/uploads\/2025\/08\/gaza-blockade.jpg","contentUrl":"https:\/\/www.italiaisraele.org\/wp-content\/uploads\/2025\/08\/gaza-blockade.jpg","width":770,"height":513},{"@type":"BreadcrumbList","@id":"https:\/\/www.italiaisraele.org\/?p=5043#breadcrumb","itemListElement":[{"@type":"ListItem","position":1,"name":"Home","item":"https:\/\/www.italiaisraele.org\/"},{"@type":"ListItem","position":2,"name":"La fattura della flottilla: un conto che racconta molto pi\u00f9 di cifre"}]},{"@type":"WebSite","@id":"https:\/\/www.italiaisraele.org\/#website","url":"https:\/\/www.italiaisraele.org\/","name":"News Italia - Israele","description":"Italia Israele Today - Magazine","publisher":{"@id":"https:\/\/www.italiaisraele.org\/#organization"},"potentialAction":[{"@type":"SearchAction","target":{"@type":"EntryPoint","urlTemplate":"https:\/\/www.italiaisraele.org\/?s={search_term_string}"},"query-input":{"@type":"PropertyValueSpecification","valueRequired":true,"valueName":"search_term_string"}}],"inLanguage":"it-IT"},{"@type":"Organization","@id":"https:\/\/www.italiaisraele.org\/#organization","name":"News Italia - Israele","url":"https:\/\/www.italiaisraele.org\/","logo":{"@type":"ImageObject","inLanguage":"it-IT","@id":"https:\/\/www.italiaisraele.org\/#\/schema\/logo\/image\/","url":"https:\/\/www.italiaisraele.org\/wp-content\/uploads\/2024\/02\/cropped-cropped-TESTATA-NEWS-2.jpg","contentUrl":"https:\/\/www.italiaisraele.org\/wp-content\/uploads\/2024\/02\/cropped-cropped-TESTATA-NEWS-2.jpg","width":1918,"height":291,"caption":"News Italia - Israele"},"image":{"@id":"https:\/\/www.italiaisraele.org\/#\/schema\/logo\/image\/"},"sameAs":["https:\/\/www.facebook.com\/Federazione.Associazioni.Italia.Israele"]},{"@type":"Person","@id":"https:\/\/www.italiaisraele.org\/#\/schema\/person\/a58663d7e92468eb3e7d158e016946cd","name":"Redazione","image":{"@type":"ImageObject","inLanguage":"it-IT","@id":"https:\/\/secure.gravatar.com\/avatar\/fe11715b332cc423bb3991a005da4d50b44647eec21b11abddd059d3deafc450?s=96&d=mm&r=g","url":"https:\/\/secure.gravatar.com\/avatar\/fe11715b332cc423bb3991a005da4d50b44647eec21b11abddd059d3deafc450?s=96&d=mm&r=g","contentUrl":"https:\/\/secure.gravatar.com\/avatar\/fe11715b332cc423bb3991a005da4d50b44647eec21b11abddd059d3deafc450?s=96&d=mm&r=g","caption":"Redazione"},"url":"https:\/\/www.italiaisraele.org\/?author=2"}]}},"_links":{"self":[{"href":"https:\/\/www.italiaisraele.org\/index.php?rest_route=\/wp\/v2\/posts\/5043","targetHints":{"allow":["GET"]}}],"collection":[{"href":"https:\/\/www.italiaisraele.org\/index.php?rest_route=\/wp\/v2\/posts"}],"about":[{"href":"https:\/\/www.italiaisraele.org\/index.php?rest_route=\/wp\/v2\/types\/post"}],"author":[{"embeddable":true,"href":"https:\/\/www.italiaisraele.org\/index.php?rest_route=\/wp\/v2\/users\/2"}],"replies":[{"embeddable":true,"href":"https:\/\/www.italiaisraele.org\/index.php?rest_route=%2Fwp%2Fv2%2Fcomments&post=5043"}],"version-history":[{"count":0,"href":"https:\/\/www.italiaisraele.org\/index.php?rest_route=\/wp\/v2\/posts\/5043\/revisions"}],"wp:featuredmedia":[{"embeddable":true,"href":"https:\/\/www.italiaisraele.org\/index.php?rest_route=\/wp\/v2\/media\/4769"}],"wp:attachment":[{"href":"https:\/\/www.italiaisraele.org\/index.php?rest_route=%2Fwp%2Fv2%2Fmedia&parent=5043"}],"wp:term":[{"taxonomy":"category","embeddable":true,"href":"https:\/\/www.italiaisraele.org\/index.php?rest_route=%2Fwp%2Fv2%2Fcategories&post=5043"},{"taxonomy":"post_tag","embeddable":true,"href":"https:\/\/www.italiaisraele.org\/index.php?rest_route=%2Fwp%2Fv2%2Ftags&post=5043"}],"curies":[{"name":"wp","href":"https:\/\/api.w.org\/{rel}","templated":true}]}}