{"id":4921,"date":"2025-10-27T11:54:15","date_gmt":"2025-10-27T10:54:15","guid":{"rendered":"https:\/\/www.italiaisraele.org\/?p=4921"},"modified":"2025-10-27T12:05:32","modified_gmt":"2025-10-27T11:05:32","slug":"gli-odiatori-senza-qualita","status":"publish","type":"post","link":"https:\/\/www.italiaisraele.org\/?p=4921","title":{"rendered":"Gli odiatori senza qualit\u00e0"},"content":{"rendered":"\n<p>Ora che persino Hamas \u00e8 stata costretta a piegarsi al progetto di pacificazione nella Striscia di Gaza, e mentre tre quarti del mondo islamico concorda col piano americano per Gaza, in Italia i propal non ci stanno. E continuano le loro assurde manifestazioni violente: perch\u00e9 sfasciare, aggredire poliziotti, mettere a testa in gi\u00f9 i fantocci dei politici al governo \u00e8 la loro vera passione. <\/p>\n\n\n\n<p><strong>Perch\u00e9 la vera molla di questi incappucciati che sventolando la bandiera palestinese nemmeno si rendono conto di fare un danno irreparabile alla causa palestinese \u00e8 l&#8217;ODIO<\/strong>. Odiano e basta. E rosicano (assieme a segmenti del sindacato italiano, che della propaganda anti-israeliana ha fatto la propria bandiera, con buona pace dei lavoratori italiani in difficolt\u00e0).<\/p>\n\n\n\n<p>Odiate pure, ma sappiate che rappresentare proteste violente, occupare scuole e atenei con ragioni oggi pi\u00f9 che mai strumentali, inneggiare alla intifada italiana (sic!) pi\u00f9 prima che poi vi seppellir\u00e0.<\/p>\n\n\n\n<p>g.c.<\/p>\n","protected":false},"excerpt":{"rendered":"<p>Ora che persino Hamas \u00e8 stata costretta a piegarsi al progetto di pacificazione nella Striscia di Gaza, e mentre tre quarti del mondo islamico concorda col piano americano per Gaza, in Italia i propal non ci stanno. E continuano le loro assurde manifestazioni violente: perch\u00e9 sfasciare, aggredire poliziotti, mettere a testa in gi\u00f9 i fantocci [&hellip;]<\/p>\n","protected":false},"author":4,"featured_media":4922,"comment_status":"open","ping_status":"open","sticky":false,"template":"","format":"standard","meta":{"iawp_total_views":187,"footnotes":""},"categories":[10],"tags":[13,799,167,948],"class_list":["post-4921","post","type-post","status-publish","format-standard","has-post-thumbnail","hentry","category-editoriale","tag-israele","tag-odio","tag-propal","tag-violenze"],"yoast_head":"<!-- This site is optimized with the Yoast SEO plugin v27.5 - https:\/\/yoast.com\/product\/yoast-seo-wordpress\/ -->\r\n<title>Gli odiatori senza qualit\u00e0 - Federazione Associazioni Italia Israele<\/title>\r\n<meta name=\"robots\" content=\"index, follow, max-snippet:-1, max-image-preview:large, max-video-preview:-1\" \/>\r\n<link rel=\"canonical\" href=\"https:\/\/www.italiaisraele.org\/?p=4921\" \/>\r\n<meta property=\"og:locale\" content=\"it_IT\" \/>\r\n<meta property=\"og:type\" content=\"article\" \/>\r\n<meta property=\"og:title\" content=\"Gli odiatori senza qualit\u00e0 - Federazione Associazioni Italia Israele\" \/>\r\n<meta property=\"og:description\" content=\"Ora che persino Hamas \u00e8 stata costretta a piegarsi al progetto di pacificazione nella Striscia di Gaza, e mentre tre quarti del mondo islamico concorda col piano americano per Gaza, in Italia i propal non ci stanno. E continuano le loro assurde manifestazioni violente: perch\u00e9 sfasciare, aggredire poliziotti, mettere a testa in gi\u00f9 i fantocci [&hellip;]\" \/>\r\n<meta property=\"og:url\" content=\"https:\/\/www.italiaisraele.org\/?p=4921\" \/>\r\n<meta property=\"og:site_name\" content=\"Federazione Associazioni Italia Israele\" \/>\r\n<meta property=\"article:publisher\" content=\"https:\/\/www.facebook.com\/Federazione.Associazioni.Italia.Israele\" \/>\r\n<meta property=\"article:published_time\" content=\"2025-10-27T10:54:15+00:00\" \/>\r\n<meta property=\"article:modified_time\" content=\"2025-10-27T11:05:32+00:00\" \/>\r\n<meta property=\"og:image\" content=\"https:\/\/www.italiaisraele.org\/wp-content\/uploads\/2025\/10\/corteo-e-cartello-antisemita-de-paz-propaganda-di-odio.jpeg\" \/>\r\n\t<meta property=\"og:image:width\" content=\"321\" \/>\r\n\t<meta property=\"og:image:height\" content=\"298\" \/>\r\n\t<meta property=\"og:image:type\" content=\"image\/jpeg\" \/>\r\n<meta name=\"author\" content=\"Giuseppe Crimaldi\" \/>\r\n<meta name=\"twitter:card\" content=\"summary_large_image\" \/>\r\n<meta name=\"twitter:label1\" content=\"Scritto da\" \/>\n\t<meta name=\"twitter:data1\" content=\"Giuseppe Crimaldi\" \/>\n\t<meta name=\"twitter:label2\" content=\"Tempo di lettura stimato\" \/>\n\t<meta name=\"twitter:data2\" content=\"1 minuto\" \/>\r\n<script type=\"application\/ld+json\" class=\"yoast-schema-graph\">{\"@context\":\"https:\\\/\\\/schema.org\",\"@graph\":[{\"@type\":\"Article\",\"@id\":\"https:\\\/\\\/www.italiaisraele.org\\\/?p=4921#article\",\"isPartOf\":{\"@id\":\"https:\\\/\\\/www.italiaisraele.org\\\/?p=4921\"},\"author\":{\"name\":\"Giuseppe Crimaldi\",\"@id\":\"https:\\\/\\\/www.italiaisraele.org\\\/#\\\/schema\\\/person\\\/7784c17a23e6ef9cb737f3192f043fab\"},\"headline\":\"Gli odiatori senza qualit\u00e0\",\"datePublished\":\"2025-10-27T10:54:15+00:00\",\"dateModified\":\"2025-10-27T11:05:32+00:00\",\"mainEntityOfPage\":{\"@id\":\"https:\\\/\\\/www.italiaisraele.org\\\/?p=4921\"},\"wordCount\":152,\"commentCount\":2,\"publisher\":{\"@id\":\"https:\\\/\\\/www.italiaisraele.org\\\/#organization\"},\"image\":{\"@id\":\"https:\\\/\\\/www.italiaisraele.org\\\/?p=4921#primaryimage\"},\"thumbnailUrl\":\"https:\\\/\\\/www.italiaisraele.org\\\/wp-content\\\/uploads\\\/2025\\\/10\\\/corteo-e-cartello-antisemita-de-paz-propaganda-di-odio.jpeg\",\"keywords\":[\"Israele\",\"odio\",\"propal\",\"violenze\"],\"articleSection\":[\"Editoriale\"],\"inLanguage\":\"it-IT\",\"potentialAction\":[{\"@type\":\"CommentAction\",\"name\":\"Comment\",\"target\":[\"https:\\\/\\\/www.italiaisraele.org\\\/?p=4921#respond\"]}]},{\"@type\":\"WebPage\",\"@id\":\"https:\\\/\\\/www.italiaisraele.org\\\/?p=4921\",\"url\":\"https:\\\/\\\/www.italiaisraele.org\\\/?p=4921\",\"name\":\"Gli odiatori senza qualit\u00e0 - Federazione Associazioni Italia Israele\",\"isPartOf\":{\"@id\":\"https:\\\/\\\/www.italiaisraele.org\\\/#website\"},\"primaryImageOfPage\":{\"@id\":\"https:\\\/\\\/www.italiaisraele.org\\\/?p=4921#primaryimage\"},\"image\":{\"@id\":\"https:\\\/\\\/www.italiaisraele.org\\\/?p=4921#primaryimage\"},\"thumbnailUrl\":\"https:\\\/\\\/www.italiaisraele.org\\\/wp-content\\\/uploads\\\/2025\\\/10\\\/corteo-e-cartello-antisemita-de-paz-propaganda-di-odio.jpeg\",\"datePublished\":\"2025-10-27T10:54:15+00:00\",\"dateModified\":\"2025-10-27T11:05:32+00:00\",\"breadcrumb\":{\"@id\":\"https:\\\/\\\/www.italiaisraele.org\\\/?p=4921#breadcrumb\"},\"inLanguage\":\"it-IT\",\"potentialAction\":[{\"@type\":\"ReadAction\",\"target\":[\"https:\\\/\\\/www.italiaisraele.org\\\/?p=4921\"]}]},{\"@type\":\"ImageObject\",\"inLanguage\":\"it-IT\",\"@id\":\"https:\\\/\\\/www.italiaisraele.org\\\/?p=4921#primaryimage\",\"url\":\"https:\\\/\\\/www.italiaisraele.org\\\/wp-content\\\/uploads\\\/2025\\\/10\\\/corteo-e-cartello-antisemita-de-paz-propaganda-di-odio.jpeg\",\"contentUrl\":\"https:\\\/\\\/www.italiaisraele.org\\\/wp-content\\\/uploads\\\/2025\\\/10\\\/corteo-e-cartello-antisemita-de-paz-propaganda-di-odio.jpeg\",\"width\":321,\"height\":298},{\"@type\":\"BreadcrumbList\",\"@id\":\"https:\\\/\\\/www.italiaisraele.org\\\/?p=4921#breadcrumb\",\"itemListElement\":[{\"@type\":\"ListItem\",\"position\":1,\"name\":\"Home\",\"item\":\"https:\\\/\\\/www.italiaisraele.org\\\/\"},{\"@type\":\"ListItem\",\"position\":2,\"name\":\"Gli odiatori senza qualit\u00e0\"}]},{\"@type\":\"WebSite\",\"@id\":\"https:\\\/\\\/www.italiaisraele.org\\\/#website\",\"url\":\"https:\\\/\\\/www.italiaisraele.org\\\/\",\"name\":\"News Italia - Israele\",\"description\":\"Italia Israele Today - Magazine\",\"publisher\":{\"@id\":\"https:\\\/\\\/www.italiaisraele.org\\\/#organization\"},\"potentialAction\":[{\"@type\":\"SearchAction\",\"target\":{\"@type\":\"EntryPoint\",\"urlTemplate\":\"https:\\\/\\\/www.italiaisraele.org\\\/?s={search_term_string}\"},\"query-input\":{\"@type\":\"PropertyValueSpecification\",\"valueRequired\":true,\"valueName\":\"search_term_string\"}}],\"inLanguage\":\"it-IT\"},{\"@type\":\"Organization\",\"@id\":\"https:\\\/\\\/www.italiaisraele.org\\\/#organization\",\"name\":\"News Italia - Israele\",\"url\":\"https:\\\/\\\/www.italiaisraele.org\\\/\",\"logo\":{\"@type\":\"ImageObject\",\"inLanguage\":\"it-IT\",\"@id\":\"https:\\\/\\\/www.italiaisraele.org\\\/#\\\/schema\\\/logo\\\/image\\\/\",\"url\":\"https:\\\/\\\/www.italiaisraele.org\\\/wp-content\\\/uploads\\\/2024\\\/02\\\/cropped-cropped-TESTATA-NEWS-2.jpg\",\"contentUrl\":\"https:\\\/\\\/www.italiaisraele.org\\\/wp-content\\\/uploads\\\/2024\\\/02\\\/cropped-cropped-TESTATA-NEWS-2.jpg\",\"width\":1918,\"height\":291,\"caption\":\"News Italia - Israele\"},\"image\":{\"@id\":\"https:\\\/\\\/www.italiaisraele.org\\\/#\\\/schema\\\/logo\\\/image\\\/\"},\"sameAs\":[\"https:\\\/\\\/www.facebook.com\\\/Federazione.Associazioni.Italia.Israele\"]},{\"@type\":\"Person\",\"@id\":\"https:\\\/\\\/www.italiaisraele.org\\\/#\\\/schema\\\/person\\\/7784c17a23e6ef9cb737f3192f043fab\",\"name\":\"Giuseppe Crimaldi\",\"image\":{\"@type\":\"ImageObject\",\"inLanguage\":\"it-IT\",\"@id\":\"https:\\\/\\\/secure.gravatar.com\\\/avatar\\\/a6ddf67481d5d5efef9847e6f4c99a77e7129e93382ea6de1e9ea96b8deec707?s=96&d=mm&r=g\",\"url\":\"https:\\\/\\\/secure.gravatar.com\\\/avatar\\\/a6ddf67481d5d5efef9847e6f4c99a77e7129e93382ea6de1e9ea96b8deec707?s=96&d=mm&r=g\",\"contentUrl\":\"https:\\\/\\\/secure.gravatar.com\\\/avatar\\\/a6ddf67481d5d5efef9847e6f4c99a77e7129e93382ea6de1e9ea96b8deec707?s=96&d=mm&r=g\",\"caption\":\"Giuseppe Crimaldi\"},\"url\":\"https:\\\/\\\/www.italiaisraele.org\\\/?author=4\"}]}<\/script>\r\n<!-- \/ Yoast SEO plugin. -->","yoast_head_json":{"title":"Gli odiatori senza qualit\u00e0 - Federazione Associazioni Italia Israele","robots":{"index":"index","follow":"follow","max-snippet":"max-snippet:-1","max-image-preview":"max-image-preview:large","max-video-preview":"max-video-preview:-1"},"canonical":"https:\/\/www.italiaisraele.org\/?p=4921","og_locale":"it_IT","og_type":"article","og_title":"Gli odiatori senza qualit\u00e0 - Federazione Associazioni Italia Israele","og_description":"Ora che persino Hamas \u00e8 stata costretta a piegarsi al progetto di pacificazione nella Striscia di Gaza, e mentre tre quarti del mondo islamico concorda col piano americano per Gaza, in Italia i propal non ci stanno. E continuano le loro assurde manifestazioni violente: perch\u00e9 sfasciare, aggredire poliziotti, mettere a testa in gi\u00f9 i fantocci [&hellip;]","og_url":"https:\/\/www.italiaisraele.org\/?p=4921","og_site_name":"Federazione Associazioni Italia Israele","article_publisher":"https:\/\/www.facebook.com\/Federazione.Associazioni.Italia.Israele","article_published_time":"2025-10-27T10:54:15+00:00","article_modified_time":"2025-10-27T11:05:32+00:00","og_image":[{"width":321,"height":298,"url":"https:\/\/www.italiaisraele.org\/wp-content\/uploads\/2025\/10\/corteo-e-cartello-antisemita-de-paz-propaganda-di-odio.jpeg","type":"image\/jpeg"}],"author":"Giuseppe Crimaldi","twitter_card":"summary_large_image","twitter_misc":{"Scritto da":"Giuseppe Crimaldi","Tempo di lettura stimato":"1 minuto"},"schema":{"@context":"https:\/\/schema.org","@graph":[{"@type":"Article","@id":"https:\/\/www.italiaisraele.org\/?p=4921#article","isPartOf":{"@id":"https:\/\/www.italiaisraele.org\/?p=4921"},"author":{"name":"Giuseppe Crimaldi","@id":"https:\/\/www.italiaisraele.org\/#\/schema\/person\/7784c17a23e6ef9cb737f3192f043fab"},"headline":"Gli odiatori senza qualit\u00e0","datePublished":"2025-10-27T10:54:15+00:00","dateModified":"2025-10-27T11:05:32+00:00","mainEntityOfPage":{"@id":"https:\/\/www.italiaisraele.org\/?p=4921"},"wordCount":152,"commentCount":2,"publisher":{"@id":"https:\/\/www.italiaisraele.org\/#organization"},"image":{"@id":"https:\/\/www.italiaisraele.org\/?p=4921#primaryimage"},"thumbnailUrl":"https:\/\/www.italiaisraele.org\/wp-content\/uploads\/2025\/10\/corteo-e-cartello-antisemita-de-paz-propaganda-di-odio.jpeg","keywords":["Israele","odio","propal","violenze"],"articleSection":["Editoriale"],"inLanguage":"it-IT","potentialAction":[{"@type":"CommentAction","name":"Comment","target":["https:\/\/www.italiaisraele.org\/?p=4921#respond"]}]},{"@type":"WebPage","@id":"https:\/\/www.italiaisraele.org\/?p=4921","url":"https:\/\/www.italiaisraele.org\/?p=4921","name":"Gli odiatori senza qualit\u00e0 - Federazione Associazioni Italia Israele","isPartOf":{"@id":"https:\/\/www.italiaisraele.org\/#website"},"primaryImageOfPage":{"@id":"https:\/\/www.italiaisraele.org\/?p=4921#primaryimage"},"image":{"@id":"https:\/\/www.italiaisraele.org\/?p=4921#primaryimage"},"thumbnailUrl":"https:\/\/www.italiaisraele.org\/wp-content\/uploads\/2025\/10\/corteo-e-cartello-antisemita-de-paz-propaganda-di-odio.jpeg","datePublished":"2025-10-27T10:54:15+00:00","dateModified":"2025-10-27T11:05:32+00:00","breadcrumb":{"@id":"https:\/\/www.italiaisraele.org\/?p=4921#breadcrumb"},"inLanguage":"it-IT","potentialAction":[{"@type":"ReadAction","target":["https:\/\/www.italiaisraele.org\/?p=4921"]}]},{"@type":"ImageObject","inLanguage":"it-IT","@id":"https:\/\/www.italiaisraele.org\/?p=4921#primaryimage","url":"https:\/\/www.italiaisraele.org\/wp-content\/uploads\/2025\/10\/corteo-e-cartello-antisemita-de-paz-propaganda-di-odio.jpeg","contentUrl":"https:\/\/www.italiaisraele.org\/wp-content\/uploads\/2025\/10\/corteo-e-cartello-antisemita-de-paz-propaganda-di-odio.jpeg","width":321,"height":298},{"@type":"BreadcrumbList","@id":"https:\/\/www.italiaisraele.org\/?p=4921#breadcrumb","itemListElement":[{"@type":"ListItem","position":1,"name":"Home","item":"https:\/\/www.italiaisraele.org\/"},{"@type":"ListItem","position":2,"name":"Gli odiatori senza qualit\u00e0"}]},{"@type":"WebSite","@id":"https:\/\/www.italiaisraele.org\/#website","url":"https:\/\/www.italiaisraele.org\/","name":"News Italia - Israele","description":"Italia Israele Today - Magazine","publisher":{"@id":"https:\/\/www.italiaisraele.org\/#organization"},"potentialAction":[{"@type":"SearchAction","target":{"@type":"EntryPoint","urlTemplate":"https:\/\/www.italiaisraele.org\/?s={search_term_string}"},"query-input":{"@type":"PropertyValueSpecification","valueRequired":true,"valueName":"search_term_string"}}],"inLanguage":"it-IT"},{"@type":"Organization","@id":"https:\/\/www.italiaisraele.org\/#organization","name":"News Italia - Israele","url":"https:\/\/www.italiaisraele.org\/","logo":{"@type":"ImageObject","inLanguage":"it-IT","@id":"https:\/\/www.italiaisraele.org\/#\/schema\/logo\/image\/","url":"https:\/\/www.italiaisraele.org\/wp-content\/uploads\/2024\/02\/cropped-cropped-TESTATA-NEWS-2.jpg","contentUrl":"https:\/\/www.italiaisraele.org\/wp-content\/uploads\/2024\/02\/cropped-cropped-TESTATA-NEWS-2.jpg","width":1918,"height":291,"caption":"News Italia - Israele"},"image":{"@id":"https:\/\/www.italiaisraele.org\/#\/schema\/logo\/image\/"},"sameAs":["https:\/\/www.facebook.com\/Federazione.Associazioni.Italia.Israele"]},{"@type":"Person","@id":"https:\/\/www.italiaisraele.org\/#\/schema\/person\/7784c17a23e6ef9cb737f3192f043fab","name":"Giuseppe Crimaldi","image":{"@type":"ImageObject","inLanguage":"it-IT","@id":"https:\/\/secure.gravatar.com\/avatar\/a6ddf67481d5d5efef9847e6f4c99a77e7129e93382ea6de1e9ea96b8deec707?s=96&d=mm&r=g","url":"https:\/\/secure.gravatar.com\/avatar\/a6ddf67481d5d5efef9847e6f4c99a77e7129e93382ea6de1e9ea96b8deec707?s=96&d=mm&r=g","contentUrl":"https:\/\/secure.gravatar.com\/avatar\/a6ddf67481d5d5efef9847e6f4c99a77e7129e93382ea6de1e9ea96b8deec707?s=96&d=mm&r=g","caption":"Giuseppe Crimaldi"},"url":"https:\/\/www.italiaisraele.org\/?author=4"}]}},"_links":{"self":[{"href":"https:\/\/www.italiaisraele.org\/index.php?rest_route=\/wp\/v2\/posts\/4921","targetHints":{"allow":["GET"]}}],"collection":[{"href":"https:\/\/www.italiaisraele.org\/index.php?rest_route=\/wp\/v2\/posts"}],"about":[{"href":"https:\/\/www.italiaisraele.org\/index.php?rest_route=\/wp\/v2\/types\/post"}],"author":[{"embeddable":true,"href":"https:\/\/www.italiaisraele.org\/index.php?rest_route=\/wp\/v2\/users\/4"}],"replies":[{"embeddable":true,"href":"https:\/\/www.italiaisraele.org\/index.php?rest_route=%2Fwp%2Fv2%2Fcomments&post=4921"}],"version-history":[{"count":0,"href":"https:\/\/www.italiaisraele.org\/index.php?rest_route=\/wp\/v2\/posts\/4921\/revisions"}],"wp:featuredmedia":[{"embeddable":true,"href":"https:\/\/www.italiaisraele.org\/index.php?rest_route=\/wp\/v2\/media\/4922"}],"wp:attachment":[{"href":"https:\/\/www.italiaisraele.org\/index.php?rest_route=%2Fwp%2Fv2%2Fmedia&parent=4921"}],"wp:term":[{"taxonomy":"category","embeddable":true,"href":"https:\/\/www.italiaisraele.org\/index.php?rest_route=%2Fwp%2Fv2%2Fcategories&post=4921"},{"taxonomy":"post_tag","embeddable":true,"href":"https:\/\/www.italiaisraele.org\/index.php?rest_route=%2Fwp%2Fv2%2Ftags&post=4921"}],"curies":[{"name":"wp","href":"https:\/\/api.w.org\/{rel}","templated":true}]}}