{"id":4916,"date":"2025-10-22T09:25:44","date_gmt":"2025-10-22T07:25:44","guid":{"rendered":"https:\/\/www.italiaisraele.org\/?p=4916"},"modified":"2025-10-22T09:25:52","modified_gmt":"2025-10-22T07:25:52","slug":"hamas-ancora-a-gaza-no-grazie","status":"publish","type":"post","link":"https:\/\/www.italiaisraele.org\/?p=4916","title":{"rendered":"Hamas ancora a Gaza? No, grazie"},"content":{"rendered":"\n<p>di <em>Marco Del Monte<\/em><\/p>\n\n\n\n<p><em>Un ruolo per Hamas a Gaza per far finire la guerra? No, non \u00e8 solo una provocazione<\/em><\/p>\n\n\n\n<p>Eug\u00e8ne-Fran\u00e7ois Vidocq \u00e8 il criminale francese che alla fine del XIX secolo divenne investigatore e commissario di polizia e quasi ministro degli Interni. La sua storia ha ispirato numerosi scrittori, i pi\u00f9 importanti dei quali sono stati Victor Hugo &#8211; che lo ha immortalato nella sua opera \u201cI Miserabili\u201d &#8211; e Honor\u00e9 de Balzac. Il personaggio meritava perch\u00e9 in entrambe le \u201ccarriere\u201d introdusse dei metodi nuovi e imprevisti, che lo rendevano insuperabile. Il suo carisma gli consentiva un\u2019invidiabile supremazia sugli altri, e quando divenne commissario di polizia invent\u00f2 le squadre investigative.<\/p>\n\n\n\n<p>Questo preambolo introduce il concetto del come si potrebbe superare lo stallo della seconda fase dei negoziati di Sharm el-Sheikh, che rischia di impantanarsi sul ruolo di Hamas. Dobbiamo tenere sempre a mente gli insegnamenti di sir Thomas Edward Lawrence (il famoso Lawrence d\u2019Arabia), che studi\u00f2 a lungo l\u2019indole araba, prima di iniziare la sua straordinaria impresa, tradotta poi in un favoloso film. Gli arabi non si siedono a nessun tavolo negoziale se non hanno l\u2019ultima parola, anche formale, e non bisogna dimenticare che stanno ancora meditando su come \u201clavare\u201d l\u2019onta subita con la guerra dei sei giorni, vinta la quale Israele si comport\u00f2 come l\u2019avamposto dell\u2019Occidente, facendo pesare il suo ruolo vincente, che non differiva molto da quello esercitato dagli inglesi all\u2019epoca del loro protettorato.<\/p>\n\n\n\n<p>Ora si chiede il completo disarmo di Hamas, ma questo \u00e8 un errore da matita blu, cio\u00e8 proprio di chi non ha capito niente della mentalit\u00e0 araba. Hamas ha ancora il pieno controllo di oltre il 50% dei tunnel, dove di sicuro ha stipato armi e viveri sufficienti per un tempo indefinito e, quindi, sarebbe una spina nel fianco per chiunque, a maggior ragione per i suoi nemici storici.<\/p>\n\n\n\n<p>Bisogna avere il coraggio di trovare un ruolo per Hamas; magari non lo dovrebbe proporre Israele, ma l\u2019Egitto, la Giordania o l\u2019Arabia Saudita. Hamas conosce il territorio e la gente, sa come muoversi e sa spacciarsi come surrogato di una struttura statale con finalit\u00e0 sociali: l\u2019ha dimostrato negli anni e non si scopre certamente ora. La cosa da fare, a mio modesto avviso, \u00e8 quella di cominciare ad istituire un servizio di controllo sotto l\u2019autorit\u00e0 di un triumvirato arabo, da affidare ad Hamas: sembra una resa, e invece potrebbe essere la carta vincente.<\/p>\n\n\n\n<p>Si potrebbe concordare un numero limitato di unit\u00e0, armate di armi leggere, mentre le armi pesanti e i missili dovrebbero essere affidati agli Stati arabi che hanno siglato la tregua e che dovrebbero avere, almeno apparentemente, un ruolo di indirizzo forte e di blando controllo. Si dice anche che chi cerca l\u2019asino molto spesso ci sta a cavallo, e a me sembra che non si pu\u00f2 perdere questa occasione correndo dietro le visioni di un mondo occidentale che ha perso ogni senso dell\u2019orientamento.<\/p>\n\n\n\n<p>Assecondare questo stato di cose toglierebbe ad Hamas ogni alibi. Insomma, scegliere un capo di Hamas e fargli capire che \u00e8 il nuovo \u201cVidocq\u201d.<\/p>\n","protected":false},"excerpt":{"rendered":"<p>di Marco Del Monte Un ruolo per Hamas a Gaza per far finire la guerra? No, non \u00e8 solo una provocazione Eug\u00e8ne-Fran\u00e7ois Vidocq \u00e8 il criminale francese che alla fine del XIX secolo divenne investigatore e commissario di polizia e quasi ministro degli Interni. La sua storia ha ispirato numerosi scrittori, i pi\u00f9 importanti dei [&hellip;]<\/p>\n","protected":false},"author":2,"featured_media":4187,"comment_status":"open","ping_status":"open","sticky":false,"template":"","format":"standard","meta":{"iawp_total_views":10,"footnotes":""},"categories":[4],"tags":[56,18],"class_list":["post-4916","post","type-post","status-publish","format-standard","has-post-thumbnail","hentry","category-attualita","tag-gaza","tag-hamas"],"yoast_head":"<!-- This site is optimized with the Yoast SEO plugin v27.5 - https:\/\/yoast.com\/product\/yoast-seo-wordpress\/ -->\r\n<title>Hamas ancora a Gaza? No, grazie - Federazione Associazioni Italia Israele<\/title>\r\n<meta name=\"robots\" content=\"index, follow, max-snippet:-1, max-image-preview:large, max-video-preview:-1\" \/>\r\n<link rel=\"canonical\" href=\"https:\/\/www.italiaisraele.org\/?p=4916\" \/>\r\n<meta property=\"og:locale\" content=\"it_IT\" \/>\r\n<meta property=\"og:type\" content=\"article\" \/>\r\n<meta property=\"og:title\" content=\"Hamas ancora a Gaza? No, grazie - Federazione Associazioni Italia Israele\" \/>\r\n<meta property=\"og:description\" content=\"di Marco Del Monte Un ruolo per Hamas a Gaza per far finire la guerra? No, non \u00e8 solo una provocazione Eug\u00e8ne-Fran\u00e7ois Vidocq \u00e8 il criminale francese che alla fine del XIX secolo divenne investigatore e commissario di polizia e quasi ministro degli Interni. La sua storia ha ispirato numerosi scrittori, i pi\u00f9 importanti dei [&hellip;]\" \/>\r\n<meta property=\"og:url\" content=\"https:\/\/www.italiaisraele.org\/?p=4916\" \/>\r\n<meta property=\"og:site_name\" content=\"Federazione Associazioni Italia Israele\" \/>\r\n<meta property=\"article:publisher\" content=\"https:\/\/www.facebook.com\/Federazione.Associazioni.Italia.Israele\" \/>\r\n<meta property=\"article:published_time\" content=\"2025-10-22T07:25:44+00:00\" \/>\r\n<meta property=\"article:modified_time\" content=\"2025-10-22T07:25:52+00:00\" \/>\r\n<meta property=\"og:image\" content=\"https:\/\/www.italiaisraele.org\/wp-content\/uploads\/2025\/05\/231012-hamas-al-1247-66e3ca.jpg\" \/>\r\n\t<meta property=\"og:image:width\" content=\"1240\" \/>\r\n\t<meta property=\"og:image:height\" content=\"821\" \/>\r\n\t<meta property=\"og:image:type\" content=\"image\/jpeg\" \/>\r\n<meta name=\"author\" content=\"Redazione\" \/>\r\n<meta name=\"twitter:card\" content=\"summary_large_image\" \/>\r\n<meta name=\"twitter:label1\" content=\"Scritto da\" \/>\n\t<meta name=\"twitter:data1\" content=\"Redazione\" \/>\n\t<meta name=\"twitter:label2\" content=\"Tempo di lettura stimato\" \/>\n\t<meta name=\"twitter:data2\" content=\"3 minuti\" \/>\r\n<script type=\"application\/ld+json\" class=\"yoast-schema-graph\">{\"@context\":\"https:\\\/\\\/schema.org\",\"@graph\":[{\"@type\":\"Article\",\"@id\":\"https:\\\/\\\/www.italiaisraele.org\\\/?p=4916#article\",\"isPartOf\":{\"@id\":\"https:\\\/\\\/www.italiaisraele.org\\\/?p=4916\"},\"author\":{\"name\":\"Redazione\",\"@id\":\"https:\\\/\\\/www.italiaisraele.org\\\/#\\\/schema\\\/person\\\/a58663d7e92468eb3e7d158e016946cd\"},\"headline\":\"Hamas ancora a Gaza? No, grazie\",\"datePublished\":\"2025-10-22T07:25:44+00:00\",\"dateModified\":\"2025-10-22T07:25:52+00:00\",\"mainEntityOfPage\":{\"@id\":\"https:\\\/\\\/www.italiaisraele.org\\\/?p=4916\"},\"wordCount\":523,\"commentCount\":0,\"publisher\":{\"@id\":\"https:\\\/\\\/www.italiaisraele.org\\\/#organization\"},\"image\":{\"@id\":\"https:\\\/\\\/www.italiaisraele.org\\\/?p=4916#primaryimage\"},\"thumbnailUrl\":\"https:\\\/\\\/www.italiaisraele.org\\\/wp-content\\\/uploads\\\/2025\\\/05\\\/231012-hamas-al-1247-66e3ca.jpg\",\"keywords\":[\"Gaza\",\"hamas\"],\"articleSection\":[\"Attualit\u00e0\"],\"inLanguage\":\"it-IT\",\"potentialAction\":[{\"@type\":\"CommentAction\",\"name\":\"Comment\",\"target\":[\"https:\\\/\\\/www.italiaisraele.org\\\/?p=4916#respond\"]}]},{\"@type\":\"WebPage\",\"@id\":\"https:\\\/\\\/www.italiaisraele.org\\\/?p=4916\",\"url\":\"https:\\\/\\\/www.italiaisraele.org\\\/?p=4916\",\"name\":\"Hamas ancora a Gaza? No, grazie - Federazione Associazioni Italia Israele\",\"isPartOf\":{\"@id\":\"https:\\\/\\\/www.italiaisraele.org\\\/#website\"},\"primaryImageOfPage\":{\"@id\":\"https:\\\/\\\/www.italiaisraele.org\\\/?p=4916#primaryimage\"},\"image\":{\"@id\":\"https:\\\/\\\/www.italiaisraele.org\\\/?p=4916#primaryimage\"},\"thumbnailUrl\":\"https:\\\/\\\/www.italiaisraele.org\\\/wp-content\\\/uploads\\\/2025\\\/05\\\/231012-hamas-al-1247-66e3ca.jpg\",\"datePublished\":\"2025-10-22T07:25:44+00:00\",\"dateModified\":\"2025-10-22T07:25:52+00:00\",\"breadcrumb\":{\"@id\":\"https:\\\/\\\/www.italiaisraele.org\\\/?p=4916#breadcrumb\"},\"inLanguage\":\"it-IT\",\"potentialAction\":[{\"@type\":\"ReadAction\",\"target\":[\"https:\\\/\\\/www.italiaisraele.org\\\/?p=4916\"]}]},{\"@type\":\"ImageObject\",\"inLanguage\":\"it-IT\",\"@id\":\"https:\\\/\\\/www.italiaisraele.org\\\/?p=4916#primaryimage\",\"url\":\"https:\\\/\\\/www.italiaisraele.org\\\/wp-content\\\/uploads\\\/2025\\\/05\\\/231012-hamas-al-1247-66e3ca.jpg\",\"contentUrl\":\"https:\\\/\\\/www.italiaisraele.org\\\/wp-content\\\/uploads\\\/2025\\\/05\\\/231012-hamas-al-1247-66e3ca.jpg\",\"width\":1240,\"height\":821},{\"@type\":\"BreadcrumbList\",\"@id\":\"https:\\\/\\\/www.italiaisraele.org\\\/?p=4916#breadcrumb\",\"itemListElement\":[{\"@type\":\"ListItem\",\"position\":1,\"name\":\"Home\",\"item\":\"https:\\\/\\\/www.italiaisraele.org\\\/\"},{\"@type\":\"ListItem\",\"position\":2,\"name\":\"Hamas ancora a Gaza? No, grazie\"}]},{\"@type\":\"WebSite\",\"@id\":\"https:\\\/\\\/www.italiaisraele.org\\\/#website\",\"url\":\"https:\\\/\\\/www.italiaisraele.org\\\/\",\"name\":\"News Italia - Israele\",\"description\":\"Italia Israele Today - Magazine\",\"publisher\":{\"@id\":\"https:\\\/\\\/www.italiaisraele.org\\\/#organization\"},\"potentialAction\":[{\"@type\":\"SearchAction\",\"target\":{\"@type\":\"EntryPoint\",\"urlTemplate\":\"https:\\\/\\\/www.italiaisraele.org\\\/?s={search_term_string}\"},\"query-input\":{\"@type\":\"PropertyValueSpecification\",\"valueRequired\":true,\"valueName\":\"search_term_string\"}}],\"inLanguage\":\"it-IT\"},{\"@type\":\"Organization\",\"@id\":\"https:\\\/\\\/www.italiaisraele.org\\\/#organization\",\"name\":\"News Italia - Israele\",\"url\":\"https:\\\/\\\/www.italiaisraele.org\\\/\",\"logo\":{\"@type\":\"ImageObject\",\"inLanguage\":\"it-IT\",\"@id\":\"https:\\\/\\\/www.italiaisraele.org\\\/#\\\/schema\\\/logo\\\/image\\\/\",\"url\":\"https:\\\/\\\/www.italiaisraele.org\\\/wp-content\\\/uploads\\\/2024\\\/02\\\/cropped-cropped-TESTATA-NEWS-2.jpg\",\"contentUrl\":\"https:\\\/\\\/www.italiaisraele.org\\\/wp-content\\\/uploads\\\/2024\\\/02\\\/cropped-cropped-TESTATA-NEWS-2.jpg\",\"width\":1918,\"height\":291,\"caption\":\"News Italia - Israele\"},\"image\":{\"@id\":\"https:\\\/\\\/www.italiaisraele.org\\\/#\\\/schema\\\/logo\\\/image\\\/\"},\"sameAs\":[\"https:\\\/\\\/www.facebook.com\\\/Federazione.Associazioni.Italia.Israele\"]},{\"@type\":\"Person\",\"@id\":\"https:\\\/\\\/www.italiaisraele.org\\\/#\\\/schema\\\/person\\\/a58663d7e92468eb3e7d158e016946cd\",\"name\":\"Redazione\",\"image\":{\"@type\":\"ImageObject\",\"inLanguage\":\"it-IT\",\"@id\":\"https:\\\/\\\/secure.gravatar.com\\\/avatar\\\/fe11715b332cc423bb3991a005da4d50b44647eec21b11abddd059d3deafc450?s=96&d=mm&r=g\",\"url\":\"https:\\\/\\\/secure.gravatar.com\\\/avatar\\\/fe11715b332cc423bb3991a005da4d50b44647eec21b11abddd059d3deafc450?s=96&d=mm&r=g\",\"contentUrl\":\"https:\\\/\\\/secure.gravatar.com\\\/avatar\\\/fe11715b332cc423bb3991a005da4d50b44647eec21b11abddd059d3deafc450?s=96&d=mm&r=g\",\"caption\":\"Redazione\"},\"url\":\"https:\\\/\\\/www.italiaisraele.org\\\/?author=2\"}]}<\/script>\r\n<!-- \/ Yoast SEO plugin. -->","yoast_head_json":{"title":"Hamas ancora a Gaza? No, grazie - Federazione Associazioni Italia Israele","robots":{"index":"index","follow":"follow","max-snippet":"max-snippet:-1","max-image-preview":"max-image-preview:large","max-video-preview":"max-video-preview:-1"},"canonical":"https:\/\/www.italiaisraele.org\/?p=4916","og_locale":"it_IT","og_type":"article","og_title":"Hamas ancora a Gaza? No, grazie - Federazione Associazioni Italia Israele","og_description":"di Marco Del Monte Un ruolo per Hamas a Gaza per far finire la guerra? No, non \u00e8 solo una provocazione Eug\u00e8ne-Fran\u00e7ois Vidocq \u00e8 il criminale francese che alla fine del XIX secolo divenne investigatore e commissario di polizia e quasi ministro degli Interni. La sua storia ha ispirato numerosi scrittori, i pi\u00f9 importanti dei [&hellip;]","og_url":"https:\/\/www.italiaisraele.org\/?p=4916","og_site_name":"Federazione Associazioni Italia Israele","article_publisher":"https:\/\/www.facebook.com\/Federazione.Associazioni.Italia.Israele","article_published_time":"2025-10-22T07:25:44+00:00","article_modified_time":"2025-10-22T07:25:52+00:00","og_image":[{"width":1240,"height":821,"url":"https:\/\/www.italiaisraele.org\/wp-content\/uploads\/2025\/05\/231012-hamas-al-1247-66e3ca.jpg","type":"image\/jpeg"}],"author":"Redazione","twitter_card":"summary_large_image","twitter_misc":{"Scritto da":"Redazione","Tempo di lettura stimato":"3 minuti"},"schema":{"@context":"https:\/\/schema.org","@graph":[{"@type":"Article","@id":"https:\/\/www.italiaisraele.org\/?p=4916#article","isPartOf":{"@id":"https:\/\/www.italiaisraele.org\/?p=4916"},"author":{"name":"Redazione","@id":"https:\/\/www.italiaisraele.org\/#\/schema\/person\/a58663d7e92468eb3e7d158e016946cd"},"headline":"Hamas ancora a Gaza? No, grazie","datePublished":"2025-10-22T07:25:44+00:00","dateModified":"2025-10-22T07:25:52+00:00","mainEntityOfPage":{"@id":"https:\/\/www.italiaisraele.org\/?p=4916"},"wordCount":523,"commentCount":0,"publisher":{"@id":"https:\/\/www.italiaisraele.org\/#organization"},"image":{"@id":"https:\/\/www.italiaisraele.org\/?p=4916#primaryimage"},"thumbnailUrl":"https:\/\/www.italiaisraele.org\/wp-content\/uploads\/2025\/05\/231012-hamas-al-1247-66e3ca.jpg","keywords":["Gaza","hamas"],"articleSection":["Attualit\u00e0"],"inLanguage":"it-IT","potentialAction":[{"@type":"CommentAction","name":"Comment","target":["https:\/\/www.italiaisraele.org\/?p=4916#respond"]}]},{"@type":"WebPage","@id":"https:\/\/www.italiaisraele.org\/?p=4916","url":"https:\/\/www.italiaisraele.org\/?p=4916","name":"Hamas ancora a Gaza? No, grazie - Federazione Associazioni Italia Israele","isPartOf":{"@id":"https:\/\/www.italiaisraele.org\/#website"},"primaryImageOfPage":{"@id":"https:\/\/www.italiaisraele.org\/?p=4916#primaryimage"},"image":{"@id":"https:\/\/www.italiaisraele.org\/?p=4916#primaryimage"},"thumbnailUrl":"https:\/\/www.italiaisraele.org\/wp-content\/uploads\/2025\/05\/231012-hamas-al-1247-66e3ca.jpg","datePublished":"2025-10-22T07:25:44+00:00","dateModified":"2025-10-22T07:25:52+00:00","breadcrumb":{"@id":"https:\/\/www.italiaisraele.org\/?p=4916#breadcrumb"},"inLanguage":"it-IT","potentialAction":[{"@type":"ReadAction","target":["https:\/\/www.italiaisraele.org\/?p=4916"]}]},{"@type":"ImageObject","inLanguage":"it-IT","@id":"https:\/\/www.italiaisraele.org\/?p=4916#primaryimage","url":"https:\/\/www.italiaisraele.org\/wp-content\/uploads\/2025\/05\/231012-hamas-al-1247-66e3ca.jpg","contentUrl":"https:\/\/www.italiaisraele.org\/wp-content\/uploads\/2025\/05\/231012-hamas-al-1247-66e3ca.jpg","width":1240,"height":821},{"@type":"BreadcrumbList","@id":"https:\/\/www.italiaisraele.org\/?p=4916#breadcrumb","itemListElement":[{"@type":"ListItem","position":1,"name":"Home","item":"https:\/\/www.italiaisraele.org\/"},{"@type":"ListItem","position":2,"name":"Hamas ancora a Gaza? No, grazie"}]},{"@type":"WebSite","@id":"https:\/\/www.italiaisraele.org\/#website","url":"https:\/\/www.italiaisraele.org\/","name":"News Italia - Israele","description":"Italia Israele Today - Magazine","publisher":{"@id":"https:\/\/www.italiaisraele.org\/#organization"},"potentialAction":[{"@type":"SearchAction","target":{"@type":"EntryPoint","urlTemplate":"https:\/\/www.italiaisraele.org\/?s={search_term_string}"},"query-input":{"@type":"PropertyValueSpecification","valueRequired":true,"valueName":"search_term_string"}}],"inLanguage":"it-IT"},{"@type":"Organization","@id":"https:\/\/www.italiaisraele.org\/#organization","name":"News Italia - Israele","url":"https:\/\/www.italiaisraele.org\/","logo":{"@type":"ImageObject","inLanguage":"it-IT","@id":"https:\/\/www.italiaisraele.org\/#\/schema\/logo\/image\/","url":"https:\/\/www.italiaisraele.org\/wp-content\/uploads\/2024\/02\/cropped-cropped-TESTATA-NEWS-2.jpg","contentUrl":"https:\/\/www.italiaisraele.org\/wp-content\/uploads\/2024\/02\/cropped-cropped-TESTATA-NEWS-2.jpg","width":1918,"height":291,"caption":"News Italia - Israele"},"image":{"@id":"https:\/\/www.italiaisraele.org\/#\/schema\/logo\/image\/"},"sameAs":["https:\/\/www.facebook.com\/Federazione.Associazioni.Italia.Israele"]},{"@type":"Person","@id":"https:\/\/www.italiaisraele.org\/#\/schema\/person\/a58663d7e92468eb3e7d158e016946cd","name":"Redazione","image":{"@type":"ImageObject","inLanguage":"it-IT","@id":"https:\/\/secure.gravatar.com\/avatar\/fe11715b332cc423bb3991a005da4d50b44647eec21b11abddd059d3deafc450?s=96&d=mm&r=g","url":"https:\/\/secure.gravatar.com\/avatar\/fe11715b332cc423bb3991a005da4d50b44647eec21b11abddd059d3deafc450?s=96&d=mm&r=g","contentUrl":"https:\/\/secure.gravatar.com\/avatar\/fe11715b332cc423bb3991a005da4d50b44647eec21b11abddd059d3deafc450?s=96&d=mm&r=g","caption":"Redazione"},"url":"https:\/\/www.italiaisraele.org\/?author=2"}]}},"_links":{"self":[{"href":"https:\/\/www.italiaisraele.org\/index.php?rest_route=\/wp\/v2\/posts\/4916","targetHints":{"allow":["GET"]}}],"collection":[{"href":"https:\/\/www.italiaisraele.org\/index.php?rest_route=\/wp\/v2\/posts"}],"about":[{"href":"https:\/\/www.italiaisraele.org\/index.php?rest_route=\/wp\/v2\/types\/post"}],"author":[{"embeddable":true,"href":"https:\/\/www.italiaisraele.org\/index.php?rest_route=\/wp\/v2\/users\/2"}],"replies":[{"embeddable":true,"href":"https:\/\/www.italiaisraele.org\/index.php?rest_route=%2Fwp%2Fv2%2Fcomments&post=4916"}],"version-history":[{"count":0,"href":"https:\/\/www.italiaisraele.org\/index.php?rest_route=\/wp\/v2\/posts\/4916\/revisions"}],"wp:featuredmedia":[{"embeddable":true,"href":"https:\/\/www.italiaisraele.org\/index.php?rest_route=\/wp\/v2\/media\/4187"}],"wp:attachment":[{"href":"https:\/\/www.italiaisraele.org\/index.php?rest_route=%2Fwp%2Fv2%2Fmedia&parent=4916"}],"wp:term":[{"taxonomy":"category","embeddable":true,"href":"https:\/\/www.italiaisraele.org\/index.php?rest_route=%2Fwp%2Fv2%2Fcategories&post=4916"},{"taxonomy":"post_tag","embeddable":true,"href":"https:\/\/www.italiaisraele.org\/index.php?rest_route=%2Fwp%2Fv2%2Ftags&post=4916"}],"curies":[{"name":"wp","href":"https:\/\/api.w.org\/{rel}","templated":true}]}}