{"id":4894,"date":"2025-10-17T17:23:31","date_gmt":"2025-10-17T15:23:31","guid":{"rendered":"https:\/\/www.italiaisraele.org\/?p=4894"},"modified":"2025-10-17T19:21:17","modified_gmt":"2025-10-17T17:21:17","slug":"grandezza-e-attualita-di-pasolini-e-pannella","status":"publish","type":"post","link":"https:\/\/www.italiaisraele.org\/?p=4894","title":{"rendered":"Grandezza e attualit\u00e0 di Pasolini e Pannella"},"content":{"rendered":"\n<p>di <em>Giuseppe Crimaldi<\/em><\/p>\n\n\n\n<p>In questi che sono tempi veramente difficili, nei quali le percentuali di elettori votanti crollano, gli strumenti democratici della libera manifestazione del pensiero e di manifestazione o vengono impediti o (come ormai quotidianamente succede) si trasformano in azioni violente, e mentre il principale sindacato italiano blocca il Paese per manifestare in sostegno di Greta Thumberg, <strong>ci mancano tanto due presenze.<\/strong><\/p>\n\n\n\n<p>Viene da chiedersi che cosa avrebbero detto, oggi, due giganti del pensiero alternativo rispetto a quello corrente: Pier Paolo Pasolini e Marco Pannella. Altro che analisti da operetta, commentatori che scaldano le sedie dei format televisivi, di certi giornalisti e docenti universitari con la divisa e l&#8217;elmetto d&#8217;ordinanza sulla testa. Nani e ballerine del mainstream. <\/p>\n\n\n\n<figure class=\"wp-block-image size-full\"><img loading=\"lazy\" decoding=\"async\" width=\"942\" height=\"630\" src=\"https:\/\/www.italiaisraele.org\/wp-content\/uploads\/2025\/10\/pannella_israele1_1200x630_1598017278669.jpg\" alt=\"\" class=\"wp-image-4896\" srcset=\"https:\/\/www.italiaisraele.org\/wp-content\/uploads\/2025\/10\/pannella_israele1_1200x630_1598017278669.jpg 942w, https:\/\/www.italiaisraele.org\/wp-content\/uploads\/2025\/10\/pannella_israele1_1200x630_1598017278669-300x201.jpg 300w, https:\/\/www.italiaisraele.org\/wp-content\/uploads\/2025\/10\/pannella_israele1_1200x630_1598017278669-768x514.jpg 768w, https:\/\/www.italiaisraele.org\/wp-content\/uploads\/2025\/10\/pannella_israele1_1200x630_1598017278669-600x401.jpg 600w\" sizes=\"auto, (max-width: 942px) 100vw, 942px\" \/><\/figure>\n\n\n\n<p>(<em>Pannella a una manifestazione<\/em>)<\/p>\n\n\n\n<p>&#8220;Essere democratici &#8211; disse Pannella &#8211; significa comprendere che i nemici di Israele non temono tanto le sue armi, quanto i suoi ideali e quelli di democrazia politica e sociale. Questi ideali sono i nemici pi\u00f9 temuti da tutti gli altri regimi del Medio Oriente, senza eccezione, perch\u00e9 sono i soli che possono rendere liberi i cittadini, gli abitanti&#8221;. il pensiero di Pannella andrebbe scolpito nel marmo. Pannella era un autentico amico d&#8217;Israele. Il leader dei Radicali (dove sono oggi i suoi eredi?&#8230;) non le mandava a dire: &#8220;Voi conoscete l\u2019uomo e la donna arabi e palestinesi solo se incontrano una pallottola israeliana; allora gli date almeno l\u2019 onore della sepoltura, l\u2019onore del riconoscimento. Dinanzi ai cittadini palestinesi, arabi, del Medio Oriente, che quotidianamente muoiono, assassinati dai loro regimi &#8211; sauditi, basisti di destra, di sinistra &#8211; dall\u2019alleanza storica, forte degli sceicchi e del potere mediorientale, alleato delle grandi multinazionali del petrolio e di voi, sinistra pi\u00f9 o meno comunista; dinanzi alla realt\u00e0 curda, che non \u00e8 solo quella turca, ma anche quella irachena e degli altri; dinanzi alla concreta vita delle donne e degli uomini sauditi, palestinesi, voi ve ne occupate solo se accade che la parte israeliana si scontri, a volte con gravi errori nei loro confronti. Vi accorgete dell\u2019esistenza dell\u2019umanit\u00e0 palestinese solo quando vi serve per denunciare il vostro continuo nemico di oggi, si chiami Stati Uniti d\u2019America, si chiami Israele\u2026 dove sta scritto che l\u2019Unione europea si rende garante degli Stati nazionali, della loro indipendenza e della loro conquista? Non esiste in nessun posto, oggi, scritto nei cuori e nella cultura, il diritto allo Stato nazionale ottocentesco: esiste quello dei diritti civili, politici, umani, nei confronti di qualsiasi autorit\u00e0 statale, centrale o centralizzata, e di questo non avete nessuna nozione!&#8221;. E molto altro ancora: oggi, fosse ancora vivo, avrebbe incenerito masse di propal un tanto al chilo, migliaia di studentelli scostumati e ignoranti con la kefiah al collo. Li avrebbe neutralizzati con la logica, con la parola e con la conoscenza.<\/p>\n\n\n\n<figure class=\"wp-block-image size-large\"><img loading=\"lazy\" decoding=\"async\" width=\"1024\" height=\"511\" src=\"https:\/\/www.italiaisraele.org\/wp-content\/uploads\/2025\/10\/Pasolini-Israele-1024x511.jpg\" alt=\"\" class=\"wp-image-4897\" srcset=\"https:\/\/www.italiaisraele.org\/wp-content\/uploads\/2025\/10\/Pasolini-Israele-1024x511.jpg 1024w, https:\/\/www.italiaisraele.org\/wp-content\/uploads\/2025\/10\/Pasolini-Israele-300x150.jpg 300w, https:\/\/www.italiaisraele.org\/wp-content\/uploads\/2025\/10\/Pasolini-Israele-768x383.jpg 768w, https:\/\/www.italiaisraele.org\/wp-content\/uploads\/2025\/10\/Pasolini-Israele-600x300.jpg 600w, https:\/\/www.italiaisraele.org\/wp-content\/uploads\/2025\/10\/Pasolini-Israele.jpg 1200w\" sizes=\"auto, (max-width: 1024px) 100vw, 1024px\" \/><\/figure>\n\n\n\n<p>(<em>Pasolini a Gerusalemme<\/em>)<\/p>\n\n\n\n<p>Poi c&#8217;\u00e8 Pasolini. Pasolini dimenticato, mai studiato e misconosciuto dalle generazioni di imbecilli di sola andata. Pier Paolo Pasolini espresse le sue idee su Israele, il mondo arabo e l&#8217;incapacit\u00e0 dell&#8217;Europa di difendere gli ebrei sulla rivista Nuovi Argomenti, diretta da Alberto Moravia, nel numero di aprile 1967: ma la sua lezione \u00e8 attualissima. Leggete.<\/p>\n\n\n\n<p>Scrive Pasolini: &#8220;Nel Lago di Tiberiade e sulle rive del Mar Morto ho passato ore simili soltanto a quelle del &#8217;43, &#8217;44: ho capito, per mimesi, cos&#8217;\u00e8 il terrore dell&#8217;essere massacrati in massa. Cos\u00ec da dover ricacciare; le lacrime in fondo al mio cuore troppo tenero, alla vista di tanta; giovent\u00f9, il cui destino appariva essere appunto solo il genocidio (\u2026)<\/p>\n\n\n\n<p>Ma ho capito anche, dopo qualche giorno ch\u2019ero l\u00e0, che gli israeliani non si erano affatto arresi a tale destino. (E cos\u00ec, oltre ai miei vecchi versi, chiamo ora a testimone anche Carlo Levi, a cui la notte seguente l&#8217;inizio delle ostilit\u00e0, ho detto che non c&#8217;era da temere per Israele, e che gli israeliani entro quindici venti giorni sarebbero stati al Cairo.) \u00c8 dunque da un misto di piet\u00e0 e di disapprovazione, di identificazione, e di dubbio, che sono nati quei versi del mio diario israeliano (\u2026)<\/p>\n\n\n\n<p>Ora, in questi giorni, leggendo l\u2019Unit\u00e0 ho provato lo stesso dolore che si prova leggendo il pi\u00f9 bugiardo giornale borghese. Possibile che i comunisti abbiano potuto fare una scelta cos\u00ec netta? Non era questa finalmente, l&#8217;occasione giusta per loro di \u201cscegliere con dubbio\u201d che \u00e8 la sola umana di tutte le scelte? Il lettore dell&#8217;Unit\u00e0 non ne sarebbe cresciuto? Perch\u00e9 invece l&#8217;Unit\u00e0 ha condotto una vera e propria campagna per creare un&#8217;opinione? Forse perch\u00e9 Israele \u00e8 uno Stato nato male? Ma quale Stato, ora libero e sovrano, non \u00e8 nato male? E chi di noi, inoltre, potrebbe garantire agli Ebrei che in Occidente non ci sar\u00e0 pi\u00f9 alcun Hitler o che in America non ci saranno nuovi campi di concentramento per drogati, omosessuali e\u2026 ebrei? O che gli ebrei potranno continuare a vivere in pace nei paesi arabi?<\/p>\n\n\n\n<p>Forse possono garantire questo il direttore dell&#8217;Unit\u00e0, o Antonello Trombadori o qualsiasi altro intellettuale comunista? E non \u00e8 logico che, chi non pu\u00f2 garantire questo, accetti, almeno in cuor suo, l&#8217;esperimento dello Stato d&#8217;Israele, riconoscendone la sovranit\u00e0 e la libert\u00e0? E che aiuto si d\u00e0 al mondo arabo fingendo di ignorare la sua volont\u00e0 di distruggere Israele? Cio\u00e8 fingendo di ignorare la sua realt\u00e0?&#8221;.<\/p>\n\n\n\n<p>Ci sarebbe da aggiungere un terzo mostro sacro di giornalismo: Indro Montanelli. Ma presto scriveremo anche di lui.<\/p>\n","protected":false},"excerpt":{"rendered":"<p>di Giuseppe Crimaldi In questi che sono tempi veramente difficili, nei quali le percentuali di elettori votanti crollano, gli strumenti democratici della libera manifestazione del pensiero e di manifestazione o vengono impediti o (come ormai quotidianamente succede) si trasformano in azioni violente, e mentre il principale sindacato italiano blocca il Paese per manifestare in sostegno [&hellip;]<\/p>\n","protected":false},"author":4,"featured_media":4895,"comment_status":"open","ping_status":"open","sticky":false,"template":"","format":"standard","meta":{"iawp_total_views":182,"footnotes":""},"categories":[33],"tags":[13,449,943],"class_list":["post-4894","post","type-post","status-publish","format-standard","has-post-thumbnail","hentry","category-approfondimenti","tag-israele","tag-mondo-arabo","tag-pier-paolo-pasolini"],"yoast_head":"<!-- This site is optimized with the Yoast SEO plugin v27.5 - https:\/\/yoast.com\/product\/yoast-seo-wordpress\/ -->\r\n<title>Grandezza e attualit\u00e0 di Pasolini e Pannella - Federazione Associazioni Italia Israele<\/title>\r\n<meta name=\"robots\" content=\"index, follow, max-snippet:-1, max-image-preview:large, max-video-preview:-1\" \/>\r\n<link rel=\"canonical\" href=\"https:\/\/www.italiaisraele.org\/?p=4894\" \/>\r\n<meta property=\"og:locale\" content=\"it_IT\" \/>\r\n<meta property=\"og:type\" content=\"article\" \/>\r\n<meta property=\"og:title\" content=\"Grandezza e attualit\u00e0 di Pasolini e Pannella - Federazione Associazioni Italia Israele\" \/>\r\n<meta property=\"og:description\" content=\"di Giuseppe Crimaldi In questi che sono tempi veramente difficili, nei quali le percentuali di elettori votanti crollano, gli strumenti democratici della libera manifestazione del pensiero e di manifestazione o vengono impediti o (come ormai quotidianamente succede) si trasformano in azioni violente, e mentre il principale sindacato italiano blocca il Paese per manifestare in sostegno [&hellip;]\" \/>\r\n<meta property=\"og:url\" content=\"https:\/\/www.italiaisraele.org\/?p=4894\" \/>\r\n<meta property=\"og:site_name\" content=\"Federazione Associazioni Italia Israele\" \/>\r\n<meta property=\"article:publisher\" content=\"https:\/\/www.facebook.com\/Federazione.Associazioni.Italia.Israele\" \/>\r\n<meta property=\"article:published_time\" content=\"2025-10-17T15:23:31+00:00\" \/>\r\n<meta property=\"article:modified_time\" content=\"2025-10-17T17:21:17+00:00\" \/>\r\n<meta property=\"og:image\" content=\"https:\/\/www.italiaisraele.org\/wp-content\/uploads\/2025\/10\/images-11.jpg\" \/>\r\n\t<meta property=\"og:image:width\" content=\"284\" \/>\r\n\t<meta property=\"og:image:height\" content=\"177\" \/>\r\n\t<meta property=\"og:image:type\" content=\"image\/jpeg\" \/>\r\n<meta name=\"author\" content=\"Giuseppe Crimaldi\" \/>\r\n<meta name=\"twitter:card\" content=\"summary_large_image\" \/>\r\n<meta name=\"twitter:label1\" content=\"Scritto da\" \/>\n\t<meta name=\"twitter:data1\" content=\"Giuseppe Crimaldi\" \/>\n\t<meta name=\"twitter:label2\" content=\"Tempo di lettura stimato\" \/>\n\t<meta name=\"twitter:data2\" content=\"6 minuti\" \/>\r\n<script type=\"application\/ld+json\" class=\"yoast-schema-graph\">{\"@context\":\"https:\\\/\\\/schema.org\",\"@graph\":[{\"@type\":\"Article\",\"@id\":\"https:\\\/\\\/www.italiaisraele.org\\\/?p=4894#article\",\"isPartOf\":{\"@id\":\"https:\\\/\\\/www.italiaisraele.org\\\/?p=4894\"},\"author\":{\"name\":\"Giuseppe Crimaldi\",\"@id\":\"https:\\\/\\\/www.italiaisraele.org\\\/#\\\/schema\\\/person\\\/7784c17a23e6ef9cb737f3192f043fab\"},\"headline\":\"Grandezza e attualit\u00e0 di Pasolini e Pannella\",\"datePublished\":\"2025-10-17T15:23:31+00:00\",\"dateModified\":\"2025-10-17T17:21:17+00:00\",\"mainEntityOfPage\":{\"@id\":\"https:\\\/\\\/www.italiaisraele.org\\\/?p=4894\"},\"wordCount\":903,\"commentCount\":0,\"publisher\":{\"@id\":\"https:\\\/\\\/www.italiaisraele.org\\\/#organization\"},\"image\":{\"@id\":\"https:\\\/\\\/www.italiaisraele.org\\\/?p=4894#primaryimage\"},\"thumbnailUrl\":\"https:\\\/\\\/www.italiaisraele.org\\\/wp-content\\\/uploads\\\/2025\\\/10\\\/images-11.jpg\",\"keywords\":[\"Israele\",\"mondo arabo\",\"Pier Paolo pasolini\"],\"articleSection\":[\"Approfondimenti\"],\"inLanguage\":\"it-IT\",\"potentialAction\":[{\"@type\":\"CommentAction\",\"name\":\"Comment\",\"target\":[\"https:\\\/\\\/www.italiaisraele.org\\\/?p=4894#respond\"]}]},{\"@type\":\"WebPage\",\"@id\":\"https:\\\/\\\/www.italiaisraele.org\\\/?p=4894\",\"url\":\"https:\\\/\\\/www.italiaisraele.org\\\/?p=4894\",\"name\":\"Grandezza e attualit\u00e0 di Pasolini e Pannella - Federazione Associazioni Italia Israele\",\"isPartOf\":{\"@id\":\"https:\\\/\\\/www.italiaisraele.org\\\/#website\"},\"primaryImageOfPage\":{\"@id\":\"https:\\\/\\\/www.italiaisraele.org\\\/?p=4894#primaryimage\"},\"image\":{\"@id\":\"https:\\\/\\\/www.italiaisraele.org\\\/?p=4894#primaryimage\"},\"thumbnailUrl\":\"https:\\\/\\\/www.italiaisraele.org\\\/wp-content\\\/uploads\\\/2025\\\/10\\\/images-11.jpg\",\"datePublished\":\"2025-10-17T15:23:31+00:00\",\"dateModified\":\"2025-10-17T17:21:17+00:00\",\"breadcrumb\":{\"@id\":\"https:\\\/\\\/www.italiaisraele.org\\\/?p=4894#breadcrumb\"},\"inLanguage\":\"it-IT\",\"potentialAction\":[{\"@type\":\"ReadAction\",\"target\":[\"https:\\\/\\\/www.italiaisraele.org\\\/?p=4894\"]}]},{\"@type\":\"ImageObject\",\"inLanguage\":\"it-IT\",\"@id\":\"https:\\\/\\\/www.italiaisraele.org\\\/?p=4894#primaryimage\",\"url\":\"https:\\\/\\\/www.italiaisraele.org\\\/wp-content\\\/uploads\\\/2025\\\/10\\\/images-11.jpg\",\"contentUrl\":\"https:\\\/\\\/www.italiaisraele.org\\\/wp-content\\\/uploads\\\/2025\\\/10\\\/images-11.jpg\",\"width\":284,\"height\":177},{\"@type\":\"BreadcrumbList\",\"@id\":\"https:\\\/\\\/www.italiaisraele.org\\\/?p=4894#breadcrumb\",\"itemListElement\":[{\"@type\":\"ListItem\",\"position\":1,\"name\":\"Home\",\"item\":\"https:\\\/\\\/www.italiaisraele.org\\\/\"},{\"@type\":\"ListItem\",\"position\":2,\"name\":\"Grandezza e attualit\u00e0 di Pasolini e Pannella\"}]},{\"@type\":\"WebSite\",\"@id\":\"https:\\\/\\\/www.italiaisraele.org\\\/#website\",\"url\":\"https:\\\/\\\/www.italiaisraele.org\\\/\",\"name\":\"News Italia - Israele\",\"description\":\"Italia Israele Today - Magazine\",\"publisher\":{\"@id\":\"https:\\\/\\\/www.italiaisraele.org\\\/#organization\"},\"potentialAction\":[{\"@type\":\"SearchAction\",\"target\":{\"@type\":\"EntryPoint\",\"urlTemplate\":\"https:\\\/\\\/www.italiaisraele.org\\\/?s={search_term_string}\"},\"query-input\":{\"@type\":\"PropertyValueSpecification\",\"valueRequired\":true,\"valueName\":\"search_term_string\"}}],\"inLanguage\":\"it-IT\"},{\"@type\":\"Organization\",\"@id\":\"https:\\\/\\\/www.italiaisraele.org\\\/#organization\",\"name\":\"News Italia - Israele\",\"url\":\"https:\\\/\\\/www.italiaisraele.org\\\/\",\"logo\":{\"@type\":\"ImageObject\",\"inLanguage\":\"it-IT\",\"@id\":\"https:\\\/\\\/www.italiaisraele.org\\\/#\\\/schema\\\/logo\\\/image\\\/\",\"url\":\"https:\\\/\\\/www.italiaisraele.org\\\/wp-content\\\/uploads\\\/2024\\\/02\\\/cropped-cropped-TESTATA-NEWS-2.jpg\",\"contentUrl\":\"https:\\\/\\\/www.italiaisraele.org\\\/wp-content\\\/uploads\\\/2024\\\/02\\\/cropped-cropped-TESTATA-NEWS-2.jpg\",\"width\":1918,\"height\":291,\"caption\":\"News Italia - Israele\"},\"image\":{\"@id\":\"https:\\\/\\\/www.italiaisraele.org\\\/#\\\/schema\\\/logo\\\/image\\\/\"},\"sameAs\":[\"https:\\\/\\\/www.facebook.com\\\/Federazione.Associazioni.Italia.Israele\"]},{\"@type\":\"Person\",\"@id\":\"https:\\\/\\\/www.italiaisraele.org\\\/#\\\/schema\\\/person\\\/7784c17a23e6ef9cb737f3192f043fab\",\"name\":\"Giuseppe Crimaldi\",\"image\":{\"@type\":\"ImageObject\",\"inLanguage\":\"it-IT\",\"@id\":\"https:\\\/\\\/secure.gravatar.com\\\/avatar\\\/a6ddf67481d5d5efef9847e6f4c99a77e7129e93382ea6de1e9ea96b8deec707?s=96&d=mm&r=g\",\"url\":\"https:\\\/\\\/secure.gravatar.com\\\/avatar\\\/a6ddf67481d5d5efef9847e6f4c99a77e7129e93382ea6de1e9ea96b8deec707?s=96&d=mm&r=g\",\"contentUrl\":\"https:\\\/\\\/secure.gravatar.com\\\/avatar\\\/a6ddf67481d5d5efef9847e6f4c99a77e7129e93382ea6de1e9ea96b8deec707?s=96&d=mm&r=g\",\"caption\":\"Giuseppe Crimaldi\"},\"url\":\"https:\\\/\\\/www.italiaisraele.org\\\/?author=4\"}]}<\/script>\r\n<!-- \/ Yoast SEO plugin. -->","yoast_head_json":{"title":"Grandezza e attualit\u00e0 di Pasolini e Pannella - Federazione Associazioni Italia Israele","robots":{"index":"index","follow":"follow","max-snippet":"max-snippet:-1","max-image-preview":"max-image-preview:large","max-video-preview":"max-video-preview:-1"},"canonical":"https:\/\/www.italiaisraele.org\/?p=4894","og_locale":"it_IT","og_type":"article","og_title":"Grandezza e attualit\u00e0 di Pasolini e Pannella - Federazione Associazioni Italia Israele","og_description":"di Giuseppe Crimaldi In questi che sono tempi veramente difficili, nei quali le percentuali di elettori votanti crollano, gli strumenti democratici della libera manifestazione del pensiero e di manifestazione o vengono impediti o (come ormai quotidianamente succede) si trasformano in azioni violente, e mentre il principale sindacato italiano blocca il Paese per manifestare in sostegno [&hellip;]","og_url":"https:\/\/www.italiaisraele.org\/?p=4894","og_site_name":"Federazione Associazioni Italia Israele","article_publisher":"https:\/\/www.facebook.com\/Federazione.Associazioni.Italia.Israele","article_published_time":"2025-10-17T15:23:31+00:00","article_modified_time":"2025-10-17T17:21:17+00:00","og_image":[{"width":284,"height":177,"url":"https:\/\/www.italiaisraele.org\/wp-content\/uploads\/2025\/10\/images-11.jpg","type":"image\/jpeg"}],"author":"Giuseppe Crimaldi","twitter_card":"summary_large_image","twitter_misc":{"Scritto da":"Giuseppe Crimaldi","Tempo di lettura stimato":"6 minuti"},"schema":{"@context":"https:\/\/schema.org","@graph":[{"@type":"Article","@id":"https:\/\/www.italiaisraele.org\/?p=4894#article","isPartOf":{"@id":"https:\/\/www.italiaisraele.org\/?p=4894"},"author":{"name":"Giuseppe Crimaldi","@id":"https:\/\/www.italiaisraele.org\/#\/schema\/person\/7784c17a23e6ef9cb737f3192f043fab"},"headline":"Grandezza e attualit\u00e0 di Pasolini e Pannella","datePublished":"2025-10-17T15:23:31+00:00","dateModified":"2025-10-17T17:21:17+00:00","mainEntityOfPage":{"@id":"https:\/\/www.italiaisraele.org\/?p=4894"},"wordCount":903,"commentCount":0,"publisher":{"@id":"https:\/\/www.italiaisraele.org\/#organization"},"image":{"@id":"https:\/\/www.italiaisraele.org\/?p=4894#primaryimage"},"thumbnailUrl":"https:\/\/www.italiaisraele.org\/wp-content\/uploads\/2025\/10\/images-11.jpg","keywords":["Israele","mondo arabo","Pier Paolo pasolini"],"articleSection":["Approfondimenti"],"inLanguage":"it-IT","potentialAction":[{"@type":"CommentAction","name":"Comment","target":["https:\/\/www.italiaisraele.org\/?p=4894#respond"]}]},{"@type":"WebPage","@id":"https:\/\/www.italiaisraele.org\/?p=4894","url":"https:\/\/www.italiaisraele.org\/?p=4894","name":"Grandezza e attualit\u00e0 di Pasolini e Pannella - Federazione Associazioni Italia Israele","isPartOf":{"@id":"https:\/\/www.italiaisraele.org\/#website"},"primaryImageOfPage":{"@id":"https:\/\/www.italiaisraele.org\/?p=4894#primaryimage"},"image":{"@id":"https:\/\/www.italiaisraele.org\/?p=4894#primaryimage"},"thumbnailUrl":"https:\/\/www.italiaisraele.org\/wp-content\/uploads\/2025\/10\/images-11.jpg","datePublished":"2025-10-17T15:23:31+00:00","dateModified":"2025-10-17T17:21:17+00:00","breadcrumb":{"@id":"https:\/\/www.italiaisraele.org\/?p=4894#breadcrumb"},"inLanguage":"it-IT","potentialAction":[{"@type":"ReadAction","target":["https:\/\/www.italiaisraele.org\/?p=4894"]}]},{"@type":"ImageObject","inLanguage":"it-IT","@id":"https:\/\/www.italiaisraele.org\/?p=4894#primaryimage","url":"https:\/\/www.italiaisraele.org\/wp-content\/uploads\/2025\/10\/images-11.jpg","contentUrl":"https:\/\/www.italiaisraele.org\/wp-content\/uploads\/2025\/10\/images-11.jpg","width":284,"height":177},{"@type":"BreadcrumbList","@id":"https:\/\/www.italiaisraele.org\/?p=4894#breadcrumb","itemListElement":[{"@type":"ListItem","position":1,"name":"Home","item":"https:\/\/www.italiaisraele.org\/"},{"@type":"ListItem","position":2,"name":"Grandezza e attualit\u00e0 di Pasolini e Pannella"}]},{"@type":"WebSite","@id":"https:\/\/www.italiaisraele.org\/#website","url":"https:\/\/www.italiaisraele.org\/","name":"News Italia - Israele","description":"Italia Israele Today - Magazine","publisher":{"@id":"https:\/\/www.italiaisraele.org\/#organization"},"potentialAction":[{"@type":"SearchAction","target":{"@type":"EntryPoint","urlTemplate":"https:\/\/www.italiaisraele.org\/?s={search_term_string}"},"query-input":{"@type":"PropertyValueSpecification","valueRequired":true,"valueName":"search_term_string"}}],"inLanguage":"it-IT"},{"@type":"Organization","@id":"https:\/\/www.italiaisraele.org\/#organization","name":"News Italia - Israele","url":"https:\/\/www.italiaisraele.org\/","logo":{"@type":"ImageObject","inLanguage":"it-IT","@id":"https:\/\/www.italiaisraele.org\/#\/schema\/logo\/image\/","url":"https:\/\/www.italiaisraele.org\/wp-content\/uploads\/2024\/02\/cropped-cropped-TESTATA-NEWS-2.jpg","contentUrl":"https:\/\/www.italiaisraele.org\/wp-content\/uploads\/2024\/02\/cropped-cropped-TESTATA-NEWS-2.jpg","width":1918,"height":291,"caption":"News Italia - Israele"},"image":{"@id":"https:\/\/www.italiaisraele.org\/#\/schema\/logo\/image\/"},"sameAs":["https:\/\/www.facebook.com\/Federazione.Associazioni.Italia.Israele"]},{"@type":"Person","@id":"https:\/\/www.italiaisraele.org\/#\/schema\/person\/7784c17a23e6ef9cb737f3192f043fab","name":"Giuseppe Crimaldi","image":{"@type":"ImageObject","inLanguage":"it-IT","@id":"https:\/\/secure.gravatar.com\/avatar\/a6ddf67481d5d5efef9847e6f4c99a77e7129e93382ea6de1e9ea96b8deec707?s=96&d=mm&r=g","url":"https:\/\/secure.gravatar.com\/avatar\/a6ddf67481d5d5efef9847e6f4c99a77e7129e93382ea6de1e9ea96b8deec707?s=96&d=mm&r=g","contentUrl":"https:\/\/secure.gravatar.com\/avatar\/a6ddf67481d5d5efef9847e6f4c99a77e7129e93382ea6de1e9ea96b8deec707?s=96&d=mm&r=g","caption":"Giuseppe Crimaldi"},"url":"https:\/\/www.italiaisraele.org\/?author=4"}]}},"_links":{"self":[{"href":"https:\/\/www.italiaisraele.org\/index.php?rest_route=\/wp\/v2\/posts\/4894","targetHints":{"allow":["GET"]}}],"collection":[{"href":"https:\/\/www.italiaisraele.org\/index.php?rest_route=\/wp\/v2\/posts"}],"about":[{"href":"https:\/\/www.italiaisraele.org\/index.php?rest_route=\/wp\/v2\/types\/post"}],"author":[{"embeddable":true,"href":"https:\/\/www.italiaisraele.org\/index.php?rest_route=\/wp\/v2\/users\/4"}],"replies":[{"embeddable":true,"href":"https:\/\/www.italiaisraele.org\/index.php?rest_route=%2Fwp%2Fv2%2Fcomments&post=4894"}],"version-history":[{"count":0,"href":"https:\/\/www.italiaisraele.org\/index.php?rest_route=\/wp\/v2\/posts\/4894\/revisions"}],"wp:featuredmedia":[{"embeddable":true,"href":"https:\/\/www.italiaisraele.org\/index.php?rest_route=\/wp\/v2\/media\/4895"}],"wp:attachment":[{"href":"https:\/\/www.italiaisraele.org\/index.php?rest_route=%2Fwp%2Fv2%2Fmedia&parent=4894"}],"wp:term":[{"taxonomy":"category","embeddable":true,"href":"https:\/\/www.italiaisraele.org\/index.php?rest_route=%2Fwp%2Fv2%2Fcategories&post=4894"},{"taxonomy":"post_tag","embeddable":true,"href":"https:\/\/www.italiaisraele.org\/index.php?rest_route=%2Fwp%2Fv2%2Ftags&post=4894"}],"curies":[{"name":"wp","href":"https:\/\/api.w.org\/{rel}","templated":true}]}}