{"id":4887,"date":"2025-10-16T19:53:50","date_gmt":"2025-10-16T17:53:50","guid":{"rendered":"https:\/\/www.italiaisraele.org\/?p=4887"},"modified":"2025-10-16T19:53:59","modified_gmt":"2025-10-16T17:53:59","slug":"con-gli-israeliani-gaza-era-un-giardino-fiorito","status":"publish","type":"post","link":"https:\/\/www.italiaisraele.org\/?p=4887","title":{"rendered":"Con gli israeliani Gaza era un giardino fiorito"},"content":{"rendered":"\n<p><strong><em>Nel 2005 gli israeliani, a seguito del \u201cPiano di disimpegno unilaterale\u201d, si ritirarono completamente da Gaza. L&#8217;anno successivo scoppi\u00f2 un conflitto armato \u2013 la \u201cguerra civile palestinese\u201d \u2013 tra Hamas e Fatah.<\/em><\/strong> <em>E Gaza perse tutto quello che di buono Israele le aveva lasciato.<\/em><\/p>\n\n\n\n<p>Da terre fiorite a deserto e tunnel dell&#8217;orrore: il fallimento di Hamas<\/p>\n\n\n\n<figure class=\"wp-block-image size-full is-resized\"><img loading=\"lazy\" decoding=\"async\" width=\"259\" height=\"194\" src=\"https:\/\/www.italiaisraele.org\/wp-content\/uploads\/2025\/10\/images-9.jpg\" alt=\"\" class=\"wp-image-4888\" style=\"width:286px;height:auto\"\/><\/figure>\n\n\n\n<p><strong>Quando Israele si ritir\u00f2 da Gaza nel 2005 lasci\u00f2 ai palestinesi un patrimonio economico vivo e fiorente: serre moderne, aranceti rigogliosi, campi coltivati con tecniche avanzate, una base produttiva agricola che poteva rappresentare il trampolino per lo sviluppo di un territorio finalmente autonomo. Quelle terre, frutto di decenni di lavoro, erano pronte a generare reddito, occupazione e prosperit\u00e0.<\/strong><\/p>\n\n\n\n<figure class=\"wp-block-image size-full\"><img loading=\"lazy\" decoding=\"async\" width=\"610\" height=\"397\" src=\"https:\/\/www.italiaisraele.org\/wp-content\/uploads\/2025\/10\/fleurs2.jpg\" alt=\"\" class=\"wp-image-4889\" srcset=\"https:\/\/www.italiaisraele.org\/wp-content\/uploads\/2025\/10\/fleurs2.jpg 610w, https:\/\/www.italiaisraele.org\/wp-content\/uploads\/2025\/10\/fleurs2-300x195.jpg 300w, https:\/\/www.italiaisraele.org\/wp-content\/uploads\/2025\/10\/fleurs2-600x390.jpg 600w\" sizes=\"auto, (max-width: 610px) 100vw, 610px\" \/><\/figure>\n\n\n\n<p><br><\/p>\n\n\n\n<figure class=\"wp-block-image size-full is-resized\"><img loading=\"lazy\" decoding=\"async\" width=\"1024\" height=\"640\" src=\"https:\/\/www.italiaisraele.org\/wp-content\/uploads\/2025\/10\/feature-1024x640-1.jpg\" alt=\"\" class=\"wp-image-4890\" style=\"width:605px;height:auto\" srcset=\"https:\/\/www.italiaisraele.org\/wp-content\/uploads\/2025\/10\/feature-1024x640-1.jpg 1024w, https:\/\/www.italiaisraele.org\/wp-content\/uploads\/2025\/10\/feature-1024x640-1-300x188.jpg 300w, https:\/\/www.italiaisraele.org\/wp-content\/uploads\/2025\/10\/feature-1024x640-1-768x480.jpg 768w, https:\/\/www.italiaisraele.org\/wp-content\/uploads\/2025\/10\/feature-1024x640-1-600x375.jpg 600w\" sizes=\"auto, (max-width: 1024px) 100vw, 1024px\" \/><\/figure>\n\n\n\n<p>Cos\u00ec ai gazawi avevano lasciato la Striscia, e Gaza in particolare, ai gazawi. Ma niente: Hamas riusc\u00ec a distruggere anche quella opportunit\u00e0di sviluppo per la popolazione.<br>A distanza di vent\u2019anni &#8211; e ben prima della guerra del 2023 &#8211; ci\u00f2 che rimane \u00e8 un paesaggio abbandonato, campi incolti, strutture distrutte e un\u2019economia ridotta alla sopravvivenza. Non \u00e8 stato il ritiro israeliano a decretare la fine di quella fioritura, ma la scelta politica e ideologica compiuta nel 2006, quando i palestinesi affidarono il potere a Hamas. Da allora, con la forza e con la violenza, Hamas ha impedito ogni forma di alternanza, trasformando Gaza in un regime autoritario che ha investito miliardi non in scuole, ospedali o infrastrutture, ma in tunnel, armi e propaganda.<br>Le serre sono state smantellate o distrutte, le risorse destinate a progetti di morte, e la popolazione ridotta a vivere in condizioni sempre pi\u00f9 disperate. Non \u00e8 Israele ad aver negato un futuro a Gaza, ma Hamas, che ha preferito la guerra permanente allo sviluppo, la dittatura religiosa alla convivenza civile.<\/p>\n\n\n\n<figure class=\"wp-block-image size-full is-resized\"><img loading=\"lazy\" decoding=\"async\" width=\"275\" height=\"183\" src=\"https:\/\/www.italiaisraele.org\/wp-content\/uploads\/2025\/10\/images-10.jpg\" alt=\"\" class=\"wp-image-4891\" style=\"width:440px;height:auto\"\/><\/figure>\n\n\n\n<p><br><strong>Chi \u00e8 causa del suo mal pianga se stesso: chi sceglie Hamas sceglie un futuro di miseria e distruzione. Gaza poteva essere un\u2019oasi di crescita, \u00e8 stata trasformata in un deserto di disperazione.<\/strong><br>(Contributo: <em>&#8220;Pensiero prismatico&#8221;<\/em>)<\/p>\n","protected":false},"excerpt":{"rendered":"<p>Nel 2005 gli israeliani, a seguito del \u201cPiano di disimpegno unilaterale\u201d, si ritirarono completamente da Gaza. L&#8217;anno successivo scoppi\u00f2 un conflitto armato \u2013 la \u201cguerra civile palestinese\u201d \u2013 tra Hamas e Fatah. E Gaza perse tutto quello che di buono Israele le aveva lasciato. Da terre fiorite a deserto e tunnel dell&#8217;orrore: il fallimento di [&hellip;]<\/p>\n","protected":false},"author":2,"featured_media":4892,"comment_status":"open","ping_status":"open","sticky":false,"template":"","format":"standard","meta":{"iawp_total_views":192,"footnotes":""},"categories":[33],"tags":[56,18],"class_list":["post-4887","post","type-post","status-publish","format-standard","has-post-thumbnail","hentry","category-approfondimenti","tag-gaza","tag-hamas"],"yoast_head":"<!-- This site is optimized with the Yoast SEO plugin v27.5 - https:\/\/yoast.com\/product\/yoast-seo-wordpress\/ -->\r\n<title>Con gli israeliani Gaza era un giardino fiorito - Federazione Associazioni Italia Israele<\/title>\r\n<meta name=\"robots\" content=\"index, follow, max-snippet:-1, max-image-preview:large, max-video-preview:-1\" \/>\r\n<link rel=\"canonical\" href=\"https:\/\/www.italiaisraele.org\/?p=4887\" \/>\r\n<meta property=\"og:locale\" content=\"it_IT\" \/>\r\n<meta property=\"og:type\" content=\"article\" \/>\r\n<meta property=\"og:title\" content=\"Con gli israeliani Gaza era un giardino fiorito - Federazione Associazioni Italia Israele\" \/>\r\n<meta property=\"og:description\" content=\"Nel 2005 gli israeliani, a seguito del \u201cPiano di disimpegno unilaterale\u201d, si ritirarono completamente da Gaza. L&#8217;anno successivo scoppi\u00f2 un conflitto armato \u2013 la \u201cguerra civile palestinese\u201d \u2013 tra Hamas e Fatah. E Gaza perse tutto quello che di buono Israele le aveva lasciato. Da terre fiorite a deserto e tunnel dell&#8217;orrore: il fallimento di [&hellip;]\" \/>\r\n<meta property=\"og:url\" content=\"https:\/\/www.italiaisraele.org\/?p=4887\" \/>\r\n<meta property=\"og:site_name\" content=\"Federazione Associazioni Italia Israele\" \/>\r\n<meta property=\"article:publisher\" content=\"https:\/\/www.facebook.com\/Federazione.Associazioni.Italia.Israele\" \/>\r\n<meta property=\"article:published_time\" content=\"2025-10-16T17:53:50+00:00\" \/>\r\n<meta property=\"article:modified_time\" content=\"2025-10-16T17:53:59+00:00\" \/>\r\n<meta property=\"og:image\" content=\"https:\/\/www.italiaisraele.org\/wp-content\/uploads\/2025\/10\/feature-1024x640-2.jpg\" \/>\r\n\t<meta property=\"og:image:width\" content=\"1024\" \/>\r\n\t<meta property=\"og:image:height\" content=\"640\" \/>\r\n\t<meta property=\"og:image:type\" content=\"image\/jpeg\" \/>\r\n<meta name=\"author\" content=\"Redazione\" \/>\r\n<meta name=\"twitter:card\" content=\"summary_large_image\" \/>\r\n<meta name=\"twitter:label1\" content=\"Scritto da\" \/>\n\t<meta name=\"twitter:data1\" content=\"Redazione\" \/>\n\t<meta name=\"twitter:label2\" content=\"Tempo di lettura stimato\" \/>\n\t<meta name=\"twitter:data2\" content=\"3 minuti\" \/>\r\n<script type=\"application\/ld+json\" class=\"yoast-schema-graph\">{\"@context\":\"https:\\\/\\\/schema.org\",\"@graph\":[{\"@type\":\"Article\",\"@id\":\"https:\\\/\\\/www.italiaisraele.org\\\/?p=4887#article\",\"isPartOf\":{\"@id\":\"https:\\\/\\\/www.italiaisraele.org\\\/?p=4887\"},\"author\":{\"name\":\"Redazione\",\"@id\":\"https:\\\/\\\/www.italiaisraele.org\\\/#\\\/schema\\\/person\\\/a58663d7e92468eb3e7d158e016946cd\"},\"headline\":\"Con gli israeliani Gaza era un giardino fiorito\",\"datePublished\":\"2025-10-16T17:53:50+00:00\",\"dateModified\":\"2025-10-16T17:53:59+00:00\",\"mainEntityOfPage\":{\"@id\":\"https:\\\/\\\/www.italiaisraele.org\\\/?p=4887\"},\"wordCount\":327,\"commentCount\":1,\"publisher\":{\"@id\":\"https:\\\/\\\/www.italiaisraele.org\\\/#organization\"},\"image\":{\"@id\":\"https:\\\/\\\/www.italiaisraele.org\\\/?p=4887#primaryimage\"},\"thumbnailUrl\":\"https:\\\/\\\/www.italiaisraele.org\\\/wp-content\\\/uploads\\\/2025\\\/10\\\/feature-1024x640-2.jpg\",\"keywords\":[\"Gaza\",\"hamas\"],\"articleSection\":[\"Approfondimenti\"],\"inLanguage\":\"it-IT\",\"potentialAction\":[{\"@type\":\"CommentAction\",\"name\":\"Comment\",\"target\":[\"https:\\\/\\\/www.italiaisraele.org\\\/?p=4887#respond\"]}]},{\"@type\":\"WebPage\",\"@id\":\"https:\\\/\\\/www.italiaisraele.org\\\/?p=4887\",\"url\":\"https:\\\/\\\/www.italiaisraele.org\\\/?p=4887\",\"name\":\"Con gli israeliani Gaza era un giardino fiorito - Federazione Associazioni Italia Israele\",\"isPartOf\":{\"@id\":\"https:\\\/\\\/www.italiaisraele.org\\\/#website\"},\"primaryImageOfPage\":{\"@id\":\"https:\\\/\\\/www.italiaisraele.org\\\/?p=4887#primaryimage\"},\"image\":{\"@id\":\"https:\\\/\\\/www.italiaisraele.org\\\/?p=4887#primaryimage\"},\"thumbnailUrl\":\"https:\\\/\\\/www.italiaisraele.org\\\/wp-content\\\/uploads\\\/2025\\\/10\\\/feature-1024x640-2.jpg\",\"datePublished\":\"2025-10-16T17:53:50+00:00\",\"dateModified\":\"2025-10-16T17:53:59+00:00\",\"breadcrumb\":{\"@id\":\"https:\\\/\\\/www.italiaisraele.org\\\/?p=4887#breadcrumb\"},\"inLanguage\":\"it-IT\",\"potentialAction\":[{\"@type\":\"ReadAction\",\"target\":[\"https:\\\/\\\/www.italiaisraele.org\\\/?p=4887\"]}]},{\"@type\":\"ImageObject\",\"inLanguage\":\"it-IT\",\"@id\":\"https:\\\/\\\/www.italiaisraele.org\\\/?p=4887#primaryimage\",\"url\":\"https:\\\/\\\/www.italiaisraele.org\\\/wp-content\\\/uploads\\\/2025\\\/10\\\/feature-1024x640-2.jpg\",\"contentUrl\":\"https:\\\/\\\/www.italiaisraele.org\\\/wp-content\\\/uploads\\\/2025\\\/10\\\/feature-1024x640-2.jpg\",\"width\":1024,\"height\":640},{\"@type\":\"BreadcrumbList\",\"@id\":\"https:\\\/\\\/www.italiaisraele.org\\\/?p=4887#breadcrumb\",\"itemListElement\":[{\"@type\":\"ListItem\",\"position\":1,\"name\":\"Home\",\"item\":\"https:\\\/\\\/www.italiaisraele.org\\\/\"},{\"@type\":\"ListItem\",\"position\":2,\"name\":\"Con gli israeliani Gaza era un giardino fiorito\"}]},{\"@type\":\"WebSite\",\"@id\":\"https:\\\/\\\/www.italiaisraele.org\\\/#website\",\"url\":\"https:\\\/\\\/www.italiaisraele.org\\\/\",\"name\":\"News Italia - Israele\",\"description\":\"Italia Israele Today - Magazine\",\"publisher\":{\"@id\":\"https:\\\/\\\/www.italiaisraele.org\\\/#organization\"},\"potentialAction\":[{\"@type\":\"SearchAction\",\"target\":{\"@type\":\"EntryPoint\",\"urlTemplate\":\"https:\\\/\\\/www.italiaisraele.org\\\/?s={search_term_string}\"},\"query-input\":{\"@type\":\"PropertyValueSpecification\",\"valueRequired\":true,\"valueName\":\"search_term_string\"}}],\"inLanguage\":\"it-IT\"},{\"@type\":\"Organization\",\"@id\":\"https:\\\/\\\/www.italiaisraele.org\\\/#organization\",\"name\":\"News Italia - Israele\",\"url\":\"https:\\\/\\\/www.italiaisraele.org\\\/\",\"logo\":{\"@type\":\"ImageObject\",\"inLanguage\":\"it-IT\",\"@id\":\"https:\\\/\\\/www.italiaisraele.org\\\/#\\\/schema\\\/logo\\\/image\\\/\",\"url\":\"https:\\\/\\\/www.italiaisraele.org\\\/wp-content\\\/uploads\\\/2024\\\/02\\\/cropped-cropped-TESTATA-NEWS-2.jpg\",\"contentUrl\":\"https:\\\/\\\/www.italiaisraele.org\\\/wp-content\\\/uploads\\\/2024\\\/02\\\/cropped-cropped-TESTATA-NEWS-2.jpg\",\"width\":1918,\"height\":291,\"caption\":\"News Italia - Israele\"},\"image\":{\"@id\":\"https:\\\/\\\/www.italiaisraele.org\\\/#\\\/schema\\\/logo\\\/image\\\/\"},\"sameAs\":[\"https:\\\/\\\/www.facebook.com\\\/Federazione.Associazioni.Italia.Israele\"]},{\"@type\":\"Person\",\"@id\":\"https:\\\/\\\/www.italiaisraele.org\\\/#\\\/schema\\\/person\\\/a58663d7e92468eb3e7d158e016946cd\",\"name\":\"Redazione\",\"image\":{\"@type\":\"ImageObject\",\"inLanguage\":\"it-IT\",\"@id\":\"https:\\\/\\\/secure.gravatar.com\\\/avatar\\\/fe11715b332cc423bb3991a005da4d50b44647eec21b11abddd059d3deafc450?s=96&d=mm&r=g\",\"url\":\"https:\\\/\\\/secure.gravatar.com\\\/avatar\\\/fe11715b332cc423bb3991a005da4d50b44647eec21b11abddd059d3deafc450?s=96&d=mm&r=g\",\"contentUrl\":\"https:\\\/\\\/secure.gravatar.com\\\/avatar\\\/fe11715b332cc423bb3991a005da4d50b44647eec21b11abddd059d3deafc450?s=96&d=mm&r=g\",\"caption\":\"Redazione\"},\"url\":\"https:\\\/\\\/www.italiaisraele.org\\\/?author=2\"}]}<\/script>\r\n<!-- \/ Yoast SEO plugin. -->","yoast_head_json":{"title":"Con gli israeliani Gaza era un giardino fiorito - Federazione Associazioni Italia Israele","robots":{"index":"index","follow":"follow","max-snippet":"max-snippet:-1","max-image-preview":"max-image-preview:large","max-video-preview":"max-video-preview:-1"},"canonical":"https:\/\/www.italiaisraele.org\/?p=4887","og_locale":"it_IT","og_type":"article","og_title":"Con gli israeliani Gaza era un giardino fiorito - Federazione Associazioni Italia Israele","og_description":"Nel 2005 gli israeliani, a seguito del \u201cPiano di disimpegno unilaterale\u201d, si ritirarono completamente da Gaza. L&#8217;anno successivo scoppi\u00f2 un conflitto armato \u2013 la \u201cguerra civile palestinese\u201d \u2013 tra Hamas e Fatah. E Gaza perse tutto quello che di buono Israele le aveva lasciato. Da terre fiorite a deserto e tunnel dell&#8217;orrore: il fallimento di [&hellip;]","og_url":"https:\/\/www.italiaisraele.org\/?p=4887","og_site_name":"Federazione Associazioni Italia Israele","article_publisher":"https:\/\/www.facebook.com\/Federazione.Associazioni.Italia.Israele","article_published_time":"2025-10-16T17:53:50+00:00","article_modified_time":"2025-10-16T17:53:59+00:00","og_image":[{"width":1024,"height":640,"url":"https:\/\/www.italiaisraele.org\/wp-content\/uploads\/2025\/10\/feature-1024x640-2.jpg","type":"image\/jpeg"}],"author":"Redazione","twitter_card":"summary_large_image","twitter_misc":{"Scritto da":"Redazione","Tempo di lettura stimato":"3 minuti"},"schema":{"@context":"https:\/\/schema.org","@graph":[{"@type":"Article","@id":"https:\/\/www.italiaisraele.org\/?p=4887#article","isPartOf":{"@id":"https:\/\/www.italiaisraele.org\/?p=4887"},"author":{"name":"Redazione","@id":"https:\/\/www.italiaisraele.org\/#\/schema\/person\/a58663d7e92468eb3e7d158e016946cd"},"headline":"Con gli israeliani Gaza era un giardino fiorito","datePublished":"2025-10-16T17:53:50+00:00","dateModified":"2025-10-16T17:53:59+00:00","mainEntityOfPage":{"@id":"https:\/\/www.italiaisraele.org\/?p=4887"},"wordCount":327,"commentCount":1,"publisher":{"@id":"https:\/\/www.italiaisraele.org\/#organization"},"image":{"@id":"https:\/\/www.italiaisraele.org\/?p=4887#primaryimage"},"thumbnailUrl":"https:\/\/www.italiaisraele.org\/wp-content\/uploads\/2025\/10\/feature-1024x640-2.jpg","keywords":["Gaza","hamas"],"articleSection":["Approfondimenti"],"inLanguage":"it-IT","potentialAction":[{"@type":"CommentAction","name":"Comment","target":["https:\/\/www.italiaisraele.org\/?p=4887#respond"]}]},{"@type":"WebPage","@id":"https:\/\/www.italiaisraele.org\/?p=4887","url":"https:\/\/www.italiaisraele.org\/?p=4887","name":"Con gli israeliani Gaza era un giardino fiorito - Federazione Associazioni Italia Israele","isPartOf":{"@id":"https:\/\/www.italiaisraele.org\/#website"},"primaryImageOfPage":{"@id":"https:\/\/www.italiaisraele.org\/?p=4887#primaryimage"},"image":{"@id":"https:\/\/www.italiaisraele.org\/?p=4887#primaryimage"},"thumbnailUrl":"https:\/\/www.italiaisraele.org\/wp-content\/uploads\/2025\/10\/feature-1024x640-2.jpg","datePublished":"2025-10-16T17:53:50+00:00","dateModified":"2025-10-16T17:53:59+00:00","breadcrumb":{"@id":"https:\/\/www.italiaisraele.org\/?p=4887#breadcrumb"},"inLanguage":"it-IT","potentialAction":[{"@type":"ReadAction","target":["https:\/\/www.italiaisraele.org\/?p=4887"]}]},{"@type":"ImageObject","inLanguage":"it-IT","@id":"https:\/\/www.italiaisraele.org\/?p=4887#primaryimage","url":"https:\/\/www.italiaisraele.org\/wp-content\/uploads\/2025\/10\/feature-1024x640-2.jpg","contentUrl":"https:\/\/www.italiaisraele.org\/wp-content\/uploads\/2025\/10\/feature-1024x640-2.jpg","width":1024,"height":640},{"@type":"BreadcrumbList","@id":"https:\/\/www.italiaisraele.org\/?p=4887#breadcrumb","itemListElement":[{"@type":"ListItem","position":1,"name":"Home","item":"https:\/\/www.italiaisraele.org\/"},{"@type":"ListItem","position":2,"name":"Con gli israeliani Gaza era un giardino fiorito"}]},{"@type":"WebSite","@id":"https:\/\/www.italiaisraele.org\/#website","url":"https:\/\/www.italiaisraele.org\/","name":"News Italia - Israele","description":"Italia Israele Today - Magazine","publisher":{"@id":"https:\/\/www.italiaisraele.org\/#organization"},"potentialAction":[{"@type":"SearchAction","target":{"@type":"EntryPoint","urlTemplate":"https:\/\/www.italiaisraele.org\/?s={search_term_string}"},"query-input":{"@type":"PropertyValueSpecification","valueRequired":true,"valueName":"search_term_string"}}],"inLanguage":"it-IT"},{"@type":"Organization","@id":"https:\/\/www.italiaisraele.org\/#organization","name":"News Italia - Israele","url":"https:\/\/www.italiaisraele.org\/","logo":{"@type":"ImageObject","inLanguage":"it-IT","@id":"https:\/\/www.italiaisraele.org\/#\/schema\/logo\/image\/","url":"https:\/\/www.italiaisraele.org\/wp-content\/uploads\/2024\/02\/cropped-cropped-TESTATA-NEWS-2.jpg","contentUrl":"https:\/\/www.italiaisraele.org\/wp-content\/uploads\/2024\/02\/cropped-cropped-TESTATA-NEWS-2.jpg","width":1918,"height":291,"caption":"News Italia - Israele"},"image":{"@id":"https:\/\/www.italiaisraele.org\/#\/schema\/logo\/image\/"},"sameAs":["https:\/\/www.facebook.com\/Federazione.Associazioni.Italia.Israele"]},{"@type":"Person","@id":"https:\/\/www.italiaisraele.org\/#\/schema\/person\/a58663d7e92468eb3e7d158e016946cd","name":"Redazione","image":{"@type":"ImageObject","inLanguage":"it-IT","@id":"https:\/\/secure.gravatar.com\/avatar\/fe11715b332cc423bb3991a005da4d50b44647eec21b11abddd059d3deafc450?s=96&d=mm&r=g","url":"https:\/\/secure.gravatar.com\/avatar\/fe11715b332cc423bb3991a005da4d50b44647eec21b11abddd059d3deafc450?s=96&d=mm&r=g","contentUrl":"https:\/\/secure.gravatar.com\/avatar\/fe11715b332cc423bb3991a005da4d50b44647eec21b11abddd059d3deafc450?s=96&d=mm&r=g","caption":"Redazione"},"url":"https:\/\/www.italiaisraele.org\/?author=2"}]}},"_links":{"self":[{"href":"https:\/\/www.italiaisraele.org\/index.php?rest_route=\/wp\/v2\/posts\/4887","targetHints":{"allow":["GET"]}}],"collection":[{"href":"https:\/\/www.italiaisraele.org\/index.php?rest_route=\/wp\/v2\/posts"}],"about":[{"href":"https:\/\/www.italiaisraele.org\/index.php?rest_route=\/wp\/v2\/types\/post"}],"author":[{"embeddable":true,"href":"https:\/\/www.italiaisraele.org\/index.php?rest_route=\/wp\/v2\/users\/2"}],"replies":[{"embeddable":true,"href":"https:\/\/www.italiaisraele.org\/index.php?rest_route=%2Fwp%2Fv2%2Fcomments&post=4887"}],"version-history":[{"count":0,"href":"https:\/\/www.italiaisraele.org\/index.php?rest_route=\/wp\/v2\/posts\/4887\/revisions"}],"wp:featuredmedia":[{"embeddable":true,"href":"https:\/\/www.italiaisraele.org\/index.php?rest_route=\/wp\/v2\/media\/4892"}],"wp:attachment":[{"href":"https:\/\/www.italiaisraele.org\/index.php?rest_route=%2Fwp%2Fv2%2Fmedia&parent=4887"}],"wp:term":[{"taxonomy":"category","embeddable":true,"href":"https:\/\/www.italiaisraele.org\/index.php?rest_route=%2Fwp%2Fv2%2Fcategories&post=4887"},{"taxonomy":"post_tag","embeddable":true,"href":"https:\/\/www.italiaisraele.org\/index.php?rest_route=%2Fwp%2Fv2%2Ftags&post=4887"}],"curies":[{"name":"wp","href":"https:\/\/api.w.org\/{rel}","templated":true}]}}