{"id":4807,"date":"2025-09-13T11:49:37","date_gmt":"2025-09-13T09:49:37","guid":{"rendered":"https:\/\/www.italiaisraele.org\/?p=4807"},"modified":"2025-09-13T11:49:46","modified_gmt":"2025-09-13T09:49:46","slug":"flottilla-ce-chi-cerca-il-martirio","status":"publish","type":"post","link":"https:\/\/www.italiaisraele.org\/?p=4807","title":{"rendered":"Flottilla, c&#8217;\u00e8 chi cerca il martirio?"},"content":{"rendered":"\n<p>di <em>Giuseppe Crimaldi<\/em><\/p>\n\n\n\n<p>Ho un brutto presentimento. E&#8217; un pensiero che vorrei scacciare, quello che da qualche giorno mi insegue sulla meravigliosa flottilla che fa rotta verso le coste di Gaza, ben sapendo dei rischi che si corrono quando  su quel terreno \u00e8 in corso una guerra.<\/p>\n\n\n\n<p>Che cosa succeder\u00e0?, mi domando. Voglio evitare ogni equivoco e ogni polemica su chi ci sia realmente dietro l&#8217;organizzazione di una s\u00ec imponente missione, su chi paghi i costi di lussuosi yacht e panfili con i vessilli palestinesi. E voglio sgombrare preliminarmente il campo da fraintendimenti: ogni  missione umanitaria merita rispetto, sebbene mi continui a chiedere perch\u00e9 simili iniziative non siano mai state affrontate per il Darfur, piuttosto che per il Nyanmar, la Somalia,  o per uno solo dei restanti 55 conflitti mondiali dei quali non si parla e che sembrano non interessare il popolo dei propal.<\/p>\n\n\n\n<p>Viviamo giorni difficili, e violenti. Gli omicidi politici in America, i pericoli che vengono dalla Russia, l&#8217;innalzamento dei toni che non risparmiano neppure i politici italiani sono brutti segnali che si proiettano come ombre sinistre sul futuro dell&#8217;umanit\u00e0.<\/p>\n\n\n\n<p>Ecco, da questo contesto di violenza si sprigionano i miei pensieri su ci\u00f2 che potrebbe accadere tra otto giorni &#8211; quando la prodigiosa flotta &#8220;pacifista&#8221; e &#8220;umanitaria&#8221; si avviciner\u00e0 alle acque territoriali israeliane. Perch\u00e9 tra i 400 e pi\u00f9 imbarcati su quei navigli non ci sono solo persone animate da un senso di generosa umanit\u00e0. Non ho le prove, ma pi\u00f9 di qualcosa mi dice che c&#8217;\u00e8 chi cercher\u00e0 l&#8217;incidente. A bordo ci sono manipoli di violenti pronti a tutto. Qualcuno persino a immolarsi: shahib (non italiani) infiltratisi nella pattuglia dei pacifisti con intenti niente affatto pacifici. Voglio sbagliarmi, pronto a scusarmi il giorno successivo a quando tutto questo sar\u00e0 finito: ma temo che assisteremo a situazioni a dir poco problematiche. La ricerca del martirio da parte di alcuni soggetti di religione islamica \u00e8 un dato di fatto del quale non si pu\u00f2 non tenere conto. <\/p>\n","protected":false},"excerpt":{"rendered":"<p>di Giuseppe Crimaldi Ho un brutto presentimento. E&#8217; un pensiero che vorrei scacciare, quello che da qualche giorno mi insegue sulla meravigliosa flottilla che fa rotta verso le coste di Gaza, ben sapendo dei rischi che si corrono quando su quel terreno \u00e8 in corso una guerra. Che cosa succeder\u00e0?, mi domando. Voglio evitare ogni [&hellip;]<\/p>\n","protected":false},"author":4,"featured_media":4808,"comment_status":"open","ping_status":"open","sticky":false,"template":"","format":"standard","meta":{"iawp_total_views":497,"footnotes":""},"categories":[33],"tags":[813,56,930],"class_list":["post-4807","post","type-post","status-publish","format-standard","has-post-thumbnail","hentry","category-approfondimenti","tag-flottilla","tag-gaza","tag-martirio"],"yoast_head":"<!-- This site is optimized with the Yoast SEO plugin v27.5 - https:\/\/yoast.com\/product\/yoast-seo-wordpress\/ -->\r\n<title>Flottilla, c&#039;\u00e8 chi cerca il martirio? - Federazione Associazioni Italia Israele<\/title>\r\n<meta name=\"robots\" content=\"index, follow, max-snippet:-1, max-image-preview:large, max-video-preview:-1\" \/>\r\n<link rel=\"canonical\" href=\"https:\/\/www.italiaisraele.org\/?p=4807\" \/>\r\n<meta property=\"og:locale\" content=\"it_IT\" \/>\r\n<meta property=\"og:type\" content=\"article\" \/>\r\n<meta property=\"og:title\" content=\"Flottilla, c&#039;\u00e8 chi cerca il martirio? - Federazione Associazioni Italia Israele\" \/>\r\n<meta property=\"og:description\" content=\"di Giuseppe Crimaldi Ho un brutto presentimento. E&#8217; un pensiero che vorrei scacciare, quello che da qualche giorno mi insegue sulla meravigliosa flottilla che fa rotta verso le coste di Gaza, ben sapendo dei rischi che si corrono quando su quel terreno \u00e8 in corso una guerra. Che cosa succeder\u00e0?, mi domando. Voglio evitare ogni [&hellip;]\" \/>\r\n<meta property=\"og:url\" content=\"https:\/\/www.italiaisraele.org\/?p=4807\" \/>\r\n<meta property=\"og:site_name\" content=\"Federazione Associazioni Italia Israele\" \/>\r\n<meta property=\"article:publisher\" content=\"https:\/\/www.facebook.com\/Federazione.Associazioni.Italia.Israele\" \/>\r\n<meta property=\"article:published_time\" content=\"2025-09-13T09:49:37+00:00\" \/>\r\n<meta property=\"article:modified_time\" content=\"2025-09-13T09:49:46+00:00\" \/>\r\n<meta property=\"og:image\" content=\"https:\/\/www.italiaisraele.org\/wp-content\/uploads\/2025\/09\/n01233094-b.jpg\" \/>\r\n\t<meta property=\"og:image:width\" content=\"925\" \/>\r\n\t<meta property=\"og:image:height\" content=\"665\" \/>\r\n\t<meta property=\"og:image:type\" content=\"image\/jpeg\" \/>\r\n<meta name=\"author\" content=\"Giuseppe Crimaldi\" \/>\r\n<meta name=\"twitter:card\" content=\"summary_large_image\" \/>\r\n<meta name=\"twitter:label1\" content=\"Scritto da\" \/>\n\t<meta name=\"twitter:data1\" content=\"Giuseppe Crimaldi\" \/>\n\t<meta name=\"twitter:label2\" content=\"Tempo di lettura stimato\" \/>\n\t<meta name=\"twitter:data2\" content=\"2 minuti\" \/>\r\n<script type=\"application\/ld+json\" class=\"yoast-schema-graph\">{\"@context\":\"https:\\\/\\\/schema.org\",\"@graph\":[{\"@type\":\"Article\",\"@id\":\"https:\\\/\\\/www.italiaisraele.org\\\/?p=4807#article\",\"isPartOf\":{\"@id\":\"https:\\\/\\\/www.italiaisraele.org\\\/?p=4807\"},\"author\":{\"name\":\"Giuseppe Crimaldi\",\"@id\":\"https:\\\/\\\/www.italiaisraele.org\\\/#\\\/schema\\\/person\\\/7784c17a23e6ef9cb737f3192f043fab\"},\"headline\":\"Flottilla, c&#8217;\u00e8 chi cerca il martirio?\",\"datePublished\":\"2025-09-13T09:49:37+00:00\",\"dateModified\":\"2025-09-13T09:49:46+00:00\",\"mainEntityOfPage\":{\"@id\":\"https:\\\/\\\/www.italiaisraele.org\\\/?p=4807\"},\"wordCount\":334,\"commentCount\":2,\"publisher\":{\"@id\":\"https:\\\/\\\/www.italiaisraele.org\\\/#organization\"},\"image\":{\"@id\":\"https:\\\/\\\/www.italiaisraele.org\\\/?p=4807#primaryimage\"},\"thumbnailUrl\":\"https:\\\/\\\/www.italiaisraele.org\\\/wp-content\\\/uploads\\\/2025\\\/09\\\/n01233094-b.jpg\",\"keywords\":[\"flottilla\",\"Gaza\",\"martirio\"],\"articleSection\":[\"Approfondimenti\"],\"inLanguage\":\"it-IT\",\"potentialAction\":[{\"@type\":\"CommentAction\",\"name\":\"Comment\",\"target\":[\"https:\\\/\\\/www.italiaisraele.org\\\/?p=4807#respond\"]}]},{\"@type\":\"WebPage\",\"@id\":\"https:\\\/\\\/www.italiaisraele.org\\\/?p=4807\",\"url\":\"https:\\\/\\\/www.italiaisraele.org\\\/?p=4807\",\"name\":\"Flottilla, c'\u00e8 chi cerca il martirio? - Federazione Associazioni Italia Israele\",\"isPartOf\":{\"@id\":\"https:\\\/\\\/www.italiaisraele.org\\\/#website\"},\"primaryImageOfPage\":{\"@id\":\"https:\\\/\\\/www.italiaisraele.org\\\/?p=4807#primaryimage\"},\"image\":{\"@id\":\"https:\\\/\\\/www.italiaisraele.org\\\/?p=4807#primaryimage\"},\"thumbnailUrl\":\"https:\\\/\\\/www.italiaisraele.org\\\/wp-content\\\/uploads\\\/2025\\\/09\\\/n01233094-b.jpg\",\"datePublished\":\"2025-09-13T09:49:37+00:00\",\"dateModified\":\"2025-09-13T09:49:46+00:00\",\"breadcrumb\":{\"@id\":\"https:\\\/\\\/www.italiaisraele.org\\\/?p=4807#breadcrumb\"},\"inLanguage\":\"it-IT\",\"potentialAction\":[{\"@type\":\"ReadAction\",\"target\":[\"https:\\\/\\\/www.italiaisraele.org\\\/?p=4807\"]}]},{\"@type\":\"ImageObject\",\"inLanguage\":\"it-IT\",\"@id\":\"https:\\\/\\\/www.italiaisraele.org\\\/?p=4807#primaryimage\",\"url\":\"https:\\\/\\\/www.italiaisraele.org\\\/wp-content\\\/uploads\\\/2025\\\/09\\\/n01233094-b.jpg\",\"contentUrl\":\"https:\\\/\\\/www.italiaisraele.org\\\/wp-content\\\/uploads\\\/2025\\\/09\\\/n01233094-b.jpg\",\"width\":925,\"height\":665},{\"@type\":\"BreadcrumbList\",\"@id\":\"https:\\\/\\\/www.italiaisraele.org\\\/?p=4807#breadcrumb\",\"itemListElement\":[{\"@type\":\"ListItem\",\"position\":1,\"name\":\"Home\",\"item\":\"https:\\\/\\\/www.italiaisraele.org\\\/\"},{\"@type\":\"ListItem\",\"position\":2,\"name\":\"Flottilla, c&#8217;\u00e8 chi cerca il martirio?\"}]},{\"@type\":\"WebSite\",\"@id\":\"https:\\\/\\\/www.italiaisraele.org\\\/#website\",\"url\":\"https:\\\/\\\/www.italiaisraele.org\\\/\",\"name\":\"News Italia - Israele\",\"description\":\"Italia Israele Today - Magazine\",\"publisher\":{\"@id\":\"https:\\\/\\\/www.italiaisraele.org\\\/#organization\"},\"potentialAction\":[{\"@type\":\"SearchAction\",\"target\":{\"@type\":\"EntryPoint\",\"urlTemplate\":\"https:\\\/\\\/www.italiaisraele.org\\\/?s={search_term_string}\"},\"query-input\":{\"@type\":\"PropertyValueSpecification\",\"valueRequired\":true,\"valueName\":\"search_term_string\"}}],\"inLanguage\":\"it-IT\"},{\"@type\":\"Organization\",\"@id\":\"https:\\\/\\\/www.italiaisraele.org\\\/#organization\",\"name\":\"News Italia - Israele\",\"url\":\"https:\\\/\\\/www.italiaisraele.org\\\/\",\"logo\":{\"@type\":\"ImageObject\",\"inLanguage\":\"it-IT\",\"@id\":\"https:\\\/\\\/www.italiaisraele.org\\\/#\\\/schema\\\/logo\\\/image\\\/\",\"url\":\"https:\\\/\\\/www.italiaisraele.org\\\/wp-content\\\/uploads\\\/2024\\\/02\\\/cropped-cropped-TESTATA-NEWS-2.jpg\",\"contentUrl\":\"https:\\\/\\\/www.italiaisraele.org\\\/wp-content\\\/uploads\\\/2024\\\/02\\\/cropped-cropped-TESTATA-NEWS-2.jpg\",\"width\":1918,\"height\":291,\"caption\":\"News Italia - Israele\"},\"image\":{\"@id\":\"https:\\\/\\\/www.italiaisraele.org\\\/#\\\/schema\\\/logo\\\/image\\\/\"},\"sameAs\":[\"https:\\\/\\\/www.facebook.com\\\/Federazione.Associazioni.Italia.Israele\"]},{\"@type\":\"Person\",\"@id\":\"https:\\\/\\\/www.italiaisraele.org\\\/#\\\/schema\\\/person\\\/7784c17a23e6ef9cb737f3192f043fab\",\"name\":\"Giuseppe Crimaldi\",\"image\":{\"@type\":\"ImageObject\",\"inLanguage\":\"it-IT\",\"@id\":\"https:\\\/\\\/secure.gravatar.com\\\/avatar\\\/a6ddf67481d5d5efef9847e6f4c99a77e7129e93382ea6de1e9ea96b8deec707?s=96&d=mm&r=g\",\"url\":\"https:\\\/\\\/secure.gravatar.com\\\/avatar\\\/a6ddf67481d5d5efef9847e6f4c99a77e7129e93382ea6de1e9ea96b8deec707?s=96&d=mm&r=g\",\"contentUrl\":\"https:\\\/\\\/secure.gravatar.com\\\/avatar\\\/a6ddf67481d5d5efef9847e6f4c99a77e7129e93382ea6de1e9ea96b8deec707?s=96&d=mm&r=g\",\"caption\":\"Giuseppe Crimaldi\"},\"url\":\"https:\\\/\\\/www.italiaisraele.org\\\/?author=4\"}]}<\/script>\r\n<!-- \/ Yoast SEO plugin. -->","yoast_head_json":{"title":"Flottilla, c'\u00e8 chi cerca il martirio? - Federazione Associazioni Italia Israele","robots":{"index":"index","follow":"follow","max-snippet":"max-snippet:-1","max-image-preview":"max-image-preview:large","max-video-preview":"max-video-preview:-1"},"canonical":"https:\/\/www.italiaisraele.org\/?p=4807","og_locale":"it_IT","og_type":"article","og_title":"Flottilla, c'\u00e8 chi cerca il martirio? - Federazione Associazioni Italia Israele","og_description":"di Giuseppe Crimaldi Ho un brutto presentimento. E&#8217; un pensiero che vorrei scacciare, quello che da qualche giorno mi insegue sulla meravigliosa flottilla che fa rotta verso le coste di Gaza, ben sapendo dei rischi che si corrono quando su quel terreno \u00e8 in corso una guerra. Che cosa succeder\u00e0?, mi domando. Voglio evitare ogni [&hellip;]","og_url":"https:\/\/www.italiaisraele.org\/?p=4807","og_site_name":"Federazione Associazioni Italia Israele","article_publisher":"https:\/\/www.facebook.com\/Federazione.Associazioni.Italia.Israele","article_published_time":"2025-09-13T09:49:37+00:00","article_modified_time":"2025-09-13T09:49:46+00:00","og_image":[{"width":925,"height":665,"url":"https:\/\/www.italiaisraele.org\/wp-content\/uploads\/2025\/09\/n01233094-b.jpg","type":"image\/jpeg"}],"author":"Giuseppe Crimaldi","twitter_card":"summary_large_image","twitter_misc":{"Scritto da":"Giuseppe Crimaldi","Tempo di lettura stimato":"2 minuti"},"schema":{"@context":"https:\/\/schema.org","@graph":[{"@type":"Article","@id":"https:\/\/www.italiaisraele.org\/?p=4807#article","isPartOf":{"@id":"https:\/\/www.italiaisraele.org\/?p=4807"},"author":{"name":"Giuseppe Crimaldi","@id":"https:\/\/www.italiaisraele.org\/#\/schema\/person\/7784c17a23e6ef9cb737f3192f043fab"},"headline":"Flottilla, c&#8217;\u00e8 chi cerca il martirio?","datePublished":"2025-09-13T09:49:37+00:00","dateModified":"2025-09-13T09:49:46+00:00","mainEntityOfPage":{"@id":"https:\/\/www.italiaisraele.org\/?p=4807"},"wordCount":334,"commentCount":2,"publisher":{"@id":"https:\/\/www.italiaisraele.org\/#organization"},"image":{"@id":"https:\/\/www.italiaisraele.org\/?p=4807#primaryimage"},"thumbnailUrl":"https:\/\/www.italiaisraele.org\/wp-content\/uploads\/2025\/09\/n01233094-b.jpg","keywords":["flottilla","Gaza","martirio"],"articleSection":["Approfondimenti"],"inLanguage":"it-IT","potentialAction":[{"@type":"CommentAction","name":"Comment","target":["https:\/\/www.italiaisraele.org\/?p=4807#respond"]}]},{"@type":"WebPage","@id":"https:\/\/www.italiaisraele.org\/?p=4807","url":"https:\/\/www.italiaisraele.org\/?p=4807","name":"Flottilla, c'\u00e8 chi cerca il martirio? - Federazione Associazioni Italia Israele","isPartOf":{"@id":"https:\/\/www.italiaisraele.org\/#website"},"primaryImageOfPage":{"@id":"https:\/\/www.italiaisraele.org\/?p=4807#primaryimage"},"image":{"@id":"https:\/\/www.italiaisraele.org\/?p=4807#primaryimage"},"thumbnailUrl":"https:\/\/www.italiaisraele.org\/wp-content\/uploads\/2025\/09\/n01233094-b.jpg","datePublished":"2025-09-13T09:49:37+00:00","dateModified":"2025-09-13T09:49:46+00:00","breadcrumb":{"@id":"https:\/\/www.italiaisraele.org\/?p=4807#breadcrumb"},"inLanguage":"it-IT","potentialAction":[{"@type":"ReadAction","target":["https:\/\/www.italiaisraele.org\/?p=4807"]}]},{"@type":"ImageObject","inLanguage":"it-IT","@id":"https:\/\/www.italiaisraele.org\/?p=4807#primaryimage","url":"https:\/\/www.italiaisraele.org\/wp-content\/uploads\/2025\/09\/n01233094-b.jpg","contentUrl":"https:\/\/www.italiaisraele.org\/wp-content\/uploads\/2025\/09\/n01233094-b.jpg","width":925,"height":665},{"@type":"BreadcrumbList","@id":"https:\/\/www.italiaisraele.org\/?p=4807#breadcrumb","itemListElement":[{"@type":"ListItem","position":1,"name":"Home","item":"https:\/\/www.italiaisraele.org\/"},{"@type":"ListItem","position":2,"name":"Flottilla, c&#8217;\u00e8 chi cerca il martirio?"}]},{"@type":"WebSite","@id":"https:\/\/www.italiaisraele.org\/#website","url":"https:\/\/www.italiaisraele.org\/","name":"News Italia - Israele","description":"Italia Israele Today - Magazine","publisher":{"@id":"https:\/\/www.italiaisraele.org\/#organization"},"potentialAction":[{"@type":"SearchAction","target":{"@type":"EntryPoint","urlTemplate":"https:\/\/www.italiaisraele.org\/?s={search_term_string}"},"query-input":{"@type":"PropertyValueSpecification","valueRequired":true,"valueName":"search_term_string"}}],"inLanguage":"it-IT"},{"@type":"Organization","@id":"https:\/\/www.italiaisraele.org\/#organization","name":"News Italia - Israele","url":"https:\/\/www.italiaisraele.org\/","logo":{"@type":"ImageObject","inLanguage":"it-IT","@id":"https:\/\/www.italiaisraele.org\/#\/schema\/logo\/image\/","url":"https:\/\/www.italiaisraele.org\/wp-content\/uploads\/2024\/02\/cropped-cropped-TESTATA-NEWS-2.jpg","contentUrl":"https:\/\/www.italiaisraele.org\/wp-content\/uploads\/2024\/02\/cropped-cropped-TESTATA-NEWS-2.jpg","width":1918,"height":291,"caption":"News Italia - Israele"},"image":{"@id":"https:\/\/www.italiaisraele.org\/#\/schema\/logo\/image\/"},"sameAs":["https:\/\/www.facebook.com\/Federazione.Associazioni.Italia.Israele"]},{"@type":"Person","@id":"https:\/\/www.italiaisraele.org\/#\/schema\/person\/7784c17a23e6ef9cb737f3192f043fab","name":"Giuseppe Crimaldi","image":{"@type":"ImageObject","inLanguage":"it-IT","@id":"https:\/\/secure.gravatar.com\/avatar\/a6ddf67481d5d5efef9847e6f4c99a77e7129e93382ea6de1e9ea96b8deec707?s=96&d=mm&r=g","url":"https:\/\/secure.gravatar.com\/avatar\/a6ddf67481d5d5efef9847e6f4c99a77e7129e93382ea6de1e9ea96b8deec707?s=96&d=mm&r=g","contentUrl":"https:\/\/secure.gravatar.com\/avatar\/a6ddf67481d5d5efef9847e6f4c99a77e7129e93382ea6de1e9ea96b8deec707?s=96&d=mm&r=g","caption":"Giuseppe Crimaldi"},"url":"https:\/\/www.italiaisraele.org\/?author=4"}]}},"_links":{"self":[{"href":"https:\/\/www.italiaisraele.org\/index.php?rest_route=\/wp\/v2\/posts\/4807","targetHints":{"allow":["GET"]}}],"collection":[{"href":"https:\/\/www.italiaisraele.org\/index.php?rest_route=\/wp\/v2\/posts"}],"about":[{"href":"https:\/\/www.italiaisraele.org\/index.php?rest_route=\/wp\/v2\/types\/post"}],"author":[{"embeddable":true,"href":"https:\/\/www.italiaisraele.org\/index.php?rest_route=\/wp\/v2\/users\/4"}],"replies":[{"embeddable":true,"href":"https:\/\/www.italiaisraele.org\/index.php?rest_route=%2Fwp%2Fv2%2Fcomments&post=4807"}],"version-history":[{"count":0,"href":"https:\/\/www.italiaisraele.org\/index.php?rest_route=\/wp\/v2\/posts\/4807\/revisions"}],"wp:featuredmedia":[{"embeddable":true,"href":"https:\/\/www.italiaisraele.org\/index.php?rest_route=\/wp\/v2\/media\/4808"}],"wp:attachment":[{"href":"https:\/\/www.italiaisraele.org\/index.php?rest_route=%2Fwp%2Fv2%2Fmedia&parent=4807"}],"wp:term":[{"taxonomy":"category","embeddable":true,"href":"https:\/\/www.italiaisraele.org\/index.php?rest_route=%2Fwp%2Fv2%2Fcategories&post=4807"},{"taxonomy":"post_tag","embeddable":true,"href":"https:\/\/www.italiaisraele.org\/index.php?rest_route=%2Fwp%2Fv2%2Ftags&post=4807"}],"curies":[{"name":"wp","href":"https:\/\/api.w.org\/{rel}","templated":true}]}}