{"id":4801,"date":"2025-09-11T22:53:26","date_gmt":"2025-09-11T20:53:26","guid":{"rendered":"https:\/\/www.italiaisraele.org\/?p=4801"},"modified":"2025-09-11T22:53:34","modified_gmt":"2025-09-11T20:53:34","slug":"bimbi-rapiti-e-battesimi-forzati-un-libro-per-non-dimenticare","status":"publish","type":"post","link":"https:\/\/www.italiaisraele.org\/?p=4801","title":{"rendered":"Bimbi rapiti e battesimi forzati, un libro per non dimenticare"},"content":{"rendered":"\n<p>E&#8217; stato pubblicato un libro molto bello, &#8220;Bambini rapiti, bambini contesi. Battesimi forzati e fratellanza umana \u2013 Con un appello al Pontefice&#8221;, a cura di Elisa Bianchi ed El\u00e8na Mortara, che raccoglie gli atti del convegno organizzato dalla Associazione italiana amici dell&#8217;Universit\u00e0 di Gerusalemme lo scorso 24 novembre presso la Fondazione Memoriale della Shoah di Milano.<\/p>\n\n\n\n<figure class=\"wp-block-image size-full\"><img loading=\"lazy\" decoding=\"async\" width=\"533\" height=\"807\" src=\"https:\/\/www.italiaisraele.org\/wp-content\/uploads\/2025\/09\/WhatsApp-Image-2025-09-11-at-21.59.35.jpeg\" alt=\"\" class=\"wp-image-4803\" srcset=\"https:\/\/www.italiaisraele.org\/wp-content\/uploads\/2025\/09\/WhatsApp-Image-2025-09-11-at-21.59.35.jpeg 533w, https:\/\/www.italiaisraele.org\/wp-content\/uploads\/2025\/09\/WhatsApp-Image-2025-09-11-at-21.59.35-198x300.jpeg 198w\" sizes=\"auto, (max-width: 533px) 100vw, 533px\" \/><\/figure>\n\n\n\n<p>Il tema dei battesimi forzati di bambini, noto al grande pubblico in specie per il caso storico del piccolo Edgardo Mortara rapito per motivi religiosi e mai pi\u00f9 restituito alla famiglia ebraica nella Bologna del 1858 e per il film Rapito (2023) di Marco Bellocchio, \u00e8 al centro di questo volume. Anche dopo il clamore internazionale suscitato dal caso e dopo la fine del potere temporale della Chiesa cattolica, il dibattito sulla liceit\u00e0 o meno dei battesimi forzati non si \u00e8 mai fermato a livello teologico e giuridico, cos\u00ec come l\u2019indagine storica volta a valutare la ricaduta della pratica.<br>Tale pratica, che ha origini antiche, non pu\u00f2 dirsi terminata, dal momento che il Codice di diritto canonico contempla a tutt\u2019oggi la possibilit\u00e0 di battezzare contro la volont\u00e0 genitoriale. Partendo da una prospettiva storica che tocca in particolare l\u2019et\u00e0 moderna e il periodo della Shoah giungendo ai giorni nostri, il libro propone un\u2019ampia disamina di tale tematica, che intercetta differenti piani quali quello storico, teologico, giuridico, psicologico, offrendo al lettore un percorso esaustivo che si conclude con un accorato appello al Pontefice: \u00e8 ancora accettabile, oggi, che il Codice di diritto canonico consenta il battesimo dei pi\u00f9 piccoli contro la volont\u00e0 delle famiglie, persino non cattoliche? Non si dovrebbe procedere alla cancellazione definitiva dell\u2019articolo del Codice di diritto canonico che ancora permette tale pratica?\u200b<\/p>\n\n\n\n<p><\/p>\n","protected":false},"excerpt":{"rendered":"<p>E&#8217; stato pubblicato un libro molto bello, &#8220;Bambini rapiti, bambini contesi. Battesimi forzati e fratellanza umana \u2013 Con un appello al Pontefice&#8221;, a cura di Elisa Bianchi ed El\u00e8na Mortara, che raccoglie gli atti del convegno organizzato dalla Associazione italiana amici dell&#8217;Universit\u00e0 di Gerusalemme lo scorso 24 novembre presso la Fondazione Memoriale della Shoah di [&hellip;]<\/p>\n","protected":false},"author":2,"featured_media":4802,"comment_status":"open","ping_status":"open","sticky":false,"template":"","format":"standard","meta":{"iawp_total_views":57,"footnotes":""},"categories":[3,15],"tags":[928,336],"class_list":["post-4801","post","type-post","status-publish","format-standard","has-post-thumbnail","hentry","category-cultura-e-societa","category-news-associazioni","tag-bambini-raoiti","tag-libro"],"yoast_head":"<!-- This site is optimized with the Yoast SEO plugin v27.5 - https:\/\/yoast.com\/product\/yoast-seo-wordpress\/ -->\r\n<title>Bimbi rapiti e battesimi forzati, un libro per non dimenticare - Federazione Associazioni Italia Israele<\/title>\r\n<meta name=\"robots\" content=\"index, follow, max-snippet:-1, max-image-preview:large, max-video-preview:-1\" \/>\r\n<link rel=\"canonical\" href=\"https:\/\/www.italiaisraele.org\/?p=4801\" \/>\r\n<meta property=\"og:locale\" content=\"it_IT\" \/>\r\n<meta property=\"og:type\" content=\"article\" \/>\r\n<meta property=\"og:title\" content=\"Bimbi rapiti e battesimi forzati, un libro per non dimenticare - Federazione Associazioni Italia Israele\" \/>\r\n<meta property=\"og:description\" content=\"E&#8217; stato pubblicato un libro molto bello, &#8220;Bambini rapiti, bambini contesi. Battesimi forzati e fratellanza umana \u2013 Con un appello al Pontefice&#8221;, a cura di Elisa Bianchi ed El\u00e8na Mortara, che raccoglie gli atti del convegno organizzato dalla Associazione italiana amici dell&#8217;Universit\u00e0 di Gerusalemme lo scorso 24 novembre presso la Fondazione Memoriale della Shoah di [&hellip;]\" \/>\r\n<meta property=\"og:url\" content=\"https:\/\/www.italiaisraele.org\/?p=4801\" \/>\r\n<meta property=\"og:site_name\" content=\"Federazione Associazioni Italia Israele\" \/>\r\n<meta property=\"article:publisher\" content=\"https:\/\/www.facebook.com\/Federazione.Associazioni.Italia.Israele\" \/>\r\n<meta property=\"article:published_time\" content=\"2025-09-11T20:53:26+00:00\" \/>\r\n<meta property=\"article:modified_time\" content=\"2025-09-11T20:53:34+00:00\" \/>\r\n<meta property=\"og:image\" content=\"https:\/\/www.italiaisraele.org\/wp-content\/uploads\/2025\/09\/WhatsApp-Image-2025-09-11-at-21.59.21.jpeg\" \/>\r\n\t<meta property=\"og:image:width\" content=\"1584\" \/>\r\n\t<meta property=\"og:image:height\" content=\"1600\" \/>\r\n\t<meta property=\"og:image:type\" content=\"image\/jpeg\" \/>\r\n<meta name=\"author\" content=\"Redazione\" \/>\r\n<meta name=\"twitter:card\" content=\"summary_large_image\" \/>\r\n<meta name=\"twitter:label1\" content=\"Scritto da\" \/>\n\t<meta name=\"twitter:data1\" content=\"Redazione\" \/>\n\t<meta name=\"twitter:label2\" content=\"Tempo di lettura stimato\" \/>\n\t<meta name=\"twitter:data2\" content=\"2 minuti\" \/>\r\n<script type=\"application\/ld+json\" class=\"yoast-schema-graph\">{\"@context\":\"https:\\\/\\\/schema.org\",\"@graph\":[{\"@type\":\"Article\",\"@id\":\"https:\\\/\\\/www.italiaisraele.org\\\/?p=4801#article\",\"isPartOf\":{\"@id\":\"https:\\\/\\\/www.italiaisraele.org\\\/?p=4801\"},\"author\":{\"name\":\"Redazione\",\"@id\":\"https:\\\/\\\/www.italiaisraele.org\\\/#\\\/schema\\\/person\\\/a58663d7e92468eb3e7d158e016946cd\"},\"headline\":\"Bimbi rapiti e battesimi forzati, un libro per non dimenticare\",\"datePublished\":\"2025-09-11T20:53:26+00:00\",\"dateModified\":\"2025-09-11T20:53:34+00:00\",\"mainEntityOfPage\":{\"@id\":\"https:\\\/\\\/www.italiaisraele.org\\\/?p=4801\"},\"wordCount\":289,\"commentCount\":0,\"publisher\":{\"@id\":\"https:\\\/\\\/www.italiaisraele.org\\\/#organization\"},\"image\":{\"@id\":\"https:\\\/\\\/www.italiaisraele.org\\\/?p=4801#primaryimage\"},\"thumbnailUrl\":\"https:\\\/\\\/www.italiaisraele.org\\\/wp-content\\\/uploads\\\/2025\\\/09\\\/WhatsApp-Image-2025-09-11-at-21.59.21.jpeg\",\"keywords\":[\"bambini raoiti\",\"libro\"],\"articleSection\":[\"Cultura e Societ\u00e0\",\"News Associazioni\"],\"inLanguage\":\"it-IT\",\"potentialAction\":[{\"@type\":\"CommentAction\",\"name\":\"Comment\",\"target\":[\"https:\\\/\\\/www.italiaisraele.org\\\/?p=4801#respond\"]}]},{\"@type\":\"WebPage\",\"@id\":\"https:\\\/\\\/www.italiaisraele.org\\\/?p=4801\",\"url\":\"https:\\\/\\\/www.italiaisraele.org\\\/?p=4801\",\"name\":\"Bimbi rapiti e battesimi forzati, un libro per non dimenticare - Federazione Associazioni Italia Israele\",\"isPartOf\":{\"@id\":\"https:\\\/\\\/www.italiaisraele.org\\\/#website\"},\"primaryImageOfPage\":{\"@id\":\"https:\\\/\\\/www.italiaisraele.org\\\/?p=4801#primaryimage\"},\"image\":{\"@id\":\"https:\\\/\\\/www.italiaisraele.org\\\/?p=4801#primaryimage\"},\"thumbnailUrl\":\"https:\\\/\\\/www.italiaisraele.org\\\/wp-content\\\/uploads\\\/2025\\\/09\\\/WhatsApp-Image-2025-09-11-at-21.59.21.jpeg\",\"datePublished\":\"2025-09-11T20:53:26+00:00\",\"dateModified\":\"2025-09-11T20:53:34+00:00\",\"breadcrumb\":{\"@id\":\"https:\\\/\\\/www.italiaisraele.org\\\/?p=4801#breadcrumb\"},\"inLanguage\":\"it-IT\",\"potentialAction\":[{\"@type\":\"ReadAction\",\"target\":[\"https:\\\/\\\/www.italiaisraele.org\\\/?p=4801\"]}]},{\"@type\":\"ImageObject\",\"inLanguage\":\"it-IT\",\"@id\":\"https:\\\/\\\/www.italiaisraele.org\\\/?p=4801#primaryimage\",\"url\":\"https:\\\/\\\/www.italiaisraele.org\\\/wp-content\\\/uploads\\\/2025\\\/09\\\/WhatsApp-Image-2025-09-11-at-21.59.21.jpeg\",\"contentUrl\":\"https:\\\/\\\/www.italiaisraele.org\\\/wp-content\\\/uploads\\\/2025\\\/09\\\/WhatsApp-Image-2025-09-11-at-21.59.21.jpeg\",\"width\":1584,\"height\":1600},{\"@type\":\"BreadcrumbList\",\"@id\":\"https:\\\/\\\/www.italiaisraele.org\\\/?p=4801#breadcrumb\",\"itemListElement\":[{\"@type\":\"ListItem\",\"position\":1,\"name\":\"Home\",\"item\":\"https:\\\/\\\/www.italiaisraele.org\\\/\"},{\"@type\":\"ListItem\",\"position\":2,\"name\":\"Bimbi rapiti e battesimi forzati, un libro per non dimenticare\"}]},{\"@type\":\"WebSite\",\"@id\":\"https:\\\/\\\/www.italiaisraele.org\\\/#website\",\"url\":\"https:\\\/\\\/www.italiaisraele.org\\\/\",\"name\":\"News Italia - Israele\",\"description\":\"Italia Israele Today - Magazine\",\"publisher\":{\"@id\":\"https:\\\/\\\/www.italiaisraele.org\\\/#organization\"},\"potentialAction\":[{\"@type\":\"SearchAction\",\"target\":{\"@type\":\"EntryPoint\",\"urlTemplate\":\"https:\\\/\\\/www.italiaisraele.org\\\/?s={search_term_string}\"},\"query-input\":{\"@type\":\"PropertyValueSpecification\",\"valueRequired\":true,\"valueName\":\"search_term_string\"}}],\"inLanguage\":\"it-IT\"},{\"@type\":\"Organization\",\"@id\":\"https:\\\/\\\/www.italiaisraele.org\\\/#organization\",\"name\":\"News Italia - Israele\",\"url\":\"https:\\\/\\\/www.italiaisraele.org\\\/\",\"logo\":{\"@type\":\"ImageObject\",\"inLanguage\":\"it-IT\",\"@id\":\"https:\\\/\\\/www.italiaisraele.org\\\/#\\\/schema\\\/logo\\\/image\\\/\",\"url\":\"https:\\\/\\\/www.italiaisraele.org\\\/wp-content\\\/uploads\\\/2024\\\/02\\\/cropped-cropped-TESTATA-NEWS-2.jpg\",\"contentUrl\":\"https:\\\/\\\/www.italiaisraele.org\\\/wp-content\\\/uploads\\\/2024\\\/02\\\/cropped-cropped-TESTATA-NEWS-2.jpg\",\"width\":1918,\"height\":291,\"caption\":\"News Italia - Israele\"},\"image\":{\"@id\":\"https:\\\/\\\/www.italiaisraele.org\\\/#\\\/schema\\\/logo\\\/image\\\/\"},\"sameAs\":[\"https:\\\/\\\/www.facebook.com\\\/Federazione.Associazioni.Italia.Israele\"]},{\"@type\":\"Person\",\"@id\":\"https:\\\/\\\/www.italiaisraele.org\\\/#\\\/schema\\\/person\\\/a58663d7e92468eb3e7d158e016946cd\",\"name\":\"Redazione\",\"image\":{\"@type\":\"ImageObject\",\"inLanguage\":\"it-IT\",\"@id\":\"https:\\\/\\\/secure.gravatar.com\\\/avatar\\\/fe11715b332cc423bb3991a005da4d50b44647eec21b11abddd059d3deafc450?s=96&d=mm&r=g\",\"url\":\"https:\\\/\\\/secure.gravatar.com\\\/avatar\\\/fe11715b332cc423bb3991a005da4d50b44647eec21b11abddd059d3deafc450?s=96&d=mm&r=g\",\"contentUrl\":\"https:\\\/\\\/secure.gravatar.com\\\/avatar\\\/fe11715b332cc423bb3991a005da4d50b44647eec21b11abddd059d3deafc450?s=96&d=mm&r=g\",\"caption\":\"Redazione\"},\"url\":\"https:\\\/\\\/www.italiaisraele.org\\\/?author=2\"}]}<\/script>\r\n<!-- \/ Yoast SEO plugin. -->","yoast_head_json":{"title":"Bimbi rapiti e battesimi forzati, un libro per non dimenticare - Federazione Associazioni Italia Israele","robots":{"index":"index","follow":"follow","max-snippet":"max-snippet:-1","max-image-preview":"max-image-preview:large","max-video-preview":"max-video-preview:-1"},"canonical":"https:\/\/www.italiaisraele.org\/?p=4801","og_locale":"it_IT","og_type":"article","og_title":"Bimbi rapiti e battesimi forzati, un libro per non dimenticare - Federazione Associazioni Italia Israele","og_description":"E&#8217; stato pubblicato un libro molto bello, &#8220;Bambini rapiti, bambini contesi. Battesimi forzati e fratellanza umana \u2013 Con un appello al Pontefice&#8221;, a cura di Elisa Bianchi ed El\u00e8na Mortara, che raccoglie gli atti del convegno organizzato dalla Associazione italiana amici dell&#8217;Universit\u00e0 di Gerusalemme lo scorso 24 novembre presso la Fondazione Memoriale della Shoah di [&hellip;]","og_url":"https:\/\/www.italiaisraele.org\/?p=4801","og_site_name":"Federazione Associazioni Italia Israele","article_publisher":"https:\/\/www.facebook.com\/Federazione.Associazioni.Italia.Israele","article_published_time":"2025-09-11T20:53:26+00:00","article_modified_time":"2025-09-11T20:53:34+00:00","og_image":[{"width":1584,"height":1600,"url":"https:\/\/www.italiaisraele.org\/wp-content\/uploads\/2025\/09\/WhatsApp-Image-2025-09-11-at-21.59.21.jpeg","type":"image\/jpeg"}],"author":"Redazione","twitter_card":"summary_large_image","twitter_misc":{"Scritto da":"Redazione","Tempo di lettura stimato":"2 minuti"},"schema":{"@context":"https:\/\/schema.org","@graph":[{"@type":"Article","@id":"https:\/\/www.italiaisraele.org\/?p=4801#article","isPartOf":{"@id":"https:\/\/www.italiaisraele.org\/?p=4801"},"author":{"name":"Redazione","@id":"https:\/\/www.italiaisraele.org\/#\/schema\/person\/a58663d7e92468eb3e7d158e016946cd"},"headline":"Bimbi rapiti e battesimi forzati, un libro per non dimenticare","datePublished":"2025-09-11T20:53:26+00:00","dateModified":"2025-09-11T20:53:34+00:00","mainEntityOfPage":{"@id":"https:\/\/www.italiaisraele.org\/?p=4801"},"wordCount":289,"commentCount":0,"publisher":{"@id":"https:\/\/www.italiaisraele.org\/#organization"},"image":{"@id":"https:\/\/www.italiaisraele.org\/?p=4801#primaryimage"},"thumbnailUrl":"https:\/\/www.italiaisraele.org\/wp-content\/uploads\/2025\/09\/WhatsApp-Image-2025-09-11-at-21.59.21.jpeg","keywords":["bambini raoiti","libro"],"articleSection":["Cultura e Societ\u00e0","News Associazioni"],"inLanguage":"it-IT","potentialAction":[{"@type":"CommentAction","name":"Comment","target":["https:\/\/www.italiaisraele.org\/?p=4801#respond"]}]},{"@type":"WebPage","@id":"https:\/\/www.italiaisraele.org\/?p=4801","url":"https:\/\/www.italiaisraele.org\/?p=4801","name":"Bimbi rapiti e battesimi forzati, un libro per non dimenticare - Federazione Associazioni Italia Israele","isPartOf":{"@id":"https:\/\/www.italiaisraele.org\/#website"},"primaryImageOfPage":{"@id":"https:\/\/www.italiaisraele.org\/?p=4801#primaryimage"},"image":{"@id":"https:\/\/www.italiaisraele.org\/?p=4801#primaryimage"},"thumbnailUrl":"https:\/\/www.italiaisraele.org\/wp-content\/uploads\/2025\/09\/WhatsApp-Image-2025-09-11-at-21.59.21.jpeg","datePublished":"2025-09-11T20:53:26+00:00","dateModified":"2025-09-11T20:53:34+00:00","breadcrumb":{"@id":"https:\/\/www.italiaisraele.org\/?p=4801#breadcrumb"},"inLanguage":"it-IT","potentialAction":[{"@type":"ReadAction","target":["https:\/\/www.italiaisraele.org\/?p=4801"]}]},{"@type":"ImageObject","inLanguage":"it-IT","@id":"https:\/\/www.italiaisraele.org\/?p=4801#primaryimage","url":"https:\/\/www.italiaisraele.org\/wp-content\/uploads\/2025\/09\/WhatsApp-Image-2025-09-11-at-21.59.21.jpeg","contentUrl":"https:\/\/www.italiaisraele.org\/wp-content\/uploads\/2025\/09\/WhatsApp-Image-2025-09-11-at-21.59.21.jpeg","width":1584,"height":1600},{"@type":"BreadcrumbList","@id":"https:\/\/www.italiaisraele.org\/?p=4801#breadcrumb","itemListElement":[{"@type":"ListItem","position":1,"name":"Home","item":"https:\/\/www.italiaisraele.org\/"},{"@type":"ListItem","position":2,"name":"Bimbi rapiti e battesimi forzati, un libro per non dimenticare"}]},{"@type":"WebSite","@id":"https:\/\/www.italiaisraele.org\/#website","url":"https:\/\/www.italiaisraele.org\/","name":"News Italia - Israele","description":"Italia Israele Today - Magazine","publisher":{"@id":"https:\/\/www.italiaisraele.org\/#organization"},"potentialAction":[{"@type":"SearchAction","target":{"@type":"EntryPoint","urlTemplate":"https:\/\/www.italiaisraele.org\/?s={search_term_string}"},"query-input":{"@type":"PropertyValueSpecification","valueRequired":true,"valueName":"search_term_string"}}],"inLanguage":"it-IT"},{"@type":"Organization","@id":"https:\/\/www.italiaisraele.org\/#organization","name":"News Italia - Israele","url":"https:\/\/www.italiaisraele.org\/","logo":{"@type":"ImageObject","inLanguage":"it-IT","@id":"https:\/\/www.italiaisraele.org\/#\/schema\/logo\/image\/","url":"https:\/\/www.italiaisraele.org\/wp-content\/uploads\/2024\/02\/cropped-cropped-TESTATA-NEWS-2.jpg","contentUrl":"https:\/\/www.italiaisraele.org\/wp-content\/uploads\/2024\/02\/cropped-cropped-TESTATA-NEWS-2.jpg","width":1918,"height":291,"caption":"News Italia - Israele"},"image":{"@id":"https:\/\/www.italiaisraele.org\/#\/schema\/logo\/image\/"},"sameAs":["https:\/\/www.facebook.com\/Federazione.Associazioni.Italia.Israele"]},{"@type":"Person","@id":"https:\/\/www.italiaisraele.org\/#\/schema\/person\/a58663d7e92468eb3e7d158e016946cd","name":"Redazione","image":{"@type":"ImageObject","inLanguage":"it-IT","@id":"https:\/\/secure.gravatar.com\/avatar\/fe11715b332cc423bb3991a005da4d50b44647eec21b11abddd059d3deafc450?s=96&d=mm&r=g","url":"https:\/\/secure.gravatar.com\/avatar\/fe11715b332cc423bb3991a005da4d50b44647eec21b11abddd059d3deafc450?s=96&d=mm&r=g","contentUrl":"https:\/\/secure.gravatar.com\/avatar\/fe11715b332cc423bb3991a005da4d50b44647eec21b11abddd059d3deafc450?s=96&d=mm&r=g","caption":"Redazione"},"url":"https:\/\/www.italiaisraele.org\/?author=2"}]}},"_links":{"self":[{"href":"https:\/\/www.italiaisraele.org\/index.php?rest_route=\/wp\/v2\/posts\/4801","targetHints":{"allow":["GET"]}}],"collection":[{"href":"https:\/\/www.italiaisraele.org\/index.php?rest_route=\/wp\/v2\/posts"}],"about":[{"href":"https:\/\/www.italiaisraele.org\/index.php?rest_route=\/wp\/v2\/types\/post"}],"author":[{"embeddable":true,"href":"https:\/\/www.italiaisraele.org\/index.php?rest_route=\/wp\/v2\/users\/2"}],"replies":[{"embeddable":true,"href":"https:\/\/www.italiaisraele.org\/index.php?rest_route=%2Fwp%2Fv2%2Fcomments&post=4801"}],"version-history":[{"count":0,"href":"https:\/\/www.italiaisraele.org\/index.php?rest_route=\/wp\/v2\/posts\/4801\/revisions"}],"wp:featuredmedia":[{"embeddable":true,"href":"https:\/\/www.italiaisraele.org\/index.php?rest_route=\/wp\/v2\/media\/4802"}],"wp:attachment":[{"href":"https:\/\/www.italiaisraele.org\/index.php?rest_route=%2Fwp%2Fv2%2Fmedia&parent=4801"}],"wp:term":[{"taxonomy":"category","embeddable":true,"href":"https:\/\/www.italiaisraele.org\/index.php?rest_route=%2Fwp%2Fv2%2Fcategories&post=4801"},{"taxonomy":"post_tag","embeddable":true,"href":"https:\/\/www.italiaisraele.org\/index.php?rest_route=%2Fwp%2Fv2%2Ftags&post=4801"}],"curies":[{"name":"wp","href":"https:\/\/api.w.org\/{rel}","templated":true}]}}