{"id":4795,"date":"2025-09-11T12:29:23","date_gmt":"2025-09-11T10:29:23","guid":{"rendered":"https:\/\/www.italiaisraele.org\/?p=4795"},"modified":"2025-09-11T14:07:52","modified_gmt":"2025-09-11T12:07:52","slug":"udine-celebra-la-giornata-della-cultura-ebraica","status":"publish","type":"post","link":"https:\/\/www.italiaisraele.org\/?p=4795","title":{"rendered":"Udine celebra la Giornata della Cultura Ebraica"},"content":{"rendered":"\n<p>L&#8217;Associazione Italia Israele del Friuli presieduta da Giorgio Linda ha celebrato la GIORNATA EUROPEA della CULTURA EBRAICA 2025 svolgendo il tema &#8220;Il Popolo del Libro&#8221; in chiave prettamente culturale . Ha infatti colto l&#8217;occasione per sfuggire l&#8217;angoscia delle vicende belliche e le polemiche politiche per frequentare le stanze accoglienti e seducenti del libro &#8220;Il Palazzo dell&#8217;ebraico&#8221;. A fare da guida, l&#8217;autrice, Sarah Kaminski, docente presso l&#8217;Universit\u00e0 degli Studi di Torino, consulente culturale dell&#8217;ambasciata di Israele in Italia, presidente del Laboratorio Interculturale &#8220;Da&#8217;at&#8221;, scrittrice e traduttrice.<\/p>\n\n\n\n<p>&#8220;Questo libro racconta di illustri protagonisti di cammini e di snodi culturali e artistici nella millenaria storia del popolo ebraico e fantastica sull\u2019incontro virtuale di personaggi storici e mitologici, uniti da un comune denominatore: la lingua ebraica &#8211; ha spiegato &#8211; L\u2019ebraico \u00e8 una lingua viva e antica di tremila anni, che ha percorso itinerari imprevedibili, sacri e profani ed \u00e8 stata la linfa culturale di un gran numero di comunit\u00e0 nel mondo. Lungo i secoli le persone hanno scritto, parlato, sognato e cantato in ebraico; i redattori della Bibbia, i maestri e i pensatori hanno creato un universo di parole e di immagini che qui si incontrano aldil\u00e0 del tempo, in un intreccio di suggestioni, facendo incontrare gli antichi testi sacri, le esegesi rabbiniche e le narrazioni contemporanee, con un tocco di poesia e un guizzo d\u2019ironia&#8221;.<\/p>\n\n\n\n<p>L&#8217;evento \u00e8 stato celebrato a Udine e nel pomeriggio a San Daniele del Friuli con l&#8217;amichevole sostegno delle rispettive amministrazioni comunali che hanno aperto per l&#8217;occasione sedi prestigiose.<\/p>\n","protected":false},"excerpt":{"rendered":"<p>L&#8217;Associazione Italia Israele del Friuli presieduta da Giorgio Linda ha celebrato la GIORNATA EUROPEA della CULTURA EBRAICA 2025 svolgendo il tema &#8220;Il Popolo del Libro&#8221; in chiave prettamente culturale . Ha infatti colto l&#8217;occasione per sfuggire l&#8217;angoscia delle vicende belliche e le polemiche politiche per frequentare le stanze accoglienti e seducenti del libro &#8220;Il Palazzo [&hellip;]<\/p>\n","protected":false},"author":2,"featured_media":4800,"comment_status":"open","ping_status":"open","sticky":false,"template":"","format":"standard","meta":{"iawp_total_views":9,"footnotes":""},"categories":[3,15],"tags":[925,200],"class_list":["post-4795","post","type-post","status-publish","format-standard","has-post-thumbnail","hentry","category-cultura-e-societa","category-news-associazioni","tag-giornata-della-cultura-ebraica","tag-udine"],"yoast_head":"<!-- This site is optimized with the Yoast SEO plugin v27.5 - https:\/\/yoast.com\/product\/yoast-seo-wordpress\/ -->\r\n<title>Udine celebra la Giornata della Cultura Ebraica - Federazione Associazioni Italia Israele<\/title>\r\n<meta name=\"robots\" content=\"index, follow, max-snippet:-1, max-image-preview:large, max-video-preview:-1\" \/>\r\n<link rel=\"canonical\" href=\"https:\/\/www.italiaisraele.org\/?p=4795\" \/>\r\n<meta property=\"og:locale\" content=\"it_IT\" \/>\r\n<meta property=\"og:type\" content=\"article\" \/>\r\n<meta property=\"og:title\" content=\"Udine celebra la Giornata della Cultura Ebraica - Federazione Associazioni Italia Israele\" \/>\r\n<meta property=\"og:description\" content=\"L&#8217;Associazione Italia Israele del Friuli presieduta da Giorgio Linda ha celebrato la GIORNATA EUROPEA della CULTURA EBRAICA 2025 svolgendo il tema &#8220;Il Popolo del Libro&#8221; in chiave prettamente culturale . Ha infatti colto l&#8217;occasione per sfuggire l&#8217;angoscia delle vicende belliche e le polemiche politiche per frequentare le stanze accoglienti e seducenti del libro &#8220;Il Palazzo [&hellip;]\" \/>\r\n<meta property=\"og:url\" content=\"https:\/\/www.italiaisraele.org\/?p=4795\" \/>\r\n<meta property=\"og:site_name\" content=\"Federazione Associazioni Italia Israele\" \/>\r\n<meta property=\"article:publisher\" content=\"https:\/\/www.facebook.com\/Federazione.Associazioni.Italia.Israele\" \/>\r\n<meta property=\"article:published_time\" content=\"2025-09-11T10:29:23+00:00\" \/>\r\n<meta property=\"article:modified_time\" content=\"2025-09-11T12:07:52+00:00\" \/>\r\n<meta property=\"og:image\" content=\"https:\/\/www.italiaisraele.org\/wp-content\/uploads\/2025\/09\/ThumbJpeg.jpg\" \/>\r\n\t<meta property=\"og:image:width\" content=\"768\" \/>\r\n\t<meta property=\"og:image:height\" content=\"505\" \/>\r\n\t<meta property=\"og:image:type\" content=\"image\/jpeg\" \/>\r\n<meta name=\"author\" content=\"Redazione\" \/>\r\n<meta name=\"twitter:card\" content=\"summary_large_image\" \/>\r\n<meta name=\"twitter:label1\" content=\"Scritto da\" \/>\n\t<meta name=\"twitter:data1\" content=\"Redazione\" \/>\n\t<meta name=\"twitter:label2\" content=\"Tempo di lettura stimato\" \/>\n\t<meta name=\"twitter:data2\" content=\"2 minuti\" \/>\r\n<script type=\"application\/ld+json\" class=\"yoast-schema-graph\">{\"@context\":\"https:\\\/\\\/schema.org\",\"@graph\":[{\"@type\":\"Article\",\"@id\":\"https:\\\/\\\/www.italiaisraele.org\\\/?p=4795#article\",\"isPartOf\":{\"@id\":\"https:\\\/\\\/www.italiaisraele.org\\\/?p=4795\"},\"author\":{\"name\":\"Redazione\",\"@id\":\"https:\\\/\\\/www.italiaisraele.org\\\/#\\\/schema\\\/person\\\/a58663d7e92468eb3e7d158e016946cd\"},\"headline\":\"Udine celebra la Giornata della Cultura Ebraica\",\"datePublished\":\"2025-09-11T10:29:23+00:00\",\"dateModified\":\"2025-09-11T12:07:52+00:00\",\"mainEntityOfPage\":{\"@id\":\"https:\\\/\\\/www.italiaisraele.org\\\/?p=4795\"},\"wordCount\":267,\"commentCount\":0,\"publisher\":{\"@id\":\"https:\\\/\\\/www.italiaisraele.org\\\/#organization\"},\"image\":{\"@id\":\"https:\\\/\\\/www.italiaisraele.org\\\/?p=4795#primaryimage\"},\"thumbnailUrl\":\"https:\\\/\\\/www.italiaisraele.org\\\/wp-content\\\/uploads\\\/2025\\\/09\\\/ThumbJpeg.jpg\",\"keywords\":[\"Giornata della Cultura Ebraica\",\"Udine\"],\"articleSection\":[\"Cultura e Societ\u00e0\",\"News Associazioni\"],\"inLanguage\":\"it-IT\",\"potentialAction\":[{\"@type\":\"CommentAction\",\"name\":\"Comment\",\"target\":[\"https:\\\/\\\/www.italiaisraele.org\\\/?p=4795#respond\"]}]},{\"@type\":\"WebPage\",\"@id\":\"https:\\\/\\\/www.italiaisraele.org\\\/?p=4795\",\"url\":\"https:\\\/\\\/www.italiaisraele.org\\\/?p=4795\",\"name\":\"Udine celebra la Giornata della Cultura Ebraica - Federazione Associazioni Italia Israele\",\"isPartOf\":{\"@id\":\"https:\\\/\\\/www.italiaisraele.org\\\/#website\"},\"primaryImageOfPage\":{\"@id\":\"https:\\\/\\\/www.italiaisraele.org\\\/?p=4795#primaryimage\"},\"image\":{\"@id\":\"https:\\\/\\\/www.italiaisraele.org\\\/?p=4795#primaryimage\"},\"thumbnailUrl\":\"https:\\\/\\\/www.italiaisraele.org\\\/wp-content\\\/uploads\\\/2025\\\/09\\\/ThumbJpeg.jpg\",\"datePublished\":\"2025-09-11T10:29:23+00:00\",\"dateModified\":\"2025-09-11T12:07:52+00:00\",\"breadcrumb\":{\"@id\":\"https:\\\/\\\/www.italiaisraele.org\\\/?p=4795#breadcrumb\"},\"inLanguage\":\"it-IT\",\"potentialAction\":[{\"@type\":\"ReadAction\",\"target\":[\"https:\\\/\\\/www.italiaisraele.org\\\/?p=4795\"]}]},{\"@type\":\"ImageObject\",\"inLanguage\":\"it-IT\",\"@id\":\"https:\\\/\\\/www.italiaisraele.org\\\/?p=4795#primaryimage\",\"url\":\"https:\\\/\\\/www.italiaisraele.org\\\/wp-content\\\/uploads\\\/2025\\\/09\\\/ThumbJpeg.jpg\",\"contentUrl\":\"https:\\\/\\\/www.italiaisraele.org\\\/wp-content\\\/uploads\\\/2025\\\/09\\\/ThumbJpeg.jpg\",\"width\":768,\"height\":505},{\"@type\":\"BreadcrumbList\",\"@id\":\"https:\\\/\\\/www.italiaisraele.org\\\/?p=4795#breadcrumb\",\"itemListElement\":[{\"@type\":\"ListItem\",\"position\":1,\"name\":\"Home\",\"item\":\"https:\\\/\\\/www.italiaisraele.org\\\/\"},{\"@type\":\"ListItem\",\"position\":2,\"name\":\"Udine celebra la Giornata della Cultura Ebraica\"}]},{\"@type\":\"WebSite\",\"@id\":\"https:\\\/\\\/www.italiaisraele.org\\\/#website\",\"url\":\"https:\\\/\\\/www.italiaisraele.org\\\/\",\"name\":\"News Italia - Israele\",\"description\":\"Italia Israele Today - Magazine\",\"publisher\":{\"@id\":\"https:\\\/\\\/www.italiaisraele.org\\\/#organization\"},\"potentialAction\":[{\"@type\":\"SearchAction\",\"target\":{\"@type\":\"EntryPoint\",\"urlTemplate\":\"https:\\\/\\\/www.italiaisraele.org\\\/?s={search_term_string}\"},\"query-input\":{\"@type\":\"PropertyValueSpecification\",\"valueRequired\":true,\"valueName\":\"search_term_string\"}}],\"inLanguage\":\"it-IT\"},{\"@type\":\"Organization\",\"@id\":\"https:\\\/\\\/www.italiaisraele.org\\\/#organization\",\"name\":\"News Italia - Israele\",\"url\":\"https:\\\/\\\/www.italiaisraele.org\\\/\",\"logo\":{\"@type\":\"ImageObject\",\"inLanguage\":\"it-IT\",\"@id\":\"https:\\\/\\\/www.italiaisraele.org\\\/#\\\/schema\\\/logo\\\/image\\\/\",\"url\":\"https:\\\/\\\/www.italiaisraele.org\\\/wp-content\\\/uploads\\\/2024\\\/02\\\/cropped-cropped-TESTATA-NEWS-2.jpg\",\"contentUrl\":\"https:\\\/\\\/www.italiaisraele.org\\\/wp-content\\\/uploads\\\/2024\\\/02\\\/cropped-cropped-TESTATA-NEWS-2.jpg\",\"width\":1918,\"height\":291,\"caption\":\"News Italia - Israele\"},\"image\":{\"@id\":\"https:\\\/\\\/www.italiaisraele.org\\\/#\\\/schema\\\/logo\\\/image\\\/\"},\"sameAs\":[\"https:\\\/\\\/www.facebook.com\\\/Federazione.Associazioni.Italia.Israele\"]},{\"@type\":\"Person\",\"@id\":\"https:\\\/\\\/www.italiaisraele.org\\\/#\\\/schema\\\/person\\\/a58663d7e92468eb3e7d158e016946cd\",\"name\":\"Redazione\",\"image\":{\"@type\":\"ImageObject\",\"inLanguage\":\"it-IT\",\"@id\":\"https:\\\/\\\/secure.gravatar.com\\\/avatar\\\/fe11715b332cc423bb3991a005da4d50b44647eec21b11abddd059d3deafc450?s=96&d=mm&r=g\",\"url\":\"https:\\\/\\\/secure.gravatar.com\\\/avatar\\\/fe11715b332cc423bb3991a005da4d50b44647eec21b11abddd059d3deafc450?s=96&d=mm&r=g\",\"contentUrl\":\"https:\\\/\\\/secure.gravatar.com\\\/avatar\\\/fe11715b332cc423bb3991a005da4d50b44647eec21b11abddd059d3deafc450?s=96&d=mm&r=g\",\"caption\":\"Redazione\"},\"url\":\"https:\\\/\\\/www.italiaisraele.org\\\/?author=2\"}]}<\/script>\r\n<!-- \/ Yoast SEO plugin. -->","yoast_head_json":{"title":"Udine celebra la Giornata della Cultura Ebraica - Federazione Associazioni Italia Israele","robots":{"index":"index","follow":"follow","max-snippet":"max-snippet:-1","max-image-preview":"max-image-preview:large","max-video-preview":"max-video-preview:-1"},"canonical":"https:\/\/www.italiaisraele.org\/?p=4795","og_locale":"it_IT","og_type":"article","og_title":"Udine celebra la Giornata della Cultura Ebraica - Federazione Associazioni Italia Israele","og_description":"L&#8217;Associazione Italia Israele del Friuli presieduta da Giorgio Linda ha celebrato la GIORNATA EUROPEA della CULTURA EBRAICA 2025 svolgendo il tema &#8220;Il Popolo del Libro&#8221; in chiave prettamente culturale . Ha infatti colto l&#8217;occasione per sfuggire l&#8217;angoscia delle vicende belliche e le polemiche politiche per frequentare le stanze accoglienti e seducenti del libro &#8220;Il Palazzo [&hellip;]","og_url":"https:\/\/www.italiaisraele.org\/?p=4795","og_site_name":"Federazione Associazioni Italia Israele","article_publisher":"https:\/\/www.facebook.com\/Federazione.Associazioni.Italia.Israele","article_published_time":"2025-09-11T10:29:23+00:00","article_modified_time":"2025-09-11T12:07:52+00:00","og_image":[{"width":768,"height":505,"url":"https:\/\/www.italiaisraele.org\/wp-content\/uploads\/2025\/09\/ThumbJpeg.jpg","type":"image\/jpeg"}],"author":"Redazione","twitter_card":"summary_large_image","twitter_misc":{"Scritto da":"Redazione","Tempo di lettura stimato":"2 minuti"},"schema":{"@context":"https:\/\/schema.org","@graph":[{"@type":"Article","@id":"https:\/\/www.italiaisraele.org\/?p=4795#article","isPartOf":{"@id":"https:\/\/www.italiaisraele.org\/?p=4795"},"author":{"name":"Redazione","@id":"https:\/\/www.italiaisraele.org\/#\/schema\/person\/a58663d7e92468eb3e7d158e016946cd"},"headline":"Udine celebra la Giornata della Cultura Ebraica","datePublished":"2025-09-11T10:29:23+00:00","dateModified":"2025-09-11T12:07:52+00:00","mainEntityOfPage":{"@id":"https:\/\/www.italiaisraele.org\/?p=4795"},"wordCount":267,"commentCount":0,"publisher":{"@id":"https:\/\/www.italiaisraele.org\/#organization"},"image":{"@id":"https:\/\/www.italiaisraele.org\/?p=4795#primaryimage"},"thumbnailUrl":"https:\/\/www.italiaisraele.org\/wp-content\/uploads\/2025\/09\/ThumbJpeg.jpg","keywords":["Giornata della Cultura Ebraica","Udine"],"articleSection":["Cultura e Societ\u00e0","News Associazioni"],"inLanguage":"it-IT","potentialAction":[{"@type":"CommentAction","name":"Comment","target":["https:\/\/www.italiaisraele.org\/?p=4795#respond"]}]},{"@type":"WebPage","@id":"https:\/\/www.italiaisraele.org\/?p=4795","url":"https:\/\/www.italiaisraele.org\/?p=4795","name":"Udine celebra la Giornata della Cultura Ebraica - Federazione Associazioni Italia Israele","isPartOf":{"@id":"https:\/\/www.italiaisraele.org\/#website"},"primaryImageOfPage":{"@id":"https:\/\/www.italiaisraele.org\/?p=4795#primaryimage"},"image":{"@id":"https:\/\/www.italiaisraele.org\/?p=4795#primaryimage"},"thumbnailUrl":"https:\/\/www.italiaisraele.org\/wp-content\/uploads\/2025\/09\/ThumbJpeg.jpg","datePublished":"2025-09-11T10:29:23+00:00","dateModified":"2025-09-11T12:07:52+00:00","breadcrumb":{"@id":"https:\/\/www.italiaisraele.org\/?p=4795#breadcrumb"},"inLanguage":"it-IT","potentialAction":[{"@type":"ReadAction","target":["https:\/\/www.italiaisraele.org\/?p=4795"]}]},{"@type":"ImageObject","inLanguage":"it-IT","@id":"https:\/\/www.italiaisraele.org\/?p=4795#primaryimage","url":"https:\/\/www.italiaisraele.org\/wp-content\/uploads\/2025\/09\/ThumbJpeg.jpg","contentUrl":"https:\/\/www.italiaisraele.org\/wp-content\/uploads\/2025\/09\/ThumbJpeg.jpg","width":768,"height":505},{"@type":"BreadcrumbList","@id":"https:\/\/www.italiaisraele.org\/?p=4795#breadcrumb","itemListElement":[{"@type":"ListItem","position":1,"name":"Home","item":"https:\/\/www.italiaisraele.org\/"},{"@type":"ListItem","position":2,"name":"Udine celebra la Giornata della Cultura Ebraica"}]},{"@type":"WebSite","@id":"https:\/\/www.italiaisraele.org\/#website","url":"https:\/\/www.italiaisraele.org\/","name":"News Italia - Israele","description":"Italia Israele Today - Magazine","publisher":{"@id":"https:\/\/www.italiaisraele.org\/#organization"},"potentialAction":[{"@type":"SearchAction","target":{"@type":"EntryPoint","urlTemplate":"https:\/\/www.italiaisraele.org\/?s={search_term_string}"},"query-input":{"@type":"PropertyValueSpecification","valueRequired":true,"valueName":"search_term_string"}}],"inLanguage":"it-IT"},{"@type":"Organization","@id":"https:\/\/www.italiaisraele.org\/#organization","name":"News Italia - Israele","url":"https:\/\/www.italiaisraele.org\/","logo":{"@type":"ImageObject","inLanguage":"it-IT","@id":"https:\/\/www.italiaisraele.org\/#\/schema\/logo\/image\/","url":"https:\/\/www.italiaisraele.org\/wp-content\/uploads\/2024\/02\/cropped-cropped-TESTATA-NEWS-2.jpg","contentUrl":"https:\/\/www.italiaisraele.org\/wp-content\/uploads\/2024\/02\/cropped-cropped-TESTATA-NEWS-2.jpg","width":1918,"height":291,"caption":"News Italia - Israele"},"image":{"@id":"https:\/\/www.italiaisraele.org\/#\/schema\/logo\/image\/"},"sameAs":["https:\/\/www.facebook.com\/Federazione.Associazioni.Italia.Israele"]},{"@type":"Person","@id":"https:\/\/www.italiaisraele.org\/#\/schema\/person\/a58663d7e92468eb3e7d158e016946cd","name":"Redazione","image":{"@type":"ImageObject","inLanguage":"it-IT","@id":"https:\/\/secure.gravatar.com\/avatar\/fe11715b332cc423bb3991a005da4d50b44647eec21b11abddd059d3deafc450?s=96&d=mm&r=g","url":"https:\/\/secure.gravatar.com\/avatar\/fe11715b332cc423bb3991a005da4d50b44647eec21b11abddd059d3deafc450?s=96&d=mm&r=g","contentUrl":"https:\/\/secure.gravatar.com\/avatar\/fe11715b332cc423bb3991a005da4d50b44647eec21b11abddd059d3deafc450?s=96&d=mm&r=g","caption":"Redazione"},"url":"https:\/\/www.italiaisraele.org\/?author=2"}]}},"_links":{"self":[{"href":"https:\/\/www.italiaisraele.org\/index.php?rest_route=\/wp\/v2\/posts\/4795","targetHints":{"allow":["GET"]}}],"collection":[{"href":"https:\/\/www.italiaisraele.org\/index.php?rest_route=\/wp\/v2\/posts"}],"about":[{"href":"https:\/\/www.italiaisraele.org\/index.php?rest_route=\/wp\/v2\/types\/post"}],"author":[{"embeddable":true,"href":"https:\/\/www.italiaisraele.org\/index.php?rest_route=\/wp\/v2\/users\/2"}],"replies":[{"embeddable":true,"href":"https:\/\/www.italiaisraele.org\/index.php?rest_route=%2Fwp%2Fv2%2Fcomments&post=4795"}],"version-history":[{"count":0,"href":"https:\/\/www.italiaisraele.org\/index.php?rest_route=\/wp\/v2\/posts\/4795\/revisions"}],"wp:featuredmedia":[{"embeddable":true,"href":"https:\/\/www.italiaisraele.org\/index.php?rest_route=\/wp\/v2\/media\/4800"}],"wp:attachment":[{"href":"https:\/\/www.italiaisraele.org\/index.php?rest_route=%2Fwp%2Fv2%2Fmedia&parent=4795"}],"wp:term":[{"taxonomy":"category","embeddable":true,"href":"https:\/\/www.italiaisraele.org\/index.php?rest_route=%2Fwp%2Fv2%2Fcategories&post=4795"},{"taxonomy":"post_tag","embeddable":true,"href":"https:\/\/www.italiaisraele.org\/index.php?rest_route=%2Fwp%2Fv2%2Ftags&post=4795"}],"curies":[{"name":"wp","href":"https:\/\/api.w.org\/{rel}","templated":true}]}}