{"id":4791,"date":"2025-09-11T12:10:00","date_gmt":"2025-09-11T10:10:00","guid":{"rendered":"https:\/\/www.italiaisraele.org\/?p=4791"},"modified":"2025-09-11T12:18:16","modified_gmt":"2025-09-11T10:18:16","slug":"a-venezia-vergogna-antisemita-ebrei-picchiati","status":"publish","type":"post","link":"https:\/\/www.italiaisraele.org\/?p=4791","title":{"rendered":"A Venezia vergogna antisemita: ebrei picchiati"},"content":{"rendered":"\n<p>Una coppia di turisti ebrei &#8211; un cittadino americano e la moglie israeliana &#8211; \u00e8 stata aggredita nella notte tra il 7 e l&#8217;8 settembre a Venezia da una decina di uomini nordafricani al grido di &#8216;Free Palestine&#8217;. Lo riporta la stampa locale. L&#8217;episodio \u00e8 iniziato poco dopo mezzanotte presso un chiosco in Strada Nuova, all&#8217;altezza di Santa Fosca, quando il gruppo ha notato l&#8217;abbigliamento della tradizione ebraica ortodossa. Dopo i primi insulti, in particolare da parte di un trentunenne tunisino, la coppia ha cercato di allontanarsi ma \u00e8 stata inseguita &#8211; tra frasi ingiuriose e simulazioni di atti sessuali &#8211; e accerchiata. Qui un componente del gruppo ha aizzato contro di loro il proprio rottweiler senza museruola, mentre il trentunenne ha schiaffeggiato l&#8217;uomo fingendo di volergli porgere la mano. Infine contro la coppia \u00e8 volata una bottiglia di vetro, che andando in frantumi per terra ha ferito la donna alla caviglia. Dopo l&#8217;aggressione, mentre si allontanavano, gli uomini sono stati intercettati dai militari della Guardia di Finanza, che sono riusciti a identificarne alcuni. A loro poi si sono aggiunti gli agenti delle volanti della Questura. Sono gi\u00e0 partite le prime denunce alla procura di Venezia, con l&#8217;ipotesi di reato di minaccia aggravata dall&#8217;istigazione o dalla violenza per motivi razziali, etnici, nazionali o religiosi. Il tunisino che ha colpito il turista \u00e8 stato denunciato anche per percosse ma a piede libero, perch\u00e9 risulta essere incensurato: residente a Modena, il questore di Venezia Gaetano Bonaccorso gli ha vietato di tornare in citt\u00e0 per due anni. Un secondo aggressore, irregolare, \u00e8 stato portato al centro per il rimpatrio di Bari in vista del suo ritorno in Tunisia. \u00c8 il secondo episodio antisemita in un mese a Venezia: ad agosto una coppia americana di ebrei era stata aggredita a Rialto con modalit\u00e0 simili.<\/p>\n\n\n\n<p><strong><em>Questo \u00e8 il clima, ormai. Si ringraziano tutti gli artisti, attori, registi, intellettuali e contorni vari per avere &#8211; a modo loro e comunque inevitabilmente &#8211; accresciuto ANCHE DAL PALCO DI UN FESTIVAL CINEMATOGRAFICO il clima di odio verso israeliani ed ebrei lasciando intendere anche a stranieri irregolari sul nostro territorio di ritenersi liberi di colpire gente che con il governo Netanyahu non ha niente a che fare.<\/em><\/strong> <strong><em>Le parole sono armi taglienti, riflettete, o prodigiosi artisti.<\/em><\/strong><\/p>\n\n\n\n<p><\/p>\n","protected":false},"excerpt":{"rendered":"<p>Una coppia di turisti ebrei &#8211; un cittadino americano e la moglie israeliana &#8211; \u00e8 stata aggredita nella notte tra il 7 e l&#8217;8 settembre a Venezia da una decina di uomini nordafricani al grido di &#8216;Free Palestine&#8217;. Lo riporta la stampa locale. L&#8217;episodio \u00e8 iniziato poco dopo mezzanotte presso un chiosco in Strada Nuova, [&hellip;]<\/p>\n","protected":false},"author":2,"featured_media":4792,"comment_status":"open","ping_status":"open","sticky":false,"template":"","format":"standard","meta":{"iawp_total_views":239,"footnotes":""},"categories":[5],"tags":[926,927,90],"class_list":["post-4791","post","type-post","status-publish","format-standard","has-post-thumbnail","hentry","category-news","tag-ebrei-picchiati","tag-nordafricani","tag-venezia"],"yoast_head":"<!-- This site is optimized with the Yoast SEO plugin v27.5 - https:\/\/yoast.com\/product\/yoast-seo-wordpress\/ -->\r\n<title>A Venezia vergogna antisemita: ebrei picchiati - Federazione Associazioni Italia Israele<\/title>\r\n<meta name=\"robots\" content=\"index, follow, max-snippet:-1, max-image-preview:large, max-video-preview:-1\" \/>\r\n<link rel=\"canonical\" href=\"https:\/\/www.italiaisraele.org\/?p=4791\" \/>\r\n<meta property=\"og:locale\" content=\"it_IT\" \/>\r\n<meta property=\"og:type\" content=\"article\" \/>\r\n<meta property=\"og:title\" content=\"A Venezia vergogna antisemita: ebrei picchiati - Federazione Associazioni Italia Israele\" \/>\r\n<meta property=\"og:description\" content=\"Una coppia di turisti ebrei &#8211; un cittadino americano e la moglie israeliana &#8211; \u00e8 stata aggredita nella notte tra il 7 e l&#8217;8 settembre a Venezia da una decina di uomini nordafricani al grido di &#8216;Free Palestine&#8217;. Lo riporta la stampa locale. L&#8217;episodio \u00e8 iniziato poco dopo mezzanotte presso un chiosco in Strada Nuova, [&hellip;]\" \/>\r\n<meta property=\"og:url\" content=\"https:\/\/www.italiaisraele.org\/?p=4791\" \/>\r\n<meta property=\"og:site_name\" content=\"Federazione Associazioni Italia Israele\" \/>\r\n<meta property=\"article:publisher\" content=\"https:\/\/www.facebook.com\/Federazione.Associazioni.Italia.Israele\" \/>\r\n<meta property=\"article:published_time\" content=\"2025-09-11T10:10:00+00:00\" \/>\r\n<meta property=\"article:modified_time\" content=\"2025-09-11T10:18:16+00:00\" \/>\r\n<meta property=\"og:image\" content=\"https:\/\/www.italiaisraele.org\/wp-content\/uploads\/2025\/09\/rissa-matteotti-viscontina-balladore-immigrati.jpg\" \/>\r\n\t<meta property=\"og:image:width\" content=\"620\" \/>\r\n\t<meta property=\"og:image:height\" content=\"515\" \/>\r\n\t<meta property=\"og:image:type\" content=\"image\/jpeg\" \/>\r\n<meta name=\"author\" content=\"Redazione\" \/>\r\n<meta name=\"twitter:card\" content=\"summary_large_image\" \/>\r\n<meta name=\"twitter:label1\" content=\"Scritto da\" \/>\n\t<meta name=\"twitter:data1\" content=\"Redazione\" \/>\n\t<meta name=\"twitter:label2\" content=\"Tempo di lettura stimato\" \/>\n\t<meta name=\"twitter:data2\" content=\"3 minuti\" \/>\r\n<script type=\"application\/ld+json\" class=\"yoast-schema-graph\">{\"@context\":\"https:\\\/\\\/schema.org\",\"@graph\":[{\"@type\":\"Article\",\"@id\":\"https:\\\/\\\/www.italiaisraele.org\\\/?p=4791#article\",\"isPartOf\":{\"@id\":\"https:\\\/\\\/www.italiaisraele.org\\\/?p=4791\"},\"author\":{\"name\":\"Redazione\",\"@id\":\"https:\\\/\\\/www.italiaisraele.org\\\/#\\\/schema\\\/person\\\/a58663d7e92468eb3e7d158e016946cd\"},\"headline\":\"A Venezia vergogna antisemita: ebrei picchiati\",\"datePublished\":\"2025-09-11T10:10:00+00:00\",\"dateModified\":\"2025-09-11T10:18:16+00:00\",\"mainEntityOfPage\":{\"@id\":\"https:\\\/\\\/www.italiaisraele.org\\\/?p=4791\"},\"wordCount\":381,\"commentCount\":1,\"publisher\":{\"@id\":\"https:\\\/\\\/www.italiaisraele.org\\\/#organization\"},\"image\":{\"@id\":\"https:\\\/\\\/www.italiaisraele.org\\\/?p=4791#primaryimage\"},\"thumbnailUrl\":\"https:\\\/\\\/www.italiaisraele.org\\\/wp-content\\\/uploads\\\/2025\\\/09\\\/rissa-matteotti-viscontina-balladore-immigrati.jpg\",\"keywords\":[\"ebrei picchiati\",\"nordafricani\",\"Venezia\"],\"articleSection\":[\"News\"],\"inLanguage\":\"it-IT\",\"potentialAction\":[{\"@type\":\"CommentAction\",\"name\":\"Comment\",\"target\":[\"https:\\\/\\\/www.italiaisraele.org\\\/?p=4791#respond\"]}]},{\"@type\":\"WebPage\",\"@id\":\"https:\\\/\\\/www.italiaisraele.org\\\/?p=4791\",\"url\":\"https:\\\/\\\/www.italiaisraele.org\\\/?p=4791\",\"name\":\"A Venezia vergogna antisemita: ebrei picchiati - Federazione Associazioni Italia Israele\",\"isPartOf\":{\"@id\":\"https:\\\/\\\/www.italiaisraele.org\\\/#website\"},\"primaryImageOfPage\":{\"@id\":\"https:\\\/\\\/www.italiaisraele.org\\\/?p=4791#primaryimage\"},\"image\":{\"@id\":\"https:\\\/\\\/www.italiaisraele.org\\\/?p=4791#primaryimage\"},\"thumbnailUrl\":\"https:\\\/\\\/www.italiaisraele.org\\\/wp-content\\\/uploads\\\/2025\\\/09\\\/rissa-matteotti-viscontina-balladore-immigrati.jpg\",\"datePublished\":\"2025-09-11T10:10:00+00:00\",\"dateModified\":\"2025-09-11T10:18:16+00:00\",\"breadcrumb\":{\"@id\":\"https:\\\/\\\/www.italiaisraele.org\\\/?p=4791#breadcrumb\"},\"inLanguage\":\"it-IT\",\"potentialAction\":[{\"@type\":\"ReadAction\",\"target\":[\"https:\\\/\\\/www.italiaisraele.org\\\/?p=4791\"]}]},{\"@type\":\"ImageObject\",\"inLanguage\":\"it-IT\",\"@id\":\"https:\\\/\\\/www.italiaisraele.org\\\/?p=4791#primaryimage\",\"url\":\"https:\\\/\\\/www.italiaisraele.org\\\/wp-content\\\/uploads\\\/2025\\\/09\\\/rissa-matteotti-viscontina-balladore-immigrati.jpg\",\"contentUrl\":\"https:\\\/\\\/www.italiaisraele.org\\\/wp-content\\\/uploads\\\/2025\\\/09\\\/rissa-matteotti-viscontina-balladore-immigrati.jpg\",\"width\":620,\"height\":515},{\"@type\":\"BreadcrumbList\",\"@id\":\"https:\\\/\\\/www.italiaisraele.org\\\/?p=4791#breadcrumb\",\"itemListElement\":[{\"@type\":\"ListItem\",\"position\":1,\"name\":\"Home\",\"item\":\"https:\\\/\\\/www.italiaisraele.org\\\/\"},{\"@type\":\"ListItem\",\"position\":2,\"name\":\"A Venezia vergogna antisemita: ebrei picchiati\"}]},{\"@type\":\"WebSite\",\"@id\":\"https:\\\/\\\/www.italiaisraele.org\\\/#website\",\"url\":\"https:\\\/\\\/www.italiaisraele.org\\\/\",\"name\":\"News Italia - Israele\",\"description\":\"Italia Israele Today - Magazine\",\"publisher\":{\"@id\":\"https:\\\/\\\/www.italiaisraele.org\\\/#organization\"},\"potentialAction\":[{\"@type\":\"SearchAction\",\"target\":{\"@type\":\"EntryPoint\",\"urlTemplate\":\"https:\\\/\\\/www.italiaisraele.org\\\/?s={search_term_string}\"},\"query-input\":{\"@type\":\"PropertyValueSpecification\",\"valueRequired\":true,\"valueName\":\"search_term_string\"}}],\"inLanguage\":\"it-IT\"},{\"@type\":\"Organization\",\"@id\":\"https:\\\/\\\/www.italiaisraele.org\\\/#organization\",\"name\":\"News Italia - Israele\",\"url\":\"https:\\\/\\\/www.italiaisraele.org\\\/\",\"logo\":{\"@type\":\"ImageObject\",\"inLanguage\":\"it-IT\",\"@id\":\"https:\\\/\\\/www.italiaisraele.org\\\/#\\\/schema\\\/logo\\\/image\\\/\",\"url\":\"https:\\\/\\\/www.italiaisraele.org\\\/wp-content\\\/uploads\\\/2024\\\/02\\\/cropped-cropped-TESTATA-NEWS-2.jpg\",\"contentUrl\":\"https:\\\/\\\/www.italiaisraele.org\\\/wp-content\\\/uploads\\\/2024\\\/02\\\/cropped-cropped-TESTATA-NEWS-2.jpg\",\"width\":1918,\"height\":291,\"caption\":\"News Italia - Israele\"},\"image\":{\"@id\":\"https:\\\/\\\/www.italiaisraele.org\\\/#\\\/schema\\\/logo\\\/image\\\/\"},\"sameAs\":[\"https:\\\/\\\/www.facebook.com\\\/Federazione.Associazioni.Italia.Israele\"]},{\"@type\":\"Person\",\"@id\":\"https:\\\/\\\/www.italiaisraele.org\\\/#\\\/schema\\\/person\\\/a58663d7e92468eb3e7d158e016946cd\",\"name\":\"Redazione\",\"image\":{\"@type\":\"ImageObject\",\"inLanguage\":\"it-IT\",\"@id\":\"https:\\\/\\\/secure.gravatar.com\\\/avatar\\\/fe11715b332cc423bb3991a005da4d50b44647eec21b11abddd059d3deafc450?s=96&d=mm&r=g\",\"url\":\"https:\\\/\\\/secure.gravatar.com\\\/avatar\\\/fe11715b332cc423bb3991a005da4d50b44647eec21b11abddd059d3deafc450?s=96&d=mm&r=g\",\"contentUrl\":\"https:\\\/\\\/secure.gravatar.com\\\/avatar\\\/fe11715b332cc423bb3991a005da4d50b44647eec21b11abddd059d3deafc450?s=96&d=mm&r=g\",\"caption\":\"Redazione\"},\"url\":\"https:\\\/\\\/www.italiaisraele.org\\\/?author=2\"}]}<\/script>\r\n<!-- \/ Yoast SEO plugin. -->","yoast_head_json":{"title":"A Venezia vergogna antisemita: ebrei picchiati - Federazione Associazioni Italia Israele","robots":{"index":"index","follow":"follow","max-snippet":"max-snippet:-1","max-image-preview":"max-image-preview:large","max-video-preview":"max-video-preview:-1"},"canonical":"https:\/\/www.italiaisraele.org\/?p=4791","og_locale":"it_IT","og_type":"article","og_title":"A Venezia vergogna antisemita: ebrei picchiati - Federazione Associazioni Italia Israele","og_description":"Una coppia di turisti ebrei &#8211; un cittadino americano e la moglie israeliana &#8211; \u00e8 stata aggredita nella notte tra il 7 e l&#8217;8 settembre a Venezia da una decina di uomini nordafricani al grido di &#8216;Free Palestine&#8217;. Lo riporta la stampa locale. L&#8217;episodio \u00e8 iniziato poco dopo mezzanotte presso un chiosco in Strada Nuova, [&hellip;]","og_url":"https:\/\/www.italiaisraele.org\/?p=4791","og_site_name":"Federazione Associazioni Italia Israele","article_publisher":"https:\/\/www.facebook.com\/Federazione.Associazioni.Italia.Israele","article_published_time":"2025-09-11T10:10:00+00:00","article_modified_time":"2025-09-11T10:18:16+00:00","og_image":[{"width":620,"height":515,"url":"https:\/\/www.italiaisraele.org\/wp-content\/uploads\/2025\/09\/rissa-matteotti-viscontina-balladore-immigrati.jpg","type":"image\/jpeg"}],"author":"Redazione","twitter_card":"summary_large_image","twitter_misc":{"Scritto da":"Redazione","Tempo di lettura stimato":"3 minuti"},"schema":{"@context":"https:\/\/schema.org","@graph":[{"@type":"Article","@id":"https:\/\/www.italiaisraele.org\/?p=4791#article","isPartOf":{"@id":"https:\/\/www.italiaisraele.org\/?p=4791"},"author":{"name":"Redazione","@id":"https:\/\/www.italiaisraele.org\/#\/schema\/person\/a58663d7e92468eb3e7d158e016946cd"},"headline":"A Venezia vergogna antisemita: ebrei picchiati","datePublished":"2025-09-11T10:10:00+00:00","dateModified":"2025-09-11T10:18:16+00:00","mainEntityOfPage":{"@id":"https:\/\/www.italiaisraele.org\/?p=4791"},"wordCount":381,"commentCount":1,"publisher":{"@id":"https:\/\/www.italiaisraele.org\/#organization"},"image":{"@id":"https:\/\/www.italiaisraele.org\/?p=4791#primaryimage"},"thumbnailUrl":"https:\/\/www.italiaisraele.org\/wp-content\/uploads\/2025\/09\/rissa-matteotti-viscontina-balladore-immigrati.jpg","keywords":["ebrei picchiati","nordafricani","Venezia"],"articleSection":["News"],"inLanguage":"it-IT","potentialAction":[{"@type":"CommentAction","name":"Comment","target":["https:\/\/www.italiaisraele.org\/?p=4791#respond"]}]},{"@type":"WebPage","@id":"https:\/\/www.italiaisraele.org\/?p=4791","url":"https:\/\/www.italiaisraele.org\/?p=4791","name":"A Venezia vergogna antisemita: ebrei picchiati - Federazione Associazioni Italia Israele","isPartOf":{"@id":"https:\/\/www.italiaisraele.org\/#website"},"primaryImageOfPage":{"@id":"https:\/\/www.italiaisraele.org\/?p=4791#primaryimage"},"image":{"@id":"https:\/\/www.italiaisraele.org\/?p=4791#primaryimage"},"thumbnailUrl":"https:\/\/www.italiaisraele.org\/wp-content\/uploads\/2025\/09\/rissa-matteotti-viscontina-balladore-immigrati.jpg","datePublished":"2025-09-11T10:10:00+00:00","dateModified":"2025-09-11T10:18:16+00:00","breadcrumb":{"@id":"https:\/\/www.italiaisraele.org\/?p=4791#breadcrumb"},"inLanguage":"it-IT","potentialAction":[{"@type":"ReadAction","target":["https:\/\/www.italiaisraele.org\/?p=4791"]}]},{"@type":"ImageObject","inLanguage":"it-IT","@id":"https:\/\/www.italiaisraele.org\/?p=4791#primaryimage","url":"https:\/\/www.italiaisraele.org\/wp-content\/uploads\/2025\/09\/rissa-matteotti-viscontina-balladore-immigrati.jpg","contentUrl":"https:\/\/www.italiaisraele.org\/wp-content\/uploads\/2025\/09\/rissa-matteotti-viscontina-balladore-immigrati.jpg","width":620,"height":515},{"@type":"BreadcrumbList","@id":"https:\/\/www.italiaisraele.org\/?p=4791#breadcrumb","itemListElement":[{"@type":"ListItem","position":1,"name":"Home","item":"https:\/\/www.italiaisraele.org\/"},{"@type":"ListItem","position":2,"name":"A Venezia vergogna antisemita: ebrei picchiati"}]},{"@type":"WebSite","@id":"https:\/\/www.italiaisraele.org\/#website","url":"https:\/\/www.italiaisraele.org\/","name":"News Italia - Israele","description":"Italia Israele Today - Magazine","publisher":{"@id":"https:\/\/www.italiaisraele.org\/#organization"},"potentialAction":[{"@type":"SearchAction","target":{"@type":"EntryPoint","urlTemplate":"https:\/\/www.italiaisraele.org\/?s={search_term_string}"},"query-input":{"@type":"PropertyValueSpecification","valueRequired":true,"valueName":"search_term_string"}}],"inLanguage":"it-IT"},{"@type":"Organization","@id":"https:\/\/www.italiaisraele.org\/#organization","name":"News Italia - Israele","url":"https:\/\/www.italiaisraele.org\/","logo":{"@type":"ImageObject","inLanguage":"it-IT","@id":"https:\/\/www.italiaisraele.org\/#\/schema\/logo\/image\/","url":"https:\/\/www.italiaisraele.org\/wp-content\/uploads\/2024\/02\/cropped-cropped-TESTATA-NEWS-2.jpg","contentUrl":"https:\/\/www.italiaisraele.org\/wp-content\/uploads\/2024\/02\/cropped-cropped-TESTATA-NEWS-2.jpg","width":1918,"height":291,"caption":"News Italia - Israele"},"image":{"@id":"https:\/\/www.italiaisraele.org\/#\/schema\/logo\/image\/"},"sameAs":["https:\/\/www.facebook.com\/Federazione.Associazioni.Italia.Israele"]},{"@type":"Person","@id":"https:\/\/www.italiaisraele.org\/#\/schema\/person\/a58663d7e92468eb3e7d158e016946cd","name":"Redazione","image":{"@type":"ImageObject","inLanguage":"it-IT","@id":"https:\/\/secure.gravatar.com\/avatar\/fe11715b332cc423bb3991a005da4d50b44647eec21b11abddd059d3deafc450?s=96&d=mm&r=g","url":"https:\/\/secure.gravatar.com\/avatar\/fe11715b332cc423bb3991a005da4d50b44647eec21b11abddd059d3deafc450?s=96&d=mm&r=g","contentUrl":"https:\/\/secure.gravatar.com\/avatar\/fe11715b332cc423bb3991a005da4d50b44647eec21b11abddd059d3deafc450?s=96&d=mm&r=g","caption":"Redazione"},"url":"https:\/\/www.italiaisraele.org\/?author=2"}]}},"_links":{"self":[{"href":"https:\/\/www.italiaisraele.org\/index.php?rest_route=\/wp\/v2\/posts\/4791","targetHints":{"allow":["GET"]}}],"collection":[{"href":"https:\/\/www.italiaisraele.org\/index.php?rest_route=\/wp\/v2\/posts"}],"about":[{"href":"https:\/\/www.italiaisraele.org\/index.php?rest_route=\/wp\/v2\/types\/post"}],"author":[{"embeddable":true,"href":"https:\/\/www.italiaisraele.org\/index.php?rest_route=\/wp\/v2\/users\/2"}],"replies":[{"embeddable":true,"href":"https:\/\/www.italiaisraele.org\/index.php?rest_route=%2Fwp%2Fv2%2Fcomments&post=4791"}],"version-history":[{"count":0,"href":"https:\/\/www.italiaisraele.org\/index.php?rest_route=\/wp\/v2\/posts\/4791\/revisions"}],"wp:featuredmedia":[{"embeddable":true,"href":"https:\/\/www.italiaisraele.org\/index.php?rest_route=\/wp\/v2\/media\/4792"}],"wp:attachment":[{"href":"https:\/\/www.italiaisraele.org\/index.php?rest_route=%2Fwp%2Fv2%2Fmedia&parent=4791"}],"wp:term":[{"taxonomy":"category","embeddable":true,"href":"https:\/\/www.italiaisraele.org\/index.php?rest_route=%2Fwp%2Fv2%2Fcategories&post=4791"},{"taxonomy":"post_tag","embeddable":true,"href":"https:\/\/www.italiaisraele.org\/index.php?rest_route=%2Fwp%2Fv2%2Ftags&post=4791"}],"curies":[{"name":"wp","href":"https:\/\/api.w.org\/{rel}","templated":true}]}}