{"id":4761,"date":"2025-08-29T19:12:47","date_gmt":"2025-08-29T17:12:47","guid":{"rendered":"https:\/\/www.italiaisraele.org\/?p=4761"},"modified":"2025-08-29T19:12:56","modified_gmt":"2025-08-29T17:12:56","slug":"buonismo-e-benpensanti-ai-tempi-di-hamas","status":"publish","type":"post","link":"https:\/\/www.italiaisraele.org\/?p=4761","title":{"rendered":"Buonismo e benpensanti ai tempi di Hamas"},"content":{"rendered":"\n<p>di <em>Giuliano Ferrara*<\/em><\/p>\n\n\n\n<p>Caro Adriano, finch\u00e9 anche un solo combattente di Hamas non si arrender\u00e0, il tempo non cambier\u00e0 la nostra ferma difesa di Israele.<br>Almeno il Papa si ricorda degli ostaggi israeliani.<br>Tu dici, caro Adriano, che l\u2019antisemitismo trionfa e che Israele barcolla. Aggiungi che Tom Friedman l\u2019aveva detto: non entrate a Gaza. Ma dimentichi che nello stesso articolo aveva aggiunto, dopo ragionamenti deboli sullo sbocco politico eventuale di un rilancio della politica dei due popoli e dei due Stati: c\u2019\u00e8 forse un\u2019alternativa, ma io non la conosco. Le tragedie sono la mancanza di un\u2019alternativa, l\u2019inevitabilit\u00e0. Avevano provato a lasciare che il Qatar finanziasse Hamas in abbondanza, per tenerla buona. Calcolo che si \u00e8 rivelato tragicamente sbagliato e ha portato alla piccola Shoah di Nir Oz e del festival Supernova. <\/p>\n\n\n\n<p>Avevano tollerato che i D\u2019Alema d\u2019Europa andassero a braccetto con Hezbollah, il Partito di Dio al servizio dei mullah di Teheran, altro calcolo sbagliato che ha liquidato il Libano e aperto il fronte del nord. Avevano sopportato centinaia di migliaia di morti nella guerra civile siriana, la distruzione di Aleppo ridotta come Gaza oggi, immolati, persone e citt\u00e0, al potere di Assad, altro errore per non rompere con gli Obama mondiali che guidavano le cose <em>from behind<\/em>, da dietro. Hanno aspettato che alla Casa Bianca ci fosse un amico filibustiere, ma amico, da obbligare, occupando i cieli di Teheran, a colpire i siti nucleari dei mandanti del 7 ottobre, calcolo preciso e di successo malgrado una quantit\u00e0 di missili sopportati da Tel Aviv e Gerusalemme.<br>Hanno spiegato per dritto e per rovescio che bisognava cercare un\u2019alternativa a un processo di pacificazione fondato sull\u2019illusione della convivenza tra una democrazia e una teocrazia nichilista, per la Cisgiordania e per Gaza, ottenendo il risultato degli accordi di Abramo. Hanno sub\u00ecto l\u2019Intifada globale ripetuta, e l\u2019antisemitismo internazionale dispiegatosi al seguito dell\u2019Intifada, ch\u00e9 l\u2019antisemitismo antiebraico non \u00e8 una novit\u00e0 assoluta, tutt\u2019altro, reagendo infine in modo distruttivo con Sharon e i carri armati a Nablus e Jenin, e con il ritiro da Gaza e la smobilitazione di coloni che si sono visti bruciare presente e passato, case e sinagoghe, da Hamas e dai Gazawi. Per sostenere Sharon e i carri armati contro il terrorismo, vecchia fissa di casa, promuovemmo il giorno per Israele, ma anche allora non era una linea del giornale, era attivismo responsabile e immaturo, come deve essere. Il suicidio di Israele non esiste. <strong>Esiste il tentato omicidio di Israele. Esiste la sua legittima difesa, necessariamente fondata sulla sproporzione. La sproporzione vuol dire che Hamas deve essere distrutta. <\/strong>Punto. Deve arrendersi ed essere disarmata a ogni costo, primo per quel che ha fatto agli ebrei, secondo ex aequo per quel che ha fatto ai palestinesi obbligando l\u2019esercito israeliano a distruggerli come si fa con uno scudo in carne e ossa. Cosa che come diceva Golda Meir \u00e8 la pi\u00f9 imperdonabile: vi perdoneremo perch\u00e9 ci avete uccisi ma non vi perdoneremo perch\u00e9 ci avete costretti a uccidere i vostri figli. Gli ostaggi devono essere liberati, vivi e morti, attraverso la combinazione di pressione militare, primo fattore, e negoziato, variante decisiva ma in un certo senso secondaria, dipendente dalla prima.<\/p>\n\n\n\n<p><br>Gaza \u00e8 un ostaggio con milioni di sequestrati, devono essere liberati anche loro. Da Hamas, non dal governo criminale di Netanyahu. Netanyahu \u00e8 il capo di Israele da quasi due decenni. Si circonda di pessimi figuri, ma la sua maggioranza rappresenta la maggioranza del paese, fino a prova contraria. E un\u2019altra maggioranza, quando questa prova ci sar\u00e0, agirebbe nella stessa direzione, concedendo qualcosa di pi\u00f9, a parole, al partito umanitario internazionale, al quale appartiene molta brava gente e appartengono figuri altrettanto loschi dei Ben-Gvir e degli Smotrich, se non di pi\u00f9. Macron e S\u00e1nchez dicono scemenze sul riconoscimento, Merz e Meloni sono pi\u00f9 prudenti e sfidano opinioni atrocemente consolidate nel bel mondo. La Lega araba non vede l\u2019ora di eliminare Hamas, sulla scia dell\u2019esercito israeliano, qualunque cosa ne pensi il suo capo di stato maggiore, combattente rispettabile e politico riluttante, e nessuno dei riconoscitori le d\u00e0 retta. Abu Mazen li chiama cani, come gli estremisti di destra del governo di Gerusalemme, che li provocano con la malagrazia degli imbecilli anche nel fondo di un carcere.<br>Al di l\u00e0 di tutto questo, e non \u00e8 poco, e tutto questo sfida il tempo che tu invochi come pilastro per un cambiamento di orientamento che per quanto mi riguarda non ci sar\u00e0 finch\u00e9 un solo miliziano di Hamas armato sar\u00e0 in grado di inscenare il patibolo degli ostaggi, vivi e morti, e colpire un soldato o un cittadino israeliano, c\u2019\u00e8 la cosiddetta immagine. L\u2019immagine parla contro Israele e i suoi soldati e riservisti e carri armati e aerei caccia che hanno bombardato e bombardano ovunque si annidi il nemico, con danni che nessuna persona sensata chiamerebbe collaterali, ma che sono la Dresda del 21esimo secolo, la durezza che tocca ai nazisti in kefiah. Poi si pu\u00f2 dire che ha ragione il signor Kahn e Netanyahu \u00e8 un criminale di guerra. Lo si pu\u00f2 ripetere tutti i giorni alla radio, alla televisione, lo si pu\u00f2 impunemente scrivere nei giornali, lo si pu\u00f2 gridare nelle piazze e nelle strade di Israele e della Diaspora, ma questo non cambia niente. Cinque giornalisti sono stati ammazzati dall\u2019Idf. Non so se volessero tacitare la libera stampa e proteggere un primo ministro che fa la guerra per salvarsi il culo, aberrazione, o se, come dicono i servizi israeliani, fossero stati convocati da Hamas per assistere al rapimento di soldati israeliani, una battaglia per loro da vincere aggiungendo ostaggi a ostaggi con il conforto dell\u2019immagine. So solo che se fossi stato un soldato israeliano avrei sparato. Per difendermi. Per colpire il nemico con quella sproporzione che \u00e8 tipica della guerra e dei giudizi dei tribunali internazionali.<\/p>\n\n\n\n<p>*<em>Il Foglio<\/em><\/p>\n","protected":false},"excerpt":{"rendered":"<p>di Giuliano Ferrara* Caro Adriano, finch\u00e9 anche un solo combattente di Hamas non si arrender\u00e0, il tempo non cambier\u00e0 la nostra ferma difesa di Israele.Almeno il Papa si ricorda degli ostaggi israeliani.Tu dici, caro Adriano, che l\u2019antisemitismo trionfa e che Israele barcolla. Aggiungi che Tom Friedman l\u2019aveva detto: non entrate a Gaza. Ma dimentichi che [&hellip;]<\/p>\n","protected":false},"author":2,"featured_media":4762,"comment_status":"open","ping_status":"open","sticky":false,"template":"","format":"standard","meta":{"iawp_total_views":544,"footnotes":""},"categories":[33],"tags":[56,549,18,13,103],"class_list":["post-4761","post","type-post","status-publish","format-standard","has-post-thumbnail","hentry","category-approfondimenti","tag-gaza","tag-giuliano-ferrara","tag-hamas","tag-israele","tag-palestinesi"],"yoast_head":"<!-- This site is optimized with the Yoast SEO plugin v27.4 - https:\/\/yoast.com\/product\/yoast-seo-wordpress\/ -->\r\n<title>Buonismo e benpensanti ai tempi di Hamas - Federazione Associazioni Italia Israele<\/title>\r\n<meta name=\"robots\" content=\"index, follow, max-snippet:-1, max-image-preview:large, max-video-preview:-1\" \/>\r\n<link rel=\"canonical\" href=\"https:\/\/www.italiaisraele.org\/?p=4761\" \/>\r\n<meta property=\"og:locale\" content=\"it_IT\" \/>\r\n<meta property=\"og:type\" content=\"article\" \/>\r\n<meta property=\"og:title\" content=\"Buonismo e benpensanti ai tempi di Hamas - Federazione Associazioni Italia Israele\" \/>\r\n<meta property=\"og:description\" content=\"di Giuliano Ferrara* Caro Adriano, finch\u00e9 anche un solo combattente di Hamas non si arrender\u00e0, il tempo non cambier\u00e0 la nostra ferma difesa di Israele.Almeno il Papa si ricorda degli ostaggi israeliani.Tu dici, caro Adriano, che l\u2019antisemitismo trionfa e che Israele barcolla. Aggiungi che Tom Friedman l\u2019aveva detto: non entrate a Gaza. Ma dimentichi che [&hellip;]\" \/>\r\n<meta property=\"og:url\" content=\"https:\/\/www.italiaisraele.org\/?p=4761\" \/>\r\n<meta property=\"og:site_name\" content=\"Federazione Associazioni Italia Israele\" \/>\r\n<meta property=\"article:publisher\" content=\"https:\/\/www.facebook.com\/Federazione.Associazioni.Italia.Israele\" \/>\r\n<meta property=\"article:published_time\" content=\"2025-08-29T17:12:47+00:00\" \/>\r\n<meta property=\"article:modified_time\" content=\"2025-08-29T17:12:56+00:00\" \/>\r\n<meta property=\"og:image\" content=\"https:\/\/www.italiaisraele.org\/wp-content\/uploads\/2025\/08\/Image3006.jpg\" \/>\r\n\t<meta property=\"og:image:width\" content=\"384\" \/>\r\n\t<meta property=\"og:image:height\" content=\"250\" \/>\r\n\t<meta property=\"og:image:type\" content=\"image\/jpeg\" \/>\r\n<meta name=\"author\" content=\"Redazione\" \/>\r\n<meta name=\"twitter:card\" content=\"summary_large_image\" \/>\r\n<meta name=\"twitter:label1\" content=\"Scritto da\" \/>\n\t<meta name=\"twitter:data1\" content=\"Redazione\" \/>\n\t<meta name=\"twitter:label2\" content=\"Tempo di lettura stimato\" \/>\n\t<meta name=\"twitter:data2\" content=\"6 minuti\" \/>\r\n<script type=\"application\/ld+json\" class=\"yoast-schema-graph\">{\"@context\":\"https:\\\/\\\/schema.org\",\"@graph\":[{\"@type\":\"Article\",\"@id\":\"https:\\\/\\\/www.italiaisraele.org\\\/?p=4761#article\",\"isPartOf\":{\"@id\":\"https:\\\/\\\/www.italiaisraele.org\\\/?p=4761\"},\"author\":{\"name\":\"Redazione\",\"@id\":\"https:\\\/\\\/www.italiaisraele.org\\\/#\\\/schema\\\/person\\\/a58663d7e92468eb3e7d158e016946cd\"},\"headline\":\"Buonismo e benpensanti ai tempi di Hamas\",\"datePublished\":\"2025-08-29T17:12:47+00:00\",\"dateModified\":\"2025-08-29T17:12:56+00:00\",\"mainEntityOfPage\":{\"@id\":\"https:\\\/\\\/www.italiaisraele.org\\\/?p=4761\"},\"wordCount\":984,\"commentCount\":3,\"publisher\":{\"@id\":\"https:\\\/\\\/www.italiaisraele.org\\\/#organization\"},\"image\":{\"@id\":\"https:\\\/\\\/www.italiaisraele.org\\\/?p=4761#primaryimage\"},\"thumbnailUrl\":\"https:\\\/\\\/www.italiaisraele.org\\\/wp-content\\\/uploads\\\/2025\\\/08\\\/Image3006.jpg\",\"keywords\":[\"Gaza\",\"Giuliano Ferrara\",\"hamas\",\"Israele\",\"palestinesi\"],\"articleSection\":[\"Approfondimenti\"],\"inLanguage\":\"it-IT\",\"potentialAction\":[{\"@type\":\"CommentAction\",\"name\":\"Comment\",\"target\":[\"https:\\\/\\\/www.italiaisraele.org\\\/?p=4761#respond\"]}]},{\"@type\":\"WebPage\",\"@id\":\"https:\\\/\\\/www.italiaisraele.org\\\/?p=4761\",\"url\":\"https:\\\/\\\/www.italiaisraele.org\\\/?p=4761\",\"name\":\"Buonismo e benpensanti ai tempi di Hamas - Federazione Associazioni Italia Israele\",\"isPartOf\":{\"@id\":\"https:\\\/\\\/www.italiaisraele.org\\\/#website\"},\"primaryImageOfPage\":{\"@id\":\"https:\\\/\\\/www.italiaisraele.org\\\/?p=4761#primaryimage\"},\"image\":{\"@id\":\"https:\\\/\\\/www.italiaisraele.org\\\/?p=4761#primaryimage\"},\"thumbnailUrl\":\"https:\\\/\\\/www.italiaisraele.org\\\/wp-content\\\/uploads\\\/2025\\\/08\\\/Image3006.jpg\",\"datePublished\":\"2025-08-29T17:12:47+00:00\",\"dateModified\":\"2025-08-29T17:12:56+00:00\",\"breadcrumb\":{\"@id\":\"https:\\\/\\\/www.italiaisraele.org\\\/?p=4761#breadcrumb\"},\"inLanguage\":\"it-IT\",\"potentialAction\":[{\"@type\":\"ReadAction\",\"target\":[\"https:\\\/\\\/www.italiaisraele.org\\\/?p=4761\"]}]},{\"@type\":\"ImageObject\",\"inLanguage\":\"it-IT\",\"@id\":\"https:\\\/\\\/www.italiaisraele.org\\\/?p=4761#primaryimage\",\"url\":\"https:\\\/\\\/www.italiaisraele.org\\\/wp-content\\\/uploads\\\/2025\\\/08\\\/Image3006.jpg\",\"contentUrl\":\"https:\\\/\\\/www.italiaisraele.org\\\/wp-content\\\/uploads\\\/2025\\\/08\\\/Image3006.jpg\",\"width\":384,\"height\":250},{\"@type\":\"BreadcrumbList\",\"@id\":\"https:\\\/\\\/www.italiaisraele.org\\\/?p=4761#breadcrumb\",\"itemListElement\":[{\"@type\":\"ListItem\",\"position\":1,\"name\":\"Home\",\"item\":\"https:\\\/\\\/www.italiaisraele.org\\\/\"},{\"@type\":\"ListItem\",\"position\":2,\"name\":\"Buonismo e benpensanti ai tempi di Hamas\"}]},{\"@type\":\"WebSite\",\"@id\":\"https:\\\/\\\/www.italiaisraele.org\\\/#website\",\"url\":\"https:\\\/\\\/www.italiaisraele.org\\\/\",\"name\":\"News Italia - Israele\",\"description\":\"Italia Israele Today - Magazine\",\"publisher\":{\"@id\":\"https:\\\/\\\/www.italiaisraele.org\\\/#organization\"},\"potentialAction\":[{\"@type\":\"SearchAction\",\"target\":{\"@type\":\"EntryPoint\",\"urlTemplate\":\"https:\\\/\\\/www.italiaisraele.org\\\/?s={search_term_string}\"},\"query-input\":{\"@type\":\"PropertyValueSpecification\",\"valueRequired\":true,\"valueName\":\"search_term_string\"}}],\"inLanguage\":\"it-IT\"},{\"@type\":\"Organization\",\"@id\":\"https:\\\/\\\/www.italiaisraele.org\\\/#organization\",\"name\":\"News Italia - Israele\",\"url\":\"https:\\\/\\\/www.italiaisraele.org\\\/\",\"logo\":{\"@type\":\"ImageObject\",\"inLanguage\":\"it-IT\",\"@id\":\"https:\\\/\\\/www.italiaisraele.org\\\/#\\\/schema\\\/logo\\\/image\\\/\",\"url\":\"https:\\\/\\\/www.italiaisraele.org\\\/wp-content\\\/uploads\\\/2024\\\/02\\\/cropped-cropped-TESTATA-NEWS-2.jpg\",\"contentUrl\":\"https:\\\/\\\/www.italiaisraele.org\\\/wp-content\\\/uploads\\\/2024\\\/02\\\/cropped-cropped-TESTATA-NEWS-2.jpg\",\"width\":1918,\"height\":291,\"caption\":\"News Italia - Israele\"},\"image\":{\"@id\":\"https:\\\/\\\/www.italiaisraele.org\\\/#\\\/schema\\\/logo\\\/image\\\/\"},\"sameAs\":[\"https:\\\/\\\/www.facebook.com\\\/Federazione.Associazioni.Italia.Israele\"]},{\"@type\":\"Person\",\"@id\":\"https:\\\/\\\/www.italiaisraele.org\\\/#\\\/schema\\\/person\\\/a58663d7e92468eb3e7d158e016946cd\",\"name\":\"Redazione\",\"image\":{\"@type\":\"ImageObject\",\"inLanguage\":\"it-IT\",\"@id\":\"https:\\\/\\\/secure.gravatar.com\\\/avatar\\\/fe11715b332cc423bb3991a005da4d50b44647eec21b11abddd059d3deafc450?s=96&d=mm&r=g\",\"url\":\"https:\\\/\\\/secure.gravatar.com\\\/avatar\\\/fe11715b332cc423bb3991a005da4d50b44647eec21b11abddd059d3deafc450?s=96&d=mm&r=g\",\"contentUrl\":\"https:\\\/\\\/secure.gravatar.com\\\/avatar\\\/fe11715b332cc423bb3991a005da4d50b44647eec21b11abddd059d3deafc450?s=96&d=mm&r=g\",\"caption\":\"Redazione\"},\"url\":\"https:\\\/\\\/www.italiaisraele.org\\\/?author=2\"}]}<\/script>\r\n<!-- \/ Yoast SEO plugin. -->","yoast_head_json":{"title":"Buonismo e benpensanti ai tempi di Hamas - Federazione Associazioni Italia Israele","robots":{"index":"index","follow":"follow","max-snippet":"max-snippet:-1","max-image-preview":"max-image-preview:large","max-video-preview":"max-video-preview:-1"},"canonical":"https:\/\/www.italiaisraele.org\/?p=4761","og_locale":"it_IT","og_type":"article","og_title":"Buonismo e benpensanti ai tempi di Hamas - Federazione Associazioni Italia Israele","og_description":"di Giuliano Ferrara* Caro Adriano, finch\u00e9 anche un solo combattente di Hamas non si arrender\u00e0, il tempo non cambier\u00e0 la nostra ferma difesa di Israele.Almeno il Papa si ricorda degli ostaggi israeliani.Tu dici, caro Adriano, che l\u2019antisemitismo trionfa e che Israele barcolla. Aggiungi che Tom Friedman l\u2019aveva detto: non entrate a Gaza. Ma dimentichi che [&hellip;]","og_url":"https:\/\/www.italiaisraele.org\/?p=4761","og_site_name":"Federazione Associazioni Italia Israele","article_publisher":"https:\/\/www.facebook.com\/Federazione.Associazioni.Italia.Israele","article_published_time":"2025-08-29T17:12:47+00:00","article_modified_time":"2025-08-29T17:12:56+00:00","og_image":[{"width":384,"height":250,"url":"https:\/\/www.italiaisraele.org\/wp-content\/uploads\/2025\/08\/Image3006.jpg","type":"image\/jpeg"}],"author":"Redazione","twitter_card":"summary_large_image","twitter_misc":{"Scritto da":"Redazione","Tempo di lettura stimato":"6 minuti"},"schema":{"@context":"https:\/\/schema.org","@graph":[{"@type":"Article","@id":"https:\/\/www.italiaisraele.org\/?p=4761#article","isPartOf":{"@id":"https:\/\/www.italiaisraele.org\/?p=4761"},"author":{"name":"Redazione","@id":"https:\/\/www.italiaisraele.org\/#\/schema\/person\/a58663d7e92468eb3e7d158e016946cd"},"headline":"Buonismo e benpensanti ai tempi di Hamas","datePublished":"2025-08-29T17:12:47+00:00","dateModified":"2025-08-29T17:12:56+00:00","mainEntityOfPage":{"@id":"https:\/\/www.italiaisraele.org\/?p=4761"},"wordCount":984,"commentCount":3,"publisher":{"@id":"https:\/\/www.italiaisraele.org\/#organization"},"image":{"@id":"https:\/\/www.italiaisraele.org\/?p=4761#primaryimage"},"thumbnailUrl":"https:\/\/www.italiaisraele.org\/wp-content\/uploads\/2025\/08\/Image3006.jpg","keywords":["Gaza","Giuliano Ferrara","hamas","Israele","palestinesi"],"articleSection":["Approfondimenti"],"inLanguage":"it-IT","potentialAction":[{"@type":"CommentAction","name":"Comment","target":["https:\/\/www.italiaisraele.org\/?p=4761#respond"]}]},{"@type":"WebPage","@id":"https:\/\/www.italiaisraele.org\/?p=4761","url":"https:\/\/www.italiaisraele.org\/?p=4761","name":"Buonismo e benpensanti ai tempi di Hamas - Federazione Associazioni Italia Israele","isPartOf":{"@id":"https:\/\/www.italiaisraele.org\/#website"},"primaryImageOfPage":{"@id":"https:\/\/www.italiaisraele.org\/?p=4761#primaryimage"},"image":{"@id":"https:\/\/www.italiaisraele.org\/?p=4761#primaryimage"},"thumbnailUrl":"https:\/\/www.italiaisraele.org\/wp-content\/uploads\/2025\/08\/Image3006.jpg","datePublished":"2025-08-29T17:12:47+00:00","dateModified":"2025-08-29T17:12:56+00:00","breadcrumb":{"@id":"https:\/\/www.italiaisraele.org\/?p=4761#breadcrumb"},"inLanguage":"it-IT","potentialAction":[{"@type":"ReadAction","target":["https:\/\/www.italiaisraele.org\/?p=4761"]}]},{"@type":"ImageObject","inLanguage":"it-IT","@id":"https:\/\/www.italiaisraele.org\/?p=4761#primaryimage","url":"https:\/\/www.italiaisraele.org\/wp-content\/uploads\/2025\/08\/Image3006.jpg","contentUrl":"https:\/\/www.italiaisraele.org\/wp-content\/uploads\/2025\/08\/Image3006.jpg","width":384,"height":250},{"@type":"BreadcrumbList","@id":"https:\/\/www.italiaisraele.org\/?p=4761#breadcrumb","itemListElement":[{"@type":"ListItem","position":1,"name":"Home","item":"https:\/\/www.italiaisraele.org\/"},{"@type":"ListItem","position":2,"name":"Buonismo e benpensanti ai tempi di Hamas"}]},{"@type":"WebSite","@id":"https:\/\/www.italiaisraele.org\/#website","url":"https:\/\/www.italiaisraele.org\/","name":"News Italia - Israele","description":"Italia Israele Today - Magazine","publisher":{"@id":"https:\/\/www.italiaisraele.org\/#organization"},"potentialAction":[{"@type":"SearchAction","target":{"@type":"EntryPoint","urlTemplate":"https:\/\/www.italiaisraele.org\/?s={search_term_string}"},"query-input":{"@type":"PropertyValueSpecification","valueRequired":true,"valueName":"search_term_string"}}],"inLanguage":"it-IT"},{"@type":"Organization","@id":"https:\/\/www.italiaisraele.org\/#organization","name":"News Italia - Israele","url":"https:\/\/www.italiaisraele.org\/","logo":{"@type":"ImageObject","inLanguage":"it-IT","@id":"https:\/\/www.italiaisraele.org\/#\/schema\/logo\/image\/","url":"https:\/\/www.italiaisraele.org\/wp-content\/uploads\/2024\/02\/cropped-cropped-TESTATA-NEWS-2.jpg","contentUrl":"https:\/\/www.italiaisraele.org\/wp-content\/uploads\/2024\/02\/cropped-cropped-TESTATA-NEWS-2.jpg","width":1918,"height":291,"caption":"News Italia - Israele"},"image":{"@id":"https:\/\/www.italiaisraele.org\/#\/schema\/logo\/image\/"},"sameAs":["https:\/\/www.facebook.com\/Federazione.Associazioni.Italia.Israele"]},{"@type":"Person","@id":"https:\/\/www.italiaisraele.org\/#\/schema\/person\/a58663d7e92468eb3e7d158e016946cd","name":"Redazione","image":{"@type":"ImageObject","inLanguage":"it-IT","@id":"https:\/\/secure.gravatar.com\/avatar\/fe11715b332cc423bb3991a005da4d50b44647eec21b11abddd059d3deafc450?s=96&d=mm&r=g","url":"https:\/\/secure.gravatar.com\/avatar\/fe11715b332cc423bb3991a005da4d50b44647eec21b11abddd059d3deafc450?s=96&d=mm&r=g","contentUrl":"https:\/\/secure.gravatar.com\/avatar\/fe11715b332cc423bb3991a005da4d50b44647eec21b11abddd059d3deafc450?s=96&d=mm&r=g","caption":"Redazione"},"url":"https:\/\/www.italiaisraele.org\/?author=2"}]}},"_links":{"self":[{"href":"https:\/\/www.italiaisraele.org\/index.php?rest_route=\/wp\/v2\/posts\/4761","targetHints":{"allow":["GET"]}}],"collection":[{"href":"https:\/\/www.italiaisraele.org\/index.php?rest_route=\/wp\/v2\/posts"}],"about":[{"href":"https:\/\/www.italiaisraele.org\/index.php?rest_route=\/wp\/v2\/types\/post"}],"author":[{"embeddable":true,"href":"https:\/\/www.italiaisraele.org\/index.php?rest_route=\/wp\/v2\/users\/2"}],"replies":[{"embeddable":true,"href":"https:\/\/www.italiaisraele.org\/index.php?rest_route=%2Fwp%2Fv2%2Fcomments&post=4761"}],"version-history":[{"count":0,"href":"https:\/\/www.italiaisraele.org\/index.php?rest_route=\/wp\/v2\/posts\/4761\/revisions"}],"wp:featuredmedia":[{"embeddable":true,"href":"https:\/\/www.italiaisraele.org\/index.php?rest_route=\/wp\/v2\/media\/4762"}],"wp:attachment":[{"href":"https:\/\/www.italiaisraele.org\/index.php?rest_route=%2Fwp%2Fv2%2Fmedia&parent=4761"}],"wp:term":[{"taxonomy":"category","embeddable":true,"href":"https:\/\/www.italiaisraele.org\/index.php?rest_route=%2Fwp%2Fv2%2Fcategories&post=4761"},{"taxonomy":"post_tag","embeddable":true,"href":"https:\/\/www.italiaisraele.org\/index.php?rest_route=%2Fwp%2Fv2%2Ftags&post=4761"}],"curies":[{"name":"wp","href":"https:\/\/api.w.org\/{rel}","templated":true}]}}