{"id":4591,"date":"2025-07-30T12:26:56","date_gmt":"2025-07-30T10:26:56","guid":{"rendered":"https:\/\/www.italiaisraele.org\/?p=4591"},"modified":"2025-07-30T12:27:04","modified_gmt":"2025-07-30T10:27:04","slug":"andiamoci-piano-a-dire-stato-di-palestina","status":"publish","type":"post","link":"https:\/\/www.italiaisraele.org\/?p=4591","title":{"rendered":"Andiamoci piano a dire &#8220;Stato di Palestina&#8221;"},"content":{"rendered":"\n<p>di <em>Gianni Scipione Rossi<\/em><\/p>\n\n\n\n<p>L\u2019Italia riconosce da decenni e ha relazioni diplomatiche bilaterali con l\u2019Autorit\u00e0 Nazionale Palestinese, che si definisce anche Stato di Palestina. L\u2019Olp di Yasser Arafat proclam\u00f2 l\u2019indipendenza dello Stato da Algeri, nel 1988. Anp e Stato di Palestina sono tuttavia entit\u00e0 solo parzialmente sovrapponibili.<\/p>\n\n\n\n<p>Dopo il ritiro da Gaza deciso da Sharon nel 2025, dal 2007 la Striscia non \u00e8 governata dalla Anp, n\u00e9 dal presunto Stato di Palestina, bens\u00ec da Hamas. L\u2019Anp \u00e8 governata dall\u2019alleanza tra Fatah e partiti minori. Dopo la vittoria militare di Hamas su Fatah a Gaza nel 2007, non si \u00e8 pi\u00f9 votato in Cisgiordania e nella Striscia. Di quale \u201cStato\u201d parliamo?<\/p>\n\n\n\n<p>Ora il presidente francese Macron insiste sul riconoscimento. Giusto, in teoria. Teoricamente il territorio dello Stato di Palestina dovrebbe comprendere Cisgiordania e Gaza. Dovrebbe essere riconosciuto, qualora rappresenti tutti i palestinesi delle due regioni. E ammesso che sia disposto a riconoscere lo Stato di Israele, che a sua volta dovrebbe riconoscerlo, come \u00e8 avvenuto con Giordania ed Egitto. Pu\u00f2 accadere? Ma come? Con quale territorio? Il riconoscimento formale dello Stato di Palestina \u00e8 un obiettivo finalistico. In fondo converrebbe a tutti. Compresi i cittadini israeliani e palestinesi.<\/p>\n\n\n\n<p>Ma la Anp \u00e8 in grado, per quanto la odi, di sconfiggere Hamas e di gestire la Striscia dopo un ritiro israeliano? Il premier della Anp Mohammad Mustafa, intervenendo alla conferenza dell\u2019Onu sulla soluzione a due Stati, ha detto che l\u2019Autorit\u00e0 \u201c\u00e8 pronta ad ospitare e coordinare una forza araba internazionale per stabilizzare Gaza dopo il conflitto\u201d. Mustafa ha chiesto la riunificazione della Striscia di Gaza con la Cisgiordania, compresa Gerusalemme Est, \u201csenza occupazione, assedio, insediamenti, trasferimenti forzati o annessioni\u201d. \u201cDobbiamo ricostruire Gaza con e per il nostro popolo, porre fine all\u2019occupazione, raggiungere l\u2019indipendenza palestinese e attuare la soluzione dei due Stati, in cui Palestina e Israele vivano fianco a fianco in pace e sicurezza, per una pace regionale duratura, sicurezza e prosperit\u00e0\u201d.<\/p>\n\n\n\n<p>Dopo il conflitto, dice il premier. Dunque dopo un credibile accordo di pace nella Striscia. Tuttavia, finora, Hamas non cede e certo non si fa costringere da Fatah. Non va infatti dimenticato che Hamas fa riferimento all\u2019Iran.<\/p>\n\n\n\n<p>Buona volont\u00e0, dunque, da parte della Anp Stato\/non Stato. Detta cos\u00ec si pu\u00f2 tradurre nell\u2019auspicio che Israele sradichi Hamas dalla Striscia, che i Paesi dell\u2019area siano disposti ad accoglierne i resti, che Israele sia disposto a non avere alcuna voce in capitolo nella gestione, quanto meno a termine, di una Gaza priva di Hamas, e infine che sia disponibile a costringere i coloni a lasciare, almeno in parte, la Cisgiordania, come fece Sharon con Gaza.<\/p>\n\n\n\n<p>Visto da lontano sembra tutto ragionevole. Pensare che sia facile \u00e8 illusorio. La strage del 7 ottobre 2023 ha convinto molti israeliani che Sharon abbia sbagliato consentendo ad Hamas di dominare la Striscia con l\u2019obiettivo di distruggere Israele. Fidarsi oggi \u00e8 pi\u00f9 difficile di allora, anche se parte considerevole del popolo israeliano \u00e8 contraria alle posizioni dei partitini messianici che sostengono Netanyahu, per niente disposto a uscire di scena. Certo, Israele \u00e8 una democrazia vera, e si voter\u00e0 per eleggere la nuova Knesset, al pi\u00f9 tardi nel novembre del 2026. Per quanto sembri sempre in bilico, la maggioranza di Netanyahu regge. Certo \u201cBibi\u201d non lascer\u00e0 di sua volont\u00e0. Anche se molti Israeliani lo sperano. \u00c8 dunque probabile che si arrivi alla scadenza naturale del quadriennio.<\/p>\n\n\n\n<p>Questo \u00e8 il contesto, a oggi. Gi\u00e0 domani potrebbe essere diverso. E anche dopodomani. Macron vuole correre. Giorgia Meloni, giustamente, preferisce la prudenza. Mentre continua a crescere nell\u2019opinione pubblica occidentale un antisionismo\/antisemitismo radicale. Anche in Italia. Sempre di pi\u00f9. Indossare la kippah sta diventando pericoloso. Una brutta tendenza che va respinta con forza, se siamo un popolo civile. Ma lo siamo?<\/p>\n\n\n\n<p>Fonte: &#8220;The Social Post\u201d:<\/p>\n\n\n\n<p><a href=\"https:\/\/www.thesocialpost.it\/2025\/07\/29\/stato-di-palestina-la-prudenza-e-dobbligo-ecco-perche\">https:\/\/www.thesocialpost.it\/2025\/07\/29\/stato-di-palestina-la-prudenza-e-dobbligo-ecco-perche<\/a><\/p>\n","protected":false},"excerpt":{"rendered":"<p>di Gianni Scipione Rossi L\u2019Italia riconosce da decenni e ha relazioni diplomatiche bilaterali con l\u2019Autorit\u00e0 Nazionale Palestinese, che si definisce anche Stato di Palestina. L\u2019Olp di Yasser Arafat proclam\u00f2 l\u2019indipendenza dello Stato da Algeri, nel 1988. Anp e Stato di Palestina sono tuttavia entit\u00e0 solo parzialmente sovrapponibili. Dopo il ritiro da Gaza deciso da Sharon [&hellip;]<\/p>\n","protected":false},"author":2,"featured_media":4592,"comment_status":"open","ping_status":"open","sticky":false,"template":"","format":"standard","meta":{"iawp_total_views":47,"footnotes":""},"categories":[4],"tags":[76,18,13],"class_list":["post-4591","post","type-post","status-publish","format-standard","has-post-thumbnail","hentry","category-attualita","tag-diritto-internazionale","tag-hamas","tag-israele"],"yoast_head":"<!-- This site is optimized with the Yoast SEO plugin v27.5 - https:\/\/yoast.com\/product\/yoast-seo-wordpress\/ -->\r\n<title>Andiamoci piano a dire &quot;Stato di Palestina&quot; - Federazione Associazioni Italia Israele<\/title>\r\n<meta name=\"robots\" content=\"index, follow, max-snippet:-1, max-image-preview:large, max-video-preview:-1\" \/>\r\n<link rel=\"canonical\" href=\"https:\/\/www.italiaisraele.org\/?p=4591\" \/>\r\n<meta property=\"og:locale\" content=\"it_IT\" \/>\r\n<meta property=\"og:type\" content=\"article\" \/>\r\n<meta property=\"og:title\" content=\"Andiamoci piano a dire &quot;Stato di Palestina&quot; - Federazione Associazioni Italia Israele\" \/>\r\n<meta property=\"og:description\" content=\"di Gianni Scipione Rossi L\u2019Italia riconosce da decenni e ha relazioni diplomatiche bilaterali con l\u2019Autorit\u00e0 Nazionale Palestinese, che si definisce anche Stato di Palestina. L\u2019Olp di Yasser Arafat proclam\u00f2 l\u2019indipendenza dello Stato da Algeri, nel 1988. Anp e Stato di Palestina sono tuttavia entit\u00e0 solo parzialmente sovrapponibili. Dopo il ritiro da Gaza deciso da Sharon [&hellip;]\" \/>\r\n<meta property=\"og:url\" content=\"https:\/\/www.italiaisraele.org\/?p=4591\" \/>\r\n<meta property=\"og:site_name\" content=\"Federazione Associazioni Italia Israele\" \/>\r\n<meta property=\"article:publisher\" content=\"https:\/\/www.facebook.com\/Federazione.Associazioni.Italia.Israele\" \/>\r\n<meta property=\"article:published_time\" content=\"2025-07-30T10:26:56+00:00\" \/>\r\n<meta property=\"article:modified_time\" content=\"2025-07-30T10:27:04+00:00\" \/>\r\n<meta property=\"og:image\" content=\"https:\/\/www.italiaisraele.org\/wp-content\/uploads\/2025\/07\/istockphoto-1729352276-612x612-1.jpg\" \/>\r\n\t<meta property=\"og:image:width\" content=\"612\" \/>\r\n\t<meta property=\"og:image:height\" content=\"381\" \/>\r\n\t<meta property=\"og:image:type\" content=\"image\/jpeg\" \/>\r\n<meta name=\"author\" content=\"Redazione\" \/>\r\n<meta name=\"twitter:card\" content=\"summary_large_image\" \/>\r\n<meta name=\"twitter:label1\" content=\"Scritto da\" \/>\n\t<meta name=\"twitter:data1\" content=\"Redazione\" \/>\n\t<meta name=\"twitter:label2\" content=\"Tempo di lettura stimato\" \/>\n\t<meta name=\"twitter:data2\" content=\"4 minuti\" \/>\r\n<script type=\"application\/ld+json\" class=\"yoast-schema-graph\">{\"@context\":\"https:\\\/\\\/schema.org\",\"@graph\":[{\"@type\":\"Article\",\"@id\":\"https:\\\/\\\/www.italiaisraele.org\\\/?p=4591#article\",\"isPartOf\":{\"@id\":\"https:\\\/\\\/www.italiaisraele.org\\\/?p=4591\"},\"author\":{\"name\":\"Redazione\",\"@id\":\"https:\\\/\\\/www.italiaisraele.org\\\/#\\\/schema\\\/person\\\/a58663d7e92468eb3e7d158e016946cd\"},\"headline\":\"Andiamoci piano a dire &#8220;Stato di Palestina&#8221;\",\"datePublished\":\"2025-07-30T10:26:56+00:00\",\"dateModified\":\"2025-07-30T10:27:04+00:00\",\"mainEntityOfPage\":{\"@id\":\"https:\\\/\\\/www.italiaisraele.org\\\/?p=4591\"},\"wordCount\":631,\"commentCount\":1,\"publisher\":{\"@id\":\"https:\\\/\\\/www.italiaisraele.org\\\/#organization\"},\"image\":{\"@id\":\"https:\\\/\\\/www.italiaisraele.org\\\/?p=4591#primaryimage\"},\"thumbnailUrl\":\"https:\\\/\\\/www.italiaisraele.org\\\/wp-content\\\/uploads\\\/2025\\\/07\\\/istockphoto-1729352276-612x612-1.jpg\",\"keywords\":[\"diritto internazionale\",\"hamas\",\"Israele\"],\"articleSection\":[\"Attualit\u00e0\"],\"inLanguage\":\"it-IT\",\"potentialAction\":[{\"@type\":\"CommentAction\",\"name\":\"Comment\",\"target\":[\"https:\\\/\\\/www.italiaisraele.org\\\/?p=4591#respond\"]}]},{\"@type\":\"WebPage\",\"@id\":\"https:\\\/\\\/www.italiaisraele.org\\\/?p=4591\",\"url\":\"https:\\\/\\\/www.italiaisraele.org\\\/?p=4591\",\"name\":\"Andiamoci piano a dire \\\"Stato di Palestina\\\" - Federazione Associazioni Italia Israele\",\"isPartOf\":{\"@id\":\"https:\\\/\\\/www.italiaisraele.org\\\/#website\"},\"primaryImageOfPage\":{\"@id\":\"https:\\\/\\\/www.italiaisraele.org\\\/?p=4591#primaryimage\"},\"image\":{\"@id\":\"https:\\\/\\\/www.italiaisraele.org\\\/?p=4591#primaryimage\"},\"thumbnailUrl\":\"https:\\\/\\\/www.italiaisraele.org\\\/wp-content\\\/uploads\\\/2025\\\/07\\\/istockphoto-1729352276-612x612-1.jpg\",\"datePublished\":\"2025-07-30T10:26:56+00:00\",\"dateModified\":\"2025-07-30T10:27:04+00:00\",\"breadcrumb\":{\"@id\":\"https:\\\/\\\/www.italiaisraele.org\\\/?p=4591#breadcrumb\"},\"inLanguage\":\"it-IT\",\"potentialAction\":[{\"@type\":\"ReadAction\",\"target\":[\"https:\\\/\\\/www.italiaisraele.org\\\/?p=4591\"]}]},{\"@type\":\"ImageObject\",\"inLanguage\":\"it-IT\",\"@id\":\"https:\\\/\\\/www.italiaisraele.org\\\/?p=4591#primaryimage\",\"url\":\"https:\\\/\\\/www.italiaisraele.org\\\/wp-content\\\/uploads\\\/2025\\\/07\\\/istockphoto-1729352276-612x612-1.jpg\",\"contentUrl\":\"https:\\\/\\\/www.italiaisraele.org\\\/wp-content\\\/uploads\\\/2025\\\/07\\\/istockphoto-1729352276-612x612-1.jpg\",\"width\":612,\"height\":381,\"caption\":\"Israel vs Palestine (War crisis , Political conflict). Grunge country flag illustration (cracked concrete background)\"},{\"@type\":\"BreadcrumbList\",\"@id\":\"https:\\\/\\\/www.italiaisraele.org\\\/?p=4591#breadcrumb\",\"itemListElement\":[{\"@type\":\"ListItem\",\"position\":1,\"name\":\"Home\",\"item\":\"https:\\\/\\\/www.italiaisraele.org\\\/\"},{\"@type\":\"ListItem\",\"position\":2,\"name\":\"Andiamoci piano a dire &#8220;Stato di Palestina&#8221;\"}]},{\"@type\":\"WebSite\",\"@id\":\"https:\\\/\\\/www.italiaisraele.org\\\/#website\",\"url\":\"https:\\\/\\\/www.italiaisraele.org\\\/\",\"name\":\"News Italia - Israele\",\"description\":\"Italia Israele Today - Magazine\",\"publisher\":{\"@id\":\"https:\\\/\\\/www.italiaisraele.org\\\/#organization\"},\"potentialAction\":[{\"@type\":\"SearchAction\",\"target\":{\"@type\":\"EntryPoint\",\"urlTemplate\":\"https:\\\/\\\/www.italiaisraele.org\\\/?s={search_term_string}\"},\"query-input\":{\"@type\":\"PropertyValueSpecification\",\"valueRequired\":true,\"valueName\":\"search_term_string\"}}],\"inLanguage\":\"it-IT\"},{\"@type\":\"Organization\",\"@id\":\"https:\\\/\\\/www.italiaisraele.org\\\/#organization\",\"name\":\"News Italia - Israele\",\"url\":\"https:\\\/\\\/www.italiaisraele.org\\\/\",\"logo\":{\"@type\":\"ImageObject\",\"inLanguage\":\"it-IT\",\"@id\":\"https:\\\/\\\/www.italiaisraele.org\\\/#\\\/schema\\\/logo\\\/image\\\/\",\"url\":\"https:\\\/\\\/www.italiaisraele.org\\\/wp-content\\\/uploads\\\/2024\\\/02\\\/cropped-cropped-TESTATA-NEWS-2.jpg\",\"contentUrl\":\"https:\\\/\\\/www.italiaisraele.org\\\/wp-content\\\/uploads\\\/2024\\\/02\\\/cropped-cropped-TESTATA-NEWS-2.jpg\",\"width\":1918,\"height\":291,\"caption\":\"News Italia - Israele\"},\"image\":{\"@id\":\"https:\\\/\\\/www.italiaisraele.org\\\/#\\\/schema\\\/logo\\\/image\\\/\"},\"sameAs\":[\"https:\\\/\\\/www.facebook.com\\\/Federazione.Associazioni.Italia.Israele\"]},{\"@type\":\"Person\",\"@id\":\"https:\\\/\\\/www.italiaisraele.org\\\/#\\\/schema\\\/person\\\/a58663d7e92468eb3e7d158e016946cd\",\"name\":\"Redazione\",\"image\":{\"@type\":\"ImageObject\",\"inLanguage\":\"it-IT\",\"@id\":\"https:\\\/\\\/secure.gravatar.com\\\/avatar\\\/fe11715b332cc423bb3991a005da4d50b44647eec21b11abddd059d3deafc450?s=96&d=mm&r=g\",\"url\":\"https:\\\/\\\/secure.gravatar.com\\\/avatar\\\/fe11715b332cc423bb3991a005da4d50b44647eec21b11abddd059d3deafc450?s=96&d=mm&r=g\",\"contentUrl\":\"https:\\\/\\\/secure.gravatar.com\\\/avatar\\\/fe11715b332cc423bb3991a005da4d50b44647eec21b11abddd059d3deafc450?s=96&d=mm&r=g\",\"caption\":\"Redazione\"},\"url\":\"https:\\\/\\\/www.italiaisraele.org\\\/?author=2\"}]}<\/script>\r\n<!-- \/ Yoast SEO plugin. -->","yoast_head_json":{"title":"Andiamoci piano a dire \"Stato di Palestina\" - Federazione Associazioni Italia Israele","robots":{"index":"index","follow":"follow","max-snippet":"max-snippet:-1","max-image-preview":"max-image-preview:large","max-video-preview":"max-video-preview:-1"},"canonical":"https:\/\/www.italiaisraele.org\/?p=4591","og_locale":"it_IT","og_type":"article","og_title":"Andiamoci piano a dire \"Stato di Palestina\" - Federazione Associazioni Italia Israele","og_description":"di Gianni Scipione Rossi L\u2019Italia riconosce da decenni e ha relazioni diplomatiche bilaterali con l\u2019Autorit\u00e0 Nazionale Palestinese, che si definisce anche Stato di Palestina. L\u2019Olp di Yasser Arafat proclam\u00f2 l\u2019indipendenza dello Stato da Algeri, nel 1988. Anp e Stato di Palestina sono tuttavia entit\u00e0 solo parzialmente sovrapponibili. Dopo il ritiro da Gaza deciso da Sharon [&hellip;]","og_url":"https:\/\/www.italiaisraele.org\/?p=4591","og_site_name":"Federazione Associazioni Italia Israele","article_publisher":"https:\/\/www.facebook.com\/Federazione.Associazioni.Italia.Israele","article_published_time":"2025-07-30T10:26:56+00:00","article_modified_time":"2025-07-30T10:27:04+00:00","og_image":[{"width":612,"height":381,"url":"https:\/\/www.italiaisraele.org\/wp-content\/uploads\/2025\/07\/istockphoto-1729352276-612x612-1.jpg","type":"image\/jpeg"}],"author":"Redazione","twitter_card":"summary_large_image","twitter_misc":{"Scritto da":"Redazione","Tempo di lettura stimato":"4 minuti"},"schema":{"@context":"https:\/\/schema.org","@graph":[{"@type":"Article","@id":"https:\/\/www.italiaisraele.org\/?p=4591#article","isPartOf":{"@id":"https:\/\/www.italiaisraele.org\/?p=4591"},"author":{"name":"Redazione","@id":"https:\/\/www.italiaisraele.org\/#\/schema\/person\/a58663d7e92468eb3e7d158e016946cd"},"headline":"Andiamoci piano a dire &#8220;Stato di Palestina&#8221;","datePublished":"2025-07-30T10:26:56+00:00","dateModified":"2025-07-30T10:27:04+00:00","mainEntityOfPage":{"@id":"https:\/\/www.italiaisraele.org\/?p=4591"},"wordCount":631,"commentCount":1,"publisher":{"@id":"https:\/\/www.italiaisraele.org\/#organization"},"image":{"@id":"https:\/\/www.italiaisraele.org\/?p=4591#primaryimage"},"thumbnailUrl":"https:\/\/www.italiaisraele.org\/wp-content\/uploads\/2025\/07\/istockphoto-1729352276-612x612-1.jpg","keywords":["diritto internazionale","hamas","Israele"],"articleSection":["Attualit\u00e0"],"inLanguage":"it-IT","potentialAction":[{"@type":"CommentAction","name":"Comment","target":["https:\/\/www.italiaisraele.org\/?p=4591#respond"]}]},{"@type":"WebPage","@id":"https:\/\/www.italiaisraele.org\/?p=4591","url":"https:\/\/www.italiaisraele.org\/?p=4591","name":"Andiamoci piano a dire \"Stato di Palestina\" - Federazione Associazioni Italia Israele","isPartOf":{"@id":"https:\/\/www.italiaisraele.org\/#website"},"primaryImageOfPage":{"@id":"https:\/\/www.italiaisraele.org\/?p=4591#primaryimage"},"image":{"@id":"https:\/\/www.italiaisraele.org\/?p=4591#primaryimage"},"thumbnailUrl":"https:\/\/www.italiaisraele.org\/wp-content\/uploads\/2025\/07\/istockphoto-1729352276-612x612-1.jpg","datePublished":"2025-07-30T10:26:56+00:00","dateModified":"2025-07-30T10:27:04+00:00","breadcrumb":{"@id":"https:\/\/www.italiaisraele.org\/?p=4591#breadcrumb"},"inLanguage":"it-IT","potentialAction":[{"@type":"ReadAction","target":["https:\/\/www.italiaisraele.org\/?p=4591"]}]},{"@type":"ImageObject","inLanguage":"it-IT","@id":"https:\/\/www.italiaisraele.org\/?p=4591#primaryimage","url":"https:\/\/www.italiaisraele.org\/wp-content\/uploads\/2025\/07\/istockphoto-1729352276-612x612-1.jpg","contentUrl":"https:\/\/www.italiaisraele.org\/wp-content\/uploads\/2025\/07\/istockphoto-1729352276-612x612-1.jpg","width":612,"height":381,"caption":"Israel vs Palestine (War crisis , Political conflict). Grunge country flag illustration (cracked concrete background)"},{"@type":"BreadcrumbList","@id":"https:\/\/www.italiaisraele.org\/?p=4591#breadcrumb","itemListElement":[{"@type":"ListItem","position":1,"name":"Home","item":"https:\/\/www.italiaisraele.org\/"},{"@type":"ListItem","position":2,"name":"Andiamoci piano a dire &#8220;Stato di Palestina&#8221;"}]},{"@type":"WebSite","@id":"https:\/\/www.italiaisraele.org\/#website","url":"https:\/\/www.italiaisraele.org\/","name":"News Italia - Israele","description":"Italia Israele Today - Magazine","publisher":{"@id":"https:\/\/www.italiaisraele.org\/#organization"},"potentialAction":[{"@type":"SearchAction","target":{"@type":"EntryPoint","urlTemplate":"https:\/\/www.italiaisraele.org\/?s={search_term_string}"},"query-input":{"@type":"PropertyValueSpecification","valueRequired":true,"valueName":"search_term_string"}}],"inLanguage":"it-IT"},{"@type":"Organization","@id":"https:\/\/www.italiaisraele.org\/#organization","name":"News Italia - Israele","url":"https:\/\/www.italiaisraele.org\/","logo":{"@type":"ImageObject","inLanguage":"it-IT","@id":"https:\/\/www.italiaisraele.org\/#\/schema\/logo\/image\/","url":"https:\/\/www.italiaisraele.org\/wp-content\/uploads\/2024\/02\/cropped-cropped-TESTATA-NEWS-2.jpg","contentUrl":"https:\/\/www.italiaisraele.org\/wp-content\/uploads\/2024\/02\/cropped-cropped-TESTATA-NEWS-2.jpg","width":1918,"height":291,"caption":"News Italia - Israele"},"image":{"@id":"https:\/\/www.italiaisraele.org\/#\/schema\/logo\/image\/"},"sameAs":["https:\/\/www.facebook.com\/Federazione.Associazioni.Italia.Israele"]},{"@type":"Person","@id":"https:\/\/www.italiaisraele.org\/#\/schema\/person\/a58663d7e92468eb3e7d158e016946cd","name":"Redazione","image":{"@type":"ImageObject","inLanguage":"it-IT","@id":"https:\/\/secure.gravatar.com\/avatar\/fe11715b332cc423bb3991a005da4d50b44647eec21b11abddd059d3deafc450?s=96&d=mm&r=g","url":"https:\/\/secure.gravatar.com\/avatar\/fe11715b332cc423bb3991a005da4d50b44647eec21b11abddd059d3deafc450?s=96&d=mm&r=g","contentUrl":"https:\/\/secure.gravatar.com\/avatar\/fe11715b332cc423bb3991a005da4d50b44647eec21b11abddd059d3deafc450?s=96&d=mm&r=g","caption":"Redazione"},"url":"https:\/\/www.italiaisraele.org\/?author=2"}]}},"_links":{"self":[{"href":"https:\/\/www.italiaisraele.org\/index.php?rest_route=\/wp\/v2\/posts\/4591","targetHints":{"allow":["GET"]}}],"collection":[{"href":"https:\/\/www.italiaisraele.org\/index.php?rest_route=\/wp\/v2\/posts"}],"about":[{"href":"https:\/\/www.italiaisraele.org\/index.php?rest_route=\/wp\/v2\/types\/post"}],"author":[{"embeddable":true,"href":"https:\/\/www.italiaisraele.org\/index.php?rest_route=\/wp\/v2\/users\/2"}],"replies":[{"embeddable":true,"href":"https:\/\/www.italiaisraele.org\/index.php?rest_route=%2Fwp%2Fv2%2Fcomments&post=4591"}],"version-history":[{"count":0,"href":"https:\/\/www.italiaisraele.org\/index.php?rest_route=\/wp\/v2\/posts\/4591\/revisions"}],"wp:featuredmedia":[{"embeddable":true,"href":"https:\/\/www.italiaisraele.org\/index.php?rest_route=\/wp\/v2\/media\/4592"}],"wp:attachment":[{"href":"https:\/\/www.italiaisraele.org\/index.php?rest_route=%2Fwp%2Fv2%2Fmedia&parent=4591"}],"wp:term":[{"taxonomy":"category","embeddable":true,"href":"https:\/\/www.italiaisraele.org\/index.php?rest_route=%2Fwp%2Fv2%2Fcategories&post=4591"},{"taxonomy":"post_tag","embeddable":true,"href":"https:\/\/www.italiaisraele.org\/index.php?rest_route=%2Fwp%2Fv2%2Ftags&post=4591"}],"curies":[{"name":"wp","href":"https:\/\/api.w.org\/{rel}","templated":true}]}}