{"id":4584,"date":"2025-07-30T11:57:45","date_gmt":"2025-07-30T09:57:45","guid":{"rendered":"https:\/\/www.italiaisraele.org\/?p=4584"},"modified":"2025-07-30T11:57:53","modified_gmt":"2025-07-30T09:57:53","slug":"i-due-netanyahu","status":"publish","type":"post","link":"https:\/\/www.italiaisraele.org\/?p=4584","title":{"rendered":"I due Netanyahu"},"content":{"rendered":"\n<p>di<em> Francesco Lucrezi<\/em><\/p>\n\n\n\n<p>Il premier israeliano Netanyahu, probabilmente, \u00e8 l\u2019uomo politico pi\u00f9 criticato, deprecato,<br>vituperato, odiato del mondo. Molti lo vorrebbero vedere in prigione, molti altri preferirebbero<br>vederlo morto.<br>Potrebbe bastare questo, per spirito di contraddizione, a provare per lui qualche forma, non dico di<br>simpatia, ma di sottile solidariet\u00e0? O, almeno, una sorta di cauta sospensione di giudizio? Prima di rispondere a questa domanda, bisogna chiarire che di Netanyahu ce ne sono due, nettamente distinti.<br>Il primo \u00e8 una persona fisica vera, reale, che si trova a svolgere un ruolo politico particolarmente importante e delicato. Come ogni essere umano, e soprattutto ogni uomo politico, anch\u2019egli, ovviamente, pu\u00f2 (e, in democrazia, deve) essere criticato. Guai se non fosse cos\u00ec. Per quel poco che vale il mio giudizio, gi\u00e0 da prima che salisse alla carica di premier (quando era, per esempio, ambasciatore alle Nazioni Unite), molte sue esternazioni mi lasciavano perplesso, anche se ne ammiravo la spiccata personalit\u00e0 e l\u2019indubbia energia. E come non associarlo, poi, alla memoria del suo grande fratello, eroe di guerra, Jonathan?<br>Poi il mio giudizio \u00e8 nettamente peggiorato, quando, per esempio, come leader dell\u2019opposizione, eccitava masse inferocite contro il premier Rabin, e poi quando, da premier, mostr\u00f2 di avere appreso perfettamente dal suo nemico Arafat l\u2019arte di parlare in due lingue diverse, a seconda degli ascoltatori: in inglese per gli americani e gli europei e in ebraico per gli israeliani, dicendo sempre cose completamente diverse (Arafat, ovviamente, alternava l\u2019inglese e l\u2019arabo). Il giudizio \u00e8 poi precipitato quando, con l\u2019ultimo, orrendo governo, si \u00e8 alleato con razzisti antisionisti e ha cominciato a smantellare l\u2019impalcatura costituzionale di Israele, picconandone i millenari valori, la natura di stato di diritto, la divisione dei poteri. Ho condannato aspramente, poi, il suo rifiuto di assumersi le enormi responsabilit\u00e0 politiche per il disastro del Sette ottobre, cos\u00ec come la gestione della crisi umanitaria a Gaza (nella pur necessaria operazione militare).<br>Ma tant\u2019\u00e8. Il mio giudizio, come detto, conta poco, \u00e8 uno tra i tanti. Stiamo parlando, comunque, di<br>un uomo, niente di pi\u00f9, e gli uomini sono tutti imperfetti, chi pi\u00f9 chi meno. Ma c\u2019\u00e8 un altro Netanyahu, che non \u00e8 un uomo, ma un fantasma.<\/p>\n\n\n\n<figure class=\"wp-block-image size-full is-resized\"><img loading=\"lazy\" decoding=\"async\" width=\"275\" height=\"183\" src=\"https:\/\/www.italiaisraele.org\/wp-content\/uploads\/2025\/07\/images-6.jpg\" alt=\"\" class=\"wp-image-4586\" style=\"width:413px;height:auto\"\/><\/figure>\n\n\n\n<p>\u00c8 quello il cui volto, su un enorme manifesto affisso nella piazza centrale di Gaza, raffigurato con una smorfia satanica, e con denti aguzzi colanti sangue, faceva da sfondo alle bare dei fratellini Bibas e della loro madre (in realt\u00e0 poi si scopr\u00ec che non era lei), restituite in uno scambio di prigionieri (molti vivi in cambio di pochi morti, come al solito). \u00c8 quello il cui volto mostruoso viene raffigurato, come \u201cebreo aberrante\u201d, quasi ogni giorno, sulle vignette del Fatto Quotidiano e di tante altre testaste di analoga levatura. \u00c8 il Dracula impalatore e vampiro, il Giuda che ha venduto Ges\u00f9, il Caifa che ne ha decretato la morte, lo Shylock che vuole la sua libbra di carne, il rabbino che frigge le ostie consacrate o che usa il sangue dei bambini ebrei per fare le azzime, il Dreyfuss traditore, l\u2019avido usuraio, il capitalista affamatore, il comunista senza dio, il puro distillato della razza maledetta.<br>Questo secondo Netanyahu, ripeto, non \u00e8 un uomo, non esiste come persona fisica. \u00c8 la maschera di<br>un fantasma senza volto (anzi, con migliaia di volti), che esiste da duemila anni. Il primo Netanyahu, quando Dio decider\u00e0, finir\u00e0 la sua vita terrena. E, come dice l\u2019Antonio di Shakespeare, quando un uomo muore, il male che ha fatto rester\u00e0, mentre il bene sar\u00e0 sepolto con le sue ossa. Ci\u00f2 varr\u00e0, inesorabilmente, anche per lui.<br>Il secondo, come tutti i fantasmi, morir\u00e0 solo quando la gente smetter\u00e0 di crederci, e il giorno sembra ancora molto lontano.<br>Di quale vogliamo parlare, del primo o del secondo?<\/p>\n\n\n\n<p><\/p>\n","protected":false},"excerpt":{"rendered":"<p>di Francesco Lucrezi Il premier israeliano Netanyahu, probabilmente, \u00e8 l\u2019uomo politico pi\u00f9 criticato, deprecato,vituperato, odiato del mondo. Molti lo vorrebbero vedere in prigione, molti altri preferirebberovederlo morto.Potrebbe bastare questo, per spirito di contraddizione, a provare per lui qualche forma, non dico disimpatia, ma di sottile solidariet\u00e0? O, almeno, una sorta di cauta sospensione di giudizio? [&hellip;]<\/p>\n","protected":false},"author":2,"featured_media":4585,"comment_status":"open","ping_status":"open","sticky":false,"template":"","format":"standard","meta":{"iawp_total_views":144,"footnotes":""},"categories":[4],"tags":[885,56,18,13],"class_list":["post-4584","post","type-post","status-publish","format-standard","has-post-thumbnail","hentry","category-attualita","tag-benjamin-netanyahu","tag-gaza","tag-hamas","tag-israele"],"yoast_head":"<!-- This site is optimized with the Yoast SEO plugin v27.5 - https:\/\/yoast.com\/product\/yoast-seo-wordpress\/ -->\r\n<title>I due Netanyahu - Federazione Associazioni Italia Israele<\/title>\r\n<meta name=\"robots\" content=\"index, follow, max-snippet:-1, max-image-preview:large, max-video-preview:-1\" \/>\r\n<link rel=\"canonical\" href=\"https:\/\/www.italiaisraele.org\/?p=4584\" \/>\r\n<meta property=\"og:locale\" content=\"it_IT\" \/>\r\n<meta property=\"og:type\" content=\"article\" \/>\r\n<meta property=\"og:title\" content=\"I due Netanyahu - Federazione Associazioni Italia Israele\" \/>\r\n<meta property=\"og:description\" content=\"di Francesco Lucrezi Il premier israeliano Netanyahu, probabilmente, \u00e8 l\u2019uomo politico pi\u00f9 criticato, deprecato,vituperato, odiato del mondo. Molti lo vorrebbero vedere in prigione, molti altri preferirebberovederlo morto.Potrebbe bastare questo, per spirito di contraddizione, a provare per lui qualche forma, non dico disimpatia, ma di sottile solidariet\u00e0? O, almeno, una sorta di cauta sospensione di giudizio? [&hellip;]\" \/>\r\n<meta property=\"og:url\" content=\"https:\/\/www.italiaisraele.org\/?p=4584\" \/>\r\n<meta property=\"og:site_name\" content=\"Federazione Associazioni Italia Israele\" \/>\r\n<meta property=\"article:publisher\" content=\"https:\/\/www.facebook.com\/Federazione.Associazioni.Italia.Israele\" \/>\r\n<meta property=\"article:published_time\" content=\"2025-07-30T09:57:45+00:00\" \/>\r\n<meta property=\"article:modified_time\" content=\"2025-07-30T09:57:53+00:00\" \/>\r\n<meta property=\"og:image\" content=\"https:\/\/www.italiaisraele.org\/wp-content\/uploads\/2025\/07\/obb-1024x640-1.jpg\" \/>\r\n\t<meta property=\"og:image:width\" content=\"1024\" \/>\r\n\t<meta property=\"og:image:height\" content=\"640\" \/>\r\n\t<meta property=\"og:image:type\" content=\"image\/jpeg\" \/>\r\n<meta name=\"author\" content=\"Redazione\" \/>\r\n<meta name=\"twitter:card\" content=\"summary_large_image\" \/>\r\n<meta name=\"twitter:label1\" content=\"Scritto da\" \/>\n\t<meta name=\"twitter:data1\" content=\"Redazione\" \/>\n\t<meta name=\"twitter:label2\" content=\"Tempo di lettura stimato\" \/>\n\t<meta name=\"twitter:data2\" content=\"4 minuti\" \/>\r\n<script type=\"application\/ld+json\" class=\"yoast-schema-graph\">{\"@context\":\"https:\\\/\\\/schema.org\",\"@graph\":[{\"@type\":\"Article\",\"@id\":\"https:\\\/\\\/www.italiaisraele.org\\\/?p=4584#article\",\"isPartOf\":{\"@id\":\"https:\\\/\\\/www.italiaisraele.org\\\/?p=4584\"},\"author\":{\"name\":\"Redazione\",\"@id\":\"https:\\\/\\\/www.italiaisraele.org\\\/#\\\/schema\\\/person\\\/a58663d7e92468eb3e7d158e016946cd\"},\"headline\":\"I due Netanyahu\",\"datePublished\":\"2025-07-30T09:57:45+00:00\",\"dateModified\":\"2025-07-30T09:57:53+00:00\",\"mainEntityOfPage\":{\"@id\":\"https:\\\/\\\/www.italiaisraele.org\\\/?p=4584\"},\"wordCount\":620,\"commentCount\":1,\"publisher\":{\"@id\":\"https:\\\/\\\/www.italiaisraele.org\\\/#organization\"},\"image\":{\"@id\":\"https:\\\/\\\/www.italiaisraele.org\\\/?p=4584#primaryimage\"},\"thumbnailUrl\":\"https:\\\/\\\/www.italiaisraele.org\\\/wp-content\\\/uploads\\\/2025\\\/07\\\/obb-1024x640-1.jpg\",\"keywords\":[\"Benjamin Netanyahu\",\"Gaza\",\"hamas\",\"Israele\"],\"articleSection\":[\"Attualit\u00e0\"],\"inLanguage\":\"it-IT\",\"potentialAction\":[{\"@type\":\"CommentAction\",\"name\":\"Comment\",\"target\":[\"https:\\\/\\\/www.italiaisraele.org\\\/?p=4584#respond\"]}]},{\"@type\":\"WebPage\",\"@id\":\"https:\\\/\\\/www.italiaisraele.org\\\/?p=4584\",\"url\":\"https:\\\/\\\/www.italiaisraele.org\\\/?p=4584\",\"name\":\"I due Netanyahu - Federazione Associazioni Italia Israele\",\"isPartOf\":{\"@id\":\"https:\\\/\\\/www.italiaisraele.org\\\/#website\"},\"primaryImageOfPage\":{\"@id\":\"https:\\\/\\\/www.italiaisraele.org\\\/?p=4584#primaryimage\"},\"image\":{\"@id\":\"https:\\\/\\\/www.italiaisraele.org\\\/?p=4584#primaryimage\"},\"thumbnailUrl\":\"https:\\\/\\\/www.italiaisraele.org\\\/wp-content\\\/uploads\\\/2025\\\/07\\\/obb-1024x640-1.jpg\",\"datePublished\":\"2025-07-30T09:57:45+00:00\",\"dateModified\":\"2025-07-30T09:57:53+00:00\",\"breadcrumb\":{\"@id\":\"https:\\\/\\\/www.italiaisraele.org\\\/?p=4584#breadcrumb\"},\"inLanguage\":\"it-IT\",\"potentialAction\":[{\"@type\":\"ReadAction\",\"target\":[\"https:\\\/\\\/www.italiaisraele.org\\\/?p=4584\"]}]},{\"@type\":\"ImageObject\",\"inLanguage\":\"it-IT\",\"@id\":\"https:\\\/\\\/www.italiaisraele.org\\\/?p=4584#primaryimage\",\"url\":\"https:\\\/\\\/www.italiaisraele.org\\\/wp-content\\\/uploads\\\/2025\\\/07\\\/obb-1024x640-1.jpg\",\"contentUrl\":\"https:\\\/\\\/www.italiaisraele.org\\\/wp-content\\\/uploads\\\/2025\\\/07\\\/obb-1024x640-1.jpg\",\"width\":1024,\"height\":640},{\"@type\":\"BreadcrumbList\",\"@id\":\"https:\\\/\\\/www.italiaisraele.org\\\/?p=4584#breadcrumb\",\"itemListElement\":[{\"@type\":\"ListItem\",\"position\":1,\"name\":\"Home\",\"item\":\"https:\\\/\\\/www.italiaisraele.org\\\/\"},{\"@type\":\"ListItem\",\"position\":2,\"name\":\"I due Netanyahu\"}]},{\"@type\":\"WebSite\",\"@id\":\"https:\\\/\\\/www.italiaisraele.org\\\/#website\",\"url\":\"https:\\\/\\\/www.italiaisraele.org\\\/\",\"name\":\"News Italia - Israele\",\"description\":\"Italia Israele Today - Magazine\",\"publisher\":{\"@id\":\"https:\\\/\\\/www.italiaisraele.org\\\/#organization\"},\"potentialAction\":[{\"@type\":\"SearchAction\",\"target\":{\"@type\":\"EntryPoint\",\"urlTemplate\":\"https:\\\/\\\/www.italiaisraele.org\\\/?s={search_term_string}\"},\"query-input\":{\"@type\":\"PropertyValueSpecification\",\"valueRequired\":true,\"valueName\":\"search_term_string\"}}],\"inLanguage\":\"it-IT\"},{\"@type\":\"Organization\",\"@id\":\"https:\\\/\\\/www.italiaisraele.org\\\/#organization\",\"name\":\"News Italia - Israele\",\"url\":\"https:\\\/\\\/www.italiaisraele.org\\\/\",\"logo\":{\"@type\":\"ImageObject\",\"inLanguage\":\"it-IT\",\"@id\":\"https:\\\/\\\/www.italiaisraele.org\\\/#\\\/schema\\\/logo\\\/image\\\/\",\"url\":\"https:\\\/\\\/www.italiaisraele.org\\\/wp-content\\\/uploads\\\/2024\\\/02\\\/cropped-cropped-TESTATA-NEWS-2.jpg\",\"contentUrl\":\"https:\\\/\\\/www.italiaisraele.org\\\/wp-content\\\/uploads\\\/2024\\\/02\\\/cropped-cropped-TESTATA-NEWS-2.jpg\",\"width\":1918,\"height\":291,\"caption\":\"News Italia - Israele\"},\"image\":{\"@id\":\"https:\\\/\\\/www.italiaisraele.org\\\/#\\\/schema\\\/logo\\\/image\\\/\"},\"sameAs\":[\"https:\\\/\\\/www.facebook.com\\\/Federazione.Associazioni.Italia.Israele\"]},{\"@type\":\"Person\",\"@id\":\"https:\\\/\\\/www.italiaisraele.org\\\/#\\\/schema\\\/person\\\/a58663d7e92468eb3e7d158e016946cd\",\"name\":\"Redazione\",\"image\":{\"@type\":\"ImageObject\",\"inLanguage\":\"it-IT\",\"@id\":\"https:\\\/\\\/secure.gravatar.com\\\/avatar\\\/fe11715b332cc423bb3991a005da4d50b44647eec21b11abddd059d3deafc450?s=96&d=mm&r=g\",\"url\":\"https:\\\/\\\/secure.gravatar.com\\\/avatar\\\/fe11715b332cc423bb3991a005da4d50b44647eec21b11abddd059d3deafc450?s=96&d=mm&r=g\",\"contentUrl\":\"https:\\\/\\\/secure.gravatar.com\\\/avatar\\\/fe11715b332cc423bb3991a005da4d50b44647eec21b11abddd059d3deafc450?s=96&d=mm&r=g\",\"caption\":\"Redazione\"},\"url\":\"https:\\\/\\\/www.italiaisraele.org\\\/?author=2\"}]}<\/script>\r\n<!-- \/ Yoast SEO plugin. -->","yoast_head_json":{"title":"I due Netanyahu - Federazione Associazioni Italia Israele","robots":{"index":"index","follow":"follow","max-snippet":"max-snippet:-1","max-image-preview":"max-image-preview:large","max-video-preview":"max-video-preview:-1"},"canonical":"https:\/\/www.italiaisraele.org\/?p=4584","og_locale":"it_IT","og_type":"article","og_title":"I due Netanyahu - Federazione Associazioni Italia Israele","og_description":"di Francesco Lucrezi Il premier israeliano Netanyahu, probabilmente, \u00e8 l\u2019uomo politico pi\u00f9 criticato, deprecato,vituperato, odiato del mondo. Molti lo vorrebbero vedere in prigione, molti altri preferirebberovederlo morto.Potrebbe bastare questo, per spirito di contraddizione, a provare per lui qualche forma, non dico disimpatia, ma di sottile solidariet\u00e0? O, almeno, una sorta di cauta sospensione di giudizio? [&hellip;]","og_url":"https:\/\/www.italiaisraele.org\/?p=4584","og_site_name":"Federazione Associazioni Italia Israele","article_publisher":"https:\/\/www.facebook.com\/Federazione.Associazioni.Italia.Israele","article_published_time":"2025-07-30T09:57:45+00:00","article_modified_time":"2025-07-30T09:57:53+00:00","og_image":[{"width":1024,"height":640,"url":"https:\/\/www.italiaisraele.org\/wp-content\/uploads\/2025\/07\/obb-1024x640-1.jpg","type":"image\/jpeg"}],"author":"Redazione","twitter_card":"summary_large_image","twitter_misc":{"Scritto da":"Redazione","Tempo di lettura stimato":"4 minuti"},"schema":{"@context":"https:\/\/schema.org","@graph":[{"@type":"Article","@id":"https:\/\/www.italiaisraele.org\/?p=4584#article","isPartOf":{"@id":"https:\/\/www.italiaisraele.org\/?p=4584"},"author":{"name":"Redazione","@id":"https:\/\/www.italiaisraele.org\/#\/schema\/person\/a58663d7e92468eb3e7d158e016946cd"},"headline":"I due Netanyahu","datePublished":"2025-07-30T09:57:45+00:00","dateModified":"2025-07-30T09:57:53+00:00","mainEntityOfPage":{"@id":"https:\/\/www.italiaisraele.org\/?p=4584"},"wordCount":620,"commentCount":1,"publisher":{"@id":"https:\/\/www.italiaisraele.org\/#organization"},"image":{"@id":"https:\/\/www.italiaisraele.org\/?p=4584#primaryimage"},"thumbnailUrl":"https:\/\/www.italiaisraele.org\/wp-content\/uploads\/2025\/07\/obb-1024x640-1.jpg","keywords":["Benjamin Netanyahu","Gaza","hamas","Israele"],"articleSection":["Attualit\u00e0"],"inLanguage":"it-IT","potentialAction":[{"@type":"CommentAction","name":"Comment","target":["https:\/\/www.italiaisraele.org\/?p=4584#respond"]}]},{"@type":"WebPage","@id":"https:\/\/www.italiaisraele.org\/?p=4584","url":"https:\/\/www.italiaisraele.org\/?p=4584","name":"I due Netanyahu - Federazione Associazioni Italia Israele","isPartOf":{"@id":"https:\/\/www.italiaisraele.org\/#website"},"primaryImageOfPage":{"@id":"https:\/\/www.italiaisraele.org\/?p=4584#primaryimage"},"image":{"@id":"https:\/\/www.italiaisraele.org\/?p=4584#primaryimage"},"thumbnailUrl":"https:\/\/www.italiaisraele.org\/wp-content\/uploads\/2025\/07\/obb-1024x640-1.jpg","datePublished":"2025-07-30T09:57:45+00:00","dateModified":"2025-07-30T09:57:53+00:00","breadcrumb":{"@id":"https:\/\/www.italiaisraele.org\/?p=4584#breadcrumb"},"inLanguage":"it-IT","potentialAction":[{"@type":"ReadAction","target":["https:\/\/www.italiaisraele.org\/?p=4584"]}]},{"@type":"ImageObject","inLanguage":"it-IT","@id":"https:\/\/www.italiaisraele.org\/?p=4584#primaryimage","url":"https:\/\/www.italiaisraele.org\/wp-content\/uploads\/2025\/07\/obb-1024x640-1.jpg","contentUrl":"https:\/\/www.italiaisraele.org\/wp-content\/uploads\/2025\/07\/obb-1024x640-1.jpg","width":1024,"height":640},{"@type":"BreadcrumbList","@id":"https:\/\/www.italiaisraele.org\/?p=4584#breadcrumb","itemListElement":[{"@type":"ListItem","position":1,"name":"Home","item":"https:\/\/www.italiaisraele.org\/"},{"@type":"ListItem","position":2,"name":"I due Netanyahu"}]},{"@type":"WebSite","@id":"https:\/\/www.italiaisraele.org\/#website","url":"https:\/\/www.italiaisraele.org\/","name":"News Italia - Israele","description":"Italia Israele Today - Magazine","publisher":{"@id":"https:\/\/www.italiaisraele.org\/#organization"},"potentialAction":[{"@type":"SearchAction","target":{"@type":"EntryPoint","urlTemplate":"https:\/\/www.italiaisraele.org\/?s={search_term_string}"},"query-input":{"@type":"PropertyValueSpecification","valueRequired":true,"valueName":"search_term_string"}}],"inLanguage":"it-IT"},{"@type":"Organization","@id":"https:\/\/www.italiaisraele.org\/#organization","name":"News Italia - Israele","url":"https:\/\/www.italiaisraele.org\/","logo":{"@type":"ImageObject","inLanguage":"it-IT","@id":"https:\/\/www.italiaisraele.org\/#\/schema\/logo\/image\/","url":"https:\/\/www.italiaisraele.org\/wp-content\/uploads\/2024\/02\/cropped-cropped-TESTATA-NEWS-2.jpg","contentUrl":"https:\/\/www.italiaisraele.org\/wp-content\/uploads\/2024\/02\/cropped-cropped-TESTATA-NEWS-2.jpg","width":1918,"height":291,"caption":"News Italia - Israele"},"image":{"@id":"https:\/\/www.italiaisraele.org\/#\/schema\/logo\/image\/"},"sameAs":["https:\/\/www.facebook.com\/Federazione.Associazioni.Italia.Israele"]},{"@type":"Person","@id":"https:\/\/www.italiaisraele.org\/#\/schema\/person\/a58663d7e92468eb3e7d158e016946cd","name":"Redazione","image":{"@type":"ImageObject","inLanguage":"it-IT","@id":"https:\/\/secure.gravatar.com\/avatar\/fe11715b332cc423bb3991a005da4d50b44647eec21b11abddd059d3deafc450?s=96&d=mm&r=g","url":"https:\/\/secure.gravatar.com\/avatar\/fe11715b332cc423bb3991a005da4d50b44647eec21b11abddd059d3deafc450?s=96&d=mm&r=g","contentUrl":"https:\/\/secure.gravatar.com\/avatar\/fe11715b332cc423bb3991a005da4d50b44647eec21b11abddd059d3deafc450?s=96&d=mm&r=g","caption":"Redazione"},"url":"https:\/\/www.italiaisraele.org\/?author=2"}]}},"_links":{"self":[{"href":"https:\/\/www.italiaisraele.org\/index.php?rest_route=\/wp\/v2\/posts\/4584","targetHints":{"allow":["GET"]}}],"collection":[{"href":"https:\/\/www.italiaisraele.org\/index.php?rest_route=\/wp\/v2\/posts"}],"about":[{"href":"https:\/\/www.italiaisraele.org\/index.php?rest_route=\/wp\/v2\/types\/post"}],"author":[{"embeddable":true,"href":"https:\/\/www.italiaisraele.org\/index.php?rest_route=\/wp\/v2\/users\/2"}],"replies":[{"embeddable":true,"href":"https:\/\/www.italiaisraele.org\/index.php?rest_route=%2Fwp%2Fv2%2Fcomments&post=4584"}],"version-history":[{"count":0,"href":"https:\/\/www.italiaisraele.org\/index.php?rest_route=\/wp\/v2\/posts\/4584\/revisions"}],"wp:featuredmedia":[{"embeddable":true,"href":"https:\/\/www.italiaisraele.org\/index.php?rest_route=\/wp\/v2\/media\/4585"}],"wp:attachment":[{"href":"https:\/\/www.italiaisraele.org\/index.php?rest_route=%2Fwp%2Fv2%2Fmedia&parent=4584"}],"wp:term":[{"taxonomy":"category","embeddable":true,"href":"https:\/\/www.italiaisraele.org\/index.php?rest_route=%2Fwp%2Fv2%2Fcategories&post=4584"},{"taxonomy":"post_tag","embeddable":true,"href":"https:\/\/www.italiaisraele.org\/index.php?rest_route=%2Fwp%2Fv2%2Ftags&post=4584"}],"curies":[{"name":"wp","href":"https:\/\/api.w.org\/{rel}","templated":true}]}}