{"id":4566,"date":"2025-07-29T23:40:42","date_gmt":"2025-07-29T21:40:42","guid":{"rendered":"https:\/\/www.italiaisraele.org\/?p=4566"},"modified":"2025-07-30T00:23:15","modified_gmt":"2025-07-29T22:23:15","slug":"genova-il-consiglio-comunale-dichiara-guerra-a-israele","status":"publish","type":"post","link":"https:\/\/www.italiaisraele.org\/?p=4566","title":{"rendered":"Genova, il consiglio comunale dichiara guerra a Israele"},"content":{"rendered":"\n<p>di Giuseppe Crimaldi<\/p>\n\n\n\n<p>Anche Genova. Anche la citt\u00e0 dalla nobile tradizione marinara, quella dei traffici verso le sponde di Levante e verso le Americhe, adesso ripudia Israele. Che triste notizia leggere che il Comune del capoluogo ligure riconosce lo Stato di Palestina, una entit\u00e0 che non c&#8217;\u00e8, n\u00e9 potr\u00e0 mai esistere almeno fino a quando Hamas non liberer\u00e0 Gaza e i poveri ostaggi civili israeliani dei quali ormai nessuno parla pi\u00f9, quasi fossero stracci di pelle umana (vivi o morti che siano) abbandonati in qualche freezer dai tagliagole islamici.<\/p>\n\n\n\n<p>Tu quoque, Genova. Come Napoli, d&#8217;altronde, altra citt\u00e0 di mare di nobili tradizioni e di tolleranza. Cos\u00ec viene da chiedersi dove sia finita la memoria, e soprattutto il buon senso. Qui non entriamo nel merito delle modalit\u00e0 con cui il governo israeliano sta conducendo una guerra che tutti vorremmo fosse gi\u00e0 finita. No. Ma \u00e8 cos\u00ec che funziona ormai: i politici &#8220;progressisti&#8221; e pacifinti emendano la propria coscienza con una delibera, mettendo la testa sotto la sabbia, tanto a loro non costa nulla, anzi, fa tanto consenso. e chi se ne fotte del 7 ottobre.<\/p>\n\n\n\n<p>La nuova sindaca di Genova interrompe cos\u00ec una tradizione di profonda amicizia tra i genovesi e gli israeliani con la solita, facile equazione: gli israeliani, in quanto israeliani, sono dei persecutori, affamatori di vecchi e bambini, usurpatori di una terra che non \u00e8 mai appartenuta ai palestinesi se non nella mente deviata di certi cattivi maestri degni di affiancarsi agli odiatori seriali dell&#8217;Occidente, se non a Goebbels. Per fortuna che alla Regione Liguria c&#8217;\u00e8 un presidente che si chiama Bucci, Marco Bucci. E che nel Consiglio regionale della Liguria ci sono ancora politici che non si piegano alla propaganda volgare, sguaiata dei propal un tanto al chilo. Uno di questi si chiama Angelo Vaccarezza. Uno dei pochi sobri rimasti in Liguria. Per fortuna che la Regione \u00e8 ancora in grado che ci sia qualcuno che \u00e8 riuscito a respingere la mozione presentata dall&#8217;immancabile pentastellato che impegnava la giunta a sospendere la cooperazione con Israele ed a sollecitare il governo nazionale a sospendere gli accordi UE-Israele. E menomale che ci sono uomini e donne coraggiosi come i presidenti delle associazioni Italia Israele.<\/p>\n","protected":false},"excerpt":{"rendered":"<p>di Giuseppe Crimaldi Anche Genova. Anche la citt\u00e0 dalla nobile tradizione marinara, quella dei traffici verso le sponde di Levante e verso le Americhe, adesso ripudia Israele. Che triste notizia leggere che il Comune del capoluogo ligure riconosce lo Stato di Palestina, una entit\u00e0 che non c&#8217;\u00e8, n\u00e9 potr\u00e0 mai esistere almeno fino a quando [&hellip;]<\/p>\n","protected":false},"author":4,"featured_media":4567,"comment_status":"open","ping_status":"open","sticky":false,"template":"","format":"standard","meta":{"iawp_total_views":197,"footnotes":""},"categories":[4],"tags":[806,835,877,878],"class_list":["post-4566","post","type-post","status-publish","format-standard","has-post-thumbnail","hentry","category-attualita","tag-angelo-vaccarezza","tag-boicottaggio","tag-genova","tag-silvia-salis"],"yoast_head":"<!-- This site is optimized with the Yoast SEO plugin v27.5 - https:\/\/yoast.com\/product\/yoast-seo-wordpress\/ -->\r\n<title>Genova, il consiglio comunale dichiara guerra a Israele - Federazione Associazioni Italia Israele<\/title>\r\n<meta name=\"robots\" content=\"index, follow, max-snippet:-1, max-image-preview:large, max-video-preview:-1\" \/>\r\n<link rel=\"canonical\" href=\"https:\/\/www.italiaisraele.org\/?p=4566\" \/>\r\n<meta property=\"og:locale\" content=\"it_IT\" \/>\r\n<meta property=\"og:type\" content=\"article\" \/>\r\n<meta property=\"og:title\" content=\"Genova, il consiglio comunale dichiara guerra a Israele - Federazione Associazioni Italia Israele\" \/>\r\n<meta property=\"og:description\" content=\"di Giuseppe Crimaldi Anche Genova. Anche la citt\u00e0 dalla nobile tradizione marinara, quella dei traffici verso le sponde di Levante e verso le Americhe, adesso ripudia Israele. Che triste notizia leggere che il Comune del capoluogo ligure riconosce lo Stato di Palestina, una entit\u00e0 che non c&#8217;\u00e8, n\u00e9 potr\u00e0 mai esistere almeno fino a quando [&hellip;]\" \/>\r\n<meta property=\"og:url\" content=\"https:\/\/www.italiaisraele.org\/?p=4566\" \/>\r\n<meta property=\"og:site_name\" content=\"Federazione Associazioni Italia Israele\" \/>\r\n<meta property=\"article:publisher\" content=\"https:\/\/www.facebook.com\/Federazione.Associazioni.Italia.Israele\" \/>\r\n<meta property=\"article:published_time\" content=\"2025-07-29T21:40:42+00:00\" \/>\r\n<meta property=\"article:modified_time\" content=\"2025-07-29T22:23:15+00:00\" \/>\r\n<meta property=\"og:image\" content=\"https:\/\/www.italiaisraele.org\/wp-content\/uploads\/2025\/07\/images-4.jpg\" \/>\r\n\t<meta property=\"og:image:width\" content=\"201\" \/>\r\n\t<meta property=\"og:image:height\" content=\"251\" \/>\r\n\t<meta property=\"og:image:type\" content=\"image\/jpeg\" \/>\r\n<meta name=\"author\" content=\"Giuseppe Crimaldi\" \/>\r\n<meta name=\"twitter:card\" content=\"summary_large_image\" \/>\r\n<meta name=\"twitter:label1\" content=\"Scritto da\" \/>\n\t<meta name=\"twitter:data1\" content=\"Giuseppe Crimaldi\" \/>\n\t<meta name=\"twitter:label2\" content=\"Tempo di lettura stimato\" \/>\n\t<meta name=\"twitter:data2\" content=\"3 minuti\" \/>\r\n<script type=\"application\/ld+json\" class=\"yoast-schema-graph\">{\"@context\":\"https:\\\/\\\/schema.org\",\"@graph\":[{\"@type\":\"Article\",\"@id\":\"https:\\\/\\\/www.italiaisraele.org\\\/?p=4566#article\",\"isPartOf\":{\"@id\":\"https:\\\/\\\/www.italiaisraele.org\\\/?p=4566\"},\"author\":{\"name\":\"Giuseppe Crimaldi\",\"@id\":\"https:\\\/\\\/www.italiaisraele.org\\\/#\\\/schema\\\/person\\\/7784c17a23e6ef9cb737f3192f043fab\"},\"headline\":\"Genova, il consiglio comunale dichiara guerra a Israele\",\"datePublished\":\"2025-07-29T21:40:42+00:00\",\"dateModified\":\"2025-07-29T22:23:15+00:00\",\"mainEntityOfPage\":{\"@id\":\"https:\\\/\\\/www.italiaisraele.org\\\/?p=4566\"},\"wordCount\":371,\"commentCount\":1,\"publisher\":{\"@id\":\"https:\\\/\\\/www.italiaisraele.org\\\/#organization\"},\"image\":{\"@id\":\"https:\\\/\\\/www.italiaisraele.org\\\/?p=4566#primaryimage\"},\"thumbnailUrl\":\"https:\\\/\\\/www.italiaisraele.org\\\/wp-content\\\/uploads\\\/2025\\\/07\\\/images-4.jpg\",\"keywords\":[\"Angelo Vaccarezza\",\"boicottaggio\",\"Genova\",\"Silvia Salis\"],\"articleSection\":[\"Attualit\u00e0\"],\"inLanguage\":\"it-IT\",\"potentialAction\":[{\"@type\":\"CommentAction\",\"name\":\"Comment\",\"target\":[\"https:\\\/\\\/www.italiaisraele.org\\\/?p=4566#respond\"]}]},{\"@type\":\"WebPage\",\"@id\":\"https:\\\/\\\/www.italiaisraele.org\\\/?p=4566\",\"url\":\"https:\\\/\\\/www.italiaisraele.org\\\/?p=4566\",\"name\":\"Genova, il consiglio comunale dichiara guerra a Israele - Federazione Associazioni Italia Israele\",\"isPartOf\":{\"@id\":\"https:\\\/\\\/www.italiaisraele.org\\\/#website\"},\"primaryImageOfPage\":{\"@id\":\"https:\\\/\\\/www.italiaisraele.org\\\/?p=4566#primaryimage\"},\"image\":{\"@id\":\"https:\\\/\\\/www.italiaisraele.org\\\/?p=4566#primaryimage\"},\"thumbnailUrl\":\"https:\\\/\\\/www.italiaisraele.org\\\/wp-content\\\/uploads\\\/2025\\\/07\\\/images-4.jpg\",\"datePublished\":\"2025-07-29T21:40:42+00:00\",\"dateModified\":\"2025-07-29T22:23:15+00:00\",\"breadcrumb\":{\"@id\":\"https:\\\/\\\/www.italiaisraele.org\\\/?p=4566#breadcrumb\"},\"inLanguage\":\"it-IT\",\"potentialAction\":[{\"@type\":\"ReadAction\",\"target\":[\"https:\\\/\\\/www.italiaisraele.org\\\/?p=4566\"]}]},{\"@type\":\"ImageObject\",\"inLanguage\":\"it-IT\",\"@id\":\"https:\\\/\\\/www.italiaisraele.org\\\/?p=4566#primaryimage\",\"url\":\"https:\\\/\\\/www.italiaisraele.org\\\/wp-content\\\/uploads\\\/2025\\\/07\\\/images-4.jpg\",\"contentUrl\":\"https:\\\/\\\/www.italiaisraele.org\\\/wp-content\\\/uploads\\\/2025\\\/07\\\/images-4.jpg\",\"width\":201,\"height\":251},{\"@type\":\"BreadcrumbList\",\"@id\":\"https:\\\/\\\/www.italiaisraele.org\\\/?p=4566#breadcrumb\",\"itemListElement\":[{\"@type\":\"ListItem\",\"position\":1,\"name\":\"Home\",\"item\":\"https:\\\/\\\/www.italiaisraele.org\\\/\"},{\"@type\":\"ListItem\",\"position\":2,\"name\":\"Genova, il consiglio comunale dichiara guerra a Israele\"}]},{\"@type\":\"WebSite\",\"@id\":\"https:\\\/\\\/www.italiaisraele.org\\\/#website\",\"url\":\"https:\\\/\\\/www.italiaisraele.org\\\/\",\"name\":\"News Italia - Israele\",\"description\":\"Italia Israele Today - Magazine\",\"publisher\":{\"@id\":\"https:\\\/\\\/www.italiaisraele.org\\\/#organization\"},\"potentialAction\":[{\"@type\":\"SearchAction\",\"target\":{\"@type\":\"EntryPoint\",\"urlTemplate\":\"https:\\\/\\\/www.italiaisraele.org\\\/?s={search_term_string}\"},\"query-input\":{\"@type\":\"PropertyValueSpecification\",\"valueRequired\":true,\"valueName\":\"search_term_string\"}}],\"inLanguage\":\"it-IT\"},{\"@type\":\"Organization\",\"@id\":\"https:\\\/\\\/www.italiaisraele.org\\\/#organization\",\"name\":\"News Italia - Israele\",\"url\":\"https:\\\/\\\/www.italiaisraele.org\\\/\",\"logo\":{\"@type\":\"ImageObject\",\"inLanguage\":\"it-IT\",\"@id\":\"https:\\\/\\\/www.italiaisraele.org\\\/#\\\/schema\\\/logo\\\/image\\\/\",\"url\":\"https:\\\/\\\/www.italiaisraele.org\\\/wp-content\\\/uploads\\\/2024\\\/02\\\/cropped-cropped-TESTATA-NEWS-2.jpg\",\"contentUrl\":\"https:\\\/\\\/www.italiaisraele.org\\\/wp-content\\\/uploads\\\/2024\\\/02\\\/cropped-cropped-TESTATA-NEWS-2.jpg\",\"width\":1918,\"height\":291,\"caption\":\"News Italia - Israele\"},\"image\":{\"@id\":\"https:\\\/\\\/www.italiaisraele.org\\\/#\\\/schema\\\/logo\\\/image\\\/\"},\"sameAs\":[\"https:\\\/\\\/www.facebook.com\\\/Federazione.Associazioni.Italia.Israele\"]},{\"@type\":\"Person\",\"@id\":\"https:\\\/\\\/www.italiaisraele.org\\\/#\\\/schema\\\/person\\\/7784c17a23e6ef9cb737f3192f043fab\",\"name\":\"Giuseppe Crimaldi\",\"image\":{\"@type\":\"ImageObject\",\"inLanguage\":\"it-IT\",\"@id\":\"https:\\\/\\\/secure.gravatar.com\\\/avatar\\\/a6ddf67481d5d5efef9847e6f4c99a77e7129e93382ea6de1e9ea96b8deec707?s=96&d=mm&r=g\",\"url\":\"https:\\\/\\\/secure.gravatar.com\\\/avatar\\\/a6ddf67481d5d5efef9847e6f4c99a77e7129e93382ea6de1e9ea96b8deec707?s=96&d=mm&r=g\",\"contentUrl\":\"https:\\\/\\\/secure.gravatar.com\\\/avatar\\\/a6ddf67481d5d5efef9847e6f4c99a77e7129e93382ea6de1e9ea96b8deec707?s=96&d=mm&r=g\",\"caption\":\"Giuseppe Crimaldi\"},\"url\":\"https:\\\/\\\/www.italiaisraele.org\\\/?author=4\"}]}<\/script>\r\n<!-- \/ Yoast SEO plugin. -->","yoast_head_json":{"title":"Genova, il consiglio comunale dichiara guerra a Israele - Federazione Associazioni Italia Israele","robots":{"index":"index","follow":"follow","max-snippet":"max-snippet:-1","max-image-preview":"max-image-preview:large","max-video-preview":"max-video-preview:-1"},"canonical":"https:\/\/www.italiaisraele.org\/?p=4566","og_locale":"it_IT","og_type":"article","og_title":"Genova, il consiglio comunale dichiara guerra a Israele - Federazione Associazioni Italia Israele","og_description":"di Giuseppe Crimaldi Anche Genova. Anche la citt\u00e0 dalla nobile tradizione marinara, quella dei traffici verso le sponde di Levante e verso le Americhe, adesso ripudia Israele. Che triste notizia leggere che il Comune del capoluogo ligure riconosce lo Stato di Palestina, una entit\u00e0 che non c&#8217;\u00e8, n\u00e9 potr\u00e0 mai esistere almeno fino a quando [&hellip;]","og_url":"https:\/\/www.italiaisraele.org\/?p=4566","og_site_name":"Federazione Associazioni Italia Israele","article_publisher":"https:\/\/www.facebook.com\/Federazione.Associazioni.Italia.Israele","article_published_time":"2025-07-29T21:40:42+00:00","article_modified_time":"2025-07-29T22:23:15+00:00","og_image":[{"width":201,"height":251,"url":"https:\/\/www.italiaisraele.org\/wp-content\/uploads\/2025\/07\/images-4.jpg","type":"image\/jpeg"}],"author":"Giuseppe Crimaldi","twitter_card":"summary_large_image","twitter_misc":{"Scritto da":"Giuseppe Crimaldi","Tempo di lettura stimato":"3 minuti"},"schema":{"@context":"https:\/\/schema.org","@graph":[{"@type":"Article","@id":"https:\/\/www.italiaisraele.org\/?p=4566#article","isPartOf":{"@id":"https:\/\/www.italiaisraele.org\/?p=4566"},"author":{"name":"Giuseppe Crimaldi","@id":"https:\/\/www.italiaisraele.org\/#\/schema\/person\/7784c17a23e6ef9cb737f3192f043fab"},"headline":"Genova, il consiglio comunale dichiara guerra a Israele","datePublished":"2025-07-29T21:40:42+00:00","dateModified":"2025-07-29T22:23:15+00:00","mainEntityOfPage":{"@id":"https:\/\/www.italiaisraele.org\/?p=4566"},"wordCount":371,"commentCount":1,"publisher":{"@id":"https:\/\/www.italiaisraele.org\/#organization"},"image":{"@id":"https:\/\/www.italiaisraele.org\/?p=4566#primaryimage"},"thumbnailUrl":"https:\/\/www.italiaisraele.org\/wp-content\/uploads\/2025\/07\/images-4.jpg","keywords":["Angelo Vaccarezza","boicottaggio","Genova","Silvia Salis"],"articleSection":["Attualit\u00e0"],"inLanguage":"it-IT","potentialAction":[{"@type":"CommentAction","name":"Comment","target":["https:\/\/www.italiaisraele.org\/?p=4566#respond"]}]},{"@type":"WebPage","@id":"https:\/\/www.italiaisraele.org\/?p=4566","url":"https:\/\/www.italiaisraele.org\/?p=4566","name":"Genova, il consiglio comunale dichiara guerra a Israele - Federazione Associazioni Italia Israele","isPartOf":{"@id":"https:\/\/www.italiaisraele.org\/#website"},"primaryImageOfPage":{"@id":"https:\/\/www.italiaisraele.org\/?p=4566#primaryimage"},"image":{"@id":"https:\/\/www.italiaisraele.org\/?p=4566#primaryimage"},"thumbnailUrl":"https:\/\/www.italiaisraele.org\/wp-content\/uploads\/2025\/07\/images-4.jpg","datePublished":"2025-07-29T21:40:42+00:00","dateModified":"2025-07-29T22:23:15+00:00","breadcrumb":{"@id":"https:\/\/www.italiaisraele.org\/?p=4566#breadcrumb"},"inLanguage":"it-IT","potentialAction":[{"@type":"ReadAction","target":["https:\/\/www.italiaisraele.org\/?p=4566"]}]},{"@type":"ImageObject","inLanguage":"it-IT","@id":"https:\/\/www.italiaisraele.org\/?p=4566#primaryimage","url":"https:\/\/www.italiaisraele.org\/wp-content\/uploads\/2025\/07\/images-4.jpg","contentUrl":"https:\/\/www.italiaisraele.org\/wp-content\/uploads\/2025\/07\/images-4.jpg","width":201,"height":251},{"@type":"BreadcrumbList","@id":"https:\/\/www.italiaisraele.org\/?p=4566#breadcrumb","itemListElement":[{"@type":"ListItem","position":1,"name":"Home","item":"https:\/\/www.italiaisraele.org\/"},{"@type":"ListItem","position":2,"name":"Genova, il consiglio comunale dichiara guerra a Israele"}]},{"@type":"WebSite","@id":"https:\/\/www.italiaisraele.org\/#website","url":"https:\/\/www.italiaisraele.org\/","name":"News Italia - Israele","description":"Italia Israele Today - Magazine","publisher":{"@id":"https:\/\/www.italiaisraele.org\/#organization"},"potentialAction":[{"@type":"SearchAction","target":{"@type":"EntryPoint","urlTemplate":"https:\/\/www.italiaisraele.org\/?s={search_term_string}"},"query-input":{"@type":"PropertyValueSpecification","valueRequired":true,"valueName":"search_term_string"}}],"inLanguage":"it-IT"},{"@type":"Organization","@id":"https:\/\/www.italiaisraele.org\/#organization","name":"News Italia - Israele","url":"https:\/\/www.italiaisraele.org\/","logo":{"@type":"ImageObject","inLanguage":"it-IT","@id":"https:\/\/www.italiaisraele.org\/#\/schema\/logo\/image\/","url":"https:\/\/www.italiaisraele.org\/wp-content\/uploads\/2024\/02\/cropped-cropped-TESTATA-NEWS-2.jpg","contentUrl":"https:\/\/www.italiaisraele.org\/wp-content\/uploads\/2024\/02\/cropped-cropped-TESTATA-NEWS-2.jpg","width":1918,"height":291,"caption":"News Italia - Israele"},"image":{"@id":"https:\/\/www.italiaisraele.org\/#\/schema\/logo\/image\/"},"sameAs":["https:\/\/www.facebook.com\/Federazione.Associazioni.Italia.Israele"]},{"@type":"Person","@id":"https:\/\/www.italiaisraele.org\/#\/schema\/person\/7784c17a23e6ef9cb737f3192f043fab","name":"Giuseppe Crimaldi","image":{"@type":"ImageObject","inLanguage":"it-IT","@id":"https:\/\/secure.gravatar.com\/avatar\/a6ddf67481d5d5efef9847e6f4c99a77e7129e93382ea6de1e9ea96b8deec707?s=96&d=mm&r=g","url":"https:\/\/secure.gravatar.com\/avatar\/a6ddf67481d5d5efef9847e6f4c99a77e7129e93382ea6de1e9ea96b8deec707?s=96&d=mm&r=g","contentUrl":"https:\/\/secure.gravatar.com\/avatar\/a6ddf67481d5d5efef9847e6f4c99a77e7129e93382ea6de1e9ea96b8deec707?s=96&d=mm&r=g","caption":"Giuseppe Crimaldi"},"url":"https:\/\/www.italiaisraele.org\/?author=4"}]}},"_links":{"self":[{"href":"https:\/\/www.italiaisraele.org\/index.php?rest_route=\/wp\/v2\/posts\/4566","targetHints":{"allow":["GET"]}}],"collection":[{"href":"https:\/\/www.italiaisraele.org\/index.php?rest_route=\/wp\/v2\/posts"}],"about":[{"href":"https:\/\/www.italiaisraele.org\/index.php?rest_route=\/wp\/v2\/types\/post"}],"author":[{"embeddable":true,"href":"https:\/\/www.italiaisraele.org\/index.php?rest_route=\/wp\/v2\/users\/4"}],"replies":[{"embeddable":true,"href":"https:\/\/www.italiaisraele.org\/index.php?rest_route=%2Fwp%2Fv2%2Fcomments&post=4566"}],"version-history":[{"count":0,"href":"https:\/\/www.italiaisraele.org\/index.php?rest_route=\/wp\/v2\/posts\/4566\/revisions"}],"wp:featuredmedia":[{"embeddable":true,"href":"https:\/\/www.italiaisraele.org\/index.php?rest_route=\/wp\/v2\/media\/4567"}],"wp:attachment":[{"href":"https:\/\/www.italiaisraele.org\/index.php?rest_route=%2Fwp%2Fv2%2Fmedia&parent=4566"}],"wp:term":[{"taxonomy":"category","embeddable":true,"href":"https:\/\/www.italiaisraele.org\/index.php?rest_route=%2Fwp%2Fv2%2Fcategories&post=4566"},{"taxonomy":"post_tag","embeddable":true,"href":"https:\/\/www.italiaisraele.org\/index.php?rest_route=%2Fwp%2Fv2%2Ftags&post=4566"}],"curies":[{"name":"wp","href":"https:\/\/api.w.org\/{rel}","templated":true}]}}