{"id":4562,"date":"2025-07-29T10:18:49","date_gmt":"2025-07-29T08:18:49","guid":{"rendered":"https:\/\/www.italiaisraele.org\/?p=4562"},"modified":"2025-07-29T10:18:57","modified_gmt":"2025-07-29T08:18:57","slug":"obiettivo-predestinato-cosi-fu-eliminato-il-generale-iraniano-soleimani","status":"publish","type":"post","link":"https:\/\/www.italiaisraele.org\/?p=4562","title":{"rendered":"&#8220;Obiettivo predestinato&#8221;, cos\u00ec fu eliminato il generale iraniano Soleimani"},"content":{"rendered":"\n<p>Michael Sfaradi racconta il Medioriente e lo fa da giornalista, da reporter di guerra e anche da scrittore.<br>\u00c8 proprio questo suo essere sempre sul pezzo che fa di lui, grazie all\u2019esperienza maturata sul campo, uno degli scrittori pi\u00f9 attenti e uno dei pochi che riesce a raccontare l\u2019attualit\u00e0, senza filtri, di ci\u00f2 che accade dietro le quinte del mondo dell\u2019Intelligence.<br>Usa fantasia e creativit\u00e0, \u00e8 normale, ma anche informazioni note e fonti personali.<br>E proprio attraverso queste caratteristiche che negli ultimi anni ha raccontato i retroscena di diverse vicende che hanno caratterizzato la storia recente del Medioriente.<br>Il sorriso della morte, La catena dell\u2019orrore, I lunghi giorni della Arctic Sea, Stinger, Una notte a Teheran, Operazione fuori dagli schemi, Commissione d\u2019inchiesta e Il Cercapersone.<br>Questi sono i titoli dei romanzi con i quali ha veicolato l\u2019attenzione dei lettori su vicende particolari che non potevano essere approfondite da articoli giornalistici su carta stampata o su servizi televisivi.<br>Da pochi giorni ha pubblicato su Amazon, in versione cartacea e in e-book, la sua nuova opera: <strong>Obiettivo predestinato \u2013 Anatomia di un\u2019eliminazione.<br><\/strong>Il fatto \u00e8 noto: su ordine del Presidente USA Donald Trump il 3 gennaio del 2020 la USAF, l\u2019aereonautica militare americana, con un attacco di droni uccise Qasem Soleimani, il generale iraniano che teneva le fila del terrorismo islamico nella regione.<br>Ma Michael Sfaradi non concentra l\u2019attenzione sull\u2019operazione ma sui retroscena della stessa: come \u00e8 maturata, perch\u00e9 e soprattutto chi ha pianificato in mesi di lavoro quello che i droni hanno fatto in pochi minuti.<br>Il ritmo \u00e8 a tratti incalzante e a tratti riflessivo nella ricerca dei particolari e nella descrizione dei personaggi. In questa opera l\u2019autore spiega ci\u00f2 che potrebbe essere accaduto durante la pianificazione dell\u2019operazione ma spiega anche il quadro dell\u2019atmosfera che si viveva dopo il primo ingresso di Donald Trump alla Casa Bianca, un cambiamento che fece diventare Qasem Soleimani un obiettivo predestinato.<br>In questo romanzo si ha la netta sensazione di vivere in diretta ogni fase della ricerca, di ragionare con gli analisti e di provare delusione o soddisfazione a seconda di come la raccolta dei dati si svela. Michael Sfaradi non solo ricostruisce la progettazione e la pianificazione dell\u2019operazione ma racconta anche le premesse, le difficolt\u00e0 e la striscia di sangue che ha accompagnato tutta la vita di Qasem Soleimani, l\u2019obiettivo predestinato.<br>Obiettivo predestinato \u2013 Anatomia di un\u2019eliminazione, su Amazon (cartaceo 23 \u20ac) e su eBook Kindle (9,90 \u20ac).<\/p>\n\n\n\n<p>Fonte: <strong>Il Mattino<\/strong><\/p>\n\n\n\n<p><\/p>\n","protected":false},"excerpt":{"rendered":"<p>Michael Sfaradi racconta il Medioriente e lo fa da giornalista, da reporter di guerra e anche da scrittore.\u00c8 proprio questo suo essere sempre sul pezzo che fa di lui, grazie all\u2019esperienza maturata sul campo, uno degli scrittori pi\u00f9 attenti e uno dei pochi che riesce a raccontare l\u2019attualit\u00e0, senza filtri, di ci\u00f2 che accade dietro [&hellip;]<\/p>\n","protected":false},"author":2,"featured_media":4563,"comment_status":"open","ping_status":"open","sticky":false,"template":"","format":"standard","meta":{"iawp_total_views":32,"footnotes":""},"categories":[3],"tags":[876,134,336,874,70],"class_list":["post-4562","post","type-post","status-publish","format-standard","has-post-thumbnail","hentry","category-cultura-e-societa","tag-generale-soleimani","tag-iran","tag-libro","tag-obiettivo-predestinato","tag-usa"],"yoast_head":"<!-- This site is optimized with the Yoast SEO plugin v27.5 - https:\/\/yoast.com\/product\/yoast-seo-wordpress\/ -->\r\n<title>&quot;Obiettivo predestinato&quot;, cos\u00ec fu eliminato il generale iraniano Soleimani - Federazione Associazioni Italia Israele<\/title>\r\n<meta name=\"robots\" content=\"index, follow, max-snippet:-1, max-image-preview:large, max-video-preview:-1\" \/>\r\n<link rel=\"canonical\" href=\"https:\/\/www.italiaisraele.org\/?p=4562\" \/>\r\n<meta property=\"og:locale\" content=\"it_IT\" \/>\r\n<meta property=\"og:type\" content=\"article\" \/>\r\n<meta property=\"og:title\" content=\"&quot;Obiettivo predestinato&quot;, cos\u00ec fu eliminato il generale iraniano Soleimani - Federazione Associazioni Italia Israele\" \/>\r\n<meta property=\"og:description\" content=\"Michael Sfaradi racconta il Medioriente e lo fa da giornalista, da reporter di guerra e anche da scrittore.\u00c8 proprio questo suo essere sempre sul pezzo che fa di lui, grazie all\u2019esperienza maturata sul campo, uno degli scrittori pi\u00f9 attenti e uno dei pochi che riesce a raccontare l\u2019attualit\u00e0, senza filtri, di ci\u00f2 che accade dietro [&hellip;]\" \/>\r\n<meta property=\"og:url\" content=\"https:\/\/www.italiaisraele.org\/?p=4562\" \/>\r\n<meta property=\"og:site_name\" content=\"Federazione Associazioni Italia Israele\" \/>\r\n<meta property=\"article:publisher\" content=\"https:\/\/www.facebook.com\/Federazione.Associazioni.Italia.Israele\" \/>\r\n<meta property=\"article:published_time\" content=\"2025-07-29T08:18:49+00:00\" \/>\r\n<meta property=\"article:modified_time\" content=\"2025-07-29T08:18:57+00:00\" \/>\r\n<meta property=\"og:image\" content=\"https:\/\/www.italiaisraele.org\/wp-content\/uploads\/2025\/07\/WhatsApp-Image-2025-07-25-at-21.26.59.jpeg\" \/>\r\n\t<meta property=\"og:image:width\" content=\"1000\" \/>\r\n\t<meta property=\"og:image:height\" content=\"1600\" \/>\r\n\t<meta property=\"og:image:type\" content=\"image\/jpeg\" \/>\r\n<meta name=\"author\" content=\"Redazione\" \/>\r\n<meta name=\"twitter:card\" content=\"summary_large_image\" \/>\r\n<meta name=\"twitter:label1\" content=\"Scritto da\" \/>\n\t<meta name=\"twitter:data1\" content=\"Redazione\" \/>\n\t<meta name=\"twitter:label2\" content=\"Tempo di lettura stimato\" \/>\n\t<meta name=\"twitter:data2\" content=\"3 minuti\" \/>\r\n<script type=\"application\/ld+json\" class=\"yoast-schema-graph\">{\"@context\":\"https:\\\/\\\/schema.org\",\"@graph\":[{\"@type\":\"Article\",\"@id\":\"https:\\\/\\\/www.italiaisraele.org\\\/?p=4562#article\",\"isPartOf\":{\"@id\":\"https:\\\/\\\/www.italiaisraele.org\\\/?p=4562\"},\"author\":{\"name\":\"Redazione\",\"@id\":\"https:\\\/\\\/www.italiaisraele.org\\\/#\\\/schema\\\/person\\\/a58663d7e92468eb3e7d158e016946cd\"},\"headline\":\"&#8220;Obiettivo predestinato&#8221;, cos\u00ec fu eliminato il generale iraniano Soleimani\",\"datePublished\":\"2025-07-29T08:18:49+00:00\",\"dateModified\":\"2025-07-29T08:18:57+00:00\",\"mainEntityOfPage\":{\"@id\":\"https:\\\/\\\/www.italiaisraele.org\\\/?p=4562\"},\"wordCount\":420,\"commentCount\":0,\"publisher\":{\"@id\":\"https:\\\/\\\/www.italiaisraele.org\\\/#organization\"},\"image\":{\"@id\":\"https:\\\/\\\/www.italiaisraele.org\\\/?p=4562#primaryimage\"},\"thumbnailUrl\":\"https:\\\/\\\/www.italiaisraele.org\\\/wp-content\\\/uploads\\\/2025\\\/07\\\/WhatsApp-Image-2025-07-25-at-21.26.59.jpeg\",\"keywords\":[\"generale Soleimani\",\"Iran\",\"libro\",\"Obiettivo predestinato\",\"Usa\"],\"articleSection\":[\"Cultura e Societ\u00e0\"],\"inLanguage\":\"it-IT\",\"potentialAction\":[{\"@type\":\"CommentAction\",\"name\":\"Comment\",\"target\":[\"https:\\\/\\\/www.italiaisraele.org\\\/?p=4562#respond\"]}]},{\"@type\":\"WebPage\",\"@id\":\"https:\\\/\\\/www.italiaisraele.org\\\/?p=4562\",\"url\":\"https:\\\/\\\/www.italiaisraele.org\\\/?p=4562\",\"name\":\"\\\"Obiettivo predestinato\\\", cos\u00ec fu eliminato il generale iraniano Soleimani - Federazione Associazioni Italia Israele\",\"isPartOf\":{\"@id\":\"https:\\\/\\\/www.italiaisraele.org\\\/#website\"},\"primaryImageOfPage\":{\"@id\":\"https:\\\/\\\/www.italiaisraele.org\\\/?p=4562#primaryimage\"},\"image\":{\"@id\":\"https:\\\/\\\/www.italiaisraele.org\\\/?p=4562#primaryimage\"},\"thumbnailUrl\":\"https:\\\/\\\/www.italiaisraele.org\\\/wp-content\\\/uploads\\\/2025\\\/07\\\/WhatsApp-Image-2025-07-25-at-21.26.59.jpeg\",\"datePublished\":\"2025-07-29T08:18:49+00:00\",\"dateModified\":\"2025-07-29T08:18:57+00:00\",\"breadcrumb\":{\"@id\":\"https:\\\/\\\/www.italiaisraele.org\\\/?p=4562#breadcrumb\"},\"inLanguage\":\"it-IT\",\"potentialAction\":[{\"@type\":\"ReadAction\",\"target\":[\"https:\\\/\\\/www.italiaisraele.org\\\/?p=4562\"]}]},{\"@type\":\"ImageObject\",\"inLanguage\":\"it-IT\",\"@id\":\"https:\\\/\\\/www.italiaisraele.org\\\/?p=4562#primaryimage\",\"url\":\"https:\\\/\\\/www.italiaisraele.org\\\/wp-content\\\/uploads\\\/2025\\\/07\\\/WhatsApp-Image-2025-07-25-at-21.26.59.jpeg\",\"contentUrl\":\"https:\\\/\\\/www.italiaisraele.org\\\/wp-content\\\/uploads\\\/2025\\\/07\\\/WhatsApp-Image-2025-07-25-at-21.26.59.jpeg\",\"width\":1000,\"height\":1600},{\"@type\":\"BreadcrumbList\",\"@id\":\"https:\\\/\\\/www.italiaisraele.org\\\/?p=4562#breadcrumb\",\"itemListElement\":[{\"@type\":\"ListItem\",\"position\":1,\"name\":\"Home\",\"item\":\"https:\\\/\\\/www.italiaisraele.org\\\/\"},{\"@type\":\"ListItem\",\"position\":2,\"name\":\"&#8220;Obiettivo predestinato&#8221;, cos\u00ec fu eliminato il generale iraniano Soleimani\"}]},{\"@type\":\"WebSite\",\"@id\":\"https:\\\/\\\/www.italiaisraele.org\\\/#website\",\"url\":\"https:\\\/\\\/www.italiaisraele.org\\\/\",\"name\":\"News Italia - Israele\",\"description\":\"Italia Israele Today - Magazine\",\"publisher\":{\"@id\":\"https:\\\/\\\/www.italiaisraele.org\\\/#organization\"},\"potentialAction\":[{\"@type\":\"SearchAction\",\"target\":{\"@type\":\"EntryPoint\",\"urlTemplate\":\"https:\\\/\\\/www.italiaisraele.org\\\/?s={search_term_string}\"},\"query-input\":{\"@type\":\"PropertyValueSpecification\",\"valueRequired\":true,\"valueName\":\"search_term_string\"}}],\"inLanguage\":\"it-IT\"},{\"@type\":\"Organization\",\"@id\":\"https:\\\/\\\/www.italiaisraele.org\\\/#organization\",\"name\":\"News Italia - Israele\",\"url\":\"https:\\\/\\\/www.italiaisraele.org\\\/\",\"logo\":{\"@type\":\"ImageObject\",\"inLanguage\":\"it-IT\",\"@id\":\"https:\\\/\\\/www.italiaisraele.org\\\/#\\\/schema\\\/logo\\\/image\\\/\",\"url\":\"https:\\\/\\\/www.italiaisraele.org\\\/wp-content\\\/uploads\\\/2024\\\/02\\\/cropped-cropped-TESTATA-NEWS-2.jpg\",\"contentUrl\":\"https:\\\/\\\/www.italiaisraele.org\\\/wp-content\\\/uploads\\\/2024\\\/02\\\/cropped-cropped-TESTATA-NEWS-2.jpg\",\"width\":1918,\"height\":291,\"caption\":\"News Italia - Israele\"},\"image\":{\"@id\":\"https:\\\/\\\/www.italiaisraele.org\\\/#\\\/schema\\\/logo\\\/image\\\/\"},\"sameAs\":[\"https:\\\/\\\/www.facebook.com\\\/Federazione.Associazioni.Italia.Israele\"]},{\"@type\":\"Person\",\"@id\":\"https:\\\/\\\/www.italiaisraele.org\\\/#\\\/schema\\\/person\\\/a58663d7e92468eb3e7d158e016946cd\",\"name\":\"Redazione\",\"image\":{\"@type\":\"ImageObject\",\"inLanguage\":\"it-IT\",\"@id\":\"https:\\\/\\\/secure.gravatar.com\\\/avatar\\\/fe11715b332cc423bb3991a005da4d50b44647eec21b11abddd059d3deafc450?s=96&d=mm&r=g\",\"url\":\"https:\\\/\\\/secure.gravatar.com\\\/avatar\\\/fe11715b332cc423bb3991a005da4d50b44647eec21b11abddd059d3deafc450?s=96&d=mm&r=g\",\"contentUrl\":\"https:\\\/\\\/secure.gravatar.com\\\/avatar\\\/fe11715b332cc423bb3991a005da4d50b44647eec21b11abddd059d3deafc450?s=96&d=mm&r=g\",\"caption\":\"Redazione\"},\"url\":\"https:\\\/\\\/www.italiaisraele.org\\\/?author=2\"}]}<\/script>\r\n<!-- \/ Yoast SEO plugin. -->","yoast_head_json":{"title":"\"Obiettivo predestinato\", cos\u00ec fu eliminato il generale iraniano Soleimani - Federazione Associazioni Italia Israele","robots":{"index":"index","follow":"follow","max-snippet":"max-snippet:-1","max-image-preview":"max-image-preview:large","max-video-preview":"max-video-preview:-1"},"canonical":"https:\/\/www.italiaisraele.org\/?p=4562","og_locale":"it_IT","og_type":"article","og_title":"\"Obiettivo predestinato\", cos\u00ec fu eliminato il generale iraniano Soleimani - Federazione Associazioni Italia Israele","og_description":"Michael Sfaradi racconta il Medioriente e lo fa da giornalista, da reporter di guerra e anche da scrittore.\u00c8 proprio questo suo essere sempre sul pezzo che fa di lui, grazie all\u2019esperienza maturata sul campo, uno degli scrittori pi\u00f9 attenti e uno dei pochi che riesce a raccontare l\u2019attualit\u00e0, senza filtri, di ci\u00f2 che accade dietro [&hellip;]","og_url":"https:\/\/www.italiaisraele.org\/?p=4562","og_site_name":"Federazione Associazioni Italia Israele","article_publisher":"https:\/\/www.facebook.com\/Federazione.Associazioni.Italia.Israele","article_published_time":"2025-07-29T08:18:49+00:00","article_modified_time":"2025-07-29T08:18:57+00:00","og_image":[{"width":1000,"height":1600,"url":"https:\/\/www.italiaisraele.org\/wp-content\/uploads\/2025\/07\/WhatsApp-Image-2025-07-25-at-21.26.59.jpeg","type":"image\/jpeg"}],"author":"Redazione","twitter_card":"summary_large_image","twitter_misc":{"Scritto da":"Redazione","Tempo di lettura stimato":"3 minuti"},"schema":{"@context":"https:\/\/schema.org","@graph":[{"@type":"Article","@id":"https:\/\/www.italiaisraele.org\/?p=4562#article","isPartOf":{"@id":"https:\/\/www.italiaisraele.org\/?p=4562"},"author":{"name":"Redazione","@id":"https:\/\/www.italiaisraele.org\/#\/schema\/person\/a58663d7e92468eb3e7d158e016946cd"},"headline":"&#8220;Obiettivo predestinato&#8221;, cos\u00ec fu eliminato il generale iraniano Soleimani","datePublished":"2025-07-29T08:18:49+00:00","dateModified":"2025-07-29T08:18:57+00:00","mainEntityOfPage":{"@id":"https:\/\/www.italiaisraele.org\/?p=4562"},"wordCount":420,"commentCount":0,"publisher":{"@id":"https:\/\/www.italiaisraele.org\/#organization"},"image":{"@id":"https:\/\/www.italiaisraele.org\/?p=4562#primaryimage"},"thumbnailUrl":"https:\/\/www.italiaisraele.org\/wp-content\/uploads\/2025\/07\/WhatsApp-Image-2025-07-25-at-21.26.59.jpeg","keywords":["generale Soleimani","Iran","libro","Obiettivo predestinato","Usa"],"articleSection":["Cultura e Societ\u00e0"],"inLanguage":"it-IT","potentialAction":[{"@type":"CommentAction","name":"Comment","target":["https:\/\/www.italiaisraele.org\/?p=4562#respond"]}]},{"@type":"WebPage","@id":"https:\/\/www.italiaisraele.org\/?p=4562","url":"https:\/\/www.italiaisraele.org\/?p=4562","name":"\"Obiettivo predestinato\", cos\u00ec fu eliminato il generale iraniano Soleimani - Federazione Associazioni Italia Israele","isPartOf":{"@id":"https:\/\/www.italiaisraele.org\/#website"},"primaryImageOfPage":{"@id":"https:\/\/www.italiaisraele.org\/?p=4562#primaryimage"},"image":{"@id":"https:\/\/www.italiaisraele.org\/?p=4562#primaryimage"},"thumbnailUrl":"https:\/\/www.italiaisraele.org\/wp-content\/uploads\/2025\/07\/WhatsApp-Image-2025-07-25-at-21.26.59.jpeg","datePublished":"2025-07-29T08:18:49+00:00","dateModified":"2025-07-29T08:18:57+00:00","breadcrumb":{"@id":"https:\/\/www.italiaisraele.org\/?p=4562#breadcrumb"},"inLanguage":"it-IT","potentialAction":[{"@type":"ReadAction","target":["https:\/\/www.italiaisraele.org\/?p=4562"]}]},{"@type":"ImageObject","inLanguage":"it-IT","@id":"https:\/\/www.italiaisraele.org\/?p=4562#primaryimage","url":"https:\/\/www.italiaisraele.org\/wp-content\/uploads\/2025\/07\/WhatsApp-Image-2025-07-25-at-21.26.59.jpeg","contentUrl":"https:\/\/www.italiaisraele.org\/wp-content\/uploads\/2025\/07\/WhatsApp-Image-2025-07-25-at-21.26.59.jpeg","width":1000,"height":1600},{"@type":"BreadcrumbList","@id":"https:\/\/www.italiaisraele.org\/?p=4562#breadcrumb","itemListElement":[{"@type":"ListItem","position":1,"name":"Home","item":"https:\/\/www.italiaisraele.org\/"},{"@type":"ListItem","position":2,"name":"&#8220;Obiettivo predestinato&#8221;, cos\u00ec fu eliminato il generale iraniano Soleimani"}]},{"@type":"WebSite","@id":"https:\/\/www.italiaisraele.org\/#website","url":"https:\/\/www.italiaisraele.org\/","name":"News Italia - Israele","description":"Italia Israele Today - Magazine","publisher":{"@id":"https:\/\/www.italiaisraele.org\/#organization"},"potentialAction":[{"@type":"SearchAction","target":{"@type":"EntryPoint","urlTemplate":"https:\/\/www.italiaisraele.org\/?s={search_term_string}"},"query-input":{"@type":"PropertyValueSpecification","valueRequired":true,"valueName":"search_term_string"}}],"inLanguage":"it-IT"},{"@type":"Organization","@id":"https:\/\/www.italiaisraele.org\/#organization","name":"News Italia - Israele","url":"https:\/\/www.italiaisraele.org\/","logo":{"@type":"ImageObject","inLanguage":"it-IT","@id":"https:\/\/www.italiaisraele.org\/#\/schema\/logo\/image\/","url":"https:\/\/www.italiaisraele.org\/wp-content\/uploads\/2024\/02\/cropped-cropped-TESTATA-NEWS-2.jpg","contentUrl":"https:\/\/www.italiaisraele.org\/wp-content\/uploads\/2024\/02\/cropped-cropped-TESTATA-NEWS-2.jpg","width":1918,"height":291,"caption":"News Italia - Israele"},"image":{"@id":"https:\/\/www.italiaisraele.org\/#\/schema\/logo\/image\/"},"sameAs":["https:\/\/www.facebook.com\/Federazione.Associazioni.Italia.Israele"]},{"@type":"Person","@id":"https:\/\/www.italiaisraele.org\/#\/schema\/person\/a58663d7e92468eb3e7d158e016946cd","name":"Redazione","image":{"@type":"ImageObject","inLanguage":"it-IT","@id":"https:\/\/secure.gravatar.com\/avatar\/fe11715b332cc423bb3991a005da4d50b44647eec21b11abddd059d3deafc450?s=96&d=mm&r=g","url":"https:\/\/secure.gravatar.com\/avatar\/fe11715b332cc423bb3991a005da4d50b44647eec21b11abddd059d3deafc450?s=96&d=mm&r=g","contentUrl":"https:\/\/secure.gravatar.com\/avatar\/fe11715b332cc423bb3991a005da4d50b44647eec21b11abddd059d3deafc450?s=96&d=mm&r=g","caption":"Redazione"},"url":"https:\/\/www.italiaisraele.org\/?author=2"}]}},"_links":{"self":[{"href":"https:\/\/www.italiaisraele.org\/index.php?rest_route=\/wp\/v2\/posts\/4562","targetHints":{"allow":["GET"]}}],"collection":[{"href":"https:\/\/www.italiaisraele.org\/index.php?rest_route=\/wp\/v2\/posts"}],"about":[{"href":"https:\/\/www.italiaisraele.org\/index.php?rest_route=\/wp\/v2\/types\/post"}],"author":[{"embeddable":true,"href":"https:\/\/www.italiaisraele.org\/index.php?rest_route=\/wp\/v2\/users\/2"}],"replies":[{"embeddable":true,"href":"https:\/\/www.italiaisraele.org\/index.php?rest_route=%2Fwp%2Fv2%2Fcomments&post=4562"}],"version-history":[{"count":0,"href":"https:\/\/www.italiaisraele.org\/index.php?rest_route=\/wp\/v2\/posts\/4562\/revisions"}],"wp:featuredmedia":[{"embeddable":true,"href":"https:\/\/www.italiaisraele.org\/index.php?rest_route=\/wp\/v2\/media\/4563"}],"wp:attachment":[{"href":"https:\/\/www.italiaisraele.org\/index.php?rest_route=%2Fwp%2Fv2%2Fmedia&parent=4562"}],"wp:term":[{"taxonomy":"category","embeddable":true,"href":"https:\/\/www.italiaisraele.org\/index.php?rest_route=%2Fwp%2Fv2%2Fcategories&post=4562"},{"taxonomy":"post_tag","embeddable":true,"href":"https:\/\/www.italiaisraele.org\/index.php?rest_route=%2Fwp%2Fv2%2Ftags&post=4562"}],"curies":[{"name":"wp","href":"https:\/\/api.w.org\/{rel}","templated":true}]}}