{"id":4554,"date":"2025-07-29T09:25:13","date_gmt":"2025-07-29T07:25:13","guid":{"rendered":"https:\/\/www.italiaisraele.org\/?p=4554"},"modified":"2025-07-29T09:25:22","modified_gmt":"2025-07-29T07:25:22","slug":"linghilterra-perde-il-pelo-ma-non-il-vizio","status":"publish","type":"post","link":"https:\/\/www.italiaisraele.org\/?p=4554","title":{"rendered":"L&#8217;Inghilterra perde il pelo ma non il vizio"},"content":{"rendered":"\n<p>di <em>Ilan Brauner<\/em><\/p>\n\n\n\n<p>81 anni fa, era il 1947, gli inglesi occuparono la parte occidentale della Germania e per primi entrarono nel campo della morte di Bergen Belzen, vicino Amburgo.<br>Scoprirono cataste di cadaveri ovunque, almeno 200mila i morti. Anni prima &#8211; era il marzo del 1939 &#8211; sempre loro &#8211; gli inglesi &#8211; che gestivano la &#8220;Palestina mandataria&#8221; dal 1919 per conto della Societ\u00e0 delle Nazioni dell&#8217;epoca stabilirono che di fronte ai milioni di ebrei a rischio sterminio solo 15mila emigranti ebrei provenienti dall&#8217;Europa potessero entrare in &#8220;Palestina&#8221;.<br>Il resto \u00e8 noto: con il finale di sei milioni milioni morti di cui due solo ad Auschwitz.<br>Inglesi impassibili. Chirchill non sapeva? Fatto sta che non ordin\u00f2 mai alla Raf di bombardare le ferrovie di accesso ai campi dello sterminio. Viene quasi da chiedersi: la &#8220;soluzione finale andava bene anche alla Gran Bretagna?<br>Nel 1947 gli ebrei in Palestina (650.000) erano intantosono sul piede di guerra contro il mandato britannico che favoriva gli arabi anche se il loro capo, Hagi Amin Husseini, era dichiaratamente nazisto e amico personale di Hitler.<br>Di ebrei in Europa non ce ne erano pi\u00f9, ne erano rimasti s\u00ec e noo mezzo milione che vagavano senza casa, senza famiglia, aiutati solo dall&#8217;Agenzia Ebraica mondiale e dalla Hagana ebraica militare (con molti della Brigata Ebraica spostata dagli inglesi in Belgio e Olanda). Lo scopo era di farli arrivare nella Palestina Britannica illegalmente.<br>Gli ebrei americani comperarono una vecchia nave passeggeri di 5000 tonnellate, utile per\u00f2 solo per la navigazione di brevi tratti e la consegnarono all&#8217;Hagana, che con organizzazione capillare riusc\u00ec a trasferire 4500 profughi ebrei in un piccolo porto vicino Marsiglia. Salp\u00f2 alla volta della Palestina tallonata dalla Royal Navy inglese.<br>In mare venne ribattezzata YEZIAT EUROPA (che significa &#8220;Uscita dall&#8217;Europa&#8221;). Venne bloccata (come la barca &#8220;Handala&#8221; alcuni giorni fa) davanti a Gaza dagli Inglesi, ci furono tre morti, e i passeggeri furono trasbordati in mare su altre tre navi porta truppe inglesi a Cipro e di l\u00ec nuovamente da dove era partita. Gli inglesi &#8211; che erano allora padroni del tutti i porti mediterranei salvo quelli spagnoli &#8211; senza tanti complimenti riport\u00f2 quel carico dolente in Germania (occupata dagli stessi britannici) e smist\u00f2 gli ebrei in tre campi di concentramento appositamente riaperti e rinnovati.<br>Tutti potettero tornare in Israele solo dopo il 15 maggio del &#8217;48. L&#8217;opinione pubblica mondiale, allora senza televisione, era contro gli inglesi ed anzi schierata a favore di quei profughi, specialmente negli USA dove per la prima volta gli ebrei americani iniziarono ad alzare la voce, tanto che il presidente Truman fu pronto a prenderne qualche centinaio, esprimendo al premier britannico laburista Etly il suo disappunto. Due mesi dopo, all&#8217;ONU si \u00e8 decise che (non c&#8217;era ancora, alll&#8217;epoca, la Corte internazionale di giustizia dell&#8217;Aia) che bisognava regolamentare una volta per sempre la casa degli ebrei e fu cos\u00ec chhe dopo 2000 anni \u00e8 rinata Israele, con la risoluzione 181 dell&#8217;ONU.<br>E veniamo ai giorni nostri, e a Gaza. Tutto il mondo \u00e8 schierato coi palestinesi, ma &#8211; attenzione &#8211; non lo \u00e8 certo da oggi, bens\u00ec gi\u00e0 dall&#8217;otto ottobre 2023, quando schiere di &#8220;propal&#8221; hanno iniziato ad innegggiare alla distruzione dello Stato Ebraico (&#8220;from the river to the sea).<br>Ed \u00e8 tornato attuale il tema della cacciata (se non addirittura lo sterminio) degli ebrei. Oggi il premier laburista Starmer sta soffiando sul fuoco (contro Israele) per poter ridurre il problema che ha in casa con la islamizzazione selvaggiadella Gran Bretagna.<\/p>\n\n\n<div class=\"wp-block-image\">\n<figure class=\"alignleft size-full is-resized\"><img loading=\"lazy\" decoding=\"async\" width=\"670\" height=\"447\" src=\"https:\/\/www.italiaisraele.org\/wp-content\/uploads\/2025\/07\/3564101-857679201.jpg\" alt=\"\" class=\"wp-image-4556\" style=\"width:274px;height:auto\" srcset=\"https:\/\/www.italiaisraele.org\/wp-content\/uploads\/2025\/07\/3564101-857679201.jpg 670w, https:\/\/www.italiaisraele.org\/wp-content\/uploads\/2025\/07\/3564101-857679201-300x200.jpg 300w, https:\/\/www.italiaisraele.org\/wp-content\/uploads\/2025\/07\/3564101-857679201-600x400.jpg 600w\" sizes=\"auto, (max-width: 670px) 100vw, 670px\" \/><\/figure>\n<\/div>\n\n\n<p> E nasce il paradosso: il governo sta contro gli islamici a Londra ma con i palestinesi a Gaza. Questo incoraggia persino la BBC a fornire fake news, OXFAM a diffondere costanti bugie, l&#8217;embargo sulle armi e la volont\u00e0 fino al giro di Trump in Scozia di riconoscere la Palestina. Ma riconoscere cosa? Liquidi forse Abu Mazen e la suasua vorace famiglia? E poi?<br>Gli inglesi hanno sempre avuto molto pelo sullo stomaco, \u00e8 noto. Ma come conseguenza di questa schizofrenia la Gran Bretagna almeno adesso avr\u00e0 la sua parte di consenso dagli islamici integralisti. Si pu\u00f2 cadere cos\u00ec in basso?<\/p>\n","protected":false},"excerpt":{"rendered":"<p>di Ilan Brauner 81 anni fa, era il 1947, gli inglesi occuparono la parte occidentale della Germania e per primi entrarono nel campo della morte di Bergen Belzen, vicino Amburgo.Scoprirono cataste di cadaveri ovunque, almeno 200mila i morti. Anni prima &#8211; era il marzo del 1939 &#8211; sempre loro &#8211; gli inglesi &#8211; che gestivano [&hellip;]<\/p>\n","protected":false},"author":2,"featured_media":4555,"comment_status":"open","ping_status":"open","sticky":false,"template":"","format":"standard","meta":{"iawp_total_views":60,"footnotes":""},"categories":[4],"tags":[56,160,13,872,873],"class_list":["post-4554","post","type-post","status-publish","format-standard","has-post-thumbnail","hentry","category-attualita","tag-gaza","tag-gran-bretagna","tag-israele","tag-seconda-guerra-mondiale","tag-starmer"],"yoast_head":"<!-- This site is optimized with the Yoast SEO plugin v27.5 - https:\/\/yoast.com\/product\/yoast-seo-wordpress\/ -->\r\n<title>L&#039;Inghilterra perde il pelo ma non il vizio - Federazione Associazioni Italia Israele<\/title>\r\n<meta name=\"robots\" content=\"index, follow, max-snippet:-1, max-image-preview:large, max-video-preview:-1\" \/>\r\n<link rel=\"canonical\" href=\"https:\/\/www.italiaisraele.org\/?p=4554\" \/>\r\n<meta property=\"og:locale\" content=\"it_IT\" \/>\r\n<meta property=\"og:type\" content=\"article\" \/>\r\n<meta property=\"og:title\" content=\"L&#039;Inghilterra perde il pelo ma non il vizio - Federazione Associazioni Italia Israele\" \/>\r\n<meta property=\"og:description\" content=\"di Ilan Brauner 81 anni fa, era il 1947, gli inglesi occuparono la parte occidentale della Germania e per primi entrarono nel campo della morte di Bergen Belzen, vicino Amburgo.Scoprirono cataste di cadaveri ovunque, almeno 200mila i morti. Anni prima &#8211; era il marzo del 1939 &#8211; sempre loro &#8211; gli inglesi &#8211; che gestivano [&hellip;]\" \/>\r\n<meta property=\"og:url\" content=\"https:\/\/www.italiaisraele.org\/?p=4554\" \/>\r\n<meta property=\"og:site_name\" content=\"Federazione Associazioni Italia Israele\" \/>\r\n<meta property=\"article:publisher\" content=\"https:\/\/www.facebook.com\/Federazione.Associazioni.Italia.Israele\" \/>\r\n<meta property=\"article:published_time\" content=\"2025-07-29T07:25:13+00:00\" \/>\r\n<meta property=\"article:modified_time\" content=\"2025-07-29T07:25:22+00:00\" \/>\r\n<meta property=\"og:image\" content=\"https:\/\/www.italiaisraele.org\/wp-content\/uploads\/2025\/07\/flag-and-big-ben-2155983283.jpeg\" \/>\r\n\t<meta property=\"og:image:width\" content=\"1024\" \/>\r\n\t<meta property=\"og:image:height\" content=\"681\" \/>\r\n\t<meta property=\"og:image:type\" content=\"image\/jpeg\" \/>\r\n<meta name=\"author\" content=\"Redazione\" \/>\r\n<meta name=\"twitter:card\" content=\"summary_large_image\" \/>\r\n<meta name=\"twitter:label1\" content=\"Scritto da\" \/>\n\t<meta name=\"twitter:data1\" content=\"Redazione\" \/>\n\t<meta name=\"twitter:label2\" content=\"Tempo di lettura stimato\" \/>\n\t<meta name=\"twitter:data2\" content=\"4 minuti\" \/>\r\n<script type=\"application\/ld+json\" class=\"yoast-schema-graph\">{\"@context\":\"https:\\\/\\\/schema.org\",\"@graph\":[{\"@type\":\"Article\",\"@id\":\"https:\\\/\\\/www.italiaisraele.org\\\/?p=4554#article\",\"isPartOf\":{\"@id\":\"https:\\\/\\\/www.italiaisraele.org\\\/?p=4554\"},\"author\":{\"name\":\"Redazione\",\"@id\":\"https:\\\/\\\/www.italiaisraele.org\\\/#\\\/schema\\\/person\\\/a58663d7e92468eb3e7d158e016946cd\"},\"headline\":\"L&#8217;Inghilterra perde il pelo ma non il vizio\",\"datePublished\":\"2025-07-29T07:25:13+00:00\",\"dateModified\":\"2025-07-29T07:25:22+00:00\",\"mainEntityOfPage\":{\"@id\":\"https:\\\/\\\/www.italiaisraele.org\\\/?p=4554\"},\"wordCount\":681,\"commentCount\":0,\"publisher\":{\"@id\":\"https:\\\/\\\/www.italiaisraele.org\\\/#organization\"},\"image\":{\"@id\":\"https:\\\/\\\/www.italiaisraele.org\\\/?p=4554#primaryimage\"},\"thumbnailUrl\":\"https:\\\/\\\/www.italiaisraele.org\\\/wp-content\\\/uploads\\\/2025\\\/07\\\/flag-and-big-ben-2155983283.jpeg\",\"keywords\":[\"Gaza\",\"Gran Bretagna\",\"Israele\",\"Seconda Guerra mondiale\",\"Starmer\"],\"articleSection\":[\"Attualit\u00e0\"],\"inLanguage\":\"it-IT\",\"potentialAction\":[{\"@type\":\"CommentAction\",\"name\":\"Comment\",\"target\":[\"https:\\\/\\\/www.italiaisraele.org\\\/?p=4554#respond\"]}]},{\"@type\":\"WebPage\",\"@id\":\"https:\\\/\\\/www.italiaisraele.org\\\/?p=4554\",\"url\":\"https:\\\/\\\/www.italiaisraele.org\\\/?p=4554\",\"name\":\"L'Inghilterra perde il pelo ma non il vizio - Federazione Associazioni Italia Israele\",\"isPartOf\":{\"@id\":\"https:\\\/\\\/www.italiaisraele.org\\\/#website\"},\"primaryImageOfPage\":{\"@id\":\"https:\\\/\\\/www.italiaisraele.org\\\/?p=4554#primaryimage\"},\"image\":{\"@id\":\"https:\\\/\\\/www.italiaisraele.org\\\/?p=4554#primaryimage\"},\"thumbnailUrl\":\"https:\\\/\\\/www.italiaisraele.org\\\/wp-content\\\/uploads\\\/2025\\\/07\\\/flag-and-big-ben-2155983283.jpeg\",\"datePublished\":\"2025-07-29T07:25:13+00:00\",\"dateModified\":\"2025-07-29T07:25:22+00:00\",\"breadcrumb\":{\"@id\":\"https:\\\/\\\/www.italiaisraele.org\\\/?p=4554#breadcrumb\"},\"inLanguage\":\"it-IT\",\"potentialAction\":[{\"@type\":\"ReadAction\",\"target\":[\"https:\\\/\\\/www.italiaisraele.org\\\/?p=4554\"]}]},{\"@type\":\"ImageObject\",\"inLanguage\":\"it-IT\",\"@id\":\"https:\\\/\\\/www.italiaisraele.org\\\/?p=4554#primaryimage\",\"url\":\"https:\\\/\\\/www.italiaisraele.org\\\/wp-content\\\/uploads\\\/2025\\\/07\\\/flag-and-big-ben-2155983283.jpeg\",\"contentUrl\":\"https:\\\/\\\/www.italiaisraele.org\\\/wp-content\\\/uploads\\\/2025\\\/07\\\/flag-and-big-ben-2155983283.jpeg\",\"width\":1024,\"height\":681,\"caption\":\"TOPSHOT - Protesters chant slogans and wave Palestinian flags as they stand in front Elizabeth Tower, commonly known by the name of the clock's bell \\\"Big Ben\\\", at the Palace of Westminster, home to the Houses of Parliament, central London, on June 8, 2024 at the end of \\\"National March for Gaza\\\", calling to \\\"end the genocide\\\" and \\\"stop arming Israel\\\". The health ministry in Hamas-run Gaza said June 8, 2024 that at least 36,801 people have been killed in the territory during eight months of war between Israel and Palestinian militants. The toll includes at least 70 deaths over the past 24 hours, a ministry statement said, adding that 83,680 people have been wounded in the Gaza Strip since the war began when Hamas militants attacked Israel on October 7. (Photo by JUSTIN TALLIS \\\/ AFP) (Photo by JUSTIN TALLIS\\\/AFP via Getty Images)\"},{\"@type\":\"BreadcrumbList\",\"@id\":\"https:\\\/\\\/www.italiaisraele.org\\\/?p=4554#breadcrumb\",\"itemListElement\":[{\"@type\":\"ListItem\",\"position\":1,\"name\":\"Home\",\"item\":\"https:\\\/\\\/www.italiaisraele.org\\\/\"},{\"@type\":\"ListItem\",\"position\":2,\"name\":\"L&#8217;Inghilterra perde il pelo ma non il vizio\"}]},{\"@type\":\"WebSite\",\"@id\":\"https:\\\/\\\/www.italiaisraele.org\\\/#website\",\"url\":\"https:\\\/\\\/www.italiaisraele.org\\\/\",\"name\":\"News Italia - Israele\",\"description\":\"Italia Israele Today - Magazine\",\"publisher\":{\"@id\":\"https:\\\/\\\/www.italiaisraele.org\\\/#organization\"},\"potentialAction\":[{\"@type\":\"SearchAction\",\"target\":{\"@type\":\"EntryPoint\",\"urlTemplate\":\"https:\\\/\\\/www.italiaisraele.org\\\/?s={search_term_string}\"},\"query-input\":{\"@type\":\"PropertyValueSpecification\",\"valueRequired\":true,\"valueName\":\"search_term_string\"}}],\"inLanguage\":\"it-IT\"},{\"@type\":\"Organization\",\"@id\":\"https:\\\/\\\/www.italiaisraele.org\\\/#organization\",\"name\":\"News Italia - Israele\",\"url\":\"https:\\\/\\\/www.italiaisraele.org\\\/\",\"logo\":{\"@type\":\"ImageObject\",\"inLanguage\":\"it-IT\",\"@id\":\"https:\\\/\\\/www.italiaisraele.org\\\/#\\\/schema\\\/logo\\\/image\\\/\",\"url\":\"https:\\\/\\\/www.italiaisraele.org\\\/wp-content\\\/uploads\\\/2024\\\/02\\\/cropped-cropped-TESTATA-NEWS-2.jpg\",\"contentUrl\":\"https:\\\/\\\/www.italiaisraele.org\\\/wp-content\\\/uploads\\\/2024\\\/02\\\/cropped-cropped-TESTATA-NEWS-2.jpg\",\"width\":1918,\"height\":291,\"caption\":\"News Italia - Israele\"},\"image\":{\"@id\":\"https:\\\/\\\/www.italiaisraele.org\\\/#\\\/schema\\\/logo\\\/image\\\/\"},\"sameAs\":[\"https:\\\/\\\/www.facebook.com\\\/Federazione.Associazioni.Italia.Israele\"]},{\"@type\":\"Person\",\"@id\":\"https:\\\/\\\/www.italiaisraele.org\\\/#\\\/schema\\\/person\\\/a58663d7e92468eb3e7d158e016946cd\",\"name\":\"Redazione\",\"image\":{\"@type\":\"ImageObject\",\"inLanguage\":\"it-IT\",\"@id\":\"https:\\\/\\\/secure.gravatar.com\\\/avatar\\\/fe11715b332cc423bb3991a005da4d50b44647eec21b11abddd059d3deafc450?s=96&d=mm&r=g\",\"url\":\"https:\\\/\\\/secure.gravatar.com\\\/avatar\\\/fe11715b332cc423bb3991a005da4d50b44647eec21b11abddd059d3deafc450?s=96&d=mm&r=g\",\"contentUrl\":\"https:\\\/\\\/secure.gravatar.com\\\/avatar\\\/fe11715b332cc423bb3991a005da4d50b44647eec21b11abddd059d3deafc450?s=96&d=mm&r=g\",\"caption\":\"Redazione\"},\"url\":\"https:\\\/\\\/www.italiaisraele.org\\\/?author=2\"}]}<\/script>\r\n<!-- \/ Yoast SEO plugin. -->","yoast_head_json":{"title":"L'Inghilterra perde il pelo ma non il vizio - Federazione Associazioni Italia Israele","robots":{"index":"index","follow":"follow","max-snippet":"max-snippet:-1","max-image-preview":"max-image-preview:large","max-video-preview":"max-video-preview:-1"},"canonical":"https:\/\/www.italiaisraele.org\/?p=4554","og_locale":"it_IT","og_type":"article","og_title":"L'Inghilterra perde il pelo ma non il vizio - Federazione Associazioni Italia Israele","og_description":"di Ilan Brauner 81 anni fa, era il 1947, gli inglesi occuparono la parte occidentale della Germania e per primi entrarono nel campo della morte di Bergen Belzen, vicino Amburgo.Scoprirono cataste di cadaveri ovunque, almeno 200mila i morti. Anni prima &#8211; era il marzo del 1939 &#8211; sempre loro &#8211; gli inglesi &#8211; che gestivano [&hellip;]","og_url":"https:\/\/www.italiaisraele.org\/?p=4554","og_site_name":"Federazione Associazioni Italia Israele","article_publisher":"https:\/\/www.facebook.com\/Federazione.Associazioni.Italia.Israele","article_published_time":"2025-07-29T07:25:13+00:00","article_modified_time":"2025-07-29T07:25:22+00:00","og_image":[{"width":1024,"height":681,"url":"https:\/\/www.italiaisraele.org\/wp-content\/uploads\/2025\/07\/flag-and-big-ben-2155983283.jpeg","type":"image\/jpeg"}],"author":"Redazione","twitter_card":"summary_large_image","twitter_misc":{"Scritto da":"Redazione","Tempo di lettura stimato":"4 minuti"},"schema":{"@context":"https:\/\/schema.org","@graph":[{"@type":"Article","@id":"https:\/\/www.italiaisraele.org\/?p=4554#article","isPartOf":{"@id":"https:\/\/www.italiaisraele.org\/?p=4554"},"author":{"name":"Redazione","@id":"https:\/\/www.italiaisraele.org\/#\/schema\/person\/a58663d7e92468eb3e7d158e016946cd"},"headline":"L&#8217;Inghilterra perde il pelo ma non il vizio","datePublished":"2025-07-29T07:25:13+00:00","dateModified":"2025-07-29T07:25:22+00:00","mainEntityOfPage":{"@id":"https:\/\/www.italiaisraele.org\/?p=4554"},"wordCount":681,"commentCount":0,"publisher":{"@id":"https:\/\/www.italiaisraele.org\/#organization"},"image":{"@id":"https:\/\/www.italiaisraele.org\/?p=4554#primaryimage"},"thumbnailUrl":"https:\/\/www.italiaisraele.org\/wp-content\/uploads\/2025\/07\/flag-and-big-ben-2155983283.jpeg","keywords":["Gaza","Gran Bretagna","Israele","Seconda Guerra mondiale","Starmer"],"articleSection":["Attualit\u00e0"],"inLanguage":"it-IT","potentialAction":[{"@type":"CommentAction","name":"Comment","target":["https:\/\/www.italiaisraele.org\/?p=4554#respond"]}]},{"@type":"WebPage","@id":"https:\/\/www.italiaisraele.org\/?p=4554","url":"https:\/\/www.italiaisraele.org\/?p=4554","name":"L'Inghilterra perde il pelo ma non il vizio - Federazione Associazioni Italia Israele","isPartOf":{"@id":"https:\/\/www.italiaisraele.org\/#website"},"primaryImageOfPage":{"@id":"https:\/\/www.italiaisraele.org\/?p=4554#primaryimage"},"image":{"@id":"https:\/\/www.italiaisraele.org\/?p=4554#primaryimage"},"thumbnailUrl":"https:\/\/www.italiaisraele.org\/wp-content\/uploads\/2025\/07\/flag-and-big-ben-2155983283.jpeg","datePublished":"2025-07-29T07:25:13+00:00","dateModified":"2025-07-29T07:25:22+00:00","breadcrumb":{"@id":"https:\/\/www.italiaisraele.org\/?p=4554#breadcrumb"},"inLanguage":"it-IT","potentialAction":[{"@type":"ReadAction","target":["https:\/\/www.italiaisraele.org\/?p=4554"]}]},{"@type":"ImageObject","inLanguage":"it-IT","@id":"https:\/\/www.italiaisraele.org\/?p=4554#primaryimage","url":"https:\/\/www.italiaisraele.org\/wp-content\/uploads\/2025\/07\/flag-and-big-ben-2155983283.jpeg","contentUrl":"https:\/\/www.italiaisraele.org\/wp-content\/uploads\/2025\/07\/flag-and-big-ben-2155983283.jpeg","width":1024,"height":681,"caption":"TOPSHOT - Protesters chant slogans and wave Palestinian flags as they stand in front Elizabeth Tower, commonly known by the name of the clock's bell \"Big Ben\", at the Palace of Westminster, home to the Houses of Parliament, central London, on June 8, 2024 at the end of \"National March for Gaza\", calling to \"end the genocide\" and \"stop arming Israel\". The health ministry in Hamas-run Gaza said June 8, 2024 that at least 36,801 people have been killed in the territory during eight months of war between Israel and Palestinian militants. The toll includes at least 70 deaths over the past 24 hours, a ministry statement said, adding that 83,680 people have been wounded in the Gaza Strip since the war began when Hamas militants attacked Israel on October 7. (Photo by JUSTIN TALLIS \/ AFP) (Photo by JUSTIN TALLIS\/AFP via Getty Images)"},{"@type":"BreadcrumbList","@id":"https:\/\/www.italiaisraele.org\/?p=4554#breadcrumb","itemListElement":[{"@type":"ListItem","position":1,"name":"Home","item":"https:\/\/www.italiaisraele.org\/"},{"@type":"ListItem","position":2,"name":"L&#8217;Inghilterra perde il pelo ma non il vizio"}]},{"@type":"WebSite","@id":"https:\/\/www.italiaisraele.org\/#website","url":"https:\/\/www.italiaisraele.org\/","name":"News Italia - Israele","description":"Italia Israele Today - Magazine","publisher":{"@id":"https:\/\/www.italiaisraele.org\/#organization"},"potentialAction":[{"@type":"SearchAction","target":{"@type":"EntryPoint","urlTemplate":"https:\/\/www.italiaisraele.org\/?s={search_term_string}"},"query-input":{"@type":"PropertyValueSpecification","valueRequired":true,"valueName":"search_term_string"}}],"inLanguage":"it-IT"},{"@type":"Organization","@id":"https:\/\/www.italiaisraele.org\/#organization","name":"News Italia - Israele","url":"https:\/\/www.italiaisraele.org\/","logo":{"@type":"ImageObject","inLanguage":"it-IT","@id":"https:\/\/www.italiaisraele.org\/#\/schema\/logo\/image\/","url":"https:\/\/www.italiaisraele.org\/wp-content\/uploads\/2024\/02\/cropped-cropped-TESTATA-NEWS-2.jpg","contentUrl":"https:\/\/www.italiaisraele.org\/wp-content\/uploads\/2024\/02\/cropped-cropped-TESTATA-NEWS-2.jpg","width":1918,"height":291,"caption":"News Italia - Israele"},"image":{"@id":"https:\/\/www.italiaisraele.org\/#\/schema\/logo\/image\/"},"sameAs":["https:\/\/www.facebook.com\/Federazione.Associazioni.Italia.Israele"]},{"@type":"Person","@id":"https:\/\/www.italiaisraele.org\/#\/schema\/person\/a58663d7e92468eb3e7d158e016946cd","name":"Redazione","image":{"@type":"ImageObject","inLanguage":"it-IT","@id":"https:\/\/secure.gravatar.com\/avatar\/fe11715b332cc423bb3991a005da4d50b44647eec21b11abddd059d3deafc450?s=96&d=mm&r=g","url":"https:\/\/secure.gravatar.com\/avatar\/fe11715b332cc423bb3991a005da4d50b44647eec21b11abddd059d3deafc450?s=96&d=mm&r=g","contentUrl":"https:\/\/secure.gravatar.com\/avatar\/fe11715b332cc423bb3991a005da4d50b44647eec21b11abddd059d3deafc450?s=96&d=mm&r=g","caption":"Redazione"},"url":"https:\/\/www.italiaisraele.org\/?author=2"}]}},"_links":{"self":[{"href":"https:\/\/www.italiaisraele.org\/index.php?rest_route=\/wp\/v2\/posts\/4554","targetHints":{"allow":["GET"]}}],"collection":[{"href":"https:\/\/www.italiaisraele.org\/index.php?rest_route=\/wp\/v2\/posts"}],"about":[{"href":"https:\/\/www.italiaisraele.org\/index.php?rest_route=\/wp\/v2\/types\/post"}],"author":[{"embeddable":true,"href":"https:\/\/www.italiaisraele.org\/index.php?rest_route=\/wp\/v2\/users\/2"}],"replies":[{"embeddable":true,"href":"https:\/\/www.italiaisraele.org\/index.php?rest_route=%2Fwp%2Fv2%2Fcomments&post=4554"}],"version-history":[{"count":0,"href":"https:\/\/www.italiaisraele.org\/index.php?rest_route=\/wp\/v2\/posts\/4554\/revisions"}],"wp:featuredmedia":[{"embeddable":true,"href":"https:\/\/www.italiaisraele.org\/index.php?rest_route=\/wp\/v2\/media\/4555"}],"wp:attachment":[{"href":"https:\/\/www.italiaisraele.org\/index.php?rest_route=%2Fwp%2Fv2%2Fmedia&parent=4554"}],"wp:term":[{"taxonomy":"category","embeddable":true,"href":"https:\/\/www.italiaisraele.org\/index.php?rest_route=%2Fwp%2Fv2%2Fcategories&post=4554"},{"taxonomy":"post_tag","embeddable":true,"href":"https:\/\/www.italiaisraele.org\/index.php?rest_route=%2Fwp%2Fv2%2Ftags&post=4554"}],"curies":[{"name":"wp","href":"https:\/\/api.w.org\/{rel}","templated":true}]}}