{"id":4532,"date":"2025-07-27T09:23:06","date_gmt":"2025-07-27T07:23:06","guid":{"rendered":"https:\/\/www.italiaisraele.org\/?p=4532"},"modified":"2025-07-27T09:23:15","modified_gmt":"2025-07-27T07:23:15","slug":"e-bonelli-fonda-il-partito-islamo-marxista-con-varoufakis-e-corbin","status":"publish","type":"post","link":"https:\/\/www.italiaisraele.org\/?p=4532","title":{"rendered":"E Bonelli fonda il partito islamo-marxista (con Varoufakis e Corbin)"},"content":{"rendered":"\n<p>di <em>Edoardo Sirignano<\/em><\/p>\n\n\n\n<p>Agelo Bonelli aderisce al partito islamo-marxista di Corbyn e Varoufakis. Ad annunciarlo \u00e8 lo stesso leader di Alleanza Verdi e Sinistra, che, attraverso un post, dice di aver partecipato, in quel di Londra, all\u2019\u00aballeanza globale per la Palestina\u00bb. Diffuso, infatti, uno scatto in cui figura a un tavolo insieme all\u2019ex leader dei laburisti inglesi, conosciuto in tutto il pianeta per le sue posizioni radicali, al rivoluzionario ministro delle finanze greco, al membro dell\u2019Ira Gerry Adams e a una serie di nuove sigle rosse.<br>Il problema, per\u00f2, qui non \u00e8 la \u201csvolta troppo a sinistra\u201d, ma piuttosto le alleanze pi\u00f9 che discutibili e il percorso intrapreso dai neonati soggetti politici. Non dimentichiamo che il movimento che, nel Regno Unito, si candida a essere l\u2019alternativa al \u201cNew Labour\u201d di Blair \u00e8 parte integrante della piattaforma programmatica voluta da Zarah Sultana. Parliamo della giovanissima deputata pachistana, sospesa dal suo partito, per delle idee ritenute anti-occidentali. Non dimentichiamo, d\u2019altronde, che il suo stesso alleato e compagno \u201cJeremy\u201d era tra quegli attivisti che si erano rifiutati di definire Hamas per quel che \u00e8, ovvero un movimento terroristico. Non si conosce ancora il nome del soggetto che sta prendendo forma in Inghilterra, qualcuno dice che si chiamer\u00e0 \u201calternativa socialista\u201d, ma \u00e8 chiaro che sar\u00e0 un qualcosa che avr\u00e0 tra le proprie finalit\u00e0 quella di riunire i \u201cfratelli musulmani\u201d per un progetto che potrebbe andare oltre le libert\u00e0 concesse ai praticanti delle singole religioni.<br>Ecco perch\u00e9 pi\u00f9 di qualcuno inizia a prendere le contromisure contro una proposta che, certamente, \u00e8 da tenere sott\u2019occhio, considerando il terrore seminato in Europa da alcune frange eversive con la scusante di Gaza. Tutto ci\u00f2, per\u00f2, non preoccupa il numero uno degli ecologisti italiani che, al contrario, motiva il nuovo patto progressista come un\u2019azione tesa a fermare quei governi che sostengono le politiche di chi, oggi, \u00e8 a capo di Israele.<br>Peccato, per\u00f2, che il nuovo posizionamento di Alleanza Verdi e Sinistra, stavolta, non convince neanche i protagonisti del campo largo. Il contenitore, immaginato da Corbyn e Varoufakis, infatti, si candida a essere l\u2019alternativa di quel Pse di cui, pur avendo un ruolo sempre pi\u00f9 minoritario, fa parte il Partito Democratico di Elly Schlein. Gli unici a essere folgorati sulla via del \u201cverde\u201d Angelone, quindi, potrebbero essere i soli pentastellati.<br>Non \u00e8 detto, per\u00f2, che il furbo Conte sia disposto ad accettare una causa che lo metterebbe, automaticamente, fuori dai grandi tavoli e gli farebbe perdere del tutto quell\u2019elettorato moderato che, in un tempo non troppo lontano, determinava le sorti del suo Movimento. La nascita del partito islamista, d\u2019altronde, non \u00e8 una notizia confortante per la stabilit\u00e0 e chi la sostiene a tutti i livelli. Non sono da escludere, in seguito a tale movimentismo, una serie di &#8220;contraccolpi&#8221;, considerando i mutamenti storici in atto. Ci\u00f2 andrebbe a incidere, e non poco, su quei valori che, fino a questo momento, hanno caratterizzato la storia e la cultura del nostro continente.<\/p>\n","protected":false},"excerpt":{"rendered":"<p>di Edoardo Sirignano Agelo Bonelli aderisce al partito islamo-marxista di Corbyn e Varoufakis. Ad annunciarlo \u00e8 lo stesso leader di Alleanza Verdi e Sinistra, che, attraverso un post, dice di aver partecipato, in quel di Londra, all\u2019\u00aballeanza globale per la Palestina\u00bb. Diffuso, infatti, uno scatto in cui figura a un tavolo insieme all\u2019ex leader dei [&hellip;]<\/p>\n","protected":false},"author":2,"featured_media":4533,"comment_status":"open","ping_status":"open","sticky":false,"template":"","format":"standard","meta":{"iawp_total_views":537,"footnotes":""},"categories":[4],"tags":[861,120,864],"class_list":["post-4532","post","type-post","status-publish","format-standard","has-post-thumbnail","hentry","category-attualita","tag-angelo-bonelli","tag-antisionismo","tag-jeremy-corbin"],"yoast_head":"<!-- This site is optimized with the Yoast SEO plugin v27.5 - https:\/\/yoast.com\/product\/yoast-seo-wordpress\/ -->\r\n<title>E Bonelli fonda il partito islamo-marxista (con Varoufakis e Corbin) - Federazione Associazioni Italia Israele<\/title>\r\n<meta name=\"robots\" content=\"index, follow, max-snippet:-1, max-image-preview:large, max-video-preview:-1\" \/>\r\n<link rel=\"canonical\" href=\"https:\/\/www.italiaisraele.org\/?p=4532\" \/>\r\n<meta property=\"og:locale\" content=\"it_IT\" \/>\r\n<meta property=\"og:type\" content=\"article\" \/>\r\n<meta property=\"og:title\" content=\"E Bonelli fonda il partito islamo-marxista (con Varoufakis e Corbin) - Federazione Associazioni Italia Israele\" \/>\r\n<meta property=\"og:description\" content=\"di Edoardo Sirignano Agelo Bonelli aderisce al partito islamo-marxista di Corbyn e Varoufakis. Ad annunciarlo \u00e8 lo stesso leader di Alleanza Verdi e Sinistra, che, attraverso un post, dice di aver partecipato, in quel di Londra, all\u2019\u00aballeanza globale per la Palestina\u00bb. Diffuso, infatti, uno scatto in cui figura a un tavolo insieme all\u2019ex leader dei [&hellip;]\" \/>\r\n<meta property=\"og:url\" content=\"https:\/\/www.italiaisraele.org\/?p=4532\" \/>\r\n<meta property=\"og:site_name\" content=\"Federazione Associazioni Italia Israele\" \/>\r\n<meta property=\"article:publisher\" content=\"https:\/\/www.facebook.com\/Federazione.Associazioni.Italia.Israele\" \/>\r\n<meta property=\"article:published_time\" content=\"2025-07-27T07:23:06+00:00\" \/>\r\n<meta property=\"article:modified_time\" content=\"2025-07-27T07:23:15+00:00\" \/>\r\n<meta property=\"og:image\" content=\"https:\/\/www.italiaisraele.org\/wp-content\/uploads\/2025\/07\/052810130-e171903b-1c72-422b-9c26-825752f0f76b.jpg\" \/>\r\n\t<meta property=\"og:image:width\" content=\"600\" \/>\r\n\t<meta property=\"og:image:height\" content=\"370\" \/>\r\n\t<meta property=\"og:image:type\" content=\"image\/jpeg\" \/>\r\n<meta name=\"author\" content=\"Redazione\" \/>\r\n<meta name=\"twitter:card\" content=\"summary_large_image\" \/>\r\n<meta name=\"twitter:label1\" content=\"Scritto da\" \/>\n\t<meta name=\"twitter:data1\" content=\"Redazione\" \/>\n\t<meta name=\"twitter:label2\" content=\"Tempo di lettura stimato\" \/>\n\t<meta name=\"twitter:data2\" content=\"3 minuti\" \/>\r\n<script type=\"application\/ld+json\" class=\"yoast-schema-graph\">{\"@context\":\"https:\\\/\\\/schema.org\",\"@graph\":[{\"@type\":\"Article\",\"@id\":\"https:\\\/\\\/www.italiaisraele.org\\\/?p=4532#article\",\"isPartOf\":{\"@id\":\"https:\\\/\\\/www.italiaisraele.org\\\/?p=4532\"},\"author\":{\"name\":\"Redazione\",\"@id\":\"https:\\\/\\\/www.italiaisraele.org\\\/#\\\/schema\\\/person\\\/a58663d7e92468eb3e7d158e016946cd\"},\"headline\":\"E Bonelli fonda il partito islamo-marxista (con Varoufakis e Corbin)\",\"datePublished\":\"2025-07-27T07:23:06+00:00\",\"dateModified\":\"2025-07-27T07:23:15+00:00\",\"mainEntityOfPage\":{\"@id\":\"https:\\\/\\\/www.italiaisraele.org\\\/?p=4532\"},\"wordCount\":501,\"commentCount\":2,\"publisher\":{\"@id\":\"https:\\\/\\\/www.italiaisraele.org\\\/#organization\"},\"image\":{\"@id\":\"https:\\\/\\\/www.italiaisraele.org\\\/?p=4532#primaryimage\"},\"thumbnailUrl\":\"https:\\\/\\\/www.italiaisraele.org\\\/wp-content\\\/uploads\\\/2025\\\/07\\\/052810130-e171903b-1c72-422b-9c26-825752f0f76b.jpg\",\"keywords\":[\"Angelo Bonelli\",\"antisionismo\",\"Jeremy Corbin\"],\"articleSection\":[\"Attualit\u00e0\"],\"inLanguage\":\"it-IT\",\"potentialAction\":[{\"@type\":\"CommentAction\",\"name\":\"Comment\",\"target\":[\"https:\\\/\\\/www.italiaisraele.org\\\/?p=4532#respond\"]}]},{\"@type\":\"WebPage\",\"@id\":\"https:\\\/\\\/www.italiaisraele.org\\\/?p=4532\",\"url\":\"https:\\\/\\\/www.italiaisraele.org\\\/?p=4532\",\"name\":\"E Bonelli fonda il partito islamo-marxista (con Varoufakis e Corbin) - Federazione Associazioni Italia Israele\",\"isPartOf\":{\"@id\":\"https:\\\/\\\/www.italiaisraele.org\\\/#website\"},\"primaryImageOfPage\":{\"@id\":\"https:\\\/\\\/www.italiaisraele.org\\\/?p=4532#primaryimage\"},\"image\":{\"@id\":\"https:\\\/\\\/www.italiaisraele.org\\\/?p=4532#primaryimage\"},\"thumbnailUrl\":\"https:\\\/\\\/www.italiaisraele.org\\\/wp-content\\\/uploads\\\/2025\\\/07\\\/052810130-e171903b-1c72-422b-9c26-825752f0f76b.jpg\",\"datePublished\":\"2025-07-27T07:23:06+00:00\",\"dateModified\":\"2025-07-27T07:23:15+00:00\",\"breadcrumb\":{\"@id\":\"https:\\\/\\\/www.italiaisraele.org\\\/?p=4532#breadcrumb\"},\"inLanguage\":\"it-IT\",\"potentialAction\":[{\"@type\":\"ReadAction\",\"target\":[\"https:\\\/\\\/www.italiaisraele.org\\\/?p=4532\"]}]},{\"@type\":\"ImageObject\",\"inLanguage\":\"it-IT\",\"@id\":\"https:\\\/\\\/www.italiaisraele.org\\\/?p=4532#primaryimage\",\"url\":\"https:\\\/\\\/www.italiaisraele.org\\\/wp-content\\\/uploads\\\/2025\\\/07\\\/052810130-e171903b-1c72-422b-9c26-825752f0f76b.jpg\",\"contentUrl\":\"https:\\\/\\\/www.italiaisraele.org\\\/wp-content\\\/uploads\\\/2025\\\/07\\\/052810130-e171903b-1c72-422b-9c26-825752f0f76b.jpg\",\"width\":600,\"height\":370},{\"@type\":\"BreadcrumbList\",\"@id\":\"https:\\\/\\\/www.italiaisraele.org\\\/?p=4532#breadcrumb\",\"itemListElement\":[{\"@type\":\"ListItem\",\"position\":1,\"name\":\"Home\",\"item\":\"https:\\\/\\\/www.italiaisraele.org\\\/\"},{\"@type\":\"ListItem\",\"position\":2,\"name\":\"E Bonelli fonda il partito islamo-marxista (con Varoufakis e Corbin)\"}]},{\"@type\":\"WebSite\",\"@id\":\"https:\\\/\\\/www.italiaisraele.org\\\/#website\",\"url\":\"https:\\\/\\\/www.italiaisraele.org\\\/\",\"name\":\"News Italia - Israele\",\"description\":\"Italia Israele Today - Magazine\",\"publisher\":{\"@id\":\"https:\\\/\\\/www.italiaisraele.org\\\/#organization\"},\"potentialAction\":[{\"@type\":\"SearchAction\",\"target\":{\"@type\":\"EntryPoint\",\"urlTemplate\":\"https:\\\/\\\/www.italiaisraele.org\\\/?s={search_term_string}\"},\"query-input\":{\"@type\":\"PropertyValueSpecification\",\"valueRequired\":true,\"valueName\":\"search_term_string\"}}],\"inLanguage\":\"it-IT\"},{\"@type\":\"Organization\",\"@id\":\"https:\\\/\\\/www.italiaisraele.org\\\/#organization\",\"name\":\"News Italia - Israele\",\"url\":\"https:\\\/\\\/www.italiaisraele.org\\\/\",\"logo\":{\"@type\":\"ImageObject\",\"inLanguage\":\"it-IT\",\"@id\":\"https:\\\/\\\/www.italiaisraele.org\\\/#\\\/schema\\\/logo\\\/image\\\/\",\"url\":\"https:\\\/\\\/www.italiaisraele.org\\\/wp-content\\\/uploads\\\/2024\\\/02\\\/cropped-cropped-TESTATA-NEWS-2.jpg\",\"contentUrl\":\"https:\\\/\\\/www.italiaisraele.org\\\/wp-content\\\/uploads\\\/2024\\\/02\\\/cropped-cropped-TESTATA-NEWS-2.jpg\",\"width\":1918,\"height\":291,\"caption\":\"News Italia - Israele\"},\"image\":{\"@id\":\"https:\\\/\\\/www.italiaisraele.org\\\/#\\\/schema\\\/logo\\\/image\\\/\"},\"sameAs\":[\"https:\\\/\\\/www.facebook.com\\\/Federazione.Associazioni.Italia.Israele\"]},{\"@type\":\"Person\",\"@id\":\"https:\\\/\\\/www.italiaisraele.org\\\/#\\\/schema\\\/person\\\/a58663d7e92468eb3e7d158e016946cd\",\"name\":\"Redazione\",\"image\":{\"@type\":\"ImageObject\",\"inLanguage\":\"it-IT\",\"@id\":\"https:\\\/\\\/secure.gravatar.com\\\/avatar\\\/fe11715b332cc423bb3991a005da4d50b44647eec21b11abddd059d3deafc450?s=96&d=mm&r=g\",\"url\":\"https:\\\/\\\/secure.gravatar.com\\\/avatar\\\/fe11715b332cc423bb3991a005da4d50b44647eec21b11abddd059d3deafc450?s=96&d=mm&r=g\",\"contentUrl\":\"https:\\\/\\\/secure.gravatar.com\\\/avatar\\\/fe11715b332cc423bb3991a005da4d50b44647eec21b11abddd059d3deafc450?s=96&d=mm&r=g\",\"caption\":\"Redazione\"},\"url\":\"https:\\\/\\\/www.italiaisraele.org\\\/?author=2\"}]}<\/script>\r\n<!-- \/ Yoast SEO plugin. -->","yoast_head_json":{"title":"E Bonelli fonda il partito islamo-marxista (con Varoufakis e Corbin) - Federazione Associazioni Italia Israele","robots":{"index":"index","follow":"follow","max-snippet":"max-snippet:-1","max-image-preview":"max-image-preview:large","max-video-preview":"max-video-preview:-1"},"canonical":"https:\/\/www.italiaisraele.org\/?p=4532","og_locale":"it_IT","og_type":"article","og_title":"E Bonelli fonda il partito islamo-marxista (con Varoufakis e Corbin) - Federazione Associazioni Italia Israele","og_description":"di Edoardo Sirignano Agelo Bonelli aderisce al partito islamo-marxista di Corbyn e Varoufakis. Ad annunciarlo \u00e8 lo stesso leader di Alleanza Verdi e Sinistra, che, attraverso un post, dice di aver partecipato, in quel di Londra, all\u2019\u00aballeanza globale per la Palestina\u00bb. Diffuso, infatti, uno scatto in cui figura a un tavolo insieme all\u2019ex leader dei [&hellip;]","og_url":"https:\/\/www.italiaisraele.org\/?p=4532","og_site_name":"Federazione Associazioni Italia Israele","article_publisher":"https:\/\/www.facebook.com\/Federazione.Associazioni.Italia.Israele","article_published_time":"2025-07-27T07:23:06+00:00","article_modified_time":"2025-07-27T07:23:15+00:00","og_image":[{"width":600,"height":370,"url":"https:\/\/www.italiaisraele.org\/wp-content\/uploads\/2025\/07\/052810130-e171903b-1c72-422b-9c26-825752f0f76b.jpg","type":"image\/jpeg"}],"author":"Redazione","twitter_card":"summary_large_image","twitter_misc":{"Scritto da":"Redazione","Tempo di lettura stimato":"3 minuti"},"schema":{"@context":"https:\/\/schema.org","@graph":[{"@type":"Article","@id":"https:\/\/www.italiaisraele.org\/?p=4532#article","isPartOf":{"@id":"https:\/\/www.italiaisraele.org\/?p=4532"},"author":{"name":"Redazione","@id":"https:\/\/www.italiaisraele.org\/#\/schema\/person\/a58663d7e92468eb3e7d158e016946cd"},"headline":"E Bonelli fonda il partito islamo-marxista (con Varoufakis e Corbin)","datePublished":"2025-07-27T07:23:06+00:00","dateModified":"2025-07-27T07:23:15+00:00","mainEntityOfPage":{"@id":"https:\/\/www.italiaisraele.org\/?p=4532"},"wordCount":501,"commentCount":2,"publisher":{"@id":"https:\/\/www.italiaisraele.org\/#organization"},"image":{"@id":"https:\/\/www.italiaisraele.org\/?p=4532#primaryimage"},"thumbnailUrl":"https:\/\/www.italiaisraele.org\/wp-content\/uploads\/2025\/07\/052810130-e171903b-1c72-422b-9c26-825752f0f76b.jpg","keywords":["Angelo Bonelli","antisionismo","Jeremy Corbin"],"articleSection":["Attualit\u00e0"],"inLanguage":"it-IT","potentialAction":[{"@type":"CommentAction","name":"Comment","target":["https:\/\/www.italiaisraele.org\/?p=4532#respond"]}]},{"@type":"WebPage","@id":"https:\/\/www.italiaisraele.org\/?p=4532","url":"https:\/\/www.italiaisraele.org\/?p=4532","name":"E Bonelli fonda il partito islamo-marxista (con Varoufakis e Corbin) - Federazione Associazioni Italia Israele","isPartOf":{"@id":"https:\/\/www.italiaisraele.org\/#website"},"primaryImageOfPage":{"@id":"https:\/\/www.italiaisraele.org\/?p=4532#primaryimage"},"image":{"@id":"https:\/\/www.italiaisraele.org\/?p=4532#primaryimage"},"thumbnailUrl":"https:\/\/www.italiaisraele.org\/wp-content\/uploads\/2025\/07\/052810130-e171903b-1c72-422b-9c26-825752f0f76b.jpg","datePublished":"2025-07-27T07:23:06+00:00","dateModified":"2025-07-27T07:23:15+00:00","breadcrumb":{"@id":"https:\/\/www.italiaisraele.org\/?p=4532#breadcrumb"},"inLanguage":"it-IT","potentialAction":[{"@type":"ReadAction","target":["https:\/\/www.italiaisraele.org\/?p=4532"]}]},{"@type":"ImageObject","inLanguage":"it-IT","@id":"https:\/\/www.italiaisraele.org\/?p=4532#primaryimage","url":"https:\/\/www.italiaisraele.org\/wp-content\/uploads\/2025\/07\/052810130-e171903b-1c72-422b-9c26-825752f0f76b.jpg","contentUrl":"https:\/\/www.italiaisraele.org\/wp-content\/uploads\/2025\/07\/052810130-e171903b-1c72-422b-9c26-825752f0f76b.jpg","width":600,"height":370},{"@type":"BreadcrumbList","@id":"https:\/\/www.italiaisraele.org\/?p=4532#breadcrumb","itemListElement":[{"@type":"ListItem","position":1,"name":"Home","item":"https:\/\/www.italiaisraele.org\/"},{"@type":"ListItem","position":2,"name":"E Bonelli fonda il partito islamo-marxista (con Varoufakis e Corbin)"}]},{"@type":"WebSite","@id":"https:\/\/www.italiaisraele.org\/#website","url":"https:\/\/www.italiaisraele.org\/","name":"News Italia - Israele","description":"Italia Israele Today - Magazine","publisher":{"@id":"https:\/\/www.italiaisraele.org\/#organization"},"potentialAction":[{"@type":"SearchAction","target":{"@type":"EntryPoint","urlTemplate":"https:\/\/www.italiaisraele.org\/?s={search_term_string}"},"query-input":{"@type":"PropertyValueSpecification","valueRequired":true,"valueName":"search_term_string"}}],"inLanguage":"it-IT"},{"@type":"Organization","@id":"https:\/\/www.italiaisraele.org\/#organization","name":"News Italia - Israele","url":"https:\/\/www.italiaisraele.org\/","logo":{"@type":"ImageObject","inLanguage":"it-IT","@id":"https:\/\/www.italiaisraele.org\/#\/schema\/logo\/image\/","url":"https:\/\/www.italiaisraele.org\/wp-content\/uploads\/2024\/02\/cropped-cropped-TESTATA-NEWS-2.jpg","contentUrl":"https:\/\/www.italiaisraele.org\/wp-content\/uploads\/2024\/02\/cropped-cropped-TESTATA-NEWS-2.jpg","width":1918,"height":291,"caption":"News Italia - Israele"},"image":{"@id":"https:\/\/www.italiaisraele.org\/#\/schema\/logo\/image\/"},"sameAs":["https:\/\/www.facebook.com\/Federazione.Associazioni.Italia.Israele"]},{"@type":"Person","@id":"https:\/\/www.italiaisraele.org\/#\/schema\/person\/a58663d7e92468eb3e7d158e016946cd","name":"Redazione","image":{"@type":"ImageObject","inLanguage":"it-IT","@id":"https:\/\/secure.gravatar.com\/avatar\/fe11715b332cc423bb3991a005da4d50b44647eec21b11abddd059d3deafc450?s=96&d=mm&r=g","url":"https:\/\/secure.gravatar.com\/avatar\/fe11715b332cc423bb3991a005da4d50b44647eec21b11abddd059d3deafc450?s=96&d=mm&r=g","contentUrl":"https:\/\/secure.gravatar.com\/avatar\/fe11715b332cc423bb3991a005da4d50b44647eec21b11abddd059d3deafc450?s=96&d=mm&r=g","caption":"Redazione"},"url":"https:\/\/www.italiaisraele.org\/?author=2"}]}},"_links":{"self":[{"href":"https:\/\/www.italiaisraele.org\/index.php?rest_route=\/wp\/v2\/posts\/4532","targetHints":{"allow":["GET"]}}],"collection":[{"href":"https:\/\/www.italiaisraele.org\/index.php?rest_route=\/wp\/v2\/posts"}],"about":[{"href":"https:\/\/www.italiaisraele.org\/index.php?rest_route=\/wp\/v2\/types\/post"}],"author":[{"embeddable":true,"href":"https:\/\/www.italiaisraele.org\/index.php?rest_route=\/wp\/v2\/users\/2"}],"replies":[{"embeddable":true,"href":"https:\/\/www.italiaisraele.org\/index.php?rest_route=%2Fwp%2Fv2%2Fcomments&post=4532"}],"version-history":[{"count":0,"href":"https:\/\/www.italiaisraele.org\/index.php?rest_route=\/wp\/v2\/posts\/4532\/revisions"}],"wp:featuredmedia":[{"embeddable":true,"href":"https:\/\/www.italiaisraele.org\/index.php?rest_route=\/wp\/v2\/media\/4533"}],"wp:attachment":[{"href":"https:\/\/www.italiaisraele.org\/index.php?rest_route=%2Fwp%2Fv2%2Fmedia&parent=4532"}],"wp:term":[{"taxonomy":"category","embeddable":true,"href":"https:\/\/www.italiaisraele.org\/index.php?rest_route=%2Fwp%2Fv2%2Fcategories&post=4532"},{"taxonomy":"post_tag","embeddable":true,"href":"https:\/\/www.italiaisraele.org\/index.php?rest_route=%2Fwp%2Fv2%2Ftags&post=4532"}],"curies":[{"name":"wp","href":"https:\/\/api.w.org\/{rel}","templated":true}]}}