{"id":4510,"date":"2025-07-21T10:30:03","date_gmt":"2025-07-21T08:30:03","guid":{"rendered":"https:\/\/www.italiaisraele.org\/?p=4510"},"modified":"2025-07-21T10:37:36","modified_gmt":"2025-07-21T08:37:36","slug":"padre-ibrahim-la-star-dei-propal","status":"publish","type":"post","link":"https:\/\/www.italiaisraele.org\/?p=4510","title":{"rendered":"Padre Ibrahim, la star dei propal amico di Hamas"},"content":{"rendered":"\n<p>di <em>Emanuel Segre Amar*<\/em><\/p>\n\n\n\n<p>Padre Ibrahim Faltas \u00e8 la nuova icona della Rai.<\/p>\n\n\n\n<p>Nel 2002 un gruppo di terroristi venne accolto nella Basilica di Betlemme proprio da lui, nella descrizione che ne fece Toni Capuozzo per il Foglio (senza dimenticare che fu anche uno stretto collaboratore di quel monsignor Capucci che dalla Giordania (ringrazio l\u2019amico Beniamino che mi ha ricordato che il traffico transitava dal ponte di Allenby, frontiera aperta con la Giordania, e non avveniva dal Libano dove la frontiera era sbarrata; chiedo scusa a tutti voi per la mia disattenzione) contrabbandava Kalashnikov per i terroristi e che scont\u00f2 soltanto 4 anni di prigione a seguito di un accordo tra Israele e lo Stato del Vaticano, naturalmente disatteso dalla Chiesa):<\/p>\n\n\n\n<p>\u201cQuando leggerete queste note sar\u00e0 gi\u00e0 tardi, ma non importa. Questa mattina si presenta a Roma un agile libretto, a firma di Salvatore Lordi. Non ho mai usato questa rubrica per recensire libri, e in qualche modo sono imbarazzato da un conflitto di interessi \u2013 la prefazione del libro porta la mia firma \u2013 ma l\u2019interesse per il contenuto di quelle pagine \u00e8 pi\u00f9 forte di altri. Dunque il libro narra di quella vicenda confusa che per qualche settimana attir\u00f2 su di s\u00e9 l\u2019attenzione del mondo, finendo rubricata negli occhielli in testa alle pagine come l\u2019 \u201cassedio della Nativit\u00e0\u201d.<\/p>\n\n\n\n<p>Ne ho scritto la prefazione non solo perch\u00e9 restai intrappolato in quella storia per qualche ora, ma perch\u00e9 quella intera storia rest\u00f2 intrappolata in quell\u2019occhiello (\u201cNativit\u00e0 assediata\u201d) e il libro di Lordi costituisce un onesto tentativo di indagine su una storia molto pi\u00f9 complessa. Dal mio punto di vista fu, banalmente, una vicenda annunciata. Si capiva che sarebbe andata cos\u00ec, nei giorni in cui tutti attendevano il ritorno dei carri israeliani a Betlemme, e in cui tutti si chiedevano cosa avrebbero fatto i militanti palestinesi: tutto meno che affrontarli a viso aperto. In un servizio di quei giorni feci una previsione facile facile: avrebbero cercato di mettere tra s\u00e9 e gli israeliani i luoghi sacri. Fare una battaglia casa per casa sarebbe stato sanguinoso per la popolazione civile, usare i luoghi sacri avrebbe messo gli israeliani in imbarazzo davanti al mondo.<\/p>\n\n\n\n<p>E cos\u00ec avvenne, anche se non potevo prevedere che ci sarei finito in mezzo, costretto con altri colleghi a rifugiarmi nel convento di Santa Caterina, dove da l\u00ec a poco avrebbero fatto irruzione i palestinesi. Li vidi entrare, e capii, da come si abbracciavano che non festeggiavano un riparo improvviso raggiunto fra mille difficolt\u00e0, ma l\u2019obbiettivo riuscito, dopo averlo immaginato, preparato, cercato. E sentii, come gli altri colleghi, gli spari dal tetto della Basilica, indirizzati verso gli israeliani, perch\u00e9 rispondessero, secondo uno schema gi\u00e0 impiegato a Beit Jalla, da dove i miliziani sparavano, appostati nelle case delle famiglie cristiane, e poi se la davano, sperando in una cannonata che avrebbe fatto fremere l\u2019opinione pubblica mondiale. Tattiche sporche, ma perfino legittime, davanti al pi\u00f9 forte, a patto che siano ammesse, raccontate, e questo farsi scudo di civili e luoghi sacri non venga ricoperto dalla retorica del Davide e Golia.<\/p>\n\n\n\n<p>Questo, e altro, successe in quelle ore, in cui ebbi modo di verificare l\u2019abbondanza di scorte alimentari del convento, e l\u2019abbondanza dell\u2019armamento dei palestinesi. Ma fu una storia non raccontata, quando riuscimmo a uscire grazie al buon lavoro di Gianni Letta, della nostra rappresentanza diplomatica a Gerusalemme Est, e alla rassegnazione con cui gli israeliani rinunciarono al blitz in cui ci avrebbero usati come scusa.<\/p>\n\n\n\n<p>I miei colleghi raccontarono un\u2019altra storia, e io parlai a bassa voce, perch\u00e9 avevo a cuore la sorte di quelle suore e dei frati, ed ero schiacciato dalla piega che aveva preso la storia. Per inciso, la vicenda della Nativit\u00e0 fu accompagnata da altre fole giornalistiche: la situazione in un convitto di suore, che secondo alcuni erano ridotte allo stremo, e che invece sconfessarono ogni cosa, quasi offese che si mettesse in dubbio la loro capacit\u00e0 di resistere a tempi difficili. E quella incursione nel convento delle suore brigidine, probabilmente frutto di uno sbaglio per il gruppo di miliziani che aveva mancato l\u2019obbiettivo indicato: la Nativit\u00e0.<\/p>\n\n\n\n<p>Ci fu chi vinse e chi perse (anche la vita).<\/p>\n\n\n\n<p>Vinsero loro, nei media e nel ricordo, e nelle trattative che consentirono l\u2019esilio a un po\u2019 di ricercati. L\u2019unico a perdere, e perse la vita, fu il campanaro della Nativit\u00e0, un tipo strambo che venne ucciso da un cecchino, credo israeliano. Perse la sua quiete la basilica, dove adesso va in visita Condoleezza, ma dove i frati delle diverse confessioni hanno rivangato a lungo, e a volte a cazzotti tra di loro, quello che avvenne in quei giorni. E perse la tanto declamata Verit\u00e0: altre furono le versioni ufficiali di quanto avvenne, e la storia rest\u00f2 presto e poi per sempre incastonata in quella definizione di comodo: l\u2019assedio della Nativit\u00e0. Una storia perfetta, quasi un modulo gi\u00e0 compilato: da una parte i deboli che bussano al convento, dall\u2019altra i prepotenti che lo circondano riducendolo a pane e acqua.<\/p>\n\n\n\n<p>Fu un fatto di pigrizia mentale, di adattamento della realt\u00e0 ai propri pregiudizi e anche semplicemente di punti di vista diversi: sta di fatto che nessun dietrologo al mondo cerc\u00f2 mai di smontare le versioni ufficiali n\u00e9 la vulgata dei media, nessun sito di controinformazione fu mai tentato di analizzare la piantina del convento e della chiesa, o anche solo i rifiuti che vennero ritrovati nella basilica il giorno dopo la fine. E nessun europarlamentare scrisse mai una controinchiesta, n\u00e9 alcun osservatore not\u00f2 in quegli avvenimenti il preannuncio di una deriva fondamentalista tra i palestinesi, e di un rapporto con i cristiani di Palestina molto meno liturgico di quegli appuntamenti fissi di Arafat alla messa di Natale, proprio in quella fatidica basilica della Nativit\u00e0: quando, nei casi in cui il blocco israeliano impedisse al rais di essere presente, la sedia in prima fila veniva lasciata vuota, con solo una kefia bianca e nera poggiata sullo schienale, per strappare un brivido e uno struggimento a tutti gli uomini di buona volont\u00e0 del mondo.\u201d<\/p>\n\n\n\n<p>(Fonte: Il Foglio, 19 Ottobre 2007)<\/p>\n\n\n\n<p>*<em>Presidente Gruppo Sionistico Piemontese<\/em><\/p>\n","protected":false},"excerpt":{"rendered":"<p>di Emanuel Segre Amar* Padre Ibrahim Faltas \u00e8 la nuova icona della Rai. Nel 2002 un gruppo di terroristi venne accolto nella Basilica di Betlemme proprio da lui, nella descrizione che ne fece Toni Capuozzo per il Foglio (senza dimenticare che fu anche uno stretto collaboratore di quel monsignor Capucci che dalla Giordania (ringrazio l\u2019amico [&hellip;]<\/p>\n","protected":false},"author":2,"featured_media":4511,"comment_status":"open","ping_status":"open","sticky":false,"template":"","format":"standard","meta":{"iawp_total_views":36,"footnotes":""},"categories":[4],"tags":[857,56,858,37],"class_list":["post-4510","post","type-post","status-publish","format-standard","has-post-thumbnail","hentry","category-attualita","tag-chiesa","tag-gaza","tag-ibrahim-faltas","tag-terrorismo"],"yoast_head":"<!-- This site is optimized with the Yoast SEO plugin v27.5 - https:\/\/yoast.com\/product\/yoast-seo-wordpress\/ -->\r\n<title>Padre Ibrahim, la star dei propal amico di Hamas - Federazione Associazioni Italia Israele<\/title>\r\n<meta name=\"robots\" content=\"index, follow, max-snippet:-1, max-image-preview:large, max-video-preview:-1\" \/>\r\n<link rel=\"canonical\" href=\"https:\/\/www.italiaisraele.org\/?p=4510\" \/>\r\n<meta property=\"og:locale\" content=\"it_IT\" \/>\r\n<meta property=\"og:type\" content=\"article\" \/>\r\n<meta property=\"og:title\" content=\"Padre Ibrahim, la star dei propal amico di Hamas - Federazione Associazioni Italia Israele\" \/>\r\n<meta property=\"og:description\" content=\"di Emanuel Segre Amar* Padre Ibrahim Faltas \u00e8 la nuova icona della Rai. Nel 2002 un gruppo di terroristi venne accolto nella Basilica di Betlemme proprio da lui, nella descrizione che ne fece Toni Capuozzo per il Foglio (senza dimenticare che fu anche uno stretto collaboratore di quel monsignor Capucci che dalla Giordania (ringrazio l\u2019amico [&hellip;]\" \/>\r\n<meta property=\"og:url\" content=\"https:\/\/www.italiaisraele.org\/?p=4510\" \/>\r\n<meta property=\"og:site_name\" content=\"Federazione Associazioni Italia Israele\" \/>\r\n<meta property=\"article:publisher\" content=\"https:\/\/www.facebook.com\/Federazione.Associazioni.Italia.Israele\" \/>\r\n<meta property=\"article:published_time\" content=\"2025-07-21T08:30:03+00:00\" \/>\r\n<meta property=\"article:modified_time\" content=\"2025-07-21T08:37:36+00:00\" \/>\r\n<meta property=\"og:image\" content=\"https:\/\/www.italiaisraele.org\/wp-content\/uploads\/2025\/07\/images.jpg\" \/>\r\n\t<meta property=\"og:image:width\" content=\"679\" \/>\r\n\t<meta property=\"og:image:height\" content=\"452\" \/>\r\n\t<meta property=\"og:image:type\" content=\"image\/jpeg\" \/>\r\n<meta name=\"author\" content=\"Redazione\" \/>\r\n<meta name=\"twitter:card\" content=\"summary_large_image\" \/>\r\n<meta name=\"twitter:label1\" content=\"Scritto da\" \/>\n\t<meta name=\"twitter:data1\" content=\"Redazione\" \/>\n\t<meta name=\"twitter:label2\" content=\"Tempo di lettura stimato\" \/>\n\t<meta name=\"twitter:data2\" content=\"6 minuti\" \/>\r\n<script type=\"application\/ld+json\" class=\"yoast-schema-graph\">{\"@context\":\"https:\\\/\\\/schema.org\",\"@graph\":[{\"@type\":\"Article\",\"@id\":\"https:\\\/\\\/www.italiaisraele.org\\\/?p=4510#article\",\"isPartOf\":{\"@id\":\"https:\\\/\\\/www.italiaisraele.org\\\/?p=4510\"},\"author\":{\"name\":\"Redazione\",\"@id\":\"https:\\\/\\\/www.italiaisraele.org\\\/#\\\/schema\\\/person\\\/a58663d7e92468eb3e7d158e016946cd\"},\"headline\":\"Padre Ibrahim, la star dei propal amico di Hamas\",\"datePublished\":\"2025-07-21T08:30:03+00:00\",\"dateModified\":\"2025-07-21T08:37:36+00:00\",\"mainEntityOfPage\":{\"@id\":\"https:\\\/\\\/www.italiaisraele.org\\\/?p=4510\"},\"wordCount\":1026,\"commentCount\":0,\"publisher\":{\"@id\":\"https:\\\/\\\/www.italiaisraele.org\\\/#organization\"},\"image\":{\"@id\":\"https:\\\/\\\/www.italiaisraele.org\\\/?p=4510#primaryimage\"},\"thumbnailUrl\":\"https:\\\/\\\/www.italiaisraele.org\\\/wp-content\\\/uploads\\\/2025\\\/07\\\/images.jpg\",\"keywords\":[\"chiesa\",\"Gaza\",\"Ibrahim Faltas\",\"terrorismo\"],\"articleSection\":[\"Attualit\u00e0\"],\"inLanguage\":\"it-IT\",\"potentialAction\":[{\"@type\":\"CommentAction\",\"name\":\"Comment\",\"target\":[\"https:\\\/\\\/www.italiaisraele.org\\\/?p=4510#respond\"]}]},{\"@type\":\"WebPage\",\"@id\":\"https:\\\/\\\/www.italiaisraele.org\\\/?p=4510\",\"url\":\"https:\\\/\\\/www.italiaisraele.org\\\/?p=4510\",\"name\":\"Padre Ibrahim, la star dei propal amico di Hamas - Federazione Associazioni Italia Israele\",\"isPartOf\":{\"@id\":\"https:\\\/\\\/www.italiaisraele.org\\\/#website\"},\"primaryImageOfPage\":{\"@id\":\"https:\\\/\\\/www.italiaisraele.org\\\/?p=4510#primaryimage\"},\"image\":{\"@id\":\"https:\\\/\\\/www.italiaisraele.org\\\/?p=4510#primaryimage\"},\"thumbnailUrl\":\"https:\\\/\\\/www.italiaisraele.org\\\/wp-content\\\/uploads\\\/2025\\\/07\\\/images.jpg\",\"datePublished\":\"2025-07-21T08:30:03+00:00\",\"dateModified\":\"2025-07-21T08:37:36+00:00\",\"breadcrumb\":{\"@id\":\"https:\\\/\\\/www.italiaisraele.org\\\/?p=4510#breadcrumb\"},\"inLanguage\":\"it-IT\",\"potentialAction\":[{\"@type\":\"ReadAction\",\"target\":[\"https:\\\/\\\/www.italiaisraele.org\\\/?p=4510\"]}]},{\"@type\":\"ImageObject\",\"inLanguage\":\"it-IT\",\"@id\":\"https:\\\/\\\/www.italiaisraele.org\\\/?p=4510#primaryimage\",\"url\":\"https:\\\/\\\/www.italiaisraele.org\\\/wp-content\\\/uploads\\\/2025\\\/07\\\/images.jpg\",\"contentUrl\":\"https:\\\/\\\/www.italiaisraele.org\\\/wp-content\\\/uploads\\\/2025\\\/07\\\/images.jpg\",\"width\":679,\"height\":452},{\"@type\":\"BreadcrumbList\",\"@id\":\"https:\\\/\\\/www.italiaisraele.org\\\/?p=4510#breadcrumb\",\"itemListElement\":[{\"@type\":\"ListItem\",\"position\":1,\"name\":\"Home\",\"item\":\"https:\\\/\\\/www.italiaisraele.org\\\/\"},{\"@type\":\"ListItem\",\"position\":2,\"name\":\"Padre Ibrahim, la star dei propal amico di Hamas\"}]},{\"@type\":\"WebSite\",\"@id\":\"https:\\\/\\\/www.italiaisraele.org\\\/#website\",\"url\":\"https:\\\/\\\/www.italiaisraele.org\\\/\",\"name\":\"News Italia - Israele\",\"description\":\"Italia Israele Today - Magazine\",\"publisher\":{\"@id\":\"https:\\\/\\\/www.italiaisraele.org\\\/#organization\"},\"potentialAction\":[{\"@type\":\"SearchAction\",\"target\":{\"@type\":\"EntryPoint\",\"urlTemplate\":\"https:\\\/\\\/www.italiaisraele.org\\\/?s={search_term_string}\"},\"query-input\":{\"@type\":\"PropertyValueSpecification\",\"valueRequired\":true,\"valueName\":\"search_term_string\"}}],\"inLanguage\":\"it-IT\"},{\"@type\":\"Organization\",\"@id\":\"https:\\\/\\\/www.italiaisraele.org\\\/#organization\",\"name\":\"News Italia - Israele\",\"url\":\"https:\\\/\\\/www.italiaisraele.org\\\/\",\"logo\":{\"@type\":\"ImageObject\",\"inLanguage\":\"it-IT\",\"@id\":\"https:\\\/\\\/www.italiaisraele.org\\\/#\\\/schema\\\/logo\\\/image\\\/\",\"url\":\"https:\\\/\\\/www.italiaisraele.org\\\/wp-content\\\/uploads\\\/2024\\\/02\\\/cropped-cropped-TESTATA-NEWS-2.jpg\",\"contentUrl\":\"https:\\\/\\\/www.italiaisraele.org\\\/wp-content\\\/uploads\\\/2024\\\/02\\\/cropped-cropped-TESTATA-NEWS-2.jpg\",\"width\":1918,\"height\":291,\"caption\":\"News Italia - Israele\"},\"image\":{\"@id\":\"https:\\\/\\\/www.italiaisraele.org\\\/#\\\/schema\\\/logo\\\/image\\\/\"},\"sameAs\":[\"https:\\\/\\\/www.facebook.com\\\/Federazione.Associazioni.Italia.Israele\"]},{\"@type\":\"Person\",\"@id\":\"https:\\\/\\\/www.italiaisraele.org\\\/#\\\/schema\\\/person\\\/a58663d7e92468eb3e7d158e016946cd\",\"name\":\"Redazione\",\"image\":{\"@type\":\"ImageObject\",\"inLanguage\":\"it-IT\",\"@id\":\"https:\\\/\\\/secure.gravatar.com\\\/avatar\\\/fe11715b332cc423bb3991a005da4d50b44647eec21b11abddd059d3deafc450?s=96&d=mm&r=g\",\"url\":\"https:\\\/\\\/secure.gravatar.com\\\/avatar\\\/fe11715b332cc423bb3991a005da4d50b44647eec21b11abddd059d3deafc450?s=96&d=mm&r=g\",\"contentUrl\":\"https:\\\/\\\/secure.gravatar.com\\\/avatar\\\/fe11715b332cc423bb3991a005da4d50b44647eec21b11abddd059d3deafc450?s=96&d=mm&r=g\",\"caption\":\"Redazione\"},\"url\":\"https:\\\/\\\/www.italiaisraele.org\\\/?author=2\"}]}<\/script>\r\n<!-- \/ Yoast SEO plugin. -->","yoast_head_json":{"title":"Padre Ibrahim, la star dei propal amico di Hamas - Federazione Associazioni Italia Israele","robots":{"index":"index","follow":"follow","max-snippet":"max-snippet:-1","max-image-preview":"max-image-preview:large","max-video-preview":"max-video-preview:-1"},"canonical":"https:\/\/www.italiaisraele.org\/?p=4510","og_locale":"it_IT","og_type":"article","og_title":"Padre Ibrahim, la star dei propal amico di Hamas - Federazione Associazioni Italia Israele","og_description":"di Emanuel Segre Amar* Padre Ibrahim Faltas \u00e8 la nuova icona della Rai. Nel 2002 un gruppo di terroristi venne accolto nella Basilica di Betlemme proprio da lui, nella descrizione che ne fece Toni Capuozzo per il Foglio (senza dimenticare che fu anche uno stretto collaboratore di quel monsignor Capucci che dalla Giordania (ringrazio l\u2019amico [&hellip;]","og_url":"https:\/\/www.italiaisraele.org\/?p=4510","og_site_name":"Federazione Associazioni Italia Israele","article_publisher":"https:\/\/www.facebook.com\/Federazione.Associazioni.Italia.Israele","article_published_time":"2025-07-21T08:30:03+00:00","article_modified_time":"2025-07-21T08:37:36+00:00","og_image":[{"width":679,"height":452,"url":"https:\/\/www.italiaisraele.org\/wp-content\/uploads\/2025\/07\/images.jpg","type":"image\/jpeg"}],"author":"Redazione","twitter_card":"summary_large_image","twitter_misc":{"Scritto da":"Redazione","Tempo di lettura stimato":"6 minuti"},"schema":{"@context":"https:\/\/schema.org","@graph":[{"@type":"Article","@id":"https:\/\/www.italiaisraele.org\/?p=4510#article","isPartOf":{"@id":"https:\/\/www.italiaisraele.org\/?p=4510"},"author":{"name":"Redazione","@id":"https:\/\/www.italiaisraele.org\/#\/schema\/person\/a58663d7e92468eb3e7d158e016946cd"},"headline":"Padre Ibrahim, la star dei propal amico di Hamas","datePublished":"2025-07-21T08:30:03+00:00","dateModified":"2025-07-21T08:37:36+00:00","mainEntityOfPage":{"@id":"https:\/\/www.italiaisraele.org\/?p=4510"},"wordCount":1026,"commentCount":0,"publisher":{"@id":"https:\/\/www.italiaisraele.org\/#organization"},"image":{"@id":"https:\/\/www.italiaisraele.org\/?p=4510#primaryimage"},"thumbnailUrl":"https:\/\/www.italiaisraele.org\/wp-content\/uploads\/2025\/07\/images.jpg","keywords":["chiesa","Gaza","Ibrahim Faltas","terrorismo"],"articleSection":["Attualit\u00e0"],"inLanguage":"it-IT","potentialAction":[{"@type":"CommentAction","name":"Comment","target":["https:\/\/www.italiaisraele.org\/?p=4510#respond"]}]},{"@type":"WebPage","@id":"https:\/\/www.italiaisraele.org\/?p=4510","url":"https:\/\/www.italiaisraele.org\/?p=4510","name":"Padre Ibrahim, la star dei propal amico di Hamas - Federazione Associazioni Italia Israele","isPartOf":{"@id":"https:\/\/www.italiaisraele.org\/#website"},"primaryImageOfPage":{"@id":"https:\/\/www.italiaisraele.org\/?p=4510#primaryimage"},"image":{"@id":"https:\/\/www.italiaisraele.org\/?p=4510#primaryimage"},"thumbnailUrl":"https:\/\/www.italiaisraele.org\/wp-content\/uploads\/2025\/07\/images.jpg","datePublished":"2025-07-21T08:30:03+00:00","dateModified":"2025-07-21T08:37:36+00:00","breadcrumb":{"@id":"https:\/\/www.italiaisraele.org\/?p=4510#breadcrumb"},"inLanguage":"it-IT","potentialAction":[{"@type":"ReadAction","target":["https:\/\/www.italiaisraele.org\/?p=4510"]}]},{"@type":"ImageObject","inLanguage":"it-IT","@id":"https:\/\/www.italiaisraele.org\/?p=4510#primaryimage","url":"https:\/\/www.italiaisraele.org\/wp-content\/uploads\/2025\/07\/images.jpg","contentUrl":"https:\/\/www.italiaisraele.org\/wp-content\/uploads\/2025\/07\/images.jpg","width":679,"height":452},{"@type":"BreadcrumbList","@id":"https:\/\/www.italiaisraele.org\/?p=4510#breadcrumb","itemListElement":[{"@type":"ListItem","position":1,"name":"Home","item":"https:\/\/www.italiaisraele.org\/"},{"@type":"ListItem","position":2,"name":"Padre Ibrahim, la star dei propal amico di Hamas"}]},{"@type":"WebSite","@id":"https:\/\/www.italiaisraele.org\/#website","url":"https:\/\/www.italiaisraele.org\/","name":"News Italia - Israele","description":"Italia Israele Today - Magazine","publisher":{"@id":"https:\/\/www.italiaisraele.org\/#organization"},"potentialAction":[{"@type":"SearchAction","target":{"@type":"EntryPoint","urlTemplate":"https:\/\/www.italiaisraele.org\/?s={search_term_string}"},"query-input":{"@type":"PropertyValueSpecification","valueRequired":true,"valueName":"search_term_string"}}],"inLanguage":"it-IT"},{"@type":"Organization","@id":"https:\/\/www.italiaisraele.org\/#organization","name":"News Italia - Israele","url":"https:\/\/www.italiaisraele.org\/","logo":{"@type":"ImageObject","inLanguage":"it-IT","@id":"https:\/\/www.italiaisraele.org\/#\/schema\/logo\/image\/","url":"https:\/\/www.italiaisraele.org\/wp-content\/uploads\/2024\/02\/cropped-cropped-TESTATA-NEWS-2.jpg","contentUrl":"https:\/\/www.italiaisraele.org\/wp-content\/uploads\/2024\/02\/cropped-cropped-TESTATA-NEWS-2.jpg","width":1918,"height":291,"caption":"News Italia - Israele"},"image":{"@id":"https:\/\/www.italiaisraele.org\/#\/schema\/logo\/image\/"},"sameAs":["https:\/\/www.facebook.com\/Federazione.Associazioni.Italia.Israele"]},{"@type":"Person","@id":"https:\/\/www.italiaisraele.org\/#\/schema\/person\/a58663d7e92468eb3e7d158e016946cd","name":"Redazione","image":{"@type":"ImageObject","inLanguage":"it-IT","@id":"https:\/\/secure.gravatar.com\/avatar\/fe11715b332cc423bb3991a005da4d50b44647eec21b11abddd059d3deafc450?s=96&d=mm&r=g","url":"https:\/\/secure.gravatar.com\/avatar\/fe11715b332cc423bb3991a005da4d50b44647eec21b11abddd059d3deafc450?s=96&d=mm&r=g","contentUrl":"https:\/\/secure.gravatar.com\/avatar\/fe11715b332cc423bb3991a005da4d50b44647eec21b11abddd059d3deafc450?s=96&d=mm&r=g","caption":"Redazione"},"url":"https:\/\/www.italiaisraele.org\/?author=2"}]}},"_links":{"self":[{"href":"https:\/\/www.italiaisraele.org\/index.php?rest_route=\/wp\/v2\/posts\/4510","targetHints":{"allow":["GET"]}}],"collection":[{"href":"https:\/\/www.italiaisraele.org\/index.php?rest_route=\/wp\/v2\/posts"}],"about":[{"href":"https:\/\/www.italiaisraele.org\/index.php?rest_route=\/wp\/v2\/types\/post"}],"author":[{"embeddable":true,"href":"https:\/\/www.italiaisraele.org\/index.php?rest_route=\/wp\/v2\/users\/2"}],"replies":[{"embeddable":true,"href":"https:\/\/www.italiaisraele.org\/index.php?rest_route=%2Fwp%2Fv2%2Fcomments&post=4510"}],"version-history":[{"count":0,"href":"https:\/\/www.italiaisraele.org\/index.php?rest_route=\/wp\/v2\/posts\/4510\/revisions"}],"wp:featuredmedia":[{"embeddable":true,"href":"https:\/\/www.italiaisraele.org\/index.php?rest_route=\/wp\/v2\/media\/4511"}],"wp:attachment":[{"href":"https:\/\/www.italiaisraele.org\/index.php?rest_route=%2Fwp%2Fv2%2Fmedia&parent=4510"}],"wp:term":[{"taxonomy":"category","embeddable":true,"href":"https:\/\/www.italiaisraele.org\/index.php?rest_route=%2Fwp%2Fv2%2Fcategories&post=4510"},{"taxonomy":"post_tag","embeddable":true,"href":"https:\/\/www.italiaisraele.org\/index.php?rest_route=%2Fwp%2Fv2%2Ftags&post=4510"}],"curies":[{"name":"wp","href":"https:\/\/api.w.org\/{rel}","templated":true}]}}