{"id":4348,"date":"2025-06-24T21:41:33","date_gmt":"2025-06-24T19:41:33","guid":{"rendered":"https:\/\/www.italiaisraele.org\/?p=4348"},"modified":"2025-06-24T22:16:47","modified_gmt":"2025-06-24T20:16:47","slug":"ottolenghi-ora-preoccupa-la-minaccia-terroristica","status":"publish","type":"post","link":"https:\/\/www.italiaisraele.org\/?p=4348","title":{"rendered":"Ottolenghi: &#8220;Ora preoccupa la minaccia terroristica&#8221;"},"content":{"rendered":"\n<p><em>intervista di Ruben Della Rocca<\/em><\/p>\n\n\n\n<p>La notte tra sabato 21\u00a0 e domenica 22 giugno 2025,un momento epocale per la storia del Medio Oriente e dei suoi conflitti ultradecennali. La notte in cui gli Stati Uniti d&#8217;America hanno lanciato l&#8217;operazione &#8220;Martello di mezzanotte&#8221; che ha dato luce verde ai bombardieri Spirit B2. Gli aerei da guerra con le loro bombe da 14 tonnellate hanno colpito i tre siti nucleari pi\u00f9 importanti della Repubblica Islamica dell&#8217;Iran: Natanz, Ishafan e soprattutto quella che sembrava una fortezza inattaccabile, Fordow.<br>Per comprendere quanto il blitz statunitense sia stato efficace e cosa dobbiamo aspettarci dopo il raid abbiamo rivolto alcuni quesiti al professor Emanuele Ottolenghi, analista e saggista tra i maggiori esperti degli Stati Uniti, di Israele, del conflitto mediorientale e della galassia dei movimenti terroristici proxies all\u2019Iran. Ottolenghi alla atomica di Teheran ha dedicato il volume &#8220;La bomba iraniana\u201d.<\/p>\n\n\n<div class=\"wp-block-image\">\n<figure class=\"aligncenter size-large is-resized\"><img loading=\"lazy\" decoding=\"async\" width=\"1024\" height=\"576\" src=\"https:\/\/www.italiaisraele.org\/wp-content\/uploads\/2025\/06\/maxresdefault-1024x576.jpg\" alt=\"\" class=\"wp-image-4350\" style=\"width:663px;height:auto\" srcset=\"https:\/\/www.italiaisraele.org\/wp-content\/uploads\/2025\/06\/maxresdefault-1024x576.jpg 1024w, https:\/\/www.italiaisraele.org\/wp-content\/uploads\/2025\/06\/maxresdefault-300x169.jpg 300w, https:\/\/www.italiaisraele.org\/wp-content\/uploads\/2025\/06\/maxresdefault-768x432.jpg 768w, https:\/\/www.italiaisraele.org\/wp-content\/uploads\/2025\/06\/maxresdefault-1160x653.jpg 1160w, https:\/\/www.italiaisraele.org\/wp-content\/uploads\/2025\/06\/maxresdefault-600x338.jpg 600w, https:\/\/www.italiaisraele.org\/wp-content\/uploads\/2025\/06\/maxresdefault.jpg 1280w\" sizes=\"auto, (max-width: 1024px) 100vw, 1024px\" \/><\/figure>\n<\/div>\n\n\n<p>(<em>Emanuele Ottolenghi<\/em>)<\/p>\n\n\n\n<p><strong>Professor Ottolenghi,come possiamo valutare l&#8217;azione militare americana sui siti iraniani e quali le conseguenze e i danni procurati agli ayatollah di Teheran?<\/strong><br>&#8220;Gli americani non hanno ancora completato il BDA (Battle damage assesment, valutazione impatto operazione) e ci vorranno ancora dei giorni per saperlo con precisione. In via preliminare, sembra che abbiano inflitto grave danno alle infrastrutture colpite, impedendone l\u2019uso futuro per arricchire l\u2019uranio. Va aggiunto anche l\u2019impatto strategico di un\u2019operazione il cui riverbero va ben oltre il conflitto con l\u2019Iran. E\u2019 qualcosa che si sta digerendo anche a Mosca, Pechino e a Pyongyang. L\u2019immensit\u00e0 del potere militare americano di un presidente pronto ad usarlo, contro cui le tecnologie militari prodotte degli avversari dell\u2019America poco o nulla possono&#8221;.<\/p>\n\n\n\n<p><strong>Professor Ottolenghi, dopo le rivelazioni dell&#8217;Aiea, in parte ritrattate dal suo responsabile Rafael Grossi,  eravamo davvero arrivati a un punto di non ritorno sulla atomica iraniana?<\/strong><br>&#8220;In realt\u00e0 Grossi non ha ritrattato le rivelazioni. Ha semplicemente elucidato le limitazioni  dell\u2019agenzia. Loro possono solamente commentare quello che vedono e il loro mandato riguarda solo le attivit\u00e0 nucleari pi\u00f9 propriamente legate al ciclo di produzione del combustibile nucleare&#8221;.<\/p>\n\n\n\n<p><strong>Quali saranno le reazioni sullo scacchiere mediorientale e non solo, dopo questo attacco? Quale potr\u00e0 essere il livello di pericolosit\u00e0 della reazione iraniana?<\/strong><br>&#8220;C\u2019\u00e8 molta ansia naturalmente perch\u00e9 questa fase della guerra non si \u00e8 ancora chiusa. Per\u00f2\u2019 c\u2019\u00e8 anche sollievo. Intanto per il ritorno della potenza americana, eclissatasi nella regione durante la presidenza Biden. Poi per il durissimo colpo inflitto a un regime inviso ai pi\u00f9. Un regime, quello iraniano, che \u00e8 stato fortemente ridimensionato dalle operazioni in corso e le sue azioni di rappresaglia, per quanto esistano e comportino rischi e danni, sono rischiose prima di tutto per Teheran. Gli iraniani sanno bene cosa potrebbe accadere se chiudessero gli stretti di Hormuz o se attaccassero le forze americane nella regione. Per questo penso sia possibile che la risposta sar\u00e0 limitata a livello convenzionale. Mi preoccupa di pi\u00f9 la minaccia terrorismo in questo momento&#8221;.<\/p>\n\n\n\n<p><strong>Cosa dobbiamo aspettarci dall&#8217;asse terroristico vicino all&#8217;Iran e dalle nazioni amiche degli ayatollah come Russia, Cina e Corea?<\/strong><br>&#8220;Dobbiamo aspettarci problemi dal primo e circospezione dai secondi. L\u2019asse della resistenza iraniano formato da Houtis, Hamas, Hezbollah e milizie sciite in Iraq forse non verr\u00e0 attivato come in passato in quanto hanno subito duri colpi negli ultimi due anni e anche per loro i rischi di un\u2019escalation sono molto pi\u00f9 severi che prima del 7 ottobre 2023. Per\u00f2 potrebbero lanciare operazioni terroristiche, non in Medioriente ma qui in Europa, negli USA, o in America Latina dove hanno reti ben radicate&#8221;.<\/p>\n\n\n\n<p><strong>L&#8217;attacco statunitense ha veramente scongiurato il pericolo atomico? Dobbiamo aspettarci altri attacchi americani all\u2019Iran, assieme a quelli israeliani che continuano?<\/strong><br>&#8220;Dipender\u00e0 molto dalla valutazione dell\u2019impatto dell\u2019operazione di sabato e dalla reazione. Se il danno fatto fosse irreparabile e se le scorte di uranio arricchito fossero state annientate, credo che la partita sul nucleare sarebbe chiusa. Altrimenti ci sar\u00e0 bisogno di ulteriori azioni, ma potrebbero pensarci di israeliani. Diversa la questione se una rappresaglia iraniana minacciasse l\u2019economia globale o causasse vittime danni ai forze USA in Medioriente o ai suoi alleati. In quel caso mi aspetto altre azioni americane&#8221;.<\/p>\n\n\n\n<p><strong>Alla luce dei fatti il presidente Trump si \u00e8 dimostrato un abile giocatore di poker e ha saputo bluffare con il nemico iraniano distogliendolo con la dichiarata presa di tempo delle due settimane: dobbiamo aspettarci altre sorprese da parte sua?<\/strong><br>&#8220;Per amor del vero il presidente Trump non ha mai dato due settimane agli iraniani .Ha detto &#8220;within two weeks&#8221;, ENTRO due settimane. Fino all\u2019ultimo Trump a lasciato aperto la porta a una soluzione diplomatica ma quando il ministro degli esteri iraniano Abbas Aragchi, venerd\u00ec a Ginevra, ha fatto il suo ennesimo tentativo tergiversante di guadagnare tempo senza andare incontro alle condizioni del presidente americano era evidente che il conto alla rovescia fosse iniziato. Ci siamo fatti un\u2019idea che Trump bluffasse o che fosse solo uno sbruffone. Nel caso iraniano, in realt\u00e0 ha detto e fatto quello che aveva promesso&#8221;.<\/p>\n\n\n\n<p><strong>Le reazioni internazionali agli attacchi: il suo pensiero in merito? L&#8217;opposizione in Italia critica aspramente Netanyahu e Trump per violazioni del diritto internazionale. Che ne pensa?<\/strong><br>&#8220;L\u2019opposizione avrebbe pi\u00f9 credibilit\u00e0 nell\u2019invocare il diritto internazionale se lo imboccasse universalmente. Mi sembra carente invece sulle violazioni del diritto internazionale commessi da Russia in Ucraina, dall\u2019Iran nelle sue inadempienze del trattato di non proliferazione o nel suo bombardamento deliberato di obiettivi civili in Israele, da Hamas per i suoi crimini di guerra. La lista \u00e8 lunga. Il diritto cessa di essere diritto quando viene invocato selettivamente&#8221;.<\/p>\n\n\n\n<p><strong>Professore,possiamo dire che il pericolo rappresentato dall&#8217;atomica in mano agli ayatollah sia debellato?<\/strong><br>&#8220;\u00c8 troppo presto per dirlo. Certamente \u00e8 stato ridimensionato, ritardato e diminuito. Invece che settimane ora probabilmente ci vorranno mesi se non anni per poter ricostruire quanto \u00e8 stato distrutto, senza contare che molto di quello che \u00e8 andato perduto sono conoscenze ed esperienza, che non si possono riprodurre rapidamente o facilmente. Per\u00f2\u2019 la minaccia alla fine si estinguer\u00e0\u2019 solo quando il regime iraniano non ci sar\u00e0 pi\u00f9 o abbandoner\u00e0 le sue ambizioni egemoniche per la regione e genocide per Israele.<\/p>\n\n\n\n<p>M<strong>entre l\u2019attenzione \u00e8 sull\u2019Iran, che futuro per Gaza e per gli ostaggi in mano ad Hamas?<\/strong><br>&#8220;Il duro colpo subito dall\u2019Iran paradossalmente potrebbe aprire uno spiraglio a Gaza. Hamas \u00e8 una estensione dell\u2019Iran e senza il sostegno di Teheran il 7 ottobre probabilmente non sarebbe accaduto. Se ripartisse la diplomazia ora, l\u2019Occidente farebbe bene a negoziare non solo sul nucleare ma a tutto campo: il programma di missili balistici, il sostegno ai proxies. Una soluzione del conflitto a Gaza che porti al rilascio degli ostaggi e alla rimozione permanente di Hamas con la creazione di un\u2019amministrazione congiunta dei paesi arabi moderati per la ricostruzione della Striscia&#8221;.<\/p>\n","protected":false},"excerpt":{"rendered":"<p>intervista di Ruben Della Rocca La notte tra sabato 21\u00a0 e domenica 22 giugno 2025,un momento epocale per la storia del Medio Oriente e dei suoi conflitti ultradecennali. La notte in cui gli Stati Uniti d&#8217;America hanno lanciato l&#8217;operazione &#8220;Martello di mezzanotte&#8221; che ha dato luce verde ai bombardieri Spirit B2. Gli aerei da guerra [&hellip;]<\/p>\n","protected":false},"author":2,"featured_media":4349,"comment_status":"open","ping_status":"open","sticky":false,"template":"","format":"standard","meta":{"iawp_total_views":41,"footnotes":""},"categories":[4],"tags":[831,134,13,419,37,70],"class_list":["post-4348","post","type-post","status-publish","format-standard","has-post-thumbnail","hentry","category-attualita","tag-emanuele-ottolennghi","tag-iran","tag-israele","tag-nucleare","tag-terrorismo","tag-usa"],"yoast_head":"<!-- This site is optimized with the Yoast SEO plugin v27.5 - https:\/\/yoast.com\/product\/yoast-seo-wordpress\/ -->\r\n<title>Ottolenghi: &quot;Ora preoccupa la minaccia terroristica&quot; - Federazione Associazioni Italia Israele<\/title>\r\n<meta name=\"robots\" content=\"index, follow, max-snippet:-1, max-image-preview:large, max-video-preview:-1\" \/>\r\n<link rel=\"canonical\" href=\"https:\/\/www.italiaisraele.org\/?p=4348\" \/>\r\n<meta property=\"og:locale\" content=\"it_IT\" \/>\r\n<meta property=\"og:type\" content=\"article\" \/>\r\n<meta property=\"og:title\" content=\"Ottolenghi: &quot;Ora preoccupa la minaccia terroristica&quot; - Federazione Associazioni Italia Israele\" \/>\r\n<meta property=\"og:description\" content=\"intervista di Ruben Della Rocca La notte tra sabato 21\u00a0 e domenica 22 giugno 2025,un momento epocale per la storia del Medio Oriente e dei suoi conflitti ultradecennali. La notte in cui gli Stati Uniti d&#8217;America hanno lanciato l&#8217;operazione &#8220;Martello di mezzanotte&#8221; che ha dato luce verde ai bombardieri Spirit B2. Gli aerei da guerra [&hellip;]\" \/>\r\n<meta property=\"og:url\" content=\"https:\/\/www.italiaisraele.org\/?p=4348\" \/>\r\n<meta property=\"og:site_name\" content=\"Federazione Associazioni Italia Israele\" \/>\r\n<meta property=\"article:publisher\" content=\"https:\/\/www.facebook.com\/Federazione.Associazioni.Italia.Israele\" \/>\r\n<meta property=\"article:published_time\" content=\"2025-06-24T19:41:33+00:00\" \/>\r\n<meta property=\"article:modified_time\" content=\"2025-06-24T20:16:47+00:00\" \/>\r\n<meta property=\"og:image\" content=\"https:\/\/www.italiaisraele.org\/wp-content\/uploads\/2025\/06\/4376035512_b682caba81_o.jpg\" \/>\r\n\t<meta property=\"og:image:width\" content=\"2362\" \/>\r\n\t<meta property=\"og:image:height\" content=\"1509\" \/>\r\n\t<meta property=\"og:image:type\" content=\"image\/jpeg\" \/>\r\n<meta name=\"author\" content=\"Redazione\" \/>\r\n<meta name=\"twitter:card\" content=\"summary_large_image\" \/>\r\n<meta name=\"twitter:label1\" content=\"Scritto da\" \/>\n\t<meta name=\"twitter:data1\" content=\"Redazione\" \/>\n\t<meta name=\"twitter:label2\" content=\"Tempo di lettura stimato\" \/>\n\t<meta name=\"twitter:data2\" content=\"7 minuti\" \/>\r\n<script type=\"application\/ld+json\" class=\"yoast-schema-graph\">{\"@context\":\"https:\\\/\\\/schema.org\",\"@graph\":[{\"@type\":\"Article\",\"@id\":\"https:\\\/\\\/www.italiaisraele.org\\\/?p=4348#article\",\"isPartOf\":{\"@id\":\"https:\\\/\\\/www.italiaisraele.org\\\/?p=4348\"},\"author\":{\"name\":\"Redazione\",\"@id\":\"https:\\\/\\\/www.italiaisraele.org\\\/#\\\/schema\\\/person\\\/a58663d7e92468eb3e7d158e016946cd\"},\"headline\":\"Ottolenghi: &#8220;Ora preoccupa la minaccia terroristica&#8221;\",\"datePublished\":\"2025-06-24T19:41:33+00:00\",\"dateModified\":\"2025-06-24T20:16:47+00:00\",\"mainEntityOfPage\":{\"@id\":\"https:\\\/\\\/www.italiaisraele.org\\\/?p=4348\"},\"wordCount\":1133,\"commentCount\":2,\"publisher\":{\"@id\":\"https:\\\/\\\/www.italiaisraele.org\\\/#organization\"},\"image\":{\"@id\":\"https:\\\/\\\/www.italiaisraele.org\\\/?p=4348#primaryimage\"},\"thumbnailUrl\":\"https:\\\/\\\/www.italiaisraele.org\\\/wp-content\\\/uploads\\\/2025\\\/06\\\/4376035512_b682caba81_o.jpg\",\"keywords\":[\"Emanuele Ottolennghi\",\"Iran\",\"Israele\",\"nucleare\",\"terrorismo\",\"Usa\"],\"articleSection\":[\"Attualit\u00e0\"],\"inLanguage\":\"it-IT\",\"potentialAction\":[{\"@type\":\"CommentAction\",\"name\":\"Comment\",\"target\":[\"https:\\\/\\\/www.italiaisraele.org\\\/?p=4348#respond\"]}]},{\"@type\":\"WebPage\",\"@id\":\"https:\\\/\\\/www.italiaisraele.org\\\/?p=4348\",\"url\":\"https:\\\/\\\/www.italiaisraele.org\\\/?p=4348\",\"name\":\"Ottolenghi: \\\"Ora preoccupa la minaccia terroristica\\\" - Federazione Associazioni Italia Israele\",\"isPartOf\":{\"@id\":\"https:\\\/\\\/www.italiaisraele.org\\\/#website\"},\"primaryImageOfPage\":{\"@id\":\"https:\\\/\\\/www.italiaisraele.org\\\/?p=4348#primaryimage\"},\"image\":{\"@id\":\"https:\\\/\\\/www.italiaisraele.org\\\/?p=4348#primaryimage\"},\"thumbnailUrl\":\"https:\\\/\\\/www.italiaisraele.org\\\/wp-content\\\/uploads\\\/2025\\\/06\\\/4376035512_b682caba81_o.jpg\",\"datePublished\":\"2025-06-24T19:41:33+00:00\",\"dateModified\":\"2025-06-24T20:16:47+00:00\",\"breadcrumb\":{\"@id\":\"https:\\\/\\\/www.italiaisraele.org\\\/?p=4348#breadcrumb\"},\"inLanguage\":\"it-IT\",\"potentialAction\":[{\"@type\":\"ReadAction\",\"target\":[\"https:\\\/\\\/www.italiaisraele.org\\\/?p=4348\"]}]},{\"@type\":\"ImageObject\",\"inLanguage\":\"it-IT\",\"@id\":\"https:\\\/\\\/www.italiaisraele.org\\\/?p=4348#primaryimage\",\"url\":\"https:\\\/\\\/www.italiaisraele.org\\\/wp-content\\\/uploads\\\/2025\\\/06\\\/4376035512_b682caba81_o.jpg\",\"contentUrl\":\"https:\\\/\\\/www.italiaisraele.org\\\/wp-content\\\/uploads\\\/2025\\\/06\\\/4376035512_b682caba81_o.jpg\",\"width\":2362,\"height\":1509},{\"@type\":\"BreadcrumbList\",\"@id\":\"https:\\\/\\\/www.italiaisraele.org\\\/?p=4348#breadcrumb\",\"itemListElement\":[{\"@type\":\"ListItem\",\"position\":1,\"name\":\"Home\",\"item\":\"https:\\\/\\\/www.italiaisraele.org\\\/\"},{\"@type\":\"ListItem\",\"position\":2,\"name\":\"Ottolenghi: &#8220;Ora preoccupa la minaccia terroristica&#8221;\"}]},{\"@type\":\"WebSite\",\"@id\":\"https:\\\/\\\/www.italiaisraele.org\\\/#website\",\"url\":\"https:\\\/\\\/www.italiaisraele.org\\\/\",\"name\":\"News Italia - Israele\",\"description\":\"Italia Israele Today - Magazine\",\"publisher\":{\"@id\":\"https:\\\/\\\/www.italiaisraele.org\\\/#organization\"},\"potentialAction\":[{\"@type\":\"SearchAction\",\"target\":{\"@type\":\"EntryPoint\",\"urlTemplate\":\"https:\\\/\\\/www.italiaisraele.org\\\/?s={search_term_string}\"},\"query-input\":{\"@type\":\"PropertyValueSpecification\",\"valueRequired\":true,\"valueName\":\"search_term_string\"}}],\"inLanguage\":\"it-IT\"},{\"@type\":\"Organization\",\"@id\":\"https:\\\/\\\/www.italiaisraele.org\\\/#organization\",\"name\":\"News Italia - Israele\",\"url\":\"https:\\\/\\\/www.italiaisraele.org\\\/\",\"logo\":{\"@type\":\"ImageObject\",\"inLanguage\":\"it-IT\",\"@id\":\"https:\\\/\\\/www.italiaisraele.org\\\/#\\\/schema\\\/logo\\\/image\\\/\",\"url\":\"https:\\\/\\\/www.italiaisraele.org\\\/wp-content\\\/uploads\\\/2024\\\/02\\\/cropped-cropped-TESTATA-NEWS-2.jpg\",\"contentUrl\":\"https:\\\/\\\/www.italiaisraele.org\\\/wp-content\\\/uploads\\\/2024\\\/02\\\/cropped-cropped-TESTATA-NEWS-2.jpg\",\"width\":1918,\"height\":291,\"caption\":\"News Italia - Israele\"},\"image\":{\"@id\":\"https:\\\/\\\/www.italiaisraele.org\\\/#\\\/schema\\\/logo\\\/image\\\/\"},\"sameAs\":[\"https:\\\/\\\/www.facebook.com\\\/Federazione.Associazioni.Italia.Israele\"]},{\"@type\":\"Person\",\"@id\":\"https:\\\/\\\/www.italiaisraele.org\\\/#\\\/schema\\\/person\\\/a58663d7e92468eb3e7d158e016946cd\",\"name\":\"Redazione\",\"image\":{\"@type\":\"ImageObject\",\"inLanguage\":\"it-IT\",\"@id\":\"https:\\\/\\\/secure.gravatar.com\\\/avatar\\\/fe11715b332cc423bb3991a005da4d50b44647eec21b11abddd059d3deafc450?s=96&d=mm&r=g\",\"url\":\"https:\\\/\\\/secure.gravatar.com\\\/avatar\\\/fe11715b332cc423bb3991a005da4d50b44647eec21b11abddd059d3deafc450?s=96&d=mm&r=g\",\"contentUrl\":\"https:\\\/\\\/secure.gravatar.com\\\/avatar\\\/fe11715b332cc423bb3991a005da4d50b44647eec21b11abddd059d3deafc450?s=96&d=mm&r=g\",\"caption\":\"Redazione\"},\"url\":\"https:\\\/\\\/www.italiaisraele.org\\\/?author=2\"}]}<\/script>\r\n<!-- \/ Yoast SEO plugin. -->","yoast_head_json":{"title":"Ottolenghi: \"Ora preoccupa la minaccia terroristica\" - Federazione Associazioni Italia Israele","robots":{"index":"index","follow":"follow","max-snippet":"max-snippet:-1","max-image-preview":"max-image-preview:large","max-video-preview":"max-video-preview:-1"},"canonical":"https:\/\/www.italiaisraele.org\/?p=4348","og_locale":"it_IT","og_type":"article","og_title":"Ottolenghi: \"Ora preoccupa la minaccia terroristica\" - Federazione Associazioni Italia Israele","og_description":"intervista di Ruben Della Rocca La notte tra sabato 21\u00a0 e domenica 22 giugno 2025,un momento epocale per la storia del Medio Oriente e dei suoi conflitti ultradecennali. La notte in cui gli Stati Uniti d&#8217;America hanno lanciato l&#8217;operazione &#8220;Martello di mezzanotte&#8221; che ha dato luce verde ai bombardieri Spirit B2. Gli aerei da guerra [&hellip;]","og_url":"https:\/\/www.italiaisraele.org\/?p=4348","og_site_name":"Federazione Associazioni Italia Israele","article_publisher":"https:\/\/www.facebook.com\/Federazione.Associazioni.Italia.Israele","article_published_time":"2025-06-24T19:41:33+00:00","article_modified_time":"2025-06-24T20:16:47+00:00","og_image":[{"width":2362,"height":1509,"url":"https:\/\/www.italiaisraele.org\/wp-content\/uploads\/2025\/06\/4376035512_b682caba81_o.jpg","type":"image\/jpeg"}],"author":"Redazione","twitter_card":"summary_large_image","twitter_misc":{"Scritto da":"Redazione","Tempo di lettura stimato":"7 minuti"},"schema":{"@context":"https:\/\/schema.org","@graph":[{"@type":"Article","@id":"https:\/\/www.italiaisraele.org\/?p=4348#article","isPartOf":{"@id":"https:\/\/www.italiaisraele.org\/?p=4348"},"author":{"name":"Redazione","@id":"https:\/\/www.italiaisraele.org\/#\/schema\/person\/a58663d7e92468eb3e7d158e016946cd"},"headline":"Ottolenghi: &#8220;Ora preoccupa la minaccia terroristica&#8221;","datePublished":"2025-06-24T19:41:33+00:00","dateModified":"2025-06-24T20:16:47+00:00","mainEntityOfPage":{"@id":"https:\/\/www.italiaisraele.org\/?p=4348"},"wordCount":1133,"commentCount":2,"publisher":{"@id":"https:\/\/www.italiaisraele.org\/#organization"},"image":{"@id":"https:\/\/www.italiaisraele.org\/?p=4348#primaryimage"},"thumbnailUrl":"https:\/\/www.italiaisraele.org\/wp-content\/uploads\/2025\/06\/4376035512_b682caba81_o.jpg","keywords":["Emanuele Ottolennghi","Iran","Israele","nucleare","terrorismo","Usa"],"articleSection":["Attualit\u00e0"],"inLanguage":"it-IT","potentialAction":[{"@type":"CommentAction","name":"Comment","target":["https:\/\/www.italiaisraele.org\/?p=4348#respond"]}]},{"@type":"WebPage","@id":"https:\/\/www.italiaisraele.org\/?p=4348","url":"https:\/\/www.italiaisraele.org\/?p=4348","name":"Ottolenghi: \"Ora preoccupa la minaccia terroristica\" - Federazione Associazioni Italia Israele","isPartOf":{"@id":"https:\/\/www.italiaisraele.org\/#website"},"primaryImageOfPage":{"@id":"https:\/\/www.italiaisraele.org\/?p=4348#primaryimage"},"image":{"@id":"https:\/\/www.italiaisraele.org\/?p=4348#primaryimage"},"thumbnailUrl":"https:\/\/www.italiaisraele.org\/wp-content\/uploads\/2025\/06\/4376035512_b682caba81_o.jpg","datePublished":"2025-06-24T19:41:33+00:00","dateModified":"2025-06-24T20:16:47+00:00","breadcrumb":{"@id":"https:\/\/www.italiaisraele.org\/?p=4348#breadcrumb"},"inLanguage":"it-IT","potentialAction":[{"@type":"ReadAction","target":["https:\/\/www.italiaisraele.org\/?p=4348"]}]},{"@type":"ImageObject","inLanguage":"it-IT","@id":"https:\/\/www.italiaisraele.org\/?p=4348#primaryimage","url":"https:\/\/www.italiaisraele.org\/wp-content\/uploads\/2025\/06\/4376035512_b682caba81_o.jpg","contentUrl":"https:\/\/www.italiaisraele.org\/wp-content\/uploads\/2025\/06\/4376035512_b682caba81_o.jpg","width":2362,"height":1509},{"@type":"BreadcrumbList","@id":"https:\/\/www.italiaisraele.org\/?p=4348#breadcrumb","itemListElement":[{"@type":"ListItem","position":1,"name":"Home","item":"https:\/\/www.italiaisraele.org\/"},{"@type":"ListItem","position":2,"name":"Ottolenghi: &#8220;Ora preoccupa la minaccia terroristica&#8221;"}]},{"@type":"WebSite","@id":"https:\/\/www.italiaisraele.org\/#website","url":"https:\/\/www.italiaisraele.org\/","name":"News Italia - Israele","description":"Italia Israele Today - Magazine","publisher":{"@id":"https:\/\/www.italiaisraele.org\/#organization"},"potentialAction":[{"@type":"SearchAction","target":{"@type":"EntryPoint","urlTemplate":"https:\/\/www.italiaisraele.org\/?s={search_term_string}"},"query-input":{"@type":"PropertyValueSpecification","valueRequired":true,"valueName":"search_term_string"}}],"inLanguage":"it-IT"},{"@type":"Organization","@id":"https:\/\/www.italiaisraele.org\/#organization","name":"News Italia - Israele","url":"https:\/\/www.italiaisraele.org\/","logo":{"@type":"ImageObject","inLanguage":"it-IT","@id":"https:\/\/www.italiaisraele.org\/#\/schema\/logo\/image\/","url":"https:\/\/www.italiaisraele.org\/wp-content\/uploads\/2024\/02\/cropped-cropped-TESTATA-NEWS-2.jpg","contentUrl":"https:\/\/www.italiaisraele.org\/wp-content\/uploads\/2024\/02\/cropped-cropped-TESTATA-NEWS-2.jpg","width":1918,"height":291,"caption":"News Italia - Israele"},"image":{"@id":"https:\/\/www.italiaisraele.org\/#\/schema\/logo\/image\/"},"sameAs":["https:\/\/www.facebook.com\/Federazione.Associazioni.Italia.Israele"]},{"@type":"Person","@id":"https:\/\/www.italiaisraele.org\/#\/schema\/person\/a58663d7e92468eb3e7d158e016946cd","name":"Redazione","image":{"@type":"ImageObject","inLanguage":"it-IT","@id":"https:\/\/secure.gravatar.com\/avatar\/fe11715b332cc423bb3991a005da4d50b44647eec21b11abddd059d3deafc450?s=96&d=mm&r=g","url":"https:\/\/secure.gravatar.com\/avatar\/fe11715b332cc423bb3991a005da4d50b44647eec21b11abddd059d3deafc450?s=96&d=mm&r=g","contentUrl":"https:\/\/secure.gravatar.com\/avatar\/fe11715b332cc423bb3991a005da4d50b44647eec21b11abddd059d3deafc450?s=96&d=mm&r=g","caption":"Redazione"},"url":"https:\/\/www.italiaisraele.org\/?author=2"}]}},"_links":{"self":[{"href":"https:\/\/www.italiaisraele.org\/index.php?rest_route=\/wp\/v2\/posts\/4348","targetHints":{"allow":["GET"]}}],"collection":[{"href":"https:\/\/www.italiaisraele.org\/index.php?rest_route=\/wp\/v2\/posts"}],"about":[{"href":"https:\/\/www.italiaisraele.org\/index.php?rest_route=\/wp\/v2\/types\/post"}],"author":[{"embeddable":true,"href":"https:\/\/www.italiaisraele.org\/index.php?rest_route=\/wp\/v2\/users\/2"}],"replies":[{"embeddable":true,"href":"https:\/\/www.italiaisraele.org\/index.php?rest_route=%2Fwp%2Fv2%2Fcomments&post=4348"}],"version-history":[{"count":0,"href":"https:\/\/www.italiaisraele.org\/index.php?rest_route=\/wp\/v2\/posts\/4348\/revisions"}],"wp:featuredmedia":[{"embeddable":true,"href":"https:\/\/www.italiaisraele.org\/index.php?rest_route=\/wp\/v2\/media\/4349"}],"wp:attachment":[{"href":"https:\/\/www.italiaisraele.org\/index.php?rest_route=%2Fwp%2Fv2%2Fmedia&parent=4348"}],"wp:term":[{"taxonomy":"category","embeddable":true,"href":"https:\/\/www.italiaisraele.org\/index.php?rest_route=%2Fwp%2Fv2%2Fcategories&post=4348"},{"taxonomy":"post_tag","embeddable":true,"href":"https:\/\/www.italiaisraele.org\/index.php?rest_route=%2Fwp%2Fv2%2Ftags&post=4348"}],"curies":[{"name":"wp","href":"https:\/\/api.w.org\/{rel}","templated":true}]}}