{"id":4318,"date":"2025-06-17T06:46:01","date_gmt":"2025-06-17T04:46:01","guid":{"rendered":"https:\/\/www.italiaisraele.org\/?p=4318"},"modified":"2025-06-17T12:16:06","modified_gmt":"2025-06-17T10:16:06","slug":"guerra-e-verita","status":"publish","type":"post","link":"https:\/\/www.italiaisraele.org\/?p=4318","title":{"rendered":"Guerra e verit\u00e0"},"content":{"rendered":"\n<p>di <em>Daniele Coppin<\/em><\/p>\n\n\n\n<p>\u201cIn guerra la verit\u00e0 \u00e8 la prima a morire\u201d. Cos\u00ec Eschilo, venticinque secoli fa, sintetizz\u00f2 ci\u00f2 che accade durante un qualunque conflitto.<br>A questa massima non sfugge neanche l\u2019attuale conflitto in Medio Oriente che, anzi, si sta caratterizzando per una diffusa e costante distorsione della realt\u00e0 fattuale per motivi ideologici, di convenienza politica, se non di semplice conquista di visibilit\u00e0 mediatica. Il tipo di notizie diffuse, il modo in cui vengono riportate, spesso anche la tempistica scelta per la loro diffusione sono diventati veri e propri strumenti del conflitto che si affiancano alle armi e che pi\u00f9 delle armi finiscono col determinare il sostegno a una delle parti in causa piuttosto che all\u2019altra. In realt\u00e0 anche il conflitto scatenato dalla Russia di Putin contro l\u2019Ucraina pi\u00f9 di tre anni fa \u00e8 stato condizionato, soprattutto all\u2019inizio, da una distorsione dei fatti attuata da quella parte dei giornalisti, degli intellettuali, dei politici che, se non schierati dalla parte dell\u2019aggressore russo, quantomeno dimostravano una simpatia nei suoi confronti in chiave antioccidentale e anti Nato.<br>Ma il conflitto mediorientale scatenato da Hamas, con il massacro del 7 Ottobre 2023, ha rappresentato un \u201csalto di qualit\u00e0\u201d nella distorsione dei fatti, dando credito totale ai dati forniti da una delle due parti in causa, utilizzando termini non corrispondenti ai fatti, ignorando del tutto le particolarit\u00e0 del conflitto \u201curbano\u201d tra Israele e Hamas tanto da riportare alla mente Tucidide che, a proposito della Guerra del Peloponneso, scrisse che \u00abi contendenti cambiarono a piacimento il significato consueto delle parole in rapporto ai fatti\u00bb.\u00a0<br>Purtroppo sono in tanti ad essere caduti nella trappola della disinformazione, alcuni dei quali, per il proprio ruolo, esprimendosi sulla base di notizie non verificate, hanno finito col diventare essi stessi strumenti involontari della manipolazione dell\u2019informazione.<br>Termini come \u201cgenocidio\u201d, \u201cpulizia etnica\u201d, \u201cviolazione del diritto internazionale umanitario\u201d, pronunciati con la sicumera di chi non ammette obiezioni ed \u00e8 pronto a dare del \u201ccomplice del genocidio\u201d chiunque cerchi di argomentare opinioni diverse, sono diventate le parole d\u2019ordine di tutti coloro che hanno visto in questo conflitto l\u2019occasione per manifestare il proprio odio verso Israele e utilizzarlo per ottenere visibilit\u00e0 e consensi.<br>In questo quadro si \u00e8 per\u00f2 venuto a determinare, con l\u2019attacco di Israele all\u2019Iran del 13 giugno scorso, un elemento \u201cperturbatore\u201d per quanto riguarda il giudizio su Israele. Questo \u00e8 avvenuto per diversi motivi. In primo luogo perch\u00e9 l\u2019Iran \u00e8 una grande potenza regionale, con un territorio grande pi\u00f9 di cinque volte l\u2019Italia, con pi\u00f9 di novanta milioni di abitanti, una storia e una cultura plurimillenaria, quindi \u00e8 un nemico di Israele di ben diversa portata rispetto ad Hamas, a Hezbollah e agli Houti, suoi pi\u00f9 temibili proxy<br>regionali. In secondo luogo perch\u00e9 il regime iraniano, che opprime le donne, i dissidenti, i gay, al secondo posto nel mondo per condanne a morte inflitte nel 2024 e con mire espansioniste mai nascoste sul resto del mondo islamico, a cominciare dagli Stati che si affacciano sul Golfo Persico, non gode delle stesse simpatie di cui possono godere i Palestinesi. Infine, l\u2019Iran \u00e8 impegnato da anni in un programma nucleare che, dichiarato per scopi civili, in realt\u00e0 persegue l\u2019obiettivo di dotarsi dell\u2019arma nucleare, come dimostrato dai livelli di arricchimento dell\u2019uranio al 60 % (per scopi civili l\u2019arricchimento necessario \u00e8<br>compreso tra il 3 e il 5 %), dal continuo sottrarsi ai controlli dell\u2019AIEA e ad aver addirittura occultato la realizzazione di un nuovo impianto per l\u2019arricchimento.<br>Eppure, nonostante questi elementi, una parte consistente di commentatori, politici e intellettuali si sta cimentando in una nuova specialit\u00e0, quella di negare l\u2019evidenza e di sovvertire i fatti. L\u2019argomento ricorrente, da parte dei sostenitori della teocrazia iraniana, \u00e8 il fatto che Israele possegga testate nucleari senza che nessuno lo controlli (cosa ovvia ai sensi del diritto internazionale non avendo aderito Israele a Trattato di Non Proliferazione nucleare). Quindi, affermano i paladini del regime iraniano, perch\u00e9 l\u2019Iran (che invece ha aderito suddetto Trattato) non dovrebbe dotarsi anche lui dell\u2019arma atomica? Gi\u00e0 perch\u00e9? La logica direbbe perch\u00e9, se \u00e8 vero che Israele possiede non si sa quanti ordigni nucleari (100, 200, 300?) \u00e8 pur vero che, pur possedendoli, non li ha mai usati. Al contrario, l\u2019Iran non ha mai nascosto l\u2019intenzione di cancellare Israele dalla faccia della Terra e che, avendo l\u2019arma atomica, potrebbe agilmente ottenere questo risultato con un paio di ordigni al massimo, viste le dimensioni di Israele. Questo direbbe la logica.<br>Ovviamente, condizione imprescindibile affinch\u00e9 tale ragionamento possa essere \u201ccompreso\u201d \u00e8 la conoscenza della geografia e di un po&#8217; di matematica da terza elementare. Israele ha una superficie pari a quella dell\u2019Emilia Romagna, per circa la met\u00e0 occupata dal deserto del Negev e con gran parte della popolazione concentrata nella fascia pianeggiante costiera, larga tra i 13 e i 15 km e lunga poco pi\u00f9 di 100 km. Uno o due bombe nucleari basterebbero a spazzare via tutto e a determinare una nuova Shoah.<br>E\u2019 forse questo che vorrebbero i volenterosi sostenitori e fiancheggiatori nostrani degli Ayatollah? Alcuni di loro forse s\u00ec, altri eviterebbero la risposta, altri ancora, quelli privi di nozioni basilari di geografia e matematica, resterebbero a bocca aperta interdetti come gli alunni colti impreparati a lezione. Ma, probabilmente, il motivo di tanta \u201csimpatia\u201d verso il regime iraniano da parte di alcuni esponenti del mondo politico, dell\u2019informazione e della cultura \u00e8 un qualcosa di molto peggio. E\u2019 quel pregiudizio nei confronti di Israele che, dietro la convinzione di essere \u201cpi\u00f9 buoni\u201d e di detenere un \u201cprimato morale\u201d, nasconde la necessit\u00e0 di scrollarsi di dosso quel senso di colpa del mondo occidentale e dell\u2019Europa in particolare che ogni anno viene risvegliato il 27 gennaio, il Giorno della Memoria. Ma attenzione perch\u00e9 per costoro \u00e8 solo verso gli Ebrei che il senso di colpa dovrebbe essere rimosso, mentre invece \u00e8 doveroso nei confronti di quei popoli che sarebbero vittime unicamente dell\u2019Occidente, e non dei<br>regimi totalitari che li opprimono nella realt\u00e0.<br>A questi \u201cbuoni\u201d che simpatizzano per gli Ayatollah, si aggiungono quelli che, per conquistare un titolo sui giornali, aumentare i &#8220;like&#8221; del proprio profilo social (si sa, oggi la visibilit\u00e0 sui social \u00e8 tutto per cantanti, attori e attrici, scrittori), raccattare consensi elettorali evocando un \u201cpericolo\u201d con il quale alimentare le paure dei cittadini: qualche anno fa il Covid, oggi la guerra scatenata da Israele. Che poi questo modo semplicistico e immaturo di discutere di un tema tanto delicato e drammatico possa favorire il riemergere dell\u2019antisemitismo chi se ne frega, tanto baster\u00e0 fare ci\u00f2 che per secoli \u00e8 stato fatto in casi simili: dare la colpa del pregiudizio contro gli Ebrei agli Ebrei, in questo agli Israeliani e a<br>Netanyahu.<br>E purtroppo anche su vicende minori, conseguenza del conflitto tra Israele e Iran, si assiste a una mistificazione che fa pensare pi\u00f9 che a superficialit\u00e0 a qualcos\u2019altro.<br>Un esempio \u00e8 la vicenda di Antonello Sannino, Presidente dell\u2019Arcigay di Napoli, recatosi in Israele per il Gay Pride di Tel Aviv e rimasto bloccato per la sospensione dei voli per la chiusura degli<br>aeroporti israeliani a seguito dei lanci di missili dall\u2019Iran. Il blocco degli spostamenti ha colpito tutti, Israeliani e non israeliani, in partenza da e per Israele. Ci sono persone bloccate in Israele come Sannino, cos\u00ec come ci sono israeliani bloccati all\u2019estero perch\u00e9 impossibilitati a partire. Una \u201cnormale\u201d conseguenza di questa guerra come di altre guerre. Eppure nei giorni scorsi hanno colpito le parole del Presidente della Regione Campania che annunciava \u201cin questo momento abbiamo un nostro concittadino, Antonello<br>Sannino, che \u00e8 stato <strong>fermato <\/strong>in Israele\u201d. E ad alimentare questa suggestione ci si \u00e8 messo anche il sindaco di Torre Annunziata, la citt\u00e0 di Sannino, che ha affermato: \u201cchiediamo pubblicamente al Governo italiano e<br>alle autorit\u00e0 competenti di attivarsi con urgenza per garantire l\u2019incolumit\u00e0 e la libert\u00e0 di Antonello, e favorirne il rientro immediato in Italia.\u201d Insomma, Antonello Sannino come Cecilia Sala, Israele come l\u2019Iran.<br>Le parole sono importanti perch\u00e9 possono aiutare a capire ma possono anche distorcere i fatti, favorendo la diffusione di pregiudizi o distogliendo l\u2019opinione pubblica dalla realt\u00e0 rendendo la verit\u00e0 vittima di come la guerra viene raccontata.<\/p>\n","protected":false},"excerpt":{"rendered":"<p>di Daniele Coppin \u201cIn guerra la verit\u00e0 \u00e8 la prima a morire\u201d. Cos\u00ec Eschilo, venticinque secoli fa, sintetizz\u00f2 ci\u00f2 che accade durante un qualunque conflitto.A questa massima non sfugge neanche l\u2019attuale conflitto in Medio Oriente che, anzi, si sta caratterizzando per una diffusa e costante distorsione della realt\u00e0 fattuale per motivi ideologici, di convenienza politica, [&hellip;]<\/p>\n","protected":false},"author":2,"featured_media":3674,"comment_status":"open","ping_status":"open","sticky":false,"template":"","format":"standard","meta":{"iawp_total_views":56,"footnotes":""},"categories":[4],"tags":[109,43,134,13],"class_list":["post-4318","post","type-post","status-publish","format-standard","has-post-thumbnail","hentry","category-attualita","tag-fake-news","tag-guerra","tag-iran","tag-israele"],"yoast_head":"<!-- This site is optimized with the Yoast SEO plugin v27.5 - https:\/\/yoast.com\/product\/yoast-seo-wordpress\/ -->\r\n<title>Guerra e verit\u00e0 - Federazione Associazioni Italia Israele<\/title>\r\n<meta name=\"robots\" content=\"index, follow, max-snippet:-1, max-image-preview:large, max-video-preview:-1\" \/>\r\n<link rel=\"canonical\" href=\"https:\/\/www.italiaisraele.org\/?p=4318\" \/>\r\n<meta property=\"og:locale\" content=\"it_IT\" \/>\r\n<meta property=\"og:type\" content=\"article\" \/>\r\n<meta property=\"og:title\" content=\"Guerra e verit\u00e0 - Federazione Associazioni Italia Israele\" \/>\r\n<meta property=\"og:description\" content=\"di Daniele Coppin \u201cIn guerra la verit\u00e0 \u00e8 la prima a morire\u201d. Cos\u00ec Eschilo, venticinque secoli fa, sintetizz\u00f2 ci\u00f2 che accade durante un qualunque conflitto.A questa massima non sfugge neanche l\u2019attuale conflitto in Medio Oriente che, anzi, si sta caratterizzando per una diffusa e costante distorsione della realt\u00e0 fattuale per motivi ideologici, di convenienza politica, [&hellip;]\" \/>\r\n<meta property=\"og:url\" content=\"https:\/\/www.italiaisraele.org\/?p=4318\" \/>\r\n<meta property=\"og:site_name\" content=\"Federazione Associazioni Italia Israele\" \/>\r\n<meta property=\"article:publisher\" content=\"https:\/\/www.facebook.com\/Federazione.Associazioni.Italia.Israele\" \/>\r\n<meta property=\"article:published_time\" content=\"2025-06-17T04:46:01+00:00\" \/>\r\n<meta property=\"article:modified_time\" content=\"2025-06-17T10:16:06+00:00\" \/>\r\n<meta property=\"og:image\" content=\"https:\/\/www.italiaisraele.org\/wp-content\/uploads\/2025\/02\/Manifestazioni-in-sup-16970137.jpg\" \/>\r\n\t<meta property=\"og:image:width\" content=\"933\" \/>\r\n\t<meta property=\"og:image:height\" content=\"622\" \/>\r\n\t<meta property=\"og:image:type\" content=\"image\/jpeg\" \/>\r\n<meta name=\"author\" content=\"Redazione\" \/>\r\n<meta name=\"twitter:card\" content=\"summary_large_image\" \/>\r\n<meta name=\"twitter:label1\" content=\"Scritto da\" \/>\n\t<meta name=\"twitter:data1\" content=\"Redazione\" \/>\n\t<meta name=\"twitter:label2\" content=\"Tempo di lettura stimato\" \/>\n\t<meta name=\"twitter:data2\" content=\"8 minuti\" \/>\r\n<script type=\"application\/ld+json\" class=\"yoast-schema-graph\">{\"@context\":\"https:\\\/\\\/schema.org\",\"@graph\":[{\"@type\":\"Article\",\"@id\":\"https:\\\/\\\/www.italiaisraele.org\\\/?p=4318#article\",\"isPartOf\":{\"@id\":\"https:\\\/\\\/www.italiaisraele.org\\\/?p=4318\"},\"author\":{\"name\":\"Redazione\",\"@id\":\"https:\\\/\\\/www.italiaisraele.org\\\/#\\\/schema\\\/person\\\/a58663d7e92468eb3e7d158e016946cd\"},\"headline\":\"Guerra e verit\u00e0\",\"datePublished\":\"2025-06-17T04:46:01+00:00\",\"dateModified\":\"2025-06-17T10:16:06+00:00\",\"mainEntityOfPage\":{\"@id\":\"https:\\\/\\\/www.italiaisraele.org\\\/?p=4318\"},\"wordCount\":1342,\"commentCount\":2,\"publisher\":{\"@id\":\"https:\\\/\\\/www.italiaisraele.org\\\/#organization\"},\"image\":{\"@id\":\"https:\\\/\\\/www.italiaisraele.org\\\/?p=4318#primaryimage\"},\"thumbnailUrl\":\"https:\\\/\\\/www.italiaisraele.org\\\/wp-content\\\/uploads\\\/2025\\\/02\\\/Manifestazioni-in-sup-16970137.jpg\",\"keywords\":[\"fake news\",\"guerra\",\"Iran\",\"Israele\"],\"articleSection\":[\"Attualit\u00e0\"],\"inLanguage\":\"it-IT\",\"potentialAction\":[{\"@type\":\"CommentAction\",\"name\":\"Comment\",\"target\":[\"https:\\\/\\\/www.italiaisraele.org\\\/?p=4318#respond\"]}]},{\"@type\":\"WebPage\",\"@id\":\"https:\\\/\\\/www.italiaisraele.org\\\/?p=4318\",\"url\":\"https:\\\/\\\/www.italiaisraele.org\\\/?p=4318\",\"name\":\"Guerra e verit\u00e0 - Federazione Associazioni Italia Israele\",\"isPartOf\":{\"@id\":\"https:\\\/\\\/www.italiaisraele.org\\\/#website\"},\"primaryImageOfPage\":{\"@id\":\"https:\\\/\\\/www.italiaisraele.org\\\/?p=4318#primaryimage\"},\"image\":{\"@id\":\"https:\\\/\\\/www.italiaisraele.org\\\/?p=4318#primaryimage\"},\"thumbnailUrl\":\"https:\\\/\\\/www.italiaisraele.org\\\/wp-content\\\/uploads\\\/2025\\\/02\\\/Manifestazioni-in-sup-16970137.jpg\",\"datePublished\":\"2025-06-17T04:46:01+00:00\",\"dateModified\":\"2025-06-17T10:16:06+00:00\",\"breadcrumb\":{\"@id\":\"https:\\\/\\\/www.italiaisraele.org\\\/?p=4318#breadcrumb\"},\"inLanguage\":\"it-IT\",\"potentialAction\":[{\"@type\":\"ReadAction\",\"target\":[\"https:\\\/\\\/www.italiaisraele.org\\\/?p=4318\"]}]},{\"@type\":\"ImageObject\",\"inLanguage\":\"it-IT\",\"@id\":\"https:\\\/\\\/www.italiaisraele.org\\\/?p=4318#primaryimage\",\"url\":\"https:\\\/\\\/www.italiaisraele.org\\\/wp-content\\\/uploads\\\/2025\\\/02\\\/Manifestazioni-in-sup-16970137.jpg\",\"contentUrl\":\"https:\\\/\\\/www.italiaisraele.org\\\/wp-content\\\/uploads\\\/2025\\\/02\\\/Manifestazioni-in-sup-16970137.jpg\",\"width\":933,\"height\":622},{\"@type\":\"BreadcrumbList\",\"@id\":\"https:\\\/\\\/www.italiaisraele.org\\\/?p=4318#breadcrumb\",\"itemListElement\":[{\"@type\":\"ListItem\",\"position\":1,\"name\":\"Home\",\"item\":\"https:\\\/\\\/www.italiaisraele.org\\\/\"},{\"@type\":\"ListItem\",\"position\":2,\"name\":\"Guerra e verit\u00e0\"}]},{\"@type\":\"WebSite\",\"@id\":\"https:\\\/\\\/www.italiaisraele.org\\\/#website\",\"url\":\"https:\\\/\\\/www.italiaisraele.org\\\/\",\"name\":\"News Italia - Israele\",\"description\":\"Italia Israele Today - Magazine\",\"publisher\":{\"@id\":\"https:\\\/\\\/www.italiaisraele.org\\\/#organization\"},\"potentialAction\":[{\"@type\":\"SearchAction\",\"target\":{\"@type\":\"EntryPoint\",\"urlTemplate\":\"https:\\\/\\\/www.italiaisraele.org\\\/?s={search_term_string}\"},\"query-input\":{\"@type\":\"PropertyValueSpecification\",\"valueRequired\":true,\"valueName\":\"search_term_string\"}}],\"inLanguage\":\"it-IT\"},{\"@type\":\"Organization\",\"@id\":\"https:\\\/\\\/www.italiaisraele.org\\\/#organization\",\"name\":\"News Italia - Israele\",\"url\":\"https:\\\/\\\/www.italiaisraele.org\\\/\",\"logo\":{\"@type\":\"ImageObject\",\"inLanguage\":\"it-IT\",\"@id\":\"https:\\\/\\\/www.italiaisraele.org\\\/#\\\/schema\\\/logo\\\/image\\\/\",\"url\":\"https:\\\/\\\/www.italiaisraele.org\\\/wp-content\\\/uploads\\\/2024\\\/02\\\/cropped-cropped-TESTATA-NEWS-2.jpg\",\"contentUrl\":\"https:\\\/\\\/www.italiaisraele.org\\\/wp-content\\\/uploads\\\/2024\\\/02\\\/cropped-cropped-TESTATA-NEWS-2.jpg\",\"width\":1918,\"height\":291,\"caption\":\"News Italia - Israele\"},\"image\":{\"@id\":\"https:\\\/\\\/www.italiaisraele.org\\\/#\\\/schema\\\/logo\\\/image\\\/\"},\"sameAs\":[\"https:\\\/\\\/www.facebook.com\\\/Federazione.Associazioni.Italia.Israele\"]},{\"@type\":\"Person\",\"@id\":\"https:\\\/\\\/www.italiaisraele.org\\\/#\\\/schema\\\/person\\\/a58663d7e92468eb3e7d158e016946cd\",\"name\":\"Redazione\",\"image\":{\"@type\":\"ImageObject\",\"inLanguage\":\"it-IT\",\"@id\":\"https:\\\/\\\/secure.gravatar.com\\\/avatar\\\/fe11715b332cc423bb3991a005da4d50b44647eec21b11abddd059d3deafc450?s=96&d=mm&r=g\",\"url\":\"https:\\\/\\\/secure.gravatar.com\\\/avatar\\\/fe11715b332cc423bb3991a005da4d50b44647eec21b11abddd059d3deafc450?s=96&d=mm&r=g\",\"contentUrl\":\"https:\\\/\\\/secure.gravatar.com\\\/avatar\\\/fe11715b332cc423bb3991a005da4d50b44647eec21b11abddd059d3deafc450?s=96&d=mm&r=g\",\"caption\":\"Redazione\"},\"url\":\"https:\\\/\\\/www.italiaisraele.org\\\/?author=2\"}]}<\/script>\r\n<!-- \/ Yoast SEO plugin. -->","yoast_head_json":{"title":"Guerra e verit\u00e0 - Federazione Associazioni Italia Israele","robots":{"index":"index","follow":"follow","max-snippet":"max-snippet:-1","max-image-preview":"max-image-preview:large","max-video-preview":"max-video-preview:-1"},"canonical":"https:\/\/www.italiaisraele.org\/?p=4318","og_locale":"it_IT","og_type":"article","og_title":"Guerra e verit\u00e0 - Federazione Associazioni Italia Israele","og_description":"di Daniele Coppin \u201cIn guerra la verit\u00e0 \u00e8 la prima a morire\u201d. Cos\u00ec Eschilo, venticinque secoli fa, sintetizz\u00f2 ci\u00f2 che accade durante un qualunque conflitto.A questa massima non sfugge neanche l\u2019attuale conflitto in Medio Oriente che, anzi, si sta caratterizzando per una diffusa e costante distorsione della realt\u00e0 fattuale per motivi ideologici, di convenienza politica, [&hellip;]","og_url":"https:\/\/www.italiaisraele.org\/?p=4318","og_site_name":"Federazione Associazioni Italia Israele","article_publisher":"https:\/\/www.facebook.com\/Federazione.Associazioni.Italia.Israele","article_published_time":"2025-06-17T04:46:01+00:00","article_modified_time":"2025-06-17T10:16:06+00:00","og_image":[{"width":933,"height":622,"url":"https:\/\/www.italiaisraele.org\/wp-content\/uploads\/2025\/02\/Manifestazioni-in-sup-16970137.jpg","type":"image\/jpeg"}],"author":"Redazione","twitter_card":"summary_large_image","twitter_misc":{"Scritto da":"Redazione","Tempo di lettura stimato":"8 minuti"},"schema":{"@context":"https:\/\/schema.org","@graph":[{"@type":"Article","@id":"https:\/\/www.italiaisraele.org\/?p=4318#article","isPartOf":{"@id":"https:\/\/www.italiaisraele.org\/?p=4318"},"author":{"name":"Redazione","@id":"https:\/\/www.italiaisraele.org\/#\/schema\/person\/a58663d7e92468eb3e7d158e016946cd"},"headline":"Guerra e verit\u00e0","datePublished":"2025-06-17T04:46:01+00:00","dateModified":"2025-06-17T10:16:06+00:00","mainEntityOfPage":{"@id":"https:\/\/www.italiaisraele.org\/?p=4318"},"wordCount":1342,"commentCount":2,"publisher":{"@id":"https:\/\/www.italiaisraele.org\/#organization"},"image":{"@id":"https:\/\/www.italiaisraele.org\/?p=4318#primaryimage"},"thumbnailUrl":"https:\/\/www.italiaisraele.org\/wp-content\/uploads\/2025\/02\/Manifestazioni-in-sup-16970137.jpg","keywords":["fake news","guerra","Iran","Israele"],"articleSection":["Attualit\u00e0"],"inLanguage":"it-IT","potentialAction":[{"@type":"CommentAction","name":"Comment","target":["https:\/\/www.italiaisraele.org\/?p=4318#respond"]}]},{"@type":"WebPage","@id":"https:\/\/www.italiaisraele.org\/?p=4318","url":"https:\/\/www.italiaisraele.org\/?p=4318","name":"Guerra e verit\u00e0 - Federazione Associazioni Italia Israele","isPartOf":{"@id":"https:\/\/www.italiaisraele.org\/#website"},"primaryImageOfPage":{"@id":"https:\/\/www.italiaisraele.org\/?p=4318#primaryimage"},"image":{"@id":"https:\/\/www.italiaisraele.org\/?p=4318#primaryimage"},"thumbnailUrl":"https:\/\/www.italiaisraele.org\/wp-content\/uploads\/2025\/02\/Manifestazioni-in-sup-16970137.jpg","datePublished":"2025-06-17T04:46:01+00:00","dateModified":"2025-06-17T10:16:06+00:00","breadcrumb":{"@id":"https:\/\/www.italiaisraele.org\/?p=4318#breadcrumb"},"inLanguage":"it-IT","potentialAction":[{"@type":"ReadAction","target":["https:\/\/www.italiaisraele.org\/?p=4318"]}]},{"@type":"ImageObject","inLanguage":"it-IT","@id":"https:\/\/www.italiaisraele.org\/?p=4318#primaryimage","url":"https:\/\/www.italiaisraele.org\/wp-content\/uploads\/2025\/02\/Manifestazioni-in-sup-16970137.jpg","contentUrl":"https:\/\/www.italiaisraele.org\/wp-content\/uploads\/2025\/02\/Manifestazioni-in-sup-16970137.jpg","width":933,"height":622},{"@type":"BreadcrumbList","@id":"https:\/\/www.italiaisraele.org\/?p=4318#breadcrumb","itemListElement":[{"@type":"ListItem","position":1,"name":"Home","item":"https:\/\/www.italiaisraele.org\/"},{"@type":"ListItem","position":2,"name":"Guerra e verit\u00e0"}]},{"@type":"WebSite","@id":"https:\/\/www.italiaisraele.org\/#website","url":"https:\/\/www.italiaisraele.org\/","name":"News Italia - Israele","description":"Italia Israele Today - Magazine","publisher":{"@id":"https:\/\/www.italiaisraele.org\/#organization"},"potentialAction":[{"@type":"SearchAction","target":{"@type":"EntryPoint","urlTemplate":"https:\/\/www.italiaisraele.org\/?s={search_term_string}"},"query-input":{"@type":"PropertyValueSpecification","valueRequired":true,"valueName":"search_term_string"}}],"inLanguage":"it-IT"},{"@type":"Organization","@id":"https:\/\/www.italiaisraele.org\/#organization","name":"News Italia - Israele","url":"https:\/\/www.italiaisraele.org\/","logo":{"@type":"ImageObject","inLanguage":"it-IT","@id":"https:\/\/www.italiaisraele.org\/#\/schema\/logo\/image\/","url":"https:\/\/www.italiaisraele.org\/wp-content\/uploads\/2024\/02\/cropped-cropped-TESTATA-NEWS-2.jpg","contentUrl":"https:\/\/www.italiaisraele.org\/wp-content\/uploads\/2024\/02\/cropped-cropped-TESTATA-NEWS-2.jpg","width":1918,"height":291,"caption":"News Italia - Israele"},"image":{"@id":"https:\/\/www.italiaisraele.org\/#\/schema\/logo\/image\/"},"sameAs":["https:\/\/www.facebook.com\/Federazione.Associazioni.Italia.Israele"]},{"@type":"Person","@id":"https:\/\/www.italiaisraele.org\/#\/schema\/person\/a58663d7e92468eb3e7d158e016946cd","name":"Redazione","image":{"@type":"ImageObject","inLanguage":"it-IT","@id":"https:\/\/secure.gravatar.com\/avatar\/fe11715b332cc423bb3991a005da4d50b44647eec21b11abddd059d3deafc450?s=96&d=mm&r=g","url":"https:\/\/secure.gravatar.com\/avatar\/fe11715b332cc423bb3991a005da4d50b44647eec21b11abddd059d3deafc450?s=96&d=mm&r=g","contentUrl":"https:\/\/secure.gravatar.com\/avatar\/fe11715b332cc423bb3991a005da4d50b44647eec21b11abddd059d3deafc450?s=96&d=mm&r=g","caption":"Redazione"},"url":"https:\/\/www.italiaisraele.org\/?author=2"}]}},"_links":{"self":[{"href":"https:\/\/www.italiaisraele.org\/index.php?rest_route=\/wp\/v2\/posts\/4318","targetHints":{"allow":["GET"]}}],"collection":[{"href":"https:\/\/www.italiaisraele.org\/index.php?rest_route=\/wp\/v2\/posts"}],"about":[{"href":"https:\/\/www.italiaisraele.org\/index.php?rest_route=\/wp\/v2\/types\/post"}],"author":[{"embeddable":true,"href":"https:\/\/www.italiaisraele.org\/index.php?rest_route=\/wp\/v2\/users\/2"}],"replies":[{"embeddable":true,"href":"https:\/\/www.italiaisraele.org\/index.php?rest_route=%2Fwp%2Fv2%2Fcomments&post=4318"}],"version-history":[{"count":0,"href":"https:\/\/www.italiaisraele.org\/index.php?rest_route=\/wp\/v2\/posts\/4318\/revisions"}],"wp:featuredmedia":[{"embeddable":true,"href":"https:\/\/www.italiaisraele.org\/index.php?rest_route=\/wp\/v2\/media\/3674"}],"wp:attachment":[{"href":"https:\/\/www.italiaisraele.org\/index.php?rest_route=%2Fwp%2Fv2%2Fmedia&parent=4318"}],"wp:term":[{"taxonomy":"category","embeddable":true,"href":"https:\/\/www.italiaisraele.org\/index.php?rest_route=%2Fwp%2Fv2%2Fcategories&post=4318"},{"taxonomy":"post_tag","embeddable":true,"href":"https:\/\/www.italiaisraele.org\/index.php?rest_route=%2Fwp%2Fv2%2Ftags&post=4318"}],"curies":[{"name":"wp","href":"https:\/\/api.w.org\/{rel}","templated":true}]}}