{"id":4304,"date":"2025-06-16T12:37:34","date_gmt":"2025-06-16T10:37:34","guid":{"rendered":"https:\/\/www.italiaisraele.org\/?p=4304"},"modified":"2025-06-16T18:54:55","modified_gmt":"2025-06-16T16:54:55","slug":"cattivi-maestri-1-la-campesina-lumbarda-ginevra-bompiani","status":"publish","type":"post","link":"https:\/\/www.italiaisraele.org\/?p=4304","title":{"rendered":"Cattivi maestri\/1 La &#8220;campesina lumbarda&#8221;: Ginevra Bompiani"},"content":{"rendered":"\n<p><em>Da oggi iniziamo a presentare una galleria di personaggi che &#8211; dalle colonne dei giornali e soprattutto nelle trasmissioni televisive &#8211; illustrano un mondo rovesciato, arrivando a sostenere l&#8217;insostenibile, fomentando apertamente e allegramente l&#8217;antisionismo.<\/em> <em><strong>Prima puntata: Ginevra Bompiani.<\/strong><\/em><\/p>\n\n\n\n<p>Ma perch\u00e9 David Parenzo (tu quoque, Parenzo) invita un giorno s\u00ec e l&#8217;altro pure Ginevra Bompiani all&#8217;Aria che tira? Potremmo capire se lo facesse la Gruber, ma Parenzo &#8211; dai &#8211; proprio no. Invece quel furbacchione che conduce la striscia mattutina de La 7 pi\u00f9 seguita ci marcia. Fa audience. La invita sapendo bene di essere in disaccordo con le panzane che la prof spara a palle incatenate contro tutti, contro tutto, ma soprattutto contro l&#8217;Occidente e contro Israele.<\/p>\n\n\n\n<p>Come ha sottolineato bene qualcuno (Il Giornale), nei discorsi di certa sinistra illuminata (o presunta tale) c&#8217;\u00e8 sempre un &#8220;<em>ma<\/em>&#8221; di troppo. Un &#8220;<em>per\u00f2<\/em>&#8221; che relativizza tutto. Sulle recenti&nbsp;<strong>manifestazioni anti-Israele<\/strong>&nbsp;nelle universit\u00e0, ad esempio, la giusta condanna alle modalit\u00e0 d&#8217;azione antidemocratiche dei collettivi studenteschi \u00e8 stata accompagnata da incomprensibili note a margine in apparente contraddizione con l&#8217;iniziale convincimento. Esempio esplicativo: intervenendo a&nbsp;<em>L&#8217;Aria che Tira<\/em>&nbsp;su La7,&nbsp;<strong>Ginevra Bompiani<\/strong>&nbsp;ha dapprima biasimato l&#8217;intolleranza dei blitz negli atenei ma poi ha parlato anche di &#8220;<em>metodo condivisibile<\/em>&#8220;.<\/p>\n\n\n\n<p>La scrittrice ha le idee chiare anche sull&#8217;immigrazione clandestina, ma attenzione: sta dalla parte sbagliata anche stavolta: &#8220;Gli scafisti sono dei poveri Cristi&#8221;, sue testuali parole. A met\u00e0 strada tra una Greta Thumberg a dir poco stagionata e una pasionaria campesina col fucile e la baionetta, la signora Bompiani &#8211; scrittrice, traduttrice, fondatrice della casa editrice Nottetempo, figlia di Valentino, il creatore della storica Bompiani &#8211; \u00e8 una di quelle femministe che lotta per i deboli e i derelitti del mondo. Peccato che non sia passata alla storia &#8211; al di l\u00e0 del pensiero radicalmente antisionista e antiamericano &#8211; per essere scesa in piazza a Teheran gridando &#8220;vergogna, assassini!&#8221; alle guardie rivoluzionarie iraniane che massacravano le ragazze senza velo d&#8217;ordinanza; n\u00e9 per essersi incatenata almeno una volta ai cancelli delle madrasse pakistane che predicavano la sottomissione della donna all&#8217;uomo; non si \u00e8 vista nemmeno nelle piazze di Kabul mentre i talebani ripristinavano la lapidazione delle donne &#8220;adultere&#8221;. E tanto meno di lei si ricorda una parola dopo i pogrom del 7 ottobre al Nova festival e kibbutz dei dintorni: le sue ghiandole lacrimali non si sciolgono mai per ebrei e israeliani, ma solo per il popolo palestinese che si \u00e8 macchiato del pi\u00f9 terribile, odioso massacro di questo secolo.<\/p>\n\n\n\n<p><\/p>\n\n\n\n<p>Recentemente si \u00e8 posta una domanda radicale: \u201cPerch\u00e9 l\u2019uomo occidentale \u00e8 cos\u00ec distruttivo e punitivo?\u201d. Un dilemma cartesiano di cui l&#8217;Occidente sentiva il bisogno. Ma la Bompiani \u00e8 una sincera, reale e leale pacifista. \u00c8 legittimo scendere in piazza a favore della Palestina e contro Israele? Su questa domanda si infiamma la discussione da Nicola Porro a Quarta Repubblica, su Rete 4, nella puntata del 16 ottobre. &#8220;Queste manifestazioni hanno un senso perch\u00e9 quello che ha fatto Netanyahu \u00e8 molto peggio di quello che ha fatto Hamas&#8221;, ha tuonato la Bompiani, scatenando un ovvio caos in studio.<\/p>\n\n\n\n<p>Prima si era scontrata con Alessandro Sallusti: &#8220;Reprimere delle libert\u00e0 alimenta quelle libert\u00e0. Non vorrei per\u00f2 vivere in un Paese dove in nome della libert\u00e0 si facciano manifestazioni che inneggiano all\u2019Olocausto. Io credo le libert\u00e0 vadano ad un certo punto compresse per l&#8217;interesse generale, non per l&#8217;illiberalismo, ma perch\u00e9 una comunit\u00e0 ha regole e principi dentro i quali, sia pure a maglia larga, bisogna stare perch\u00e9 senn\u00f2 da quella comunit\u00e0 si esce&#8221;, spiega il direttore de Il Giornale. &#8220;Ci devono essere limiti in cui si deve stare&#8221;. La replica di Sallusti: &#8220;Stia a fare la calza&#8221;. Applausi e titoli di coda.<\/p>\n\n\n\n<p>In queste ore la <em>pasiunaria milaneisa<\/em> ovviamente si schiera dalla parte degli ayatollah e contro Netanyahu., che \u00e8 poi il suo vero chiodo fisso. <\/p>\n\n\n\n<p>Che magnifica donna. Pensate dove si sia spinto il suo nobile afflato pacifista: nel marzo del 2024 arriv\u00f2 a lanciare il seguente appello: \u201cDichiariamo uno sciopero mondiale contro la guerra. Per un giorno incrociamo le braccia. Per un giorno non si produce e non si consuma. Produciamo un danno economico come dieci guerre. Cos\u00ec il mondo si accorger\u00e0 che esistiamo, noi che vogliamo la pace\u201d. <\/p>\n\n\n\n<p>Il giorno dopo ci furono solo crumiri nei luoghi di lavoro.<\/p>\n\n\n\n<p><\/p>\n","protected":false},"excerpt":{"rendered":"<p>Da oggi iniziamo a presentare una galleria di personaggi che &#8211; dalle colonne dei giornali e soprattutto nelle trasmissioni televisive &#8211; illustrano un mondo rovesciato, arrivando a sostenere l&#8217;insostenibile, fomentando apertamente e allegramente l&#8217;antisionismo. Prima puntata: Ginevra Bompiani. Ma perch\u00e9 David Parenzo (tu quoque, Parenzo) invita un giorno s\u00ec e l&#8217;altro pure Ginevra Bompiani all&#8217;Aria [&hellip;]<\/p>\n","protected":false},"author":2,"featured_media":4305,"comment_status":"open","ping_status":"open","sticky":false,"template":"","format":"standard","meta":{"iawp_total_views":292,"footnotes":""},"categories":[4],"tags":[120,819,820],"class_list":["post-4304","post","type-post","status-publish","format-standard","has-post-thumbnail","hentry","category-attualita","tag-antisionismo","tag-ginevra-bompiani","tag-la7"],"yoast_head":"<!-- This site is optimized with the Yoast SEO plugin v27.5 - https:\/\/yoast.com\/product\/yoast-seo-wordpress\/ -->\r\n<title>Cattivi maestri\/1 La &quot;campesina lumbarda&quot;: Ginevra Bompiani - Federazione Associazioni Italia Israele<\/title>\r\n<meta name=\"robots\" content=\"index, follow, max-snippet:-1, max-image-preview:large, max-video-preview:-1\" \/>\r\n<link rel=\"canonical\" href=\"https:\/\/www.italiaisraele.org\/?p=4304\" \/>\r\n<meta property=\"og:locale\" content=\"it_IT\" \/>\r\n<meta property=\"og:type\" content=\"article\" \/>\r\n<meta property=\"og:title\" content=\"Cattivi maestri\/1 La &quot;campesina lumbarda&quot;: Ginevra Bompiani - Federazione Associazioni Italia Israele\" \/>\r\n<meta property=\"og:description\" content=\"Da oggi iniziamo a presentare una galleria di personaggi che &#8211; dalle colonne dei giornali e soprattutto nelle trasmissioni televisive &#8211; illustrano un mondo rovesciato, arrivando a sostenere l&#8217;insostenibile, fomentando apertamente e allegramente l&#8217;antisionismo. Prima puntata: Ginevra Bompiani. Ma perch\u00e9 David Parenzo (tu quoque, Parenzo) invita un giorno s\u00ec e l&#8217;altro pure Ginevra Bompiani all&#8217;Aria [&hellip;]\" \/>\r\n<meta property=\"og:url\" content=\"https:\/\/www.italiaisraele.org\/?p=4304\" \/>\r\n<meta property=\"og:site_name\" content=\"Federazione Associazioni Italia Israele\" \/>\r\n<meta property=\"article:publisher\" content=\"https:\/\/www.facebook.com\/Federazione.Associazioni.Italia.Israele\" \/>\r\n<meta property=\"article:published_time\" content=\"2025-06-16T10:37:34+00:00\" \/>\r\n<meta property=\"article:modified_time\" content=\"2025-06-16T16:54:55+00:00\" \/>\r\n<meta property=\"og:image\" content=\"https:\/\/www.italiaisraele.org\/wp-content\/uploads\/2025\/06\/Ginevra-bompiani.jpg\" \/>\r\n\t<meta property=\"og:image:width\" content=\"960\" \/>\r\n\t<meta property=\"og:image:height\" content=\"400\" \/>\r\n\t<meta property=\"og:image:type\" content=\"image\/jpeg\" \/>\r\n<meta name=\"author\" content=\"Redazione\" \/>\r\n<meta name=\"twitter:card\" content=\"summary_large_image\" \/>\r\n<meta name=\"twitter:label1\" content=\"Scritto da\" \/>\n\t<meta name=\"twitter:data1\" content=\"Redazione\" \/>\n\t<meta name=\"twitter:label2\" content=\"Tempo di lettura stimato\" \/>\n\t<meta name=\"twitter:data2\" content=\"4 minuti\" \/>\r\n<script type=\"application\/ld+json\" class=\"yoast-schema-graph\">{\"@context\":\"https:\\\/\\\/schema.org\",\"@graph\":[{\"@type\":\"Article\",\"@id\":\"https:\\\/\\\/www.italiaisraele.org\\\/?p=4304#article\",\"isPartOf\":{\"@id\":\"https:\\\/\\\/www.italiaisraele.org\\\/?p=4304\"},\"author\":{\"name\":\"Redazione\",\"@id\":\"https:\\\/\\\/www.italiaisraele.org\\\/#\\\/schema\\\/person\\\/a58663d7e92468eb3e7d158e016946cd\"},\"headline\":\"Cattivi maestri\\\/1 La &#8220;campesina lumbarda&#8221;: Ginevra Bompiani\",\"datePublished\":\"2025-06-16T10:37:34+00:00\",\"dateModified\":\"2025-06-16T16:54:55+00:00\",\"mainEntityOfPage\":{\"@id\":\"https:\\\/\\\/www.italiaisraele.org\\\/?p=4304\"},\"wordCount\":725,\"commentCount\":3,\"publisher\":{\"@id\":\"https:\\\/\\\/www.italiaisraele.org\\\/#organization\"},\"image\":{\"@id\":\"https:\\\/\\\/www.italiaisraele.org\\\/?p=4304#primaryimage\"},\"thumbnailUrl\":\"https:\\\/\\\/www.italiaisraele.org\\\/wp-content\\\/uploads\\\/2025\\\/06\\\/Ginevra-bompiani.jpg\",\"keywords\":[\"antisionismo\",\"Ginevra Bompiani\",\"La7\"],\"articleSection\":[\"Attualit\u00e0\"],\"inLanguage\":\"it-IT\",\"potentialAction\":[{\"@type\":\"CommentAction\",\"name\":\"Comment\",\"target\":[\"https:\\\/\\\/www.italiaisraele.org\\\/?p=4304#respond\"]}]},{\"@type\":\"WebPage\",\"@id\":\"https:\\\/\\\/www.italiaisraele.org\\\/?p=4304\",\"url\":\"https:\\\/\\\/www.italiaisraele.org\\\/?p=4304\",\"name\":\"Cattivi maestri\\\/1 La \\\"campesina lumbarda\\\": Ginevra Bompiani - Federazione Associazioni Italia Israele\",\"isPartOf\":{\"@id\":\"https:\\\/\\\/www.italiaisraele.org\\\/#website\"},\"primaryImageOfPage\":{\"@id\":\"https:\\\/\\\/www.italiaisraele.org\\\/?p=4304#primaryimage\"},\"image\":{\"@id\":\"https:\\\/\\\/www.italiaisraele.org\\\/?p=4304#primaryimage\"},\"thumbnailUrl\":\"https:\\\/\\\/www.italiaisraele.org\\\/wp-content\\\/uploads\\\/2025\\\/06\\\/Ginevra-bompiani.jpg\",\"datePublished\":\"2025-06-16T10:37:34+00:00\",\"dateModified\":\"2025-06-16T16:54:55+00:00\",\"breadcrumb\":{\"@id\":\"https:\\\/\\\/www.italiaisraele.org\\\/?p=4304#breadcrumb\"},\"inLanguage\":\"it-IT\",\"potentialAction\":[{\"@type\":\"ReadAction\",\"target\":[\"https:\\\/\\\/www.italiaisraele.org\\\/?p=4304\"]}]},{\"@type\":\"ImageObject\",\"inLanguage\":\"it-IT\",\"@id\":\"https:\\\/\\\/www.italiaisraele.org\\\/?p=4304#primaryimage\",\"url\":\"https:\\\/\\\/www.italiaisraele.org\\\/wp-content\\\/uploads\\\/2025\\\/06\\\/Ginevra-bompiani.jpg\",\"contentUrl\":\"https:\\\/\\\/www.italiaisraele.org\\\/wp-content\\\/uploads\\\/2025\\\/06\\\/Ginevra-bompiani.jpg\",\"width\":960,\"height\":400},{\"@type\":\"BreadcrumbList\",\"@id\":\"https:\\\/\\\/www.italiaisraele.org\\\/?p=4304#breadcrumb\",\"itemListElement\":[{\"@type\":\"ListItem\",\"position\":1,\"name\":\"Home\",\"item\":\"https:\\\/\\\/www.italiaisraele.org\\\/\"},{\"@type\":\"ListItem\",\"position\":2,\"name\":\"Cattivi maestri\\\/1 La &#8220;campesina lumbarda&#8221;: Ginevra Bompiani\"}]},{\"@type\":\"WebSite\",\"@id\":\"https:\\\/\\\/www.italiaisraele.org\\\/#website\",\"url\":\"https:\\\/\\\/www.italiaisraele.org\\\/\",\"name\":\"News Italia - Israele\",\"description\":\"Italia Israele Today - Magazine\",\"publisher\":{\"@id\":\"https:\\\/\\\/www.italiaisraele.org\\\/#organization\"},\"potentialAction\":[{\"@type\":\"SearchAction\",\"target\":{\"@type\":\"EntryPoint\",\"urlTemplate\":\"https:\\\/\\\/www.italiaisraele.org\\\/?s={search_term_string}\"},\"query-input\":{\"@type\":\"PropertyValueSpecification\",\"valueRequired\":true,\"valueName\":\"search_term_string\"}}],\"inLanguage\":\"it-IT\"},{\"@type\":\"Organization\",\"@id\":\"https:\\\/\\\/www.italiaisraele.org\\\/#organization\",\"name\":\"News Italia - Israele\",\"url\":\"https:\\\/\\\/www.italiaisraele.org\\\/\",\"logo\":{\"@type\":\"ImageObject\",\"inLanguage\":\"it-IT\",\"@id\":\"https:\\\/\\\/www.italiaisraele.org\\\/#\\\/schema\\\/logo\\\/image\\\/\",\"url\":\"https:\\\/\\\/www.italiaisraele.org\\\/wp-content\\\/uploads\\\/2024\\\/02\\\/cropped-cropped-TESTATA-NEWS-2.jpg\",\"contentUrl\":\"https:\\\/\\\/www.italiaisraele.org\\\/wp-content\\\/uploads\\\/2024\\\/02\\\/cropped-cropped-TESTATA-NEWS-2.jpg\",\"width\":1918,\"height\":291,\"caption\":\"News Italia - Israele\"},\"image\":{\"@id\":\"https:\\\/\\\/www.italiaisraele.org\\\/#\\\/schema\\\/logo\\\/image\\\/\"},\"sameAs\":[\"https:\\\/\\\/www.facebook.com\\\/Federazione.Associazioni.Italia.Israele\"]},{\"@type\":\"Person\",\"@id\":\"https:\\\/\\\/www.italiaisraele.org\\\/#\\\/schema\\\/person\\\/a58663d7e92468eb3e7d158e016946cd\",\"name\":\"Redazione\",\"image\":{\"@type\":\"ImageObject\",\"inLanguage\":\"it-IT\",\"@id\":\"https:\\\/\\\/secure.gravatar.com\\\/avatar\\\/fe11715b332cc423bb3991a005da4d50b44647eec21b11abddd059d3deafc450?s=96&d=mm&r=g\",\"url\":\"https:\\\/\\\/secure.gravatar.com\\\/avatar\\\/fe11715b332cc423bb3991a005da4d50b44647eec21b11abddd059d3deafc450?s=96&d=mm&r=g\",\"contentUrl\":\"https:\\\/\\\/secure.gravatar.com\\\/avatar\\\/fe11715b332cc423bb3991a005da4d50b44647eec21b11abddd059d3deafc450?s=96&d=mm&r=g\",\"caption\":\"Redazione\"},\"url\":\"https:\\\/\\\/www.italiaisraele.org\\\/?author=2\"}]}<\/script>\r\n<!-- \/ Yoast SEO plugin. -->","yoast_head_json":{"title":"Cattivi maestri\/1 La \"campesina lumbarda\": Ginevra Bompiani - Federazione Associazioni Italia Israele","robots":{"index":"index","follow":"follow","max-snippet":"max-snippet:-1","max-image-preview":"max-image-preview:large","max-video-preview":"max-video-preview:-1"},"canonical":"https:\/\/www.italiaisraele.org\/?p=4304","og_locale":"it_IT","og_type":"article","og_title":"Cattivi maestri\/1 La \"campesina lumbarda\": Ginevra Bompiani - Federazione Associazioni Italia Israele","og_description":"Da oggi iniziamo a presentare una galleria di personaggi che &#8211; dalle colonne dei giornali e soprattutto nelle trasmissioni televisive &#8211; illustrano un mondo rovesciato, arrivando a sostenere l&#8217;insostenibile, fomentando apertamente e allegramente l&#8217;antisionismo. Prima puntata: Ginevra Bompiani. Ma perch\u00e9 David Parenzo (tu quoque, Parenzo) invita un giorno s\u00ec e l&#8217;altro pure Ginevra Bompiani all&#8217;Aria [&hellip;]","og_url":"https:\/\/www.italiaisraele.org\/?p=4304","og_site_name":"Federazione Associazioni Italia Israele","article_publisher":"https:\/\/www.facebook.com\/Federazione.Associazioni.Italia.Israele","article_published_time":"2025-06-16T10:37:34+00:00","article_modified_time":"2025-06-16T16:54:55+00:00","og_image":[{"width":960,"height":400,"url":"https:\/\/www.italiaisraele.org\/wp-content\/uploads\/2025\/06\/Ginevra-bompiani.jpg","type":"image\/jpeg"}],"author":"Redazione","twitter_card":"summary_large_image","twitter_misc":{"Scritto da":"Redazione","Tempo di lettura stimato":"4 minuti"},"schema":{"@context":"https:\/\/schema.org","@graph":[{"@type":"Article","@id":"https:\/\/www.italiaisraele.org\/?p=4304#article","isPartOf":{"@id":"https:\/\/www.italiaisraele.org\/?p=4304"},"author":{"name":"Redazione","@id":"https:\/\/www.italiaisraele.org\/#\/schema\/person\/a58663d7e92468eb3e7d158e016946cd"},"headline":"Cattivi maestri\/1 La &#8220;campesina lumbarda&#8221;: Ginevra Bompiani","datePublished":"2025-06-16T10:37:34+00:00","dateModified":"2025-06-16T16:54:55+00:00","mainEntityOfPage":{"@id":"https:\/\/www.italiaisraele.org\/?p=4304"},"wordCount":725,"commentCount":3,"publisher":{"@id":"https:\/\/www.italiaisraele.org\/#organization"},"image":{"@id":"https:\/\/www.italiaisraele.org\/?p=4304#primaryimage"},"thumbnailUrl":"https:\/\/www.italiaisraele.org\/wp-content\/uploads\/2025\/06\/Ginevra-bompiani.jpg","keywords":["antisionismo","Ginevra Bompiani","La7"],"articleSection":["Attualit\u00e0"],"inLanguage":"it-IT","potentialAction":[{"@type":"CommentAction","name":"Comment","target":["https:\/\/www.italiaisraele.org\/?p=4304#respond"]}]},{"@type":"WebPage","@id":"https:\/\/www.italiaisraele.org\/?p=4304","url":"https:\/\/www.italiaisraele.org\/?p=4304","name":"Cattivi maestri\/1 La \"campesina lumbarda\": Ginevra Bompiani - Federazione Associazioni Italia Israele","isPartOf":{"@id":"https:\/\/www.italiaisraele.org\/#website"},"primaryImageOfPage":{"@id":"https:\/\/www.italiaisraele.org\/?p=4304#primaryimage"},"image":{"@id":"https:\/\/www.italiaisraele.org\/?p=4304#primaryimage"},"thumbnailUrl":"https:\/\/www.italiaisraele.org\/wp-content\/uploads\/2025\/06\/Ginevra-bompiani.jpg","datePublished":"2025-06-16T10:37:34+00:00","dateModified":"2025-06-16T16:54:55+00:00","breadcrumb":{"@id":"https:\/\/www.italiaisraele.org\/?p=4304#breadcrumb"},"inLanguage":"it-IT","potentialAction":[{"@type":"ReadAction","target":["https:\/\/www.italiaisraele.org\/?p=4304"]}]},{"@type":"ImageObject","inLanguage":"it-IT","@id":"https:\/\/www.italiaisraele.org\/?p=4304#primaryimage","url":"https:\/\/www.italiaisraele.org\/wp-content\/uploads\/2025\/06\/Ginevra-bompiani.jpg","contentUrl":"https:\/\/www.italiaisraele.org\/wp-content\/uploads\/2025\/06\/Ginevra-bompiani.jpg","width":960,"height":400},{"@type":"BreadcrumbList","@id":"https:\/\/www.italiaisraele.org\/?p=4304#breadcrumb","itemListElement":[{"@type":"ListItem","position":1,"name":"Home","item":"https:\/\/www.italiaisraele.org\/"},{"@type":"ListItem","position":2,"name":"Cattivi maestri\/1 La &#8220;campesina lumbarda&#8221;: Ginevra Bompiani"}]},{"@type":"WebSite","@id":"https:\/\/www.italiaisraele.org\/#website","url":"https:\/\/www.italiaisraele.org\/","name":"News Italia - Israele","description":"Italia Israele Today - Magazine","publisher":{"@id":"https:\/\/www.italiaisraele.org\/#organization"},"potentialAction":[{"@type":"SearchAction","target":{"@type":"EntryPoint","urlTemplate":"https:\/\/www.italiaisraele.org\/?s={search_term_string}"},"query-input":{"@type":"PropertyValueSpecification","valueRequired":true,"valueName":"search_term_string"}}],"inLanguage":"it-IT"},{"@type":"Organization","@id":"https:\/\/www.italiaisraele.org\/#organization","name":"News Italia - Israele","url":"https:\/\/www.italiaisraele.org\/","logo":{"@type":"ImageObject","inLanguage":"it-IT","@id":"https:\/\/www.italiaisraele.org\/#\/schema\/logo\/image\/","url":"https:\/\/www.italiaisraele.org\/wp-content\/uploads\/2024\/02\/cropped-cropped-TESTATA-NEWS-2.jpg","contentUrl":"https:\/\/www.italiaisraele.org\/wp-content\/uploads\/2024\/02\/cropped-cropped-TESTATA-NEWS-2.jpg","width":1918,"height":291,"caption":"News Italia - Israele"},"image":{"@id":"https:\/\/www.italiaisraele.org\/#\/schema\/logo\/image\/"},"sameAs":["https:\/\/www.facebook.com\/Federazione.Associazioni.Italia.Israele"]},{"@type":"Person","@id":"https:\/\/www.italiaisraele.org\/#\/schema\/person\/a58663d7e92468eb3e7d158e016946cd","name":"Redazione","image":{"@type":"ImageObject","inLanguage":"it-IT","@id":"https:\/\/secure.gravatar.com\/avatar\/fe11715b332cc423bb3991a005da4d50b44647eec21b11abddd059d3deafc450?s=96&d=mm&r=g","url":"https:\/\/secure.gravatar.com\/avatar\/fe11715b332cc423bb3991a005da4d50b44647eec21b11abddd059d3deafc450?s=96&d=mm&r=g","contentUrl":"https:\/\/secure.gravatar.com\/avatar\/fe11715b332cc423bb3991a005da4d50b44647eec21b11abddd059d3deafc450?s=96&d=mm&r=g","caption":"Redazione"},"url":"https:\/\/www.italiaisraele.org\/?author=2"}]}},"_links":{"self":[{"href":"https:\/\/www.italiaisraele.org\/index.php?rest_route=\/wp\/v2\/posts\/4304","targetHints":{"allow":["GET"]}}],"collection":[{"href":"https:\/\/www.italiaisraele.org\/index.php?rest_route=\/wp\/v2\/posts"}],"about":[{"href":"https:\/\/www.italiaisraele.org\/index.php?rest_route=\/wp\/v2\/types\/post"}],"author":[{"embeddable":true,"href":"https:\/\/www.italiaisraele.org\/index.php?rest_route=\/wp\/v2\/users\/2"}],"replies":[{"embeddable":true,"href":"https:\/\/www.italiaisraele.org\/index.php?rest_route=%2Fwp%2Fv2%2Fcomments&post=4304"}],"version-history":[{"count":0,"href":"https:\/\/www.italiaisraele.org\/index.php?rest_route=\/wp\/v2\/posts\/4304\/revisions"}],"wp:featuredmedia":[{"embeddable":true,"href":"https:\/\/www.italiaisraele.org\/index.php?rest_route=\/wp\/v2\/media\/4305"}],"wp:attachment":[{"href":"https:\/\/www.italiaisraele.org\/index.php?rest_route=%2Fwp%2Fv2%2Fmedia&parent=4304"}],"wp:term":[{"taxonomy":"category","embeddable":true,"href":"https:\/\/www.italiaisraele.org\/index.php?rest_route=%2Fwp%2Fv2%2Fcategories&post=4304"},{"taxonomy":"post_tag","embeddable":true,"href":"https:\/\/www.italiaisraele.org\/index.php?rest_route=%2Fwp%2Fv2%2Ftags&post=4304"}],"curies":[{"name":"wp","href":"https:\/\/api.w.org\/{rel}","templated":true}]}}