{"id":4286,"date":"2025-06-14T10:56:03","date_gmt":"2025-06-14T08:56:03","guid":{"rendered":"https:\/\/www.italiaisraele.org\/?p=4286"},"modified":"2025-06-14T17:38:16","modified_gmt":"2025-06-14T15:38:16","slug":"lettera-aperta-a-marco-travaglio","status":"publish","type":"post","link":"https:\/\/www.italiaisraele.org\/?p=4286","title":{"rendered":"Lettera aperta a Marco Travaglio"},"content":{"rendered":"\n<p>di <em>Giuseppe Crimaldi<\/em><\/p>\n\n\n\n<p>Caro Travaglio (anzi, ci togliamo il &#8220;caro&#8221;),<\/p>\n\n\n\n<p>non sappiamo che cosa animi in te tanto livore nei confronti d&#8217;Israele per poter pubblicare l&#8217;ennesima a dir poco discutibile copertina del Fatto Quotidiano nella quale compare l&#8217;immagine del premier Netanyahu definito &#8220;terrorista&#8221;. <\/p>\n\n\n\n<p>Non ci \u00e8 chiaro il motivo per il quale da mesi e mesi il tuo vignettista pubblica disegnini e battute dichiaratamente ANTISEMITE, e ripeto ANTISEMITE, non antisioniste (ma almeno su questo siete molto pi\u00f9 onesti  e coerenti di tanti altri ipocriti benpensanti che aborrono la parola &#8220;antisemita&#8221; dichiarandosi invece &#8220;antisionisti&#8221;).<\/p>\n\n\n\n<p>E cos\u00ec come ci sfuggiva la tua linea che asseconda il bombardamento selvaggio e stragista che i russi ogni notte compiono in Ucraina, cos\u00ec come la tua fascinazione per Putin, non ci spieghiamo cosa sia ad animare te e il tuo giornale verso sentimenti tanto forti da giustificare le pi\u00f9 elementari domande che ogni uomo e donna dotato di un minimo spirito critico si pone davanti a simile virulenza verbale.<\/p>\n\n\n\n<p>Definisci Netanyahu un terrorista. Per il vocabolario della lingua italiana la parola &#8220;terrorismo&#8221; indica testualmente: <strong>&#8220;Lotta politica, basata su violenze indiscriminate e destabilizzanti (uccisioni, sabotaggi, attentati dinamitardi, ecc.), impiegato da gruppi clandestini rivoluzionari&#8221;.<\/strong> Israele \u00e8 uno Stato democratico, il solo in una fetta di mondo popolato da regimi auto e teocratici, non certo un gruppo clandestino rivoluzionario. Israele si difende da 80 anni da chi &#8211; esplicitamente e senza giri di parole &#8211; ne chiede la soppressione, la fine, la morte. Rivendica solo il diritto alla esistenza. Ma si scaglia, quando serve, contro chi mina o tenta di compromettere questo sacrosanto diritto. E per questi motivi \u00e8 costretto a fare la guerra.<\/p>\n\n\n\n<p>Travaglio, tu che di storia dici di intendetene, tu che scodelli in ogni tuo articolo e in ogni trasmissione televisiva dotte citazioni sui trattati, sulle mosse politiche internazionali di ieri e di oggi, su ci\u00f2 che \u00e8 giusto e ci\u00f2 che \u00e8 sbagliato, queste cose dovresti saperle. E se le sai, allora non ci resta che concludere che \u00e8 la malafede ad animarti. Malafede e pregiudizio che ti animano e sono semmai superiori al livore che sprigioni quando scrivi e parli.<\/p>\n\n\n\n<figure class=\"wp-block-image size-large\"><img loading=\"lazy\" decoding=\"async\" width=\"1024\" height=\"576\" src=\"https:\/\/www.italiaisraele.org\/wp-content\/uploads\/2025\/06\/vignetta-1024x576.jpg\" alt=\"\" class=\"wp-image-4289\" srcset=\"https:\/\/www.italiaisraele.org\/wp-content\/uploads\/2025\/06\/vignetta-1024x576.jpg 1024w, https:\/\/www.italiaisraele.org\/wp-content\/uploads\/2025\/06\/vignetta-300x169.jpg 300w, https:\/\/www.italiaisraele.org\/wp-content\/uploads\/2025\/06\/vignetta-768x432.jpg 768w, https:\/\/www.italiaisraele.org\/wp-content\/uploads\/2025\/06\/vignetta-1536x864.jpg 1536w, https:\/\/www.italiaisraele.org\/wp-content\/uploads\/2025\/06\/vignetta-1160x653.jpg 1160w, https:\/\/www.italiaisraele.org\/wp-content\/uploads\/2025\/06\/vignetta-600x338.jpg 600w, https:\/\/www.italiaisraele.org\/wp-content\/uploads\/2025\/06\/vignetta.jpg 1920w\" sizes=\"auto, (max-width: 1024px) 100vw, 1024px\" \/><\/figure>\n\n\n\n<p>No, Netanyahu non \u00e8 un terrorista. Si pu\u00f2 discutere sulle morti dei civili di Gaza (l&#8217;uccisione di innocenti non si pu\u00f2 mai giustificare), ma se lo si fa il discorso allora va inquadrato nella vigliaccheria di Hamas che utilizza la popolazione civile della Striscia per nascondersi nei mercati, nelle moschee, negli asili, nelle scuole e tra gli innocenti gazawi; che poi innocenti fino in fondo non lo saranno mai, per due buoni motivi: per non essere mai riusciti a organizzarsi in resistenza contro un regime oppressivo  capace di incassare miliardi di dollari e di euro non certo per promuovere il benessere della sua gente (vatti a rileggere i dati sulle cascate d&#8217;oro e diamanti fatti piovere su Gaza e utilizzati per armarsi e costruire i tunnel della morte, non per creare sviluppo e benessere); e poi perch\u00e9 &#8211; e questo in pochi lo dicono &#8211; migliaia e migliaia di gazawi festeggiarono il 7 ottobre e le sue atrocit\u00e0 con gioia e sadica soddisfazione, inneggiando agli sgozzamenti e agli obbrobri commessi sui civili innocenti). Ed ancora, non dimenticare che la maggioranza dei palestinesi sono stati i primi fiancheggiatori nei rapimenti e nella &#8220;custodia&#8221; dei poveri ostaggi civili israeliani.<\/p>\n\n\n\n<figure class=\"wp-block-image size-large\"><img loading=\"lazy\" decoding=\"async\" width=\"893\" height=\"1024\" src=\"https:\/\/www.italiaisraele.org\/wp-content\/uploads\/2025\/06\/wprescrizione-FKT-2-1050x1204-1-893x1024.jpg\" alt=\"\" class=\"wp-image-4290\" srcset=\"https:\/\/www.italiaisraele.org\/wp-content\/uploads\/2025\/06\/wprescrizione-FKT-2-1050x1204-1-893x1024.jpg 893w, https:\/\/www.italiaisraele.org\/wp-content\/uploads\/2025\/06\/wprescrizione-FKT-2-1050x1204-1-262x300.jpg 262w, https:\/\/www.italiaisraele.org\/wp-content\/uploads\/2025\/06\/wprescrizione-FKT-2-1050x1204-1-768x881.jpg 768w, https:\/\/www.italiaisraele.org\/wp-content\/uploads\/2025\/06\/wprescrizione-FKT-2-1050x1204-1-600x688.jpg 600w, https:\/\/www.italiaisraele.org\/wp-content\/uploads\/2025\/06\/wprescrizione-FKT-2-1050x1204-1.jpg 1050w\" sizes=\"auto, (max-width: 893px) 100vw, 893px\" \/><\/figure>\n\n\n\n<p>Netanyahu &#8211; democraticamente eletto da un popolo &#8211; non \u00e8 un terrorista. A Gaza le ultime elezioni risalgono al gennaio 2006. In Siria, fino al rovesciamento del dittatore Assad, le consultazioni elettorali erano una barzelletta. E cos\u00ec in Iran. Senza contare che l&#8217;incapacit\u00e0 dei palestinesi di avviare una trattativa credibile con Israele deriva dalla spaccatura tra Fatah di Abu Mazen e Hamas.<\/p>\n\n\n\n<p>Terroristi sono l&#8217;ayatollah Khameney, i fratelli Sinwar, il ciccione che domina col terrore in Nord Corea, gli Houthy, i mullah afghani, eccetera eccetera. Siamo circondati da terroristi. Ma tu preferisci puntare il mirino contro Israele. Certo, vedere che a Gaza stanno morendo tanti civili fa male e pone degli interrogativi. Ma con il semplicismo politico che ti \u00e8 proprio, tu ti poni dal lato sbagliato della storia. Prova a farti entrare in testa questo concetto: chi minaccia la distruzione d&#8217;Israele non trover\u00e0 mai pace. Augurati che Israele faccia ordine in un Medio Oriente che ha bisogno solo di pace e stabilit\u00e0. Augurati di non vivere mai in un Paese accerchiato da nemici e di non essere costretto ad alzarti ogni mattina sapendo che potrebbe essere l&#8217;ultima. E spera in un miracolo: che ti si aprano, finalmente, gli occhi e la mente.<\/p>\n","protected":false},"excerpt":{"rendered":"<p>di Giuseppe Crimaldi Caro Travaglio (anzi, ci togliamo il &#8220;caro&#8221;), non sappiamo che cosa animi in te tanto livore nei confronti d&#8217;Israele per poter pubblicare l&#8217;ennesima a dir poco discutibile copertina del Fatto Quotidiano nella quale compare l&#8217;immagine del premier Netanyahu definito &#8220;terrorista&#8221;. Non ci \u00e8 chiaro il motivo per il quale da mesi e [&hellip;]<\/p>\n","protected":false},"author":4,"featured_media":4287,"comment_status":"open","ping_status":"open","sticky":false,"template":"","format":"standard","meta":{"iawp_total_views":702,"footnotes":""},"categories":[33],"tags":[13,550,37],"class_list":["post-4286","post","type-post","status-publish","format-standard","has-post-thumbnail","hentry","category-approfondimenti","tag-israele","tag-marco-travaglio","tag-terrorismo"],"yoast_head":"<!-- This site is optimized with the Yoast SEO plugin v27.5 - https:\/\/yoast.com\/product\/yoast-seo-wordpress\/ -->\r\n<title>Lettera aperta a Marco Travaglio - Federazione Associazioni Italia Israele<\/title>\r\n<meta name=\"robots\" content=\"index, follow, max-snippet:-1, max-image-preview:large, max-video-preview:-1\" \/>\r\n<link rel=\"canonical\" href=\"https:\/\/www.italiaisraele.org\/?p=4286\" \/>\r\n<meta property=\"og:locale\" content=\"it_IT\" \/>\r\n<meta property=\"og:type\" content=\"article\" \/>\r\n<meta property=\"og:title\" content=\"Lettera aperta a Marco Travaglio - Federazione Associazioni Italia Israele\" \/>\r\n<meta property=\"og:description\" content=\"di Giuseppe Crimaldi Caro Travaglio (anzi, ci togliamo il &#8220;caro&#8221;), non sappiamo che cosa animi in te tanto livore nei confronti d&#8217;Israele per poter pubblicare l&#8217;ennesima a dir poco discutibile copertina del Fatto Quotidiano nella quale compare l&#8217;immagine del premier Netanyahu definito &#8220;terrorista&#8221;. Non ci \u00e8 chiaro il motivo per il quale da mesi e [&hellip;]\" \/>\r\n<meta property=\"og:url\" content=\"https:\/\/www.italiaisraele.org\/?p=4286\" \/>\r\n<meta property=\"og:site_name\" content=\"Federazione Associazioni Italia Israele\" \/>\r\n<meta property=\"article:publisher\" content=\"https:\/\/www.facebook.com\/Federazione.Associazioni.Italia.Israele\" \/>\r\n<meta property=\"article:published_time\" content=\"2025-06-14T08:56:03+00:00\" \/>\r\n<meta property=\"article:modified_time\" content=\"2025-06-14T15:38:16+00:00\" \/>\r\n<meta property=\"og:image\" content=\"https:\/\/www.italiaisraele.org\/wp-content\/uploads\/2025\/06\/WhatsApp-Image-2025-06-14-at-10.11.32.jpeg\" \/>\r\n\t<meta property=\"og:image:width\" content=\"1170\" \/>\r\n\t<meta property=\"og:image:height\" content=\"1243\" \/>\r\n\t<meta property=\"og:image:type\" content=\"image\/jpeg\" \/>\r\n<meta name=\"author\" content=\"Giuseppe Crimaldi\" \/>\r\n<meta name=\"twitter:card\" content=\"summary_large_image\" \/>\r\n<meta name=\"twitter:label1\" content=\"Scritto da\" \/>\n\t<meta name=\"twitter:data1\" content=\"Giuseppe Crimaldi\" \/>\n\t<meta name=\"twitter:label2\" content=\"Tempo di lettura stimato\" \/>\n\t<meta name=\"twitter:data2\" content=\"5 minuti\" \/>\r\n<script type=\"application\/ld+json\" class=\"yoast-schema-graph\">{\"@context\":\"https:\\\/\\\/schema.org\",\"@graph\":[{\"@type\":\"Article\",\"@id\":\"https:\\\/\\\/www.italiaisraele.org\\\/?p=4286#article\",\"isPartOf\":{\"@id\":\"https:\\\/\\\/www.italiaisraele.org\\\/?p=4286\"},\"author\":{\"name\":\"Giuseppe Crimaldi\",\"@id\":\"https:\\\/\\\/www.italiaisraele.org\\\/#\\\/schema\\\/person\\\/7784c17a23e6ef9cb737f3192f043fab\"},\"headline\":\"Lettera aperta a Marco Travaglio\",\"datePublished\":\"2025-06-14T08:56:03+00:00\",\"dateModified\":\"2025-06-14T15:38:16+00:00\",\"mainEntityOfPage\":{\"@id\":\"https:\\\/\\\/www.italiaisraele.org\\\/?p=4286\"},\"wordCount\":758,\"commentCount\":6,\"publisher\":{\"@id\":\"https:\\\/\\\/www.italiaisraele.org\\\/#organization\"},\"image\":{\"@id\":\"https:\\\/\\\/www.italiaisraele.org\\\/?p=4286#primaryimage\"},\"thumbnailUrl\":\"https:\\\/\\\/www.italiaisraele.org\\\/wp-content\\\/uploads\\\/2025\\\/06\\\/WhatsApp-Image-2025-06-14-at-10.11.32.jpeg\",\"keywords\":[\"Israele\",\"Marco Travaglio\",\"terrorismo\"],\"articleSection\":[\"Approfondimenti\"],\"inLanguage\":\"it-IT\",\"potentialAction\":[{\"@type\":\"CommentAction\",\"name\":\"Comment\",\"target\":[\"https:\\\/\\\/www.italiaisraele.org\\\/?p=4286#respond\"]}]},{\"@type\":\"WebPage\",\"@id\":\"https:\\\/\\\/www.italiaisraele.org\\\/?p=4286\",\"url\":\"https:\\\/\\\/www.italiaisraele.org\\\/?p=4286\",\"name\":\"Lettera aperta a Marco Travaglio - Federazione Associazioni Italia Israele\",\"isPartOf\":{\"@id\":\"https:\\\/\\\/www.italiaisraele.org\\\/#website\"},\"primaryImageOfPage\":{\"@id\":\"https:\\\/\\\/www.italiaisraele.org\\\/?p=4286#primaryimage\"},\"image\":{\"@id\":\"https:\\\/\\\/www.italiaisraele.org\\\/?p=4286#primaryimage\"},\"thumbnailUrl\":\"https:\\\/\\\/www.italiaisraele.org\\\/wp-content\\\/uploads\\\/2025\\\/06\\\/WhatsApp-Image-2025-06-14-at-10.11.32.jpeg\",\"datePublished\":\"2025-06-14T08:56:03+00:00\",\"dateModified\":\"2025-06-14T15:38:16+00:00\",\"breadcrumb\":{\"@id\":\"https:\\\/\\\/www.italiaisraele.org\\\/?p=4286#breadcrumb\"},\"inLanguage\":\"it-IT\",\"potentialAction\":[{\"@type\":\"ReadAction\",\"target\":[\"https:\\\/\\\/www.italiaisraele.org\\\/?p=4286\"]}]},{\"@type\":\"ImageObject\",\"inLanguage\":\"it-IT\",\"@id\":\"https:\\\/\\\/www.italiaisraele.org\\\/?p=4286#primaryimage\",\"url\":\"https:\\\/\\\/www.italiaisraele.org\\\/wp-content\\\/uploads\\\/2025\\\/06\\\/WhatsApp-Image-2025-06-14-at-10.11.32.jpeg\",\"contentUrl\":\"https:\\\/\\\/www.italiaisraele.org\\\/wp-content\\\/uploads\\\/2025\\\/06\\\/WhatsApp-Image-2025-06-14-at-10.11.32.jpeg\",\"width\":1170,\"height\":1243},{\"@type\":\"BreadcrumbList\",\"@id\":\"https:\\\/\\\/www.italiaisraele.org\\\/?p=4286#breadcrumb\",\"itemListElement\":[{\"@type\":\"ListItem\",\"position\":1,\"name\":\"Home\",\"item\":\"https:\\\/\\\/www.italiaisraele.org\\\/\"},{\"@type\":\"ListItem\",\"position\":2,\"name\":\"Lettera aperta a Marco Travaglio\"}]},{\"@type\":\"WebSite\",\"@id\":\"https:\\\/\\\/www.italiaisraele.org\\\/#website\",\"url\":\"https:\\\/\\\/www.italiaisraele.org\\\/\",\"name\":\"News Italia - Israele\",\"description\":\"Italia Israele Today - Magazine\",\"publisher\":{\"@id\":\"https:\\\/\\\/www.italiaisraele.org\\\/#organization\"},\"potentialAction\":[{\"@type\":\"SearchAction\",\"target\":{\"@type\":\"EntryPoint\",\"urlTemplate\":\"https:\\\/\\\/www.italiaisraele.org\\\/?s={search_term_string}\"},\"query-input\":{\"@type\":\"PropertyValueSpecification\",\"valueRequired\":true,\"valueName\":\"search_term_string\"}}],\"inLanguage\":\"it-IT\"},{\"@type\":\"Organization\",\"@id\":\"https:\\\/\\\/www.italiaisraele.org\\\/#organization\",\"name\":\"News Italia - Israele\",\"url\":\"https:\\\/\\\/www.italiaisraele.org\\\/\",\"logo\":{\"@type\":\"ImageObject\",\"inLanguage\":\"it-IT\",\"@id\":\"https:\\\/\\\/www.italiaisraele.org\\\/#\\\/schema\\\/logo\\\/image\\\/\",\"url\":\"https:\\\/\\\/www.italiaisraele.org\\\/wp-content\\\/uploads\\\/2024\\\/02\\\/cropped-cropped-TESTATA-NEWS-2.jpg\",\"contentUrl\":\"https:\\\/\\\/www.italiaisraele.org\\\/wp-content\\\/uploads\\\/2024\\\/02\\\/cropped-cropped-TESTATA-NEWS-2.jpg\",\"width\":1918,\"height\":291,\"caption\":\"News Italia - Israele\"},\"image\":{\"@id\":\"https:\\\/\\\/www.italiaisraele.org\\\/#\\\/schema\\\/logo\\\/image\\\/\"},\"sameAs\":[\"https:\\\/\\\/www.facebook.com\\\/Federazione.Associazioni.Italia.Israele\"]},{\"@type\":\"Person\",\"@id\":\"https:\\\/\\\/www.italiaisraele.org\\\/#\\\/schema\\\/person\\\/7784c17a23e6ef9cb737f3192f043fab\",\"name\":\"Giuseppe Crimaldi\",\"image\":{\"@type\":\"ImageObject\",\"inLanguage\":\"it-IT\",\"@id\":\"https:\\\/\\\/secure.gravatar.com\\\/avatar\\\/a6ddf67481d5d5efef9847e6f4c99a77e7129e93382ea6de1e9ea96b8deec707?s=96&d=mm&r=g\",\"url\":\"https:\\\/\\\/secure.gravatar.com\\\/avatar\\\/a6ddf67481d5d5efef9847e6f4c99a77e7129e93382ea6de1e9ea96b8deec707?s=96&d=mm&r=g\",\"contentUrl\":\"https:\\\/\\\/secure.gravatar.com\\\/avatar\\\/a6ddf67481d5d5efef9847e6f4c99a77e7129e93382ea6de1e9ea96b8deec707?s=96&d=mm&r=g\",\"caption\":\"Giuseppe Crimaldi\"},\"url\":\"https:\\\/\\\/www.italiaisraele.org\\\/?author=4\"}]}<\/script>\r\n<!-- \/ Yoast SEO plugin. -->","yoast_head_json":{"title":"Lettera aperta a Marco Travaglio - Federazione Associazioni Italia Israele","robots":{"index":"index","follow":"follow","max-snippet":"max-snippet:-1","max-image-preview":"max-image-preview:large","max-video-preview":"max-video-preview:-1"},"canonical":"https:\/\/www.italiaisraele.org\/?p=4286","og_locale":"it_IT","og_type":"article","og_title":"Lettera aperta a Marco Travaglio - Federazione Associazioni Italia Israele","og_description":"di Giuseppe Crimaldi Caro Travaglio (anzi, ci togliamo il &#8220;caro&#8221;), non sappiamo che cosa animi in te tanto livore nei confronti d&#8217;Israele per poter pubblicare l&#8217;ennesima a dir poco discutibile copertina del Fatto Quotidiano nella quale compare l&#8217;immagine del premier Netanyahu definito &#8220;terrorista&#8221;. Non ci \u00e8 chiaro il motivo per il quale da mesi e [&hellip;]","og_url":"https:\/\/www.italiaisraele.org\/?p=4286","og_site_name":"Federazione Associazioni Italia Israele","article_publisher":"https:\/\/www.facebook.com\/Federazione.Associazioni.Italia.Israele","article_published_time":"2025-06-14T08:56:03+00:00","article_modified_time":"2025-06-14T15:38:16+00:00","og_image":[{"width":1170,"height":1243,"url":"https:\/\/www.italiaisraele.org\/wp-content\/uploads\/2025\/06\/WhatsApp-Image-2025-06-14-at-10.11.32.jpeg","type":"image\/jpeg"}],"author":"Giuseppe Crimaldi","twitter_card":"summary_large_image","twitter_misc":{"Scritto da":"Giuseppe Crimaldi","Tempo di lettura stimato":"5 minuti"},"schema":{"@context":"https:\/\/schema.org","@graph":[{"@type":"Article","@id":"https:\/\/www.italiaisraele.org\/?p=4286#article","isPartOf":{"@id":"https:\/\/www.italiaisraele.org\/?p=4286"},"author":{"name":"Giuseppe Crimaldi","@id":"https:\/\/www.italiaisraele.org\/#\/schema\/person\/7784c17a23e6ef9cb737f3192f043fab"},"headline":"Lettera aperta a Marco Travaglio","datePublished":"2025-06-14T08:56:03+00:00","dateModified":"2025-06-14T15:38:16+00:00","mainEntityOfPage":{"@id":"https:\/\/www.italiaisraele.org\/?p=4286"},"wordCount":758,"commentCount":6,"publisher":{"@id":"https:\/\/www.italiaisraele.org\/#organization"},"image":{"@id":"https:\/\/www.italiaisraele.org\/?p=4286#primaryimage"},"thumbnailUrl":"https:\/\/www.italiaisraele.org\/wp-content\/uploads\/2025\/06\/WhatsApp-Image-2025-06-14-at-10.11.32.jpeg","keywords":["Israele","Marco Travaglio","terrorismo"],"articleSection":["Approfondimenti"],"inLanguage":"it-IT","potentialAction":[{"@type":"CommentAction","name":"Comment","target":["https:\/\/www.italiaisraele.org\/?p=4286#respond"]}]},{"@type":"WebPage","@id":"https:\/\/www.italiaisraele.org\/?p=4286","url":"https:\/\/www.italiaisraele.org\/?p=4286","name":"Lettera aperta a Marco Travaglio - Federazione Associazioni Italia Israele","isPartOf":{"@id":"https:\/\/www.italiaisraele.org\/#website"},"primaryImageOfPage":{"@id":"https:\/\/www.italiaisraele.org\/?p=4286#primaryimage"},"image":{"@id":"https:\/\/www.italiaisraele.org\/?p=4286#primaryimage"},"thumbnailUrl":"https:\/\/www.italiaisraele.org\/wp-content\/uploads\/2025\/06\/WhatsApp-Image-2025-06-14-at-10.11.32.jpeg","datePublished":"2025-06-14T08:56:03+00:00","dateModified":"2025-06-14T15:38:16+00:00","breadcrumb":{"@id":"https:\/\/www.italiaisraele.org\/?p=4286#breadcrumb"},"inLanguage":"it-IT","potentialAction":[{"@type":"ReadAction","target":["https:\/\/www.italiaisraele.org\/?p=4286"]}]},{"@type":"ImageObject","inLanguage":"it-IT","@id":"https:\/\/www.italiaisraele.org\/?p=4286#primaryimage","url":"https:\/\/www.italiaisraele.org\/wp-content\/uploads\/2025\/06\/WhatsApp-Image-2025-06-14-at-10.11.32.jpeg","contentUrl":"https:\/\/www.italiaisraele.org\/wp-content\/uploads\/2025\/06\/WhatsApp-Image-2025-06-14-at-10.11.32.jpeg","width":1170,"height":1243},{"@type":"BreadcrumbList","@id":"https:\/\/www.italiaisraele.org\/?p=4286#breadcrumb","itemListElement":[{"@type":"ListItem","position":1,"name":"Home","item":"https:\/\/www.italiaisraele.org\/"},{"@type":"ListItem","position":2,"name":"Lettera aperta a Marco Travaglio"}]},{"@type":"WebSite","@id":"https:\/\/www.italiaisraele.org\/#website","url":"https:\/\/www.italiaisraele.org\/","name":"News Italia - Israele","description":"Italia Israele Today - Magazine","publisher":{"@id":"https:\/\/www.italiaisraele.org\/#organization"},"potentialAction":[{"@type":"SearchAction","target":{"@type":"EntryPoint","urlTemplate":"https:\/\/www.italiaisraele.org\/?s={search_term_string}"},"query-input":{"@type":"PropertyValueSpecification","valueRequired":true,"valueName":"search_term_string"}}],"inLanguage":"it-IT"},{"@type":"Organization","@id":"https:\/\/www.italiaisraele.org\/#organization","name":"News Italia - Israele","url":"https:\/\/www.italiaisraele.org\/","logo":{"@type":"ImageObject","inLanguage":"it-IT","@id":"https:\/\/www.italiaisraele.org\/#\/schema\/logo\/image\/","url":"https:\/\/www.italiaisraele.org\/wp-content\/uploads\/2024\/02\/cropped-cropped-TESTATA-NEWS-2.jpg","contentUrl":"https:\/\/www.italiaisraele.org\/wp-content\/uploads\/2024\/02\/cropped-cropped-TESTATA-NEWS-2.jpg","width":1918,"height":291,"caption":"News Italia - Israele"},"image":{"@id":"https:\/\/www.italiaisraele.org\/#\/schema\/logo\/image\/"},"sameAs":["https:\/\/www.facebook.com\/Federazione.Associazioni.Italia.Israele"]},{"@type":"Person","@id":"https:\/\/www.italiaisraele.org\/#\/schema\/person\/7784c17a23e6ef9cb737f3192f043fab","name":"Giuseppe Crimaldi","image":{"@type":"ImageObject","inLanguage":"it-IT","@id":"https:\/\/secure.gravatar.com\/avatar\/a6ddf67481d5d5efef9847e6f4c99a77e7129e93382ea6de1e9ea96b8deec707?s=96&d=mm&r=g","url":"https:\/\/secure.gravatar.com\/avatar\/a6ddf67481d5d5efef9847e6f4c99a77e7129e93382ea6de1e9ea96b8deec707?s=96&d=mm&r=g","contentUrl":"https:\/\/secure.gravatar.com\/avatar\/a6ddf67481d5d5efef9847e6f4c99a77e7129e93382ea6de1e9ea96b8deec707?s=96&d=mm&r=g","caption":"Giuseppe Crimaldi"},"url":"https:\/\/www.italiaisraele.org\/?author=4"}]}},"_links":{"self":[{"href":"https:\/\/www.italiaisraele.org\/index.php?rest_route=\/wp\/v2\/posts\/4286","targetHints":{"allow":["GET"]}}],"collection":[{"href":"https:\/\/www.italiaisraele.org\/index.php?rest_route=\/wp\/v2\/posts"}],"about":[{"href":"https:\/\/www.italiaisraele.org\/index.php?rest_route=\/wp\/v2\/types\/post"}],"author":[{"embeddable":true,"href":"https:\/\/www.italiaisraele.org\/index.php?rest_route=\/wp\/v2\/users\/4"}],"replies":[{"embeddable":true,"href":"https:\/\/www.italiaisraele.org\/index.php?rest_route=%2Fwp%2Fv2%2Fcomments&post=4286"}],"version-history":[{"count":0,"href":"https:\/\/www.italiaisraele.org\/index.php?rest_route=\/wp\/v2\/posts\/4286\/revisions"}],"wp:featuredmedia":[{"embeddable":true,"href":"https:\/\/www.italiaisraele.org\/index.php?rest_route=\/wp\/v2\/media\/4287"}],"wp:attachment":[{"href":"https:\/\/www.italiaisraele.org\/index.php?rest_route=%2Fwp%2Fv2%2Fmedia&parent=4286"}],"wp:term":[{"taxonomy":"category","embeddable":true,"href":"https:\/\/www.italiaisraele.org\/index.php?rest_route=%2Fwp%2Fv2%2Fcategories&post=4286"},{"taxonomy":"post_tag","embeddable":true,"href":"https:\/\/www.italiaisraele.org\/index.php?rest_route=%2Fwp%2Fv2%2Ftags&post=4286"}],"curies":[{"name":"wp","href":"https:\/\/api.w.org\/{rel}","templated":true}]}}