{"id":4262,"date":"2025-06-11T16:53:44","date_gmt":"2025-06-11T14:53:44","guid":{"rendered":"https:\/\/www.italiaisraele.org\/?p=4262"},"modified":"2025-06-11T18:51:08","modified_gmt":"2025-06-11T16:51:08","slug":"chi-marcera-per-la-somalia-e-per-tutti-gli-altri-silenzi-ipocrisia-e-antisemitismo-della-sinistra","status":"publish","type":"post","link":"https:\/\/www.italiaisraele.org\/?p=4262","title":{"rendered":"Chi marcer\u00e0 per la Somalia e per tutti gli altri? Silenzi, ipocrisia e antisemitismo della sinistra"},"content":{"rendered":"\n<p><strong><em>Nel mondo ci sono vittime di serie A, B e C. Ma non importa: l&#8217;importante \u00e8 darla addosso a Israele. <\/em><\/strong><\/p>\n\n\n\n<p>Ci sono nomi e luoghi che ai pi\u00f9 dicono poco o niente. Nomi di persone vive o gi\u00e0 morte, di nazioni e popoli che soffrono nel silenzio generale. Vittime di serie B. Le prodigiose masse che sfilano contro il &#8220;genocidio&#8221; di Gaza sono le stesse mai pervenute di fronte a contesti anche pi\u00f9 gravi e dolorosi. Ma si sa, le vecchie incrostazioni di certa sinistra in stile Fratoianni, spesso strabica quando non addirittura cieca di fronte a ci\u00f2 che non si vuole vedere (o si fa finta di non vedere) resistono e sono dure a morire.<\/p>\n\n\n\n<p>Un gioco sottile e tagliente di doppiopesismo \u00e8 in atto ormai da oltre un anno. Si seguono i numeri dei civili morti a Gaza &#8211; mai accertati da nessuna commissione indipendente &#8211; si danno per buoni i numeri da lotteria di Hamas, senza mai interrogarsi sulla loro veridicit\u00e0, con ci\u00f2 facendo il gioco dei terroristi, e dunque diventando loro complici a livello mediatico.<\/p>\n\n\n\n<figure class=\"wp-block-image size-large\"><img loading=\"lazy\" decoding=\"async\" width=\"1024\" height=\"817\" src=\"https:\/\/www.italiaisraele.org\/wp-content\/uploads\/2025\/06\/infografica_guerra-1024x817.jpg\" alt=\"\" class=\"wp-image-4264\" srcset=\"https:\/\/www.italiaisraele.org\/wp-content\/uploads\/2025\/06\/infografica_guerra-1024x817.jpg 1024w, https:\/\/www.italiaisraele.org\/wp-content\/uploads\/2025\/06\/infografica_guerra-300x239.jpg 300w, https:\/\/www.italiaisraele.org\/wp-content\/uploads\/2025\/06\/infografica_guerra-768x612.jpg 768w, https:\/\/www.italiaisraele.org\/wp-content\/uploads\/2025\/06\/infografica_guerra-600x479.jpg 600w, https:\/\/www.italiaisraele.org\/wp-content\/uploads\/2025\/06\/infografica_guerra.jpg 1284w\" sizes=\"auto, (max-width: 1024px) 100vw, 1024px\" \/><\/figure>\n\n\n\n<p>Dire che la guerra a Gaza non abbia provocato lutti terribili alla popolazione palestinese sarebbe profondamente ingiusto. Apparteniamo a quell&#8217;Occidente civile che non chiude gli occhi davanti agli orrori di ogni guerra, senza tuttavia mai dimenticare che a provocarla \u00e8 stato il pogrom del 7 ottobre. C&#8217;\u00e8 una causa &#8211; sempre &#8211; dietro ogni effetto.<\/p>\n\n\n\n<p>Ma oggi vogliamo ragionare su un altro punto che segna lo svantaggio culturale, intellettuale e soprattutto umano di chi vede in Israele il diavolo in un mare di acquasanta. Attenzione, non \u00e8 buonismo quello di coloro che chiudono gli occhi e si girano dall&#8217;altra parte ignorando i milioni di lutti e tragedie che ci sono oggi nel mondo; non \u00e8 ignoranza, o incapacit\u00e0 di avere uno sguardo lungo, no. E&#8217; pura malafede. Ma \u00e8 anche antisemitismo travestito da antisionismo, laddove peraltro essere sionisti non necessariamente equivale ad essere sostenitori di questo o quel governo in carica. <\/p>\n\n\n\n<p>E allora cinque piccole domande ai ciechi della politica, del giornalismo travagliesco, ai soloni delle Universit\u00e0 pronti a lanciarsi nel fuoco per sostenere un&#8217;ideologia &#8220;anti&#8221; a prescindere, e a tutta quella amorfa massa di sciamannati che fanno la faccia feroce invocando di interrompere ogni rapporto economico, culturale e accademico con Israele (in queste ore si \u00e8 aggiunta la Regione Toscana).<\/p>\n\n\n\n<p>Prima domanda. Dov&#8217;eravate quando Aleksey Navalny veniva strappato alla libert\u00e0 per essere trascinato in un lager siberiano e lasciato morire nell&#8217;indifferenza generale? Dov&#8217;eravate dopo l&#8217;assassinio di Anna Politoskvaja per mano dei killer ceceni al soldo del Cremlino? Dove eravate mentre gli agenti di Putin offrivano un t\u00e8 al polonio ad Aleksandr Val&#8217;terovi\u010d Litvinenko?<\/p>\n\n\n\n<figure class=\"wp-block-image size-full\"><img loading=\"lazy\" decoding=\"async\" width=\"560\" height=\"315\" src=\"https:\/\/www.italiaisraele.org\/wp-content\/uploads\/2025\/06\/120643799-a00788ca-2228-4a41-889d-026236b95c34.jpg\" alt=\"\" class=\"wp-image-4265\" srcset=\"https:\/\/www.italiaisraele.org\/wp-content\/uploads\/2025\/06\/120643799-a00788ca-2228-4a41-889d-026236b95c34.jpg 560w, https:\/\/www.italiaisraele.org\/wp-content\/uploads\/2025\/06\/120643799-a00788ca-2228-4a41-889d-026236b95c34-300x169.jpg 300w\" sizes=\"auto, (max-width: 560px) 100vw, 560px\" \/><\/figure>\n\n\n\n<p>(<em>Aleksey Navalny dopo l&#8217;avvelenamento<\/em>)<\/p>\n\n\n\n<p>Seconda domanda. Non ci sono solo Gaza e l&#8217;Ucraina. Davvero vogliamo parlare di bambini e vittime innocenti delle guerre? Allora spiegateci: come mai non siete mai scesi in piazza per ricordare gli oltre 120mila bimbi (sono dati Onu, pensate un po&#8217;, ma una volta tanto verificati) delle cosiddette guerre dimenticate degli ultimi vent&#8217;anni? Sono vittime due volte: perch\u00e9 non possono difendersi e perch\u00e9 sono i pi\u00f9 fragili e i primi a pagare le conseguenze di qualsiasi estremizzazione, sia armata come quelle dei conflitti che climatica, come frane o inondazioni: emergenze mondiali che tra il 2022 e il 2023 si sono moltiplicate con la guerra in Ucraina. Ma  che per voi non contano. Nello Yemen, dove oltre 8 anni di combattimenti hanno devastato la vita di 11,1 milioni di bambini, 11.000 sono stati uccisi o gravemente feriti, oltre 4.000 sono stati reclutati e utilizzati dalle parti in conflitto. In Sudan l\u2019Unicef registra la pi\u00f9 grande crisi di bambini sfollati al mondo, con 24 milioni di minori coinvolti e tre milioni di evacuati. Dall\u2019altra parte del mondo, ad Haiti, circa met\u00e0 della popolazione ha bisogno di assistenza umanitaria, compresi 3 milioni di minori, vittime di una complessa storia di povert\u00e0, instabilit\u00e0 politica e rischi naturali. Per non parlare del Sud Sudan, del Nyanmar, dell&#8217; Etiopia e di tante altre guerre tribali che si continuano a combattere in Africa. Eppure nessuno vi ha visto scendere in strada per questa povera gente.<\/p>\n\n\n\n<p>Terza domanda. Da sette mesi in Venezuela \u00e8 in una cella il cooperante italiano Alberto Trentini,\u00a0arrestato il 15 novembre 2024 senza una motivazione giuridicamente plausibile. Alberto \u00e8 un operatore umanitario originario di Venezia. Il 7 gennaio la Commissione interamericana dei diritti umani (Cidh) ha chiesto algoverno di fornire informazioni immediate sulle condizioni del nostro connazionale senza ricevere alcuna collaborazione. E voi non avete mosso un sussurro per lui. Vergogna.<\/p>\n\n\n\n<p>Quarta domanda. Avremmo tanto voluto vedervi anche al Gay Pride di  Teheran. O a quello di Lagos, di Saan&#8217;aa, di Algeri, di Ramallah, di Giacarta o di Pechino. Avremmo voluto vedervi sfilare al fianco e in supporto delle locali comunit\u00e0 omosessuali di questi prodigiosissimi Paesi progrediti, tolleranti e liberali, nei quali la scelta dell&#8217;orientamento sessuale \u00e8 garantita. Al fianco delle comunit\u00e0 LGBTQ che tanto vi stanno a cuore, prodigiosi democraticissimi pacifisti: se solo in queste nazioni le coppie &#8220;omo&#8221; non venissero impiccate, lapidate o lanciate nel vuoto dai terrazzi degli edifici. Anche su questo, non pervenuti.<\/p>\n\n\n\n<figure class=\"wp-block-image size-large\"><img loading=\"lazy\" decoding=\"async\" width=\"1024\" height=\"589\" src=\"https:\/\/www.italiaisraele.org\/wp-content\/uploads\/2025\/06\/ah7q26w-1024x589.jpg\" alt=\"\" class=\"wp-image-4266\" srcset=\"https:\/\/www.italiaisraele.org\/wp-content\/uploads\/2025\/06\/ah7q26w-1024x589.jpg 1024w, https:\/\/www.italiaisraele.org\/wp-content\/uploads\/2025\/06\/ah7q26w-300x173.jpg 300w, https:\/\/www.italiaisraele.org\/wp-content\/uploads\/2025\/06\/ah7q26w-768x442.jpg 768w, https:\/\/www.italiaisraele.org\/wp-content\/uploads\/2025\/06\/ah7q26w-600x345.jpg 600w, https:\/\/www.italiaisraele.org\/wp-content\/uploads\/2025\/06\/ah7q26w.jpg 1320w\" sizes=\"auto, (max-width: 1024px) 100vw, 1024px\" \/><\/figure>\n\n\n\n<p>(<em>Gaza, esecuzione di un omosessuale: lanciato nel vuoto da venti metri<\/em>)<\/p>\n\n\n\n<p>Quinta domanda. E dov&#8217;eravate &#8211; ancora &#8211; mentre i curdi morivano, massacrati dagli iracheni, dai turchi, dai tagliagole dell&#8217;Isis? E dove siete voi, colleghi giornalisti? La giornalista che definisce Gaza \u201cuna catastrofe umanitaria\u201d centra il punto. Ma subito dopo scivola nell\u2019ambiguit\u00e0: si evita di nominare Hamas come attore centrale nella gestione del territorio palestinese, si dimenticano le sue responsabilit\u00e0 dirette nella mancata costruzione di uno Stato palestinese, si confonde la legittima critica a Israele con l\u2019antisemitismo palese che si riaffaccia, anche in Europa. <\/p>\n\n\n\n<p>Tutto molto, molto, molto triste.<\/p>\n\n\n\n<p><\/p>\n","protected":false},"excerpt":{"rendered":"<p>Nel mondo ci sono vittime di serie A, B e C. Ma non importa: l&#8217;importante \u00e8 darla addosso a Israele. Ci sono nomi e luoghi che ai pi\u00f9 dicono poco o niente. Nomi di persone vive o gi\u00e0 morte, di nazioni e popoli che soffrono nel silenzio generale. Vittime di serie B. Le prodigiose masse [&hellip;]<\/p>\n","protected":false},"author":4,"featured_media":4263,"comment_status":"open","ping_status":"open","sticky":false,"template":"","format":"standard","meta":{"iawp_total_views":71,"footnotes":""},"categories":[33],"tags":[816,13,199,167,692],"class_list":["post-4262","post","type-post","status-publish","format-standard","has-post-thumbnail","hentry","category-approfondimenti","tag-guerre-dimenticate","tag-israele","tag-propaganda","tag-propal","tag-sinistra"],"yoast_head":"<!-- This site is optimized with the Yoast SEO plugin v27.5 - https:\/\/yoast.com\/product\/yoast-seo-wordpress\/ -->\r\n<title>Chi marcer\u00e0 per la Somalia e per tutti gli altri? Silenzi, ipocrisia e antisemitismo della sinistra - Federazione Associazioni Italia Israele<\/title>\r\n<meta name=\"robots\" content=\"index, follow, max-snippet:-1, max-image-preview:large, max-video-preview:-1\" \/>\r\n<link rel=\"canonical\" href=\"https:\/\/www.italiaisraele.org\/?p=4262\" \/>\r\n<meta property=\"og:locale\" content=\"it_IT\" \/>\r\n<meta property=\"og:type\" content=\"article\" \/>\r\n<meta property=\"og:title\" content=\"Chi marcer\u00e0 per la Somalia e per tutti gli altri? Silenzi, ipocrisia e antisemitismo della sinistra - Federazione Associazioni Italia Israele\" \/>\r\n<meta property=\"og:description\" content=\"Nel mondo ci sono vittime di serie A, B e C. Ma non importa: l&#8217;importante \u00e8 darla addosso a Israele. Ci sono nomi e luoghi che ai pi\u00f9 dicono poco o niente. Nomi di persone vive o gi\u00e0 morte, di nazioni e popoli che soffrono nel silenzio generale. Vittime di serie B. Le prodigiose masse [&hellip;]\" \/>\r\n<meta property=\"og:url\" content=\"https:\/\/www.italiaisraele.org\/?p=4262\" \/>\r\n<meta property=\"og:site_name\" content=\"Federazione Associazioni Italia Israele\" \/>\r\n<meta property=\"article:publisher\" content=\"https:\/\/www.facebook.com\/Federazione.Associazioni.Italia.Israele\" \/>\r\n<meta property=\"article:published_time\" content=\"2025-06-11T14:53:44+00:00\" \/>\r\n<meta property=\"article:modified_time\" content=\"2025-06-11T16:51:08+00:00\" \/>\r\n<meta property=\"og:image\" content=\"https:\/\/www.italiaisraele.org\/wp-content\/uploads\/2025\/06\/223448015-90a667e0-4bb1-4630-848c-3db4d8298b02.jpg\" \/>\r\n\t<meta property=\"og:image:width\" content=\"800\" \/>\r\n\t<meta property=\"og:image:height\" content=\"450\" \/>\r\n\t<meta property=\"og:image:type\" content=\"image\/jpeg\" \/>\r\n<meta name=\"author\" content=\"Giuseppe Crimaldi\" \/>\r\n<meta name=\"twitter:card\" content=\"summary_large_image\" \/>\r\n<meta name=\"twitter:label1\" content=\"Scritto da\" \/>\n\t<meta name=\"twitter:data1\" content=\"Giuseppe Crimaldi\" \/>\n\t<meta name=\"twitter:label2\" content=\"Tempo di lettura stimato\" \/>\n\t<meta name=\"twitter:data2\" content=\"6 minuti\" \/>\r\n<script type=\"application\/ld+json\" class=\"yoast-schema-graph\">{\"@context\":\"https:\\\/\\\/schema.org\",\"@graph\":[{\"@type\":\"Article\",\"@id\":\"https:\\\/\\\/www.italiaisraele.org\\\/?p=4262#article\",\"isPartOf\":{\"@id\":\"https:\\\/\\\/www.italiaisraele.org\\\/?p=4262\"},\"author\":{\"name\":\"Giuseppe Crimaldi\",\"@id\":\"https:\\\/\\\/www.italiaisraele.org\\\/#\\\/schema\\\/person\\\/7784c17a23e6ef9cb737f3192f043fab\"},\"headline\":\"Chi marcer\u00e0 per la Somalia e per tutti gli altri? Silenzi, ipocrisia e antisemitismo della sinistra\",\"datePublished\":\"2025-06-11T14:53:44+00:00\",\"dateModified\":\"2025-06-11T16:51:08+00:00\",\"mainEntityOfPage\":{\"@id\":\"https:\\\/\\\/www.italiaisraele.org\\\/?p=4262\"},\"wordCount\":964,\"commentCount\":0,\"publisher\":{\"@id\":\"https:\\\/\\\/www.italiaisraele.org\\\/#organization\"},\"image\":{\"@id\":\"https:\\\/\\\/www.italiaisraele.org\\\/?p=4262#primaryimage\"},\"thumbnailUrl\":\"https:\\\/\\\/www.italiaisraele.org\\\/wp-content\\\/uploads\\\/2025\\\/06\\\/223448015-90a667e0-4bb1-4630-848c-3db4d8298b02.jpg\",\"keywords\":[\"guerre dimenticate\",\"Israele\",\"propaganda\",\"propal\",\"sinistra\"],\"articleSection\":[\"Approfondimenti\"],\"inLanguage\":\"it-IT\",\"potentialAction\":[{\"@type\":\"CommentAction\",\"name\":\"Comment\",\"target\":[\"https:\\\/\\\/www.italiaisraele.org\\\/?p=4262#respond\"]}]},{\"@type\":\"WebPage\",\"@id\":\"https:\\\/\\\/www.italiaisraele.org\\\/?p=4262\",\"url\":\"https:\\\/\\\/www.italiaisraele.org\\\/?p=4262\",\"name\":\"Chi marcer\u00e0 per la Somalia e per tutti gli altri? Silenzi, ipocrisia e antisemitismo della sinistra - Federazione Associazioni Italia Israele\",\"isPartOf\":{\"@id\":\"https:\\\/\\\/www.italiaisraele.org\\\/#website\"},\"primaryImageOfPage\":{\"@id\":\"https:\\\/\\\/www.italiaisraele.org\\\/?p=4262#primaryimage\"},\"image\":{\"@id\":\"https:\\\/\\\/www.italiaisraele.org\\\/?p=4262#primaryimage\"},\"thumbnailUrl\":\"https:\\\/\\\/www.italiaisraele.org\\\/wp-content\\\/uploads\\\/2025\\\/06\\\/223448015-90a667e0-4bb1-4630-848c-3db4d8298b02.jpg\",\"datePublished\":\"2025-06-11T14:53:44+00:00\",\"dateModified\":\"2025-06-11T16:51:08+00:00\",\"breadcrumb\":{\"@id\":\"https:\\\/\\\/www.italiaisraele.org\\\/?p=4262#breadcrumb\"},\"inLanguage\":\"it-IT\",\"potentialAction\":[{\"@type\":\"ReadAction\",\"target\":[\"https:\\\/\\\/www.italiaisraele.org\\\/?p=4262\"]}]},{\"@type\":\"ImageObject\",\"inLanguage\":\"it-IT\",\"@id\":\"https:\\\/\\\/www.italiaisraele.org\\\/?p=4262#primaryimage\",\"url\":\"https:\\\/\\\/www.italiaisraele.org\\\/wp-content\\\/uploads\\\/2025\\\/06\\\/223448015-90a667e0-4bb1-4630-848c-3db4d8298b02.jpg\",\"contentUrl\":\"https:\\\/\\\/www.italiaisraele.org\\\/wp-content\\\/uploads\\\/2025\\\/06\\\/223448015-90a667e0-4bb1-4630-848c-3db4d8298b02.jpg\",\"width\":800,\"height\":450},{\"@type\":\"BreadcrumbList\",\"@id\":\"https:\\\/\\\/www.italiaisraele.org\\\/?p=4262#breadcrumb\",\"itemListElement\":[{\"@type\":\"ListItem\",\"position\":1,\"name\":\"Home\",\"item\":\"https:\\\/\\\/www.italiaisraele.org\\\/\"},{\"@type\":\"ListItem\",\"position\":2,\"name\":\"Chi marcer\u00e0 per la Somalia e per tutti gli altri? Silenzi, ipocrisia e antisemitismo della sinistra\"}]},{\"@type\":\"WebSite\",\"@id\":\"https:\\\/\\\/www.italiaisraele.org\\\/#website\",\"url\":\"https:\\\/\\\/www.italiaisraele.org\\\/\",\"name\":\"News Italia - Israele\",\"description\":\"Italia Israele Today - Magazine\",\"publisher\":{\"@id\":\"https:\\\/\\\/www.italiaisraele.org\\\/#organization\"},\"potentialAction\":[{\"@type\":\"SearchAction\",\"target\":{\"@type\":\"EntryPoint\",\"urlTemplate\":\"https:\\\/\\\/www.italiaisraele.org\\\/?s={search_term_string}\"},\"query-input\":{\"@type\":\"PropertyValueSpecification\",\"valueRequired\":true,\"valueName\":\"search_term_string\"}}],\"inLanguage\":\"it-IT\"},{\"@type\":\"Organization\",\"@id\":\"https:\\\/\\\/www.italiaisraele.org\\\/#organization\",\"name\":\"News Italia - Israele\",\"url\":\"https:\\\/\\\/www.italiaisraele.org\\\/\",\"logo\":{\"@type\":\"ImageObject\",\"inLanguage\":\"it-IT\",\"@id\":\"https:\\\/\\\/www.italiaisraele.org\\\/#\\\/schema\\\/logo\\\/image\\\/\",\"url\":\"https:\\\/\\\/www.italiaisraele.org\\\/wp-content\\\/uploads\\\/2024\\\/02\\\/cropped-cropped-TESTATA-NEWS-2.jpg\",\"contentUrl\":\"https:\\\/\\\/www.italiaisraele.org\\\/wp-content\\\/uploads\\\/2024\\\/02\\\/cropped-cropped-TESTATA-NEWS-2.jpg\",\"width\":1918,\"height\":291,\"caption\":\"News Italia - Israele\"},\"image\":{\"@id\":\"https:\\\/\\\/www.italiaisraele.org\\\/#\\\/schema\\\/logo\\\/image\\\/\"},\"sameAs\":[\"https:\\\/\\\/www.facebook.com\\\/Federazione.Associazioni.Italia.Israele\"]},{\"@type\":\"Person\",\"@id\":\"https:\\\/\\\/www.italiaisraele.org\\\/#\\\/schema\\\/person\\\/7784c17a23e6ef9cb737f3192f043fab\",\"name\":\"Giuseppe Crimaldi\",\"image\":{\"@type\":\"ImageObject\",\"inLanguage\":\"it-IT\",\"@id\":\"https:\\\/\\\/secure.gravatar.com\\\/avatar\\\/a6ddf67481d5d5efef9847e6f4c99a77e7129e93382ea6de1e9ea96b8deec707?s=96&d=mm&r=g\",\"url\":\"https:\\\/\\\/secure.gravatar.com\\\/avatar\\\/a6ddf67481d5d5efef9847e6f4c99a77e7129e93382ea6de1e9ea96b8deec707?s=96&d=mm&r=g\",\"contentUrl\":\"https:\\\/\\\/secure.gravatar.com\\\/avatar\\\/a6ddf67481d5d5efef9847e6f4c99a77e7129e93382ea6de1e9ea96b8deec707?s=96&d=mm&r=g\",\"caption\":\"Giuseppe Crimaldi\"},\"url\":\"https:\\\/\\\/www.italiaisraele.org\\\/?author=4\"}]}<\/script>\r\n<!-- \/ Yoast SEO plugin. -->","yoast_head_json":{"title":"Chi marcer\u00e0 per la Somalia e per tutti gli altri? Silenzi, ipocrisia e antisemitismo della sinistra - Federazione Associazioni Italia Israele","robots":{"index":"index","follow":"follow","max-snippet":"max-snippet:-1","max-image-preview":"max-image-preview:large","max-video-preview":"max-video-preview:-1"},"canonical":"https:\/\/www.italiaisraele.org\/?p=4262","og_locale":"it_IT","og_type":"article","og_title":"Chi marcer\u00e0 per la Somalia e per tutti gli altri? Silenzi, ipocrisia e antisemitismo della sinistra - Federazione Associazioni Italia Israele","og_description":"Nel mondo ci sono vittime di serie A, B e C. Ma non importa: l&#8217;importante \u00e8 darla addosso a Israele. Ci sono nomi e luoghi che ai pi\u00f9 dicono poco o niente. Nomi di persone vive o gi\u00e0 morte, di nazioni e popoli che soffrono nel silenzio generale. Vittime di serie B. Le prodigiose masse [&hellip;]","og_url":"https:\/\/www.italiaisraele.org\/?p=4262","og_site_name":"Federazione Associazioni Italia Israele","article_publisher":"https:\/\/www.facebook.com\/Federazione.Associazioni.Italia.Israele","article_published_time":"2025-06-11T14:53:44+00:00","article_modified_time":"2025-06-11T16:51:08+00:00","og_image":[{"width":800,"height":450,"url":"https:\/\/www.italiaisraele.org\/wp-content\/uploads\/2025\/06\/223448015-90a667e0-4bb1-4630-848c-3db4d8298b02.jpg","type":"image\/jpeg"}],"author":"Giuseppe Crimaldi","twitter_card":"summary_large_image","twitter_misc":{"Scritto da":"Giuseppe Crimaldi","Tempo di lettura stimato":"6 minuti"},"schema":{"@context":"https:\/\/schema.org","@graph":[{"@type":"Article","@id":"https:\/\/www.italiaisraele.org\/?p=4262#article","isPartOf":{"@id":"https:\/\/www.italiaisraele.org\/?p=4262"},"author":{"name":"Giuseppe Crimaldi","@id":"https:\/\/www.italiaisraele.org\/#\/schema\/person\/7784c17a23e6ef9cb737f3192f043fab"},"headline":"Chi marcer\u00e0 per la Somalia e per tutti gli altri? Silenzi, ipocrisia e antisemitismo della sinistra","datePublished":"2025-06-11T14:53:44+00:00","dateModified":"2025-06-11T16:51:08+00:00","mainEntityOfPage":{"@id":"https:\/\/www.italiaisraele.org\/?p=4262"},"wordCount":964,"commentCount":0,"publisher":{"@id":"https:\/\/www.italiaisraele.org\/#organization"},"image":{"@id":"https:\/\/www.italiaisraele.org\/?p=4262#primaryimage"},"thumbnailUrl":"https:\/\/www.italiaisraele.org\/wp-content\/uploads\/2025\/06\/223448015-90a667e0-4bb1-4630-848c-3db4d8298b02.jpg","keywords":["guerre dimenticate","Israele","propaganda","propal","sinistra"],"articleSection":["Approfondimenti"],"inLanguage":"it-IT","potentialAction":[{"@type":"CommentAction","name":"Comment","target":["https:\/\/www.italiaisraele.org\/?p=4262#respond"]}]},{"@type":"WebPage","@id":"https:\/\/www.italiaisraele.org\/?p=4262","url":"https:\/\/www.italiaisraele.org\/?p=4262","name":"Chi marcer\u00e0 per la Somalia e per tutti gli altri? Silenzi, ipocrisia e antisemitismo della sinistra - Federazione Associazioni Italia Israele","isPartOf":{"@id":"https:\/\/www.italiaisraele.org\/#website"},"primaryImageOfPage":{"@id":"https:\/\/www.italiaisraele.org\/?p=4262#primaryimage"},"image":{"@id":"https:\/\/www.italiaisraele.org\/?p=4262#primaryimage"},"thumbnailUrl":"https:\/\/www.italiaisraele.org\/wp-content\/uploads\/2025\/06\/223448015-90a667e0-4bb1-4630-848c-3db4d8298b02.jpg","datePublished":"2025-06-11T14:53:44+00:00","dateModified":"2025-06-11T16:51:08+00:00","breadcrumb":{"@id":"https:\/\/www.italiaisraele.org\/?p=4262#breadcrumb"},"inLanguage":"it-IT","potentialAction":[{"@type":"ReadAction","target":["https:\/\/www.italiaisraele.org\/?p=4262"]}]},{"@type":"ImageObject","inLanguage":"it-IT","@id":"https:\/\/www.italiaisraele.org\/?p=4262#primaryimage","url":"https:\/\/www.italiaisraele.org\/wp-content\/uploads\/2025\/06\/223448015-90a667e0-4bb1-4630-848c-3db4d8298b02.jpg","contentUrl":"https:\/\/www.italiaisraele.org\/wp-content\/uploads\/2025\/06\/223448015-90a667e0-4bb1-4630-848c-3db4d8298b02.jpg","width":800,"height":450},{"@type":"BreadcrumbList","@id":"https:\/\/www.italiaisraele.org\/?p=4262#breadcrumb","itemListElement":[{"@type":"ListItem","position":1,"name":"Home","item":"https:\/\/www.italiaisraele.org\/"},{"@type":"ListItem","position":2,"name":"Chi marcer\u00e0 per la Somalia e per tutti gli altri? Silenzi, ipocrisia e antisemitismo della sinistra"}]},{"@type":"WebSite","@id":"https:\/\/www.italiaisraele.org\/#website","url":"https:\/\/www.italiaisraele.org\/","name":"News Italia - Israele","description":"Italia Israele Today - Magazine","publisher":{"@id":"https:\/\/www.italiaisraele.org\/#organization"},"potentialAction":[{"@type":"SearchAction","target":{"@type":"EntryPoint","urlTemplate":"https:\/\/www.italiaisraele.org\/?s={search_term_string}"},"query-input":{"@type":"PropertyValueSpecification","valueRequired":true,"valueName":"search_term_string"}}],"inLanguage":"it-IT"},{"@type":"Organization","@id":"https:\/\/www.italiaisraele.org\/#organization","name":"News Italia - Israele","url":"https:\/\/www.italiaisraele.org\/","logo":{"@type":"ImageObject","inLanguage":"it-IT","@id":"https:\/\/www.italiaisraele.org\/#\/schema\/logo\/image\/","url":"https:\/\/www.italiaisraele.org\/wp-content\/uploads\/2024\/02\/cropped-cropped-TESTATA-NEWS-2.jpg","contentUrl":"https:\/\/www.italiaisraele.org\/wp-content\/uploads\/2024\/02\/cropped-cropped-TESTATA-NEWS-2.jpg","width":1918,"height":291,"caption":"News Italia - Israele"},"image":{"@id":"https:\/\/www.italiaisraele.org\/#\/schema\/logo\/image\/"},"sameAs":["https:\/\/www.facebook.com\/Federazione.Associazioni.Italia.Israele"]},{"@type":"Person","@id":"https:\/\/www.italiaisraele.org\/#\/schema\/person\/7784c17a23e6ef9cb737f3192f043fab","name":"Giuseppe Crimaldi","image":{"@type":"ImageObject","inLanguage":"it-IT","@id":"https:\/\/secure.gravatar.com\/avatar\/a6ddf67481d5d5efef9847e6f4c99a77e7129e93382ea6de1e9ea96b8deec707?s=96&d=mm&r=g","url":"https:\/\/secure.gravatar.com\/avatar\/a6ddf67481d5d5efef9847e6f4c99a77e7129e93382ea6de1e9ea96b8deec707?s=96&d=mm&r=g","contentUrl":"https:\/\/secure.gravatar.com\/avatar\/a6ddf67481d5d5efef9847e6f4c99a77e7129e93382ea6de1e9ea96b8deec707?s=96&d=mm&r=g","caption":"Giuseppe Crimaldi"},"url":"https:\/\/www.italiaisraele.org\/?author=4"}]}},"_links":{"self":[{"href":"https:\/\/www.italiaisraele.org\/index.php?rest_route=\/wp\/v2\/posts\/4262","targetHints":{"allow":["GET"]}}],"collection":[{"href":"https:\/\/www.italiaisraele.org\/index.php?rest_route=\/wp\/v2\/posts"}],"about":[{"href":"https:\/\/www.italiaisraele.org\/index.php?rest_route=\/wp\/v2\/types\/post"}],"author":[{"embeddable":true,"href":"https:\/\/www.italiaisraele.org\/index.php?rest_route=\/wp\/v2\/users\/4"}],"replies":[{"embeddable":true,"href":"https:\/\/www.italiaisraele.org\/index.php?rest_route=%2Fwp%2Fv2%2Fcomments&post=4262"}],"version-history":[{"count":0,"href":"https:\/\/www.italiaisraele.org\/index.php?rest_route=\/wp\/v2\/posts\/4262\/revisions"}],"wp:featuredmedia":[{"embeddable":true,"href":"https:\/\/www.italiaisraele.org\/index.php?rest_route=\/wp\/v2\/media\/4263"}],"wp:attachment":[{"href":"https:\/\/www.italiaisraele.org\/index.php?rest_route=%2Fwp%2Fv2%2Fmedia&parent=4262"}],"wp:term":[{"taxonomy":"category","embeddable":true,"href":"https:\/\/www.italiaisraele.org\/index.php?rest_route=%2Fwp%2Fv2%2Fcategories&post=4262"},{"taxonomy":"post_tag","embeddable":true,"href":"https:\/\/www.italiaisraele.org\/index.php?rest_route=%2Fwp%2Fv2%2Ftags&post=4262"}],"curies":[{"name":"wp","href":"https:\/\/api.w.org\/{rel}","templated":true}]}}