{"id":4259,"date":"2025-06-10T19:50:32","date_gmt":"2025-06-10T17:50:32","guid":{"rendered":"https:\/\/www.italiaisraele.org\/?p=4259"},"modified":"2025-06-10T19:50:40","modified_gmt":"2025-06-10T17:50:40","slug":"referendum-cattivi-maestri-e-integrazione","status":"publish","type":"post","link":"https:\/\/www.italiaisraele.org\/?p=4259","title":{"rendered":"Referendum, cattivi maestri e integrazione"},"content":{"rendered":"\n<p>di <em>Mario Carboni<\/em><\/p>\n\n\n\n<p>Non \u00e8 chiara la sconfitta del Campo largo+Cgil?<br>Ho la mia lettura.<br>Pochi al voto ma una percentuale altissima di &#8220;No&#8221; al quinto quesito.<br>Gli elettori entusiasti e sollevati dal Decreto sicurezza soprattutto dalla penalizzazione dell&#8217;occupazione degli appartamenti, dei blocchi stradali ed altre microcriminalit\u00e0 care alla sinistra, sono sempre pi\u00f9 preoccupati, non dell&#8217;immigrazione clandestina in generale o dei campi profughi di raccoglitori di pomodori che gridano vendetta al cielo dei diritti civili e sindacali in collusione con le mafie , <strong>ma in particolare di quella islamica e del rifiuto all&#8217;integrazione<\/strong> di quella parte che pur avendo il permesso di soggiorno e spesso un&#8217;occupazione , viene strumentalizzata, <strong>guidata e spinta alla radicalizzazione religiosa e politica da migliaia di religiosi irregolari finanziati da Stati islamici, organismi della Fratellanza mussulmana e dalla propaganda in rete<\/strong> che li raggiunge a casa, che operano in centri islamici clandestini alla legge italiana e che propagandano la superiorit\u00e0 della Shariah, la cosiddetta Legge islamica, che vorrebbero seguire in proprio ed in alternativa alle nostre leggi ed addirittura ad importanti valori della nostra Costituzione. <\/p>\n\n\n\n<p>Inoltre <strong>diffondono un antisemitismo radicale e violento costituendo a casa nostra un forte sostegno al terrorismo islamico, ad Hamas in particolare e diffondendo la logica della distruzione dello Stato d&#8217;Israele <\/strong>come giusto obiettivo e <strong>giustificando alla radice il Pogrom del 7 ottobre connotato da elementi di femminicidio, evidenziati dal rapimento selettivo di donne e ragazze, sottoposte a torture e soprattutto a violenze sessuali durante la loro prigionia.<\/strong><br>La sinistra italiana, in un crescendo di identificazione con la propaganda e la vulgata &#8220;palestinista&#8221;, pensando forse che l&#8217;unit\u00e0 fra le sue componenti disomogenee ed anche avversarie, potesse saldarsi e dare agli elettori un messaggio, con un modello unificante, utile anche per ottenere una vittoria al Referendum, concordando un messaggio drasticamente antisionista, contro Israele in quanto tale, convertendosi al programma di Hamas, spendendo tutte le proprie energie per fermare l&#8217;offensiva israeliana a Gaza, dando cos\u00ec la vittoria ad Hamas e all&#8217;islamismo politico pi\u00f9 radicale ed eversivo. Prova ne sia l&#8217;appello a votare S\u00ec per il Referendum alla piazza romana piena si migliaia di bandiere palestinesi, fatte proprie e simbolo di una folle identificazione quasi esclusiva della sinistra e di moltissimi fanatici ed ignoranti preda di propaganda antisemita . In poche parole, la sinistra si \u00e8 trasformata In un&#8217;area politica a sostegno di Hamas e dell&#8217;immigrazione clandestina islamica e soprattutto dell&#8217;occupazione di centri storici, stazioni e periferie degradate di bande di disperati e delinquenti nei quali gli italiani, ben sapendo cosa sta accadendo in Francia, Inghilterra, Svezia, Olanda, Germania e Spagna, vedono, fiutano il pericolo, superando la propaganda ormai fatta propria dai grandi editori contro Israele, e dalla Rai che raggiunge livelli di menzogne quasi farsesche se non fossero pericolosissime e condite dal solito antiamericanismo sotto sotto filorusso.<br>Gli elettori hanno capito e non sono andati a votare in massa fucilando per\u00f2 il 5 quesito tanto per dare un segnale alla sinistra sul concetto al quale quei sapientoni di dirigenti, di cattivi maestri, contavano di pi\u00f9.<br>Il referendum \u00e8 stato perso anche malgrado la tiepidezza delle argomentazioni del centrodestra che per nulla ha schierato le proprie forze mobilitando anche le capacit\u00e0 mediatiche una volta berlusconiane ed ora in mano agli eredi che sull&#8217;antisemitismo e la difesa d&#8217;Israele sembrano ambigui quando non compagni di strada dei comunicatori di sinistra.<br>Il messaggio \u00e8 anche quindi per il centrodestra sollecitando al superamento di dichiarazioni di rito dei dirigenti per affrontare una questione seriamente e dando indicazione precise e militanti ai propri iscritti ed elettori e dato che \u00e8 al Governo prendere atto che l&#8217;informazione pubblica \u00e8 in mano non solo alle sinistre ma peggio ancora all&#8217;influenza dei Fratelli mussulmani che ha riempito le casamatte della comunicazione in tutto e per tutto e quindi mettere mano ad una vera riforma.<\/p>\n","protected":false},"excerpt":{"rendered":"<p>di Mario Carboni Non \u00e8 chiara la sconfitta del Campo largo+Cgil?Ho la mia lettura.Pochi al voto ma una percentuale altissima di &#8220;No&#8221; al quinto quesito.Gli elettori entusiasti e sollevati dal Decreto sicurezza soprattutto dalla penalizzazione dell&#8217;occupazione degli appartamenti, dei blocchi stradali ed altre microcriminalit\u00e0 care alla sinistra, sono sempre pi\u00f9 preoccupati, non dell&#8217;immigrazione clandestina in [&hellip;]<\/p>\n","protected":false},"author":2,"featured_media":4260,"comment_status":"open","ping_status":"open","sticky":false,"template":"","format":"standard","meta":{"iawp_total_views":57,"footnotes":""},"categories":[4],"tags":[618,814,37],"class_list":["post-4259","post","type-post","status-publish","format-standard","has-post-thumbnail","hentry","category-attualita","tag-cittadinanza","tag-immigrazione","tag-terrorismo"],"yoast_head":"<!-- This site is optimized with the Yoast SEO plugin v27.5 - https:\/\/yoast.com\/product\/yoast-seo-wordpress\/ -->\r\n<title>Referendum, cattivi maestri e integrazione - Federazione Associazioni Italia Israele<\/title>\r\n<meta name=\"robots\" content=\"index, follow, max-snippet:-1, max-image-preview:large, max-video-preview:-1\" \/>\r\n<link rel=\"canonical\" href=\"https:\/\/www.italiaisraele.org\/?p=4259\" \/>\r\n<meta property=\"og:locale\" content=\"it_IT\" \/>\r\n<meta property=\"og:type\" content=\"article\" \/>\r\n<meta property=\"og:title\" content=\"Referendum, cattivi maestri e integrazione - Federazione Associazioni Italia Israele\" \/>\r\n<meta property=\"og:description\" content=\"di Mario Carboni Non \u00e8 chiara la sconfitta del Campo largo+Cgil?Ho la mia lettura.Pochi al voto ma una percentuale altissima di &#8220;No&#8221; al quinto quesito.Gli elettori entusiasti e sollevati dal Decreto sicurezza soprattutto dalla penalizzazione dell&#8217;occupazione degli appartamenti, dei blocchi stradali ed altre microcriminalit\u00e0 care alla sinistra, sono sempre pi\u00f9 preoccupati, non dell&#8217;immigrazione clandestina in [&hellip;]\" \/>\r\n<meta property=\"og:url\" content=\"https:\/\/www.italiaisraele.org\/?p=4259\" \/>\r\n<meta property=\"og:site_name\" content=\"Federazione Associazioni Italia Israele\" \/>\r\n<meta property=\"article:publisher\" content=\"https:\/\/www.facebook.com\/Federazione.Associazioni.Italia.Israele\" \/>\r\n<meta property=\"article:published_time\" content=\"2025-06-10T17:50:32+00:00\" \/>\r\n<meta property=\"article:modified_time\" content=\"2025-06-10T17:50:40+00:00\" \/>\r\n<meta property=\"og:image\" content=\"https:\/\/www.italiaisraele.org\/wp-content\/uploads\/2025\/06\/47190833.cached.jpg\" \/>\r\n\t<meta property=\"og:image:width\" content=\"800\" \/>\r\n\t<meta property=\"og:image:height\" content=\"500\" \/>\r\n\t<meta property=\"og:image:type\" content=\"image\/jpeg\" \/>\r\n<meta name=\"author\" content=\"Redazione\" \/>\r\n<meta name=\"twitter:card\" content=\"summary_large_image\" \/>\r\n<meta name=\"twitter:label1\" content=\"Scritto da\" \/>\n\t<meta name=\"twitter:data1\" content=\"Redazione\" \/>\n\t<meta name=\"twitter:label2\" content=\"Tempo di lettura stimato\" \/>\n\t<meta name=\"twitter:data2\" content=\"4 minuti\" \/>\r\n<script type=\"application\/ld+json\" class=\"yoast-schema-graph\">{\"@context\":\"https:\\\/\\\/schema.org\",\"@graph\":[{\"@type\":\"Article\",\"@id\":\"https:\\\/\\\/www.italiaisraele.org\\\/?p=4259#article\",\"isPartOf\":{\"@id\":\"https:\\\/\\\/www.italiaisraele.org\\\/?p=4259\"},\"author\":{\"name\":\"Redazione\",\"@id\":\"https:\\\/\\\/www.italiaisraele.org\\\/#\\\/schema\\\/person\\\/a58663d7e92468eb3e7d158e016946cd\"},\"headline\":\"Referendum, cattivi maestri e integrazione\",\"datePublished\":\"2025-06-10T17:50:32+00:00\",\"dateModified\":\"2025-06-10T17:50:40+00:00\",\"mainEntityOfPage\":{\"@id\":\"https:\\\/\\\/www.italiaisraele.org\\\/?p=4259\"},\"wordCount\":642,\"commentCount\":0,\"publisher\":{\"@id\":\"https:\\\/\\\/www.italiaisraele.org\\\/#organization\"},\"image\":{\"@id\":\"https:\\\/\\\/www.italiaisraele.org\\\/?p=4259#primaryimage\"},\"thumbnailUrl\":\"https:\\\/\\\/www.italiaisraele.org\\\/wp-content\\\/uploads\\\/2025\\\/06\\\/47190833.cached.jpg\",\"keywords\":[\"cittadinanza\",\"immigrazione\",\"terrorismo\"],\"articleSection\":[\"Attualit\u00e0\"],\"inLanguage\":\"it-IT\",\"potentialAction\":[{\"@type\":\"CommentAction\",\"name\":\"Comment\",\"target\":[\"https:\\\/\\\/www.italiaisraele.org\\\/?p=4259#respond\"]}]},{\"@type\":\"WebPage\",\"@id\":\"https:\\\/\\\/www.italiaisraele.org\\\/?p=4259\",\"url\":\"https:\\\/\\\/www.italiaisraele.org\\\/?p=4259\",\"name\":\"Referendum, cattivi maestri e integrazione - Federazione Associazioni Italia Israele\",\"isPartOf\":{\"@id\":\"https:\\\/\\\/www.italiaisraele.org\\\/#website\"},\"primaryImageOfPage\":{\"@id\":\"https:\\\/\\\/www.italiaisraele.org\\\/?p=4259#primaryimage\"},\"image\":{\"@id\":\"https:\\\/\\\/www.italiaisraele.org\\\/?p=4259#primaryimage\"},\"thumbnailUrl\":\"https:\\\/\\\/www.italiaisraele.org\\\/wp-content\\\/uploads\\\/2025\\\/06\\\/47190833.cached.jpg\",\"datePublished\":\"2025-06-10T17:50:32+00:00\",\"dateModified\":\"2025-06-10T17:50:40+00:00\",\"breadcrumb\":{\"@id\":\"https:\\\/\\\/www.italiaisraele.org\\\/?p=4259#breadcrumb\"},\"inLanguage\":\"it-IT\",\"potentialAction\":[{\"@type\":\"ReadAction\",\"target\":[\"https:\\\/\\\/www.italiaisraele.org\\\/?p=4259\"]}]},{\"@type\":\"ImageObject\",\"inLanguage\":\"it-IT\",\"@id\":\"https:\\\/\\\/www.italiaisraele.org\\\/?p=4259#primaryimage\",\"url\":\"https:\\\/\\\/www.italiaisraele.org\\\/wp-content\\\/uploads\\\/2025\\\/06\\\/47190833.cached.jpg\",\"contentUrl\":\"https:\\\/\\\/www.italiaisraele.org\\\/wp-content\\\/uploads\\\/2025\\\/06\\\/47190833.cached.jpg\",\"width\":800,\"height\":500},{\"@type\":\"BreadcrumbList\",\"@id\":\"https:\\\/\\\/www.italiaisraele.org\\\/?p=4259#breadcrumb\",\"itemListElement\":[{\"@type\":\"ListItem\",\"position\":1,\"name\":\"Home\",\"item\":\"https:\\\/\\\/www.italiaisraele.org\\\/\"},{\"@type\":\"ListItem\",\"position\":2,\"name\":\"Referendum, cattivi maestri e integrazione\"}]},{\"@type\":\"WebSite\",\"@id\":\"https:\\\/\\\/www.italiaisraele.org\\\/#website\",\"url\":\"https:\\\/\\\/www.italiaisraele.org\\\/\",\"name\":\"News Italia - Israele\",\"description\":\"Italia Israele Today - Magazine\",\"publisher\":{\"@id\":\"https:\\\/\\\/www.italiaisraele.org\\\/#organization\"},\"potentialAction\":[{\"@type\":\"SearchAction\",\"target\":{\"@type\":\"EntryPoint\",\"urlTemplate\":\"https:\\\/\\\/www.italiaisraele.org\\\/?s={search_term_string}\"},\"query-input\":{\"@type\":\"PropertyValueSpecification\",\"valueRequired\":true,\"valueName\":\"search_term_string\"}}],\"inLanguage\":\"it-IT\"},{\"@type\":\"Organization\",\"@id\":\"https:\\\/\\\/www.italiaisraele.org\\\/#organization\",\"name\":\"News Italia - Israele\",\"url\":\"https:\\\/\\\/www.italiaisraele.org\\\/\",\"logo\":{\"@type\":\"ImageObject\",\"inLanguage\":\"it-IT\",\"@id\":\"https:\\\/\\\/www.italiaisraele.org\\\/#\\\/schema\\\/logo\\\/image\\\/\",\"url\":\"https:\\\/\\\/www.italiaisraele.org\\\/wp-content\\\/uploads\\\/2024\\\/02\\\/cropped-cropped-TESTATA-NEWS-2.jpg\",\"contentUrl\":\"https:\\\/\\\/www.italiaisraele.org\\\/wp-content\\\/uploads\\\/2024\\\/02\\\/cropped-cropped-TESTATA-NEWS-2.jpg\",\"width\":1918,\"height\":291,\"caption\":\"News Italia - Israele\"},\"image\":{\"@id\":\"https:\\\/\\\/www.italiaisraele.org\\\/#\\\/schema\\\/logo\\\/image\\\/\"},\"sameAs\":[\"https:\\\/\\\/www.facebook.com\\\/Federazione.Associazioni.Italia.Israele\"]},{\"@type\":\"Person\",\"@id\":\"https:\\\/\\\/www.italiaisraele.org\\\/#\\\/schema\\\/person\\\/a58663d7e92468eb3e7d158e016946cd\",\"name\":\"Redazione\",\"image\":{\"@type\":\"ImageObject\",\"inLanguage\":\"it-IT\",\"@id\":\"https:\\\/\\\/secure.gravatar.com\\\/avatar\\\/fe11715b332cc423bb3991a005da4d50b44647eec21b11abddd059d3deafc450?s=96&d=mm&r=g\",\"url\":\"https:\\\/\\\/secure.gravatar.com\\\/avatar\\\/fe11715b332cc423bb3991a005da4d50b44647eec21b11abddd059d3deafc450?s=96&d=mm&r=g\",\"contentUrl\":\"https:\\\/\\\/secure.gravatar.com\\\/avatar\\\/fe11715b332cc423bb3991a005da4d50b44647eec21b11abddd059d3deafc450?s=96&d=mm&r=g\",\"caption\":\"Redazione\"},\"url\":\"https:\\\/\\\/www.italiaisraele.org\\\/?author=2\"}]}<\/script>\r\n<!-- \/ Yoast SEO plugin. -->","yoast_head_json":{"title":"Referendum, cattivi maestri e integrazione - Federazione Associazioni Italia Israele","robots":{"index":"index","follow":"follow","max-snippet":"max-snippet:-1","max-image-preview":"max-image-preview:large","max-video-preview":"max-video-preview:-1"},"canonical":"https:\/\/www.italiaisraele.org\/?p=4259","og_locale":"it_IT","og_type":"article","og_title":"Referendum, cattivi maestri e integrazione - Federazione Associazioni Italia Israele","og_description":"di Mario Carboni Non \u00e8 chiara la sconfitta del Campo largo+Cgil?Ho la mia lettura.Pochi al voto ma una percentuale altissima di &#8220;No&#8221; al quinto quesito.Gli elettori entusiasti e sollevati dal Decreto sicurezza soprattutto dalla penalizzazione dell&#8217;occupazione degli appartamenti, dei blocchi stradali ed altre microcriminalit\u00e0 care alla sinistra, sono sempre pi\u00f9 preoccupati, non dell&#8217;immigrazione clandestina in [&hellip;]","og_url":"https:\/\/www.italiaisraele.org\/?p=4259","og_site_name":"Federazione Associazioni Italia Israele","article_publisher":"https:\/\/www.facebook.com\/Federazione.Associazioni.Italia.Israele","article_published_time":"2025-06-10T17:50:32+00:00","article_modified_time":"2025-06-10T17:50:40+00:00","og_image":[{"width":800,"height":500,"url":"https:\/\/www.italiaisraele.org\/wp-content\/uploads\/2025\/06\/47190833.cached.jpg","type":"image\/jpeg"}],"author":"Redazione","twitter_card":"summary_large_image","twitter_misc":{"Scritto da":"Redazione","Tempo di lettura stimato":"4 minuti"},"schema":{"@context":"https:\/\/schema.org","@graph":[{"@type":"Article","@id":"https:\/\/www.italiaisraele.org\/?p=4259#article","isPartOf":{"@id":"https:\/\/www.italiaisraele.org\/?p=4259"},"author":{"name":"Redazione","@id":"https:\/\/www.italiaisraele.org\/#\/schema\/person\/a58663d7e92468eb3e7d158e016946cd"},"headline":"Referendum, cattivi maestri e integrazione","datePublished":"2025-06-10T17:50:32+00:00","dateModified":"2025-06-10T17:50:40+00:00","mainEntityOfPage":{"@id":"https:\/\/www.italiaisraele.org\/?p=4259"},"wordCount":642,"commentCount":0,"publisher":{"@id":"https:\/\/www.italiaisraele.org\/#organization"},"image":{"@id":"https:\/\/www.italiaisraele.org\/?p=4259#primaryimage"},"thumbnailUrl":"https:\/\/www.italiaisraele.org\/wp-content\/uploads\/2025\/06\/47190833.cached.jpg","keywords":["cittadinanza","immigrazione","terrorismo"],"articleSection":["Attualit\u00e0"],"inLanguage":"it-IT","potentialAction":[{"@type":"CommentAction","name":"Comment","target":["https:\/\/www.italiaisraele.org\/?p=4259#respond"]}]},{"@type":"WebPage","@id":"https:\/\/www.italiaisraele.org\/?p=4259","url":"https:\/\/www.italiaisraele.org\/?p=4259","name":"Referendum, cattivi maestri e integrazione - Federazione Associazioni Italia Israele","isPartOf":{"@id":"https:\/\/www.italiaisraele.org\/#website"},"primaryImageOfPage":{"@id":"https:\/\/www.italiaisraele.org\/?p=4259#primaryimage"},"image":{"@id":"https:\/\/www.italiaisraele.org\/?p=4259#primaryimage"},"thumbnailUrl":"https:\/\/www.italiaisraele.org\/wp-content\/uploads\/2025\/06\/47190833.cached.jpg","datePublished":"2025-06-10T17:50:32+00:00","dateModified":"2025-06-10T17:50:40+00:00","breadcrumb":{"@id":"https:\/\/www.italiaisraele.org\/?p=4259#breadcrumb"},"inLanguage":"it-IT","potentialAction":[{"@type":"ReadAction","target":["https:\/\/www.italiaisraele.org\/?p=4259"]}]},{"@type":"ImageObject","inLanguage":"it-IT","@id":"https:\/\/www.italiaisraele.org\/?p=4259#primaryimage","url":"https:\/\/www.italiaisraele.org\/wp-content\/uploads\/2025\/06\/47190833.cached.jpg","contentUrl":"https:\/\/www.italiaisraele.org\/wp-content\/uploads\/2025\/06\/47190833.cached.jpg","width":800,"height":500},{"@type":"BreadcrumbList","@id":"https:\/\/www.italiaisraele.org\/?p=4259#breadcrumb","itemListElement":[{"@type":"ListItem","position":1,"name":"Home","item":"https:\/\/www.italiaisraele.org\/"},{"@type":"ListItem","position":2,"name":"Referendum, cattivi maestri e integrazione"}]},{"@type":"WebSite","@id":"https:\/\/www.italiaisraele.org\/#website","url":"https:\/\/www.italiaisraele.org\/","name":"News Italia - Israele","description":"Italia Israele Today - Magazine","publisher":{"@id":"https:\/\/www.italiaisraele.org\/#organization"},"potentialAction":[{"@type":"SearchAction","target":{"@type":"EntryPoint","urlTemplate":"https:\/\/www.italiaisraele.org\/?s={search_term_string}"},"query-input":{"@type":"PropertyValueSpecification","valueRequired":true,"valueName":"search_term_string"}}],"inLanguage":"it-IT"},{"@type":"Organization","@id":"https:\/\/www.italiaisraele.org\/#organization","name":"News Italia - Israele","url":"https:\/\/www.italiaisraele.org\/","logo":{"@type":"ImageObject","inLanguage":"it-IT","@id":"https:\/\/www.italiaisraele.org\/#\/schema\/logo\/image\/","url":"https:\/\/www.italiaisraele.org\/wp-content\/uploads\/2024\/02\/cropped-cropped-TESTATA-NEWS-2.jpg","contentUrl":"https:\/\/www.italiaisraele.org\/wp-content\/uploads\/2024\/02\/cropped-cropped-TESTATA-NEWS-2.jpg","width":1918,"height":291,"caption":"News Italia - Israele"},"image":{"@id":"https:\/\/www.italiaisraele.org\/#\/schema\/logo\/image\/"},"sameAs":["https:\/\/www.facebook.com\/Federazione.Associazioni.Italia.Israele"]},{"@type":"Person","@id":"https:\/\/www.italiaisraele.org\/#\/schema\/person\/a58663d7e92468eb3e7d158e016946cd","name":"Redazione","image":{"@type":"ImageObject","inLanguage":"it-IT","@id":"https:\/\/secure.gravatar.com\/avatar\/fe11715b332cc423bb3991a005da4d50b44647eec21b11abddd059d3deafc450?s=96&d=mm&r=g","url":"https:\/\/secure.gravatar.com\/avatar\/fe11715b332cc423bb3991a005da4d50b44647eec21b11abddd059d3deafc450?s=96&d=mm&r=g","contentUrl":"https:\/\/secure.gravatar.com\/avatar\/fe11715b332cc423bb3991a005da4d50b44647eec21b11abddd059d3deafc450?s=96&d=mm&r=g","caption":"Redazione"},"url":"https:\/\/www.italiaisraele.org\/?author=2"}]}},"_links":{"self":[{"href":"https:\/\/www.italiaisraele.org\/index.php?rest_route=\/wp\/v2\/posts\/4259","targetHints":{"allow":["GET"]}}],"collection":[{"href":"https:\/\/www.italiaisraele.org\/index.php?rest_route=\/wp\/v2\/posts"}],"about":[{"href":"https:\/\/www.italiaisraele.org\/index.php?rest_route=\/wp\/v2\/types\/post"}],"author":[{"embeddable":true,"href":"https:\/\/www.italiaisraele.org\/index.php?rest_route=\/wp\/v2\/users\/2"}],"replies":[{"embeddable":true,"href":"https:\/\/www.italiaisraele.org\/index.php?rest_route=%2Fwp%2Fv2%2Fcomments&post=4259"}],"version-history":[{"count":0,"href":"https:\/\/www.italiaisraele.org\/index.php?rest_route=\/wp\/v2\/posts\/4259\/revisions"}],"wp:featuredmedia":[{"embeddable":true,"href":"https:\/\/www.italiaisraele.org\/index.php?rest_route=\/wp\/v2\/media\/4260"}],"wp:attachment":[{"href":"https:\/\/www.italiaisraele.org\/index.php?rest_route=%2Fwp%2Fv2%2Fmedia&parent=4259"}],"wp:term":[{"taxonomy":"category","embeddable":true,"href":"https:\/\/www.italiaisraele.org\/index.php?rest_route=%2Fwp%2Fv2%2Fcategories&post=4259"},{"taxonomy":"post_tag","embeddable":true,"href":"https:\/\/www.italiaisraele.org\/index.php?rest_route=%2Fwp%2Fv2%2Ftags&post=4259"}],"curies":[{"name":"wp","href":"https:\/\/api.w.org\/{rel}","templated":true}]}}