{"id":4256,"date":"2025-06-10T19:19:18","date_gmt":"2025-06-10T17:19:18","guid":{"rendered":"https:\/\/www.italiaisraele.org\/?p=4256"},"modified":"2025-06-10T19:19:26","modified_gmt":"2025-06-10T17:19:26","slug":"gli-sbandieratori","status":"publish","type":"post","link":"https:\/\/www.italiaisraele.org\/?p=4256","title":{"rendered":"Gli sbandieratori"},"content":{"rendered":"\n<p>di <em>Francesco Lucrezi<\/em>*<\/p>\n\n\n\n<p>Siamo ormai abituati a vedere le piazze d\u2019Italia riempite di moltitudini di persone, tutte intente a sventolare la bandiera di un certo Paese. Dev\u2019essere davvero amatissimo questo Paese cos\u00ec \u201csventolato\u201d. Ma perch\u00e9 gli sventolatori sventolano?<\/p>\n\n\n\n<p>Le ragioni sono apparentemente diverse, perch\u00e9 gli sventolatori non sono tutti uguali, si dividono in tre gruppi. Il primo gruppo \u00e8 quello dei sinceri e coerenti. Ammettono orgogliosamente di essere antisemiti, di odiare gli ebrei e tutto ci\u00f2 che \u00e8 ebraico. Del tutto logico, pertanto, che debbano odiare lo Stato ebraico, e, per converso, amare (o meglio, fare finta di mare) quell\u2019entit\u00e0 che, per le complicate vicende della storia, si \u00e8 trovata a diventare il suo opposto, la sua negazione, il suo coltello nella carne. Se lo stato ebraico non esistesse, di quell\u2019entit\u00e0 a nessuno importerebbe niente, e nessuno, ma proprio nessuno, sventolerebbe quelle bandiere, anche se qualcuno (ovviamente, non ebreo) compisse contro l\u2019entit\u00e0 le pi\u00f9 mostruose crudelt\u00e0. A questi sinceri e coerenti non ho nulla da rimproverare. La sincerit\u00e0 e la coerenza sono doti da apprezzare. <\/p>\n\n\n\n<p>Poi c\u2019\u00e8 il gruppo degli ignoranti, o finti ignoranti. Sono quelli che dicono di non essere antisemiti, ma solo antisionisti. Ossia di non avere niente contro gli ebrei, ma solo contro lo stato ebraico, che non dovrebbe esistere. Questi ignoranti, o finti ignoranti, non hanno capito niente, o fingono di non avere capito, n\u00e9 dell\u2019ebraismo n\u00e9 del sionismo. Se conoscessero solo l\u2019ABC di entrambi, saprebbero che il sionismo non \u00e8 nato con Herzl, ma con Abramo e con Mos\u00e8. Che per quasi duemila anni, in ogni parte del pianeta, durante la cena pasquale, gli ebrei di tutto il mondo hanno pregato di ritrovarsi \u201cl\u2019anno prossimo a Gerusalemme\u201d. Che la parola Gerusalemme ricorre 700 volte nella Bibbia. Che senza il legame, fisico e spirituale, con la Terra d\u2019Israele, l\u2019ebraismo, semplicemente, non esiste. Agli ignoranti veri, direi di andare a studiare. Quelli che fingono di esserlo, invece, appartengono in realt\u00e0 al primo gruppo, e sono quindi ipocriti e codardi. Meglio quelli del primo.<\/p>\n\n\n\n<p>Il terzo gruppo lo definirei di \u201cquelli che hanno sbagliato bandiera\u201d. Sono coloro che negano di essere antisemiti e anche antisionisti, ma di volere solo esprimere una legittima critica all\u2019attuale governo d\u2019Israele. Non dubito che molte di queste persone siano in buona fede, ma rivolgo loro solo due piccole osservazioni.<\/p>\n\n\n\n<p>La prima \u00e8 una domanda: non avete nessun imbarazzo a sventolare insieme a quelli del primo e del secondo gruppo? \u00c8 possibile che quella bandiera possa accomunare tutti felicemente? Cogliete le differenze, o no? E, se le cogliete, pensate che sia forse il vostro messaggio a prevalere? Se \u00e8 cos\u00ec, vi sbagliate, e di grosso. La seconda \u00e8 questa: anche io farei parte del vostro gruppo, perch\u00e9 il 2 luglio del 2023 (ignaro di quanto, a pochi chilometri di distanza, i mostri stavano preparando) sfilavo, con tanto di bandiera, a Rehov Kaplan di Tel Aviv (pur non essendo n\u00e9 israeliano n\u00e9 ebreo), insieme a decine di migliaia di persone, contro il governo di Israele, che allora era il medesimo di oggi. E anche io sventolavo una bandiera. Come vedete, sono anch\u2019io uno sventolatore. Ma, dato che sventolavo per il bene di Israele (meglio, per quello che ritenevo essere il bene: nessuno ha il monopolio della verit\u00e0), ovviamente la bandiera che sventolavo era l\u2019unica che potevo avere in mano, quella bianca e azzurra.<\/p>\n\n\n\n<p>Perci\u00f2, a quelli del terzo gruppo, direi soltanto che hanno sbagliato bandiera. Tornate, domani, a fare un\u2019altra manifestazione, con la bandiera giusta. Vi aspetto.<\/p>\n\n\n\n<p>*<em>Il Riformista<\/em><\/p>\n","protected":false},"excerpt":{"rendered":"<p>di Francesco Lucrezi* Siamo ormai abituati a vedere le piazze d\u2019Italia riempite di moltitudini di persone, tutte intente a sventolare la bandiera di un certo Paese. Dev\u2019essere davvero amatissimo questo Paese cos\u00ec \u201csventolato\u201d. Ma perch\u00e9 gli sventolatori sventolano? Le ragioni sono apparentemente diverse, perch\u00e9 gli sventolatori non sono tutti uguali, si dividono in tre gruppi. [&hellip;]<\/p>\n","protected":false},"author":2,"featured_media":4257,"comment_status":"open","ping_status":"open","sticky":false,"template":"","format":"standard","meta":{"iawp_total_views":50,"footnotes":""},"categories":[4],"tags":[56,13],"class_list":["post-4256","post","type-post","status-publish","format-standard","has-post-thumbnail","hentry","category-attualita","tag-gaza","tag-israele"],"yoast_head":"<!-- This site is optimized with the Yoast SEO plugin v27.5 - https:\/\/yoast.com\/product\/yoast-seo-wordpress\/ -->\r\n<title>Gli sbandieratori - Federazione Associazioni Italia Israele<\/title>\r\n<meta name=\"robots\" content=\"index, follow, max-snippet:-1, max-image-preview:large, max-video-preview:-1\" \/>\r\n<link rel=\"canonical\" href=\"https:\/\/www.italiaisraele.org\/?p=4256\" \/>\r\n<meta property=\"og:locale\" content=\"it_IT\" \/>\r\n<meta property=\"og:type\" content=\"article\" \/>\r\n<meta property=\"og:title\" content=\"Gli sbandieratori - Federazione Associazioni Italia Israele\" \/>\r\n<meta property=\"og:description\" content=\"di Francesco Lucrezi* Siamo ormai abituati a vedere le piazze d\u2019Italia riempite di moltitudini di persone, tutte intente a sventolare la bandiera di un certo Paese. Dev\u2019essere davvero amatissimo questo Paese cos\u00ec \u201csventolato\u201d. Ma perch\u00e9 gli sventolatori sventolano? Le ragioni sono apparentemente diverse, perch\u00e9 gli sventolatori non sono tutti uguali, si dividono in tre gruppi. [&hellip;]\" \/>\r\n<meta property=\"og:url\" content=\"https:\/\/www.italiaisraele.org\/?p=4256\" \/>\r\n<meta property=\"og:site_name\" content=\"Federazione Associazioni Italia Israele\" \/>\r\n<meta property=\"article:publisher\" content=\"https:\/\/www.facebook.com\/Federazione.Associazioni.Italia.Israele\" \/>\r\n<meta property=\"article:published_time\" content=\"2025-06-10T17:19:18+00:00\" \/>\r\n<meta property=\"article:modified_time\" content=\"2025-06-10T17:19:26+00:00\" \/>\r\n<meta property=\"og:image\" content=\"https:\/\/www.italiaisraele.org\/wp-content\/uploads\/2025\/06\/0ed4f05d155b4e21ebb1611b84dcfb98.jpg\" \/>\r\n\t<meta property=\"og:image:width\" content=\"700\" \/>\r\n\t<meta property=\"og:image:height\" content=\"467\" \/>\r\n\t<meta property=\"og:image:type\" content=\"image\/jpeg\" \/>\r\n<meta name=\"author\" content=\"Redazione\" \/>\r\n<meta name=\"twitter:card\" content=\"summary_large_image\" \/>\r\n<meta name=\"twitter:label1\" content=\"Scritto da\" \/>\n\t<meta name=\"twitter:data1\" content=\"Redazione\" \/>\n\t<meta name=\"twitter:label2\" content=\"Tempo di lettura stimato\" \/>\n\t<meta name=\"twitter:data2\" content=\"4 minuti\" \/>\r\n<script type=\"application\/ld+json\" class=\"yoast-schema-graph\">{\"@context\":\"https:\\\/\\\/schema.org\",\"@graph\":[{\"@type\":\"Article\",\"@id\":\"https:\\\/\\\/www.italiaisraele.org\\\/?p=4256#article\",\"isPartOf\":{\"@id\":\"https:\\\/\\\/www.italiaisraele.org\\\/?p=4256\"},\"author\":{\"name\":\"Redazione\",\"@id\":\"https:\\\/\\\/www.italiaisraele.org\\\/#\\\/schema\\\/person\\\/a58663d7e92468eb3e7d158e016946cd\"},\"headline\":\"Gli sbandieratori\",\"datePublished\":\"2025-06-10T17:19:18+00:00\",\"dateModified\":\"2025-06-10T17:19:26+00:00\",\"mainEntityOfPage\":{\"@id\":\"https:\\\/\\\/www.italiaisraele.org\\\/?p=4256\"},\"wordCount\":590,\"commentCount\":0,\"publisher\":{\"@id\":\"https:\\\/\\\/www.italiaisraele.org\\\/#organization\"},\"image\":{\"@id\":\"https:\\\/\\\/www.italiaisraele.org\\\/?p=4256#primaryimage\"},\"thumbnailUrl\":\"https:\\\/\\\/www.italiaisraele.org\\\/wp-content\\\/uploads\\\/2025\\\/06\\\/0ed4f05d155b4e21ebb1611b84dcfb98.jpg\",\"keywords\":[\"Gaza\",\"Israele\"],\"articleSection\":[\"Attualit\u00e0\"],\"inLanguage\":\"it-IT\",\"potentialAction\":[{\"@type\":\"CommentAction\",\"name\":\"Comment\",\"target\":[\"https:\\\/\\\/www.italiaisraele.org\\\/?p=4256#respond\"]}]},{\"@type\":\"WebPage\",\"@id\":\"https:\\\/\\\/www.italiaisraele.org\\\/?p=4256\",\"url\":\"https:\\\/\\\/www.italiaisraele.org\\\/?p=4256\",\"name\":\"Gli sbandieratori - Federazione Associazioni Italia Israele\",\"isPartOf\":{\"@id\":\"https:\\\/\\\/www.italiaisraele.org\\\/#website\"},\"primaryImageOfPage\":{\"@id\":\"https:\\\/\\\/www.italiaisraele.org\\\/?p=4256#primaryimage\"},\"image\":{\"@id\":\"https:\\\/\\\/www.italiaisraele.org\\\/?p=4256#primaryimage\"},\"thumbnailUrl\":\"https:\\\/\\\/www.italiaisraele.org\\\/wp-content\\\/uploads\\\/2025\\\/06\\\/0ed4f05d155b4e21ebb1611b84dcfb98.jpg\",\"datePublished\":\"2025-06-10T17:19:18+00:00\",\"dateModified\":\"2025-06-10T17:19:26+00:00\",\"breadcrumb\":{\"@id\":\"https:\\\/\\\/www.italiaisraele.org\\\/?p=4256#breadcrumb\"},\"inLanguage\":\"it-IT\",\"potentialAction\":[{\"@type\":\"ReadAction\",\"target\":[\"https:\\\/\\\/www.italiaisraele.org\\\/?p=4256\"]}]},{\"@type\":\"ImageObject\",\"inLanguage\":\"it-IT\",\"@id\":\"https:\\\/\\\/www.italiaisraele.org\\\/?p=4256#primaryimage\",\"url\":\"https:\\\/\\\/www.italiaisraele.org\\\/wp-content\\\/uploads\\\/2025\\\/06\\\/0ed4f05d155b4e21ebb1611b84dcfb98.jpg\",\"contentUrl\":\"https:\\\/\\\/www.italiaisraele.org\\\/wp-content\\\/uploads\\\/2025\\\/06\\\/0ed4f05d155b4e21ebb1611b84dcfb98.jpg\",\"width\":700,\"height\":467,\"caption\":\"People wave the Palestinian flag during protests outside the Imam Muhammad Abdel-Wahhab Mosque in support of the Palestinian people following Friday Noon prayers in Doha on October 20, 2023, amid the ongoing battles between Israel and the Palestinian group Hamas. (Photo by KARIM JAAFAR \\\/ AFP)\"},{\"@type\":\"BreadcrumbList\",\"@id\":\"https:\\\/\\\/www.italiaisraele.org\\\/?p=4256#breadcrumb\",\"itemListElement\":[{\"@type\":\"ListItem\",\"position\":1,\"name\":\"Home\",\"item\":\"https:\\\/\\\/www.italiaisraele.org\\\/\"},{\"@type\":\"ListItem\",\"position\":2,\"name\":\"Gli sbandieratori\"}]},{\"@type\":\"WebSite\",\"@id\":\"https:\\\/\\\/www.italiaisraele.org\\\/#website\",\"url\":\"https:\\\/\\\/www.italiaisraele.org\\\/\",\"name\":\"News Italia - Israele\",\"description\":\"Italia Israele Today - Magazine\",\"publisher\":{\"@id\":\"https:\\\/\\\/www.italiaisraele.org\\\/#organization\"},\"potentialAction\":[{\"@type\":\"SearchAction\",\"target\":{\"@type\":\"EntryPoint\",\"urlTemplate\":\"https:\\\/\\\/www.italiaisraele.org\\\/?s={search_term_string}\"},\"query-input\":{\"@type\":\"PropertyValueSpecification\",\"valueRequired\":true,\"valueName\":\"search_term_string\"}}],\"inLanguage\":\"it-IT\"},{\"@type\":\"Organization\",\"@id\":\"https:\\\/\\\/www.italiaisraele.org\\\/#organization\",\"name\":\"News Italia - Israele\",\"url\":\"https:\\\/\\\/www.italiaisraele.org\\\/\",\"logo\":{\"@type\":\"ImageObject\",\"inLanguage\":\"it-IT\",\"@id\":\"https:\\\/\\\/www.italiaisraele.org\\\/#\\\/schema\\\/logo\\\/image\\\/\",\"url\":\"https:\\\/\\\/www.italiaisraele.org\\\/wp-content\\\/uploads\\\/2024\\\/02\\\/cropped-cropped-TESTATA-NEWS-2.jpg\",\"contentUrl\":\"https:\\\/\\\/www.italiaisraele.org\\\/wp-content\\\/uploads\\\/2024\\\/02\\\/cropped-cropped-TESTATA-NEWS-2.jpg\",\"width\":1918,\"height\":291,\"caption\":\"News Italia - Israele\"},\"image\":{\"@id\":\"https:\\\/\\\/www.italiaisraele.org\\\/#\\\/schema\\\/logo\\\/image\\\/\"},\"sameAs\":[\"https:\\\/\\\/www.facebook.com\\\/Federazione.Associazioni.Italia.Israele\"]},{\"@type\":\"Person\",\"@id\":\"https:\\\/\\\/www.italiaisraele.org\\\/#\\\/schema\\\/person\\\/a58663d7e92468eb3e7d158e016946cd\",\"name\":\"Redazione\",\"image\":{\"@type\":\"ImageObject\",\"inLanguage\":\"it-IT\",\"@id\":\"https:\\\/\\\/secure.gravatar.com\\\/avatar\\\/fe11715b332cc423bb3991a005da4d50b44647eec21b11abddd059d3deafc450?s=96&d=mm&r=g\",\"url\":\"https:\\\/\\\/secure.gravatar.com\\\/avatar\\\/fe11715b332cc423bb3991a005da4d50b44647eec21b11abddd059d3deafc450?s=96&d=mm&r=g\",\"contentUrl\":\"https:\\\/\\\/secure.gravatar.com\\\/avatar\\\/fe11715b332cc423bb3991a005da4d50b44647eec21b11abddd059d3deafc450?s=96&d=mm&r=g\",\"caption\":\"Redazione\"},\"url\":\"https:\\\/\\\/www.italiaisraele.org\\\/?author=2\"}]}<\/script>\r\n<!-- \/ Yoast SEO plugin. -->","yoast_head_json":{"title":"Gli sbandieratori - Federazione Associazioni Italia Israele","robots":{"index":"index","follow":"follow","max-snippet":"max-snippet:-1","max-image-preview":"max-image-preview:large","max-video-preview":"max-video-preview:-1"},"canonical":"https:\/\/www.italiaisraele.org\/?p=4256","og_locale":"it_IT","og_type":"article","og_title":"Gli sbandieratori - Federazione Associazioni Italia Israele","og_description":"di Francesco Lucrezi* Siamo ormai abituati a vedere le piazze d\u2019Italia riempite di moltitudini di persone, tutte intente a sventolare la bandiera di un certo Paese. Dev\u2019essere davvero amatissimo questo Paese cos\u00ec \u201csventolato\u201d. Ma perch\u00e9 gli sventolatori sventolano? Le ragioni sono apparentemente diverse, perch\u00e9 gli sventolatori non sono tutti uguali, si dividono in tre gruppi. [&hellip;]","og_url":"https:\/\/www.italiaisraele.org\/?p=4256","og_site_name":"Federazione Associazioni Italia Israele","article_publisher":"https:\/\/www.facebook.com\/Federazione.Associazioni.Italia.Israele","article_published_time":"2025-06-10T17:19:18+00:00","article_modified_time":"2025-06-10T17:19:26+00:00","og_image":[{"width":700,"height":467,"url":"https:\/\/www.italiaisraele.org\/wp-content\/uploads\/2025\/06\/0ed4f05d155b4e21ebb1611b84dcfb98.jpg","type":"image\/jpeg"}],"author":"Redazione","twitter_card":"summary_large_image","twitter_misc":{"Scritto da":"Redazione","Tempo di lettura stimato":"4 minuti"},"schema":{"@context":"https:\/\/schema.org","@graph":[{"@type":"Article","@id":"https:\/\/www.italiaisraele.org\/?p=4256#article","isPartOf":{"@id":"https:\/\/www.italiaisraele.org\/?p=4256"},"author":{"name":"Redazione","@id":"https:\/\/www.italiaisraele.org\/#\/schema\/person\/a58663d7e92468eb3e7d158e016946cd"},"headline":"Gli sbandieratori","datePublished":"2025-06-10T17:19:18+00:00","dateModified":"2025-06-10T17:19:26+00:00","mainEntityOfPage":{"@id":"https:\/\/www.italiaisraele.org\/?p=4256"},"wordCount":590,"commentCount":0,"publisher":{"@id":"https:\/\/www.italiaisraele.org\/#organization"},"image":{"@id":"https:\/\/www.italiaisraele.org\/?p=4256#primaryimage"},"thumbnailUrl":"https:\/\/www.italiaisraele.org\/wp-content\/uploads\/2025\/06\/0ed4f05d155b4e21ebb1611b84dcfb98.jpg","keywords":["Gaza","Israele"],"articleSection":["Attualit\u00e0"],"inLanguage":"it-IT","potentialAction":[{"@type":"CommentAction","name":"Comment","target":["https:\/\/www.italiaisraele.org\/?p=4256#respond"]}]},{"@type":"WebPage","@id":"https:\/\/www.italiaisraele.org\/?p=4256","url":"https:\/\/www.italiaisraele.org\/?p=4256","name":"Gli sbandieratori - Federazione Associazioni Italia Israele","isPartOf":{"@id":"https:\/\/www.italiaisraele.org\/#website"},"primaryImageOfPage":{"@id":"https:\/\/www.italiaisraele.org\/?p=4256#primaryimage"},"image":{"@id":"https:\/\/www.italiaisraele.org\/?p=4256#primaryimage"},"thumbnailUrl":"https:\/\/www.italiaisraele.org\/wp-content\/uploads\/2025\/06\/0ed4f05d155b4e21ebb1611b84dcfb98.jpg","datePublished":"2025-06-10T17:19:18+00:00","dateModified":"2025-06-10T17:19:26+00:00","breadcrumb":{"@id":"https:\/\/www.italiaisraele.org\/?p=4256#breadcrumb"},"inLanguage":"it-IT","potentialAction":[{"@type":"ReadAction","target":["https:\/\/www.italiaisraele.org\/?p=4256"]}]},{"@type":"ImageObject","inLanguage":"it-IT","@id":"https:\/\/www.italiaisraele.org\/?p=4256#primaryimage","url":"https:\/\/www.italiaisraele.org\/wp-content\/uploads\/2025\/06\/0ed4f05d155b4e21ebb1611b84dcfb98.jpg","contentUrl":"https:\/\/www.italiaisraele.org\/wp-content\/uploads\/2025\/06\/0ed4f05d155b4e21ebb1611b84dcfb98.jpg","width":700,"height":467,"caption":"People wave the Palestinian flag during protests outside the Imam Muhammad Abdel-Wahhab Mosque in support of the Palestinian people following Friday Noon prayers in Doha on October 20, 2023, amid the ongoing battles between Israel and the Palestinian group Hamas. (Photo by KARIM JAAFAR \/ AFP)"},{"@type":"BreadcrumbList","@id":"https:\/\/www.italiaisraele.org\/?p=4256#breadcrumb","itemListElement":[{"@type":"ListItem","position":1,"name":"Home","item":"https:\/\/www.italiaisraele.org\/"},{"@type":"ListItem","position":2,"name":"Gli sbandieratori"}]},{"@type":"WebSite","@id":"https:\/\/www.italiaisraele.org\/#website","url":"https:\/\/www.italiaisraele.org\/","name":"News Italia - Israele","description":"Italia Israele Today - Magazine","publisher":{"@id":"https:\/\/www.italiaisraele.org\/#organization"},"potentialAction":[{"@type":"SearchAction","target":{"@type":"EntryPoint","urlTemplate":"https:\/\/www.italiaisraele.org\/?s={search_term_string}"},"query-input":{"@type":"PropertyValueSpecification","valueRequired":true,"valueName":"search_term_string"}}],"inLanguage":"it-IT"},{"@type":"Organization","@id":"https:\/\/www.italiaisraele.org\/#organization","name":"News Italia - Israele","url":"https:\/\/www.italiaisraele.org\/","logo":{"@type":"ImageObject","inLanguage":"it-IT","@id":"https:\/\/www.italiaisraele.org\/#\/schema\/logo\/image\/","url":"https:\/\/www.italiaisraele.org\/wp-content\/uploads\/2024\/02\/cropped-cropped-TESTATA-NEWS-2.jpg","contentUrl":"https:\/\/www.italiaisraele.org\/wp-content\/uploads\/2024\/02\/cropped-cropped-TESTATA-NEWS-2.jpg","width":1918,"height":291,"caption":"News Italia - Israele"},"image":{"@id":"https:\/\/www.italiaisraele.org\/#\/schema\/logo\/image\/"},"sameAs":["https:\/\/www.facebook.com\/Federazione.Associazioni.Italia.Israele"]},{"@type":"Person","@id":"https:\/\/www.italiaisraele.org\/#\/schema\/person\/a58663d7e92468eb3e7d158e016946cd","name":"Redazione","image":{"@type":"ImageObject","inLanguage":"it-IT","@id":"https:\/\/secure.gravatar.com\/avatar\/fe11715b332cc423bb3991a005da4d50b44647eec21b11abddd059d3deafc450?s=96&d=mm&r=g","url":"https:\/\/secure.gravatar.com\/avatar\/fe11715b332cc423bb3991a005da4d50b44647eec21b11abddd059d3deafc450?s=96&d=mm&r=g","contentUrl":"https:\/\/secure.gravatar.com\/avatar\/fe11715b332cc423bb3991a005da4d50b44647eec21b11abddd059d3deafc450?s=96&d=mm&r=g","caption":"Redazione"},"url":"https:\/\/www.italiaisraele.org\/?author=2"}]}},"_links":{"self":[{"href":"https:\/\/www.italiaisraele.org\/index.php?rest_route=\/wp\/v2\/posts\/4256","targetHints":{"allow":["GET"]}}],"collection":[{"href":"https:\/\/www.italiaisraele.org\/index.php?rest_route=\/wp\/v2\/posts"}],"about":[{"href":"https:\/\/www.italiaisraele.org\/index.php?rest_route=\/wp\/v2\/types\/post"}],"author":[{"embeddable":true,"href":"https:\/\/www.italiaisraele.org\/index.php?rest_route=\/wp\/v2\/users\/2"}],"replies":[{"embeddable":true,"href":"https:\/\/www.italiaisraele.org\/index.php?rest_route=%2Fwp%2Fv2%2Fcomments&post=4256"}],"version-history":[{"count":0,"href":"https:\/\/www.italiaisraele.org\/index.php?rest_route=\/wp\/v2\/posts\/4256\/revisions"}],"wp:featuredmedia":[{"embeddable":true,"href":"https:\/\/www.italiaisraele.org\/index.php?rest_route=\/wp\/v2\/media\/4257"}],"wp:attachment":[{"href":"https:\/\/www.italiaisraele.org\/index.php?rest_route=%2Fwp%2Fv2%2Fmedia&parent=4256"}],"wp:term":[{"taxonomy":"category","embeddable":true,"href":"https:\/\/www.italiaisraele.org\/index.php?rest_route=%2Fwp%2Fv2%2Fcategories&post=4256"},{"taxonomy":"post_tag","embeddable":true,"href":"https:\/\/www.italiaisraele.org\/index.php?rest_route=%2Fwp%2Fv2%2Ftags&post=4256"}],"curies":[{"name":"wp","href":"https:\/\/api.w.org\/{rel}","templated":true}]}}