{"id":4248,"date":"2025-06-09T10:14:34","date_gmt":"2025-06-09T08:14:34","guid":{"rendered":"https:\/\/www.italiaisraele.org\/?p=4248"},"modified":"2025-06-09T10:14:43","modified_gmt":"2025-06-09T08:14:43","slug":"greta-e-i-suoi-gretini","status":"publish","type":"post","link":"https:\/\/www.italiaisraele.org\/?p=4248","title":{"rendered":"Greta e i suoi gretini"},"content":{"rendered":"\n<p>di Giuseppe Crimaldi<\/p>\n\n\n\n<p>C&#8217;erano gi\u00e0 pochi problemi a Gaza e dintorni per mettercisi pure Greta Thumberg. Salpata su una barca alla volta della Striscia assieme a un manipolo di pacifinti con kefiah d&#8217;ordinanza al collo, la ciurma voleva portare &#8220;aiuti umanitari&#8221; in una zona di guerra, ben sapendo dei rischi ai quali si andava incontro.<\/p>\n\n\n\n<p>In realt\u00e0 l&#8217;umanitarismo era solo una scusa, un effetto collaterale rispetto al reale intento degli organizzatori: che era quello di creare l&#8217;ennesimo scompiglio innestando un&#8217;altra spina nel fianco d&#8217;Israele, prima ancora che del suo governo.<\/p>\n\n\n\n<p>Da tempo la pasionaria dell&#8217;ambientalismo &#8211; che nel frattempo \u00e8 cresciuta senza tuttavia maturare e perdere la passione per un protagonismo da macchietta (ben ingrassato da lauti finanziamenti che si sa bene da dove provengano) &#8211; ha smesso i panni dell&#8217;amica delle foche monache e dei ghiacciai che si sfarinano per sposare la causa palestinese, che oggi \u00e8 molto trendy negli ambienti radical chic e che per\u00f2 &#8211; chiss\u00e0 perch\u00e9, chiss\u00e0 come mai &#8211; ignorano le mille altre tragedie delle  guerre e degli oppressi nel resto del mondo. Non l&#8217;abbiamo vista sfidare il regime di Teheran quando venivano imprigionate, torturate e uccise le coraggiose studentesse iraniane che si rifiutano di indossare il velo; non \u00e8 pervenuta nei giorni del sangue e del terrore degli attentati di Nizza, Monaco e Parigi; n\u00e9 si \u00e8 vista o sentita mentre il valoroso popolo curdo combatteva anche in nostro (e purtroppo anche in suo) nome contro i tagliagole dell&#8217;Isis. Niente, nemmeno un sussurro.<\/p>\n\n\n\n<figure class=\"wp-block-image size-large\"><img loading=\"lazy\" decoding=\"async\" width=\"1024\" height=\"576\" src=\"https:\/\/www.italiaisraele.org\/wp-content\/uploads\/2025\/06\/ap25152593271080-1024x576.jpg\" alt=\"\" class=\"wp-image-4250\" srcset=\"https:\/\/www.italiaisraele.org\/wp-content\/uploads\/2025\/06\/ap25152593271080-1024x576.jpg 1024w, https:\/\/www.italiaisraele.org\/wp-content\/uploads\/2025\/06\/ap25152593271080-300x169.jpg 300w, https:\/\/www.italiaisraele.org\/wp-content\/uploads\/2025\/06\/ap25152593271080-768x432.jpg 768w, https:\/\/www.italiaisraele.org\/wp-content\/uploads\/2025\/06\/ap25152593271080-1160x653.jpg 1160w, https:\/\/www.italiaisraele.org\/wp-content\/uploads\/2025\/06\/ap25152593271080-600x338.jpg 600w, https:\/\/www.italiaisraele.org\/wp-content\/uploads\/2025\/06\/ap25152593271080.jpg 1480w\" sizes=\"auto, (max-width: 1024px) 100vw, 1024px\" \/><\/figure>\n\n\n\n<p>Scongelata dal freezer in cui vengono rinchiusi gli utili idioti sempre buoni da sfruttare nelle occasioni che contano, \u00e8 ricomparsa adesso su un veliero in compagnia di un equipaggio dichiaratamente antisionista e amico di quelli che inneggiano allo sterminio degli ebrei israeliani &#8220;dal Giordano al mare&#8221;. Quelli della &#8220;flottilla&#8221; sapevano benissimo di non andare incontro al martirio (se ne sarebbero guardati bene a tentare la stessa impresa puntando magari su Odessa, sfidando la marina russa) e che questa era una meravigliosa occasione per fare propaganda e avere i favori dei media di tutto il mondo. Ho visto poco fa i video con le reazioni isteriche ma anche comiche e patetiche di Greta e i suoi &#8220;gretini&#8221; mentre le corvette israeliane li intercettavano: qualcuno di loro ha anche gridato all&#8217;assalto chimico, pensate, mentre venivano lanciati schiumogeni sui motori del liberator naviglio.<\/p>\n\n\n\n<p>La ciurma di odiatori di professione ora sar\u00e0 rimpatriata. Missione compiuta. E da oggi sugli striscioni delle masse critiche che inneggiano a quel &#8220;free Gaza dal fiume al mare&#8221;, giurateci, comparir\u00e0 l&#8217;icona della pasionaria delle guerre perse, una che nella vita ha preferito campare a sbafo senza mai lavorare un solo giorno della sua vita preferendo l&#8217;attivismo di maniera pi\u00f9 comodo e retribuito. Quando un giorno si far\u00e0 luce su chi abbia finanziato e continui a finanziare questo ridicolo fantoccio che presta la propria immagine ai terroristi di Hamas travestendola da impegno per cause nobili di libert\u00e0, progresso e amore, molte cose allora finalmente saranno pi\u00f9 chiare.<\/p>\n","protected":false},"excerpt":{"rendered":"<p>di Giuseppe Crimaldi C&#8217;erano gi\u00e0 pochi problemi a Gaza e dintorni per mettercisi pure Greta Thumberg. Salpata su una barca alla volta della Striscia assieme a un manipolo di pacifinti con kefiah d&#8217;ordinanza al collo, la ciurma voleva portare &#8220;aiuti umanitari&#8221; in una zona di guerra, ben sapendo dei rischi ai quali si andava incontro. [&hellip;]<\/p>\n","protected":false},"author":4,"featured_media":4249,"comment_status":"open","ping_status":"open","sticky":false,"template":"","format":"standard","meta":{"iawp_total_views":162,"footnotes":""},"categories":[33],"tags":[56,812,13],"class_list":["post-4248","post","type-post","status-publish","format-standard","has-post-thumbnail","hentry","category-approfondimenti","tag-gaza","tag-greta-thumberg","tag-israele"],"yoast_head":"<!-- This site is optimized with the Yoast SEO plugin v27.5 - https:\/\/yoast.com\/product\/yoast-seo-wordpress\/ -->\r\n<title>Greta e i suoi gretini - Federazione Associazioni Italia Israele<\/title>\r\n<meta name=\"robots\" content=\"index, follow, max-snippet:-1, max-image-preview:large, max-video-preview:-1\" \/>\r\n<link rel=\"canonical\" href=\"https:\/\/www.italiaisraele.org\/?p=4248\" \/>\r\n<meta property=\"og:locale\" content=\"it_IT\" \/>\r\n<meta property=\"og:type\" content=\"article\" \/>\r\n<meta property=\"og:title\" content=\"Greta e i suoi gretini - Federazione Associazioni Italia Israele\" \/>\r\n<meta property=\"og:description\" content=\"di Giuseppe Crimaldi C&#8217;erano gi\u00e0 pochi problemi a Gaza e dintorni per mettercisi pure Greta Thumberg. Salpata su una barca alla volta della Striscia assieme a un manipolo di pacifinti con kefiah d&#8217;ordinanza al collo, la ciurma voleva portare &#8220;aiuti umanitari&#8221; in una zona di guerra, ben sapendo dei rischi ai quali si andava incontro. [&hellip;]\" \/>\r\n<meta property=\"og:url\" content=\"https:\/\/www.italiaisraele.org\/?p=4248\" \/>\r\n<meta property=\"og:site_name\" content=\"Federazione Associazioni Italia Israele\" \/>\r\n<meta property=\"article:publisher\" content=\"https:\/\/www.facebook.com\/Federazione.Associazioni.Italia.Israele\" \/>\r\n<meta property=\"article:published_time\" content=\"2025-06-09T08:14:34+00:00\" \/>\r\n<meta property=\"article:modified_time\" content=\"2025-06-09T08:14:43+00:00\" \/>\r\n<meta property=\"og:image\" content=\"https:\/\/www.italiaisraele.org\/wp-content\/uploads\/2025\/06\/aaaa5f3b-dca4-42fb-9b59-7b2ffa834531.jpeg\" \/>\r\n\t<meta property=\"og:image:width\" content=\"1920\" \/>\r\n\t<meta property=\"og:image:height\" content=\"1080\" \/>\r\n\t<meta property=\"og:image:type\" content=\"image\/jpeg\" \/>\r\n<meta name=\"author\" content=\"Giuseppe Crimaldi\" \/>\r\n<meta name=\"twitter:card\" content=\"summary_large_image\" \/>\r\n<meta name=\"twitter:label1\" content=\"Scritto da\" \/>\n\t<meta name=\"twitter:data1\" content=\"Giuseppe Crimaldi\" \/>\n\t<meta name=\"twitter:label2\" content=\"Tempo di lettura stimato\" \/>\n\t<meta name=\"twitter:data2\" content=\"4 minuti\" \/>\r\n<script type=\"application\/ld+json\" class=\"yoast-schema-graph\">{\"@context\":\"https:\\\/\\\/schema.org\",\"@graph\":[{\"@type\":\"Article\",\"@id\":\"https:\\\/\\\/www.italiaisraele.org\\\/?p=4248#article\",\"isPartOf\":{\"@id\":\"https:\\\/\\\/www.italiaisraele.org\\\/?p=4248\"},\"author\":{\"name\":\"Giuseppe Crimaldi\",\"@id\":\"https:\\\/\\\/www.italiaisraele.org\\\/#\\\/schema\\\/person\\\/7784c17a23e6ef9cb737f3192f043fab\"},\"headline\":\"Greta e i suoi gretini\",\"datePublished\":\"2025-06-09T08:14:34+00:00\",\"dateModified\":\"2025-06-09T08:14:43+00:00\",\"mainEntityOfPage\":{\"@id\":\"https:\\\/\\\/www.italiaisraele.org\\\/?p=4248\"},\"wordCount\":509,\"commentCount\":0,\"publisher\":{\"@id\":\"https:\\\/\\\/www.italiaisraele.org\\\/#organization\"},\"image\":{\"@id\":\"https:\\\/\\\/www.italiaisraele.org\\\/?p=4248#primaryimage\"},\"thumbnailUrl\":\"https:\\\/\\\/www.italiaisraele.org\\\/wp-content\\\/uploads\\\/2025\\\/06\\\/aaaa5f3b-dca4-42fb-9b59-7b2ffa834531.jpeg\",\"keywords\":[\"Gaza\",\"Greta Thumberg\",\"Israele\"],\"articleSection\":[\"Approfondimenti\"],\"inLanguage\":\"it-IT\",\"potentialAction\":[{\"@type\":\"CommentAction\",\"name\":\"Comment\",\"target\":[\"https:\\\/\\\/www.italiaisraele.org\\\/?p=4248#respond\"]}]},{\"@type\":\"WebPage\",\"@id\":\"https:\\\/\\\/www.italiaisraele.org\\\/?p=4248\",\"url\":\"https:\\\/\\\/www.italiaisraele.org\\\/?p=4248\",\"name\":\"Greta e i suoi gretini - Federazione Associazioni Italia Israele\",\"isPartOf\":{\"@id\":\"https:\\\/\\\/www.italiaisraele.org\\\/#website\"},\"primaryImageOfPage\":{\"@id\":\"https:\\\/\\\/www.italiaisraele.org\\\/?p=4248#primaryimage\"},\"image\":{\"@id\":\"https:\\\/\\\/www.italiaisraele.org\\\/?p=4248#primaryimage\"},\"thumbnailUrl\":\"https:\\\/\\\/www.italiaisraele.org\\\/wp-content\\\/uploads\\\/2025\\\/06\\\/aaaa5f3b-dca4-42fb-9b59-7b2ffa834531.jpeg\",\"datePublished\":\"2025-06-09T08:14:34+00:00\",\"dateModified\":\"2025-06-09T08:14:43+00:00\",\"breadcrumb\":{\"@id\":\"https:\\\/\\\/www.italiaisraele.org\\\/?p=4248#breadcrumb\"},\"inLanguage\":\"it-IT\",\"potentialAction\":[{\"@type\":\"ReadAction\",\"target\":[\"https:\\\/\\\/www.italiaisraele.org\\\/?p=4248\"]}]},{\"@type\":\"ImageObject\",\"inLanguage\":\"it-IT\",\"@id\":\"https:\\\/\\\/www.italiaisraele.org\\\/?p=4248#primaryimage\",\"url\":\"https:\\\/\\\/www.italiaisraele.org\\\/wp-content\\\/uploads\\\/2025\\\/06\\\/aaaa5f3b-dca4-42fb-9b59-7b2ffa834531.jpeg\",\"contentUrl\":\"https:\\\/\\\/www.italiaisraele.org\\\/wp-content\\\/uploads\\\/2025\\\/06\\\/aaaa5f3b-dca4-42fb-9b59-7b2ffa834531.jpeg\",\"width\":1920,\"height\":1080},{\"@type\":\"BreadcrumbList\",\"@id\":\"https:\\\/\\\/www.italiaisraele.org\\\/?p=4248#breadcrumb\",\"itemListElement\":[{\"@type\":\"ListItem\",\"position\":1,\"name\":\"Home\",\"item\":\"https:\\\/\\\/www.italiaisraele.org\\\/\"},{\"@type\":\"ListItem\",\"position\":2,\"name\":\"Greta e i suoi gretini\"}]},{\"@type\":\"WebSite\",\"@id\":\"https:\\\/\\\/www.italiaisraele.org\\\/#website\",\"url\":\"https:\\\/\\\/www.italiaisraele.org\\\/\",\"name\":\"News Italia - Israele\",\"description\":\"Italia Israele Today - Magazine\",\"publisher\":{\"@id\":\"https:\\\/\\\/www.italiaisraele.org\\\/#organization\"},\"potentialAction\":[{\"@type\":\"SearchAction\",\"target\":{\"@type\":\"EntryPoint\",\"urlTemplate\":\"https:\\\/\\\/www.italiaisraele.org\\\/?s={search_term_string}\"},\"query-input\":{\"@type\":\"PropertyValueSpecification\",\"valueRequired\":true,\"valueName\":\"search_term_string\"}}],\"inLanguage\":\"it-IT\"},{\"@type\":\"Organization\",\"@id\":\"https:\\\/\\\/www.italiaisraele.org\\\/#organization\",\"name\":\"News Italia - Israele\",\"url\":\"https:\\\/\\\/www.italiaisraele.org\\\/\",\"logo\":{\"@type\":\"ImageObject\",\"inLanguage\":\"it-IT\",\"@id\":\"https:\\\/\\\/www.italiaisraele.org\\\/#\\\/schema\\\/logo\\\/image\\\/\",\"url\":\"https:\\\/\\\/www.italiaisraele.org\\\/wp-content\\\/uploads\\\/2024\\\/02\\\/cropped-cropped-TESTATA-NEWS-2.jpg\",\"contentUrl\":\"https:\\\/\\\/www.italiaisraele.org\\\/wp-content\\\/uploads\\\/2024\\\/02\\\/cropped-cropped-TESTATA-NEWS-2.jpg\",\"width\":1918,\"height\":291,\"caption\":\"News Italia - Israele\"},\"image\":{\"@id\":\"https:\\\/\\\/www.italiaisraele.org\\\/#\\\/schema\\\/logo\\\/image\\\/\"},\"sameAs\":[\"https:\\\/\\\/www.facebook.com\\\/Federazione.Associazioni.Italia.Israele\"]},{\"@type\":\"Person\",\"@id\":\"https:\\\/\\\/www.italiaisraele.org\\\/#\\\/schema\\\/person\\\/7784c17a23e6ef9cb737f3192f043fab\",\"name\":\"Giuseppe Crimaldi\",\"image\":{\"@type\":\"ImageObject\",\"inLanguage\":\"it-IT\",\"@id\":\"https:\\\/\\\/secure.gravatar.com\\\/avatar\\\/a6ddf67481d5d5efef9847e6f4c99a77e7129e93382ea6de1e9ea96b8deec707?s=96&d=mm&r=g\",\"url\":\"https:\\\/\\\/secure.gravatar.com\\\/avatar\\\/a6ddf67481d5d5efef9847e6f4c99a77e7129e93382ea6de1e9ea96b8deec707?s=96&d=mm&r=g\",\"contentUrl\":\"https:\\\/\\\/secure.gravatar.com\\\/avatar\\\/a6ddf67481d5d5efef9847e6f4c99a77e7129e93382ea6de1e9ea96b8deec707?s=96&d=mm&r=g\",\"caption\":\"Giuseppe Crimaldi\"},\"url\":\"https:\\\/\\\/www.italiaisraele.org\\\/?author=4\"}]}<\/script>\r\n<!-- \/ Yoast SEO plugin. -->","yoast_head_json":{"title":"Greta e i suoi gretini - Federazione Associazioni Italia Israele","robots":{"index":"index","follow":"follow","max-snippet":"max-snippet:-1","max-image-preview":"max-image-preview:large","max-video-preview":"max-video-preview:-1"},"canonical":"https:\/\/www.italiaisraele.org\/?p=4248","og_locale":"it_IT","og_type":"article","og_title":"Greta e i suoi gretini - Federazione Associazioni Italia Israele","og_description":"di Giuseppe Crimaldi C&#8217;erano gi\u00e0 pochi problemi a Gaza e dintorni per mettercisi pure Greta Thumberg. Salpata su una barca alla volta della Striscia assieme a un manipolo di pacifinti con kefiah d&#8217;ordinanza al collo, la ciurma voleva portare &#8220;aiuti umanitari&#8221; in una zona di guerra, ben sapendo dei rischi ai quali si andava incontro. [&hellip;]","og_url":"https:\/\/www.italiaisraele.org\/?p=4248","og_site_name":"Federazione Associazioni Italia Israele","article_publisher":"https:\/\/www.facebook.com\/Federazione.Associazioni.Italia.Israele","article_published_time":"2025-06-09T08:14:34+00:00","article_modified_time":"2025-06-09T08:14:43+00:00","og_image":[{"width":1920,"height":1080,"url":"https:\/\/www.italiaisraele.org\/wp-content\/uploads\/2025\/06\/aaaa5f3b-dca4-42fb-9b59-7b2ffa834531.jpeg","type":"image\/jpeg"}],"author":"Giuseppe Crimaldi","twitter_card":"summary_large_image","twitter_misc":{"Scritto da":"Giuseppe Crimaldi","Tempo di lettura stimato":"4 minuti"},"schema":{"@context":"https:\/\/schema.org","@graph":[{"@type":"Article","@id":"https:\/\/www.italiaisraele.org\/?p=4248#article","isPartOf":{"@id":"https:\/\/www.italiaisraele.org\/?p=4248"},"author":{"name":"Giuseppe Crimaldi","@id":"https:\/\/www.italiaisraele.org\/#\/schema\/person\/7784c17a23e6ef9cb737f3192f043fab"},"headline":"Greta e i suoi gretini","datePublished":"2025-06-09T08:14:34+00:00","dateModified":"2025-06-09T08:14:43+00:00","mainEntityOfPage":{"@id":"https:\/\/www.italiaisraele.org\/?p=4248"},"wordCount":509,"commentCount":0,"publisher":{"@id":"https:\/\/www.italiaisraele.org\/#organization"},"image":{"@id":"https:\/\/www.italiaisraele.org\/?p=4248#primaryimage"},"thumbnailUrl":"https:\/\/www.italiaisraele.org\/wp-content\/uploads\/2025\/06\/aaaa5f3b-dca4-42fb-9b59-7b2ffa834531.jpeg","keywords":["Gaza","Greta Thumberg","Israele"],"articleSection":["Approfondimenti"],"inLanguage":"it-IT","potentialAction":[{"@type":"CommentAction","name":"Comment","target":["https:\/\/www.italiaisraele.org\/?p=4248#respond"]}]},{"@type":"WebPage","@id":"https:\/\/www.italiaisraele.org\/?p=4248","url":"https:\/\/www.italiaisraele.org\/?p=4248","name":"Greta e i suoi gretini - Federazione Associazioni Italia Israele","isPartOf":{"@id":"https:\/\/www.italiaisraele.org\/#website"},"primaryImageOfPage":{"@id":"https:\/\/www.italiaisraele.org\/?p=4248#primaryimage"},"image":{"@id":"https:\/\/www.italiaisraele.org\/?p=4248#primaryimage"},"thumbnailUrl":"https:\/\/www.italiaisraele.org\/wp-content\/uploads\/2025\/06\/aaaa5f3b-dca4-42fb-9b59-7b2ffa834531.jpeg","datePublished":"2025-06-09T08:14:34+00:00","dateModified":"2025-06-09T08:14:43+00:00","breadcrumb":{"@id":"https:\/\/www.italiaisraele.org\/?p=4248#breadcrumb"},"inLanguage":"it-IT","potentialAction":[{"@type":"ReadAction","target":["https:\/\/www.italiaisraele.org\/?p=4248"]}]},{"@type":"ImageObject","inLanguage":"it-IT","@id":"https:\/\/www.italiaisraele.org\/?p=4248#primaryimage","url":"https:\/\/www.italiaisraele.org\/wp-content\/uploads\/2025\/06\/aaaa5f3b-dca4-42fb-9b59-7b2ffa834531.jpeg","contentUrl":"https:\/\/www.italiaisraele.org\/wp-content\/uploads\/2025\/06\/aaaa5f3b-dca4-42fb-9b59-7b2ffa834531.jpeg","width":1920,"height":1080},{"@type":"BreadcrumbList","@id":"https:\/\/www.italiaisraele.org\/?p=4248#breadcrumb","itemListElement":[{"@type":"ListItem","position":1,"name":"Home","item":"https:\/\/www.italiaisraele.org\/"},{"@type":"ListItem","position":2,"name":"Greta e i suoi gretini"}]},{"@type":"WebSite","@id":"https:\/\/www.italiaisraele.org\/#website","url":"https:\/\/www.italiaisraele.org\/","name":"News Italia - Israele","description":"Italia Israele Today - Magazine","publisher":{"@id":"https:\/\/www.italiaisraele.org\/#organization"},"potentialAction":[{"@type":"SearchAction","target":{"@type":"EntryPoint","urlTemplate":"https:\/\/www.italiaisraele.org\/?s={search_term_string}"},"query-input":{"@type":"PropertyValueSpecification","valueRequired":true,"valueName":"search_term_string"}}],"inLanguage":"it-IT"},{"@type":"Organization","@id":"https:\/\/www.italiaisraele.org\/#organization","name":"News Italia - Israele","url":"https:\/\/www.italiaisraele.org\/","logo":{"@type":"ImageObject","inLanguage":"it-IT","@id":"https:\/\/www.italiaisraele.org\/#\/schema\/logo\/image\/","url":"https:\/\/www.italiaisraele.org\/wp-content\/uploads\/2024\/02\/cropped-cropped-TESTATA-NEWS-2.jpg","contentUrl":"https:\/\/www.italiaisraele.org\/wp-content\/uploads\/2024\/02\/cropped-cropped-TESTATA-NEWS-2.jpg","width":1918,"height":291,"caption":"News Italia - Israele"},"image":{"@id":"https:\/\/www.italiaisraele.org\/#\/schema\/logo\/image\/"},"sameAs":["https:\/\/www.facebook.com\/Federazione.Associazioni.Italia.Israele"]},{"@type":"Person","@id":"https:\/\/www.italiaisraele.org\/#\/schema\/person\/7784c17a23e6ef9cb737f3192f043fab","name":"Giuseppe Crimaldi","image":{"@type":"ImageObject","inLanguage":"it-IT","@id":"https:\/\/secure.gravatar.com\/avatar\/a6ddf67481d5d5efef9847e6f4c99a77e7129e93382ea6de1e9ea96b8deec707?s=96&d=mm&r=g","url":"https:\/\/secure.gravatar.com\/avatar\/a6ddf67481d5d5efef9847e6f4c99a77e7129e93382ea6de1e9ea96b8deec707?s=96&d=mm&r=g","contentUrl":"https:\/\/secure.gravatar.com\/avatar\/a6ddf67481d5d5efef9847e6f4c99a77e7129e93382ea6de1e9ea96b8deec707?s=96&d=mm&r=g","caption":"Giuseppe Crimaldi"},"url":"https:\/\/www.italiaisraele.org\/?author=4"}]}},"_links":{"self":[{"href":"https:\/\/www.italiaisraele.org\/index.php?rest_route=\/wp\/v2\/posts\/4248","targetHints":{"allow":["GET"]}}],"collection":[{"href":"https:\/\/www.italiaisraele.org\/index.php?rest_route=\/wp\/v2\/posts"}],"about":[{"href":"https:\/\/www.italiaisraele.org\/index.php?rest_route=\/wp\/v2\/types\/post"}],"author":[{"embeddable":true,"href":"https:\/\/www.italiaisraele.org\/index.php?rest_route=\/wp\/v2\/users\/4"}],"replies":[{"embeddable":true,"href":"https:\/\/www.italiaisraele.org\/index.php?rest_route=%2Fwp%2Fv2%2Fcomments&post=4248"}],"version-history":[{"count":0,"href":"https:\/\/www.italiaisraele.org\/index.php?rest_route=\/wp\/v2\/posts\/4248\/revisions"}],"wp:featuredmedia":[{"embeddable":true,"href":"https:\/\/www.italiaisraele.org\/index.php?rest_route=\/wp\/v2\/media\/4249"}],"wp:attachment":[{"href":"https:\/\/www.italiaisraele.org\/index.php?rest_route=%2Fwp%2Fv2%2Fmedia&parent=4248"}],"wp:term":[{"taxonomy":"category","embeddable":true,"href":"https:\/\/www.italiaisraele.org\/index.php?rest_route=%2Fwp%2Fv2%2Fcategories&post=4248"},{"taxonomy":"post_tag","embeddable":true,"href":"https:\/\/www.italiaisraele.org\/index.php?rest_route=%2Fwp%2Fv2%2Ftags&post=4248"}],"curies":[{"name":"wp","href":"https:\/\/api.w.org\/{rel}","templated":true}]}}