{"id":4234,"date":"2025-06-05T23:24:17","date_gmt":"2025-06-05T21:24:17","guid":{"rendered":"https:\/\/www.italiaisraele.org\/?p=4234"},"modified":"2025-06-05T23:24:25","modified_gmt":"2025-06-05T21:24:25","slug":"lipocrisia-del-riconoscimento-della-palestina","status":"publish","type":"post","link":"https:\/\/www.italiaisraele.org\/?p=4234","title":{"rendered":"L&#8217;ipocrisia del riconoscimento della Palestina"},"content":{"rendered":"\n<p>di <em>Daniele Coppin<\/em><\/p>\n\n\n\n<p><em>La guerra scatenata da Hamas con il massacro del 7 Ottobre 2023 e il rapimento di civili israeliani tiene banco per la situazione in cui versa la popolazione di Gaza, sia a causa dei bombardamenti israeliani per colpire la rete di tunnel realizzata da Hamas nel corso degli anni e i vertici dell\u2019organizzazione terroristica che del blocco degli aiuti umanitari deciso dal governo israeliano nei mesi scorsi.<\/em><br>Come reazione a questa crisi Spagna, Irlanda e Norvegia hanno deciso di riconoscere lo Stato di Palestina, mentre Francia e Gran Bretagna, come una sorta di minaccia contro Israele, dichiarano di essere pronti a farlo.<br>In Italia, i partiti di opposizione in Parlamento (PD, M5S, AVS e Azione, con l\u2019eccezione di IV), chiedono al Governo di fare altrettanto, oltre a chiedere il ritiro dell\u2019ambasciatore italiano in Israele.<br>C\u2019\u00e8 da sottolineare che lo Stato di Palestina \u00e8 riconosciuto in Europa da 26 Paesi. Polonia, Cecoslovacchia (oggi Cechia e Slovacchia), Ungheria, Romania e Bulgaria lo avevano fatto quando aderivano al blocco sovietico. A questi si sono aggiunti nel corso degli anni Albania, Armenia, Azerbaigian, Belarus, Bosnia Erzegovina, Cipro, Federazione Russa, Georgia, Islanda, Kazakistan, Montenegro, Polonia, Vaticano, Serbia, Slovenia, Turchia, Ucraina, mentre la Svezia \u00e8 stato il primo Paese UE ad aver compiuto questo passo nel 2014.<br>I primi riconoscimenti si inquadravano nelle logiche del mondo diviso nei due blocchi, quello occidentale e quello sovietico. In seguito gli accordi di Oslo del 1993 hanno determinato un clima di fiducia sulla soluzione della questione israelo-palestinese che rendeva quantomeno comprensibile la scelta di riconoscere lo Stato di Palestina. Ma stavolta la decisione di Spagna, Irlanda e Norvegia e le dichiarazioni di Francia e Gran Bretagna, cos\u00ec come le richieste dei partiti d\u2019opposizione del Parlamento italiano, hanno un significato molto diverso.<br>Attualmente i territori palestinesi sono distinti, non solo geograficamente ma anche politicamente, in due entit\u00e0: una \u00e8 la Cisgiordania, divisa nelle zone A, B e C come definite dagli accordi di Oslo, dove il soggetto politico dominante \u00e8 l\u2019ANP di Abu Mazen che controlla la zona A (circa met\u00e0 della Cisgiordania) e, per quel che riguarda gli aspetti amministrativi, la zona B; l\u2019altra \u00e8 la striscia di Gaza, sotto il controllo di Hamas in seguito alle elezioni tenutesi in quel territorio nel 2007.<br>Questa divisione, oltre a rappresentare un elemento di instabilit\u00e0 tra i Palestinesi e per qualunque trattativa futura con Israele, finisce con il rendere la decisione del riconoscimento dello Stato di Palestina un atto puramente simbolico, del tutto privo di efficacia concreta e con l\u2019inevitabile conseguenza di rafforzare, in termini di consenso interno, l\u2019estrema destra politico religiosa di Israele fornendole uno strumento di persuasione di una parte consistente dell\u2019opinione pubblica israeliana basata sul fatto che il mondo preferisca premiare il terrorismo palestinese anzich\u00e9 sostenere Israele nella sua lotta per debellarlo.<br>Pertanto, che cosa intendono Schlein, Fratoianni, Bonelli, Conte e Calenda quando chiedono il riconoscimento dello Stato di Palestina, trattandosi, di fatto, di due entit\u00e0 politicamente distinte? Intendono il riconoscimento di una Palestina amministrata dall\u2019ANP e quindi senza il controllo della striscia di Gaza da parte di Hamas, scelta che obbligherebbe a estirpare Hamas o, quantomeno, a \u201cesiliare\u201d i suoi vertici e i suoi \u201cquadri\u201d, a distruggere la rete di tunnel che attraversa il sottosuolo della striscia di Gaza, a smantellare i depositi di armi, le basi e i centri di comando installati da Hamas in ospedali, scuole e moschee, in pratica facendo ci\u00f2 che \u00e8 stato per diciannove mesi l\u2019obiettivo di Israele che loro hanno tanto criticato? Oppure intendono il riconoscimento di uno Stato palestinese governato da una coalizione tra ANP e Hamas (e a questo punto, perch\u00e9 no, anche con la partecipazione della Jihad), venendo quindi a determinare le condizioni per un nuovo 7 Ottobre che stavolta non colpirebbe solo il sud di Israele ma gran parte dello Stato ebraico, considerata la conformazione del territorio della Cisgiordania che si incunea tra il nord e il sud di Israele?<br>Ma c\u2019\u00e8 un\u2019altra considerazione che viene inevitabile fare a proposito della richiesta di riconoscimento della Palestina avanzata da una parte del Parlamento italiano. Dal 29 novembre 1947, quando fu approvata dall\u2019ONU la Risoluzione n. 181 con la quale si stabiliva che i territori del Mandato britannico sulla Palestina sarebbero stati divisi tra uno Stato ebraico e uno Stato arabo, ad oggi i Palestinesi hanno rifiutato tutte le proposte di spartizione, chiunque fosse al governo in Israele. Hanno rifiutato la spartizione prevista dalla Risoluzione ONU n. 181; hanno rifiutato quella proposta ad Arafat dal laburista Barak nel 2000 a Camp David, che prevedeva per lo Stato di Palestina la Cisgiordania, Gaza e Gerusalemme est; hanno rifiutato la proposta del 2006 dell\u2019allora premier Olmert, che ricalcava quella di Barak di sei anni prima con un corridoio stradale per unire la Cisgiordania a Gaza; la rifiutano oggi, quando proclamano in cortei conferenze \u201cPalestina libera dal fiume al mare\u201d, affermazione confermata e chiarita dalle loro mappe del futuro Stato palestinese in cui Israele non compare.<br>E quindi, domandiamo ai vari leader che hanno avanzato la richiesta in Parlamento: ma siete proprio sicuri che i Palestinesi, quando dicono di volere il proprio Stato, siano d\u2019accordo con l\u2019idea dei \u201cdue popoli per due stati\u201d e che invece non pretendano in quell\u2019area uno Stato solo, \u201cdal fiume al mare\u201d, quindi senza pi\u00f9 la presenza di Israele?<br>Non ci aspettiamo una risposta a queste domande perch\u00e9 una risposta non ci sar\u00e0, essendo i proponenti troppo intelligenti per non capire che la loro richiesta, al momento, anche nell\u2019ipotesi che venisse accolta dal governo, non potrebbe avere alcuna conseguenza pratica.<br>E allora \u00e8 legittimo ritenere che il vero motivo che ha spinto questi partiti a proporre il riconoscimento dello Stato di Palestina non sia da ricercarsi in un encomiabile quanto ingenuo tentativo di portare un contributo ad una questione che si trascina da decenni, bens\u00ec, per cercare di aumentare i propri consensi, solo quello di approfittare del riemergere dell\u2019odio per l\u2019Ebreo che, anche se travestito da odio per l\u2019Israeliano, non \u00e8 mai scomparso e che viene alimentato pi\u00f9 o meno consapevolmente da un\u2019informazione estremamente orientata.<br>In fondo gli Ebrei in Italia sono meno di trentamila e che cosa sono rispetto a qualche punto percentuale in pi\u00f9 alle prossime elezioni?<\/p>\n","protected":false},"excerpt":{"rendered":"<p>di Daniele Coppin La guerra scatenata da Hamas con il massacro del 7 Ottobre 2023 e il rapimento di civili israeliani tiene banco per la situazione in cui versa la popolazione di Gaza, sia a causa dei bombardamenti israeliani per colpire la rete di tunnel realizzata da Hamas nel corso degli anni e i vertici [&hellip;]<\/p>\n","protected":false},"author":2,"featured_media":4235,"comment_status":"open","ping_status":"open","sticky":false,"template":"","format":"standard","meta":{"iawp_total_views":67,"footnotes":""},"categories":[4],"tags":[808,809,13,193],"class_list":["post-4234","post","type-post","status-publish","format-standard","has-post-thumbnail","hentry","category-attualita","tag-due-stati","tag-ipocrisia","tag-israele","tag-palestina"],"yoast_head":"<!-- This site is optimized with the Yoast SEO plugin v27.5 - https:\/\/yoast.com\/product\/yoast-seo-wordpress\/ -->\r\n<title>L&#039;ipocrisia del riconoscimento della Palestina - Federazione Associazioni Italia Israele<\/title>\r\n<meta name=\"robots\" content=\"index, follow, max-snippet:-1, max-image-preview:large, max-video-preview:-1\" \/>\r\n<link rel=\"canonical\" href=\"https:\/\/www.italiaisraele.org\/?p=4234\" \/>\r\n<meta property=\"og:locale\" content=\"it_IT\" \/>\r\n<meta property=\"og:type\" content=\"article\" \/>\r\n<meta property=\"og:title\" content=\"L&#039;ipocrisia del riconoscimento della Palestina - Federazione Associazioni Italia Israele\" \/>\r\n<meta property=\"og:description\" content=\"di Daniele Coppin La guerra scatenata da Hamas con il massacro del 7 Ottobre 2023 e il rapimento di civili israeliani tiene banco per la situazione in cui versa la popolazione di Gaza, sia a causa dei bombardamenti israeliani per colpire la rete di tunnel realizzata da Hamas nel corso degli anni e i vertici [&hellip;]\" \/>\r\n<meta property=\"og:url\" content=\"https:\/\/www.italiaisraele.org\/?p=4234\" \/>\r\n<meta property=\"og:site_name\" content=\"Federazione Associazioni Italia Israele\" \/>\r\n<meta property=\"article:publisher\" content=\"https:\/\/www.facebook.com\/Federazione.Associazioni.Italia.Israele\" \/>\r\n<meta property=\"article:published_time\" content=\"2025-06-05T21:24:17+00:00\" \/>\r\n<meta property=\"article:modified_time\" content=\"2025-06-05T21:24:25+00:00\" \/>\r\n<meta property=\"og:image\" content=\"https:\/\/www.italiaisraele.org\/wp-content\/uploads\/2025\/06\/palestina.jpg\" \/>\r\n\t<meta property=\"og:image:width\" content=\"445\" \/>\r\n\t<meta property=\"og:image:height\" content=\"296\" \/>\r\n\t<meta property=\"og:image:type\" content=\"image\/jpeg\" \/>\r\n<meta name=\"author\" content=\"Redazione\" \/>\r\n<meta name=\"twitter:card\" content=\"summary_large_image\" \/>\r\n<meta name=\"twitter:label1\" content=\"Scritto da\" \/>\n\t<meta name=\"twitter:data1\" content=\"Redazione\" \/>\n\t<meta name=\"twitter:label2\" content=\"Tempo di lettura stimato\" \/>\n\t<meta name=\"twitter:data2\" content=\"6 minuti\" \/>\r\n<script type=\"application\/ld+json\" class=\"yoast-schema-graph\">{\"@context\":\"https:\\\/\\\/schema.org\",\"@graph\":[{\"@type\":\"Article\",\"@id\":\"https:\\\/\\\/www.italiaisraele.org\\\/?p=4234#article\",\"isPartOf\":{\"@id\":\"https:\\\/\\\/www.italiaisraele.org\\\/?p=4234\"},\"author\":{\"name\":\"Redazione\",\"@id\":\"https:\\\/\\\/www.italiaisraele.org\\\/#\\\/schema\\\/person\\\/a58663d7e92468eb3e7d158e016946cd\"},\"headline\":\"L&#8217;ipocrisia del riconoscimento della Palestina\",\"datePublished\":\"2025-06-05T21:24:17+00:00\",\"dateModified\":\"2025-06-05T21:24:25+00:00\",\"mainEntityOfPage\":{\"@id\":\"https:\\\/\\\/www.italiaisraele.org\\\/?p=4234\"},\"wordCount\":1043,\"commentCount\":2,\"publisher\":{\"@id\":\"https:\\\/\\\/www.italiaisraele.org\\\/#organization\"},\"image\":{\"@id\":\"https:\\\/\\\/www.italiaisraele.org\\\/?p=4234#primaryimage\"},\"thumbnailUrl\":\"https:\\\/\\\/www.italiaisraele.org\\\/wp-content\\\/uploads\\\/2025\\\/06\\\/palestina.jpg\",\"keywords\":[\"due Stati\",\"ipocrisia\",\"Israele\",\"Palestina\"],\"articleSection\":[\"Attualit\u00e0\"],\"inLanguage\":\"it-IT\",\"potentialAction\":[{\"@type\":\"CommentAction\",\"name\":\"Comment\",\"target\":[\"https:\\\/\\\/www.italiaisraele.org\\\/?p=4234#respond\"]}]},{\"@type\":\"WebPage\",\"@id\":\"https:\\\/\\\/www.italiaisraele.org\\\/?p=4234\",\"url\":\"https:\\\/\\\/www.italiaisraele.org\\\/?p=4234\",\"name\":\"L'ipocrisia del riconoscimento della Palestina - Federazione Associazioni Italia Israele\",\"isPartOf\":{\"@id\":\"https:\\\/\\\/www.italiaisraele.org\\\/#website\"},\"primaryImageOfPage\":{\"@id\":\"https:\\\/\\\/www.italiaisraele.org\\\/?p=4234#primaryimage\"},\"image\":{\"@id\":\"https:\\\/\\\/www.italiaisraele.org\\\/?p=4234#primaryimage\"},\"thumbnailUrl\":\"https:\\\/\\\/www.italiaisraele.org\\\/wp-content\\\/uploads\\\/2025\\\/06\\\/palestina.jpg\",\"datePublished\":\"2025-06-05T21:24:17+00:00\",\"dateModified\":\"2025-06-05T21:24:25+00:00\",\"breadcrumb\":{\"@id\":\"https:\\\/\\\/www.italiaisraele.org\\\/?p=4234#breadcrumb\"},\"inLanguage\":\"it-IT\",\"potentialAction\":[{\"@type\":\"ReadAction\",\"target\":[\"https:\\\/\\\/www.italiaisraele.org\\\/?p=4234\"]}]},{\"@type\":\"ImageObject\",\"inLanguage\":\"it-IT\",\"@id\":\"https:\\\/\\\/www.italiaisraele.org\\\/?p=4234#primaryimage\",\"url\":\"https:\\\/\\\/www.italiaisraele.org\\\/wp-content\\\/uploads\\\/2025\\\/06\\\/palestina.jpg\",\"contentUrl\":\"https:\\\/\\\/www.italiaisraele.org\\\/wp-content\\\/uploads\\\/2025\\\/06\\\/palestina.jpg\",\"width\":445,\"height\":296},{\"@type\":\"BreadcrumbList\",\"@id\":\"https:\\\/\\\/www.italiaisraele.org\\\/?p=4234#breadcrumb\",\"itemListElement\":[{\"@type\":\"ListItem\",\"position\":1,\"name\":\"Home\",\"item\":\"https:\\\/\\\/www.italiaisraele.org\\\/\"},{\"@type\":\"ListItem\",\"position\":2,\"name\":\"L&#8217;ipocrisia del riconoscimento della Palestina\"}]},{\"@type\":\"WebSite\",\"@id\":\"https:\\\/\\\/www.italiaisraele.org\\\/#website\",\"url\":\"https:\\\/\\\/www.italiaisraele.org\\\/\",\"name\":\"News Italia - Israele\",\"description\":\"Italia Israele Today - Magazine\",\"publisher\":{\"@id\":\"https:\\\/\\\/www.italiaisraele.org\\\/#organization\"},\"potentialAction\":[{\"@type\":\"SearchAction\",\"target\":{\"@type\":\"EntryPoint\",\"urlTemplate\":\"https:\\\/\\\/www.italiaisraele.org\\\/?s={search_term_string}\"},\"query-input\":{\"@type\":\"PropertyValueSpecification\",\"valueRequired\":true,\"valueName\":\"search_term_string\"}}],\"inLanguage\":\"it-IT\"},{\"@type\":\"Organization\",\"@id\":\"https:\\\/\\\/www.italiaisraele.org\\\/#organization\",\"name\":\"News Italia - Israele\",\"url\":\"https:\\\/\\\/www.italiaisraele.org\\\/\",\"logo\":{\"@type\":\"ImageObject\",\"inLanguage\":\"it-IT\",\"@id\":\"https:\\\/\\\/www.italiaisraele.org\\\/#\\\/schema\\\/logo\\\/image\\\/\",\"url\":\"https:\\\/\\\/www.italiaisraele.org\\\/wp-content\\\/uploads\\\/2024\\\/02\\\/cropped-cropped-TESTATA-NEWS-2.jpg\",\"contentUrl\":\"https:\\\/\\\/www.italiaisraele.org\\\/wp-content\\\/uploads\\\/2024\\\/02\\\/cropped-cropped-TESTATA-NEWS-2.jpg\",\"width\":1918,\"height\":291,\"caption\":\"News Italia - Israele\"},\"image\":{\"@id\":\"https:\\\/\\\/www.italiaisraele.org\\\/#\\\/schema\\\/logo\\\/image\\\/\"},\"sameAs\":[\"https:\\\/\\\/www.facebook.com\\\/Federazione.Associazioni.Italia.Israele\"]},{\"@type\":\"Person\",\"@id\":\"https:\\\/\\\/www.italiaisraele.org\\\/#\\\/schema\\\/person\\\/a58663d7e92468eb3e7d158e016946cd\",\"name\":\"Redazione\",\"image\":{\"@type\":\"ImageObject\",\"inLanguage\":\"it-IT\",\"@id\":\"https:\\\/\\\/secure.gravatar.com\\\/avatar\\\/fe11715b332cc423bb3991a005da4d50b44647eec21b11abddd059d3deafc450?s=96&d=mm&r=g\",\"url\":\"https:\\\/\\\/secure.gravatar.com\\\/avatar\\\/fe11715b332cc423bb3991a005da4d50b44647eec21b11abddd059d3deafc450?s=96&d=mm&r=g\",\"contentUrl\":\"https:\\\/\\\/secure.gravatar.com\\\/avatar\\\/fe11715b332cc423bb3991a005da4d50b44647eec21b11abddd059d3deafc450?s=96&d=mm&r=g\",\"caption\":\"Redazione\"},\"url\":\"https:\\\/\\\/www.italiaisraele.org\\\/?author=2\"}]}<\/script>\r\n<!-- \/ Yoast SEO plugin. -->","yoast_head_json":{"title":"L'ipocrisia del riconoscimento della Palestina - Federazione Associazioni Italia Israele","robots":{"index":"index","follow":"follow","max-snippet":"max-snippet:-1","max-image-preview":"max-image-preview:large","max-video-preview":"max-video-preview:-1"},"canonical":"https:\/\/www.italiaisraele.org\/?p=4234","og_locale":"it_IT","og_type":"article","og_title":"L'ipocrisia del riconoscimento della Palestina - Federazione Associazioni Italia Israele","og_description":"di Daniele Coppin La guerra scatenata da Hamas con il massacro del 7 Ottobre 2023 e il rapimento di civili israeliani tiene banco per la situazione in cui versa la popolazione di Gaza, sia a causa dei bombardamenti israeliani per colpire la rete di tunnel realizzata da Hamas nel corso degli anni e i vertici [&hellip;]","og_url":"https:\/\/www.italiaisraele.org\/?p=4234","og_site_name":"Federazione Associazioni Italia Israele","article_publisher":"https:\/\/www.facebook.com\/Federazione.Associazioni.Italia.Israele","article_published_time":"2025-06-05T21:24:17+00:00","article_modified_time":"2025-06-05T21:24:25+00:00","og_image":[{"width":445,"height":296,"url":"https:\/\/www.italiaisraele.org\/wp-content\/uploads\/2025\/06\/palestina.jpg","type":"image\/jpeg"}],"author":"Redazione","twitter_card":"summary_large_image","twitter_misc":{"Scritto da":"Redazione","Tempo di lettura stimato":"6 minuti"},"schema":{"@context":"https:\/\/schema.org","@graph":[{"@type":"Article","@id":"https:\/\/www.italiaisraele.org\/?p=4234#article","isPartOf":{"@id":"https:\/\/www.italiaisraele.org\/?p=4234"},"author":{"name":"Redazione","@id":"https:\/\/www.italiaisraele.org\/#\/schema\/person\/a58663d7e92468eb3e7d158e016946cd"},"headline":"L&#8217;ipocrisia del riconoscimento della Palestina","datePublished":"2025-06-05T21:24:17+00:00","dateModified":"2025-06-05T21:24:25+00:00","mainEntityOfPage":{"@id":"https:\/\/www.italiaisraele.org\/?p=4234"},"wordCount":1043,"commentCount":2,"publisher":{"@id":"https:\/\/www.italiaisraele.org\/#organization"},"image":{"@id":"https:\/\/www.italiaisraele.org\/?p=4234#primaryimage"},"thumbnailUrl":"https:\/\/www.italiaisraele.org\/wp-content\/uploads\/2025\/06\/palestina.jpg","keywords":["due Stati","ipocrisia","Israele","Palestina"],"articleSection":["Attualit\u00e0"],"inLanguage":"it-IT","potentialAction":[{"@type":"CommentAction","name":"Comment","target":["https:\/\/www.italiaisraele.org\/?p=4234#respond"]}]},{"@type":"WebPage","@id":"https:\/\/www.italiaisraele.org\/?p=4234","url":"https:\/\/www.italiaisraele.org\/?p=4234","name":"L'ipocrisia del riconoscimento della Palestina - Federazione Associazioni Italia Israele","isPartOf":{"@id":"https:\/\/www.italiaisraele.org\/#website"},"primaryImageOfPage":{"@id":"https:\/\/www.italiaisraele.org\/?p=4234#primaryimage"},"image":{"@id":"https:\/\/www.italiaisraele.org\/?p=4234#primaryimage"},"thumbnailUrl":"https:\/\/www.italiaisraele.org\/wp-content\/uploads\/2025\/06\/palestina.jpg","datePublished":"2025-06-05T21:24:17+00:00","dateModified":"2025-06-05T21:24:25+00:00","breadcrumb":{"@id":"https:\/\/www.italiaisraele.org\/?p=4234#breadcrumb"},"inLanguage":"it-IT","potentialAction":[{"@type":"ReadAction","target":["https:\/\/www.italiaisraele.org\/?p=4234"]}]},{"@type":"ImageObject","inLanguage":"it-IT","@id":"https:\/\/www.italiaisraele.org\/?p=4234#primaryimage","url":"https:\/\/www.italiaisraele.org\/wp-content\/uploads\/2025\/06\/palestina.jpg","contentUrl":"https:\/\/www.italiaisraele.org\/wp-content\/uploads\/2025\/06\/palestina.jpg","width":445,"height":296},{"@type":"BreadcrumbList","@id":"https:\/\/www.italiaisraele.org\/?p=4234#breadcrumb","itemListElement":[{"@type":"ListItem","position":1,"name":"Home","item":"https:\/\/www.italiaisraele.org\/"},{"@type":"ListItem","position":2,"name":"L&#8217;ipocrisia del riconoscimento della Palestina"}]},{"@type":"WebSite","@id":"https:\/\/www.italiaisraele.org\/#website","url":"https:\/\/www.italiaisraele.org\/","name":"News Italia - Israele","description":"Italia Israele Today - Magazine","publisher":{"@id":"https:\/\/www.italiaisraele.org\/#organization"},"potentialAction":[{"@type":"SearchAction","target":{"@type":"EntryPoint","urlTemplate":"https:\/\/www.italiaisraele.org\/?s={search_term_string}"},"query-input":{"@type":"PropertyValueSpecification","valueRequired":true,"valueName":"search_term_string"}}],"inLanguage":"it-IT"},{"@type":"Organization","@id":"https:\/\/www.italiaisraele.org\/#organization","name":"News Italia - Israele","url":"https:\/\/www.italiaisraele.org\/","logo":{"@type":"ImageObject","inLanguage":"it-IT","@id":"https:\/\/www.italiaisraele.org\/#\/schema\/logo\/image\/","url":"https:\/\/www.italiaisraele.org\/wp-content\/uploads\/2024\/02\/cropped-cropped-TESTATA-NEWS-2.jpg","contentUrl":"https:\/\/www.italiaisraele.org\/wp-content\/uploads\/2024\/02\/cropped-cropped-TESTATA-NEWS-2.jpg","width":1918,"height":291,"caption":"News Italia - Israele"},"image":{"@id":"https:\/\/www.italiaisraele.org\/#\/schema\/logo\/image\/"},"sameAs":["https:\/\/www.facebook.com\/Federazione.Associazioni.Italia.Israele"]},{"@type":"Person","@id":"https:\/\/www.italiaisraele.org\/#\/schema\/person\/a58663d7e92468eb3e7d158e016946cd","name":"Redazione","image":{"@type":"ImageObject","inLanguage":"it-IT","@id":"https:\/\/secure.gravatar.com\/avatar\/fe11715b332cc423bb3991a005da4d50b44647eec21b11abddd059d3deafc450?s=96&d=mm&r=g","url":"https:\/\/secure.gravatar.com\/avatar\/fe11715b332cc423bb3991a005da4d50b44647eec21b11abddd059d3deafc450?s=96&d=mm&r=g","contentUrl":"https:\/\/secure.gravatar.com\/avatar\/fe11715b332cc423bb3991a005da4d50b44647eec21b11abddd059d3deafc450?s=96&d=mm&r=g","caption":"Redazione"},"url":"https:\/\/www.italiaisraele.org\/?author=2"}]}},"_links":{"self":[{"href":"https:\/\/www.italiaisraele.org\/index.php?rest_route=\/wp\/v2\/posts\/4234","targetHints":{"allow":["GET"]}}],"collection":[{"href":"https:\/\/www.italiaisraele.org\/index.php?rest_route=\/wp\/v2\/posts"}],"about":[{"href":"https:\/\/www.italiaisraele.org\/index.php?rest_route=\/wp\/v2\/types\/post"}],"author":[{"embeddable":true,"href":"https:\/\/www.italiaisraele.org\/index.php?rest_route=\/wp\/v2\/users\/2"}],"replies":[{"embeddable":true,"href":"https:\/\/www.italiaisraele.org\/index.php?rest_route=%2Fwp%2Fv2%2Fcomments&post=4234"}],"version-history":[{"count":0,"href":"https:\/\/www.italiaisraele.org\/index.php?rest_route=\/wp\/v2\/posts\/4234\/revisions"}],"wp:featuredmedia":[{"embeddable":true,"href":"https:\/\/www.italiaisraele.org\/index.php?rest_route=\/wp\/v2\/media\/4235"}],"wp:attachment":[{"href":"https:\/\/www.italiaisraele.org\/index.php?rest_route=%2Fwp%2Fv2%2Fmedia&parent=4234"}],"wp:term":[{"taxonomy":"category","embeddable":true,"href":"https:\/\/www.italiaisraele.org\/index.php?rest_route=%2Fwp%2Fv2%2Fcategories&post=4234"},{"taxonomy":"post_tag","embeddable":true,"href":"https:\/\/www.italiaisraele.org\/index.php?rest_route=%2Fwp%2Fv2%2Ftags&post=4234"}],"curies":[{"name":"wp","href":"https:\/\/api.w.org\/{rel}","templated":true}]}}