{"id":4228,"date":"2025-06-05T14:58:34","date_gmt":"2025-06-05T12:58:34","guid":{"rendered":"https:\/\/www.italiaisraele.org\/?p=4228"},"modified":"2025-06-05T14:58:43","modified_gmt":"2025-06-05T12:58:43","slug":"elly-schlein-ha-deciso-di-sposare-le-posizioni-gauchiste-e-terzomondiste-per-la-mobilitazione-per-gaza-del-7-giugno","status":"publish","type":"post","link":"https:\/\/www.italiaisraele.org\/?p=4228","title":{"rendered":"Elly Schlein ha deciso di sposare le posizioni gauchiste e terzomondiste per la mobilitazione per Gaza del 7 giugno"},"content":{"rendered":"\n<p>di Carlo Panella*<\/p>\n\n\n<div class=\"wp-block-image\">\n<figure class=\"alignleft size-full\"><img loading=\"lazy\" decoding=\"async\" width=\"223\" height=\"226\" src=\"https:\/\/www.italiaisraele.org\/wp-content\/uploads\/2025\/06\/Carlo-Panella.png\" alt=\"\" class=\"wp-image-4229\"\/><\/figure>\n<\/div>\n\n\n<p>Sul palco del comizio del 7 giugno a Roma, oltre ai segretari dei partiti promotori, ci saranno infatti accesi fiancheggiatori di Hamas, chi accusa Israele di genocidio, ma neanche un rappresentante della fortissima opposizione israeliana a Netanyahu. Sar\u00e0 quindi una manifestazione\u00a0contro Israele tutta, non contro la guerra e a favore di chi solo la pu\u00f2 fermare, l\u2019opposizione israeliana. Infatti, se si legge nel merito la mozione parlamentare sulla crisi di Gaza votata settimane fa dal Partito democratico, dai Cinquestelle e da Avs e ora piattaforma della mobilitazione del 7 giugno, si raddoppiano le conferme di questa svolta. <\/p>\n\n\n\n<p>\u00c8 infatti il manifesto delle posizioni pi\u00f9 terzomondiste della sinistra, sommate a quelle della peggiore tradizione sovietica. Tre i punti di rottura con la recente evoluzione della sinistra su Israele. Il primo, che ricorda la malaugurata stagione filosovietica del Pci e del gauchismo \u00e8 il totale mancato raccordo e richiamo del Pd con la maggioritaria opposizione israeliana di sinistra e di centro alla conduzione della guerra di Gaza da parte del governo Netanyahu. Una mancata alleanza del Pd con la parte sana di Israele che rinnega l\u2019evoluzione progressista e liberal della sinistra e del Pd negli ultimi trent\u2019anni.<\/p>\n\n\n\n<p>Le immense e ripetute manifestazioni israeliane nelle piazze contro il governo non scaldano il cuore di Elly Schlein, che le ignora.\u00a0Nella piattaforma della manifestazione del 7 giugno, infatti, non si trova neanche un cenno all\u2019altra Israele, che pure \u00e8 preponderante nei sondaggi, che contesta la conduzione della guerra e che \u00e8 tanto forte da essere largamente rappresentata nei vertici militari e dello Stato.\u00a0<\/p>\n\n\n\n<p>Dunque, il Pd di Elly Schlein non ha nessun interesse a interloquire e quindi a rafforzare questa opposizione israeliana \u2013 di cui la segretaria, infatti, mai parla \u2013 che \u00e8 invece non solo la migliore, ma l\u2019unica garanzia di una soluzione equilibrata del conflitto.&nbsp;<\/p>\n\n\n<div class=\"wp-block-image\">\n<figure class=\"alignleft size-large is-resized\"><img loading=\"lazy\" decoding=\"async\" width=\"1024\" height=\"511\" src=\"https:\/\/www.italiaisraele.org\/wp-content\/uploads\/2025\/06\/in-piazza-per-gaza-1024x511.jpeg\" alt=\"\" class=\"wp-image-4230\" style=\"width:501px;height:auto\" srcset=\"https:\/\/www.italiaisraele.org\/wp-content\/uploads\/2025\/06\/in-piazza-per-gaza-1024x511.jpeg 1024w, https:\/\/www.italiaisraele.org\/wp-content\/uploads\/2025\/06\/in-piazza-per-gaza-300x150.jpeg 300w, https:\/\/www.italiaisraele.org\/wp-content\/uploads\/2025\/06\/in-piazza-per-gaza-768x384.jpeg 768w, https:\/\/www.italiaisraele.org\/wp-content\/uploads\/2025\/06\/in-piazza-per-gaza-1536x767.jpeg 1536w, https:\/\/www.italiaisraele.org\/wp-content\/uploads\/2025\/06\/in-piazza-per-gaza-600x300.jpeg 600w, https:\/\/www.italiaisraele.org\/wp-content\/uploads\/2025\/06\/in-piazza-per-gaza.jpeg 1600w\" sizes=\"auto, (max-width: 1024px) 100vw, 1024px\" \/><\/figure>\n<\/div>\n\n\n<p>Tutto \u00e8 ridotto a una ridondante propaganda contro un Israele di cui volutamente e cinicamente non si vede il popolo e l\u2019opposizione, in un\u2019operazione che sostanzialmente \u00e8 di demonizzazione dello Stato ebraico secondo i canoni del sovietismo d\u2019antan. Da qui non da altro il secco rifiuto di questo Pd della saggia proposta\u00a0di Edith Bruck di affiancare la bandiera israeliana a quella palestinese nel corteo.<\/p>\n\n\n\n<p>Coerentemente, la piattaforma della manifestazione chiede di punire Israele, tutta Israele, non il governo, con la sospensione del patto di Associazione con l\u2019Unione Europea. Col che viene colpita dal Pd di Elly Schlein proprio la base sociale dell\u2019opposizione al governo Netanyahu.&nbsp;<\/p>\n\n\n\n<p>Infatti, questo importante patto di Associazione raccorda l\u2019Europa con gli ambienti scientifici e industriali di Israele, col grande mondo delle start up, con i settori della produzione hi-tech e con i sindacati, che sono il cuore, la massa, delle manifestazioni enormi contro il governo Netanyahu, non certo con i coloni, i movimenti religiosi ortodossi e gli strati sociali medio-bassi che costituiscono la base sociale della destra e dell\u2019estrema destra che supportano il governo Netanyahu.<\/p>\n\n\n\n<p>N\u00e9 c\u2019\u00e8 da temere che la collaborazione scientifica tra Europa e Israele in novecentocinquantuno progetti di ricerca finanziati dall\u2019Ue con un miliardo e cento milioni di dollari comporti una collaborazione in campo militare, elemento di propaganda farlocca del movimento pro-Pal a cui evidentemente Elly Schlein strizza l\u2019occhio assieme a Giuseppe Conte, Nicola Fratoianni e Angelo Bonelli. Ekaterina Zaharieva, commissario europeo all\u2019Innovazione e alle start up, ha infatti assicurato che \u00abtutti i progetti sono stati verificati e a questo stadio abbiamo concluso che i beneficiari israeliani non hanno infranto nessuna regola etica\u00bb.&nbsp;<\/p>\n\n\n\n<p>Ma l\u2019Accordo tra Israele e l\u2019Ue limita anche i dazi e liberalizza i commerci. Dunque, sospenderlo ha un solo effetto: colpire non il governo, ma la popolazione israeliana, ed \u00e8 palesemente questo l\u2019obiettivo che si pone il Pd di Elly Schlein a rimorchio passivo dei Cinquestelle e dell\u2019estrema sinistra. Tutta la segretaria del Pd \u00e8 disposta evidentemente a sacrificare alla sua caparbia costruzione del campo largo.<\/p>\n\n\n\n<p>Infine, ma non per ultimo, manca nella piattaforma della manifestazione del 7 giugno un appello all\u2019indispensabile contrasto ad Hamas nel futuro di Gaza e della Palestina. Pure, gli stessi ministri degli esteri di Francia, Italia, Germania e Regno Unito, nell\u2019approvare le linee generali del cosiddetto Piano Arabo per il futuro di Gaza, proposto dall\u2019Egitto e approvato dalla Lega degli Stati Arabi, sono stati nettissimi, correggendo con forza le ambiguit\u00e0 di quel Piano sul punto focale dell\u2019influenza futura sulla Striscia degli autori del pogrom del 7 ottobre: \u00abRibadiamo con chiarezza che Hamas non deve pi\u00f9 governare Gaza n\u00e9 essere una minaccia per Israele\u00bb.&nbsp;<\/p>\n\n\n\n<p>Nella piattaforma della manifestazione, invece, non un cenno sul ruolo futuro di Hamas: la ragione \u00e8 evidente: Elly Schlein sa bene che i suoi alleati grillini, gauchisti e soprattutto il movimento pro-Pal che corteggia, di cui vuole i voti e a cui lascer\u00e0 spazio nel corteo, sono sostanzialmente filo Hamas. Chiede quindi la liberazione degli ostaggi \u2013 il minimo sindacale di decenza \u2013 ma si guarda bene dallo schierare il Pd contro il ruolo dei terroristi Hamas nel futuro del popolo palestinese.<\/p>\n\n\n\n<p>Tutto, dunque, \u00e8 stato detto e fatto perch\u00e9 la manifestazione del 7 giugno dia spazio ai peggiori rigurgiti antisraeliani e antiebraici, perch\u00e9 la piazza pro-Pal e filo Hamas che vuole cancellare Israele dalla faccia della Terra si scateni. E si scatener\u00e0.<\/p>\n\n\n\n<p>*<strong>Carlo Panella<\/strong> <em>gi\u00e0 inviato in Iran, Israele e Medio Oriente, \u00e8 autore di una dozzina di saggi sulla crisi dell\u2019islam, sul fondamentalismo islamico e sul nuovo e vecchio jihad. Ha pubblicato per Lindau <a href=\"https:\/\/www.lindau.it\/Libri\/Il-libro-nero-di-Hamas\">Il libro nero di Hamas<\/a> , l\u2019antisemitismo islamico e il miraggio dei due Stati.<\/em><\/p>\n","protected":false},"excerpt":{"rendered":"<p>di Carlo Panella* Sul palco del comizio del 7 giugno a Roma, oltre ai segretari dei partiti promotori, ci saranno infatti accesi fiancheggiatori di Hamas, chi accusa Israele di genocidio, ma neanche un rappresentante della fortissima opposizione israeliana a Netanyahu. Sar\u00e0 quindi una manifestazione\u00a0contro Israele tutta, non contro la guerra e a favore di chi [&hellip;]<\/p>\n","protected":false},"author":2,"featured_media":4232,"comment_status":"open","ping_status":"open","sticky":false,"template":"","format":"standard","meta":{"iawp_total_views":197,"footnotes":""},"categories":[4,5],"tags":[],"class_list":["post-4228","post","type-post","status-publish","format-standard","has-post-thumbnail","hentry","category-attualita","category-news"],"yoast_head":"<!-- This site is optimized with the Yoast SEO plugin v27.5 - https:\/\/yoast.com\/product\/yoast-seo-wordpress\/ -->\r\n<title>Elly Schlein ha deciso di sposare le posizioni gauchiste e terzomondiste per la mobilitazione per Gaza del 7 giugno - Federazione Associazioni Italia Israele<\/title>\r\n<meta name=\"robots\" content=\"index, follow, max-snippet:-1, max-image-preview:large, max-video-preview:-1\" \/>\r\n<link rel=\"canonical\" href=\"https:\/\/www.italiaisraele.org\/?p=4228\" \/>\r\n<meta property=\"og:locale\" content=\"it_IT\" \/>\r\n<meta property=\"og:type\" content=\"article\" \/>\r\n<meta property=\"og:title\" content=\"Elly Schlein ha deciso di sposare le posizioni gauchiste e terzomondiste per la mobilitazione per Gaza del 7 giugno - Federazione Associazioni Italia Israele\" \/>\r\n<meta property=\"og:description\" content=\"di Carlo Panella* Sul palco del comizio del 7 giugno a Roma, oltre ai segretari dei partiti promotori, ci saranno infatti accesi fiancheggiatori di Hamas, chi accusa Israele di genocidio, ma neanche un rappresentante della fortissima opposizione israeliana a Netanyahu. Sar\u00e0 quindi una manifestazione\u00a0contro Israele tutta, non contro la guerra e a favore di chi [&hellip;]\" \/>\r\n<meta property=\"og:url\" content=\"https:\/\/www.italiaisraele.org\/?p=4228\" \/>\r\n<meta property=\"og:site_name\" content=\"Federazione Associazioni Italia Israele\" \/>\r\n<meta property=\"article:publisher\" content=\"https:\/\/www.facebook.com\/Federazione.Associazioni.Italia.Israele\" \/>\r\n<meta property=\"article:published_time\" content=\"2025-06-05T12:58:34+00:00\" \/>\r\n<meta property=\"article:modified_time\" content=\"2025-06-05T12:58:43+00:00\" \/>\r\n<meta property=\"og:image\" content=\"https:\/\/www.italiaisraele.org\/wp-content\/uploads\/2025\/06\/schlein.jpg\" \/>\r\n\t<meta property=\"og:image:width\" content=\"1197\" \/>\r\n\t<meta property=\"og:image:height\" content=\"769\" \/>\r\n\t<meta property=\"og:image:type\" content=\"image\/jpeg\" \/>\r\n<meta name=\"author\" content=\"Redazione\" \/>\r\n<meta name=\"twitter:card\" content=\"summary_large_image\" \/>\r\n<meta name=\"twitter:label1\" content=\"Scritto da\" \/>\n\t<meta name=\"twitter:data1\" content=\"Redazione\" \/>\n\t<meta name=\"twitter:label2\" content=\"Tempo di lettura stimato\" \/>\n\t<meta name=\"twitter:data2\" content=\"6 minuti\" \/>\r\n<script type=\"application\/ld+json\" class=\"yoast-schema-graph\">{\"@context\":\"https:\\\/\\\/schema.org\",\"@graph\":[{\"@type\":\"Article\",\"@id\":\"https:\\\/\\\/www.italiaisraele.org\\\/?p=4228#article\",\"isPartOf\":{\"@id\":\"https:\\\/\\\/www.italiaisraele.org\\\/?p=4228\"},\"author\":{\"name\":\"Redazione\",\"@id\":\"https:\\\/\\\/www.italiaisraele.org\\\/#\\\/schema\\\/person\\\/a58663d7e92468eb3e7d158e016946cd\"},\"headline\":\"Elly Schlein ha deciso di sposare le posizioni gauchiste e terzomondiste per la mobilitazione per Gaza del 7 giugno\",\"datePublished\":\"2025-06-05T12:58:34+00:00\",\"dateModified\":\"2025-06-05T12:58:43+00:00\",\"mainEntityOfPage\":{\"@id\":\"https:\\\/\\\/www.italiaisraele.org\\\/?p=4228\"},\"wordCount\":940,\"commentCount\":2,\"publisher\":{\"@id\":\"https:\\\/\\\/www.italiaisraele.org\\\/#organization\"},\"image\":{\"@id\":\"https:\\\/\\\/www.italiaisraele.org\\\/?p=4228#primaryimage\"},\"thumbnailUrl\":\"https:\\\/\\\/www.italiaisraele.org\\\/wp-content\\\/uploads\\\/2025\\\/06\\\/schlein.jpg\",\"articleSection\":[\"Attualit\u00e0\",\"News\"],\"inLanguage\":\"it-IT\",\"potentialAction\":[{\"@type\":\"CommentAction\",\"name\":\"Comment\",\"target\":[\"https:\\\/\\\/www.italiaisraele.org\\\/?p=4228#respond\"]}]},{\"@type\":\"WebPage\",\"@id\":\"https:\\\/\\\/www.italiaisraele.org\\\/?p=4228\",\"url\":\"https:\\\/\\\/www.italiaisraele.org\\\/?p=4228\",\"name\":\"Elly Schlein ha deciso di sposare le posizioni gauchiste e terzomondiste per la mobilitazione per Gaza del 7 giugno - Federazione Associazioni Italia Israele\",\"isPartOf\":{\"@id\":\"https:\\\/\\\/www.italiaisraele.org\\\/#website\"},\"primaryImageOfPage\":{\"@id\":\"https:\\\/\\\/www.italiaisraele.org\\\/?p=4228#primaryimage\"},\"image\":{\"@id\":\"https:\\\/\\\/www.italiaisraele.org\\\/?p=4228#primaryimage\"},\"thumbnailUrl\":\"https:\\\/\\\/www.italiaisraele.org\\\/wp-content\\\/uploads\\\/2025\\\/06\\\/schlein.jpg\",\"datePublished\":\"2025-06-05T12:58:34+00:00\",\"dateModified\":\"2025-06-05T12:58:43+00:00\",\"breadcrumb\":{\"@id\":\"https:\\\/\\\/www.italiaisraele.org\\\/?p=4228#breadcrumb\"},\"inLanguage\":\"it-IT\",\"potentialAction\":[{\"@type\":\"ReadAction\",\"target\":[\"https:\\\/\\\/www.italiaisraele.org\\\/?p=4228\"]}]},{\"@type\":\"ImageObject\",\"inLanguage\":\"it-IT\",\"@id\":\"https:\\\/\\\/www.italiaisraele.org\\\/?p=4228#primaryimage\",\"url\":\"https:\\\/\\\/www.italiaisraele.org\\\/wp-content\\\/uploads\\\/2025\\\/06\\\/schlein.jpg\",\"contentUrl\":\"https:\\\/\\\/www.italiaisraele.org\\\/wp-content\\\/uploads\\\/2025\\\/06\\\/schlein.jpg\",\"width\":1197,\"height\":769},{\"@type\":\"BreadcrumbList\",\"@id\":\"https:\\\/\\\/www.italiaisraele.org\\\/?p=4228#breadcrumb\",\"itemListElement\":[{\"@type\":\"ListItem\",\"position\":1,\"name\":\"Home\",\"item\":\"https:\\\/\\\/www.italiaisraele.org\\\/\"},{\"@type\":\"ListItem\",\"position\":2,\"name\":\"Elly Schlein ha deciso di sposare le posizioni gauchiste e terzomondiste per la mobilitazione per Gaza del 7 giugno\"}]},{\"@type\":\"WebSite\",\"@id\":\"https:\\\/\\\/www.italiaisraele.org\\\/#website\",\"url\":\"https:\\\/\\\/www.italiaisraele.org\\\/\",\"name\":\"News Italia - Israele\",\"description\":\"Italia Israele Today - Magazine\",\"publisher\":{\"@id\":\"https:\\\/\\\/www.italiaisraele.org\\\/#organization\"},\"potentialAction\":[{\"@type\":\"SearchAction\",\"target\":{\"@type\":\"EntryPoint\",\"urlTemplate\":\"https:\\\/\\\/www.italiaisraele.org\\\/?s={search_term_string}\"},\"query-input\":{\"@type\":\"PropertyValueSpecification\",\"valueRequired\":true,\"valueName\":\"search_term_string\"}}],\"inLanguage\":\"it-IT\"},{\"@type\":\"Organization\",\"@id\":\"https:\\\/\\\/www.italiaisraele.org\\\/#organization\",\"name\":\"News Italia - Israele\",\"url\":\"https:\\\/\\\/www.italiaisraele.org\\\/\",\"logo\":{\"@type\":\"ImageObject\",\"inLanguage\":\"it-IT\",\"@id\":\"https:\\\/\\\/www.italiaisraele.org\\\/#\\\/schema\\\/logo\\\/image\\\/\",\"url\":\"https:\\\/\\\/www.italiaisraele.org\\\/wp-content\\\/uploads\\\/2024\\\/02\\\/cropped-cropped-TESTATA-NEWS-2.jpg\",\"contentUrl\":\"https:\\\/\\\/www.italiaisraele.org\\\/wp-content\\\/uploads\\\/2024\\\/02\\\/cropped-cropped-TESTATA-NEWS-2.jpg\",\"width\":1918,\"height\":291,\"caption\":\"News Italia - Israele\"},\"image\":{\"@id\":\"https:\\\/\\\/www.italiaisraele.org\\\/#\\\/schema\\\/logo\\\/image\\\/\"},\"sameAs\":[\"https:\\\/\\\/www.facebook.com\\\/Federazione.Associazioni.Italia.Israele\"]},{\"@type\":\"Person\",\"@id\":\"https:\\\/\\\/www.italiaisraele.org\\\/#\\\/schema\\\/person\\\/a58663d7e92468eb3e7d158e016946cd\",\"name\":\"Redazione\",\"image\":{\"@type\":\"ImageObject\",\"inLanguage\":\"it-IT\",\"@id\":\"https:\\\/\\\/secure.gravatar.com\\\/avatar\\\/fe11715b332cc423bb3991a005da4d50b44647eec21b11abddd059d3deafc450?s=96&d=mm&r=g\",\"url\":\"https:\\\/\\\/secure.gravatar.com\\\/avatar\\\/fe11715b332cc423bb3991a005da4d50b44647eec21b11abddd059d3deafc450?s=96&d=mm&r=g\",\"contentUrl\":\"https:\\\/\\\/secure.gravatar.com\\\/avatar\\\/fe11715b332cc423bb3991a005da4d50b44647eec21b11abddd059d3deafc450?s=96&d=mm&r=g\",\"caption\":\"Redazione\"},\"url\":\"https:\\\/\\\/www.italiaisraele.org\\\/?author=2\"}]}<\/script>\r\n<!-- \/ Yoast SEO plugin. -->","yoast_head_json":{"title":"Elly Schlein ha deciso di sposare le posizioni gauchiste e terzomondiste per la mobilitazione per Gaza del 7 giugno - Federazione Associazioni Italia Israele","robots":{"index":"index","follow":"follow","max-snippet":"max-snippet:-1","max-image-preview":"max-image-preview:large","max-video-preview":"max-video-preview:-1"},"canonical":"https:\/\/www.italiaisraele.org\/?p=4228","og_locale":"it_IT","og_type":"article","og_title":"Elly Schlein ha deciso di sposare le posizioni gauchiste e terzomondiste per la mobilitazione per Gaza del 7 giugno - Federazione Associazioni Italia Israele","og_description":"di Carlo Panella* Sul palco del comizio del 7 giugno a Roma, oltre ai segretari dei partiti promotori, ci saranno infatti accesi fiancheggiatori di Hamas, chi accusa Israele di genocidio, ma neanche un rappresentante della fortissima opposizione israeliana a Netanyahu. Sar\u00e0 quindi una manifestazione\u00a0contro Israele tutta, non contro la guerra e a favore di chi [&hellip;]","og_url":"https:\/\/www.italiaisraele.org\/?p=4228","og_site_name":"Federazione Associazioni Italia Israele","article_publisher":"https:\/\/www.facebook.com\/Federazione.Associazioni.Italia.Israele","article_published_time":"2025-06-05T12:58:34+00:00","article_modified_time":"2025-06-05T12:58:43+00:00","og_image":[{"width":1197,"height":769,"url":"https:\/\/www.italiaisraele.org\/wp-content\/uploads\/2025\/06\/schlein.jpg","type":"image\/jpeg"}],"author":"Redazione","twitter_card":"summary_large_image","twitter_misc":{"Scritto da":"Redazione","Tempo di lettura stimato":"6 minuti"},"schema":{"@context":"https:\/\/schema.org","@graph":[{"@type":"Article","@id":"https:\/\/www.italiaisraele.org\/?p=4228#article","isPartOf":{"@id":"https:\/\/www.italiaisraele.org\/?p=4228"},"author":{"name":"Redazione","@id":"https:\/\/www.italiaisraele.org\/#\/schema\/person\/a58663d7e92468eb3e7d158e016946cd"},"headline":"Elly Schlein ha deciso di sposare le posizioni gauchiste e terzomondiste per la mobilitazione per Gaza del 7 giugno","datePublished":"2025-06-05T12:58:34+00:00","dateModified":"2025-06-05T12:58:43+00:00","mainEntityOfPage":{"@id":"https:\/\/www.italiaisraele.org\/?p=4228"},"wordCount":940,"commentCount":2,"publisher":{"@id":"https:\/\/www.italiaisraele.org\/#organization"},"image":{"@id":"https:\/\/www.italiaisraele.org\/?p=4228#primaryimage"},"thumbnailUrl":"https:\/\/www.italiaisraele.org\/wp-content\/uploads\/2025\/06\/schlein.jpg","articleSection":["Attualit\u00e0","News"],"inLanguage":"it-IT","potentialAction":[{"@type":"CommentAction","name":"Comment","target":["https:\/\/www.italiaisraele.org\/?p=4228#respond"]}]},{"@type":"WebPage","@id":"https:\/\/www.italiaisraele.org\/?p=4228","url":"https:\/\/www.italiaisraele.org\/?p=4228","name":"Elly Schlein ha deciso di sposare le posizioni gauchiste e terzomondiste per la mobilitazione per Gaza del 7 giugno - Federazione Associazioni Italia Israele","isPartOf":{"@id":"https:\/\/www.italiaisraele.org\/#website"},"primaryImageOfPage":{"@id":"https:\/\/www.italiaisraele.org\/?p=4228#primaryimage"},"image":{"@id":"https:\/\/www.italiaisraele.org\/?p=4228#primaryimage"},"thumbnailUrl":"https:\/\/www.italiaisraele.org\/wp-content\/uploads\/2025\/06\/schlein.jpg","datePublished":"2025-06-05T12:58:34+00:00","dateModified":"2025-06-05T12:58:43+00:00","breadcrumb":{"@id":"https:\/\/www.italiaisraele.org\/?p=4228#breadcrumb"},"inLanguage":"it-IT","potentialAction":[{"@type":"ReadAction","target":["https:\/\/www.italiaisraele.org\/?p=4228"]}]},{"@type":"ImageObject","inLanguage":"it-IT","@id":"https:\/\/www.italiaisraele.org\/?p=4228#primaryimage","url":"https:\/\/www.italiaisraele.org\/wp-content\/uploads\/2025\/06\/schlein.jpg","contentUrl":"https:\/\/www.italiaisraele.org\/wp-content\/uploads\/2025\/06\/schlein.jpg","width":1197,"height":769},{"@type":"BreadcrumbList","@id":"https:\/\/www.italiaisraele.org\/?p=4228#breadcrumb","itemListElement":[{"@type":"ListItem","position":1,"name":"Home","item":"https:\/\/www.italiaisraele.org\/"},{"@type":"ListItem","position":2,"name":"Elly Schlein ha deciso di sposare le posizioni gauchiste e terzomondiste per la mobilitazione per Gaza del 7 giugno"}]},{"@type":"WebSite","@id":"https:\/\/www.italiaisraele.org\/#website","url":"https:\/\/www.italiaisraele.org\/","name":"News Italia - Israele","description":"Italia Israele Today - Magazine","publisher":{"@id":"https:\/\/www.italiaisraele.org\/#organization"},"potentialAction":[{"@type":"SearchAction","target":{"@type":"EntryPoint","urlTemplate":"https:\/\/www.italiaisraele.org\/?s={search_term_string}"},"query-input":{"@type":"PropertyValueSpecification","valueRequired":true,"valueName":"search_term_string"}}],"inLanguage":"it-IT"},{"@type":"Organization","@id":"https:\/\/www.italiaisraele.org\/#organization","name":"News Italia - Israele","url":"https:\/\/www.italiaisraele.org\/","logo":{"@type":"ImageObject","inLanguage":"it-IT","@id":"https:\/\/www.italiaisraele.org\/#\/schema\/logo\/image\/","url":"https:\/\/www.italiaisraele.org\/wp-content\/uploads\/2024\/02\/cropped-cropped-TESTATA-NEWS-2.jpg","contentUrl":"https:\/\/www.italiaisraele.org\/wp-content\/uploads\/2024\/02\/cropped-cropped-TESTATA-NEWS-2.jpg","width":1918,"height":291,"caption":"News Italia - Israele"},"image":{"@id":"https:\/\/www.italiaisraele.org\/#\/schema\/logo\/image\/"},"sameAs":["https:\/\/www.facebook.com\/Federazione.Associazioni.Italia.Israele"]},{"@type":"Person","@id":"https:\/\/www.italiaisraele.org\/#\/schema\/person\/a58663d7e92468eb3e7d158e016946cd","name":"Redazione","image":{"@type":"ImageObject","inLanguage":"it-IT","@id":"https:\/\/secure.gravatar.com\/avatar\/fe11715b332cc423bb3991a005da4d50b44647eec21b11abddd059d3deafc450?s=96&d=mm&r=g","url":"https:\/\/secure.gravatar.com\/avatar\/fe11715b332cc423bb3991a005da4d50b44647eec21b11abddd059d3deafc450?s=96&d=mm&r=g","contentUrl":"https:\/\/secure.gravatar.com\/avatar\/fe11715b332cc423bb3991a005da4d50b44647eec21b11abddd059d3deafc450?s=96&d=mm&r=g","caption":"Redazione"},"url":"https:\/\/www.italiaisraele.org\/?author=2"}]}},"_links":{"self":[{"href":"https:\/\/www.italiaisraele.org\/index.php?rest_route=\/wp\/v2\/posts\/4228","targetHints":{"allow":["GET"]}}],"collection":[{"href":"https:\/\/www.italiaisraele.org\/index.php?rest_route=\/wp\/v2\/posts"}],"about":[{"href":"https:\/\/www.italiaisraele.org\/index.php?rest_route=\/wp\/v2\/types\/post"}],"author":[{"embeddable":true,"href":"https:\/\/www.italiaisraele.org\/index.php?rest_route=\/wp\/v2\/users\/2"}],"replies":[{"embeddable":true,"href":"https:\/\/www.italiaisraele.org\/index.php?rest_route=%2Fwp%2Fv2%2Fcomments&post=4228"}],"version-history":[{"count":0,"href":"https:\/\/www.italiaisraele.org\/index.php?rest_route=\/wp\/v2\/posts\/4228\/revisions"}],"wp:featuredmedia":[{"embeddable":true,"href":"https:\/\/www.italiaisraele.org\/index.php?rest_route=\/wp\/v2\/media\/4232"}],"wp:attachment":[{"href":"https:\/\/www.italiaisraele.org\/index.php?rest_route=%2Fwp%2Fv2%2Fmedia&parent=4228"}],"wp:term":[{"taxonomy":"category","embeddable":true,"href":"https:\/\/www.italiaisraele.org\/index.php?rest_route=%2Fwp%2Fv2%2Fcategories&post=4228"},{"taxonomy":"post_tag","embeddable":true,"href":"https:\/\/www.italiaisraele.org\/index.php?rest_route=%2Fwp%2Fv2%2Ftags&post=4228"}],"curies":[{"name":"wp","href":"https:\/\/api.w.org\/{rel}","templated":true}]}}