{"id":4204,"date":"2025-06-02T17:09:47","date_gmt":"2025-06-02T15:09:47","guid":{"rendered":"https:\/\/www.italiaisraele.org\/?p=4204"},"modified":"2025-06-02T17:09:55","modified_gmt":"2025-06-02T15:09:55","slug":"puglia-emiliano-rompe-con-israele-ma-si-dimentica-dei-russi","status":"publish","type":"post","link":"https:\/\/www.italiaisraele.org\/?p=4204","title":{"rendered":"Puglia, Emiliano rompe con Israele, ma si dimentica dei russi."},"content":{"rendered":"\n<p><strong><em>Lo strano modo di essere solidali<\/em><\/strong><\/p>\n\n\n\n<p>di <em>Marco Del Monte*<\/em><\/p>\n\n\n\n<p>l governatore della Puglia si \u00e8 rivolto al personale della Regione per vietare ogni rapporto con istituzioni e governo israeliani a causa del massacro dei palestinesi di Gaza. Fino ad oggi Michele Emiliano consente per\u00f2 a tutti i suoi collaboratori di avere relazioni col governo russo, pur colpito dalle sanzioni (sic!). La Regione Puglia ha in essere un contratto con il Ministero dell\u2019Agricoltura israeliano finalizzato a risolvere il problema della xilella degli ulivi senza abbatterli (l\u2019unico paese al mondo che ha trovato un rimedio di questo tipo \u00e8 proprio Israele che, a mio parere, dovrebbe ritirarsi).<\/p>\n\n\n\n<p>Il caso di Bologna<br>Perch\u00e9 l\u2019ha fatto? Probabilmente per non restare indietro rispetto al sindaco di Bologna, che dopo aver esposto la bandiera palestinese alle finestre del Comune, ora dorme in un sudario. Se un Sindaco vuole esprimere vicinanza a una causa qualsiasi e vuole manifestarlo esponendo la bandiera del polo sud, perch\u00e9 solidarizza coi pinguini, nessuno glielo vieta, ma la deve esporre a casa sua, perch\u00e9 il Comune \u00e8 di tutti, pure di chi la pensa diversamente. Disgraziatamente il sindaco di Bologna ha dato il buon esempio e, visto che nessuno si \u00e8 opposto, ha trovato moltissimi imitatori. Mi viene in mente un passo del Vecchio Testamento che vede Mos\u00e8 vecchio, affannato e stanco chiedere al Signore la nomina di un sostituto perch\u00e9 il popolo non vada girando come un gregge. Ecco, siamo al punto, e non si sa pi\u00f9 se i parlamentari e gli amministratori locali si trovino in questa situazione per imitazione, per dare retta a una moda o che altro. Dico questo nella convinzione che nessuno di loro, n\u00e9 tanto meno il popolo, sappia cosa sta facendo. Il povero Ges\u00f9 sulla croce pronunci\u00f2 le parole \u201cPadre, perdona loro, perch\u00e9 non sanno quello che fanno\u201d. Ma non altrettanto si pu\u00f2 dire di questi solerti uomini pubblici, pronti a criminalizzare l\u2019intero Israele, perdonando i russi. Strano modo di essere solidali e imparziali con i popoli che soffrono.<\/p>\n\n\n\n<p>(<em>Il Riformista<\/em>)<\/p>\n\n\n\n<p><\/p>\n","protected":false},"excerpt":{"rendered":"<p>Lo strano modo di essere solidali di Marco Del Monte* l governatore della Puglia si \u00e8 rivolto al personale della Regione per vietare ogni rapporto con istituzioni e governo israeliani a causa del massacro dei palestinesi di Gaza. Fino ad oggi Michele Emiliano consente per\u00f2 a tutti i suoi collaboratori di avere relazioni col governo [&hellip;]<\/p>\n","protected":false},"author":2,"featured_media":4205,"comment_status":"open","ping_status":"open","sticky":false,"template":"","format":"standard","meta":{"iawp_total_views":104,"footnotes":""},"categories":[4],"tags":[],"class_list":["post-4204","post","type-post","status-publish","format-standard","has-post-thumbnail","hentry","category-attualita"],"yoast_head":"<!-- This site is optimized with the Yoast SEO plugin v27.5 - https:\/\/yoast.com\/product\/yoast-seo-wordpress\/ -->\r\n<title>Puglia, Emiliano rompe con Israele, ma si dimentica dei russi. - Federazione Associazioni Italia Israele<\/title>\r\n<meta name=\"robots\" content=\"index, follow, max-snippet:-1, max-image-preview:large, max-video-preview:-1\" \/>\r\n<link rel=\"canonical\" href=\"https:\/\/www.italiaisraele.org\/?p=4204\" \/>\r\n<meta property=\"og:locale\" content=\"it_IT\" \/>\r\n<meta property=\"og:type\" content=\"article\" \/>\r\n<meta property=\"og:title\" content=\"Puglia, Emiliano rompe con Israele, ma si dimentica dei russi. - Federazione Associazioni Italia Israele\" \/>\r\n<meta property=\"og:description\" content=\"Lo strano modo di essere solidali di Marco Del Monte* l governatore della Puglia si \u00e8 rivolto al personale della Regione per vietare ogni rapporto con istituzioni e governo israeliani a causa del massacro dei palestinesi di Gaza. Fino ad oggi Michele Emiliano consente per\u00f2 a tutti i suoi collaboratori di avere relazioni col governo [&hellip;]\" \/>\r\n<meta property=\"og:url\" content=\"https:\/\/www.italiaisraele.org\/?p=4204\" \/>\r\n<meta property=\"og:site_name\" content=\"Federazione Associazioni Italia Israele\" \/>\r\n<meta property=\"article:publisher\" content=\"https:\/\/www.facebook.com\/Federazione.Associazioni.Italia.Israele\" \/>\r\n<meta property=\"article:published_time\" content=\"2025-06-02T15:09:47+00:00\" \/>\r\n<meta property=\"article:modified_time\" content=\"2025-06-02T15:09:55+00:00\" \/>\r\n<meta property=\"og:image\" content=\"https:\/\/www.italiaisraele.org\/wp-content\/uploads\/2025\/06\/emiliano_boss.jpg\" \/>\r\n\t<meta property=\"og:image:width\" content=\"960\" \/>\r\n\t<meta property=\"og:image:height\" content=\"400\" \/>\r\n\t<meta property=\"og:image:type\" content=\"image\/jpeg\" \/>\r\n<meta name=\"author\" content=\"Redazione\" \/>\r\n<meta name=\"twitter:card\" content=\"summary_large_image\" \/>\r\n<meta name=\"twitter:label1\" content=\"Scritto da\" \/>\n\t<meta name=\"twitter:data1\" content=\"Redazione\" \/>\n\t<meta name=\"twitter:label2\" content=\"Tempo di lettura stimato\" \/>\n\t<meta name=\"twitter:data2\" content=\"2 minuti\" \/>\r\n<script type=\"application\/ld+json\" class=\"yoast-schema-graph\">{\"@context\":\"https:\\\/\\\/schema.org\",\"@graph\":[{\"@type\":\"Article\",\"@id\":\"https:\\\/\\\/www.italiaisraele.org\\\/?p=4204#article\",\"isPartOf\":{\"@id\":\"https:\\\/\\\/www.italiaisraele.org\\\/?p=4204\"},\"author\":{\"name\":\"Redazione\",\"@id\":\"https:\\\/\\\/www.italiaisraele.org\\\/#\\\/schema\\\/person\\\/a58663d7e92468eb3e7d158e016946cd\"},\"headline\":\"Puglia, Emiliano rompe con Israele, ma si dimentica dei russi.\",\"datePublished\":\"2025-06-02T15:09:47+00:00\",\"dateModified\":\"2025-06-02T15:09:55+00:00\",\"mainEntityOfPage\":{\"@id\":\"https:\\\/\\\/www.italiaisraele.org\\\/?p=4204\"},\"wordCount\":346,\"commentCount\":1,\"publisher\":{\"@id\":\"https:\\\/\\\/www.italiaisraele.org\\\/#organization\"},\"image\":{\"@id\":\"https:\\\/\\\/www.italiaisraele.org\\\/?p=4204#primaryimage\"},\"thumbnailUrl\":\"https:\\\/\\\/www.italiaisraele.org\\\/wp-content\\\/uploads\\\/2025\\\/06\\\/emiliano_boss.jpg\",\"articleSection\":[\"Attualit\u00e0\"],\"inLanguage\":\"it-IT\",\"potentialAction\":[{\"@type\":\"CommentAction\",\"name\":\"Comment\",\"target\":[\"https:\\\/\\\/www.italiaisraele.org\\\/?p=4204#respond\"]}]},{\"@type\":\"WebPage\",\"@id\":\"https:\\\/\\\/www.italiaisraele.org\\\/?p=4204\",\"url\":\"https:\\\/\\\/www.italiaisraele.org\\\/?p=4204\",\"name\":\"Puglia, Emiliano rompe con Israele, ma si dimentica dei russi. - Federazione Associazioni Italia Israele\",\"isPartOf\":{\"@id\":\"https:\\\/\\\/www.italiaisraele.org\\\/#website\"},\"primaryImageOfPage\":{\"@id\":\"https:\\\/\\\/www.italiaisraele.org\\\/?p=4204#primaryimage\"},\"image\":{\"@id\":\"https:\\\/\\\/www.italiaisraele.org\\\/?p=4204#primaryimage\"},\"thumbnailUrl\":\"https:\\\/\\\/www.italiaisraele.org\\\/wp-content\\\/uploads\\\/2025\\\/06\\\/emiliano_boss.jpg\",\"datePublished\":\"2025-06-02T15:09:47+00:00\",\"dateModified\":\"2025-06-02T15:09:55+00:00\",\"breadcrumb\":{\"@id\":\"https:\\\/\\\/www.italiaisraele.org\\\/?p=4204#breadcrumb\"},\"inLanguage\":\"it-IT\",\"potentialAction\":[{\"@type\":\"ReadAction\",\"target\":[\"https:\\\/\\\/www.italiaisraele.org\\\/?p=4204\"]}]},{\"@type\":\"ImageObject\",\"inLanguage\":\"it-IT\",\"@id\":\"https:\\\/\\\/www.italiaisraele.org\\\/?p=4204#primaryimage\",\"url\":\"https:\\\/\\\/www.italiaisraele.org\\\/wp-content\\\/uploads\\\/2025\\\/06\\\/emiliano_boss.jpg\",\"contentUrl\":\"https:\\\/\\\/www.italiaisraele.org\\\/wp-content\\\/uploads\\\/2025\\\/06\\\/emiliano_boss.jpg\",\"width\":960,\"height\":400},{\"@type\":\"BreadcrumbList\",\"@id\":\"https:\\\/\\\/www.italiaisraele.org\\\/?p=4204#breadcrumb\",\"itemListElement\":[{\"@type\":\"ListItem\",\"position\":1,\"name\":\"Home\",\"item\":\"https:\\\/\\\/www.italiaisraele.org\\\/\"},{\"@type\":\"ListItem\",\"position\":2,\"name\":\"Puglia, Emiliano rompe con Israele, ma si dimentica dei russi.\"}]},{\"@type\":\"WebSite\",\"@id\":\"https:\\\/\\\/www.italiaisraele.org\\\/#website\",\"url\":\"https:\\\/\\\/www.italiaisraele.org\\\/\",\"name\":\"News Italia - Israele\",\"description\":\"Italia Israele Today - Magazine\",\"publisher\":{\"@id\":\"https:\\\/\\\/www.italiaisraele.org\\\/#organization\"},\"potentialAction\":[{\"@type\":\"SearchAction\",\"target\":{\"@type\":\"EntryPoint\",\"urlTemplate\":\"https:\\\/\\\/www.italiaisraele.org\\\/?s={search_term_string}\"},\"query-input\":{\"@type\":\"PropertyValueSpecification\",\"valueRequired\":true,\"valueName\":\"search_term_string\"}}],\"inLanguage\":\"it-IT\"},{\"@type\":\"Organization\",\"@id\":\"https:\\\/\\\/www.italiaisraele.org\\\/#organization\",\"name\":\"News Italia - Israele\",\"url\":\"https:\\\/\\\/www.italiaisraele.org\\\/\",\"logo\":{\"@type\":\"ImageObject\",\"inLanguage\":\"it-IT\",\"@id\":\"https:\\\/\\\/www.italiaisraele.org\\\/#\\\/schema\\\/logo\\\/image\\\/\",\"url\":\"https:\\\/\\\/www.italiaisraele.org\\\/wp-content\\\/uploads\\\/2024\\\/02\\\/cropped-cropped-TESTATA-NEWS-2.jpg\",\"contentUrl\":\"https:\\\/\\\/www.italiaisraele.org\\\/wp-content\\\/uploads\\\/2024\\\/02\\\/cropped-cropped-TESTATA-NEWS-2.jpg\",\"width\":1918,\"height\":291,\"caption\":\"News Italia - Israele\"},\"image\":{\"@id\":\"https:\\\/\\\/www.italiaisraele.org\\\/#\\\/schema\\\/logo\\\/image\\\/\"},\"sameAs\":[\"https:\\\/\\\/www.facebook.com\\\/Federazione.Associazioni.Italia.Israele\"]},{\"@type\":\"Person\",\"@id\":\"https:\\\/\\\/www.italiaisraele.org\\\/#\\\/schema\\\/person\\\/a58663d7e92468eb3e7d158e016946cd\",\"name\":\"Redazione\",\"image\":{\"@type\":\"ImageObject\",\"inLanguage\":\"it-IT\",\"@id\":\"https:\\\/\\\/secure.gravatar.com\\\/avatar\\\/fe11715b332cc423bb3991a005da4d50b44647eec21b11abddd059d3deafc450?s=96&d=mm&r=g\",\"url\":\"https:\\\/\\\/secure.gravatar.com\\\/avatar\\\/fe11715b332cc423bb3991a005da4d50b44647eec21b11abddd059d3deafc450?s=96&d=mm&r=g\",\"contentUrl\":\"https:\\\/\\\/secure.gravatar.com\\\/avatar\\\/fe11715b332cc423bb3991a005da4d50b44647eec21b11abddd059d3deafc450?s=96&d=mm&r=g\",\"caption\":\"Redazione\"},\"url\":\"https:\\\/\\\/www.italiaisraele.org\\\/?author=2\"}]}<\/script>\r\n<!-- \/ Yoast SEO plugin. -->","yoast_head_json":{"title":"Puglia, Emiliano rompe con Israele, ma si dimentica dei russi. - Federazione Associazioni Italia Israele","robots":{"index":"index","follow":"follow","max-snippet":"max-snippet:-1","max-image-preview":"max-image-preview:large","max-video-preview":"max-video-preview:-1"},"canonical":"https:\/\/www.italiaisraele.org\/?p=4204","og_locale":"it_IT","og_type":"article","og_title":"Puglia, Emiliano rompe con Israele, ma si dimentica dei russi. - Federazione Associazioni Italia Israele","og_description":"Lo strano modo di essere solidali di Marco Del Monte* l governatore della Puglia si \u00e8 rivolto al personale della Regione per vietare ogni rapporto con istituzioni e governo israeliani a causa del massacro dei palestinesi di Gaza. Fino ad oggi Michele Emiliano consente per\u00f2 a tutti i suoi collaboratori di avere relazioni col governo [&hellip;]","og_url":"https:\/\/www.italiaisraele.org\/?p=4204","og_site_name":"Federazione Associazioni Italia Israele","article_publisher":"https:\/\/www.facebook.com\/Federazione.Associazioni.Italia.Israele","article_published_time":"2025-06-02T15:09:47+00:00","article_modified_time":"2025-06-02T15:09:55+00:00","og_image":[{"width":960,"height":400,"url":"https:\/\/www.italiaisraele.org\/wp-content\/uploads\/2025\/06\/emiliano_boss.jpg","type":"image\/jpeg"}],"author":"Redazione","twitter_card":"summary_large_image","twitter_misc":{"Scritto da":"Redazione","Tempo di lettura stimato":"2 minuti"},"schema":{"@context":"https:\/\/schema.org","@graph":[{"@type":"Article","@id":"https:\/\/www.italiaisraele.org\/?p=4204#article","isPartOf":{"@id":"https:\/\/www.italiaisraele.org\/?p=4204"},"author":{"name":"Redazione","@id":"https:\/\/www.italiaisraele.org\/#\/schema\/person\/a58663d7e92468eb3e7d158e016946cd"},"headline":"Puglia, Emiliano rompe con Israele, ma si dimentica dei russi.","datePublished":"2025-06-02T15:09:47+00:00","dateModified":"2025-06-02T15:09:55+00:00","mainEntityOfPage":{"@id":"https:\/\/www.italiaisraele.org\/?p=4204"},"wordCount":346,"commentCount":1,"publisher":{"@id":"https:\/\/www.italiaisraele.org\/#organization"},"image":{"@id":"https:\/\/www.italiaisraele.org\/?p=4204#primaryimage"},"thumbnailUrl":"https:\/\/www.italiaisraele.org\/wp-content\/uploads\/2025\/06\/emiliano_boss.jpg","articleSection":["Attualit\u00e0"],"inLanguage":"it-IT","potentialAction":[{"@type":"CommentAction","name":"Comment","target":["https:\/\/www.italiaisraele.org\/?p=4204#respond"]}]},{"@type":"WebPage","@id":"https:\/\/www.italiaisraele.org\/?p=4204","url":"https:\/\/www.italiaisraele.org\/?p=4204","name":"Puglia, Emiliano rompe con Israele, ma si dimentica dei russi. - Federazione Associazioni Italia Israele","isPartOf":{"@id":"https:\/\/www.italiaisraele.org\/#website"},"primaryImageOfPage":{"@id":"https:\/\/www.italiaisraele.org\/?p=4204#primaryimage"},"image":{"@id":"https:\/\/www.italiaisraele.org\/?p=4204#primaryimage"},"thumbnailUrl":"https:\/\/www.italiaisraele.org\/wp-content\/uploads\/2025\/06\/emiliano_boss.jpg","datePublished":"2025-06-02T15:09:47+00:00","dateModified":"2025-06-02T15:09:55+00:00","breadcrumb":{"@id":"https:\/\/www.italiaisraele.org\/?p=4204#breadcrumb"},"inLanguage":"it-IT","potentialAction":[{"@type":"ReadAction","target":["https:\/\/www.italiaisraele.org\/?p=4204"]}]},{"@type":"ImageObject","inLanguage":"it-IT","@id":"https:\/\/www.italiaisraele.org\/?p=4204#primaryimage","url":"https:\/\/www.italiaisraele.org\/wp-content\/uploads\/2025\/06\/emiliano_boss.jpg","contentUrl":"https:\/\/www.italiaisraele.org\/wp-content\/uploads\/2025\/06\/emiliano_boss.jpg","width":960,"height":400},{"@type":"BreadcrumbList","@id":"https:\/\/www.italiaisraele.org\/?p=4204#breadcrumb","itemListElement":[{"@type":"ListItem","position":1,"name":"Home","item":"https:\/\/www.italiaisraele.org\/"},{"@type":"ListItem","position":2,"name":"Puglia, Emiliano rompe con Israele, ma si dimentica dei russi."}]},{"@type":"WebSite","@id":"https:\/\/www.italiaisraele.org\/#website","url":"https:\/\/www.italiaisraele.org\/","name":"News Italia - Israele","description":"Italia Israele Today - Magazine","publisher":{"@id":"https:\/\/www.italiaisraele.org\/#organization"},"potentialAction":[{"@type":"SearchAction","target":{"@type":"EntryPoint","urlTemplate":"https:\/\/www.italiaisraele.org\/?s={search_term_string}"},"query-input":{"@type":"PropertyValueSpecification","valueRequired":true,"valueName":"search_term_string"}}],"inLanguage":"it-IT"},{"@type":"Organization","@id":"https:\/\/www.italiaisraele.org\/#organization","name":"News Italia - Israele","url":"https:\/\/www.italiaisraele.org\/","logo":{"@type":"ImageObject","inLanguage":"it-IT","@id":"https:\/\/www.italiaisraele.org\/#\/schema\/logo\/image\/","url":"https:\/\/www.italiaisraele.org\/wp-content\/uploads\/2024\/02\/cropped-cropped-TESTATA-NEWS-2.jpg","contentUrl":"https:\/\/www.italiaisraele.org\/wp-content\/uploads\/2024\/02\/cropped-cropped-TESTATA-NEWS-2.jpg","width":1918,"height":291,"caption":"News Italia - Israele"},"image":{"@id":"https:\/\/www.italiaisraele.org\/#\/schema\/logo\/image\/"},"sameAs":["https:\/\/www.facebook.com\/Federazione.Associazioni.Italia.Israele"]},{"@type":"Person","@id":"https:\/\/www.italiaisraele.org\/#\/schema\/person\/a58663d7e92468eb3e7d158e016946cd","name":"Redazione","image":{"@type":"ImageObject","inLanguage":"it-IT","@id":"https:\/\/secure.gravatar.com\/avatar\/fe11715b332cc423bb3991a005da4d50b44647eec21b11abddd059d3deafc450?s=96&d=mm&r=g","url":"https:\/\/secure.gravatar.com\/avatar\/fe11715b332cc423bb3991a005da4d50b44647eec21b11abddd059d3deafc450?s=96&d=mm&r=g","contentUrl":"https:\/\/secure.gravatar.com\/avatar\/fe11715b332cc423bb3991a005da4d50b44647eec21b11abddd059d3deafc450?s=96&d=mm&r=g","caption":"Redazione"},"url":"https:\/\/www.italiaisraele.org\/?author=2"}]}},"_links":{"self":[{"href":"https:\/\/www.italiaisraele.org\/index.php?rest_route=\/wp\/v2\/posts\/4204","targetHints":{"allow":["GET"]}}],"collection":[{"href":"https:\/\/www.italiaisraele.org\/index.php?rest_route=\/wp\/v2\/posts"}],"about":[{"href":"https:\/\/www.italiaisraele.org\/index.php?rest_route=\/wp\/v2\/types\/post"}],"author":[{"embeddable":true,"href":"https:\/\/www.italiaisraele.org\/index.php?rest_route=\/wp\/v2\/users\/2"}],"replies":[{"embeddable":true,"href":"https:\/\/www.italiaisraele.org\/index.php?rest_route=%2Fwp%2Fv2%2Fcomments&post=4204"}],"version-history":[{"count":0,"href":"https:\/\/www.italiaisraele.org\/index.php?rest_route=\/wp\/v2\/posts\/4204\/revisions"}],"wp:featuredmedia":[{"embeddable":true,"href":"https:\/\/www.italiaisraele.org\/index.php?rest_route=\/wp\/v2\/media\/4205"}],"wp:attachment":[{"href":"https:\/\/www.italiaisraele.org\/index.php?rest_route=%2Fwp%2Fv2%2Fmedia&parent=4204"}],"wp:term":[{"taxonomy":"category","embeddable":true,"href":"https:\/\/www.italiaisraele.org\/index.php?rest_route=%2Fwp%2Fv2%2Fcategories&post=4204"},{"taxonomy":"post_tag","embeddable":true,"href":"https:\/\/www.italiaisraele.org\/index.php?rest_route=%2Fwp%2Fv2%2Ftags&post=4204"}],"curies":[{"name":"wp","href":"https:\/\/api.w.org\/{rel}","templated":true}]}}