{"id":4190,"date":"2025-05-26T10:43:26","date_gmt":"2025-05-26T08:43:26","guid":{"rendered":"https:\/\/www.italiaisraele.org\/?p=4190"},"modified":"2025-05-26T10:43:35","modified_gmt":"2025-05-26T08:43:35","slug":"oggi-israele-celebra-la-giornata-di-gerusalemme","status":"publish","type":"post","link":"https:\/\/www.italiaisraele.org\/?p=4190","title":{"rendered":"OGGI ISRAELE CELEBRA LA GIORNATA DI GERUSALEMME"},"content":{"rendered":"\n<figure class=\"wp-block-video aligncenter\"><video height=\"224\" style=\"aspect-ratio: 398 \/ 224;\" width=\"398\" controls src=\"https:\/\/www.italiaisraele.org\/wp-content\/uploads\/2025\/05\/VIDEO-GIORNATA-GERUSALEMME.mp4\"><\/video><figcaption class=\"wp-element-caption\"><em>Video storico della presa di Gerusalemme<\/em><\/figcaption><\/figure>\n\n\n\n<p>Gerusalemme, capitale di Israele, divisa durante la guerra di indipendenza del 1948, \u00e8 stata riunificata il 7 giugno <a><\/a>1967 &#8211; 28 di Iyar. Il 28 di Iyar cade quest&#8217;anno il 26 maggio.<\/p>\n\n\n\n<p>Allo scadere del mandato britannico, il 14 maggio 1948, e in conformit\u00e0 con la risoluzione delle Nazioni Unite del 29 novembre 1947, Israele ha proclamato la sua indipendenza, con Gerusalemme come capitale. Opponendosi alla sua proclamazione, i paesi arabi lanciarono un attacco a tutto campo contro il nuovo stato, con la conseguente Guerra di Indipendenza del 1948-1949. Le linee armistiziali tracciate alla fine della guerra divisero Gerusalemme in due, con la Giordania che occupava la citt\u00e0 vecchia e le aree a nord e a sud, e Israele che manteneva le parti occidentali e meridionali della citt\u00e0.<\/p>\n\n\n\n<p>Allo scoppio della Guerra dei Sei Giorni, nel giugno 1967, Israele contattatt\u00f2 la Giordania tramite le Nazioni Unite e l&#8217;ambasciata americana, chiarendo che se la Giordania si fosse astenuta dall&#8217;attaccare Israele, Israele non avrebbe attaccato la Giordania. Tuttavia, i giordani attaccarono Gerusalemme Ovest e occuparono l&#8217;ex palazzo dell\u2019Alto Commissario. Dopo pesanti combattimenti, l&#8217;esercito israeliano riprese lo stabile e allontan\u00f2 l&#8217;esercito giordano da Gerusalemme est, con la conseguente riunificazione della citt\u00e0.<\/p>\n\n\n\n<p>Dopo la liberazione della citt\u00e0 da parte dell\u2019IDF, i muri che dividevano la citt\u00e0 furono abbattuti. Tre settimane dopo, la Knesset promulg\u00f2 una legge che unificava la citt\u00e0 ed estendeva la sovranit\u00e0 israeliana sulla parte orientale della citt\u00e0.<\/p>\n\n\n\n<p>Un anno dopo, nel 1968, fu deciso che l\u2019anniversario della liberazione e della riunificazione di Gerusalemme, il giorno 28 di iyar secondo il calendario lunare ebraico, sarebbe stato giorno di festa nazionale in Israele. Nel Jerusalem Day si celebra la riunificazione della citt\u00e0 e il legame del popolo ebraico con Gerusalemme attraverso i secoli.<\/p>\n\n\n\n<figure class=\"wp-block-video aligncenter\"><video height=\"282\" style=\"aspect-ratio: 422 \/ 282;\" width=\"422\" controls src=\"https:\/\/www.italiaisraele.org\/wp-content\/uploads\/2025\/05\/VIDEO-CLIP-GIORNATA-GERUSALEMME.mp4\"><\/video><figcaption class=\"wp-element-caption\">Didascalie delle foto (7 giugno 1967):<br>Veduta aerea della Moschea di Omar e del Muro Occidentale, Citt\u00e0 Vecchia di Gerusalemme<br>Truppe israeliane con veicolo blindato davanti alla Porta dei Leoni nella Citt\u00e0 Vecchia di Gerusalemme <br>Capo di Stato Maggiore dell\u2019IDF Yitzhak Rabin, Ministro della Difesa Moshe Dayan al Muro Occidentale <br>Il Capo Rabbino Cappellano dell\u2019IDF Shlomo Goren porta un rotolo della Torah al Muro Occidentale <br> Foto di(GPO \/ Eli Landau)<\/figcaption><\/figure>\n","protected":false},"excerpt":{"rendered":"<p>Gerusalemme, capitale di Israele, divisa durante la guerra di indipendenza del 1948, \u00e8 stata riunificata il 7 giugno 1967 &#8211; 28 di Iyar. Il 28 di Iyar cade quest&#8217;anno il 26 maggio. Allo scadere del mandato britannico, il 14 maggio 1948, e in conformit\u00e0 con la risoluzione delle Nazioni Unite del 29 novembre 1947, Israele [&hellip;]<\/p>\n","protected":false},"author":2,"featured_media":4191,"comment_status":"open","ping_status":"open","sticky":false,"template":"","format":"standard","meta":{"iawp_total_views":28,"footnotes":""},"categories":[33,4,236,5],"tags":[411,670,13],"class_list":["post-4190","post","type-post","status-publish","format-standard","has-post-thumbnail","hentry","category-approfondimenti","category-attualita","category-la-storia","category-news","tag-gerusalemme","tag-guerra-dei-sei-giorni","tag-israele"],"yoast_head":"<!-- This site is optimized with the Yoast SEO plugin v27.5 - https:\/\/yoast.com\/product\/yoast-seo-wordpress\/ -->\r\n<title>OGGI ISRAELE CELEBRA LA GIORNATA DI GERUSALEMME - Federazione Associazioni Italia Israele<\/title>\r\n<meta name=\"robots\" content=\"index, follow, max-snippet:-1, max-image-preview:large, max-video-preview:-1\" \/>\r\n<link rel=\"canonical\" href=\"https:\/\/www.italiaisraele.org\/?p=4190\" \/>\r\n<meta property=\"og:locale\" content=\"it_IT\" \/>\r\n<meta property=\"og:type\" content=\"article\" \/>\r\n<meta property=\"og:title\" content=\"OGGI ISRAELE CELEBRA LA GIORNATA DI GERUSALEMME - Federazione Associazioni Italia Israele\" \/>\r\n<meta property=\"og:description\" content=\"Gerusalemme, capitale di Israele, divisa durante la guerra di indipendenza del 1948, \u00e8 stata riunificata il 7 giugno 1967 &#8211; 28 di Iyar. Il 28 di Iyar cade quest&#8217;anno il 26 maggio. Allo scadere del mandato britannico, il 14 maggio 1948, e in conformit\u00e0 con la risoluzione delle Nazioni Unite del 29 novembre 1947, Israele [&hellip;]\" \/>\r\n<meta property=\"og:url\" content=\"https:\/\/www.italiaisraele.org\/?p=4190\" \/>\r\n<meta property=\"og:site_name\" content=\"Federazione Associazioni Italia Israele\" \/>\r\n<meta property=\"article:publisher\" content=\"https:\/\/www.facebook.com\/Federazione.Associazioni.Italia.Israele\" \/>\r\n<meta property=\"article:published_time\" content=\"2025-05-26T08:43:26+00:00\" \/>\r\n<meta property=\"article:modified_time\" content=\"2025-05-26T08:43:35+00:00\" \/>\r\n<meta property=\"og:image\" content=\"https:\/\/www.italiaisraele.org\/wp-content\/uploads\/2025\/05\/giornata-gerusalemme-2025.jpeg\" \/>\r\n\t<meta property=\"og:image:width\" content=\"1280\" \/>\r\n\t<meta property=\"og:image:height\" content=\"720\" \/>\r\n\t<meta property=\"og:image:type\" content=\"image\/jpeg\" \/>\r\n<meta name=\"author\" content=\"Redazione\" \/>\r\n<meta name=\"twitter:card\" content=\"summary_large_image\" \/>\r\n<meta name=\"twitter:label1\" content=\"Scritto da\" \/>\n\t<meta name=\"twitter:data1\" content=\"Redazione\" \/>\n\t<meta name=\"twitter:label2\" content=\"Tempo di lettura stimato\" \/>\n\t<meta name=\"twitter:data2\" content=\"3 minuti\" \/>\r\n<script type=\"application\/ld+json\" class=\"yoast-schema-graph\">{\"@context\":\"https:\\\/\\\/schema.org\",\"@graph\":[{\"@type\":\"Article\",\"@id\":\"https:\\\/\\\/www.italiaisraele.org\\\/?p=4190#article\",\"isPartOf\":{\"@id\":\"https:\\\/\\\/www.italiaisraele.org\\\/?p=4190\"},\"author\":{\"name\":\"Redazione\",\"@id\":\"https:\\\/\\\/www.italiaisraele.org\\\/#\\\/schema\\\/person\\\/a58663d7e92468eb3e7d158e016946cd\"},\"headline\":\"OGGI ISRAELE CELEBRA LA GIORNATA DI GERUSALEMME\",\"datePublished\":\"2025-05-26T08:43:26+00:00\",\"dateModified\":\"2025-05-26T08:43:35+00:00\",\"mainEntityOfPage\":{\"@id\":\"https:\\\/\\\/www.italiaisraele.org\\\/?p=4190\"},\"wordCount\":367,\"commentCount\":1,\"publisher\":{\"@id\":\"https:\\\/\\\/www.italiaisraele.org\\\/#organization\"},\"image\":{\"@id\":\"https:\\\/\\\/www.italiaisraele.org\\\/?p=4190#primaryimage\"},\"thumbnailUrl\":\"https:\\\/\\\/www.italiaisraele.org\\\/wp-content\\\/uploads\\\/2025\\\/05\\\/giornata-gerusalemme-2025.jpeg\",\"keywords\":[\"Gerusalemme\",\"Guerra dei sei giorni\",\"Israele\"],\"articleSection\":[\"Approfondimenti\",\"Attualit\u00e0\",\"La storia\",\"News\"],\"inLanguage\":\"it-IT\",\"potentialAction\":[{\"@type\":\"CommentAction\",\"name\":\"Comment\",\"target\":[\"https:\\\/\\\/www.italiaisraele.org\\\/?p=4190#respond\"]}]},{\"@type\":\"WebPage\",\"@id\":\"https:\\\/\\\/www.italiaisraele.org\\\/?p=4190\",\"url\":\"https:\\\/\\\/www.italiaisraele.org\\\/?p=4190\",\"name\":\"OGGI ISRAELE CELEBRA LA GIORNATA DI GERUSALEMME - Federazione Associazioni Italia Israele\",\"isPartOf\":{\"@id\":\"https:\\\/\\\/www.italiaisraele.org\\\/#website\"},\"primaryImageOfPage\":{\"@id\":\"https:\\\/\\\/www.italiaisraele.org\\\/?p=4190#primaryimage\"},\"image\":{\"@id\":\"https:\\\/\\\/www.italiaisraele.org\\\/?p=4190#primaryimage\"},\"thumbnailUrl\":\"https:\\\/\\\/www.italiaisraele.org\\\/wp-content\\\/uploads\\\/2025\\\/05\\\/giornata-gerusalemme-2025.jpeg\",\"datePublished\":\"2025-05-26T08:43:26+00:00\",\"dateModified\":\"2025-05-26T08:43:35+00:00\",\"breadcrumb\":{\"@id\":\"https:\\\/\\\/www.italiaisraele.org\\\/?p=4190#breadcrumb\"},\"inLanguage\":\"it-IT\",\"potentialAction\":[{\"@type\":\"ReadAction\",\"target\":[\"https:\\\/\\\/www.italiaisraele.org\\\/?p=4190\"]}]},{\"@type\":\"ImageObject\",\"inLanguage\":\"it-IT\",\"@id\":\"https:\\\/\\\/www.italiaisraele.org\\\/?p=4190#primaryimage\",\"url\":\"https:\\\/\\\/www.italiaisraele.org\\\/wp-content\\\/uploads\\\/2025\\\/05\\\/giornata-gerusalemme-2025.jpeg\",\"contentUrl\":\"https:\\\/\\\/www.italiaisraele.org\\\/wp-content\\\/uploads\\\/2025\\\/05\\\/giornata-gerusalemme-2025.jpeg\",\"width\":1280,\"height\":720},{\"@type\":\"BreadcrumbList\",\"@id\":\"https:\\\/\\\/www.italiaisraele.org\\\/?p=4190#breadcrumb\",\"itemListElement\":[{\"@type\":\"ListItem\",\"position\":1,\"name\":\"Home\",\"item\":\"https:\\\/\\\/www.italiaisraele.org\\\/\"},{\"@type\":\"ListItem\",\"position\":2,\"name\":\"OGGI ISRAELE CELEBRA LA GIORNATA DI GERUSALEMME\"}]},{\"@type\":\"WebSite\",\"@id\":\"https:\\\/\\\/www.italiaisraele.org\\\/#website\",\"url\":\"https:\\\/\\\/www.italiaisraele.org\\\/\",\"name\":\"News Italia - Israele\",\"description\":\"Italia Israele Today - Magazine\",\"publisher\":{\"@id\":\"https:\\\/\\\/www.italiaisraele.org\\\/#organization\"},\"potentialAction\":[{\"@type\":\"SearchAction\",\"target\":{\"@type\":\"EntryPoint\",\"urlTemplate\":\"https:\\\/\\\/www.italiaisraele.org\\\/?s={search_term_string}\"},\"query-input\":{\"@type\":\"PropertyValueSpecification\",\"valueRequired\":true,\"valueName\":\"search_term_string\"}}],\"inLanguage\":\"it-IT\"},{\"@type\":\"Organization\",\"@id\":\"https:\\\/\\\/www.italiaisraele.org\\\/#organization\",\"name\":\"News Italia - Israele\",\"url\":\"https:\\\/\\\/www.italiaisraele.org\\\/\",\"logo\":{\"@type\":\"ImageObject\",\"inLanguage\":\"it-IT\",\"@id\":\"https:\\\/\\\/www.italiaisraele.org\\\/#\\\/schema\\\/logo\\\/image\\\/\",\"url\":\"https:\\\/\\\/www.italiaisraele.org\\\/wp-content\\\/uploads\\\/2024\\\/02\\\/cropped-cropped-TESTATA-NEWS-2.jpg\",\"contentUrl\":\"https:\\\/\\\/www.italiaisraele.org\\\/wp-content\\\/uploads\\\/2024\\\/02\\\/cropped-cropped-TESTATA-NEWS-2.jpg\",\"width\":1918,\"height\":291,\"caption\":\"News Italia - Israele\"},\"image\":{\"@id\":\"https:\\\/\\\/www.italiaisraele.org\\\/#\\\/schema\\\/logo\\\/image\\\/\"},\"sameAs\":[\"https:\\\/\\\/www.facebook.com\\\/Federazione.Associazioni.Italia.Israele\"]},{\"@type\":\"Person\",\"@id\":\"https:\\\/\\\/www.italiaisraele.org\\\/#\\\/schema\\\/person\\\/a58663d7e92468eb3e7d158e016946cd\",\"name\":\"Redazione\",\"image\":{\"@type\":\"ImageObject\",\"inLanguage\":\"it-IT\",\"@id\":\"https:\\\/\\\/secure.gravatar.com\\\/avatar\\\/fe11715b332cc423bb3991a005da4d50b44647eec21b11abddd059d3deafc450?s=96&d=mm&r=g\",\"url\":\"https:\\\/\\\/secure.gravatar.com\\\/avatar\\\/fe11715b332cc423bb3991a005da4d50b44647eec21b11abddd059d3deafc450?s=96&d=mm&r=g\",\"contentUrl\":\"https:\\\/\\\/secure.gravatar.com\\\/avatar\\\/fe11715b332cc423bb3991a005da4d50b44647eec21b11abddd059d3deafc450?s=96&d=mm&r=g\",\"caption\":\"Redazione\"},\"url\":\"https:\\\/\\\/www.italiaisraele.org\\\/?author=2\"}]}<\/script>\r\n<!-- \/ Yoast SEO plugin. -->","yoast_head_json":{"title":"OGGI ISRAELE CELEBRA LA GIORNATA DI GERUSALEMME - Federazione Associazioni Italia Israele","robots":{"index":"index","follow":"follow","max-snippet":"max-snippet:-1","max-image-preview":"max-image-preview:large","max-video-preview":"max-video-preview:-1"},"canonical":"https:\/\/www.italiaisraele.org\/?p=4190","og_locale":"it_IT","og_type":"article","og_title":"OGGI ISRAELE CELEBRA LA GIORNATA DI GERUSALEMME - Federazione Associazioni Italia Israele","og_description":"Gerusalemme, capitale di Israele, divisa durante la guerra di indipendenza del 1948, \u00e8 stata riunificata il 7 giugno 1967 &#8211; 28 di Iyar. Il 28 di Iyar cade quest&#8217;anno il 26 maggio. Allo scadere del mandato britannico, il 14 maggio 1948, e in conformit\u00e0 con la risoluzione delle Nazioni Unite del 29 novembre 1947, Israele [&hellip;]","og_url":"https:\/\/www.italiaisraele.org\/?p=4190","og_site_name":"Federazione Associazioni Italia Israele","article_publisher":"https:\/\/www.facebook.com\/Federazione.Associazioni.Italia.Israele","article_published_time":"2025-05-26T08:43:26+00:00","article_modified_time":"2025-05-26T08:43:35+00:00","og_image":[{"width":1280,"height":720,"url":"https:\/\/www.italiaisraele.org\/wp-content\/uploads\/2025\/05\/giornata-gerusalemme-2025.jpeg","type":"image\/jpeg"}],"author":"Redazione","twitter_card":"summary_large_image","twitter_misc":{"Scritto da":"Redazione","Tempo di lettura stimato":"3 minuti"},"schema":{"@context":"https:\/\/schema.org","@graph":[{"@type":"Article","@id":"https:\/\/www.italiaisraele.org\/?p=4190#article","isPartOf":{"@id":"https:\/\/www.italiaisraele.org\/?p=4190"},"author":{"name":"Redazione","@id":"https:\/\/www.italiaisraele.org\/#\/schema\/person\/a58663d7e92468eb3e7d158e016946cd"},"headline":"OGGI ISRAELE CELEBRA LA GIORNATA DI GERUSALEMME","datePublished":"2025-05-26T08:43:26+00:00","dateModified":"2025-05-26T08:43:35+00:00","mainEntityOfPage":{"@id":"https:\/\/www.italiaisraele.org\/?p=4190"},"wordCount":367,"commentCount":1,"publisher":{"@id":"https:\/\/www.italiaisraele.org\/#organization"},"image":{"@id":"https:\/\/www.italiaisraele.org\/?p=4190#primaryimage"},"thumbnailUrl":"https:\/\/www.italiaisraele.org\/wp-content\/uploads\/2025\/05\/giornata-gerusalemme-2025.jpeg","keywords":["Gerusalemme","Guerra dei sei giorni","Israele"],"articleSection":["Approfondimenti","Attualit\u00e0","La storia","News"],"inLanguage":"it-IT","potentialAction":[{"@type":"CommentAction","name":"Comment","target":["https:\/\/www.italiaisraele.org\/?p=4190#respond"]}]},{"@type":"WebPage","@id":"https:\/\/www.italiaisraele.org\/?p=4190","url":"https:\/\/www.italiaisraele.org\/?p=4190","name":"OGGI ISRAELE CELEBRA LA GIORNATA DI GERUSALEMME - Federazione Associazioni Italia Israele","isPartOf":{"@id":"https:\/\/www.italiaisraele.org\/#website"},"primaryImageOfPage":{"@id":"https:\/\/www.italiaisraele.org\/?p=4190#primaryimage"},"image":{"@id":"https:\/\/www.italiaisraele.org\/?p=4190#primaryimage"},"thumbnailUrl":"https:\/\/www.italiaisraele.org\/wp-content\/uploads\/2025\/05\/giornata-gerusalemme-2025.jpeg","datePublished":"2025-05-26T08:43:26+00:00","dateModified":"2025-05-26T08:43:35+00:00","breadcrumb":{"@id":"https:\/\/www.italiaisraele.org\/?p=4190#breadcrumb"},"inLanguage":"it-IT","potentialAction":[{"@type":"ReadAction","target":["https:\/\/www.italiaisraele.org\/?p=4190"]}]},{"@type":"ImageObject","inLanguage":"it-IT","@id":"https:\/\/www.italiaisraele.org\/?p=4190#primaryimage","url":"https:\/\/www.italiaisraele.org\/wp-content\/uploads\/2025\/05\/giornata-gerusalemme-2025.jpeg","contentUrl":"https:\/\/www.italiaisraele.org\/wp-content\/uploads\/2025\/05\/giornata-gerusalemme-2025.jpeg","width":1280,"height":720},{"@type":"BreadcrumbList","@id":"https:\/\/www.italiaisraele.org\/?p=4190#breadcrumb","itemListElement":[{"@type":"ListItem","position":1,"name":"Home","item":"https:\/\/www.italiaisraele.org\/"},{"@type":"ListItem","position":2,"name":"OGGI ISRAELE CELEBRA LA GIORNATA DI GERUSALEMME"}]},{"@type":"WebSite","@id":"https:\/\/www.italiaisraele.org\/#website","url":"https:\/\/www.italiaisraele.org\/","name":"News Italia - Israele","description":"Italia Israele Today - Magazine","publisher":{"@id":"https:\/\/www.italiaisraele.org\/#organization"},"potentialAction":[{"@type":"SearchAction","target":{"@type":"EntryPoint","urlTemplate":"https:\/\/www.italiaisraele.org\/?s={search_term_string}"},"query-input":{"@type":"PropertyValueSpecification","valueRequired":true,"valueName":"search_term_string"}}],"inLanguage":"it-IT"},{"@type":"Organization","@id":"https:\/\/www.italiaisraele.org\/#organization","name":"News Italia - Israele","url":"https:\/\/www.italiaisraele.org\/","logo":{"@type":"ImageObject","inLanguage":"it-IT","@id":"https:\/\/www.italiaisraele.org\/#\/schema\/logo\/image\/","url":"https:\/\/www.italiaisraele.org\/wp-content\/uploads\/2024\/02\/cropped-cropped-TESTATA-NEWS-2.jpg","contentUrl":"https:\/\/www.italiaisraele.org\/wp-content\/uploads\/2024\/02\/cropped-cropped-TESTATA-NEWS-2.jpg","width":1918,"height":291,"caption":"News Italia - Israele"},"image":{"@id":"https:\/\/www.italiaisraele.org\/#\/schema\/logo\/image\/"},"sameAs":["https:\/\/www.facebook.com\/Federazione.Associazioni.Italia.Israele"]},{"@type":"Person","@id":"https:\/\/www.italiaisraele.org\/#\/schema\/person\/a58663d7e92468eb3e7d158e016946cd","name":"Redazione","image":{"@type":"ImageObject","inLanguage":"it-IT","@id":"https:\/\/secure.gravatar.com\/avatar\/fe11715b332cc423bb3991a005da4d50b44647eec21b11abddd059d3deafc450?s=96&d=mm&r=g","url":"https:\/\/secure.gravatar.com\/avatar\/fe11715b332cc423bb3991a005da4d50b44647eec21b11abddd059d3deafc450?s=96&d=mm&r=g","contentUrl":"https:\/\/secure.gravatar.com\/avatar\/fe11715b332cc423bb3991a005da4d50b44647eec21b11abddd059d3deafc450?s=96&d=mm&r=g","caption":"Redazione"},"url":"https:\/\/www.italiaisraele.org\/?author=2"}]}},"_links":{"self":[{"href":"https:\/\/www.italiaisraele.org\/index.php?rest_route=\/wp\/v2\/posts\/4190","targetHints":{"allow":["GET"]}}],"collection":[{"href":"https:\/\/www.italiaisraele.org\/index.php?rest_route=\/wp\/v2\/posts"}],"about":[{"href":"https:\/\/www.italiaisraele.org\/index.php?rest_route=\/wp\/v2\/types\/post"}],"author":[{"embeddable":true,"href":"https:\/\/www.italiaisraele.org\/index.php?rest_route=\/wp\/v2\/users\/2"}],"replies":[{"embeddable":true,"href":"https:\/\/www.italiaisraele.org\/index.php?rest_route=%2Fwp%2Fv2%2Fcomments&post=4190"}],"version-history":[{"count":0,"href":"https:\/\/www.italiaisraele.org\/index.php?rest_route=\/wp\/v2\/posts\/4190\/revisions"}],"wp:featuredmedia":[{"embeddable":true,"href":"https:\/\/www.italiaisraele.org\/index.php?rest_route=\/wp\/v2\/media\/4191"}],"wp:attachment":[{"href":"https:\/\/www.italiaisraele.org\/index.php?rest_route=%2Fwp%2Fv2%2Fmedia&parent=4190"}],"wp:term":[{"taxonomy":"category","embeddable":true,"href":"https:\/\/www.italiaisraele.org\/index.php?rest_route=%2Fwp%2Fv2%2Fcategories&post=4190"},{"taxonomy":"post_tag","embeddable":true,"href":"https:\/\/www.italiaisraele.org\/index.php?rest_route=%2Fwp%2Fv2%2Ftags&post=4190"}],"curies":[{"name":"wp","href":"https:\/\/api.w.org\/{rel}","templated":true}]}}