{"id":4184,"date":"2025-05-26T10:26:43","date_gmt":"2025-05-26T08:26:43","guid":{"rendered":"https:\/\/www.italiaisraele.org\/?p=4184"},"modified":"2025-05-26T10:28:21","modified_gmt":"2025-05-26T08:28:21","slug":"a-proposito-di-cio-che-succede-a-gaza","status":"publish","type":"post","link":"https:\/\/www.italiaisraele.org\/?p=4184","title":{"rendered":"A proposito di ci\u00f2 che succede a Gaza"},"content":{"rendered":"<div class=\"wp-block-image\">\n<figure class=\"alignleft size-medium\"><img loading=\"lazy\" decoding=\"async\" width=\"298\" height=\"300\" src=\"https:\/\/www.italiaisraele.org\/wp-content\/uploads\/2025\/04\/Francesco-Speroni-298x300.jpeg\" alt=\"\" class=\"wp-image-4019\" srcset=\"https:\/\/www.italiaisraele.org\/wp-content\/uploads\/2025\/04\/Francesco-Speroni-298x300.jpeg 298w, https:\/\/www.italiaisraele.org\/wp-content\/uploads\/2025\/04\/Francesco-Speroni-150x150.jpeg 150w, https:\/\/www.italiaisraele.org\/wp-content\/uploads\/2025\/04\/Francesco-Speroni-768x773.jpeg 768w, https:\/\/www.italiaisraele.org\/wp-content\/uploads\/2025\/04\/Francesco-Speroni-600x604.jpeg 600w, https:\/\/www.italiaisraele.org\/wp-content\/uploads\/2025\/04\/Francesco-Speroni.jpeg 954w\" sizes=\"auto, (max-width: 298px) 100vw, 298px\" \/><\/figure>\n<\/div>\n\n\n<p>di&nbsp;<strong>Francesco Speroni<\/strong>*<\/p>\n\n\n\n<p>In questi ultimi mesi \u00e8 diventato sempre pi\u00f9 difficile parlare di Israele senza essere attaccati o etichettati. Non tanto per ci\u00f2 che accade realmente a Gaza, ma per come viene raccontato.<\/p>\n\n\n\n<p>La guerra \u00e8 reale, e come ogni guerra porta sofferenza, morte, anche tra i civili e tra i bambini. Si tratta sempre di una tragedia.<\/p>\n\n\n\n<p>Ma proprio per questo \u00e8 importante andare oltre le emozioni immediate e cercare di capire davvero.<\/p>\n\n\n\n<p>Troppa gente si fida di notizie superficiali o di narrazioni orientate. Si sente dire che Israele bombarda i bambini, come se quello fosse il suo obiettivo. Ma la realt\u00e0 \u00e8 molto pi\u00f9 complessa. E, troppo spesso, ignorata.<\/p>\n\n\n\n<p>Nel 2005 Israele si ritir\u00f2 completamente da Gaza e la consegn\u00f2 interamente ai palestinesi. Arrivarono miliardi in aiuti: Gaza poteva diventare una Singapore mediorientale. E invece? Quei fondi furono spesi in tunnel sotterranei, armi, razzi, depositi di bombe e munizioni. Hamas ha trasformato Gaza in una base militare a cielo aperto.<\/p>\n\n\n<div class=\"wp-block-image\">\n<figure class=\"aligncenter size-large\"><img loading=\"lazy\" decoding=\"async\" width=\"1024\" height=\"678\" src=\"https:\/\/www.italiaisraele.org\/wp-content\/uploads\/2025\/05\/231012-hamas-al-1247-66e3ca-1024x678.jpg\" alt=\"\" class=\"wp-image-4187\" srcset=\"https:\/\/www.italiaisraele.org\/wp-content\/uploads\/2025\/05\/231012-hamas-al-1247-66e3ca-1024x678.jpg 1024w, https:\/\/www.italiaisraele.org\/wp-content\/uploads\/2025\/05\/231012-hamas-al-1247-66e3ca-300x199.jpg 300w, https:\/\/www.italiaisraele.org\/wp-content\/uploads\/2025\/05\/231012-hamas-al-1247-66e3ca-768x508.jpg 768w, https:\/\/www.italiaisraele.org\/wp-content\/uploads\/2025\/05\/231012-hamas-al-1247-66e3ca-600x397.jpg 600w, https:\/\/www.italiaisraele.org\/wp-content\/uploads\/2025\/05\/231012-hamas-al-1247-66e3ca.jpg 1240w\" sizes=\"auto, (max-width: 1024px) 100vw, 1024px\" \/><\/figure>\n<\/div>\n\n\n<p>L&#8217;organizzazione terroristica palestinese usa i seminterrati e gli scantinati delle scuole, degli ospedali e dei condom\u00ecni come depositi di armi. Questo, anche dal punto di vista del diritto internazionale e della Convenzione di Ginevra, trasforma quegli obiettivi da civili a militari, rendendo quindi legittimo attaccarli, poich\u00e9 quei depositi contengono armi usate contro la popolazione civile di Israele e lo Stato ebraico ha tutto il diritto di difendersi. La Convenzione stabilisce anche che il crimine di guerra \u00e8 commesso, semmai, da chi utilizza edifici civili per scopi militari o gli stessi civili usati come scudi umani. Cio\u00e8 Hamas.<\/p>\n\n\n\n<p>Il 7 ottobre 2023 \u2013 un attacco feroce, deliberato e crudele contro civili israeliani, incluse donne e bambini \u2013 fu la dichiarazione di guerra di Hamas. E uno Stato ha il diritto-dovere di difendere i suoi cittadini.<\/p>\n\n\n\n<p>L&#8217;esercito israeliano \u2013 che conosco bene, perch\u00e9 ero l\u00ec a lavorare durante il \u201cdisengagement\u201d da Gaza nel 2005-2006, cos\u00ec come ero l\u00ec durante l&#8217;Operazione Piombo Fuso nel 2009, ancora a filmare per Rede Globo \u2013 fa di tutto per evitare vittime civili. Telefona agli abitanti, parlando in arabo, li avverte, concede loro il tempo per evacuare il deposito di armi sopra al quale vivono. Ma Hamas impedisce loro di uscire: circonda l&#8217;edificio e minaccia i propri &#8220;fratelli&#8221; palestinesi con il Kalashnikov. Se fuggono, vengono uccisi dagli stessi miliziani. Devono restare, perch\u00e9 Hamas vuole che diventino martiri di Allah.<\/p>\n\n\n\n<p>Ed \u00e8 esattamente questo che sta avvenendo a Gaza.<\/p>\n\n\n\n<p>Inoltre, \u00e8 importante sapere che i numeri delle vittime a Gaza vengono forniti esclusivamente da Hamas, usando per l&#8217;occasione la carta intestata del sedicente &#8220;ministero della salute&#8221;. In realt\u00e0, a Gaza non esiste alcun ministero della salute: esiste solo il clan terroristico-mafioso di Hamas, che controlla tutto \u2013 notizie, comunicati, propaganda.<\/p>\n\n\n\n<p>Hamas utilizza la menzogna come arma sistematica per manipolare l&#8217;opinione pubblica. Non possiamo considerare attendibili quei numeri. Anche i media internazionali spesso si limitano a riportarli senza alcun vero controllo, perpetuando cos\u00ec una narrazione distorta.<\/p>\n\n\n\n<p>Ci\u00f2 che sappiamo con certezza \u00e8 che Israele invia rifornimenti, medicine e alimenti agli abitanti di Gaza. Ma questi vengono sistematicamente sequestrati dai miliziani di Hamas, che hanno bisogno di una popolazione ancora pi\u00f9 stremata di quanto non lo sia gi\u00e0. Il tutto, naturalmente, in favore di telecamera.<\/p>\n\n\n\n<p>Un paio di giorni fa, un leader di Hamas ha dichiarato che &#8220;le donne di Gaza sapranno partorire nuovi martiri&#8221;. Ecco il livello di fanatismo e disumanit\u00e0 col quale abbiamo a che fare: vite umane sacrificate per fini ideologici e propagandistici, oltre che religiosi.&nbsp;<\/p>\n\n\n\n<p>Quando si guarda una guerra solo attraverso le immagini del dolore, si rischia di cadere in una trappola emotiva. E a quel punto \u00e8 facile finire per credere che Israele sia il mostro. Ma il mostro non \u00e8 chi si difende: \u00e8 chi usa i bambini come scudi e li manda al massacro invece di proteggerli. Il mostro \u00e8 Hamas.<\/p>\n\n\n\n<p>Chi non conosce questi dettagli rischia di giudicare male. E se tutti i giorni sente dire &#8211; incluso dal precedente Pontefice &#8211; che Israele bombarda i bambini, finisce magari per crederci. E poi nasce il boicottaggio, il ristorante che non vuole clienti israeliani. L\u2019antisemitismo strisciante torna alla carica e qualcuno scrive sui muri &#8220;Hitler aveva ragione&#8221;.&nbsp;<\/p>\n\n\n\n<p>Questo \u00e8 il prodotto dell&#8217;ignoranza derivata dalla disinformazione. E l&#8217;ignoranza non \u00e8 un&#8217;opinione: ma solo il terreno fertile dell&#8217;ingiustizia.&nbsp;<\/p>\n\n\n\n<p>Non dobbiamo dimenticare mai ci\u00f2 che disse lo sceicco del terrore Osama Bin Laden: &#8220;I nostri figli amano la morte come i vostri figli amano la vita&#8221;. La vera sfida \u00e8 tutta qui.&nbsp;<\/p>\n\n\n\n<hr class=\"wp-block-separator has-alpha-channel-opacity\"\/>\n\n\n\n<p>*<strong><em>Francesco Speroni<\/em><\/strong>&nbsp;<em>fino a pochi anni fa ha svolto l\u2019attivit\u00e0 di cameraman e editor. \u00c8 stato documentarista d\u2019arte per poi dedicarsi, a partire dal 2005, alle news, trasferendosi in Israele dove vi rimane quasi cinque anni lavorando soprattutto per Rede Globo.&nbsp;Dopo questo intenso periodo, si trasferisce prima in Giordania, poi nelle Filippine, dove vi rimane alcuni anni lavorando nella produzione cinematografica.&nbsp;<\/em><\/p>\n\n\n\n<p><em>E\u2019 il Coordinatore per la Versilia della Associazione Apuana Amici Italia Israele.<\/em><\/p>\n","protected":false},"excerpt":{"rendered":"<p>di&nbsp;Francesco Speroni* In questi ultimi mesi \u00e8 diventato sempre pi\u00f9 difficile parlare di Israele senza essere attaccati o etichettati. Non tanto per ci\u00f2 che accade realmente a Gaza, ma per come viene raccontato. La guerra \u00e8 reale, e come ogni guerra porta sofferenza, morte, anche tra i civili e tra i bambini. Si tratta sempre [&hellip;]<\/p>\n","protected":false},"author":2,"featured_media":4186,"comment_status":"open","ping_status":"open","sticky":false,"template":"","format":"standard","meta":{"iawp_total_views":194,"footnotes":""},"categories":[33,4,3,236,5],"tags":[18,13],"class_list":["post-4184","post","type-post","status-publish","format-standard","has-post-thumbnail","hentry","category-approfondimenti","category-attualita","category-cultura-e-societa","category-la-storia","category-news","tag-hamas","tag-israele"],"yoast_head":"<!-- This site is optimized with the Yoast SEO plugin v27.5 - https:\/\/yoast.com\/product\/yoast-seo-wordpress\/ -->\r\n<title>A proposito di ci\u00f2 che succede a Gaza - Federazione Associazioni Italia Israele<\/title>\r\n<meta name=\"robots\" content=\"index, follow, max-snippet:-1, max-image-preview:large, max-video-preview:-1\" \/>\r\n<link rel=\"canonical\" href=\"https:\/\/www.italiaisraele.org\/?p=4184\" \/>\r\n<meta property=\"og:locale\" content=\"it_IT\" \/>\r\n<meta property=\"og:type\" content=\"article\" \/>\r\n<meta property=\"og:title\" content=\"A proposito di ci\u00f2 che succede a Gaza - Federazione Associazioni Italia Israele\" \/>\r\n<meta property=\"og:description\" content=\"di&nbsp;Francesco Speroni* In questi ultimi mesi \u00e8 diventato sempre pi\u00f9 difficile parlare di Israele senza essere attaccati o etichettati. Non tanto per ci\u00f2 che accade realmente a Gaza, ma per come viene raccontato. La guerra \u00e8 reale, e come ogni guerra porta sofferenza, morte, anche tra i civili e tra i bambini. Si tratta sempre [&hellip;]\" \/>\r\n<meta property=\"og:url\" content=\"https:\/\/www.italiaisraele.org\/?p=4184\" \/>\r\n<meta property=\"og:site_name\" content=\"Federazione Associazioni Italia Israele\" \/>\r\n<meta property=\"article:publisher\" content=\"https:\/\/www.facebook.com\/Federazione.Associazioni.Italia.Israele\" \/>\r\n<meta property=\"article:published_time\" content=\"2025-05-26T08:26:43+00:00\" \/>\r\n<meta property=\"article:modified_time\" content=\"2025-05-26T08:28:21+00:00\" \/>\r\n<meta property=\"og:image\" content=\"https:\/\/www.italiaisraele.org\/wp-content\/uploads\/2025\/05\/hamas2.png\" \/>\r\n\t<meta property=\"og:image:width\" content=\"1200\" \/>\r\n\t<meta property=\"og:image:height\" content=\"800\" \/>\r\n\t<meta property=\"og:image:type\" content=\"image\/png\" \/>\r\n<meta name=\"author\" content=\"Redazione\" \/>\r\n<meta name=\"twitter:card\" content=\"summary_large_image\" \/>\r\n<meta name=\"twitter:label1\" content=\"Scritto da\" \/>\n\t<meta name=\"twitter:data1\" content=\"Redazione\" \/>\n\t<meta name=\"twitter:label2\" content=\"Tempo di lettura stimato\" \/>\n\t<meta name=\"twitter:data2\" content=\"5 minuti\" \/>\r\n<script type=\"application\/ld+json\" class=\"yoast-schema-graph\">{\"@context\":\"https:\\\/\\\/schema.org\",\"@graph\":[{\"@type\":\"Article\",\"@id\":\"https:\\\/\\\/www.italiaisraele.org\\\/?p=4184#article\",\"isPartOf\":{\"@id\":\"https:\\\/\\\/www.italiaisraele.org\\\/?p=4184\"},\"author\":{\"name\":\"Redazione\",\"@id\":\"https:\\\/\\\/www.italiaisraele.org\\\/#\\\/schema\\\/person\\\/a58663d7e92468eb3e7d158e016946cd\"},\"headline\":\"A proposito di ci\u00f2 che succede a Gaza\",\"datePublished\":\"2025-05-26T08:26:43+00:00\",\"dateModified\":\"2025-05-26T08:28:21+00:00\",\"mainEntityOfPage\":{\"@id\":\"https:\\\/\\\/www.italiaisraele.org\\\/?p=4184\"},\"wordCount\":828,\"commentCount\":2,\"publisher\":{\"@id\":\"https:\\\/\\\/www.italiaisraele.org\\\/#organization\"},\"image\":{\"@id\":\"https:\\\/\\\/www.italiaisraele.org\\\/?p=4184#primaryimage\"},\"thumbnailUrl\":\"https:\\\/\\\/www.italiaisraele.org\\\/wp-content\\\/uploads\\\/2025\\\/05\\\/hamas2.png\",\"keywords\":[\"hamas\",\"Israele\"],\"articleSection\":[\"Approfondimenti\",\"Attualit\u00e0\",\"Cultura e Societ\u00e0\",\"La storia\",\"News\"],\"inLanguage\":\"it-IT\",\"potentialAction\":[{\"@type\":\"CommentAction\",\"name\":\"Comment\",\"target\":[\"https:\\\/\\\/www.italiaisraele.org\\\/?p=4184#respond\"]}]},{\"@type\":\"WebPage\",\"@id\":\"https:\\\/\\\/www.italiaisraele.org\\\/?p=4184\",\"url\":\"https:\\\/\\\/www.italiaisraele.org\\\/?p=4184\",\"name\":\"A proposito di ci\u00f2 che succede a Gaza - Federazione Associazioni Italia Israele\",\"isPartOf\":{\"@id\":\"https:\\\/\\\/www.italiaisraele.org\\\/#website\"},\"primaryImageOfPage\":{\"@id\":\"https:\\\/\\\/www.italiaisraele.org\\\/?p=4184#primaryimage\"},\"image\":{\"@id\":\"https:\\\/\\\/www.italiaisraele.org\\\/?p=4184#primaryimage\"},\"thumbnailUrl\":\"https:\\\/\\\/www.italiaisraele.org\\\/wp-content\\\/uploads\\\/2025\\\/05\\\/hamas2.png\",\"datePublished\":\"2025-05-26T08:26:43+00:00\",\"dateModified\":\"2025-05-26T08:28:21+00:00\",\"breadcrumb\":{\"@id\":\"https:\\\/\\\/www.italiaisraele.org\\\/?p=4184#breadcrumb\"},\"inLanguage\":\"it-IT\",\"potentialAction\":[{\"@type\":\"ReadAction\",\"target\":[\"https:\\\/\\\/www.italiaisraele.org\\\/?p=4184\"]}]},{\"@type\":\"ImageObject\",\"inLanguage\":\"it-IT\",\"@id\":\"https:\\\/\\\/www.italiaisraele.org\\\/?p=4184#primaryimage\",\"url\":\"https:\\\/\\\/www.italiaisraele.org\\\/wp-content\\\/uploads\\\/2025\\\/05\\\/hamas2.png\",\"contentUrl\":\"https:\\\/\\\/www.italiaisraele.org\\\/wp-content\\\/uploads\\\/2025\\\/05\\\/hamas2.png\",\"width\":1200,\"height\":800},{\"@type\":\"BreadcrumbList\",\"@id\":\"https:\\\/\\\/www.italiaisraele.org\\\/?p=4184#breadcrumb\",\"itemListElement\":[{\"@type\":\"ListItem\",\"position\":1,\"name\":\"Home\",\"item\":\"https:\\\/\\\/www.italiaisraele.org\\\/\"},{\"@type\":\"ListItem\",\"position\":2,\"name\":\"A proposito di ci\u00f2 che succede a Gaza\"}]},{\"@type\":\"WebSite\",\"@id\":\"https:\\\/\\\/www.italiaisraele.org\\\/#website\",\"url\":\"https:\\\/\\\/www.italiaisraele.org\\\/\",\"name\":\"News Italia - Israele\",\"description\":\"Italia Israele Today - Magazine\",\"publisher\":{\"@id\":\"https:\\\/\\\/www.italiaisraele.org\\\/#organization\"},\"potentialAction\":[{\"@type\":\"SearchAction\",\"target\":{\"@type\":\"EntryPoint\",\"urlTemplate\":\"https:\\\/\\\/www.italiaisraele.org\\\/?s={search_term_string}\"},\"query-input\":{\"@type\":\"PropertyValueSpecification\",\"valueRequired\":true,\"valueName\":\"search_term_string\"}}],\"inLanguage\":\"it-IT\"},{\"@type\":\"Organization\",\"@id\":\"https:\\\/\\\/www.italiaisraele.org\\\/#organization\",\"name\":\"News Italia - Israele\",\"url\":\"https:\\\/\\\/www.italiaisraele.org\\\/\",\"logo\":{\"@type\":\"ImageObject\",\"inLanguage\":\"it-IT\",\"@id\":\"https:\\\/\\\/www.italiaisraele.org\\\/#\\\/schema\\\/logo\\\/image\\\/\",\"url\":\"https:\\\/\\\/www.italiaisraele.org\\\/wp-content\\\/uploads\\\/2024\\\/02\\\/cropped-cropped-TESTATA-NEWS-2.jpg\",\"contentUrl\":\"https:\\\/\\\/www.italiaisraele.org\\\/wp-content\\\/uploads\\\/2024\\\/02\\\/cropped-cropped-TESTATA-NEWS-2.jpg\",\"width\":1918,\"height\":291,\"caption\":\"News Italia - Israele\"},\"image\":{\"@id\":\"https:\\\/\\\/www.italiaisraele.org\\\/#\\\/schema\\\/logo\\\/image\\\/\"},\"sameAs\":[\"https:\\\/\\\/www.facebook.com\\\/Federazione.Associazioni.Italia.Israele\"]},{\"@type\":\"Person\",\"@id\":\"https:\\\/\\\/www.italiaisraele.org\\\/#\\\/schema\\\/person\\\/a58663d7e92468eb3e7d158e016946cd\",\"name\":\"Redazione\",\"image\":{\"@type\":\"ImageObject\",\"inLanguage\":\"it-IT\",\"@id\":\"https:\\\/\\\/secure.gravatar.com\\\/avatar\\\/fe11715b332cc423bb3991a005da4d50b44647eec21b11abddd059d3deafc450?s=96&d=mm&r=g\",\"url\":\"https:\\\/\\\/secure.gravatar.com\\\/avatar\\\/fe11715b332cc423bb3991a005da4d50b44647eec21b11abddd059d3deafc450?s=96&d=mm&r=g\",\"contentUrl\":\"https:\\\/\\\/secure.gravatar.com\\\/avatar\\\/fe11715b332cc423bb3991a005da4d50b44647eec21b11abddd059d3deafc450?s=96&d=mm&r=g\",\"caption\":\"Redazione\"},\"url\":\"https:\\\/\\\/www.italiaisraele.org\\\/?author=2\"}]}<\/script>\r\n<!-- \/ Yoast SEO plugin. -->","yoast_head_json":{"title":"A proposito di ci\u00f2 che succede a Gaza - Federazione Associazioni Italia Israele","robots":{"index":"index","follow":"follow","max-snippet":"max-snippet:-1","max-image-preview":"max-image-preview:large","max-video-preview":"max-video-preview:-1"},"canonical":"https:\/\/www.italiaisraele.org\/?p=4184","og_locale":"it_IT","og_type":"article","og_title":"A proposito di ci\u00f2 che succede a Gaza - Federazione Associazioni Italia Israele","og_description":"di&nbsp;Francesco Speroni* In questi ultimi mesi \u00e8 diventato sempre pi\u00f9 difficile parlare di Israele senza essere attaccati o etichettati. Non tanto per ci\u00f2 che accade realmente a Gaza, ma per come viene raccontato. La guerra \u00e8 reale, e come ogni guerra porta sofferenza, morte, anche tra i civili e tra i bambini. Si tratta sempre [&hellip;]","og_url":"https:\/\/www.italiaisraele.org\/?p=4184","og_site_name":"Federazione Associazioni Italia Israele","article_publisher":"https:\/\/www.facebook.com\/Federazione.Associazioni.Italia.Israele","article_published_time":"2025-05-26T08:26:43+00:00","article_modified_time":"2025-05-26T08:28:21+00:00","og_image":[{"width":1200,"height":800,"url":"https:\/\/www.italiaisraele.org\/wp-content\/uploads\/2025\/05\/hamas2.png","type":"image\/png"}],"author":"Redazione","twitter_card":"summary_large_image","twitter_misc":{"Scritto da":"Redazione","Tempo di lettura stimato":"5 minuti"},"schema":{"@context":"https:\/\/schema.org","@graph":[{"@type":"Article","@id":"https:\/\/www.italiaisraele.org\/?p=4184#article","isPartOf":{"@id":"https:\/\/www.italiaisraele.org\/?p=4184"},"author":{"name":"Redazione","@id":"https:\/\/www.italiaisraele.org\/#\/schema\/person\/a58663d7e92468eb3e7d158e016946cd"},"headline":"A proposito di ci\u00f2 che succede a Gaza","datePublished":"2025-05-26T08:26:43+00:00","dateModified":"2025-05-26T08:28:21+00:00","mainEntityOfPage":{"@id":"https:\/\/www.italiaisraele.org\/?p=4184"},"wordCount":828,"commentCount":2,"publisher":{"@id":"https:\/\/www.italiaisraele.org\/#organization"},"image":{"@id":"https:\/\/www.italiaisraele.org\/?p=4184#primaryimage"},"thumbnailUrl":"https:\/\/www.italiaisraele.org\/wp-content\/uploads\/2025\/05\/hamas2.png","keywords":["hamas","Israele"],"articleSection":["Approfondimenti","Attualit\u00e0","Cultura e Societ\u00e0","La storia","News"],"inLanguage":"it-IT","potentialAction":[{"@type":"CommentAction","name":"Comment","target":["https:\/\/www.italiaisraele.org\/?p=4184#respond"]}]},{"@type":"WebPage","@id":"https:\/\/www.italiaisraele.org\/?p=4184","url":"https:\/\/www.italiaisraele.org\/?p=4184","name":"A proposito di ci\u00f2 che succede a Gaza - Federazione Associazioni Italia Israele","isPartOf":{"@id":"https:\/\/www.italiaisraele.org\/#website"},"primaryImageOfPage":{"@id":"https:\/\/www.italiaisraele.org\/?p=4184#primaryimage"},"image":{"@id":"https:\/\/www.italiaisraele.org\/?p=4184#primaryimage"},"thumbnailUrl":"https:\/\/www.italiaisraele.org\/wp-content\/uploads\/2025\/05\/hamas2.png","datePublished":"2025-05-26T08:26:43+00:00","dateModified":"2025-05-26T08:28:21+00:00","breadcrumb":{"@id":"https:\/\/www.italiaisraele.org\/?p=4184#breadcrumb"},"inLanguage":"it-IT","potentialAction":[{"@type":"ReadAction","target":["https:\/\/www.italiaisraele.org\/?p=4184"]}]},{"@type":"ImageObject","inLanguage":"it-IT","@id":"https:\/\/www.italiaisraele.org\/?p=4184#primaryimage","url":"https:\/\/www.italiaisraele.org\/wp-content\/uploads\/2025\/05\/hamas2.png","contentUrl":"https:\/\/www.italiaisraele.org\/wp-content\/uploads\/2025\/05\/hamas2.png","width":1200,"height":800},{"@type":"BreadcrumbList","@id":"https:\/\/www.italiaisraele.org\/?p=4184#breadcrumb","itemListElement":[{"@type":"ListItem","position":1,"name":"Home","item":"https:\/\/www.italiaisraele.org\/"},{"@type":"ListItem","position":2,"name":"A proposito di ci\u00f2 che succede a Gaza"}]},{"@type":"WebSite","@id":"https:\/\/www.italiaisraele.org\/#website","url":"https:\/\/www.italiaisraele.org\/","name":"News Italia - Israele","description":"Italia Israele Today - Magazine","publisher":{"@id":"https:\/\/www.italiaisraele.org\/#organization"},"potentialAction":[{"@type":"SearchAction","target":{"@type":"EntryPoint","urlTemplate":"https:\/\/www.italiaisraele.org\/?s={search_term_string}"},"query-input":{"@type":"PropertyValueSpecification","valueRequired":true,"valueName":"search_term_string"}}],"inLanguage":"it-IT"},{"@type":"Organization","@id":"https:\/\/www.italiaisraele.org\/#organization","name":"News Italia - Israele","url":"https:\/\/www.italiaisraele.org\/","logo":{"@type":"ImageObject","inLanguage":"it-IT","@id":"https:\/\/www.italiaisraele.org\/#\/schema\/logo\/image\/","url":"https:\/\/www.italiaisraele.org\/wp-content\/uploads\/2024\/02\/cropped-cropped-TESTATA-NEWS-2.jpg","contentUrl":"https:\/\/www.italiaisraele.org\/wp-content\/uploads\/2024\/02\/cropped-cropped-TESTATA-NEWS-2.jpg","width":1918,"height":291,"caption":"News Italia - Israele"},"image":{"@id":"https:\/\/www.italiaisraele.org\/#\/schema\/logo\/image\/"},"sameAs":["https:\/\/www.facebook.com\/Federazione.Associazioni.Italia.Israele"]},{"@type":"Person","@id":"https:\/\/www.italiaisraele.org\/#\/schema\/person\/a58663d7e92468eb3e7d158e016946cd","name":"Redazione","image":{"@type":"ImageObject","inLanguage":"it-IT","@id":"https:\/\/secure.gravatar.com\/avatar\/fe11715b332cc423bb3991a005da4d50b44647eec21b11abddd059d3deafc450?s=96&d=mm&r=g","url":"https:\/\/secure.gravatar.com\/avatar\/fe11715b332cc423bb3991a005da4d50b44647eec21b11abddd059d3deafc450?s=96&d=mm&r=g","contentUrl":"https:\/\/secure.gravatar.com\/avatar\/fe11715b332cc423bb3991a005da4d50b44647eec21b11abddd059d3deafc450?s=96&d=mm&r=g","caption":"Redazione"},"url":"https:\/\/www.italiaisraele.org\/?author=2"}]}},"_links":{"self":[{"href":"https:\/\/www.italiaisraele.org\/index.php?rest_route=\/wp\/v2\/posts\/4184","targetHints":{"allow":["GET"]}}],"collection":[{"href":"https:\/\/www.italiaisraele.org\/index.php?rest_route=\/wp\/v2\/posts"}],"about":[{"href":"https:\/\/www.italiaisraele.org\/index.php?rest_route=\/wp\/v2\/types\/post"}],"author":[{"embeddable":true,"href":"https:\/\/www.italiaisraele.org\/index.php?rest_route=\/wp\/v2\/users\/2"}],"replies":[{"embeddable":true,"href":"https:\/\/www.italiaisraele.org\/index.php?rest_route=%2Fwp%2Fv2%2Fcomments&post=4184"}],"version-history":[{"count":0,"href":"https:\/\/www.italiaisraele.org\/index.php?rest_route=\/wp\/v2\/posts\/4184\/revisions"}],"wp:featuredmedia":[{"embeddable":true,"href":"https:\/\/www.italiaisraele.org\/index.php?rest_route=\/wp\/v2\/media\/4186"}],"wp:attachment":[{"href":"https:\/\/www.italiaisraele.org\/index.php?rest_route=%2Fwp%2Fv2%2Fmedia&parent=4184"}],"wp:term":[{"taxonomy":"category","embeddable":true,"href":"https:\/\/www.italiaisraele.org\/index.php?rest_route=%2Fwp%2Fv2%2Fcategories&post=4184"},{"taxonomy":"post_tag","embeddable":true,"href":"https:\/\/www.italiaisraele.org\/index.php?rest_route=%2Fwp%2Fv2%2Ftags&post=4184"}],"curies":[{"name":"wp","href":"https:\/\/api.w.org\/{rel}","templated":true}]}}