{"id":4176,"date":"2025-05-19T21:21:33","date_gmt":"2025-05-19T19:21:33","guid":{"rendered":"https:\/\/www.italiaisraele.org\/?p=4176"},"modified":"2025-05-19T21:21:41","modified_gmt":"2025-05-19T19:21:41","slug":"yuval-ha-cantato-con-gli-angeli","status":"publish","type":"post","link":"https:\/\/www.italiaisraele.org\/?p=4176","title":{"rendered":"Yuval ha cantato con gli Angeli"},"content":{"rendered":"\n<p>di <em>Ruben Della Rocca<\/em><\/p>\n\n\n\n<p>Da quando nel 1973 \u00e8 cominciata la partecipazione di Israele all\u2019Eurosong Contest con l\u2019ammissione al concorso dell\u2019IBA,Israel Broadcasting Authority entrata nel consesso dell\u2019UBA,Unione Europea di radiodiffusione, con quella di ieri si \u00e8 compiuta la 46esima presenza alla gara canora.<br>Partecipazione di Israele che fin dagli inizi, immancabilmente, scaten\u00f2 le proteste di Egitto e Siria e successivamente della Turchia,che non partecip\u00f2 all\u2019edizione del 1979 dopo la prima vittoria israeliana, nell\u2019edizione precedente, con \u201c<em>A-Ba-Ni-Bi<\/em>\u201ddi Itzak Cohen &amp; Alphabeta.<br>Una vittoria che diede diritto al paese vincitore di organizzare il Contest successivo nella sua capitale Gerusalemme.<br>\u00c8 l\u00ec si verific\u00f2 la seconda vittoria con il brano \u201cHalleluya\u201ddi Gali Matari e Milk&amp;Honey,canzone che venne esportata dalla compagnia aerea di bandiera israeliana El Al,usata come sigla dei suoi voli nei vari continenti. Israele ha poi vinto ancora l\u2019Eurosong nel 1998 con la canzone \u201cDiva\u201d di Dana International e nel 2018 con la frizzantissima Netta, che con il brano Toy fece ballare il pubblico di Lisbona con un testo dedicato alla forza delle donne nell\u2019affrontare il mondo maschilista.<br>Come nel 1983 quando la splendida e compianta Ofra Haza con il suo \u201cHai\u201d,arrivando seconda,celebro\u2019la vita del popolo ebraico con il suo refrain \u201c<em>Am Israel Hai<\/em>\u201d,il popolo di Israele vive,per Yuval ieri sera a Basilea lo stesso grido al termine della sua spettacolare esibizione nell\u2019arena di Basilea.<br>\u201cAm Israel hai\u201d \u00e8 stato il suo urlo che \u00e8 un inno alla vita, al coraggio con il quale ha saputo affrontare chi odia lei e gli ebrei, all\u2019amore e alla forza di chi, come lei, quel maledetto 7 ottobre 2023 ha saputo aggrapparsi all\u2019esistenza fingendosi morta per ore sotto pile di cadaveri di suoi coetanei sterminati al Nova Festival dai nazisti islamisti di Hamas.Yuval \u00e8 una sopravvissuta alla strage di quel giorno.<br>Un odio che abbiamo visto plasticamente ripetuto per le strade della citt\u00e0 svizzera.<br>La citt\u00e0 dove tutto inizi\u00f2 per il suo paese,nel 1897,con il congresso sionista di Basilea che getto\u2019le basi per la rinascita dello Stato di Israele. Yuval ha celebrato Theodor Herzl padre del sionismo politico con una foto celeberrima ritratta in una posa dal balcone da dove il visionario giornalista austriaco contemplava quel futuro che per lui si riassunse nella frase \u201dse lo vorrete non sar\u00e0 un sogno\u201d, il risorgimento di una patria ebraica.E quel sogno si avver\u00f2 nel 1948.<br>Ieri sera a cantare con Yuval \u201cNew day will rise\u201dc\u2019erano 1200 angeli,le anime di chi \u00e8 state assassinato e ha subito le violenze atroci del 7 ottobre e la sua voce \u00e8 penetrata nei cuori di tutte le persone intellettualmente oneste,ebree e non ebree. Il suo secondo posto \u00e8 una vittoria morale senza precedenti perch\u00e9 \u00e8 la celebrazione della vita, sua e della sua gente, di quei milioni che ieri sera erano virtualmente a Basilea con lei a sostenerla con amore per lei e per quel miracolo di paese che \u00e8 Israele.<br>Grazie Yuval, tu hai ragione: Am Israel Hai. Sempre e comunque.<\/p>\n\n\n\n<p>*<em>Ofcs.report<\/em><\/p>\n","protected":false},"excerpt":{"rendered":"<p>di Ruben Della Rocca Da quando nel 1973 \u00e8 cominciata la partecipazione di Israele all\u2019Eurosong Contest con l\u2019ammissione al concorso dell\u2019IBA,Israel Broadcasting Authority entrata nel consesso dell\u2019UBA,Unione Europea di radiodiffusione, con quella di ieri si \u00e8 compiuta la 46esima presenza alla gara canora.Partecipazione di Israele che fin dagli inizi, immancabilmente, scaten\u00f2 le proteste di Egitto [&hellip;]<\/p>\n","protected":false},"author":4,"featured_media":4177,"comment_status":"open","ping_status":"open","sticky":false,"template":"","format":"standard","meta":{"iawp_total_views":1,"footnotes":""},"categories":[3],"tags":[79,802,13,800],"class_list":["post-4176","post","type-post","status-publish","format-standard","has-post-thumbnail","hentry","category-cultura-e-societa","tag-7-ottobre","tag-eurofestival","tag-israele","tag-yuval-raphael"],"yoast_head":"<!-- This site is optimized with the Yoast SEO plugin v27.5 - https:\/\/yoast.com\/product\/yoast-seo-wordpress\/ -->\r\n<title>Yuval ha cantato con gli Angeli - Federazione Associazioni Italia Israele<\/title>\r\n<meta name=\"robots\" content=\"index, follow, max-snippet:-1, max-image-preview:large, max-video-preview:-1\" \/>\r\n<link rel=\"canonical\" href=\"https:\/\/www.italiaisraele.org\/?p=4176\" \/>\r\n<meta property=\"og:locale\" content=\"it_IT\" \/>\r\n<meta property=\"og:type\" content=\"article\" \/>\r\n<meta property=\"og:title\" content=\"Yuval ha cantato con gli Angeli - Federazione Associazioni Italia Israele\" \/>\r\n<meta property=\"og:description\" content=\"di Ruben Della Rocca Da quando nel 1973 \u00e8 cominciata la partecipazione di Israele all\u2019Eurosong Contest con l\u2019ammissione al concorso dell\u2019IBA,Israel Broadcasting Authority entrata nel consesso dell\u2019UBA,Unione Europea di radiodiffusione, con quella di ieri si \u00e8 compiuta la 46esima presenza alla gara canora.Partecipazione di Israele che fin dagli inizi, immancabilmente, scaten\u00f2 le proteste di Egitto [&hellip;]\" \/>\r\n<meta property=\"og:url\" content=\"https:\/\/www.italiaisraele.org\/?p=4176\" \/>\r\n<meta property=\"og:site_name\" content=\"Federazione Associazioni Italia Israele\" \/>\r\n<meta property=\"article:publisher\" content=\"https:\/\/www.facebook.com\/Federazione.Associazioni.Italia.Israele\" \/>\r\n<meta property=\"article:published_time\" content=\"2025-05-19T19:21:33+00:00\" \/>\r\n<meta property=\"article:modified_time\" content=\"2025-05-19T19:21:41+00:00\" \/>\r\n<meta property=\"og:image\" content=\"https:\/\/www.italiaisraele.org\/wp-content\/uploads\/2025\/05\/d0a22d56-146d-439b-8067-e161a414d58d.jpeg\" \/>\r\n\t<meta property=\"og:image:width\" content=\"1920\" \/>\r\n\t<meta property=\"og:image:height\" content=\"1080\" \/>\r\n\t<meta property=\"og:image:type\" content=\"image\/jpeg\" \/>\r\n<meta name=\"author\" content=\"Giuseppe Crimaldi\" \/>\r\n<meta name=\"twitter:card\" content=\"summary_large_image\" \/>\r\n<meta name=\"twitter:label1\" content=\"Scritto da\" \/>\n\t<meta name=\"twitter:data1\" content=\"Giuseppe Crimaldi\" \/>\n\t<meta name=\"twitter:label2\" content=\"Tempo di lettura stimato\" \/>\n\t<meta name=\"twitter:data2\" content=\"3 minuti\" \/>\r\n<script type=\"application\/ld+json\" class=\"yoast-schema-graph\">{\"@context\":\"https:\\\/\\\/schema.org\",\"@graph\":[{\"@type\":\"Article\",\"@id\":\"https:\\\/\\\/www.italiaisraele.org\\\/?p=4176#article\",\"isPartOf\":{\"@id\":\"https:\\\/\\\/www.italiaisraele.org\\\/?p=4176\"},\"author\":{\"name\":\"Giuseppe Crimaldi\",\"@id\":\"https:\\\/\\\/www.italiaisraele.org\\\/#\\\/schema\\\/person\\\/7784c17a23e6ef9cb737f3192f043fab\"},\"headline\":\"Yuval ha cantato con gli Angeli\",\"datePublished\":\"2025-05-19T19:21:33+00:00\",\"dateModified\":\"2025-05-19T19:21:41+00:00\",\"mainEntityOfPage\":{\"@id\":\"https:\\\/\\\/www.italiaisraele.org\\\/?p=4176\"},\"wordCount\":511,\"commentCount\":2,\"publisher\":{\"@id\":\"https:\\\/\\\/www.italiaisraele.org\\\/#organization\"},\"image\":{\"@id\":\"https:\\\/\\\/www.italiaisraele.org\\\/?p=4176#primaryimage\"},\"thumbnailUrl\":\"https:\\\/\\\/www.italiaisraele.org\\\/wp-content\\\/uploads\\\/2025\\\/05\\\/d0a22d56-146d-439b-8067-e161a414d58d.jpeg\",\"keywords\":[\"7 ottobre\",\"Eurofestival\",\"Israele\",\"Yuval Raphael\"],\"articleSection\":[\"Cultura e Societ\u00e0\"],\"inLanguage\":\"it-IT\",\"potentialAction\":[{\"@type\":\"CommentAction\",\"name\":\"Comment\",\"target\":[\"https:\\\/\\\/www.italiaisraele.org\\\/?p=4176#respond\"]}]},{\"@type\":\"WebPage\",\"@id\":\"https:\\\/\\\/www.italiaisraele.org\\\/?p=4176\",\"url\":\"https:\\\/\\\/www.italiaisraele.org\\\/?p=4176\",\"name\":\"Yuval ha cantato con gli Angeli - Federazione Associazioni Italia Israele\",\"isPartOf\":{\"@id\":\"https:\\\/\\\/www.italiaisraele.org\\\/#website\"},\"primaryImageOfPage\":{\"@id\":\"https:\\\/\\\/www.italiaisraele.org\\\/?p=4176#primaryimage\"},\"image\":{\"@id\":\"https:\\\/\\\/www.italiaisraele.org\\\/?p=4176#primaryimage\"},\"thumbnailUrl\":\"https:\\\/\\\/www.italiaisraele.org\\\/wp-content\\\/uploads\\\/2025\\\/05\\\/d0a22d56-146d-439b-8067-e161a414d58d.jpeg\",\"datePublished\":\"2025-05-19T19:21:33+00:00\",\"dateModified\":\"2025-05-19T19:21:41+00:00\",\"breadcrumb\":{\"@id\":\"https:\\\/\\\/www.italiaisraele.org\\\/?p=4176#breadcrumb\"},\"inLanguage\":\"it-IT\",\"potentialAction\":[{\"@type\":\"ReadAction\",\"target\":[\"https:\\\/\\\/www.italiaisraele.org\\\/?p=4176\"]}]},{\"@type\":\"ImageObject\",\"inLanguage\":\"it-IT\",\"@id\":\"https:\\\/\\\/www.italiaisraele.org\\\/?p=4176#primaryimage\",\"url\":\"https:\\\/\\\/www.italiaisraele.org\\\/wp-content\\\/uploads\\\/2025\\\/05\\\/d0a22d56-146d-439b-8067-e161a414d58d.jpeg\",\"contentUrl\":\"https:\\\/\\\/www.italiaisraele.org\\\/wp-content\\\/uploads\\\/2025\\\/05\\\/d0a22d56-146d-439b-8067-e161a414d58d.jpeg\",\"width\":1920,\"height\":1080},{\"@type\":\"BreadcrumbList\",\"@id\":\"https:\\\/\\\/www.italiaisraele.org\\\/?p=4176#breadcrumb\",\"itemListElement\":[{\"@type\":\"ListItem\",\"position\":1,\"name\":\"Home\",\"item\":\"https:\\\/\\\/www.italiaisraele.org\\\/\"},{\"@type\":\"ListItem\",\"position\":2,\"name\":\"Yuval ha cantato con gli Angeli\"}]},{\"@type\":\"WebSite\",\"@id\":\"https:\\\/\\\/www.italiaisraele.org\\\/#website\",\"url\":\"https:\\\/\\\/www.italiaisraele.org\\\/\",\"name\":\"News Italia - Israele\",\"description\":\"Italia Israele Today - Magazine\",\"publisher\":{\"@id\":\"https:\\\/\\\/www.italiaisraele.org\\\/#organization\"},\"potentialAction\":[{\"@type\":\"SearchAction\",\"target\":{\"@type\":\"EntryPoint\",\"urlTemplate\":\"https:\\\/\\\/www.italiaisraele.org\\\/?s={search_term_string}\"},\"query-input\":{\"@type\":\"PropertyValueSpecification\",\"valueRequired\":true,\"valueName\":\"search_term_string\"}}],\"inLanguage\":\"it-IT\"},{\"@type\":\"Organization\",\"@id\":\"https:\\\/\\\/www.italiaisraele.org\\\/#organization\",\"name\":\"News Italia - Israele\",\"url\":\"https:\\\/\\\/www.italiaisraele.org\\\/\",\"logo\":{\"@type\":\"ImageObject\",\"inLanguage\":\"it-IT\",\"@id\":\"https:\\\/\\\/www.italiaisraele.org\\\/#\\\/schema\\\/logo\\\/image\\\/\",\"url\":\"https:\\\/\\\/www.italiaisraele.org\\\/wp-content\\\/uploads\\\/2024\\\/02\\\/cropped-cropped-TESTATA-NEWS-2.jpg\",\"contentUrl\":\"https:\\\/\\\/www.italiaisraele.org\\\/wp-content\\\/uploads\\\/2024\\\/02\\\/cropped-cropped-TESTATA-NEWS-2.jpg\",\"width\":1918,\"height\":291,\"caption\":\"News Italia - Israele\"},\"image\":{\"@id\":\"https:\\\/\\\/www.italiaisraele.org\\\/#\\\/schema\\\/logo\\\/image\\\/\"},\"sameAs\":[\"https:\\\/\\\/www.facebook.com\\\/Federazione.Associazioni.Italia.Israele\"]},{\"@type\":\"Person\",\"@id\":\"https:\\\/\\\/www.italiaisraele.org\\\/#\\\/schema\\\/person\\\/7784c17a23e6ef9cb737f3192f043fab\",\"name\":\"Giuseppe Crimaldi\",\"image\":{\"@type\":\"ImageObject\",\"inLanguage\":\"it-IT\",\"@id\":\"https:\\\/\\\/secure.gravatar.com\\\/avatar\\\/a6ddf67481d5d5efef9847e6f4c99a77e7129e93382ea6de1e9ea96b8deec707?s=96&d=mm&r=g\",\"url\":\"https:\\\/\\\/secure.gravatar.com\\\/avatar\\\/a6ddf67481d5d5efef9847e6f4c99a77e7129e93382ea6de1e9ea96b8deec707?s=96&d=mm&r=g\",\"contentUrl\":\"https:\\\/\\\/secure.gravatar.com\\\/avatar\\\/a6ddf67481d5d5efef9847e6f4c99a77e7129e93382ea6de1e9ea96b8deec707?s=96&d=mm&r=g\",\"caption\":\"Giuseppe Crimaldi\"},\"url\":\"https:\\\/\\\/www.italiaisraele.org\\\/?author=4\"}]}<\/script>\r\n<!-- \/ Yoast SEO plugin. -->","yoast_head_json":{"title":"Yuval ha cantato con gli Angeli - Federazione Associazioni Italia Israele","robots":{"index":"index","follow":"follow","max-snippet":"max-snippet:-1","max-image-preview":"max-image-preview:large","max-video-preview":"max-video-preview:-1"},"canonical":"https:\/\/www.italiaisraele.org\/?p=4176","og_locale":"it_IT","og_type":"article","og_title":"Yuval ha cantato con gli Angeli - Federazione Associazioni Italia Israele","og_description":"di Ruben Della Rocca Da quando nel 1973 \u00e8 cominciata la partecipazione di Israele all\u2019Eurosong Contest con l\u2019ammissione al concorso dell\u2019IBA,Israel Broadcasting Authority entrata nel consesso dell\u2019UBA,Unione Europea di radiodiffusione, con quella di ieri si \u00e8 compiuta la 46esima presenza alla gara canora.Partecipazione di Israele che fin dagli inizi, immancabilmente, scaten\u00f2 le proteste di Egitto [&hellip;]","og_url":"https:\/\/www.italiaisraele.org\/?p=4176","og_site_name":"Federazione Associazioni Italia Israele","article_publisher":"https:\/\/www.facebook.com\/Federazione.Associazioni.Italia.Israele","article_published_time":"2025-05-19T19:21:33+00:00","article_modified_time":"2025-05-19T19:21:41+00:00","og_image":[{"width":1920,"height":1080,"url":"https:\/\/www.italiaisraele.org\/wp-content\/uploads\/2025\/05\/d0a22d56-146d-439b-8067-e161a414d58d.jpeg","type":"image\/jpeg"}],"author":"Giuseppe Crimaldi","twitter_card":"summary_large_image","twitter_misc":{"Scritto da":"Giuseppe Crimaldi","Tempo di lettura stimato":"3 minuti"},"schema":{"@context":"https:\/\/schema.org","@graph":[{"@type":"Article","@id":"https:\/\/www.italiaisraele.org\/?p=4176#article","isPartOf":{"@id":"https:\/\/www.italiaisraele.org\/?p=4176"},"author":{"name":"Giuseppe Crimaldi","@id":"https:\/\/www.italiaisraele.org\/#\/schema\/person\/7784c17a23e6ef9cb737f3192f043fab"},"headline":"Yuval ha cantato con gli Angeli","datePublished":"2025-05-19T19:21:33+00:00","dateModified":"2025-05-19T19:21:41+00:00","mainEntityOfPage":{"@id":"https:\/\/www.italiaisraele.org\/?p=4176"},"wordCount":511,"commentCount":2,"publisher":{"@id":"https:\/\/www.italiaisraele.org\/#organization"},"image":{"@id":"https:\/\/www.italiaisraele.org\/?p=4176#primaryimage"},"thumbnailUrl":"https:\/\/www.italiaisraele.org\/wp-content\/uploads\/2025\/05\/d0a22d56-146d-439b-8067-e161a414d58d.jpeg","keywords":["7 ottobre","Eurofestival","Israele","Yuval Raphael"],"articleSection":["Cultura e Societ\u00e0"],"inLanguage":"it-IT","potentialAction":[{"@type":"CommentAction","name":"Comment","target":["https:\/\/www.italiaisraele.org\/?p=4176#respond"]}]},{"@type":"WebPage","@id":"https:\/\/www.italiaisraele.org\/?p=4176","url":"https:\/\/www.italiaisraele.org\/?p=4176","name":"Yuval ha cantato con gli Angeli - Federazione Associazioni Italia Israele","isPartOf":{"@id":"https:\/\/www.italiaisraele.org\/#website"},"primaryImageOfPage":{"@id":"https:\/\/www.italiaisraele.org\/?p=4176#primaryimage"},"image":{"@id":"https:\/\/www.italiaisraele.org\/?p=4176#primaryimage"},"thumbnailUrl":"https:\/\/www.italiaisraele.org\/wp-content\/uploads\/2025\/05\/d0a22d56-146d-439b-8067-e161a414d58d.jpeg","datePublished":"2025-05-19T19:21:33+00:00","dateModified":"2025-05-19T19:21:41+00:00","breadcrumb":{"@id":"https:\/\/www.italiaisraele.org\/?p=4176#breadcrumb"},"inLanguage":"it-IT","potentialAction":[{"@type":"ReadAction","target":["https:\/\/www.italiaisraele.org\/?p=4176"]}]},{"@type":"ImageObject","inLanguage":"it-IT","@id":"https:\/\/www.italiaisraele.org\/?p=4176#primaryimage","url":"https:\/\/www.italiaisraele.org\/wp-content\/uploads\/2025\/05\/d0a22d56-146d-439b-8067-e161a414d58d.jpeg","contentUrl":"https:\/\/www.italiaisraele.org\/wp-content\/uploads\/2025\/05\/d0a22d56-146d-439b-8067-e161a414d58d.jpeg","width":1920,"height":1080},{"@type":"BreadcrumbList","@id":"https:\/\/www.italiaisraele.org\/?p=4176#breadcrumb","itemListElement":[{"@type":"ListItem","position":1,"name":"Home","item":"https:\/\/www.italiaisraele.org\/"},{"@type":"ListItem","position":2,"name":"Yuval ha cantato con gli Angeli"}]},{"@type":"WebSite","@id":"https:\/\/www.italiaisraele.org\/#website","url":"https:\/\/www.italiaisraele.org\/","name":"News Italia - Israele","description":"Italia Israele Today - Magazine","publisher":{"@id":"https:\/\/www.italiaisraele.org\/#organization"},"potentialAction":[{"@type":"SearchAction","target":{"@type":"EntryPoint","urlTemplate":"https:\/\/www.italiaisraele.org\/?s={search_term_string}"},"query-input":{"@type":"PropertyValueSpecification","valueRequired":true,"valueName":"search_term_string"}}],"inLanguage":"it-IT"},{"@type":"Organization","@id":"https:\/\/www.italiaisraele.org\/#organization","name":"News Italia - Israele","url":"https:\/\/www.italiaisraele.org\/","logo":{"@type":"ImageObject","inLanguage":"it-IT","@id":"https:\/\/www.italiaisraele.org\/#\/schema\/logo\/image\/","url":"https:\/\/www.italiaisraele.org\/wp-content\/uploads\/2024\/02\/cropped-cropped-TESTATA-NEWS-2.jpg","contentUrl":"https:\/\/www.italiaisraele.org\/wp-content\/uploads\/2024\/02\/cropped-cropped-TESTATA-NEWS-2.jpg","width":1918,"height":291,"caption":"News Italia - Israele"},"image":{"@id":"https:\/\/www.italiaisraele.org\/#\/schema\/logo\/image\/"},"sameAs":["https:\/\/www.facebook.com\/Federazione.Associazioni.Italia.Israele"]},{"@type":"Person","@id":"https:\/\/www.italiaisraele.org\/#\/schema\/person\/7784c17a23e6ef9cb737f3192f043fab","name":"Giuseppe Crimaldi","image":{"@type":"ImageObject","inLanguage":"it-IT","@id":"https:\/\/secure.gravatar.com\/avatar\/a6ddf67481d5d5efef9847e6f4c99a77e7129e93382ea6de1e9ea96b8deec707?s=96&d=mm&r=g","url":"https:\/\/secure.gravatar.com\/avatar\/a6ddf67481d5d5efef9847e6f4c99a77e7129e93382ea6de1e9ea96b8deec707?s=96&d=mm&r=g","contentUrl":"https:\/\/secure.gravatar.com\/avatar\/a6ddf67481d5d5efef9847e6f4c99a77e7129e93382ea6de1e9ea96b8deec707?s=96&d=mm&r=g","caption":"Giuseppe Crimaldi"},"url":"https:\/\/www.italiaisraele.org\/?author=4"}]}},"_links":{"self":[{"href":"https:\/\/www.italiaisraele.org\/index.php?rest_route=\/wp\/v2\/posts\/4176","targetHints":{"allow":["GET"]}}],"collection":[{"href":"https:\/\/www.italiaisraele.org\/index.php?rest_route=\/wp\/v2\/posts"}],"about":[{"href":"https:\/\/www.italiaisraele.org\/index.php?rest_route=\/wp\/v2\/types\/post"}],"author":[{"embeddable":true,"href":"https:\/\/www.italiaisraele.org\/index.php?rest_route=\/wp\/v2\/users\/4"}],"replies":[{"embeddable":true,"href":"https:\/\/www.italiaisraele.org\/index.php?rest_route=%2Fwp%2Fv2%2Fcomments&post=4176"}],"version-history":[{"count":0,"href":"https:\/\/www.italiaisraele.org\/index.php?rest_route=\/wp\/v2\/posts\/4176\/revisions"}],"wp:featuredmedia":[{"embeddable":true,"href":"https:\/\/www.italiaisraele.org\/index.php?rest_route=\/wp\/v2\/media\/4177"}],"wp:attachment":[{"href":"https:\/\/www.italiaisraele.org\/index.php?rest_route=%2Fwp%2Fv2%2Fmedia&parent=4176"}],"wp:term":[{"taxonomy":"category","embeddable":true,"href":"https:\/\/www.italiaisraele.org\/index.php?rest_route=%2Fwp%2Fv2%2Fcategories&post=4176"},{"taxonomy":"post_tag","embeddable":true,"href":"https:\/\/www.italiaisraele.org\/index.php?rest_route=%2Fwp%2Fv2%2Ftags&post=4176"}],"curies":[{"name":"wp","href":"https:\/\/api.w.org\/{rel}","templated":true}]}}