{"id":4116,"date":"2025-05-05T12:33:26","date_gmt":"2025-05-05T10:33:26","guid":{"rendered":"https:\/\/www.italiaisraele.org\/?p=4116"},"modified":"2025-05-07T12:19:15","modified_gmt":"2025-05-07T10:19:15","slug":"napoli-cena-con-gli-israeliani-allontanati-dalla-propal","status":"publish","type":"post","link":"https:\/\/www.italiaisraele.org\/?p=4116","title":{"rendered":"Napoli, cena con gli israeliani allontanati dalla propal"},"content":{"rendered":"\n<p>Napoli \u00e8 citt\u00e0 dell&#8217;accoglienza, e lo \u00e8 con tutti. Senza discriminare nessuno. E&#8217; il messaggio lanciato dalle tre associazioni Italia Israele del capoluogo campano ieri sera, quando a Geula e Raul Moses &#8211; protagonisti involontari di un episodio che definire squallido e opaco \u00e8 solo un eufemismo &#8211; \u00e8 stata offerta una cena in una nota pizzeria del Vomero.<\/p>\n\n\n\n<p>Erano in tanti ad abbracciare i due israeliani allontanati dalla titolare di un ristorante del centro storico perch\u00e9 accusati di essere cittadini di una nazione definita &#8220;genocida&#8221; e &#8220;di apartheid&#8221; (un leit-motiv che conosciamo bene, purtroppo): iscritti, ma anche cittadini che hanno voluto esprimere la loro solidariet\u00e0 per il duro trattamento sub\u00ecto da chi &#8211; per vocazione, ma anche per dovere di legge &#8211; se fa il ristoratore deve farlo con professionalit\u00e0 e correttezza sempre. E con tutti. Invece cos\u00ec non \u00e8 stato: immaginatevi cosa sarebbe successo a parti inverse: se cio\u00e8 una coppia di palestinesi si fossero seduti al tavolo di una locanda per poi essere additati come terroristi di Hamas per il sol fatto di essere palestinesi.<\/p>\n\n\n\n<figure class=\"wp-block-image size-large\"><img loading=\"lazy\" decoding=\"async\" width=\"1024\" height=\"768\" src=\"https:\/\/www.italiaisraele.org\/wp-content\/uploads\/2025\/05\/e90a58da-d09d-40f2-89a7-eb26f9a508cf-1024x768.jpg\" alt=\"\" class=\"wp-image-4119\" srcset=\"https:\/\/www.italiaisraele.org\/wp-content\/uploads\/2025\/05\/e90a58da-d09d-40f2-89a7-eb26f9a508cf-1024x768.jpg 1024w, https:\/\/www.italiaisraele.org\/wp-content\/uploads\/2025\/05\/e90a58da-d09d-40f2-89a7-eb26f9a508cf-300x225.jpg 300w, https:\/\/www.italiaisraele.org\/wp-content\/uploads\/2025\/05\/e90a58da-d09d-40f2-89a7-eb26f9a508cf-768x576.jpg 768w, https:\/\/www.italiaisraele.org\/wp-content\/uploads\/2025\/05\/e90a58da-d09d-40f2-89a7-eb26f9a508cf-1536x1152.jpg 1536w, https:\/\/www.italiaisraele.org\/wp-content\/uploads\/2025\/05\/e90a58da-d09d-40f2-89a7-eb26f9a508cf-600x450.jpg 600w, https:\/\/www.italiaisraele.org\/wp-content\/uploads\/2025\/05\/e90a58da-d09d-40f2-89a7-eb26f9a508cf.jpg 2048w\" sizes=\"auto, (max-width: 1024px) 100vw, 1024px\" \/><\/figure>\n\n\n\n<p>Una pagina vergognosa che la citt\u00e0 di Napoli non merita, sebbene a cavalcarla, adesso, siano i soliti noti: inutile fare nomi, anche perch\u00e9 questi attori co-protagonisti cercano una pubblicit\u00e0 che almeno da noi non avranno.<\/p>\n\n\n\n<p>Viva la Napoli della tolleranza, viva Israele, e viva la libert\u00e0.<\/p>\n","protected":false},"excerpt":{"rendered":"<p>Napoli \u00e8 citt\u00e0 dell&#8217;accoglienza, e lo \u00e8 con tutti. Senza discriminare nessuno. E&#8217; il messaggio lanciato dalle tre associazioni Italia Israele del capoluogo campano ieri sera, quando a Geula e Raul Moses &#8211; protagonisti involontari di un episodio che definire squallido e opaco \u00e8 solo un eufemismo &#8211; \u00e8 stata offerta una cena in una [&hellip;]<\/p>\n","protected":false},"author":4,"featured_media":4034,"comment_status":"open","ping_status":"open","sticky":false,"template":"","format":"standard","meta":{"iawp_total_views":934,"footnotes":""},"categories":[4,15],"tags":[40,71,787],"class_list":["post-4116","post","type-post","status-publish","format-standard","has-post-thumbnail","hentry","category-attualita","category-news-associazioni","tag-antisemitismo","tag-napoli","tag-turisti-israeliani"],"yoast_head":"<!-- This site is optimized with the Yoast SEO plugin v27.5 - https:\/\/yoast.com\/product\/yoast-seo-wordpress\/ -->\r\n<title>Napoli, cena con gli israeliani allontanati dalla propal - Federazione Associazioni Italia Israele<\/title>\r\n<meta name=\"robots\" content=\"index, follow, max-snippet:-1, max-image-preview:large, max-video-preview:-1\" \/>\r\n<link rel=\"canonical\" href=\"https:\/\/www.italiaisraele.org\/?p=4116\" \/>\r\n<meta property=\"og:locale\" content=\"it_IT\" \/>\r\n<meta property=\"og:type\" content=\"article\" \/>\r\n<meta property=\"og:title\" content=\"Napoli, cena con gli israeliani allontanati dalla propal - Federazione Associazioni Italia Israele\" \/>\r\n<meta property=\"og:description\" content=\"Napoli \u00e8 citt\u00e0 dell&#8217;accoglienza, e lo \u00e8 con tutti. Senza discriminare nessuno. E&#8217; il messaggio lanciato dalle tre associazioni Italia Israele del capoluogo campano ieri sera, quando a Geula e Raul Moses &#8211; protagonisti involontari di un episodio che definire squallido e opaco \u00e8 solo un eufemismo &#8211; \u00e8 stata offerta una cena in una [&hellip;]\" \/>\r\n<meta property=\"og:url\" content=\"https:\/\/www.italiaisraele.org\/?p=4116\" \/>\r\n<meta property=\"og:site_name\" content=\"Federazione Associazioni Italia Israele\" \/>\r\n<meta property=\"article:publisher\" content=\"https:\/\/www.facebook.com\/Federazione.Associazioni.Italia.Israele\" \/>\r\n<meta property=\"article:published_time\" content=\"2025-05-05T10:33:26+00:00\" \/>\r\n<meta property=\"article:modified_time\" content=\"2025-05-07T10:19:15+00:00\" \/>\r\n<meta property=\"og:image\" content=\"https:\/\/www.italiaisraele.org\/wp-content\/uploads\/2025\/04\/WhatsApp-Image-2025-04-21-at-13.53.36.jpeg\" \/>\r\n\t<meta property=\"og:image:width\" content=\"1600\" \/>\r\n\t<meta property=\"og:image:height\" content=\"407\" \/>\r\n\t<meta property=\"og:image:type\" content=\"image\/jpeg\" \/>\r\n<meta name=\"author\" content=\"Giuseppe Crimaldi\" \/>\r\n<meta name=\"twitter:card\" content=\"summary_large_image\" \/>\r\n<meta name=\"twitter:label1\" content=\"Scritto da\" \/>\n\t<meta name=\"twitter:data1\" content=\"Giuseppe Crimaldi\" \/>\n\t<meta name=\"twitter:label2\" content=\"Tempo di lettura stimato\" \/>\n\t<meta name=\"twitter:data2\" content=\"2 minuti\" \/>\r\n<script type=\"application\/ld+json\" class=\"yoast-schema-graph\">{\"@context\":\"https:\\\/\\\/schema.org\",\"@graph\":[{\"@type\":\"Article\",\"@id\":\"https:\\\/\\\/www.italiaisraele.org\\\/?p=4116#article\",\"isPartOf\":{\"@id\":\"https:\\\/\\\/www.italiaisraele.org\\\/?p=4116\"},\"author\":{\"name\":\"Giuseppe Crimaldi\",\"@id\":\"https:\\\/\\\/www.italiaisraele.org\\\/#\\\/schema\\\/person\\\/7784c17a23e6ef9cb737f3192f043fab\"},\"headline\":\"Napoli, cena con gli israeliani allontanati dalla propal\",\"datePublished\":\"2025-05-05T10:33:26+00:00\",\"dateModified\":\"2025-05-07T10:19:15+00:00\",\"mainEntityOfPage\":{\"@id\":\"https:\\\/\\\/www.italiaisraele.org\\\/?p=4116\"},\"wordCount\":229,\"commentCount\":3,\"publisher\":{\"@id\":\"https:\\\/\\\/www.italiaisraele.org\\\/#organization\"},\"image\":{\"@id\":\"https:\\\/\\\/www.italiaisraele.org\\\/?p=4116#primaryimage\"},\"thumbnailUrl\":\"https:\\\/\\\/www.italiaisraele.org\\\/wp-content\\\/uploads\\\/2025\\\/04\\\/WhatsApp-Image-2025-04-21-at-13.53.36.jpeg\",\"keywords\":[\"Antisemitismo\",\"Napoli\",\"turisti israeliani\"],\"articleSection\":[\"Attualit\u00e0\",\"News Associazioni\"],\"inLanguage\":\"it-IT\",\"potentialAction\":[{\"@type\":\"CommentAction\",\"name\":\"Comment\",\"target\":[\"https:\\\/\\\/www.italiaisraele.org\\\/?p=4116#respond\"]}]},{\"@type\":\"WebPage\",\"@id\":\"https:\\\/\\\/www.italiaisraele.org\\\/?p=4116\",\"url\":\"https:\\\/\\\/www.italiaisraele.org\\\/?p=4116\",\"name\":\"Napoli, cena con gli israeliani allontanati dalla propal - Federazione Associazioni Italia Israele\",\"isPartOf\":{\"@id\":\"https:\\\/\\\/www.italiaisraele.org\\\/#website\"},\"primaryImageOfPage\":{\"@id\":\"https:\\\/\\\/www.italiaisraele.org\\\/?p=4116#primaryimage\"},\"image\":{\"@id\":\"https:\\\/\\\/www.italiaisraele.org\\\/?p=4116#primaryimage\"},\"thumbnailUrl\":\"https:\\\/\\\/www.italiaisraele.org\\\/wp-content\\\/uploads\\\/2025\\\/04\\\/WhatsApp-Image-2025-04-21-at-13.53.36.jpeg\",\"datePublished\":\"2025-05-05T10:33:26+00:00\",\"dateModified\":\"2025-05-07T10:19:15+00:00\",\"breadcrumb\":{\"@id\":\"https:\\\/\\\/www.italiaisraele.org\\\/?p=4116#breadcrumb\"},\"inLanguage\":\"it-IT\",\"potentialAction\":[{\"@type\":\"ReadAction\",\"target\":[\"https:\\\/\\\/www.italiaisraele.org\\\/?p=4116\"]}]},{\"@type\":\"ImageObject\",\"inLanguage\":\"it-IT\",\"@id\":\"https:\\\/\\\/www.italiaisraele.org\\\/?p=4116#primaryimage\",\"url\":\"https:\\\/\\\/www.italiaisraele.org\\\/wp-content\\\/uploads\\\/2025\\\/04\\\/WhatsApp-Image-2025-04-21-at-13.53.36.jpeg\",\"contentUrl\":\"https:\\\/\\\/www.italiaisraele.org\\\/wp-content\\\/uploads\\\/2025\\\/04\\\/WhatsApp-Image-2025-04-21-at-13.53.36.jpeg\",\"width\":1600,\"height\":407},{\"@type\":\"BreadcrumbList\",\"@id\":\"https:\\\/\\\/www.italiaisraele.org\\\/?p=4116#breadcrumb\",\"itemListElement\":[{\"@type\":\"ListItem\",\"position\":1,\"name\":\"Home\",\"item\":\"https:\\\/\\\/www.italiaisraele.org\\\/\"},{\"@type\":\"ListItem\",\"position\":2,\"name\":\"Napoli, cena con gli israeliani allontanati dalla propal\"}]},{\"@type\":\"WebSite\",\"@id\":\"https:\\\/\\\/www.italiaisraele.org\\\/#website\",\"url\":\"https:\\\/\\\/www.italiaisraele.org\\\/\",\"name\":\"News Italia - Israele\",\"description\":\"Italia Israele Today - Magazine\",\"publisher\":{\"@id\":\"https:\\\/\\\/www.italiaisraele.org\\\/#organization\"},\"potentialAction\":[{\"@type\":\"SearchAction\",\"target\":{\"@type\":\"EntryPoint\",\"urlTemplate\":\"https:\\\/\\\/www.italiaisraele.org\\\/?s={search_term_string}\"},\"query-input\":{\"@type\":\"PropertyValueSpecification\",\"valueRequired\":true,\"valueName\":\"search_term_string\"}}],\"inLanguage\":\"it-IT\"},{\"@type\":\"Organization\",\"@id\":\"https:\\\/\\\/www.italiaisraele.org\\\/#organization\",\"name\":\"News Italia - Israele\",\"url\":\"https:\\\/\\\/www.italiaisraele.org\\\/\",\"logo\":{\"@type\":\"ImageObject\",\"inLanguage\":\"it-IT\",\"@id\":\"https:\\\/\\\/www.italiaisraele.org\\\/#\\\/schema\\\/logo\\\/image\\\/\",\"url\":\"https:\\\/\\\/www.italiaisraele.org\\\/wp-content\\\/uploads\\\/2024\\\/02\\\/cropped-cropped-TESTATA-NEWS-2.jpg\",\"contentUrl\":\"https:\\\/\\\/www.italiaisraele.org\\\/wp-content\\\/uploads\\\/2024\\\/02\\\/cropped-cropped-TESTATA-NEWS-2.jpg\",\"width\":1918,\"height\":291,\"caption\":\"News Italia - Israele\"},\"image\":{\"@id\":\"https:\\\/\\\/www.italiaisraele.org\\\/#\\\/schema\\\/logo\\\/image\\\/\"},\"sameAs\":[\"https:\\\/\\\/www.facebook.com\\\/Federazione.Associazioni.Italia.Israele\"]},{\"@type\":\"Person\",\"@id\":\"https:\\\/\\\/www.italiaisraele.org\\\/#\\\/schema\\\/person\\\/7784c17a23e6ef9cb737f3192f043fab\",\"name\":\"Giuseppe Crimaldi\",\"image\":{\"@type\":\"ImageObject\",\"inLanguage\":\"it-IT\",\"@id\":\"https:\\\/\\\/secure.gravatar.com\\\/avatar\\\/a6ddf67481d5d5efef9847e6f4c99a77e7129e93382ea6de1e9ea96b8deec707?s=96&d=mm&r=g\",\"url\":\"https:\\\/\\\/secure.gravatar.com\\\/avatar\\\/a6ddf67481d5d5efef9847e6f4c99a77e7129e93382ea6de1e9ea96b8deec707?s=96&d=mm&r=g\",\"contentUrl\":\"https:\\\/\\\/secure.gravatar.com\\\/avatar\\\/a6ddf67481d5d5efef9847e6f4c99a77e7129e93382ea6de1e9ea96b8deec707?s=96&d=mm&r=g\",\"caption\":\"Giuseppe Crimaldi\"},\"url\":\"https:\\\/\\\/www.italiaisraele.org\\\/?author=4\"}]}<\/script>\r\n<!-- \/ Yoast SEO plugin. -->","yoast_head_json":{"title":"Napoli, cena con gli israeliani allontanati dalla propal - Federazione Associazioni Italia Israele","robots":{"index":"index","follow":"follow","max-snippet":"max-snippet:-1","max-image-preview":"max-image-preview:large","max-video-preview":"max-video-preview:-1"},"canonical":"https:\/\/www.italiaisraele.org\/?p=4116","og_locale":"it_IT","og_type":"article","og_title":"Napoli, cena con gli israeliani allontanati dalla propal - Federazione Associazioni Italia Israele","og_description":"Napoli \u00e8 citt\u00e0 dell&#8217;accoglienza, e lo \u00e8 con tutti. Senza discriminare nessuno. E&#8217; il messaggio lanciato dalle tre associazioni Italia Israele del capoluogo campano ieri sera, quando a Geula e Raul Moses &#8211; protagonisti involontari di un episodio che definire squallido e opaco \u00e8 solo un eufemismo &#8211; \u00e8 stata offerta una cena in una [&hellip;]","og_url":"https:\/\/www.italiaisraele.org\/?p=4116","og_site_name":"Federazione Associazioni Italia Israele","article_publisher":"https:\/\/www.facebook.com\/Federazione.Associazioni.Italia.Israele","article_published_time":"2025-05-05T10:33:26+00:00","article_modified_time":"2025-05-07T10:19:15+00:00","og_image":[{"width":1600,"height":407,"url":"https:\/\/www.italiaisraele.org\/wp-content\/uploads\/2025\/04\/WhatsApp-Image-2025-04-21-at-13.53.36.jpeg","type":"image\/jpeg"}],"author":"Giuseppe Crimaldi","twitter_card":"summary_large_image","twitter_misc":{"Scritto da":"Giuseppe Crimaldi","Tempo di lettura stimato":"2 minuti"},"schema":{"@context":"https:\/\/schema.org","@graph":[{"@type":"Article","@id":"https:\/\/www.italiaisraele.org\/?p=4116#article","isPartOf":{"@id":"https:\/\/www.italiaisraele.org\/?p=4116"},"author":{"name":"Giuseppe Crimaldi","@id":"https:\/\/www.italiaisraele.org\/#\/schema\/person\/7784c17a23e6ef9cb737f3192f043fab"},"headline":"Napoli, cena con gli israeliani allontanati dalla propal","datePublished":"2025-05-05T10:33:26+00:00","dateModified":"2025-05-07T10:19:15+00:00","mainEntityOfPage":{"@id":"https:\/\/www.italiaisraele.org\/?p=4116"},"wordCount":229,"commentCount":3,"publisher":{"@id":"https:\/\/www.italiaisraele.org\/#organization"},"image":{"@id":"https:\/\/www.italiaisraele.org\/?p=4116#primaryimage"},"thumbnailUrl":"https:\/\/www.italiaisraele.org\/wp-content\/uploads\/2025\/04\/WhatsApp-Image-2025-04-21-at-13.53.36.jpeg","keywords":["Antisemitismo","Napoli","turisti israeliani"],"articleSection":["Attualit\u00e0","News Associazioni"],"inLanguage":"it-IT","potentialAction":[{"@type":"CommentAction","name":"Comment","target":["https:\/\/www.italiaisraele.org\/?p=4116#respond"]}]},{"@type":"WebPage","@id":"https:\/\/www.italiaisraele.org\/?p=4116","url":"https:\/\/www.italiaisraele.org\/?p=4116","name":"Napoli, cena con gli israeliani allontanati dalla propal - Federazione Associazioni Italia Israele","isPartOf":{"@id":"https:\/\/www.italiaisraele.org\/#website"},"primaryImageOfPage":{"@id":"https:\/\/www.italiaisraele.org\/?p=4116#primaryimage"},"image":{"@id":"https:\/\/www.italiaisraele.org\/?p=4116#primaryimage"},"thumbnailUrl":"https:\/\/www.italiaisraele.org\/wp-content\/uploads\/2025\/04\/WhatsApp-Image-2025-04-21-at-13.53.36.jpeg","datePublished":"2025-05-05T10:33:26+00:00","dateModified":"2025-05-07T10:19:15+00:00","breadcrumb":{"@id":"https:\/\/www.italiaisraele.org\/?p=4116#breadcrumb"},"inLanguage":"it-IT","potentialAction":[{"@type":"ReadAction","target":["https:\/\/www.italiaisraele.org\/?p=4116"]}]},{"@type":"ImageObject","inLanguage":"it-IT","@id":"https:\/\/www.italiaisraele.org\/?p=4116#primaryimage","url":"https:\/\/www.italiaisraele.org\/wp-content\/uploads\/2025\/04\/WhatsApp-Image-2025-04-21-at-13.53.36.jpeg","contentUrl":"https:\/\/www.italiaisraele.org\/wp-content\/uploads\/2025\/04\/WhatsApp-Image-2025-04-21-at-13.53.36.jpeg","width":1600,"height":407},{"@type":"BreadcrumbList","@id":"https:\/\/www.italiaisraele.org\/?p=4116#breadcrumb","itemListElement":[{"@type":"ListItem","position":1,"name":"Home","item":"https:\/\/www.italiaisraele.org\/"},{"@type":"ListItem","position":2,"name":"Napoli, cena con gli israeliani allontanati dalla propal"}]},{"@type":"WebSite","@id":"https:\/\/www.italiaisraele.org\/#website","url":"https:\/\/www.italiaisraele.org\/","name":"News Italia - Israele","description":"Italia Israele Today - Magazine","publisher":{"@id":"https:\/\/www.italiaisraele.org\/#organization"},"potentialAction":[{"@type":"SearchAction","target":{"@type":"EntryPoint","urlTemplate":"https:\/\/www.italiaisraele.org\/?s={search_term_string}"},"query-input":{"@type":"PropertyValueSpecification","valueRequired":true,"valueName":"search_term_string"}}],"inLanguage":"it-IT"},{"@type":"Organization","@id":"https:\/\/www.italiaisraele.org\/#organization","name":"News Italia - Israele","url":"https:\/\/www.italiaisraele.org\/","logo":{"@type":"ImageObject","inLanguage":"it-IT","@id":"https:\/\/www.italiaisraele.org\/#\/schema\/logo\/image\/","url":"https:\/\/www.italiaisraele.org\/wp-content\/uploads\/2024\/02\/cropped-cropped-TESTATA-NEWS-2.jpg","contentUrl":"https:\/\/www.italiaisraele.org\/wp-content\/uploads\/2024\/02\/cropped-cropped-TESTATA-NEWS-2.jpg","width":1918,"height":291,"caption":"News Italia - Israele"},"image":{"@id":"https:\/\/www.italiaisraele.org\/#\/schema\/logo\/image\/"},"sameAs":["https:\/\/www.facebook.com\/Federazione.Associazioni.Italia.Israele"]},{"@type":"Person","@id":"https:\/\/www.italiaisraele.org\/#\/schema\/person\/7784c17a23e6ef9cb737f3192f043fab","name":"Giuseppe Crimaldi","image":{"@type":"ImageObject","inLanguage":"it-IT","@id":"https:\/\/secure.gravatar.com\/avatar\/a6ddf67481d5d5efef9847e6f4c99a77e7129e93382ea6de1e9ea96b8deec707?s=96&d=mm&r=g","url":"https:\/\/secure.gravatar.com\/avatar\/a6ddf67481d5d5efef9847e6f4c99a77e7129e93382ea6de1e9ea96b8deec707?s=96&d=mm&r=g","contentUrl":"https:\/\/secure.gravatar.com\/avatar\/a6ddf67481d5d5efef9847e6f4c99a77e7129e93382ea6de1e9ea96b8deec707?s=96&d=mm&r=g","caption":"Giuseppe Crimaldi"},"url":"https:\/\/www.italiaisraele.org\/?author=4"}]}},"_links":{"self":[{"href":"https:\/\/www.italiaisraele.org\/index.php?rest_route=\/wp\/v2\/posts\/4116","targetHints":{"allow":["GET"]}}],"collection":[{"href":"https:\/\/www.italiaisraele.org\/index.php?rest_route=\/wp\/v2\/posts"}],"about":[{"href":"https:\/\/www.italiaisraele.org\/index.php?rest_route=\/wp\/v2\/types\/post"}],"author":[{"embeddable":true,"href":"https:\/\/www.italiaisraele.org\/index.php?rest_route=\/wp\/v2\/users\/4"}],"replies":[{"embeddable":true,"href":"https:\/\/www.italiaisraele.org\/index.php?rest_route=%2Fwp%2Fv2%2Fcomments&post=4116"}],"version-history":[{"count":0,"href":"https:\/\/www.italiaisraele.org\/index.php?rest_route=\/wp\/v2\/posts\/4116\/revisions"}],"wp:featuredmedia":[{"embeddable":true,"href":"https:\/\/www.italiaisraele.org\/index.php?rest_route=\/wp\/v2\/media\/4034"}],"wp:attachment":[{"href":"https:\/\/www.italiaisraele.org\/index.php?rest_route=%2Fwp%2Fv2%2Fmedia&parent=4116"}],"wp:term":[{"taxonomy":"category","embeddable":true,"href":"https:\/\/www.italiaisraele.org\/index.php?rest_route=%2Fwp%2Fv2%2Fcategories&post=4116"},{"taxonomy":"post_tag","embeddable":true,"href":"https:\/\/www.italiaisraele.org\/index.php?rest_route=%2Fwp%2Fv2%2Ftags&post=4116"}],"curies":[{"name":"wp","href":"https:\/\/api.w.org\/{rel}","templated":true}]}}