{"id":4094,"date":"2025-05-02T21:06:51","date_gmt":"2025-05-02T19:06:51","guid":{"rendered":"https:\/\/www.italiaisraele.org\/?p=4094"},"modified":"2025-05-02T21:06:59","modified_gmt":"2025-05-02T19:06:59","slug":"linconscio-tossico-la-morte-del-papa-e-il-pregiudizio-eterno-sugli-ebrei-italiani","status":"publish","type":"post","link":"https:\/\/www.italiaisraele.org\/?p=4094","title":{"rendered":"L\u2019inconscio tossico: la morte del Papa e il pregiudizio eterno sugli ebrei italiani"},"content":{"rendered":"\n<p>di <em>Anita Likmeta*<\/em><\/p>\n\n\n\n<p><strong><em>Riprendiamo questo bell&#8217;articolo che spiega magistralmente molte cose che diamo per scontate o crediamo (spesso erroneamente) di sapere gi\u00e0<\/em><\/strong>.<\/p>\n\n\n\n<p>C\u2019\u00e8 una notizia falsa che circola da ore, una di quelle che non serve siano vere: basta che sembrino verosimili alle persone giuste. Riguarda la comunit\u00e0 ebraica di Roma e la sua presunta decisione di non partecipare al lutto per la morte di papa Francesco. La motivazione \u2013 cos\u00ec si sostiene \u2013 sarebbe l\u2019assenza di una posizione sufficientemente netta del pontefice a favore di Israele. Naturalmente \u00e8 una menzogna. Ma non \u00e8 questo il punto. Il punto \u00e8 che viene creduta con una rapidit\u00e0 che non sorprende pi\u00f9. Il punto \u00e8 il bisogno che questa bugia soddisfa.<br>In Italia, l\u2019antisemitismo non ha mai avuto bisogno di prove. Gli \u00e8 bastata, e continua a bastare, una piccola scintilla: un sospetto, una frase, un gesto attribuito, una colpa ereditata. Non ha la brutalit\u00e0 esplicita di altri tempi, ma ha la pervasivit\u00e0 di una patologia che ha trovato nuovi sintomi. Non serve pi\u00f9 urlare: basta indicare. Basta insinuare. Basta condividere un post. \u00c8 un antisemitismo delegato: a un algoritmo, a un commento, a una reazione automatica. Si presenta con il tono basso della cronaca, ma porta ancora l\u2019odore del capro espiatorio.<br>Nel marzo 2023, un grande striscione con il volto insanguinato di Benjamin Netanyahu e la scritta \u00abStop Genocide\u00bb \u00e8 stato affisso su un ponte che guarda direttamente verso la Sinagoga di Roma. Non all\u2019ambasciata israeliana. Non davanti a una sede istituzionale. Ma di fronte a un luogo di culto. Un gesto simbolico, profondamente consapevole, che non colpiva una linea politica ma un\u2019appartenenza religiosa. Era un messaggio: l\u2019ebreo italiano, il fedele, il rabbino, la comunit\u00e0 intera \u2013 sono corresponsabili. \u00c8 cos\u00ec che si coltiva il sospetto: mescolando corpi e simboli, credenze e potere, fino a rendere ogni identit\u00e0 ebraica pubblicamente inquisibile.<\/p>\n\n\n\n<p>E il sospetto \u00e8 sempre il primo sintomo. Perch\u00e9 nella cultura europea \u2013 e italiana in particolare \u2013 l\u2019ebreo \u00e8 spesso percepito come eccessivamente presente o colpevolmente silenzioso. Troppo visibile o insufficientemente schierato. Mai semplicemente cittadino. <strong>L\u2019antisemitismo moderno si muove proprio in questa tensione: nell\u2019impossibilit\u00e0 concessa agli ebrei di esistere senza essere spiegati.<\/strong><\/p>\n","protected":false},"excerpt":{"rendered":"<p>di Anita Likmeta* Riprendiamo questo bell&#8217;articolo che spiega magistralmente molte cose che diamo per scontate o crediamo (spesso erroneamente) di sapere gi\u00e0. C\u2019\u00e8 una notizia falsa che circola da ore, una di quelle che non serve siano vere: basta che sembrino verosimili alle persone giuste. Riguarda la comunit\u00e0 ebraica di Roma e la sua presunta [&hellip;]<\/p>\n","protected":false},"author":2,"featured_media":4095,"comment_status":"open","ping_status":"open","sticky":false,"template":"","format":"standard","meta":{"iawp_total_views":119,"footnotes":""},"categories":[33],"tags":[40,42,109,31],"class_list":["post-4094","post","type-post","status-publish","format-standard","has-post-thumbnail","hentry","category-approfondimenti","tag-antisemitismo","tag-ebrei","tag-fake-news","tag-italia"],"yoast_head":"<!-- This site is optimized with the Yoast SEO plugin v27.5 - https:\/\/yoast.com\/product\/yoast-seo-wordpress\/ -->\r\n<title>L\u2019inconscio tossico: la morte del Papa e il pregiudizio eterno sugli ebrei italiani - Federazione Associazioni Italia Israele<\/title>\r\n<meta name=\"robots\" content=\"index, follow, max-snippet:-1, max-image-preview:large, max-video-preview:-1\" \/>\r\n<link rel=\"canonical\" href=\"https:\/\/www.italiaisraele.org\/?p=4094\" \/>\r\n<meta property=\"og:locale\" content=\"it_IT\" \/>\r\n<meta property=\"og:type\" content=\"article\" \/>\r\n<meta property=\"og:title\" content=\"L\u2019inconscio tossico: la morte del Papa e il pregiudizio eterno sugli ebrei italiani - Federazione Associazioni Italia Israele\" \/>\r\n<meta property=\"og:description\" content=\"di Anita Likmeta* Riprendiamo questo bell&#8217;articolo che spiega magistralmente molte cose che diamo per scontate o crediamo (spesso erroneamente) di sapere gi\u00e0. C\u2019\u00e8 una notizia falsa che circola da ore, una di quelle che non serve siano vere: basta che sembrino verosimili alle persone giuste. Riguarda la comunit\u00e0 ebraica di Roma e la sua presunta [&hellip;]\" \/>\r\n<meta property=\"og:url\" content=\"https:\/\/www.italiaisraele.org\/?p=4094\" \/>\r\n<meta property=\"og:site_name\" content=\"Federazione Associazioni Italia Israele\" \/>\r\n<meta property=\"article:publisher\" content=\"https:\/\/www.facebook.com\/Federazione.Associazioni.Italia.Israele\" \/>\r\n<meta property=\"article:published_time\" content=\"2025-05-02T19:06:51+00:00\" \/>\r\n<meta property=\"article:modified_time\" content=\"2025-05-02T19:06:59+00:00\" \/>\r\n<meta property=\"og:image\" content=\"https:\/\/www.italiaisraele.org\/wp-content\/uploads\/2025\/05\/sleepy-zhao-uystaar7pys-unsplash-1200x800-1.jpg\" \/>\r\n\t<meta property=\"og:image:width\" content=\"1200\" \/>\r\n\t<meta property=\"og:image:height\" content=\"800\" \/>\r\n\t<meta property=\"og:image:type\" content=\"image\/jpeg\" \/>\r\n<meta name=\"author\" content=\"Redazione\" \/>\r\n<meta name=\"twitter:card\" content=\"summary_large_image\" \/>\r\n<meta name=\"twitter:label1\" content=\"Scritto da\" \/>\n\t<meta name=\"twitter:data1\" content=\"Redazione\" \/>\n\t<meta name=\"twitter:label2\" content=\"Tempo di lettura stimato\" \/>\n\t<meta name=\"twitter:data2\" content=\"3 minuti\" \/>\r\n<script type=\"application\/ld+json\" class=\"yoast-schema-graph\">{\"@context\":\"https:\\\/\\\/schema.org\",\"@graph\":[{\"@type\":\"Article\",\"@id\":\"https:\\\/\\\/www.italiaisraele.org\\\/?p=4094#article\",\"isPartOf\":{\"@id\":\"https:\\\/\\\/www.italiaisraele.org\\\/?p=4094\"},\"author\":{\"name\":\"Redazione\",\"@id\":\"https:\\\/\\\/www.italiaisraele.org\\\/#\\\/schema\\\/person\\\/a58663d7e92468eb3e7d158e016946cd\"},\"headline\":\"L\u2019inconscio tossico: la morte del Papa e il pregiudizio eterno sugli ebrei italiani\",\"datePublished\":\"2025-05-02T19:06:51+00:00\",\"dateModified\":\"2025-05-02T19:06:59+00:00\",\"mainEntityOfPage\":{\"@id\":\"https:\\\/\\\/www.italiaisraele.org\\\/?p=4094\"},\"wordCount\":371,\"commentCount\":2,\"publisher\":{\"@id\":\"https:\\\/\\\/www.italiaisraele.org\\\/#organization\"},\"image\":{\"@id\":\"https:\\\/\\\/www.italiaisraele.org\\\/?p=4094#primaryimage\"},\"thumbnailUrl\":\"https:\\\/\\\/www.italiaisraele.org\\\/wp-content\\\/uploads\\\/2025\\\/05\\\/sleepy-zhao-uystaar7pys-unsplash-1200x800-1.jpg\",\"keywords\":[\"Antisemitismo\",\"ebrei\",\"fake news\",\"italia\"],\"articleSection\":[\"Approfondimenti\"],\"inLanguage\":\"it-IT\",\"potentialAction\":[{\"@type\":\"CommentAction\",\"name\":\"Comment\",\"target\":[\"https:\\\/\\\/www.italiaisraele.org\\\/?p=4094#respond\"]}]},{\"@type\":\"WebPage\",\"@id\":\"https:\\\/\\\/www.italiaisraele.org\\\/?p=4094\",\"url\":\"https:\\\/\\\/www.italiaisraele.org\\\/?p=4094\",\"name\":\"L\u2019inconscio tossico: la morte del Papa e il pregiudizio eterno sugli ebrei italiani - Federazione Associazioni Italia Israele\",\"isPartOf\":{\"@id\":\"https:\\\/\\\/www.italiaisraele.org\\\/#website\"},\"primaryImageOfPage\":{\"@id\":\"https:\\\/\\\/www.italiaisraele.org\\\/?p=4094#primaryimage\"},\"image\":{\"@id\":\"https:\\\/\\\/www.italiaisraele.org\\\/?p=4094#primaryimage\"},\"thumbnailUrl\":\"https:\\\/\\\/www.italiaisraele.org\\\/wp-content\\\/uploads\\\/2025\\\/05\\\/sleepy-zhao-uystaar7pys-unsplash-1200x800-1.jpg\",\"datePublished\":\"2025-05-02T19:06:51+00:00\",\"dateModified\":\"2025-05-02T19:06:59+00:00\",\"breadcrumb\":{\"@id\":\"https:\\\/\\\/www.italiaisraele.org\\\/?p=4094#breadcrumb\"},\"inLanguage\":\"it-IT\",\"potentialAction\":[{\"@type\":\"ReadAction\",\"target\":[\"https:\\\/\\\/www.italiaisraele.org\\\/?p=4094\"]}]},{\"@type\":\"ImageObject\",\"inLanguage\":\"it-IT\",\"@id\":\"https:\\\/\\\/www.italiaisraele.org\\\/?p=4094#primaryimage\",\"url\":\"https:\\\/\\\/www.italiaisraele.org\\\/wp-content\\\/uploads\\\/2025\\\/05\\\/sleepy-zhao-uystaar7pys-unsplash-1200x800-1.jpg\",\"contentUrl\":\"https:\\\/\\\/www.italiaisraele.org\\\/wp-content\\\/uploads\\\/2025\\\/05\\\/sleepy-zhao-uystaar7pys-unsplash-1200x800-1.jpg\",\"width\":1200,\"height\":800},{\"@type\":\"BreadcrumbList\",\"@id\":\"https:\\\/\\\/www.italiaisraele.org\\\/?p=4094#breadcrumb\",\"itemListElement\":[{\"@type\":\"ListItem\",\"position\":1,\"name\":\"Home\",\"item\":\"https:\\\/\\\/www.italiaisraele.org\\\/\"},{\"@type\":\"ListItem\",\"position\":2,\"name\":\"L\u2019inconscio tossico: la morte del Papa e il pregiudizio eterno sugli ebrei italiani\"}]},{\"@type\":\"WebSite\",\"@id\":\"https:\\\/\\\/www.italiaisraele.org\\\/#website\",\"url\":\"https:\\\/\\\/www.italiaisraele.org\\\/\",\"name\":\"News Italia - Israele\",\"description\":\"Italia Israele Today - Magazine\",\"publisher\":{\"@id\":\"https:\\\/\\\/www.italiaisraele.org\\\/#organization\"},\"potentialAction\":[{\"@type\":\"SearchAction\",\"target\":{\"@type\":\"EntryPoint\",\"urlTemplate\":\"https:\\\/\\\/www.italiaisraele.org\\\/?s={search_term_string}\"},\"query-input\":{\"@type\":\"PropertyValueSpecification\",\"valueRequired\":true,\"valueName\":\"search_term_string\"}}],\"inLanguage\":\"it-IT\"},{\"@type\":\"Organization\",\"@id\":\"https:\\\/\\\/www.italiaisraele.org\\\/#organization\",\"name\":\"News Italia - Israele\",\"url\":\"https:\\\/\\\/www.italiaisraele.org\\\/\",\"logo\":{\"@type\":\"ImageObject\",\"inLanguage\":\"it-IT\",\"@id\":\"https:\\\/\\\/www.italiaisraele.org\\\/#\\\/schema\\\/logo\\\/image\\\/\",\"url\":\"https:\\\/\\\/www.italiaisraele.org\\\/wp-content\\\/uploads\\\/2024\\\/02\\\/cropped-cropped-TESTATA-NEWS-2.jpg\",\"contentUrl\":\"https:\\\/\\\/www.italiaisraele.org\\\/wp-content\\\/uploads\\\/2024\\\/02\\\/cropped-cropped-TESTATA-NEWS-2.jpg\",\"width\":1918,\"height\":291,\"caption\":\"News Italia - Israele\"},\"image\":{\"@id\":\"https:\\\/\\\/www.italiaisraele.org\\\/#\\\/schema\\\/logo\\\/image\\\/\"},\"sameAs\":[\"https:\\\/\\\/www.facebook.com\\\/Federazione.Associazioni.Italia.Israele\"]},{\"@type\":\"Person\",\"@id\":\"https:\\\/\\\/www.italiaisraele.org\\\/#\\\/schema\\\/person\\\/a58663d7e92468eb3e7d158e016946cd\",\"name\":\"Redazione\",\"image\":{\"@type\":\"ImageObject\",\"inLanguage\":\"it-IT\",\"@id\":\"https:\\\/\\\/secure.gravatar.com\\\/avatar\\\/fe11715b332cc423bb3991a005da4d50b44647eec21b11abddd059d3deafc450?s=96&d=mm&r=g\",\"url\":\"https:\\\/\\\/secure.gravatar.com\\\/avatar\\\/fe11715b332cc423bb3991a005da4d50b44647eec21b11abddd059d3deafc450?s=96&d=mm&r=g\",\"contentUrl\":\"https:\\\/\\\/secure.gravatar.com\\\/avatar\\\/fe11715b332cc423bb3991a005da4d50b44647eec21b11abddd059d3deafc450?s=96&d=mm&r=g\",\"caption\":\"Redazione\"},\"url\":\"https:\\\/\\\/www.italiaisraele.org\\\/?author=2\"}]}<\/script>\r\n<!-- \/ Yoast SEO plugin. -->","yoast_head_json":{"title":"L\u2019inconscio tossico: la morte del Papa e il pregiudizio eterno sugli ebrei italiani - Federazione Associazioni Italia Israele","robots":{"index":"index","follow":"follow","max-snippet":"max-snippet:-1","max-image-preview":"max-image-preview:large","max-video-preview":"max-video-preview:-1"},"canonical":"https:\/\/www.italiaisraele.org\/?p=4094","og_locale":"it_IT","og_type":"article","og_title":"L\u2019inconscio tossico: la morte del Papa e il pregiudizio eterno sugli ebrei italiani - Federazione Associazioni Italia Israele","og_description":"di Anita Likmeta* Riprendiamo questo bell&#8217;articolo che spiega magistralmente molte cose che diamo per scontate o crediamo (spesso erroneamente) di sapere gi\u00e0. C\u2019\u00e8 una notizia falsa che circola da ore, una di quelle che non serve siano vere: basta che sembrino verosimili alle persone giuste. Riguarda la comunit\u00e0 ebraica di Roma e la sua presunta [&hellip;]","og_url":"https:\/\/www.italiaisraele.org\/?p=4094","og_site_name":"Federazione Associazioni Italia Israele","article_publisher":"https:\/\/www.facebook.com\/Federazione.Associazioni.Italia.Israele","article_published_time":"2025-05-02T19:06:51+00:00","article_modified_time":"2025-05-02T19:06:59+00:00","og_image":[{"width":1200,"height":800,"url":"https:\/\/www.italiaisraele.org\/wp-content\/uploads\/2025\/05\/sleepy-zhao-uystaar7pys-unsplash-1200x800-1.jpg","type":"image\/jpeg"}],"author":"Redazione","twitter_card":"summary_large_image","twitter_misc":{"Scritto da":"Redazione","Tempo di lettura stimato":"3 minuti"},"schema":{"@context":"https:\/\/schema.org","@graph":[{"@type":"Article","@id":"https:\/\/www.italiaisraele.org\/?p=4094#article","isPartOf":{"@id":"https:\/\/www.italiaisraele.org\/?p=4094"},"author":{"name":"Redazione","@id":"https:\/\/www.italiaisraele.org\/#\/schema\/person\/a58663d7e92468eb3e7d158e016946cd"},"headline":"L\u2019inconscio tossico: la morte del Papa e il pregiudizio eterno sugli ebrei italiani","datePublished":"2025-05-02T19:06:51+00:00","dateModified":"2025-05-02T19:06:59+00:00","mainEntityOfPage":{"@id":"https:\/\/www.italiaisraele.org\/?p=4094"},"wordCount":371,"commentCount":2,"publisher":{"@id":"https:\/\/www.italiaisraele.org\/#organization"},"image":{"@id":"https:\/\/www.italiaisraele.org\/?p=4094#primaryimage"},"thumbnailUrl":"https:\/\/www.italiaisraele.org\/wp-content\/uploads\/2025\/05\/sleepy-zhao-uystaar7pys-unsplash-1200x800-1.jpg","keywords":["Antisemitismo","ebrei","fake news","italia"],"articleSection":["Approfondimenti"],"inLanguage":"it-IT","potentialAction":[{"@type":"CommentAction","name":"Comment","target":["https:\/\/www.italiaisraele.org\/?p=4094#respond"]}]},{"@type":"WebPage","@id":"https:\/\/www.italiaisraele.org\/?p=4094","url":"https:\/\/www.italiaisraele.org\/?p=4094","name":"L\u2019inconscio tossico: la morte del Papa e il pregiudizio eterno sugli ebrei italiani - Federazione Associazioni Italia Israele","isPartOf":{"@id":"https:\/\/www.italiaisraele.org\/#website"},"primaryImageOfPage":{"@id":"https:\/\/www.italiaisraele.org\/?p=4094#primaryimage"},"image":{"@id":"https:\/\/www.italiaisraele.org\/?p=4094#primaryimage"},"thumbnailUrl":"https:\/\/www.italiaisraele.org\/wp-content\/uploads\/2025\/05\/sleepy-zhao-uystaar7pys-unsplash-1200x800-1.jpg","datePublished":"2025-05-02T19:06:51+00:00","dateModified":"2025-05-02T19:06:59+00:00","breadcrumb":{"@id":"https:\/\/www.italiaisraele.org\/?p=4094#breadcrumb"},"inLanguage":"it-IT","potentialAction":[{"@type":"ReadAction","target":["https:\/\/www.italiaisraele.org\/?p=4094"]}]},{"@type":"ImageObject","inLanguage":"it-IT","@id":"https:\/\/www.italiaisraele.org\/?p=4094#primaryimage","url":"https:\/\/www.italiaisraele.org\/wp-content\/uploads\/2025\/05\/sleepy-zhao-uystaar7pys-unsplash-1200x800-1.jpg","contentUrl":"https:\/\/www.italiaisraele.org\/wp-content\/uploads\/2025\/05\/sleepy-zhao-uystaar7pys-unsplash-1200x800-1.jpg","width":1200,"height":800},{"@type":"BreadcrumbList","@id":"https:\/\/www.italiaisraele.org\/?p=4094#breadcrumb","itemListElement":[{"@type":"ListItem","position":1,"name":"Home","item":"https:\/\/www.italiaisraele.org\/"},{"@type":"ListItem","position":2,"name":"L\u2019inconscio tossico: la morte del Papa e il pregiudizio eterno sugli ebrei italiani"}]},{"@type":"WebSite","@id":"https:\/\/www.italiaisraele.org\/#website","url":"https:\/\/www.italiaisraele.org\/","name":"News Italia - Israele","description":"Italia Israele Today - Magazine","publisher":{"@id":"https:\/\/www.italiaisraele.org\/#organization"},"potentialAction":[{"@type":"SearchAction","target":{"@type":"EntryPoint","urlTemplate":"https:\/\/www.italiaisraele.org\/?s={search_term_string}"},"query-input":{"@type":"PropertyValueSpecification","valueRequired":true,"valueName":"search_term_string"}}],"inLanguage":"it-IT"},{"@type":"Organization","@id":"https:\/\/www.italiaisraele.org\/#organization","name":"News Italia - Israele","url":"https:\/\/www.italiaisraele.org\/","logo":{"@type":"ImageObject","inLanguage":"it-IT","@id":"https:\/\/www.italiaisraele.org\/#\/schema\/logo\/image\/","url":"https:\/\/www.italiaisraele.org\/wp-content\/uploads\/2024\/02\/cropped-cropped-TESTATA-NEWS-2.jpg","contentUrl":"https:\/\/www.italiaisraele.org\/wp-content\/uploads\/2024\/02\/cropped-cropped-TESTATA-NEWS-2.jpg","width":1918,"height":291,"caption":"News Italia - Israele"},"image":{"@id":"https:\/\/www.italiaisraele.org\/#\/schema\/logo\/image\/"},"sameAs":["https:\/\/www.facebook.com\/Federazione.Associazioni.Italia.Israele"]},{"@type":"Person","@id":"https:\/\/www.italiaisraele.org\/#\/schema\/person\/a58663d7e92468eb3e7d158e016946cd","name":"Redazione","image":{"@type":"ImageObject","inLanguage":"it-IT","@id":"https:\/\/secure.gravatar.com\/avatar\/fe11715b332cc423bb3991a005da4d50b44647eec21b11abddd059d3deafc450?s=96&d=mm&r=g","url":"https:\/\/secure.gravatar.com\/avatar\/fe11715b332cc423bb3991a005da4d50b44647eec21b11abddd059d3deafc450?s=96&d=mm&r=g","contentUrl":"https:\/\/secure.gravatar.com\/avatar\/fe11715b332cc423bb3991a005da4d50b44647eec21b11abddd059d3deafc450?s=96&d=mm&r=g","caption":"Redazione"},"url":"https:\/\/www.italiaisraele.org\/?author=2"}]}},"_links":{"self":[{"href":"https:\/\/www.italiaisraele.org\/index.php?rest_route=\/wp\/v2\/posts\/4094","targetHints":{"allow":["GET"]}}],"collection":[{"href":"https:\/\/www.italiaisraele.org\/index.php?rest_route=\/wp\/v2\/posts"}],"about":[{"href":"https:\/\/www.italiaisraele.org\/index.php?rest_route=\/wp\/v2\/types\/post"}],"author":[{"embeddable":true,"href":"https:\/\/www.italiaisraele.org\/index.php?rest_route=\/wp\/v2\/users\/2"}],"replies":[{"embeddable":true,"href":"https:\/\/www.italiaisraele.org\/index.php?rest_route=%2Fwp%2Fv2%2Fcomments&post=4094"}],"version-history":[{"count":0,"href":"https:\/\/www.italiaisraele.org\/index.php?rest_route=\/wp\/v2\/posts\/4094\/revisions"}],"wp:featuredmedia":[{"embeddable":true,"href":"https:\/\/www.italiaisraele.org\/index.php?rest_route=\/wp\/v2\/media\/4095"}],"wp:attachment":[{"href":"https:\/\/www.italiaisraele.org\/index.php?rest_route=%2Fwp%2Fv2%2Fmedia&parent=4094"}],"wp:term":[{"taxonomy":"category","embeddable":true,"href":"https:\/\/www.italiaisraele.org\/index.php?rest_route=%2Fwp%2Fv2%2Fcategories&post=4094"},{"taxonomy":"post_tag","embeddable":true,"href":"https:\/\/www.italiaisraele.org\/index.php?rest_route=%2Fwp%2Fv2%2Ftags&post=4094"}],"curies":[{"name":"wp","href":"https:\/\/api.w.org\/{rel}","templated":true}]}}