{"id":4085,"date":"2025-04-30T10:24:21","date_gmt":"2025-04-30T08:24:21","guid":{"rendered":"https:\/\/www.italiaisraele.org\/?p=4085"},"modified":"2025-04-30T10:24:30","modified_gmt":"2025-04-30T08:24:30","slug":"roma-i-familiari-degli-ostaggi-ora-tutta-la-verita-sul-7-ottobre","status":"publish","type":"post","link":"https:\/\/www.italiaisraele.org\/?p=4085","title":{"rendered":"Roma, i familiari degli ostaggi: &#8220;Ora tutta la verit\u00e0 sul 7 ottobre&#8221;"},"content":{"rendered":"\n<p>di <em>Ruben Della Rocca*<\/em><\/p>\n\n\n\n<figure class=\"wp-block-image size-full is-resized\"><img loading=\"lazy\" decoding=\"async\" width=\"200\" height=\"200\" src=\"https:\/\/www.italiaisraele.org\/wp-content\/uploads\/2024\/06\/ruben-della-rocca.jpg\" alt=\"\" class=\"wp-image-1471\" style=\"width:154px;height:auto\" srcset=\"https:\/\/www.italiaisraele.org\/wp-content\/uploads\/2024\/06\/ruben-della-rocca.jpg 200w, https:\/\/www.italiaisraele.org\/wp-content\/uploads\/2024\/06\/ruben-della-rocca-150x150.jpg 150w\" sizes=\"auto, (max-width: 200px) 100vw, 200px\" \/><\/figure>\n\n\n\n<p>A poche ore dall\u2019inizio delle celebrazioni per lo YomHaZikaron, il giorno che in Israele ricorda i caduti delle guerre e le vittime del terrorismo, la presenza a Roma delle famiglie di cinque ostaggi israeliani rapiti e deportati a Gaza squarcia un silenzio che si fa incombente sulla sorte dei cinquantanove ancora detenuti nelle mani dei terroristi di Hamas.<br>Mentre si discute su quanto avviene sul campo nella Striscia, nelle stanze della diplomazia ci si dimentica di chi vive segregato e privato delle libert\u00e0 da oltre cinquecentosettanta giorni \u2013 in uno stato di indigenza e di violenze subite \u2013 come testimoniato da quei rapiti che hanno ritrovato la libert\u00e0.<br><strong>Le famiglie accolte a Roma in questi giorni hanno gi\u00e0 avuto la notizia pressoch\u00e9 certa del decesso dei loro cari per mano di Hamas.<\/strong> Idan Shivti, ventotto anni, rapito al Nove Festival; Jonathan Samerano, ventuno anni, rapito dal Kibbutz Be\u2019ri; Uri Baruch, trentadue anni, sergente dell\u2019Idf, ucciso da Hamas lo scorso marzo; Shai Levinson, diciannove anni, sergente dell\u2019Idf, caduto nella battaglia con i terroristi il 7 ottobre e il cui corpo \u00e8 stato portato a Gaza dai terroristi; e Muhamad al-Atrash, trentanove anni, sergente che prestava servizio nell\u2019unit\u00e0 Bedouin Trackers e ucciso in combattimento \u2013 anche il suo corpo, nelle mani dei terroristi nella Striscia.<\/p>\n\n\n\n<p>Proprio dal fratello del sergente al-Atrash sono arrivate le parole pi\u00f9 significative contro Hamas, che non pu\u00f2 e non deve rappresentare il mondo musulmano e il popolo palestinese. Lui, beduino, musulmano, fa appello perch\u00e9 il mondo isoli e disarmi per sempre la forza del male che governa Gaza.<br>A loro volta, gli altri familiari hanno insistito nel denunciare le violenze subite dai loro cari e dagli altri rapiti da Hamas, paragonandola all\u2019Isis e ricordando che Israele sta combattendo una guerra al terrorismo e non contro il popolo palestinese. A domanda precisa se avessero mai ricevuto proposte di sostegno da parte della Croce Rossa Internazionale, di Amnesty International o di altre organizzazioni umanitarie, la loro risposta \u00e8 stata categorica: no, nessuna di loro li ha cercati per sostenerli, confortarli o aiutarli.<\/p>\n\n\n\n<p>Categorica, invece, la denuncia nei confronti dell\u2019Unrwa, soprattutto di Kobi Samerano, il pap\u00e0 di Yonatan, che accusa l\u2019organizzazione delle Nazioni Unite delegata da decenni a portare aiuti ai palestinesi come fortemente collusa con i terroristi e in mano ad Hamas, che distrae fondi e generi di conforto destinati alla popolazione.<br>Non una novit\u00e0 nella storia di questo conflitto, perch\u00e9 in questi mesi sono stati gi\u00e0 identificati alcuni membri dell\u2019organizzazione che hanno partecipato ad azioni terroristiche e tenuto prigionieri, nelle loro abitazioni, ostaggi israeliani.<\/p>\n\n\n\n<p>A suggellare la mattinata, l\u2019abbraccio fraterno e commosso tra lo stesso Kobi Samerano e una donna esule iraniana che, a sua volta, ha denunciato le violenze del regime teocratico degli ayatollah e manifestato affetto e solidariet\u00e0 per i rapiti di Gaza e per le loro famiglie, esortandoli a non mollare e auspicando che Israele vada avanti fino alla sconfitta totale del terrorismo di Hamas.<\/p>\n\n\n\n<p>Quello che intanto il mondo non deve fare \u00e8 dimenticare gli ostaggi. Nella Striscia ci sono ancora cinquantanove persone rapite il 7 ottobre 2023 che vanno riportate a casa, che siano vive o che si tratti dei loro corpi. Solo cos\u00ec si potr\u00e0 cominciare a parlare seriamente di un piano e un futuro di pace a Gaza.<\/p>\n\n\n\n<p>*<em>Linkiesta<\/em><\/p>\n\n\n\n<p><\/p>\n","protected":false},"excerpt":{"rendered":"<p>di Ruben Della Rocca* A poche ore dall\u2019inizio delle celebrazioni per lo YomHaZikaron, il giorno che in Israele ricorda i caduti delle guerre e le vittime del terrorismo, la presenza a Roma delle famiglie di cinque ostaggi israeliani rapiti e deportati a Gaza squarcia un silenzio che si fa incombente sulla sorte dei cinquantanove ancora [&hellip;]<\/p>\n","protected":false},"author":2,"featured_media":4086,"comment_status":"open","ping_status":"open","sticky":false,"template":"","format":"standard","meta":{"iawp_total_views":40,"footnotes":""},"categories":[4],"tags":[79,56,18,13,17,782],"class_list":["post-4085","post","type-post","status-publish","format-standard","has-post-thumbnail","hentry","category-attualita","tag-7-ottobre","tag-gaza","tag-hamas","tag-israele","tag-ostaggi","tag-ruben-della-rocca"],"yoast_head":"<!-- This site is optimized with the Yoast SEO plugin v27.5 - https:\/\/yoast.com\/product\/yoast-seo-wordpress\/ -->\r\n<title>Roma, i familiari degli ostaggi: &quot;Ora tutta la verit\u00e0 sul 7 ottobre&quot; - Federazione Associazioni Italia Israele<\/title>\r\n<meta name=\"robots\" content=\"index, follow, max-snippet:-1, max-image-preview:large, max-video-preview:-1\" \/>\r\n<link rel=\"canonical\" href=\"https:\/\/www.italiaisraele.org\/?p=4085\" \/>\r\n<meta property=\"og:locale\" content=\"it_IT\" \/>\r\n<meta property=\"og:type\" content=\"article\" \/>\r\n<meta property=\"og:title\" content=\"Roma, i familiari degli ostaggi: &quot;Ora tutta la verit\u00e0 sul 7 ottobre&quot; - Federazione Associazioni Italia Israele\" \/>\r\n<meta property=\"og:description\" content=\"di Ruben Della Rocca* A poche ore dall\u2019inizio delle celebrazioni per lo YomHaZikaron, il giorno che in Israele ricorda i caduti delle guerre e le vittime del terrorismo, la presenza a Roma delle famiglie di cinque ostaggi israeliani rapiti e deportati a Gaza squarcia un silenzio che si fa incombente sulla sorte dei cinquantanove ancora [&hellip;]\" \/>\r\n<meta property=\"og:url\" content=\"https:\/\/www.italiaisraele.org\/?p=4085\" \/>\r\n<meta property=\"og:site_name\" content=\"Federazione Associazioni Italia Israele\" \/>\r\n<meta property=\"article:publisher\" content=\"https:\/\/www.facebook.com\/Federazione.Associazioni.Italia.Israele\" \/>\r\n<meta property=\"article:published_time\" content=\"2025-04-30T08:24:21+00:00\" \/>\r\n<meta property=\"article:modified_time\" content=\"2025-04-30T08:24:30+00:00\" \/>\r\n<meta property=\"og:image\" content=\"https:\/\/www.italiaisraele.org\/wp-content\/uploads\/2025\/04\/Billboard-hostages.jpg\" \/>\r\n\t<meta property=\"og:image:width\" content=\"1000\" \/>\r\n\t<meta property=\"og:image:height\" content=\"652\" \/>\r\n\t<meta property=\"og:image:type\" content=\"image\/jpeg\" \/>\r\n<meta name=\"author\" content=\"Redazione\" \/>\r\n<meta name=\"twitter:card\" content=\"summary_large_image\" \/>\r\n<meta name=\"twitter:label1\" content=\"Scritto da\" \/>\n\t<meta name=\"twitter:data1\" content=\"Redazione\" \/>\n\t<meta name=\"twitter:label2\" content=\"Tempo di lettura stimato\" \/>\n\t<meta name=\"twitter:data2\" content=\"4 minuti\" \/>\r\n<script type=\"application\/ld+json\" class=\"yoast-schema-graph\">{\"@context\":\"https:\\\/\\\/schema.org\",\"@graph\":[{\"@type\":\"Article\",\"@id\":\"https:\\\/\\\/www.italiaisraele.org\\\/?p=4085#article\",\"isPartOf\":{\"@id\":\"https:\\\/\\\/www.italiaisraele.org\\\/?p=4085\"},\"author\":{\"name\":\"Redazione\",\"@id\":\"https:\\\/\\\/www.italiaisraele.org\\\/#\\\/schema\\\/person\\\/a58663d7e92468eb3e7d158e016946cd\"},\"headline\":\"Roma, i familiari degli ostaggi: &#8220;Ora tutta la verit\u00e0 sul 7 ottobre&#8221;\",\"datePublished\":\"2025-04-30T08:24:21+00:00\",\"dateModified\":\"2025-04-30T08:24:30+00:00\",\"mainEntityOfPage\":{\"@id\":\"https:\\\/\\\/www.italiaisraele.org\\\/?p=4085\"},\"wordCount\":564,\"commentCount\":0,\"publisher\":{\"@id\":\"https:\\\/\\\/www.italiaisraele.org\\\/#organization\"},\"image\":{\"@id\":\"https:\\\/\\\/www.italiaisraele.org\\\/?p=4085#primaryimage\"},\"thumbnailUrl\":\"https:\\\/\\\/www.italiaisraele.org\\\/wp-content\\\/uploads\\\/2025\\\/04\\\/Billboard-hostages.jpg\",\"keywords\":[\"7 ottobre\",\"Gaza\",\"hamas\",\"Israele\",\"ostaggi\",\"Ruben Della Rocca\"],\"articleSection\":[\"Attualit\u00e0\"],\"inLanguage\":\"it-IT\",\"potentialAction\":[{\"@type\":\"CommentAction\",\"name\":\"Comment\",\"target\":[\"https:\\\/\\\/www.italiaisraele.org\\\/?p=4085#respond\"]}]},{\"@type\":\"WebPage\",\"@id\":\"https:\\\/\\\/www.italiaisraele.org\\\/?p=4085\",\"url\":\"https:\\\/\\\/www.italiaisraele.org\\\/?p=4085\",\"name\":\"Roma, i familiari degli ostaggi: \\\"Ora tutta la verit\u00e0 sul 7 ottobre\\\" - Federazione Associazioni Italia Israele\",\"isPartOf\":{\"@id\":\"https:\\\/\\\/www.italiaisraele.org\\\/#website\"},\"primaryImageOfPage\":{\"@id\":\"https:\\\/\\\/www.italiaisraele.org\\\/?p=4085#primaryimage\"},\"image\":{\"@id\":\"https:\\\/\\\/www.italiaisraele.org\\\/?p=4085#primaryimage\"},\"thumbnailUrl\":\"https:\\\/\\\/www.italiaisraele.org\\\/wp-content\\\/uploads\\\/2025\\\/04\\\/Billboard-hostages.jpg\",\"datePublished\":\"2025-04-30T08:24:21+00:00\",\"dateModified\":\"2025-04-30T08:24:30+00:00\",\"breadcrumb\":{\"@id\":\"https:\\\/\\\/www.italiaisraele.org\\\/?p=4085#breadcrumb\"},\"inLanguage\":\"it-IT\",\"potentialAction\":[{\"@type\":\"ReadAction\",\"target\":[\"https:\\\/\\\/www.italiaisraele.org\\\/?p=4085\"]}]},{\"@type\":\"ImageObject\",\"inLanguage\":\"it-IT\",\"@id\":\"https:\\\/\\\/www.italiaisraele.org\\\/?p=4085#primaryimage\",\"url\":\"https:\\\/\\\/www.italiaisraele.org\\\/wp-content\\\/uploads\\\/2025\\\/04\\\/Billboard-hostages.jpg\",\"contentUrl\":\"https:\\\/\\\/www.italiaisraele.org\\\/wp-content\\\/uploads\\\/2025\\\/04\\\/Billboard-hostages.jpg\",\"width\":1000,\"height\":652},{\"@type\":\"BreadcrumbList\",\"@id\":\"https:\\\/\\\/www.italiaisraele.org\\\/?p=4085#breadcrumb\",\"itemListElement\":[{\"@type\":\"ListItem\",\"position\":1,\"name\":\"Home\",\"item\":\"https:\\\/\\\/www.italiaisraele.org\\\/\"},{\"@type\":\"ListItem\",\"position\":2,\"name\":\"Roma, i familiari degli ostaggi: &#8220;Ora tutta la verit\u00e0 sul 7 ottobre&#8221;\"}]},{\"@type\":\"WebSite\",\"@id\":\"https:\\\/\\\/www.italiaisraele.org\\\/#website\",\"url\":\"https:\\\/\\\/www.italiaisraele.org\\\/\",\"name\":\"News Italia - Israele\",\"description\":\"Italia Israele Today - Magazine\",\"publisher\":{\"@id\":\"https:\\\/\\\/www.italiaisraele.org\\\/#organization\"},\"potentialAction\":[{\"@type\":\"SearchAction\",\"target\":{\"@type\":\"EntryPoint\",\"urlTemplate\":\"https:\\\/\\\/www.italiaisraele.org\\\/?s={search_term_string}\"},\"query-input\":{\"@type\":\"PropertyValueSpecification\",\"valueRequired\":true,\"valueName\":\"search_term_string\"}}],\"inLanguage\":\"it-IT\"},{\"@type\":\"Organization\",\"@id\":\"https:\\\/\\\/www.italiaisraele.org\\\/#organization\",\"name\":\"News Italia - Israele\",\"url\":\"https:\\\/\\\/www.italiaisraele.org\\\/\",\"logo\":{\"@type\":\"ImageObject\",\"inLanguage\":\"it-IT\",\"@id\":\"https:\\\/\\\/www.italiaisraele.org\\\/#\\\/schema\\\/logo\\\/image\\\/\",\"url\":\"https:\\\/\\\/www.italiaisraele.org\\\/wp-content\\\/uploads\\\/2024\\\/02\\\/cropped-cropped-TESTATA-NEWS-2.jpg\",\"contentUrl\":\"https:\\\/\\\/www.italiaisraele.org\\\/wp-content\\\/uploads\\\/2024\\\/02\\\/cropped-cropped-TESTATA-NEWS-2.jpg\",\"width\":1918,\"height\":291,\"caption\":\"News Italia - Israele\"},\"image\":{\"@id\":\"https:\\\/\\\/www.italiaisraele.org\\\/#\\\/schema\\\/logo\\\/image\\\/\"},\"sameAs\":[\"https:\\\/\\\/www.facebook.com\\\/Federazione.Associazioni.Italia.Israele\"]},{\"@type\":\"Person\",\"@id\":\"https:\\\/\\\/www.italiaisraele.org\\\/#\\\/schema\\\/person\\\/a58663d7e92468eb3e7d158e016946cd\",\"name\":\"Redazione\",\"image\":{\"@type\":\"ImageObject\",\"inLanguage\":\"it-IT\",\"@id\":\"https:\\\/\\\/secure.gravatar.com\\\/avatar\\\/fe11715b332cc423bb3991a005da4d50b44647eec21b11abddd059d3deafc450?s=96&d=mm&r=g\",\"url\":\"https:\\\/\\\/secure.gravatar.com\\\/avatar\\\/fe11715b332cc423bb3991a005da4d50b44647eec21b11abddd059d3deafc450?s=96&d=mm&r=g\",\"contentUrl\":\"https:\\\/\\\/secure.gravatar.com\\\/avatar\\\/fe11715b332cc423bb3991a005da4d50b44647eec21b11abddd059d3deafc450?s=96&d=mm&r=g\",\"caption\":\"Redazione\"},\"url\":\"https:\\\/\\\/www.italiaisraele.org\\\/?author=2\"}]}<\/script>\r\n<!-- \/ Yoast SEO plugin. -->","yoast_head_json":{"title":"Roma, i familiari degli ostaggi: \"Ora tutta la verit\u00e0 sul 7 ottobre\" - Federazione Associazioni Italia Israele","robots":{"index":"index","follow":"follow","max-snippet":"max-snippet:-1","max-image-preview":"max-image-preview:large","max-video-preview":"max-video-preview:-1"},"canonical":"https:\/\/www.italiaisraele.org\/?p=4085","og_locale":"it_IT","og_type":"article","og_title":"Roma, i familiari degli ostaggi: \"Ora tutta la verit\u00e0 sul 7 ottobre\" - Federazione Associazioni Italia Israele","og_description":"di Ruben Della Rocca* A poche ore dall\u2019inizio delle celebrazioni per lo YomHaZikaron, il giorno che in Israele ricorda i caduti delle guerre e le vittime del terrorismo, la presenza a Roma delle famiglie di cinque ostaggi israeliani rapiti e deportati a Gaza squarcia un silenzio che si fa incombente sulla sorte dei cinquantanove ancora [&hellip;]","og_url":"https:\/\/www.italiaisraele.org\/?p=4085","og_site_name":"Federazione Associazioni Italia Israele","article_publisher":"https:\/\/www.facebook.com\/Federazione.Associazioni.Italia.Israele","article_published_time":"2025-04-30T08:24:21+00:00","article_modified_time":"2025-04-30T08:24:30+00:00","og_image":[{"width":1000,"height":652,"url":"https:\/\/www.italiaisraele.org\/wp-content\/uploads\/2025\/04\/Billboard-hostages.jpg","type":"image\/jpeg"}],"author":"Redazione","twitter_card":"summary_large_image","twitter_misc":{"Scritto da":"Redazione","Tempo di lettura stimato":"4 minuti"},"schema":{"@context":"https:\/\/schema.org","@graph":[{"@type":"Article","@id":"https:\/\/www.italiaisraele.org\/?p=4085#article","isPartOf":{"@id":"https:\/\/www.italiaisraele.org\/?p=4085"},"author":{"name":"Redazione","@id":"https:\/\/www.italiaisraele.org\/#\/schema\/person\/a58663d7e92468eb3e7d158e016946cd"},"headline":"Roma, i familiari degli ostaggi: &#8220;Ora tutta la verit\u00e0 sul 7 ottobre&#8221;","datePublished":"2025-04-30T08:24:21+00:00","dateModified":"2025-04-30T08:24:30+00:00","mainEntityOfPage":{"@id":"https:\/\/www.italiaisraele.org\/?p=4085"},"wordCount":564,"commentCount":0,"publisher":{"@id":"https:\/\/www.italiaisraele.org\/#organization"},"image":{"@id":"https:\/\/www.italiaisraele.org\/?p=4085#primaryimage"},"thumbnailUrl":"https:\/\/www.italiaisraele.org\/wp-content\/uploads\/2025\/04\/Billboard-hostages.jpg","keywords":["7 ottobre","Gaza","hamas","Israele","ostaggi","Ruben Della Rocca"],"articleSection":["Attualit\u00e0"],"inLanguage":"it-IT","potentialAction":[{"@type":"CommentAction","name":"Comment","target":["https:\/\/www.italiaisraele.org\/?p=4085#respond"]}]},{"@type":"WebPage","@id":"https:\/\/www.italiaisraele.org\/?p=4085","url":"https:\/\/www.italiaisraele.org\/?p=4085","name":"Roma, i familiari degli ostaggi: \"Ora tutta la verit\u00e0 sul 7 ottobre\" - Federazione Associazioni Italia Israele","isPartOf":{"@id":"https:\/\/www.italiaisraele.org\/#website"},"primaryImageOfPage":{"@id":"https:\/\/www.italiaisraele.org\/?p=4085#primaryimage"},"image":{"@id":"https:\/\/www.italiaisraele.org\/?p=4085#primaryimage"},"thumbnailUrl":"https:\/\/www.italiaisraele.org\/wp-content\/uploads\/2025\/04\/Billboard-hostages.jpg","datePublished":"2025-04-30T08:24:21+00:00","dateModified":"2025-04-30T08:24:30+00:00","breadcrumb":{"@id":"https:\/\/www.italiaisraele.org\/?p=4085#breadcrumb"},"inLanguage":"it-IT","potentialAction":[{"@type":"ReadAction","target":["https:\/\/www.italiaisraele.org\/?p=4085"]}]},{"@type":"ImageObject","inLanguage":"it-IT","@id":"https:\/\/www.italiaisraele.org\/?p=4085#primaryimage","url":"https:\/\/www.italiaisraele.org\/wp-content\/uploads\/2025\/04\/Billboard-hostages.jpg","contentUrl":"https:\/\/www.italiaisraele.org\/wp-content\/uploads\/2025\/04\/Billboard-hostages.jpg","width":1000,"height":652},{"@type":"BreadcrumbList","@id":"https:\/\/www.italiaisraele.org\/?p=4085#breadcrumb","itemListElement":[{"@type":"ListItem","position":1,"name":"Home","item":"https:\/\/www.italiaisraele.org\/"},{"@type":"ListItem","position":2,"name":"Roma, i familiari degli ostaggi: &#8220;Ora tutta la verit\u00e0 sul 7 ottobre&#8221;"}]},{"@type":"WebSite","@id":"https:\/\/www.italiaisraele.org\/#website","url":"https:\/\/www.italiaisraele.org\/","name":"News Italia - Israele","description":"Italia Israele Today - Magazine","publisher":{"@id":"https:\/\/www.italiaisraele.org\/#organization"},"potentialAction":[{"@type":"SearchAction","target":{"@type":"EntryPoint","urlTemplate":"https:\/\/www.italiaisraele.org\/?s={search_term_string}"},"query-input":{"@type":"PropertyValueSpecification","valueRequired":true,"valueName":"search_term_string"}}],"inLanguage":"it-IT"},{"@type":"Organization","@id":"https:\/\/www.italiaisraele.org\/#organization","name":"News Italia - Israele","url":"https:\/\/www.italiaisraele.org\/","logo":{"@type":"ImageObject","inLanguage":"it-IT","@id":"https:\/\/www.italiaisraele.org\/#\/schema\/logo\/image\/","url":"https:\/\/www.italiaisraele.org\/wp-content\/uploads\/2024\/02\/cropped-cropped-TESTATA-NEWS-2.jpg","contentUrl":"https:\/\/www.italiaisraele.org\/wp-content\/uploads\/2024\/02\/cropped-cropped-TESTATA-NEWS-2.jpg","width":1918,"height":291,"caption":"News Italia - Israele"},"image":{"@id":"https:\/\/www.italiaisraele.org\/#\/schema\/logo\/image\/"},"sameAs":["https:\/\/www.facebook.com\/Federazione.Associazioni.Italia.Israele"]},{"@type":"Person","@id":"https:\/\/www.italiaisraele.org\/#\/schema\/person\/a58663d7e92468eb3e7d158e016946cd","name":"Redazione","image":{"@type":"ImageObject","inLanguage":"it-IT","@id":"https:\/\/secure.gravatar.com\/avatar\/fe11715b332cc423bb3991a005da4d50b44647eec21b11abddd059d3deafc450?s=96&d=mm&r=g","url":"https:\/\/secure.gravatar.com\/avatar\/fe11715b332cc423bb3991a005da4d50b44647eec21b11abddd059d3deafc450?s=96&d=mm&r=g","contentUrl":"https:\/\/secure.gravatar.com\/avatar\/fe11715b332cc423bb3991a005da4d50b44647eec21b11abddd059d3deafc450?s=96&d=mm&r=g","caption":"Redazione"},"url":"https:\/\/www.italiaisraele.org\/?author=2"}]}},"_links":{"self":[{"href":"https:\/\/www.italiaisraele.org\/index.php?rest_route=\/wp\/v2\/posts\/4085","targetHints":{"allow":["GET"]}}],"collection":[{"href":"https:\/\/www.italiaisraele.org\/index.php?rest_route=\/wp\/v2\/posts"}],"about":[{"href":"https:\/\/www.italiaisraele.org\/index.php?rest_route=\/wp\/v2\/types\/post"}],"author":[{"embeddable":true,"href":"https:\/\/www.italiaisraele.org\/index.php?rest_route=\/wp\/v2\/users\/2"}],"replies":[{"embeddable":true,"href":"https:\/\/www.italiaisraele.org\/index.php?rest_route=%2Fwp%2Fv2%2Fcomments&post=4085"}],"version-history":[{"count":0,"href":"https:\/\/www.italiaisraele.org\/index.php?rest_route=\/wp\/v2\/posts\/4085\/revisions"}],"wp:featuredmedia":[{"embeddable":true,"href":"https:\/\/www.italiaisraele.org\/index.php?rest_route=\/wp\/v2\/media\/4086"}],"wp:attachment":[{"href":"https:\/\/www.italiaisraele.org\/index.php?rest_route=%2Fwp%2Fv2%2Fmedia&parent=4085"}],"wp:term":[{"taxonomy":"category","embeddable":true,"href":"https:\/\/www.italiaisraele.org\/index.php?rest_route=%2Fwp%2Fv2%2Fcategories&post=4085"},{"taxonomy":"post_tag","embeddable":true,"href":"https:\/\/www.italiaisraele.org\/index.php?rest_route=%2Fwp%2Fv2%2Ftags&post=4085"}],"curies":[{"name":"wp","href":"https:\/\/api.w.org\/{rel}","templated":true}]}}