{"id":4080,"date":"2025-04-29T18:35:03","date_gmt":"2025-04-29T16:35:03","guid":{"rendered":"https:\/\/www.italiaisraele.org\/?p=4080"},"modified":"2025-04-29T18:36:30","modified_gmt":"2025-04-29T16:36:30","slug":"il-25-aprile-tradito-e-imbalsamato","status":"publish","type":"post","link":"https:\/\/www.italiaisraele.org\/?p=4080","title":{"rendered":"Il 25 aprile tradito (e imbalsamato)"},"content":{"rendered":"\n<p>di <em>Antonio Cardellicchio*<\/em><\/p>\n\n\n\n<p>Una riflessione post-25 aprile, visti gli eventi, le polemiche, i battibecchi, le violenze verbali e fisiche.<br>Per l\u2019Italia ufficiale retorica museale, luoghi comuni, congelamento; nel dibattito osservazioni e contributi di studiosi e minoranze; per la piazza prevale tradimento e ribaltamento dei valori liberatori.<\/p>\n\n\n\n<p>La memoria viva e il fuoco di libert\u00e0 del 25 aprile, nei suoi valori permanenti, restano minoritari, confinati in legittime aspirazioni. Nelle celebrazioni ufficiali istituzionali si parla di attualit\u00e0 e si realizza l\u2019inattualit\u00e0. Negli apparati, la retorica antifascista copre una notevole continuit\u00e0 fascista, di centralismo burocratico, regolamentazione asfissiante, aspetti normativi irrigiditi, mentalit\u00e0, fino all\u2019ambigua e infelice \u201csobriet\u00e0\u201d di un ministro. Larga parte dell\u2019opposizione sventola la bandiera del 25 aprile, ma resta bloccata al 1945, con la mortificazione della memoria viva e lo snaturamento della sua attualit\u00e0 e potenzialit\u00e0. La piazza \u00e8 stata dominata da uno stravolgimento completo, con violenze verbali e fisiche, fino ad alcuni episodi di guerriglia urbana, con uno squadrismo fascista con etichetta antifascista militante, proprio contro quei nuclei di antifascismo vivo, permanente, democratico, liberale.<\/p>\n\n\n\n<p>Falsificazione della Resistenza storica come arma politica contro la Resistenza e la Difesa della libert\u00e0 dei popoli dal nazifascismo di oggi.<br>Il cuore della Resistenza del nostro tempo \u00e8 dato dalla difesa dell\u2019Ucraina dalla guerra di annientamento terrorista della Russia del regime criminale di Putin, e dalla difesa della Patria ebraica, cio\u00e8 dell\u2019Ebreo tra gli Stati, Israele, dalla guerra genocida, sadica, apocalittica del nazislamismo di Hamas, Hezbollah, Iran.<br>Un terrore antiebraico sterminazionista, quello del nazislamismo, che si rivela peggiore di quello hitleriano, perch\u00e9 quest\u2019ultimo cercava di nascondere l\u2019orrore dei suoi crimini mentre l\u2019islamismo esibisce la sua illimitata feroce violenza, e il suo disegno di nuova soluzione finale per il popolo ebraico.<br>La retorica e la mentalit\u00e0 di \u201cpacificazione\u201d dell\u2019amministrazione Trump significa una politica di potenza spartitoria con il regime di Putin, con un\u2019aggressione politica all\u2019Ucraina in un parallelo tragico con l\u2019aggressione criminale russa. Un tradimento completo della storia americana di leadership democratica, di interventi a favore dei popoli, una storia che ha contribuito in modo determinante alla sconfitta del fascismo e del comunismo.<br>L\u2019Unione Europea ha iniziato un tardivo e parziale risveglio, con i primi interventi difensivi di fronte alla pesante minaccia del fronte totalitario, dittatoriale, terrorista, con il ricatto atomico dei regimi russo e iraniano.<\/p>\n\n\n\n<p>Nelle piazze, fanatici urlanti e squadristi neofascisti con insegne antifasciste esercitano la loro violenza a favore del nazifascismo di oggi. Attaccano e bruciano le bandiere dell\u2019Ucraina, dell\u2019Unione Europea, di Israele.<br>La Brigata Ebraica &#8211; eroico nucleo della guerra antifascista, base fondatrice delle attuali forze di autodifesa di Israele &#8211; continua ogni 25 aprile ad essere insultata e aggredita dalle bande dell\u2019odio antisemita, che fingono di ignorare che nel 1945 una legione islamica combatteva a fianco delle SS, nel quadro dell\u2019alleanza organica antisemita tra Hitler e il Gran Muft\u00ec di Gerusalemme, mentre allora tutte le classi dirigenti arabe erano filofasciste per i loro comuni obiettivi antiebraici e anti-occidentali.<br>Questo ultimo 25 aprile ha registrato una doppia apologia del fascismo: le bandiere palestinesi e di Hamas dei neofascisti filo-islamici, che hanno stravolto la giornata in senso antiebraico, e i veterofascisti mummificati che a Dongo hanno esibito i loro slogan e inni repellenti.<\/p>\n\n\n\n<p>Con un minimo di verit\u00e0 storica e onest\u00e0 intellettuale, la questione ebraica nel 25 aprile \u00e8 e resta cruciale, \u00e8 uno spartiacque ineludibile. La soluzione finale sterminatrice del popolo di Israele \u00e8 stato l\u2019asse, il principio ideologico strategico fondamentale della sovversione nazionalsocialista hitleriana, del suo razzismo biologico, della sua stessa ultrabarbara esistenza.<br>Gli urlatori-picchiatori di questo squadrismo neofascista con etichetta antifascista di questi giorni non si rendono conto, o fingono di non rendersi conto, di essere i continuatori del truce discorso programmatico di Benito Mussolini a Trieste, nel quale url\u00f2 che l\u2019Ebraismo mondiale era il nemico mortale del Fascismo (era vero). In preparazione dell\u2019eterna infamia del regime fascista e dello stato italiano, delle leggi razziste antiebraiche del 1938 a loro volta preparazione delle camere a gas per gli ebrei italiani.<\/p>\n\n\n\n<p>Non \u00e8 un caso che, tra le minoranze, quella ebraica \u00e8 la pi\u00f9 attiva e decisa nel sostegno ai valori permanenti del 25 aprile, lo \u00e8 per una doppia fortissima motivazione che si chiarisce da s\u00e8. Tra i partigiani c\u2019erano, ad esempio, Primo Levi, Emanuele Artom (che scrisse un bel \u201cDiario di un partigiano ebreo\u201d), il noto storico rabbino Elio Toaff, il padre dell\u2019attuale rabbino di Roma Riccardo Di Segni, etc. Una recente ricerca nella Comunit\u00e0 Ebraica di Roma ha dimostrato l\u2019ampia presenza di militari ebrei in tutte le truppe alleate.<\/p>\n\n\n\n<p>La sinistra tradisce e ribalta la sua stessa auto-rappresentazione, quando criminalizza l\u2019autodifesa di Israele dai piani nazisti islamici di nuovi e pi\u00f9 estesi 7 ottobre, definisce resistenti i genocidi arabi e genocidi i difensori ebrei: senza autodifesa ebraica, \u00e8 spianata la strada per una nuova Shoah.<br>La destra ha il gioco facile nel denunciare questa realt\u00e0, ma \u00e8 in larga parte strumentale, perch\u00e9 una destra putiniana-trumpiana tradisce i valori patriottici che proclama: limita e ritarda gli aiuti all\u2019Ucraina, che versa il suo sangue per la libert\u00e0 propria e dell\u2019Europa, conduce una politica rinunciataria ultra-moderata, nazionalista e provinciale in materia di difesa e politica estera dell\u2019Unione Europea.<br>Pi\u00f9 in generale, \u00e8 proprio la retorica pacifista delle celebrazioni istituzionali che snatura lo spirito, la realt\u00e0 storica, il valore permanente del 25 aprile.<\/p>\n\n\n\n<p>Con evidenza, l\u2019essenziale della liberazione dell\u2019Iralia dal nazifascismo \u00e8 stata opera degli eserciti alleati. Ma il contributo di partigiani e di una resistenza attiva e passiva di una parte del popolo italiano ha avuto un indubbio peso politico, difensivo e morale superiore al numero. Lo dice con chiarezza uno dei leader della Resistenza, capo di uno dei governi di coalizione antifascista, Ferruccio Parri:<\/p>\n\n\n\n<p>\u201cRifiutiamo per noi le penne del pavone. Sono gli Alleati che hanno sconfitto il nazismo e la sua triste appendice. Dietro di essi abbiamo vinto anche noi. Non \u00e8 stato un miracolo, ma \u00e8 stato il riscatto di fronte al mondo ed all\u2019avvenire dell\u2019onore nazionale; e questo riscatto, pagato con il dono cos\u00ec grave del sangue pi\u00f9 generoso,resta una cosa grande nella storia di un paese che pareva civilmente e moralmente paralizzato dall\u2019inquinamento fascista.\u201d<\/p>\n\n\n\n<p>Sono state truppe anglo-americane, polacche, francesi, canadesi, australiane, neozelandesi, del Commonwealth (ricordate nel recente discorso del Re del Regno Unito, del Canada etc, Capo del Commonwealth al Parlamento italiano). Dobbiamo ripetere l\u2019ovviet\u00e0 che i partigiani erano armati, facevano la guerra partigiana con la tattica della guerriglia, con armi di fortuna, sottratte al nemico tedesco, fornite dagli aiuti degli Alleati. \u00c8 stata sia una guerra di liberazione nazionale sia una guerra civile tra italiani, antifascisti e fascisti.<\/p>\n\n\n\n<p>La realt\u00e0 resistenziale si espresse in un\u2019ampia pluralit\u00e0, oggi riconosciuta dopo essere stata misconosciuta: azionisti, socialisti, comunisti, liberali, cattolici, monarchici. Recenti ricerche hanno documentato che questa pluralit\u00e0 non si limitava agli schieramenti generali (tipo le Brigate Matteotti dei socialisti, le Brigate Garibaldi dei comunisti, Giustizia e Libert\u00e0 degli azionisti, le Fiamme Verdi dei cattolici) ma c\u2019era una varia pluralit\u00e0 all\u2019interno delle formazioni stesse: ad esempio un comandante delle Brigate Garibaldi era un cattolico dichiarato; un altro comandante aveva scritto sullo zaino \u201cViva Cristo Re, viva l\u2019Azione Cattolica!\u201d; gli ufficiali monarchici dettero un contributo essenziale per competenza militare. Soprattutto le adesioni avvenivano naturalmente per motivi immediati, locali, familiari, amicali, per un generico moto di libert\u00e0, per renitenza alla leva del regime di Sal\u00f2, per sdegno verso gli orrori del nemico; invece minoritarie erano le adesioni partitiche. Ma questa molteplicit\u00e0, variet\u00e0 rende pi\u00f9 viva e autentica la realt\u00e0 resistenziale.<br>Oltre il determinante aspetto militare della liberazione, ci fu una resistenza civile: contadini che hanno dato rifugio e protezione ai militari alleati, giusti che hanno salvato vite ebraiche a rischio della loro stessa vita, scioperi operai, il ruolo attivo di molte donne, etc.<\/p>\n\n\n\n<p>In generale, la liberazione dal nazifascismo \u00e8 stata determinata da una lotta, da una guerra partigiana combinata alla grande guerra alleata condotta senza tregua e compromessi fino alla capitolazione finale del nazifascismo.<br>Il testo costituzionale ripudia la guerra di aggressione, contempla invece la guerra di difesa come inevitabile e giusta alternativa alla prima. Per questo sono conformi ai valori permanenti del 25 aprile tutte le guerre di difesa, in Europa e nel mondo, contro aggressori e invasori, mentre il pacifismo ideologico tradisce il 25 aprile a favore dei distruttori della pace.<br>I pacifisti del 2025 sono gli eredi degli irenisti del 1939 che manifestavano contro la Francia e il Regno Unito, che dicevano \u201cHitler non ci ha attaccato, perch\u00e9 dovremmo combatterlo?\u201d e urlavano \u201cNon vogliamo morire per Danzica!\u201d. Gli irenisti che ricevevano la benevola attenzione di Hitler e ne ispiravano alcuni passaggi \u201cpacifisti\u201d dei suoi deliranti discorsi, alternati ai ricatti di guerra e terrore; i pacifisti del 2025 usano il ricatto atomico di Putin e la truffa di Trump per tentare di imporre resa e schiavit\u00f9 a Ucraina e Israele. Un onesto pacifismo minimale dovrebbe chiedere il ritiro immediato delle truppe russe e mercenarie dall\u2019Ucraina e la capitolazione di Hamas a Gaza, invece si agitano contro la difesa europea. Sono dunque dei bellicisti politici e ideologici, che nel loro furore antioccidentale agiscono da quinta colonna dell\u2019aggressore o da campo di utile idiozia; alcuni sono di sentimenti pacifisti, ma nella loro cecit\u00e1 sono strumenti della politica bellicista e schiavista del pericoloso fronte liberticida, totalitario e terrorista di Russia-Cina-Iran-Corea del Nord-naziislamisti.<\/p>\n\n\n\n<p>I valori della pace e le possibilit\u00e0 di relazioni pacifiche sono affidate al coraggio della libert\u00e0, per una fermezza, deterrenza, difesa intransigente contro la mortale offensiva anti-democratica e il tradimento dell\u2019amministrazione Trump.<br>Per prossimi 25 aprile, di memoria viva, per valori permanenti di libert\u00e0, di coraggio difensivo dal fascismo-totalitarismo-terrorismo di oggi, sola strada che pu\u00f2 aprire a una pace futura.<\/p>\n\n\n\n<p><\/p>\n","protected":false},"excerpt":{"rendered":"<p>di Antonio Cardellicchio* Una riflessione post-25 aprile, visti gli eventi, le polemiche, i battibecchi, le violenze verbali e fisiche.Per l\u2019Italia ufficiale retorica museale, luoghi comuni, congelamento; nel dibattito osservazioni e contributi di studiosi e minoranze; per la piazza prevale tradimento e ribaltamento dei valori liberatori. La memoria viva e il fuoco di libert\u00e0 del 25 [&hellip;]<\/p>\n","protected":false},"author":2,"featured_media":4081,"comment_status":"open","ping_status":"open","sticky":false,"template":"","format":"standard","meta":{"iawp_total_views":24,"footnotes":""},"categories":[4],"tags":[191,781,18,13],"class_list":["post-4080","post","type-post","status-publish","format-standard","has-post-thumbnail","hentry","category-attualita","tag-25-aprile","tag-anpi","tag-hamas","tag-israele"],"yoast_head":"<!-- This site is optimized with the Yoast SEO plugin v27.5 - https:\/\/yoast.com\/product\/yoast-seo-wordpress\/ -->\r\n<title>Il 25 aprile tradito (e imbalsamato) - Federazione Associazioni Italia Israele<\/title>\r\n<meta name=\"robots\" content=\"index, follow, max-snippet:-1, max-image-preview:large, max-video-preview:-1\" \/>\r\n<link rel=\"canonical\" href=\"https:\/\/www.italiaisraele.org\/?p=4080\" \/>\r\n<meta property=\"og:locale\" content=\"it_IT\" \/>\r\n<meta property=\"og:type\" content=\"article\" \/>\r\n<meta property=\"og:title\" content=\"Il 25 aprile tradito (e imbalsamato) - Federazione Associazioni Italia Israele\" \/>\r\n<meta property=\"og:description\" content=\"di Antonio Cardellicchio* Una riflessione post-25 aprile, visti gli eventi, le polemiche, i battibecchi, le violenze verbali e fisiche.Per l\u2019Italia ufficiale retorica museale, luoghi comuni, congelamento; nel dibattito osservazioni e contributi di studiosi e minoranze; per la piazza prevale tradimento e ribaltamento dei valori liberatori. La memoria viva e il fuoco di libert\u00e0 del 25 [&hellip;]\" \/>\r\n<meta property=\"og:url\" content=\"https:\/\/www.italiaisraele.org\/?p=4080\" \/>\r\n<meta property=\"og:site_name\" content=\"Federazione Associazioni Italia Israele\" \/>\r\n<meta property=\"article:publisher\" content=\"https:\/\/www.facebook.com\/Federazione.Associazioni.Italia.Israele\" \/>\r\n<meta property=\"article:published_time\" content=\"2025-04-29T16:35:03+00:00\" \/>\r\n<meta property=\"article:modified_time\" content=\"2025-04-29T16:36:30+00:00\" \/>\r\n<meta property=\"og:image\" content=\"https:\/\/www.italiaisraele.org\/wp-content\/uploads\/2025\/04\/IMG-20250426-WA0055.jpg\" \/>\r\n\t<meta property=\"og:image:width\" content=\"1280\" \/>\r\n\t<meta property=\"og:image:height\" content=\"720\" \/>\r\n\t<meta property=\"og:image:type\" content=\"image\/jpeg\" \/>\r\n<meta name=\"author\" content=\"Redazione\" \/>\r\n<meta name=\"twitter:card\" content=\"summary_large_image\" \/>\r\n<meta name=\"twitter:label1\" content=\"Scritto da\" \/>\n\t<meta name=\"twitter:data1\" content=\"Redazione\" \/>\n\t<meta name=\"twitter:label2\" content=\"Tempo di lettura stimato\" \/>\n\t<meta name=\"twitter:data2\" content=\"9 minuti\" \/>\r\n<script type=\"application\/ld+json\" class=\"yoast-schema-graph\">{\"@context\":\"https:\\\/\\\/schema.org\",\"@graph\":[{\"@type\":\"Article\",\"@id\":\"https:\\\/\\\/www.italiaisraele.org\\\/?p=4080#article\",\"isPartOf\":{\"@id\":\"https:\\\/\\\/www.italiaisraele.org\\\/?p=4080\"},\"author\":{\"name\":\"Redazione\",\"@id\":\"https:\\\/\\\/www.italiaisraele.org\\\/#\\\/schema\\\/person\\\/a58663d7e92468eb3e7d158e016946cd\"},\"headline\":\"Il 25 aprile tradito (e imbalsamato)\",\"datePublished\":\"2025-04-29T16:35:03+00:00\",\"dateModified\":\"2025-04-29T16:36:30+00:00\",\"mainEntityOfPage\":{\"@id\":\"https:\\\/\\\/www.italiaisraele.org\\\/?p=4080\"},\"wordCount\":1616,\"commentCount\":0,\"publisher\":{\"@id\":\"https:\\\/\\\/www.italiaisraele.org\\\/#organization\"},\"image\":{\"@id\":\"https:\\\/\\\/www.italiaisraele.org\\\/?p=4080#primaryimage\"},\"thumbnailUrl\":\"https:\\\/\\\/www.italiaisraele.org\\\/wp-content\\\/uploads\\\/2025\\\/04\\\/IMG-20250426-WA0055.jpg\",\"keywords\":[\"25 Aprile\",\"Anpi\",\"hamas\",\"Israele\"],\"articleSection\":[\"Attualit\u00e0\"],\"inLanguage\":\"it-IT\",\"potentialAction\":[{\"@type\":\"CommentAction\",\"name\":\"Comment\",\"target\":[\"https:\\\/\\\/www.italiaisraele.org\\\/?p=4080#respond\"]}]},{\"@type\":\"WebPage\",\"@id\":\"https:\\\/\\\/www.italiaisraele.org\\\/?p=4080\",\"url\":\"https:\\\/\\\/www.italiaisraele.org\\\/?p=4080\",\"name\":\"Il 25 aprile tradito (e imbalsamato) - Federazione Associazioni Italia Israele\",\"isPartOf\":{\"@id\":\"https:\\\/\\\/www.italiaisraele.org\\\/#website\"},\"primaryImageOfPage\":{\"@id\":\"https:\\\/\\\/www.italiaisraele.org\\\/?p=4080#primaryimage\"},\"image\":{\"@id\":\"https:\\\/\\\/www.italiaisraele.org\\\/?p=4080#primaryimage\"},\"thumbnailUrl\":\"https:\\\/\\\/www.italiaisraele.org\\\/wp-content\\\/uploads\\\/2025\\\/04\\\/IMG-20250426-WA0055.jpg\",\"datePublished\":\"2025-04-29T16:35:03+00:00\",\"dateModified\":\"2025-04-29T16:36:30+00:00\",\"breadcrumb\":{\"@id\":\"https:\\\/\\\/www.italiaisraele.org\\\/?p=4080#breadcrumb\"},\"inLanguage\":\"it-IT\",\"potentialAction\":[{\"@type\":\"ReadAction\",\"target\":[\"https:\\\/\\\/www.italiaisraele.org\\\/?p=4080\"]}]},{\"@type\":\"ImageObject\",\"inLanguage\":\"it-IT\",\"@id\":\"https:\\\/\\\/www.italiaisraele.org\\\/?p=4080#primaryimage\",\"url\":\"https:\\\/\\\/www.italiaisraele.org\\\/wp-content\\\/uploads\\\/2025\\\/04\\\/IMG-20250426-WA0055.jpg\",\"contentUrl\":\"https:\\\/\\\/www.italiaisraele.org\\\/wp-content\\\/uploads\\\/2025\\\/04\\\/IMG-20250426-WA0055.jpg\",\"width\":1280,\"height\":720},{\"@type\":\"BreadcrumbList\",\"@id\":\"https:\\\/\\\/www.italiaisraele.org\\\/?p=4080#breadcrumb\",\"itemListElement\":[{\"@type\":\"ListItem\",\"position\":1,\"name\":\"Home\",\"item\":\"https:\\\/\\\/www.italiaisraele.org\\\/\"},{\"@type\":\"ListItem\",\"position\":2,\"name\":\"Il 25 aprile tradito (e imbalsamato)\"}]},{\"@type\":\"WebSite\",\"@id\":\"https:\\\/\\\/www.italiaisraele.org\\\/#website\",\"url\":\"https:\\\/\\\/www.italiaisraele.org\\\/\",\"name\":\"News Italia - Israele\",\"description\":\"Italia Israele Today - Magazine\",\"publisher\":{\"@id\":\"https:\\\/\\\/www.italiaisraele.org\\\/#organization\"},\"potentialAction\":[{\"@type\":\"SearchAction\",\"target\":{\"@type\":\"EntryPoint\",\"urlTemplate\":\"https:\\\/\\\/www.italiaisraele.org\\\/?s={search_term_string}\"},\"query-input\":{\"@type\":\"PropertyValueSpecification\",\"valueRequired\":true,\"valueName\":\"search_term_string\"}}],\"inLanguage\":\"it-IT\"},{\"@type\":\"Organization\",\"@id\":\"https:\\\/\\\/www.italiaisraele.org\\\/#organization\",\"name\":\"News Italia - Israele\",\"url\":\"https:\\\/\\\/www.italiaisraele.org\\\/\",\"logo\":{\"@type\":\"ImageObject\",\"inLanguage\":\"it-IT\",\"@id\":\"https:\\\/\\\/www.italiaisraele.org\\\/#\\\/schema\\\/logo\\\/image\\\/\",\"url\":\"https:\\\/\\\/www.italiaisraele.org\\\/wp-content\\\/uploads\\\/2024\\\/02\\\/cropped-cropped-TESTATA-NEWS-2.jpg\",\"contentUrl\":\"https:\\\/\\\/www.italiaisraele.org\\\/wp-content\\\/uploads\\\/2024\\\/02\\\/cropped-cropped-TESTATA-NEWS-2.jpg\",\"width\":1918,\"height\":291,\"caption\":\"News Italia - Israele\"},\"image\":{\"@id\":\"https:\\\/\\\/www.italiaisraele.org\\\/#\\\/schema\\\/logo\\\/image\\\/\"},\"sameAs\":[\"https:\\\/\\\/www.facebook.com\\\/Federazione.Associazioni.Italia.Israele\"]},{\"@type\":\"Person\",\"@id\":\"https:\\\/\\\/www.italiaisraele.org\\\/#\\\/schema\\\/person\\\/a58663d7e92468eb3e7d158e016946cd\",\"name\":\"Redazione\",\"image\":{\"@type\":\"ImageObject\",\"inLanguage\":\"it-IT\",\"@id\":\"https:\\\/\\\/secure.gravatar.com\\\/avatar\\\/fe11715b332cc423bb3991a005da4d50b44647eec21b11abddd059d3deafc450?s=96&d=mm&r=g\",\"url\":\"https:\\\/\\\/secure.gravatar.com\\\/avatar\\\/fe11715b332cc423bb3991a005da4d50b44647eec21b11abddd059d3deafc450?s=96&d=mm&r=g\",\"contentUrl\":\"https:\\\/\\\/secure.gravatar.com\\\/avatar\\\/fe11715b332cc423bb3991a005da4d50b44647eec21b11abddd059d3deafc450?s=96&d=mm&r=g\",\"caption\":\"Redazione\"},\"url\":\"https:\\\/\\\/www.italiaisraele.org\\\/?author=2\"}]}<\/script>\r\n<!-- \/ Yoast SEO plugin. -->","yoast_head_json":{"title":"Il 25 aprile tradito (e imbalsamato) - Federazione Associazioni Italia Israele","robots":{"index":"index","follow":"follow","max-snippet":"max-snippet:-1","max-image-preview":"max-image-preview:large","max-video-preview":"max-video-preview:-1"},"canonical":"https:\/\/www.italiaisraele.org\/?p=4080","og_locale":"it_IT","og_type":"article","og_title":"Il 25 aprile tradito (e imbalsamato) - Federazione Associazioni Italia Israele","og_description":"di Antonio Cardellicchio* Una riflessione post-25 aprile, visti gli eventi, le polemiche, i battibecchi, le violenze verbali e fisiche.Per l\u2019Italia ufficiale retorica museale, luoghi comuni, congelamento; nel dibattito osservazioni e contributi di studiosi e minoranze; per la piazza prevale tradimento e ribaltamento dei valori liberatori. La memoria viva e il fuoco di libert\u00e0 del 25 [&hellip;]","og_url":"https:\/\/www.italiaisraele.org\/?p=4080","og_site_name":"Federazione Associazioni Italia Israele","article_publisher":"https:\/\/www.facebook.com\/Federazione.Associazioni.Italia.Israele","article_published_time":"2025-04-29T16:35:03+00:00","article_modified_time":"2025-04-29T16:36:30+00:00","og_image":[{"width":1280,"height":720,"url":"https:\/\/www.italiaisraele.org\/wp-content\/uploads\/2025\/04\/IMG-20250426-WA0055.jpg","type":"image\/jpeg"}],"author":"Redazione","twitter_card":"summary_large_image","twitter_misc":{"Scritto da":"Redazione","Tempo di lettura stimato":"9 minuti"},"schema":{"@context":"https:\/\/schema.org","@graph":[{"@type":"Article","@id":"https:\/\/www.italiaisraele.org\/?p=4080#article","isPartOf":{"@id":"https:\/\/www.italiaisraele.org\/?p=4080"},"author":{"name":"Redazione","@id":"https:\/\/www.italiaisraele.org\/#\/schema\/person\/a58663d7e92468eb3e7d158e016946cd"},"headline":"Il 25 aprile tradito (e imbalsamato)","datePublished":"2025-04-29T16:35:03+00:00","dateModified":"2025-04-29T16:36:30+00:00","mainEntityOfPage":{"@id":"https:\/\/www.italiaisraele.org\/?p=4080"},"wordCount":1616,"commentCount":0,"publisher":{"@id":"https:\/\/www.italiaisraele.org\/#organization"},"image":{"@id":"https:\/\/www.italiaisraele.org\/?p=4080#primaryimage"},"thumbnailUrl":"https:\/\/www.italiaisraele.org\/wp-content\/uploads\/2025\/04\/IMG-20250426-WA0055.jpg","keywords":["25 Aprile","Anpi","hamas","Israele"],"articleSection":["Attualit\u00e0"],"inLanguage":"it-IT","potentialAction":[{"@type":"CommentAction","name":"Comment","target":["https:\/\/www.italiaisraele.org\/?p=4080#respond"]}]},{"@type":"WebPage","@id":"https:\/\/www.italiaisraele.org\/?p=4080","url":"https:\/\/www.italiaisraele.org\/?p=4080","name":"Il 25 aprile tradito (e imbalsamato) - Federazione Associazioni Italia Israele","isPartOf":{"@id":"https:\/\/www.italiaisraele.org\/#website"},"primaryImageOfPage":{"@id":"https:\/\/www.italiaisraele.org\/?p=4080#primaryimage"},"image":{"@id":"https:\/\/www.italiaisraele.org\/?p=4080#primaryimage"},"thumbnailUrl":"https:\/\/www.italiaisraele.org\/wp-content\/uploads\/2025\/04\/IMG-20250426-WA0055.jpg","datePublished":"2025-04-29T16:35:03+00:00","dateModified":"2025-04-29T16:36:30+00:00","breadcrumb":{"@id":"https:\/\/www.italiaisraele.org\/?p=4080#breadcrumb"},"inLanguage":"it-IT","potentialAction":[{"@type":"ReadAction","target":["https:\/\/www.italiaisraele.org\/?p=4080"]}]},{"@type":"ImageObject","inLanguage":"it-IT","@id":"https:\/\/www.italiaisraele.org\/?p=4080#primaryimage","url":"https:\/\/www.italiaisraele.org\/wp-content\/uploads\/2025\/04\/IMG-20250426-WA0055.jpg","contentUrl":"https:\/\/www.italiaisraele.org\/wp-content\/uploads\/2025\/04\/IMG-20250426-WA0055.jpg","width":1280,"height":720},{"@type":"BreadcrumbList","@id":"https:\/\/www.italiaisraele.org\/?p=4080#breadcrumb","itemListElement":[{"@type":"ListItem","position":1,"name":"Home","item":"https:\/\/www.italiaisraele.org\/"},{"@type":"ListItem","position":2,"name":"Il 25 aprile tradito (e imbalsamato)"}]},{"@type":"WebSite","@id":"https:\/\/www.italiaisraele.org\/#website","url":"https:\/\/www.italiaisraele.org\/","name":"News Italia - Israele","description":"Italia Israele Today - Magazine","publisher":{"@id":"https:\/\/www.italiaisraele.org\/#organization"},"potentialAction":[{"@type":"SearchAction","target":{"@type":"EntryPoint","urlTemplate":"https:\/\/www.italiaisraele.org\/?s={search_term_string}"},"query-input":{"@type":"PropertyValueSpecification","valueRequired":true,"valueName":"search_term_string"}}],"inLanguage":"it-IT"},{"@type":"Organization","@id":"https:\/\/www.italiaisraele.org\/#organization","name":"News Italia - Israele","url":"https:\/\/www.italiaisraele.org\/","logo":{"@type":"ImageObject","inLanguage":"it-IT","@id":"https:\/\/www.italiaisraele.org\/#\/schema\/logo\/image\/","url":"https:\/\/www.italiaisraele.org\/wp-content\/uploads\/2024\/02\/cropped-cropped-TESTATA-NEWS-2.jpg","contentUrl":"https:\/\/www.italiaisraele.org\/wp-content\/uploads\/2024\/02\/cropped-cropped-TESTATA-NEWS-2.jpg","width":1918,"height":291,"caption":"News Italia - Israele"},"image":{"@id":"https:\/\/www.italiaisraele.org\/#\/schema\/logo\/image\/"},"sameAs":["https:\/\/www.facebook.com\/Federazione.Associazioni.Italia.Israele"]},{"@type":"Person","@id":"https:\/\/www.italiaisraele.org\/#\/schema\/person\/a58663d7e92468eb3e7d158e016946cd","name":"Redazione","image":{"@type":"ImageObject","inLanguage":"it-IT","@id":"https:\/\/secure.gravatar.com\/avatar\/fe11715b332cc423bb3991a005da4d50b44647eec21b11abddd059d3deafc450?s=96&d=mm&r=g","url":"https:\/\/secure.gravatar.com\/avatar\/fe11715b332cc423bb3991a005da4d50b44647eec21b11abddd059d3deafc450?s=96&d=mm&r=g","contentUrl":"https:\/\/secure.gravatar.com\/avatar\/fe11715b332cc423bb3991a005da4d50b44647eec21b11abddd059d3deafc450?s=96&d=mm&r=g","caption":"Redazione"},"url":"https:\/\/www.italiaisraele.org\/?author=2"}]}},"_links":{"self":[{"href":"https:\/\/www.italiaisraele.org\/index.php?rest_route=\/wp\/v2\/posts\/4080","targetHints":{"allow":["GET"]}}],"collection":[{"href":"https:\/\/www.italiaisraele.org\/index.php?rest_route=\/wp\/v2\/posts"}],"about":[{"href":"https:\/\/www.italiaisraele.org\/index.php?rest_route=\/wp\/v2\/types\/post"}],"author":[{"embeddable":true,"href":"https:\/\/www.italiaisraele.org\/index.php?rest_route=\/wp\/v2\/users\/2"}],"replies":[{"embeddable":true,"href":"https:\/\/www.italiaisraele.org\/index.php?rest_route=%2Fwp%2Fv2%2Fcomments&post=4080"}],"version-history":[{"count":0,"href":"https:\/\/www.italiaisraele.org\/index.php?rest_route=\/wp\/v2\/posts\/4080\/revisions"}],"wp:featuredmedia":[{"embeddable":true,"href":"https:\/\/www.italiaisraele.org\/index.php?rest_route=\/wp\/v2\/media\/4081"}],"wp:attachment":[{"href":"https:\/\/www.italiaisraele.org\/index.php?rest_route=%2Fwp%2Fv2%2Fmedia&parent=4080"}],"wp:term":[{"taxonomy":"category","embeddable":true,"href":"https:\/\/www.italiaisraele.org\/index.php?rest_route=%2Fwp%2Fv2%2Fcategories&post=4080"},{"taxonomy":"post_tag","embeddable":true,"href":"https:\/\/www.italiaisraele.org\/index.php?rest_route=%2Fwp%2Fv2%2Ftags&post=4080"}],"curies":[{"name":"wp","href":"https:\/\/api.w.org\/{rel}","templated":true}]}}