{"id":4075,"date":"2025-04-29T17:10:35","date_gmt":"2025-04-29T15:10:35","guid":{"rendered":"https:\/\/www.italiaisraele.org\/?p=4075"},"modified":"2025-04-29T17:47:41","modified_gmt":"2025-04-29T15:47:41","slug":"scuola-e-propaganda-a-milano-tira-brutta-aria","status":"publish","type":"post","link":"https:\/\/www.italiaisraele.org\/?p=4075","title":{"rendered":"Scuola e propaganda, a Milano tira brutta aria"},"content":{"rendered":"\n<p>Intervento di <em>Andrea Atzeni<\/em>*<\/p>\n\n\n\n<p>Il 7 febbraio scorso Mosaico rese pubblica la mia vicenda, poi ripresa da numerose altre testate. Quattro giorni prima la direzione del liceo nel quale insegno aveva avviato nei miei confronti un procedimento disciplinare perch\u00e9, denunciando l\u2019ennesimo caso di propaganda antisemita dentro le mura scolastiche, avrei abusato della posta elettronica scolastica e sarei venuto meno ai miei doveri di docente. I lettori si saranno chiesti come sia andata a finire. Ebbene, sono finiti i 60 giorni di tempo che l\u2019amministrazione aveva a disposizione per chiudere la pratica, o con una sanzione o con una archiviazione. In realt\u00e0 il sottoscritto non \u00e8 stato degnato di nessuna comunicazione al proposito, per cui il procedimento pu\u00f2 ritenersi tacitamente decaduto. Deve essersi rivelata inaggirabile l\u2019infondatezza delle accuse (tra l\u2019altro, l\u2019aver \u201crilasciati e divulgati giudizi nei confronti degli studenti del collettivo\u201d, e l\u2019aver diffuso \u201cuna segnalazione che avrebbe dovuta indirizzarsi esclusivamente al dirigente scolastico\u201d). \u00c8 questo un primo punto fermo da tenere ben presente.<\/p>\n\n\n\n<p>Il 26 febbraio tuttavia sono stato raggiunto da una nuova contestazione disciplinare, stavolta avrei violato i doveri di correttezza e responsabilit\u00e0 per aver leso l\u2019immagine dell\u2019amministrazione proprio rilasciando l\u2019intervista a Mosaico! A formalizzarmi l\u2019accusa ora \u00e8 l\u2019Ufficio scolastico territoriale, dotato di poteri sanzionatori in apparenza pi\u00f9 minacciosi (e spada di Damocle pi\u00f9 duratura, di 120 giorni), se soltanto la nuova accusa non fosse ancora pi\u00f9 grottesca della prima: avrei detto di essere stato punito, mentre per ora non ho subito ancora nessuna sanzione; e avrei mentito sul motivo, visto che mi si contestava solo l\u2019impiego della posta elettronica. Peccato per\u00f2 che nessuno dei giornalisti che hanno raccolto la mia testimonianza mi abbia mai messo in bocca affermazioni simili. \u00c8 vero che Mosaico, e similmente poi altre testate, dapprima titolava \u201cMilano, Liceo Da Vinci: docente punito per aver denunciato l\u2019odio contro Israele in occasione del Giorno della Memoria\u201d. Si tratta tuttavia di una evidente sintesi del titolista, discutibile quanto si vuole, se proprio si ama cavillare su simili dettagli, ma certo non attribuita n\u00e9 attribuibile al protagonista della vicenda. La segnalazione della scuola arrivava ad accusarmi di aver diffuso io stesso il testo di un volantino agli studenti, e a negare persino che ci fosse stata qualsiasi \u201ccomunicazione oltraggiosa\u201d da parte del Collettivo studentesco. Almeno questi spropositi vengono omessi nella contestazione.<\/p>\n\n\n\n<p>Intanto il caso aveva suscitato subito preoccupati interrogativi presso la comunit\u00e0 ebraica. Sono cos\u00ec variamente emersi ulteriori particolari.<\/p>\n\n\n\n<p>Pare che per rabbonire le curiosit\u00e0 del ministero dell\u2019istruzione il sottoscritto sia stato spacciato per un molesto recidivo, avvezzo ad abusare della posta elettronica scolastica. In particolare avrei \u201cin altre due circostanze utilizzato la mail istituzionale destinata a tutti i docenti per ironizzare pesantemente su due iniziative formative proposte alla scuola dalla diocesi e da una associazione professionale di ispirazione cattolica\u201d. Ho chiesto l\u2019accesso ai relativi atti, ma mi sono stati negati. Se capisco bene, si allude a due iniziative di diversi anni fa in realt\u00e0 del tutto prive di qualsiasi valore \u201cformativo\u201d e proprio per questo fonte, insieme ad altre, di vivace perplessit\u00e0 circa la loro rispondenza alle finalit\u00e0 \u201cistituzionali\u201d (sempre evocate a fini censori) dei canali scolastici, a partire dalla solita posta elettronica tramite la quale le si pubblicizzava \u201ca tutti i docenti\u201d.<\/p>\n\n\n\n<p>Va sottolineato che quelle ironie non sono mai state oggetto di contestazione disciplinare, solo ora vengono ufficiosamente trascelte e dichiarate indiscutibilmente troppo \u201cpesanti\u201d. Per fare un altro esempio simile, all\u2019inizio dello scorso novembre ho risposto polemicamente per posta elettronica istituzionale a un invito dell\u2019ANPI giunto per la stessa via a tutti i docenti. Gli scambi hanno coinvolto anche il Comune di Milano e lo stesso Ufficio scolastico. La mia risposta \u00e8 poi uscita anche sul Bet Magazine di gennaio. All\u2019amministrazione invece non dev\u2019essere sembrato un contributo utile a porre i problemi in questione nella giusta prospettiva.<\/p>\n\n\n\n<p>*<em>Docente (pubblicato su Bet Magazine Mosaico)<\/em><\/p>\n\n\n\n<p><\/p>\n","protected":false},"excerpt":{"rendered":"<p>Intervento di Andrea Atzeni* Il 7 febbraio scorso Mosaico rese pubblica la mia vicenda, poi ripresa da numerose altre testate. Quattro giorni prima la direzione del liceo nel quale insegno aveva avviato nei miei confronti un procedimento disciplinare perch\u00e9, denunciando l\u2019ennesimo caso di propaganda antisemita dentro le mura scolastiche, avrei abusato della posta elettronica scolastica [&hellip;]<\/p>\n","protected":false},"author":2,"featured_media":4076,"comment_status":"open","ping_status":"open","sticky":false,"template":"","format":"standard","meta":{"iawp_total_views":25,"footnotes":""},"categories":[4],"tags":[228,780],"class_list":["post-4075","post","type-post","status-publish","format-standard","has-post-thumbnail","hentry","category-attualita","tag-milano","tag-provvedimento-disciplinare"],"yoast_head":"<!-- This site is optimized with the Yoast SEO plugin v27.5 - https:\/\/yoast.com\/product\/yoast-seo-wordpress\/ -->\r\n<title>Scuola e propaganda, a Milano tira brutta aria - Federazione Associazioni Italia Israele<\/title>\r\n<meta name=\"robots\" content=\"index, follow, max-snippet:-1, max-image-preview:large, max-video-preview:-1\" \/>\r\n<link rel=\"canonical\" href=\"https:\/\/www.italiaisraele.org\/?p=4075\" \/>\r\n<meta property=\"og:locale\" content=\"it_IT\" \/>\r\n<meta property=\"og:type\" content=\"article\" \/>\r\n<meta property=\"og:title\" content=\"Scuola e propaganda, a Milano tira brutta aria - Federazione Associazioni Italia Israele\" \/>\r\n<meta property=\"og:description\" content=\"Intervento di Andrea Atzeni* Il 7 febbraio scorso Mosaico rese pubblica la mia vicenda, poi ripresa da numerose altre testate. Quattro giorni prima la direzione del liceo nel quale insegno aveva avviato nei miei confronti un procedimento disciplinare perch\u00e9, denunciando l\u2019ennesimo caso di propaganda antisemita dentro le mura scolastiche, avrei abusato della posta elettronica scolastica [&hellip;]\" \/>\r\n<meta property=\"og:url\" content=\"https:\/\/www.italiaisraele.org\/?p=4075\" \/>\r\n<meta property=\"og:site_name\" content=\"Federazione Associazioni Italia Israele\" \/>\r\n<meta property=\"article:publisher\" content=\"https:\/\/www.facebook.com\/Federazione.Associazioni.Italia.Israele\" \/>\r\n<meta property=\"article:published_time\" content=\"2025-04-29T15:10:35+00:00\" \/>\r\n<meta property=\"article:modified_time\" content=\"2025-04-29T15:47:41+00:00\" \/>\r\n<meta property=\"og:image\" content=\"https:\/\/www.italiaisraele.org\/wp-content\/uploads\/2025\/04\/liceo-Da-vinci-Milano-1.jpg\" \/>\r\n\t<meta property=\"og:image:width\" content=\"1200\" \/>\r\n\t<meta property=\"og:image:height\" content=\"675\" \/>\r\n\t<meta property=\"og:image:type\" content=\"image\/jpeg\" \/>\r\n<meta name=\"author\" content=\"Redazione\" \/>\r\n<meta name=\"twitter:card\" content=\"summary_large_image\" \/>\r\n<meta name=\"twitter:label1\" content=\"Scritto da\" \/>\n\t<meta name=\"twitter:data1\" content=\"Redazione\" \/>\n\t<meta name=\"twitter:label2\" content=\"Tempo di lettura stimato\" \/>\n\t<meta name=\"twitter:data2\" content=\"4 minuti\" \/>\r\n<script type=\"application\/ld+json\" class=\"yoast-schema-graph\">{\"@context\":\"https:\\\/\\\/schema.org\",\"@graph\":[{\"@type\":\"Article\",\"@id\":\"https:\\\/\\\/www.italiaisraele.org\\\/?p=4075#article\",\"isPartOf\":{\"@id\":\"https:\\\/\\\/www.italiaisraele.org\\\/?p=4075\"},\"author\":{\"name\":\"Redazione\",\"@id\":\"https:\\\/\\\/www.italiaisraele.org\\\/#\\\/schema\\\/person\\\/a58663d7e92468eb3e7d158e016946cd\"},\"headline\":\"Scuola e propaganda, a Milano tira brutta aria\",\"datePublished\":\"2025-04-29T15:10:35+00:00\",\"dateModified\":\"2025-04-29T15:47:41+00:00\",\"mainEntityOfPage\":{\"@id\":\"https:\\\/\\\/www.italiaisraele.org\\\/?p=4075\"},\"wordCount\":656,\"commentCount\":0,\"publisher\":{\"@id\":\"https:\\\/\\\/www.italiaisraele.org\\\/#organization\"},\"image\":{\"@id\":\"https:\\\/\\\/www.italiaisraele.org\\\/?p=4075#primaryimage\"},\"thumbnailUrl\":\"https:\\\/\\\/www.italiaisraele.org\\\/wp-content\\\/uploads\\\/2025\\\/04\\\/liceo-Da-vinci-Milano-1.jpg\",\"keywords\":[\"Milano\",\"provvedimento disciplinare\"],\"articleSection\":[\"Attualit\u00e0\"],\"inLanguage\":\"it-IT\",\"potentialAction\":[{\"@type\":\"CommentAction\",\"name\":\"Comment\",\"target\":[\"https:\\\/\\\/www.italiaisraele.org\\\/?p=4075#respond\"]}]},{\"@type\":\"WebPage\",\"@id\":\"https:\\\/\\\/www.italiaisraele.org\\\/?p=4075\",\"url\":\"https:\\\/\\\/www.italiaisraele.org\\\/?p=4075\",\"name\":\"Scuola e propaganda, a Milano tira brutta aria - Federazione Associazioni Italia Israele\",\"isPartOf\":{\"@id\":\"https:\\\/\\\/www.italiaisraele.org\\\/#website\"},\"primaryImageOfPage\":{\"@id\":\"https:\\\/\\\/www.italiaisraele.org\\\/?p=4075#primaryimage\"},\"image\":{\"@id\":\"https:\\\/\\\/www.italiaisraele.org\\\/?p=4075#primaryimage\"},\"thumbnailUrl\":\"https:\\\/\\\/www.italiaisraele.org\\\/wp-content\\\/uploads\\\/2025\\\/04\\\/liceo-Da-vinci-Milano-1.jpg\",\"datePublished\":\"2025-04-29T15:10:35+00:00\",\"dateModified\":\"2025-04-29T15:47:41+00:00\",\"breadcrumb\":{\"@id\":\"https:\\\/\\\/www.italiaisraele.org\\\/?p=4075#breadcrumb\"},\"inLanguage\":\"it-IT\",\"potentialAction\":[{\"@type\":\"ReadAction\",\"target\":[\"https:\\\/\\\/www.italiaisraele.org\\\/?p=4075\"]}]},{\"@type\":\"ImageObject\",\"inLanguage\":\"it-IT\",\"@id\":\"https:\\\/\\\/www.italiaisraele.org\\\/?p=4075#primaryimage\",\"url\":\"https:\\\/\\\/www.italiaisraele.org\\\/wp-content\\\/uploads\\\/2025\\\/04\\\/liceo-Da-vinci-Milano-1.jpg\",\"contentUrl\":\"https:\\\/\\\/www.italiaisraele.org\\\/wp-content\\\/uploads\\\/2025\\\/04\\\/liceo-Da-vinci-Milano-1.jpg\",\"width\":1200,\"height\":675},{\"@type\":\"BreadcrumbList\",\"@id\":\"https:\\\/\\\/www.italiaisraele.org\\\/?p=4075#breadcrumb\",\"itemListElement\":[{\"@type\":\"ListItem\",\"position\":1,\"name\":\"Home\",\"item\":\"https:\\\/\\\/www.italiaisraele.org\\\/\"},{\"@type\":\"ListItem\",\"position\":2,\"name\":\"Scuola e propaganda, a Milano tira brutta aria\"}]},{\"@type\":\"WebSite\",\"@id\":\"https:\\\/\\\/www.italiaisraele.org\\\/#website\",\"url\":\"https:\\\/\\\/www.italiaisraele.org\\\/\",\"name\":\"News Italia - Israele\",\"description\":\"Italia Israele Today - Magazine\",\"publisher\":{\"@id\":\"https:\\\/\\\/www.italiaisraele.org\\\/#organization\"},\"potentialAction\":[{\"@type\":\"SearchAction\",\"target\":{\"@type\":\"EntryPoint\",\"urlTemplate\":\"https:\\\/\\\/www.italiaisraele.org\\\/?s={search_term_string}\"},\"query-input\":{\"@type\":\"PropertyValueSpecification\",\"valueRequired\":true,\"valueName\":\"search_term_string\"}}],\"inLanguage\":\"it-IT\"},{\"@type\":\"Organization\",\"@id\":\"https:\\\/\\\/www.italiaisraele.org\\\/#organization\",\"name\":\"News Italia - Israele\",\"url\":\"https:\\\/\\\/www.italiaisraele.org\\\/\",\"logo\":{\"@type\":\"ImageObject\",\"inLanguage\":\"it-IT\",\"@id\":\"https:\\\/\\\/www.italiaisraele.org\\\/#\\\/schema\\\/logo\\\/image\\\/\",\"url\":\"https:\\\/\\\/www.italiaisraele.org\\\/wp-content\\\/uploads\\\/2024\\\/02\\\/cropped-cropped-TESTATA-NEWS-2.jpg\",\"contentUrl\":\"https:\\\/\\\/www.italiaisraele.org\\\/wp-content\\\/uploads\\\/2024\\\/02\\\/cropped-cropped-TESTATA-NEWS-2.jpg\",\"width\":1918,\"height\":291,\"caption\":\"News Italia - Israele\"},\"image\":{\"@id\":\"https:\\\/\\\/www.italiaisraele.org\\\/#\\\/schema\\\/logo\\\/image\\\/\"},\"sameAs\":[\"https:\\\/\\\/www.facebook.com\\\/Federazione.Associazioni.Italia.Israele\"]},{\"@type\":\"Person\",\"@id\":\"https:\\\/\\\/www.italiaisraele.org\\\/#\\\/schema\\\/person\\\/a58663d7e92468eb3e7d158e016946cd\",\"name\":\"Redazione\",\"image\":{\"@type\":\"ImageObject\",\"inLanguage\":\"it-IT\",\"@id\":\"https:\\\/\\\/secure.gravatar.com\\\/avatar\\\/fe11715b332cc423bb3991a005da4d50b44647eec21b11abddd059d3deafc450?s=96&d=mm&r=g\",\"url\":\"https:\\\/\\\/secure.gravatar.com\\\/avatar\\\/fe11715b332cc423bb3991a005da4d50b44647eec21b11abddd059d3deafc450?s=96&d=mm&r=g\",\"contentUrl\":\"https:\\\/\\\/secure.gravatar.com\\\/avatar\\\/fe11715b332cc423bb3991a005da4d50b44647eec21b11abddd059d3deafc450?s=96&d=mm&r=g\",\"caption\":\"Redazione\"},\"url\":\"https:\\\/\\\/www.italiaisraele.org\\\/?author=2\"}]}<\/script>\r\n<!-- \/ Yoast SEO plugin. -->","yoast_head_json":{"title":"Scuola e propaganda, a Milano tira brutta aria - Federazione Associazioni Italia Israele","robots":{"index":"index","follow":"follow","max-snippet":"max-snippet:-1","max-image-preview":"max-image-preview:large","max-video-preview":"max-video-preview:-1"},"canonical":"https:\/\/www.italiaisraele.org\/?p=4075","og_locale":"it_IT","og_type":"article","og_title":"Scuola e propaganda, a Milano tira brutta aria - Federazione Associazioni Italia Israele","og_description":"Intervento di Andrea Atzeni* Il 7 febbraio scorso Mosaico rese pubblica la mia vicenda, poi ripresa da numerose altre testate. Quattro giorni prima la direzione del liceo nel quale insegno aveva avviato nei miei confronti un procedimento disciplinare perch\u00e9, denunciando l\u2019ennesimo caso di propaganda antisemita dentro le mura scolastiche, avrei abusato della posta elettronica scolastica [&hellip;]","og_url":"https:\/\/www.italiaisraele.org\/?p=4075","og_site_name":"Federazione Associazioni Italia Israele","article_publisher":"https:\/\/www.facebook.com\/Federazione.Associazioni.Italia.Israele","article_published_time":"2025-04-29T15:10:35+00:00","article_modified_time":"2025-04-29T15:47:41+00:00","og_image":[{"width":1200,"height":675,"url":"https:\/\/www.italiaisraele.org\/wp-content\/uploads\/2025\/04\/liceo-Da-vinci-Milano-1.jpg","type":"image\/jpeg"}],"author":"Redazione","twitter_card":"summary_large_image","twitter_misc":{"Scritto da":"Redazione","Tempo di lettura stimato":"4 minuti"},"schema":{"@context":"https:\/\/schema.org","@graph":[{"@type":"Article","@id":"https:\/\/www.italiaisraele.org\/?p=4075#article","isPartOf":{"@id":"https:\/\/www.italiaisraele.org\/?p=4075"},"author":{"name":"Redazione","@id":"https:\/\/www.italiaisraele.org\/#\/schema\/person\/a58663d7e92468eb3e7d158e016946cd"},"headline":"Scuola e propaganda, a Milano tira brutta aria","datePublished":"2025-04-29T15:10:35+00:00","dateModified":"2025-04-29T15:47:41+00:00","mainEntityOfPage":{"@id":"https:\/\/www.italiaisraele.org\/?p=4075"},"wordCount":656,"commentCount":0,"publisher":{"@id":"https:\/\/www.italiaisraele.org\/#organization"},"image":{"@id":"https:\/\/www.italiaisraele.org\/?p=4075#primaryimage"},"thumbnailUrl":"https:\/\/www.italiaisraele.org\/wp-content\/uploads\/2025\/04\/liceo-Da-vinci-Milano-1.jpg","keywords":["Milano","provvedimento disciplinare"],"articleSection":["Attualit\u00e0"],"inLanguage":"it-IT","potentialAction":[{"@type":"CommentAction","name":"Comment","target":["https:\/\/www.italiaisraele.org\/?p=4075#respond"]}]},{"@type":"WebPage","@id":"https:\/\/www.italiaisraele.org\/?p=4075","url":"https:\/\/www.italiaisraele.org\/?p=4075","name":"Scuola e propaganda, a Milano tira brutta aria - Federazione Associazioni Italia Israele","isPartOf":{"@id":"https:\/\/www.italiaisraele.org\/#website"},"primaryImageOfPage":{"@id":"https:\/\/www.italiaisraele.org\/?p=4075#primaryimage"},"image":{"@id":"https:\/\/www.italiaisraele.org\/?p=4075#primaryimage"},"thumbnailUrl":"https:\/\/www.italiaisraele.org\/wp-content\/uploads\/2025\/04\/liceo-Da-vinci-Milano-1.jpg","datePublished":"2025-04-29T15:10:35+00:00","dateModified":"2025-04-29T15:47:41+00:00","breadcrumb":{"@id":"https:\/\/www.italiaisraele.org\/?p=4075#breadcrumb"},"inLanguage":"it-IT","potentialAction":[{"@type":"ReadAction","target":["https:\/\/www.italiaisraele.org\/?p=4075"]}]},{"@type":"ImageObject","inLanguage":"it-IT","@id":"https:\/\/www.italiaisraele.org\/?p=4075#primaryimage","url":"https:\/\/www.italiaisraele.org\/wp-content\/uploads\/2025\/04\/liceo-Da-vinci-Milano-1.jpg","contentUrl":"https:\/\/www.italiaisraele.org\/wp-content\/uploads\/2025\/04\/liceo-Da-vinci-Milano-1.jpg","width":1200,"height":675},{"@type":"BreadcrumbList","@id":"https:\/\/www.italiaisraele.org\/?p=4075#breadcrumb","itemListElement":[{"@type":"ListItem","position":1,"name":"Home","item":"https:\/\/www.italiaisraele.org\/"},{"@type":"ListItem","position":2,"name":"Scuola e propaganda, a Milano tira brutta aria"}]},{"@type":"WebSite","@id":"https:\/\/www.italiaisraele.org\/#website","url":"https:\/\/www.italiaisraele.org\/","name":"News Italia - Israele","description":"Italia Israele Today - Magazine","publisher":{"@id":"https:\/\/www.italiaisraele.org\/#organization"},"potentialAction":[{"@type":"SearchAction","target":{"@type":"EntryPoint","urlTemplate":"https:\/\/www.italiaisraele.org\/?s={search_term_string}"},"query-input":{"@type":"PropertyValueSpecification","valueRequired":true,"valueName":"search_term_string"}}],"inLanguage":"it-IT"},{"@type":"Organization","@id":"https:\/\/www.italiaisraele.org\/#organization","name":"News Italia - Israele","url":"https:\/\/www.italiaisraele.org\/","logo":{"@type":"ImageObject","inLanguage":"it-IT","@id":"https:\/\/www.italiaisraele.org\/#\/schema\/logo\/image\/","url":"https:\/\/www.italiaisraele.org\/wp-content\/uploads\/2024\/02\/cropped-cropped-TESTATA-NEWS-2.jpg","contentUrl":"https:\/\/www.italiaisraele.org\/wp-content\/uploads\/2024\/02\/cropped-cropped-TESTATA-NEWS-2.jpg","width":1918,"height":291,"caption":"News Italia - Israele"},"image":{"@id":"https:\/\/www.italiaisraele.org\/#\/schema\/logo\/image\/"},"sameAs":["https:\/\/www.facebook.com\/Federazione.Associazioni.Italia.Israele"]},{"@type":"Person","@id":"https:\/\/www.italiaisraele.org\/#\/schema\/person\/a58663d7e92468eb3e7d158e016946cd","name":"Redazione","image":{"@type":"ImageObject","inLanguage":"it-IT","@id":"https:\/\/secure.gravatar.com\/avatar\/fe11715b332cc423bb3991a005da4d50b44647eec21b11abddd059d3deafc450?s=96&d=mm&r=g","url":"https:\/\/secure.gravatar.com\/avatar\/fe11715b332cc423bb3991a005da4d50b44647eec21b11abddd059d3deafc450?s=96&d=mm&r=g","contentUrl":"https:\/\/secure.gravatar.com\/avatar\/fe11715b332cc423bb3991a005da4d50b44647eec21b11abddd059d3deafc450?s=96&d=mm&r=g","caption":"Redazione"},"url":"https:\/\/www.italiaisraele.org\/?author=2"}]}},"_links":{"self":[{"href":"https:\/\/www.italiaisraele.org\/index.php?rest_route=\/wp\/v2\/posts\/4075","targetHints":{"allow":["GET"]}}],"collection":[{"href":"https:\/\/www.italiaisraele.org\/index.php?rest_route=\/wp\/v2\/posts"}],"about":[{"href":"https:\/\/www.italiaisraele.org\/index.php?rest_route=\/wp\/v2\/types\/post"}],"author":[{"embeddable":true,"href":"https:\/\/www.italiaisraele.org\/index.php?rest_route=\/wp\/v2\/users\/2"}],"replies":[{"embeddable":true,"href":"https:\/\/www.italiaisraele.org\/index.php?rest_route=%2Fwp%2Fv2%2Fcomments&post=4075"}],"version-history":[{"count":0,"href":"https:\/\/www.italiaisraele.org\/index.php?rest_route=\/wp\/v2\/posts\/4075\/revisions"}],"wp:featuredmedia":[{"embeddable":true,"href":"https:\/\/www.italiaisraele.org\/index.php?rest_route=\/wp\/v2\/media\/4076"}],"wp:attachment":[{"href":"https:\/\/www.italiaisraele.org\/index.php?rest_route=%2Fwp%2Fv2%2Fmedia&parent=4075"}],"wp:term":[{"taxonomy":"category","embeddable":true,"href":"https:\/\/www.italiaisraele.org\/index.php?rest_route=%2Fwp%2Fv2%2Fcategories&post=4075"},{"taxonomy":"post_tag","embeddable":true,"href":"https:\/\/www.italiaisraele.org\/index.php?rest_route=%2Fwp%2Fv2%2Ftags&post=4075"}],"curies":[{"name":"wp","href":"https:\/\/api.w.org\/{rel}","templated":true}]}}