{"id":4043,"date":"2025-04-22T12:11:11","date_gmt":"2025-04-22T10:11:11","guid":{"rendered":"https:\/\/www.italiaisraele.org\/?p=4043"},"modified":"2025-04-22T12:11:20","modified_gmt":"2025-04-22T10:11:20","slug":"ha-ancora-senso-festeggiare-il-25-aprile","status":"publish","type":"post","link":"https:\/\/www.italiaisraele.org\/?p=4043","title":{"rendered":"Ha ancora senso festeggiare il 25 aprile?"},"content":{"rendered":"\n<p>di <em>Giuseppe Crimaldi<\/em><\/p>\n\n\n\n<p>Mai come questa volta sar\u00e0 un pugno in faccia. Prepariamoci a un 25 aprile carico di odio verso Israele, e chiediamoci come sia possibile che una giornata cos\u00ec importante per l&#8217;Italia debba trasformarsi in una camera di compensazione di livore, disprezzo e violenza verbale (e speriamo che non sia anche fattuale) persino nei confronti di chi sfiler\u00e0 sotto le insegne della Brigata Ebraica.<\/p>\n\n\n\n<p>Ha ancora senso festeggiare il 25 aprile? Come si pu\u00f2 tollerare che la Giornata della Liberazione dal giogo nazifascista diventi l&#8217;occasione per sfilare con le bandiere palestinesi anzich\u00e9 quelle italiane? E che vengano bruciate quelle con la Stella di Davide? E che si arrivi all&#8217;aggressione anche fisica &#8211; com&#8217;\u00e8 accaduto l&#8217;anno scorso a Milano e a Roma &#8211; di chi manifesta con questi colori?<\/p>\n\n\n\n<p>La liberazione dell&#8217;Italia il 25 aprile 1945 \u00e8 stata un evento complesso, frutto di una serie di fattori, tra cui l&#8217;azione delle forze armate alleate, l&#8217;eroica resistenza italiana e, la partecipazione di una variegata composizione di truppe ( persino australiane). Poi ci fu la Brigata Ebraica.\u00a0<mark>La Brigata Ebraica, composta da volontari ebrei provenienti dalla Palestina mandataria britannica<\/mark> (il futuro Stato d&#8217;Israele) contribu\u00ec alla liberazione del territorio italiano, partecipando a battaglie cruciali, come la liberazione della Sicilia e il risalire la penisola. \u00abVi furono uomini liberi che sbarcarono nell\u2019Italia occupata e versarono il loro sangue anche per la nostra libert\u00e0 &#8211; ha ricordato nel 2017 il Presidente Sergio Mattarella &#8211; A questi caduti, provenienti da nazioni lontane, rivolgiamo un pensiero riconoscente. Il loro sangue \u00e8 quello dei nostri fratelli. Tra questi non possiamo dimenticare i cinquemila volontari della Brigata Ebraica, italiani e non, giunti dalla Palestina per combattere con il loro vessillo in Toscana e in Emilia-Romagna\u00bb. Parole importanti, quelle del Capo dello Stato, cadute nel nulla.<\/p>\n\n\n\n<p>Di anno in anno &#8211; e attenzione: gi\u00e0 ben prima che scoppiasse l&#8217;ultimo conflitto di Gaza &#8211; la presenza dei colori della Brigata Ebraica ha fatto salire la pressione ai soliti noti: a quel grumo di sigle che dai centri sociali alla galassia &#8220;antagonista&#8221;, passando per anarchici, pacifinti e persino attraverso qualche formazione politica. Insomma, qualunque parola, colore o riferimento a Israele ha scatenato una reazione assurda e violenta.<\/p>\n\n\n\n<p>Insomma, per questo mondo di odiatori seriali c&#8217;\u00e8 una parte di italiani che non ha diritto a celebrare il 25 aprile. E quest&#8217;anno, vedrete, le cose saranno pi\u00f9 complicate che mai. Inutile spiegare il perch\u00e9: il sacrificio degli ebrei che vennero a combattere (e a morire) per la nostra libert\u00e0 non ha diritto di parola e di manifestazione. Gran bel concetto di democrazia. <\/p>\n\n\n\n<p>Non abbiamo la sfera di cristallo, ma ci vuol poco &#8211; viste le premesse &#8211; a ipotizzare che questo 25 aprile si trasformer\u00e0 in una giornata da bollino rosso per chi non sta dalla parte dei soliti noti. Anpi compresa, e qui il discorso sarebbe molto lungo e dovrebbe concentrarsi su una domanda: chi rappresenta oggi gli eroici partigiani che ci liberarono da Hitler e Mussolini? Ma il quesito di fondo resta, tristemente, un altro: se la data che celebra il sacrificio di tanti che diedero la vita per farci liberi diventa una giornata di odio, ha ancora sensoo scendere in strada?<\/p>\n\n\n\n<p><\/p>\n","protected":false},"excerpt":{"rendered":"<p>di Giuseppe Crimaldi Mai come questa volta sar\u00e0 un pugno in faccia. Prepariamoci a un 25 aprile carico di odio verso Israele, e chiediamoci come sia possibile che una giornata cos\u00ec importante per l&#8217;Italia debba trasformarsi in una camera di compensazione di livore, disprezzo e violenza verbale (e speriamo che non sia anche fattuale) persino [&hellip;]<\/p>\n","protected":false},"author":4,"featured_media":4044,"comment_status":"open","ping_status":"open","sticky":false,"template":"","format":"standard","meta":{"iawp_total_views":121,"footnotes":""},"categories":[33],"tags":[191,769,770],"class_list":["post-4043","post","type-post","status-publish","format-standard","has-post-thumbnail","hentry","category-approfondimenti","tag-25-aprile","tag-brigata-ebraica","tag-sergio-mattarella"],"yoast_head":"<!-- This site is optimized with the Yoast SEO plugin v27.5 - https:\/\/yoast.com\/product\/yoast-seo-wordpress\/ -->\r\n<title>Ha ancora senso festeggiare il 25 aprile? - Federazione Associazioni Italia Israele<\/title>\r\n<meta name=\"robots\" content=\"index, follow, max-snippet:-1, max-image-preview:large, max-video-preview:-1\" \/>\r\n<link rel=\"canonical\" href=\"https:\/\/www.italiaisraele.org\/?p=4043\" \/>\r\n<meta property=\"og:locale\" content=\"it_IT\" \/>\r\n<meta property=\"og:type\" content=\"article\" \/>\r\n<meta property=\"og:title\" content=\"Ha ancora senso festeggiare il 25 aprile? - Federazione Associazioni Italia Israele\" \/>\r\n<meta property=\"og:description\" content=\"di Giuseppe Crimaldi Mai come questa volta sar\u00e0 un pugno in faccia. Prepariamoci a un 25 aprile carico di odio verso Israele, e chiediamoci come sia possibile che una giornata cos\u00ec importante per l&#8217;Italia debba trasformarsi in una camera di compensazione di livore, disprezzo e violenza verbale (e speriamo che non sia anche fattuale) persino [&hellip;]\" \/>\r\n<meta property=\"og:url\" content=\"https:\/\/www.italiaisraele.org\/?p=4043\" \/>\r\n<meta property=\"og:site_name\" content=\"Federazione Associazioni Italia Israele\" \/>\r\n<meta property=\"article:publisher\" content=\"https:\/\/www.facebook.com\/Federazione.Associazioni.Italia.Israele\" \/>\r\n<meta property=\"article:published_time\" content=\"2025-04-22T10:11:11+00:00\" \/>\r\n<meta property=\"article:modified_time\" content=\"2025-04-22T10:11:20+00:00\" \/>\r\n<meta property=\"og:image\" content=\"https:\/\/www.italiaisraele.org\/wp-content\/uploads\/2025\/04\/brigata-1.jpg\" \/>\r\n\t<meta property=\"og:image:width\" content=\"771\" \/>\r\n\t<meta property=\"og:image:height\" content=\"424\" \/>\r\n\t<meta property=\"og:image:type\" content=\"image\/jpeg\" \/>\r\n<meta name=\"author\" content=\"Giuseppe Crimaldi\" \/>\r\n<meta name=\"twitter:card\" content=\"summary_large_image\" \/>\r\n<meta name=\"twitter:label1\" content=\"Scritto da\" \/>\n\t<meta name=\"twitter:data1\" content=\"Giuseppe Crimaldi\" \/>\n\t<meta name=\"twitter:label2\" content=\"Tempo di lettura stimato\" \/>\n\t<meta name=\"twitter:data2\" content=\"3 minuti\" \/>\r\n<script type=\"application\/ld+json\" class=\"yoast-schema-graph\">{\"@context\":\"https:\\\/\\\/schema.org\",\"@graph\":[{\"@type\":\"Article\",\"@id\":\"https:\\\/\\\/www.italiaisraele.org\\\/?p=4043#article\",\"isPartOf\":{\"@id\":\"https:\\\/\\\/www.italiaisraele.org\\\/?p=4043\"},\"author\":{\"name\":\"Giuseppe Crimaldi\",\"@id\":\"https:\\\/\\\/www.italiaisraele.org\\\/#\\\/schema\\\/person\\\/7784c17a23e6ef9cb737f3192f043fab\"},\"headline\":\"Ha ancora senso festeggiare il 25 aprile?\",\"datePublished\":\"2025-04-22T10:11:11+00:00\",\"dateModified\":\"2025-04-22T10:11:20+00:00\",\"mainEntityOfPage\":{\"@id\":\"https:\\\/\\\/www.italiaisraele.org\\\/?p=4043\"},\"wordCount\":538,\"commentCount\":4,\"publisher\":{\"@id\":\"https:\\\/\\\/www.italiaisraele.org\\\/#organization\"},\"image\":{\"@id\":\"https:\\\/\\\/www.italiaisraele.org\\\/?p=4043#primaryimage\"},\"thumbnailUrl\":\"https:\\\/\\\/www.italiaisraele.org\\\/wp-content\\\/uploads\\\/2025\\\/04\\\/brigata-1.jpg\",\"keywords\":[\"25 Aprile\",\"brigata ebraica\",\"Sergio Mattarella\"],\"articleSection\":[\"Approfondimenti\"],\"inLanguage\":\"it-IT\",\"potentialAction\":[{\"@type\":\"CommentAction\",\"name\":\"Comment\",\"target\":[\"https:\\\/\\\/www.italiaisraele.org\\\/?p=4043#respond\"]}]},{\"@type\":\"WebPage\",\"@id\":\"https:\\\/\\\/www.italiaisraele.org\\\/?p=4043\",\"url\":\"https:\\\/\\\/www.italiaisraele.org\\\/?p=4043\",\"name\":\"Ha ancora senso festeggiare il 25 aprile? - Federazione Associazioni Italia Israele\",\"isPartOf\":{\"@id\":\"https:\\\/\\\/www.italiaisraele.org\\\/#website\"},\"primaryImageOfPage\":{\"@id\":\"https:\\\/\\\/www.italiaisraele.org\\\/?p=4043#primaryimage\"},\"image\":{\"@id\":\"https:\\\/\\\/www.italiaisraele.org\\\/?p=4043#primaryimage\"},\"thumbnailUrl\":\"https:\\\/\\\/www.italiaisraele.org\\\/wp-content\\\/uploads\\\/2025\\\/04\\\/brigata-1.jpg\",\"datePublished\":\"2025-04-22T10:11:11+00:00\",\"dateModified\":\"2025-04-22T10:11:20+00:00\",\"breadcrumb\":{\"@id\":\"https:\\\/\\\/www.italiaisraele.org\\\/?p=4043#breadcrumb\"},\"inLanguage\":\"it-IT\",\"potentialAction\":[{\"@type\":\"ReadAction\",\"target\":[\"https:\\\/\\\/www.italiaisraele.org\\\/?p=4043\"]}]},{\"@type\":\"ImageObject\",\"inLanguage\":\"it-IT\",\"@id\":\"https:\\\/\\\/www.italiaisraele.org\\\/?p=4043#primaryimage\",\"url\":\"https:\\\/\\\/www.italiaisraele.org\\\/wp-content\\\/uploads\\\/2025\\\/04\\\/brigata-1.jpg\",\"contentUrl\":\"https:\\\/\\\/www.italiaisraele.org\\\/wp-content\\\/uploads\\\/2025\\\/04\\\/brigata-1.jpg\",\"width\":771,\"height\":424},{\"@type\":\"BreadcrumbList\",\"@id\":\"https:\\\/\\\/www.italiaisraele.org\\\/?p=4043#breadcrumb\",\"itemListElement\":[{\"@type\":\"ListItem\",\"position\":1,\"name\":\"Home\",\"item\":\"https:\\\/\\\/www.italiaisraele.org\\\/\"},{\"@type\":\"ListItem\",\"position\":2,\"name\":\"Ha ancora senso festeggiare il 25 aprile?\"}]},{\"@type\":\"WebSite\",\"@id\":\"https:\\\/\\\/www.italiaisraele.org\\\/#website\",\"url\":\"https:\\\/\\\/www.italiaisraele.org\\\/\",\"name\":\"News Italia - Israele\",\"description\":\"Italia Israele Today - Magazine\",\"publisher\":{\"@id\":\"https:\\\/\\\/www.italiaisraele.org\\\/#organization\"},\"potentialAction\":[{\"@type\":\"SearchAction\",\"target\":{\"@type\":\"EntryPoint\",\"urlTemplate\":\"https:\\\/\\\/www.italiaisraele.org\\\/?s={search_term_string}\"},\"query-input\":{\"@type\":\"PropertyValueSpecification\",\"valueRequired\":true,\"valueName\":\"search_term_string\"}}],\"inLanguage\":\"it-IT\"},{\"@type\":\"Organization\",\"@id\":\"https:\\\/\\\/www.italiaisraele.org\\\/#organization\",\"name\":\"News Italia - Israele\",\"url\":\"https:\\\/\\\/www.italiaisraele.org\\\/\",\"logo\":{\"@type\":\"ImageObject\",\"inLanguage\":\"it-IT\",\"@id\":\"https:\\\/\\\/www.italiaisraele.org\\\/#\\\/schema\\\/logo\\\/image\\\/\",\"url\":\"https:\\\/\\\/www.italiaisraele.org\\\/wp-content\\\/uploads\\\/2024\\\/02\\\/cropped-cropped-TESTATA-NEWS-2.jpg\",\"contentUrl\":\"https:\\\/\\\/www.italiaisraele.org\\\/wp-content\\\/uploads\\\/2024\\\/02\\\/cropped-cropped-TESTATA-NEWS-2.jpg\",\"width\":1918,\"height\":291,\"caption\":\"News Italia - Israele\"},\"image\":{\"@id\":\"https:\\\/\\\/www.italiaisraele.org\\\/#\\\/schema\\\/logo\\\/image\\\/\"},\"sameAs\":[\"https:\\\/\\\/www.facebook.com\\\/Federazione.Associazioni.Italia.Israele\"]},{\"@type\":\"Person\",\"@id\":\"https:\\\/\\\/www.italiaisraele.org\\\/#\\\/schema\\\/person\\\/7784c17a23e6ef9cb737f3192f043fab\",\"name\":\"Giuseppe Crimaldi\",\"image\":{\"@type\":\"ImageObject\",\"inLanguage\":\"it-IT\",\"@id\":\"https:\\\/\\\/secure.gravatar.com\\\/avatar\\\/a6ddf67481d5d5efef9847e6f4c99a77e7129e93382ea6de1e9ea96b8deec707?s=96&d=mm&r=g\",\"url\":\"https:\\\/\\\/secure.gravatar.com\\\/avatar\\\/a6ddf67481d5d5efef9847e6f4c99a77e7129e93382ea6de1e9ea96b8deec707?s=96&d=mm&r=g\",\"contentUrl\":\"https:\\\/\\\/secure.gravatar.com\\\/avatar\\\/a6ddf67481d5d5efef9847e6f4c99a77e7129e93382ea6de1e9ea96b8deec707?s=96&d=mm&r=g\",\"caption\":\"Giuseppe Crimaldi\"},\"url\":\"https:\\\/\\\/www.italiaisraele.org\\\/?author=4\"}]}<\/script>\r\n<!-- \/ Yoast SEO plugin. -->","yoast_head_json":{"title":"Ha ancora senso festeggiare il 25 aprile? - Federazione Associazioni Italia Israele","robots":{"index":"index","follow":"follow","max-snippet":"max-snippet:-1","max-image-preview":"max-image-preview:large","max-video-preview":"max-video-preview:-1"},"canonical":"https:\/\/www.italiaisraele.org\/?p=4043","og_locale":"it_IT","og_type":"article","og_title":"Ha ancora senso festeggiare il 25 aprile? - Federazione Associazioni Italia Israele","og_description":"di Giuseppe Crimaldi Mai come questa volta sar\u00e0 un pugno in faccia. Prepariamoci a un 25 aprile carico di odio verso Israele, e chiediamoci come sia possibile che una giornata cos\u00ec importante per l&#8217;Italia debba trasformarsi in una camera di compensazione di livore, disprezzo e violenza verbale (e speriamo che non sia anche fattuale) persino [&hellip;]","og_url":"https:\/\/www.italiaisraele.org\/?p=4043","og_site_name":"Federazione Associazioni Italia Israele","article_publisher":"https:\/\/www.facebook.com\/Federazione.Associazioni.Italia.Israele","article_published_time":"2025-04-22T10:11:11+00:00","article_modified_time":"2025-04-22T10:11:20+00:00","og_image":[{"width":771,"height":424,"url":"https:\/\/www.italiaisraele.org\/wp-content\/uploads\/2025\/04\/brigata-1.jpg","type":"image\/jpeg"}],"author":"Giuseppe Crimaldi","twitter_card":"summary_large_image","twitter_misc":{"Scritto da":"Giuseppe Crimaldi","Tempo di lettura stimato":"3 minuti"},"schema":{"@context":"https:\/\/schema.org","@graph":[{"@type":"Article","@id":"https:\/\/www.italiaisraele.org\/?p=4043#article","isPartOf":{"@id":"https:\/\/www.italiaisraele.org\/?p=4043"},"author":{"name":"Giuseppe Crimaldi","@id":"https:\/\/www.italiaisraele.org\/#\/schema\/person\/7784c17a23e6ef9cb737f3192f043fab"},"headline":"Ha ancora senso festeggiare il 25 aprile?","datePublished":"2025-04-22T10:11:11+00:00","dateModified":"2025-04-22T10:11:20+00:00","mainEntityOfPage":{"@id":"https:\/\/www.italiaisraele.org\/?p=4043"},"wordCount":538,"commentCount":4,"publisher":{"@id":"https:\/\/www.italiaisraele.org\/#organization"},"image":{"@id":"https:\/\/www.italiaisraele.org\/?p=4043#primaryimage"},"thumbnailUrl":"https:\/\/www.italiaisraele.org\/wp-content\/uploads\/2025\/04\/brigata-1.jpg","keywords":["25 Aprile","brigata ebraica","Sergio Mattarella"],"articleSection":["Approfondimenti"],"inLanguage":"it-IT","potentialAction":[{"@type":"CommentAction","name":"Comment","target":["https:\/\/www.italiaisraele.org\/?p=4043#respond"]}]},{"@type":"WebPage","@id":"https:\/\/www.italiaisraele.org\/?p=4043","url":"https:\/\/www.italiaisraele.org\/?p=4043","name":"Ha ancora senso festeggiare il 25 aprile? - Federazione Associazioni Italia Israele","isPartOf":{"@id":"https:\/\/www.italiaisraele.org\/#website"},"primaryImageOfPage":{"@id":"https:\/\/www.italiaisraele.org\/?p=4043#primaryimage"},"image":{"@id":"https:\/\/www.italiaisraele.org\/?p=4043#primaryimage"},"thumbnailUrl":"https:\/\/www.italiaisraele.org\/wp-content\/uploads\/2025\/04\/brigata-1.jpg","datePublished":"2025-04-22T10:11:11+00:00","dateModified":"2025-04-22T10:11:20+00:00","breadcrumb":{"@id":"https:\/\/www.italiaisraele.org\/?p=4043#breadcrumb"},"inLanguage":"it-IT","potentialAction":[{"@type":"ReadAction","target":["https:\/\/www.italiaisraele.org\/?p=4043"]}]},{"@type":"ImageObject","inLanguage":"it-IT","@id":"https:\/\/www.italiaisraele.org\/?p=4043#primaryimage","url":"https:\/\/www.italiaisraele.org\/wp-content\/uploads\/2025\/04\/brigata-1.jpg","contentUrl":"https:\/\/www.italiaisraele.org\/wp-content\/uploads\/2025\/04\/brigata-1.jpg","width":771,"height":424},{"@type":"BreadcrumbList","@id":"https:\/\/www.italiaisraele.org\/?p=4043#breadcrumb","itemListElement":[{"@type":"ListItem","position":1,"name":"Home","item":"https:\/\/www.italiaisraele.org\/"},{"@type":"ListItem","position":2,"name":"Ha ancora senso festeggiare il 25 aprile?"}]},{"@type":"WebSite","@id":"https:\/\/www.italiaisraele.org\/#website","url":"https:\/\/www.italiaisraele.org\/","name":"News Italia - Israele","description":"Italia Israele Today - Magazine","publisher":{"@id":"https:\/\/www.italiaisraele.org\/#organization"},"potentialAction":[{"@type":"SearchAction","target":{"@type":"EntryPoint","urlTemplate":"https:\/\/www.italiaisraele.org\/?s={search_term_string}"},"query-input":{"@type":"PropertyValueSpecification","valueRequired":true,"valueName":"search_term_string"}}],"inLanguage":"it-IT"},{"@type":"Organization","@id":"https:\/\/www.italiaisraele.org\/#organization","name":"News Italia - Israele","url":"https:\/\/www.italiaisraele.org\/","logo":{"@type":"ImageObject","inLanguage":"it-IT","@id":"https:\/\/www.italiaisraele.org\/#\/schema\/logo\/image\/","url":"https:\/\/www.italiaisraele.org\/wp-content\/uploads\/2024\/02\/cropped-cropped-TESTATA-NEWS-2.jpg","contentUrl":"https:\/\/www.italiaisraele.org\/wp-content\/uploads\/2024\/02\/cropped-cropped-TESTATA-NEWS-2.jpg","width":1918,"height":291,"caption":"News Italia - Israele"},"image":{"@id":"https:\/\/www.italiaisraele.org\/#\/schema\/logo\/image\/"},"sameAs":["https:\/\/www.facebook.com\/Federazione.Associazioni.Italia.Israele"]},{"@type":"Person","@id":"https:\/\/www.italiaisraele.org\/#\/schema\/person\/7784c17a23e6ef9cb737f3192f043fab","name":"Giuseppe Crimaldi","image":{"@type":"ImageObject","inLanguage":"it-IT","@id":"https:\/\/secure.gravatar.com\/avatar\/a6ddf67481d5d5efef9847e6f4c99a77e7129e93382ea6de1e9ea96b8deec707?s=96&d=mm&r=g","url":"https:\/\/secure.gravatar.com\/avatar\/a6ddf67481d5d5efef9847e6f4c99a77e7129e93382ea6de1e9ea96b8deec707?s=96&d=mm&r=g","contentUrl":"https:\/\/secure.gravatar.com\/avatar\/a6ddf67481d5d5efef9847e6f4c99a77e7129e93382ea6de1e9ea96b8deec707?s=96&d=mm&r=g","caption":"Giuseppe Crimaldi"},"url":"https:\/\/www.italiaisraele.org\/?author=4"}]}},"_links":{"self":[{"href":"https:\/\/www.italiaisraele.org\/index.php?rest_route=\/wp\/v2\/posts\/4043","targetHints":{"allow":["GET"]}}],"collection":[{"href":"https:\/\/www.italiaisraele.org\/index.php?rest_route=\/wp\/v2\/posts"}],"about":[{"href":"https:\/\/www.italiaisraele.org\/index.php?rest_route=\/wp\/v2\/types\/post"}],"author":[{"embeddable":true,"href":"https:\/\/www.italiaisraele.org\/index.php?rest_route=\/wp\/v2\/users\/4"}],"replies":[{"embeddable":true,"href":"https:\/\/www.italiaisraele.org\/index.php?rest_route=%2Fwp%2Fv2%2Fcomments&post=4043"}],"version-history":[{"count":0,"href":"https:\/\/www.italiaisraele.org\/index.php?rest_route=\/wp\/v2\/posts\/4043\/revisions"}],"wp:featuredmedia":[{"embeddable":true,"href":"https:\/\/www.italiaisraele.org\/index.php?rest_route=\/wp\/v2\/media\/4044"}],"wp:attachment":[{"href":"https:\/\/www.italiaisraele.org\/index.php?rest_route=%2Fwp%2Fv2%2Fmedia&parent=4043"}],"wp:term":[{"taxonomy":"category","embeddable":true,"href":"https:\/\/www.italiaisraele.org\/index.php?rest_route=%2Fwp%2Fv2%2Fcategories&post=4043"},{"taxonomy":"post_tag","embeddable":true,"href":"https:\/\/www.italiaisraele.org\/index.php?rest_route=%2Fwp%2Fv2%2Ftags&post=4043"}],"curies":[{"name":"wp","href":"https:\/\/api.w.org\/{rel}","templated":true}]}}