{"id":4004,"date":"2025-04-19T11:45:53","date_gmt":"2025-04-19T09:45:53","guid":{"rendered":"https:\/\/www.italiaisraele.org\/?p=4004"},"modified":"2025-04-19T20:35:42","modified_gmt":"2025-04-19T18:35:42","slug":"israele-e-la-patria-degli-ebrei-da-sempre-nonostante-le-menzogne-di-ieri-e-di-oggi","status":"publish","type":"post","link":"https:\/\/www.italiaisraele.org\/?p=4004","title":{"rendered":"Israele \u00e8 la patria degli ebrei da sempre, nonostante le menzogne di ieri e di oggi."},"content":{"rendered":"\n<p>di <strong>Francesco Speroni<\/strong>*   <\/p>\n\n\n<div class=\"wp-block-image\">\n<figure class=\"alignleft size-thumbnail\"><img loading=\"lazy\" decoding=\"async\" width=\"150\" height=\"150\" src=\"https:\/\/www.italiaisraele.org\/wp-content\/uploads\/2025\/04\/Francesco-Speroni-150x150.jpeg\" alt=\"\" class=\"wp-image-4019\" srcset=\"https:\/\/www.italiaisraele.org\/wp-content\/uploads\/2025\/04\/Francesco-Speroni-150x150.jpeg 150w, https:\/\/www.italiaisraele.org\/wp-content\/uploads\/2025\/04\/Francesco-Speroni-298x300.jpeg 298w, https:\/\/www.italiaisraele.org\/wp-content\/uploads\/2025\/04\/Francesco-Speroni-768x773.jpeg 768w, https:\/\/www.italiaisraele.org\/wp-content\/uploads\/2025\/04\/Francesco-Speroni-600x604.jpeg 600w, https:\/\/www.italiaisraele.org\/wp-content\/uploads\/2025\/04\/Francesco-Speroni.jpeg 954w\" sizes=\"auto, (max-width: 150px) 100vw, 150px\" \/><\/figure>\n<\/div>\n\n\n<h3 class=\"wp-block-heading\">Palestina, una parola inventata per usarla come gomma da cancellare.   <\/h3>\n\n\n\n<p>Nel 135 d.C., dopo la sanguinosa rivolta di Bar Kokhba, l&#8217;ultima in ordine cronologico della resistenza ebraica all&#8217;occupazione romana, l&#8217;Imperatore Adriano decise di punire gli ebrei in modo esemplare. Oltre a distruggere le loro citt\u00e0, a partire da Gerusalemme, Adriano adott\u00f2 una misura particolarmente simbolica e crudele: cambi\u00f2 il nome di quella provincia romana da Giudea a <em>Syria Palaestina<\/em>. Il termine Palestina derivava dai Filistei, un popolo invasore che si era appropriato della costa sud-occidentale della regione<a href=\"#_ftn1\" id=\"_ftnref1\">[1]<\/a>.<\/p>\n\n\n\n<p>I Romani fecero questo con l&#8217;intenzione di cancellare l&#8217;identit\u00e0 ebraica della regione, volevano far sembrare che il legame del popolo ebraico con quella terra fosse irrilevante o addirittura inesistente. Insomma, usando una similitudine contemporanea, volevano cancellare Israele dalle mappe geografiche. Prima si elimin\u00f2 il nome autentico, Giudea, che evocava la radicata presenza dei giudei, poi si cre\u00f2 dal nulla un nome associato ai nemici degli ebrei, i filistei. La nuova parola inventata dai romani, Palestina, rappresentava una vera umiliazione, un atto deliberato di mortificazione: l&#8217;Impero Romano voleva far dimenticare la presenza millenaria degli israeliti in quelle terre, sostituendoli coi loro nemici invasori.<\/p>\n\n\n\n<p>Questa azione dell&#8217;imperatore Adriano, purtroppo, segner\u00e0 un cambiamento duraturo, influenzando anche la percezione della regione nei secoli successivi, fino ai giorni nostri, quando la questione del nome di quella terra si \u00e8 trasformata in un tema centrale del conflitto israelo-palestinese.<\/p>\n\n\n\n<h3 class=\"wp-block-heading\">Ges\u00f9 non era palestinese<\/h3>\n\n\n\n<p>Nel contesto contemporaneo, \u00e8 frequente sentir definire Ges\u00f9 come palestinese, ma questa terminologia \u00e8 storicamente errata e, in molti casi, ideologicamente motivata. Ges\u00f9, nato a Betlemme nella regione della Giudea, visse in un periodo in cui il nome Palestina non esisteva. Come ho gi\u00e0 ricordato, quella parole fu coniata nel II secolo d.C., e quindi non aveva nulla a che fare con la realt\u00e0 del tempo in cui Ges\u00f9 visse. Non era palestinese lui n\u00e9 nessuno dei suoi contemporanei.<\/p>\n\n\n\n<p>Ges\u00f9 era ebreo, e la sua vita e il suo messaggio erano intrinsecamente legati alla cultura ebraica della Giudea. L&#8217;etichetta di palestinese \u00e8 una distorsione, una forzatura che rispecchia l&#8217;agenda politica di chi, oggi, tenta di riscrivere la storia per sovrapporre l&#8217;identit\u00e0 palestinese alla tradizione ebraica. Inoltre, questa definizione viene spesso usata come un tentativo di indebolire la legittimit\u00e0 dello Stato di Israele rimuovendo il legame storico e culturale che gli ebrei hanno con quella terra. L&#8217;uso del termine palestinese per Ges\u00f9 non ha quindi solo una valenza storica errata, ma \u00e8 anche un&#8217;operazione ideologica, volta a modificare la percezione del conflitto israelo-palestinese, con l&#8217;obiettivo di presentare un&#8217;immagine che non corrisponde alla realt\u00e0 storica.<\/p>\n\n\n\n<p>Questo \u00e8 solo uno dei tanti esempi di come, nel corso degli anni, si sia tentato di sovrapporre l&#8217;identit\u00e0 palestinese a quella ebraica. Questi tentativi sono spesso accompagnati da narrazioni politiche che riscrivono la storia in modo da favorire una certa visione del conflitto israelo-palestinese. Ecco alcuni dei principali episodi di mistificazione:<\/p>\n\n\n\n<h3 class=\"wp-block-heading\">1. L&#8217;UNESCO e la riscrittura della storia<\/h3>\n\n\n\n<p>Nel 2016, l&#8217;UNESCO ha approvato una risoluzione che definisce il Muro del Pianto (<em>Kotel<\/em>) come parte del Patrimonio Palestinese, escludendo la sua storicit\u00e0 e significato per gli ebrei. Nel 2017, \u00e8 la volta della tomba dei Patriarchi di Hebron, o <em>Me&#8217;arat HaMachpela<\/em>, uno dei luoghi pi\u00f9 sacri per il popolo ebraico, essendovi sepolti Abaramo, Isacco, Giacobbe e le loro mogli. Tuttavia, alcuni gruppi palestinesi, supportati da compiacenze politiche internazionali, presentano il sito come esclusivamente palestinese e islamico. <\/p>\n\n\n\n<figure class=\"wp-block-image size-large\"><img loading=\"lazy\" decoding=\"async\" width=\"1024\" height=\"795\" src=\"https:\/\/www.italiaisraele.org\/wp-content\/uploads\/2025\/04\/Gerusalemme-Muro-del-Pianto-02-1024x795.jpg\" alt=\"\" class=\"wp-image-4013\" srcset=\"https:\/\/www.italiaisraele.org\/wp-content\/uploads\/2025\/04\/Gerusalemme-Muro-del-Pianto-02-1024x795.jpg 1024w, https:\/\/www.italiaisraele.org\/wp-content\/uploads\/2025\/04\/Gerusalemme-Muro-del-Pianto-02-300x233.jpg 300w, https:\/\/www.italiaisraele.org\/wp-content\/uploads\/2025\/04\/Gerusalemme-Muro-del-Pianto-02-768x596.jpg 768w, https:\/\/www.italiaisraele.org\/wp-content\/uploads\/2025\/04\/Gerusalemme-Muro-del-Pianto-02-600x466.jpg 600w, https:\/\/www.italiaisraele.org\/wp-content\/uploads\/2025\/04\/Gerusalemme-Muro-del-Pianto-02.jpg 1280w\" sizes=\"auto, (max-width: 1024px) 100vw, 1024px\" \/><\/figure>\n\n\n\n<p>L&#8217;UNESCO aderisce a questa visione arrivando a definire anche quel sito Patrimonio Palestinese, ignorando completamente il suo significato storico e religioso per gli ebrei. Tutti questi atti sono stati fortemente criticati da Israele e dalle comunit\u00e0 ebraiche, poich\u00e9 rappresentano un tentativo di cancellare la connessione ebraica con i luoghi pi\u00f9 sacri della loro tradizione.<\/p>\n\n\n\n<h3 class=\"wp-block-heading\">2. La negazione del legame storico con Gerusalemme<\/h3>\n\n\n\n<p>Gerusalemme \u00e8 un altro esempio di come si cerchi di cancellare questa connessione: i leader palestinesi, assieme a movimenti internazionali, sostengono che Gerusalemme dovrebbe essere la capitale esclusiva di uno Stato palestinese, negando il ruolo centrale della citt\u00e0 nella storia ebraica. La negazione della centralit\u00e0 di Gerusalemme per gli ebrei \u00e8 un tentativo di riscrivere la storia e di spostare la narrazione in una direzione che non riconosce la realt\u00e0 millenaria della presenza ebraica.<\/p>\n\n\n\n<h3 class=\"wp-block-heading\">3. Le rivendicazioni sulla storia dei luoghi religiosi<\/h3>\n\n\n\n<p>Un altro punto critico \u00e8 la questione dei luoghi religiosi che sono storicamente legati alla tradizione ebraica. Il conflitto sul Monte del Tempio di Gerusalemme, che secondo la tradizione ebraica \u00e8 il luogo dove sorgeva il Primo e il Secondo Tempio, \u00e8 uno degli esempi pi\u00f9 eclatanti. Mentre i palestinesi cercano di attribuire una rilevanza esclusivamente musulmana al sito, l&#8217;identit\u00e0 ebraica del luogo \u00e8 indiscutibile dal punto di vista storico e archeologico. La negazione di questo legame \u00e8 una forma di riscrittura storica che ha forti implicazioni politiche.<\/p>\n\n\n\n<h3 class=\"wp-block-heading\">4. Le manipolazioni della memoria storica<\/h3>\n\n\n\n<p>Un altro elemento chiave di questa sovrapposizione riguarda il tentativo di presentare la storia della regione come se la Palestina avesse sempre avuto un&#8217;identit\u00e0 nazionale coerente e distintiva, ignorando le millenarie radici israelitiche. <\/p>\n\n\n<div class=\"wp-block-image\">\n<figure class=\"alignleft size-medium\"><img loading=\"lazy\" decoding=\"async\" width=\"300\" height=\"192\" src=\"https:\/\/www.italiaisraele.org\/wp-content\/uploads\/2025\/04\/WhatsApp-Image-2025-04-19-at-10.34.23-300x192.jpeg\" alt=\"\" class=\"wp-image-4005\" srcset=\"https:\/\/www.italiaisraele.org\/wp-content\/uploads\/2025\/04\/WhatsApp-Image-2025-04-19-at-10.34.23-300x192.jpeg 300w, https:\/\/www.italiaisraele.org\/wp-content\/uploads\/2025\/04\/WhatsApp-Image-2025-04-19-at-10.34.23-1024x657.jpeg 1024w, https:\/\/www.italiaisraele.org\/wp-content\/uploads\/2025\/04\/WhatsApp-Image-2025-04-19-at-10.34.23-768x493.jpeg 768w, https:\/\/www.italiaisraele.org\/wp-content\/uploads\/2025\/04\/WhatsApp-Image-2025-04-19-at-10.34.23-1536x986.jpeg 1536w, https:\/\/www.italiaisraele.org\/wp-content\/uploads\/2025\/04\/WhatsApp-Image-2025-04-19-at-10.34.23-600x385.jpeg 600w, https:\/\/www.italiaisraele.org\/wp-content\/uploads\/2025\/04\/WhatsApp-Image-2025-04-19-at-10.34.23.jpeg 2048w\" sizes=\"auto, (max-width: 300px) 100vw, 300px\" \/><figcaption class=\"wp-element-caption\"><em>La Palestina del Mandato Britannico aveva una bandiera con l&#8217;Union Jack e un cerchio bianco su fondo rosso con scritto Palestine. Ma a partire dagli anni &#8217;20 del &#8216;900 era possibile veder sventolare anche un&#8217;altra bandiera, quella dei movimenti sionisti ebraici che gi\u00e0 allora gettarono le basi per costruire lo Stato di Israele.<\/em><\/figcaption><\/figure>\n<\/div>\n\n\n<p>L&#8217;idea che la Palestina sia una &#8220;terra senza popolo per un popolo senza terra&#8221;, ripresa nel secolo XIX dai movimenti nazionalisti arabi, ha alimentato la narrazione secondo cui gli ebrei non avrebbero una storia legittima in quella terra. Quando nel 1948 David Ben-Gurion proclam\u00f2 la fondazione dello Stato di Israele, questo atto non comport\u00f2 il sostituirsi ad un preesistente Stato palestinese. \u00c8 fondamentale chiarire che non esisteva alcun &#8220;governo palestinese&#8221; n\u00e9 un &#8220;presidente palestinese&#8221; da spodestare, come spesso viene erroneamente suggerito. Prima del 1948, la regione non era un&#8217;entit\u00e0 statale palestinese, ma faceva parte del Mandato britannico di Palestina e non aveva alcuna struttura di governo indipendente. L&#8217;idea che Israele sia stato fondato a scapito di uno Stato palestinese preesistente \u00e8 una falsit\u00e0 storica. Non c&#8217;era nessuna Palestina indipendente da proteggere o preservare: piuttosto, c&#8217;era una terra senza uno Stato sovrano, una regione sotto il controllo britannico, la cui popolazione araba viveva in una condizione di amministrazione coloniale. La proclamazione di Israele, sanc\u00ec la nascita dello Stato ebraico in una terra che altrimenti non aveva nessun&#8217;altra autorit\u00e0 costituita. La narrativa che presenta Israele come usurpatore di un popolo senza terra \u00e8 una distorsione che ignora sia la realt\u00e0 storica che il contesto geopolitico.<\/p>\n\n\n\n<h3 class=\"wp-block-heading\">5. Archeologia negazionista<\/h3>\n\n\n\n<p>Infine, tra coloro che cercano di indebolire il legame ebraico con la terra d&#8217;Israele, alcuni hanno fatto leva sulle recenti scoperte archeologiche \u2014 peraltro realizzate da team israeliani \u2014 per negare la validit\u00e0 storica delle Scritture. Citano ad esempio la Stele di Tel&nbsp;Dan, che menziona la &#8220;Casa di Davide&#8221; , bollandola come falso epigrafico privo di valore, e reinterpretano la Stele di Mesha per sostenere che non esistano tracce reali di un regno davidico o della fede in Yahweh, riducendo la Bibbia a mera mitologia. L&#8217;intento \u00e8 palese: si vuol far credere che, se persino l&#8217;archeologia israeliana pu\u00f2 essere usata come prova contro le Scritture, allora ogni legittimit\u00e0 storica del popolo ebraico nella propria patria risulta messa in discussione.<\/p>\n\n\n\n<p>Concludendo, tutti questi esempi dimostrano come l&#8217;agenda politica dei palestinesi e dei loro alleati internazionali stia cercando di sovrapporre l&#8217;identit\u00e0 palestinese a quella ebraica, distorcendo la storia e le tradizioni. Questo tipo di riscrittura non solo minaccia la verit\u00e0 storica, ma crea un terreno fertile per esasperare ulteriormente il conflitto, alimentando ulteriormente divisioni e ostilit\u00e0, cosa della quale nessuno dovrebbe sentire il bisogno.<\/p>\n\n\n\n<hr class=\"wp-block-separator has-alpha-channel-opacity\"\/>\n\n\n\n<p><a id=\"_ftn1\" href=\"#_ftnref1\">[1]<\/a> &nbsp;<em>I filistei possono essere definiti invasori, perch\u00e9 non erano originari della terra di Canaan: giunsero probabilmente dal Mar Egeo intorno al XII secolo a.C., durante l&#8217;ondata dei cosiddetti Popoli del Mare. Si insediarono con la forza sulla costa meridionale, conquistando territori e fondando proprie citt\u00e0-stato. La loro presenza fu imposta, non frutto di un&#8217;evoluzione interna alla regione, ed entrarono subito in conflitto con le popolazioni locali, soprattutto con gli Israeliti.<\/em><\/p>\n\n\n\n<hr class=\"wp-block-separator has-alpha-channel-opacity\"\/>\n\n\n\n<p>*<strong><em>Francesco Speroni<\/em><\/strong> <em>fino a pochi anni fa ha svolto l\u2019attivit\u00e0 di cameraman e editor. \u00c8 stato documentarista d\u2019arte per poi dedicarsi, a partire dal 2005, alle news, trasferendosi in Israele dove vi rimane quasi cinque anni lavorando soprattutto per Rede Globo.&nbsp;Dopo questo intenso periodo, si trasferisce prima in Giordania, poi nelle Filippine, dove vi rimane alcuni anni lavorando nella produzione cinematografica.&nbsp;<\/em> <\/p>\n\n\n\n<p><em>E&#8217; il Coordinatore per la Versilia della Associazione Apuana Amici Italia Israele.<\/em><\/p>\n\n\n\n<p><\/p>\n","protected":false},"excerpt":{"rendered":"<p>di Francesco Speroni* Palestina, una parola inventata per usarla come gomma da cancellare. Nel 135 d.C., dopo la sanguinosa rivolta di Bar Kokhba, l&#8217;ultima in ordine cronologico della resistenza ebraica all&#8217;occupazione romana, l&#8217;Imperatore Adriano decise di punire gli ebrei in modo esemplare. Oltre a distruggere le loro citt\u00e0, a partire da Gerusalemme, Adriano adott\u00f2 una [&hellip;]<\/p>\n","protected":false},"author":2,"featured_media":4006,"comment_status":"open","ping_status":"open","sticky":false,"template":"","format":"standard","meta":{"iawp_total_views":393,"footnotes":""},"categories":[33,4,236,5],"tags":[42,13,193,765],"class_list":["post-4004","post","type-post","status-publish","format-standard","has-post-thumbnail","hentry","category-approfondimenti","category-attualita","category-la-storia","category-news","tag-ebrei","tag-israele","tag-palestina","tag-storia"],"yoast_head":"<!-- This site is optimized with the Yoast SEO plugin v27.5 - https:\/\/yoast.com\/product\/yoast-seo-wordpress\/ -->\r\n<title>Israele \u00e8 la patria degli ebrei da sempre, nonostante le menzogne di ieri e di oggi. - Federazione Associazioni Italia Israele<\/title>\r\n<meta name=\"robots\" content=\"index, follow, max-snippet:-1, max-image-preview:large, max-video-preview:-1\" \/>\r\n<link rel=\"canonical\" href=\"https:\/\/www.italiaisraele.org\/?p=4004\" \/>\r\n<meta property=\"og:locale\" content=\"it_IT\" \/>\r\n<meta property=\"og:type\" content=\"article\" \/>\r\n<meta property=\"og:title\" content=\"Israele \u00e8 la patria degli ebrei da sempre, nonostante le menzogne di ieri e di oggi. - Federazione Associazioni Italia Israele\" \/>\r\n<meta property=\"og:description\" content=\"di Francesco Speroni* Palestina, una parola inventata per usarla come gomma da cancellare. Nel 135 d.C., dopo la sanguinosa rivolta di Bar Kokhba, l&#8217;ultima in ordine cronologico della resistenza ebraica all&#8217;occupazione romana, l&#8217;Imperatore Adriano decise di punire gli ebrei in modo esemplare. Oltre a distruggere le loro citt\u00e0, a partire da Gerusalemme, Adriano adott\u00f2 una [&hellip;]\" \/>\r\n<meta property=\"og:url\" content=\"https:\/\/www.italiaisraele.org\/?p=4004\" \/>\r\n<meta property=\"og:site_name\" content=\"Federazione Associazioni Italia Israele\" \/>\r\n<meta property=\"article:publisher\" content=\"https:\/\/www.facebook.com\/Federazione.Associazioni.Italia.Israele\" \/>\r\n<meta property=\"article:published_time\" content=\"2025-04-19T09:45:53+00:00\" \/>\r\n<meta property=\"article:modified_time\" content=\"2025-04-19T18:35:42+00:00\" \/>\r\n<meta property=\"og:image\" content=\"https:\/\/www.italiaisraele.org\/wp-content\/uploads\/2025\/04\/Gerusalemme-Muro-del-Pianto-01.jpg\" \/>\r\n\t<meta property=\"og:image:width\" content=\"1280\" \/>\r\n\t<meta property=\"og:image:height\" content=\"853\" \/>\r\n\t<meta property=\"og:image:type\" content=\"image\/jpeg\" \/>\r\n<meta name=\"author\" content=\"Redazione\" \/>\r\n<meta name=\"twitter:card\" content=\"summary_large_image\" \/>\r\n<meta name=\"twitter:label1\" content=\"Scritto da\" \/>\n\t<meta name=\"twitter:data1\" content=\"Redazione\" \/>\n\t<meta name=\"twitter:label2\" content=\"Tempo di lettura stimato\" \/>\n\t<meta name=\"twitter:data2\" content=\"9 minuti\" \/>\r\n<script type=\"application\/ld+json\" class=\"yoast-schema-graph\">{\"@context\":\"https:\\\/\\\/schema.org\",\"@graph\":[{\"@type\":\"Article\",\"@id\":\"https:\\\/\\\/www.italiaisraele.org\\\/?p=4004#article\",\"isPartOf\":{\"@id\":\"https:\\\/\\\/www.italiaisraele.org\\\/?p=4004\"},\"author\":{\"name\":\"Redazione\",\"@id\":\"https:\\\/\\\/www.italiaisraele.org\\\/#\\\/schema\\\/person\\\/a58663d7e92468eb3e7d158e016946cd\"},\"headline\":\"Israele \u00e8 la patria degli ebrei da sempre, nonostante le menzogne di ieri e di oggi.\",\"datePublished\":\"2025-04-19T09:45:53+00:00\",\"dateModified\":\"2025-04-19T18:35:42+00:00\",\"mainEntityOfPage\":{\"@id\":\"https:\\\/\\\/www.italiaisraele.org\\\/?p=4004\"},\"wordCount\":1448,\"commentCount\":4,\"publisher\":{\"@id\":\"https:\\\/\\\/www.italiaisraele.org\\\/#organization\"},\"image\":{\"@id\":\"https:\\\/\\\/www.italiaisraele.org\\\/?p=4004#primaryimage\"},\"thumbnailUrl\":\"https:\\\/\\\/www.italiaisraele.org\\\/wp-content\\\/uploads\\\/2025\\\/04\\\/Gerusalemme-Muro-del-Pianto-01.jpg\",\"keywords\":[\"ebrei\",\"Israele\",\"Palestina\",\"storia\"],\"articleSection\":[\"Approfondimenti\",\"Attualit\u00e0\",\"La storia\",\"News\"],\"inLanguage\":\"it-IT\",\"potentialAction\":[{\"@type\":\"CommentAction\",\"name\":\"Comment\",\"target\":[\"https:\\\/\\\/www.italiaisraele.org\\\/?p=4004#respond\"]}]},{\"@type\":\"WebPage\",\"@id\":\"https:\\\/\\\/www.italiaisraele.org\\\/?p=4004\",\"url\":\"https:\\\/\\\/www.italiaisraele.org\\\/?p=4004\",\"name\":\"Israele \u00e8 la patria degli ebrei da sempre, nonostante le menzogne di ieri e di oggi. - Federazione Associazioni Italia Israele\",\"isPartOf\":{\"@id\":\"https:\\\/\\\/www.italiaisraele.org\\\/#website\"},\"primaryImageOfPage\":{\"@id\":\"https:\\\/\\\/www.italiaisraele.org\\\/?p=4004#primaryimage\"},\"image\":{\"@id\":\"https:\\\/\\\/www.italiaisraele.org\\\/?p=4004#primaryimage\"},\"thumbnailUrl\":\"https:\\\/\\\/www.italiaisraele.org\\\/wp-content\\\/uploads\\\/2025\\\/04\\\/Gerusalemme-Muro-del-Pianto-01.jpg\",\"datePublished\":\"2025-04-19T09:45:53+00:00\",\"dateModified\":\"2025-04-19T18:35:42+00:00\",\"breadcrumb\":{\"@id\":\"https:\\\/\\\/www.italiaisraele.org\\\/?p=4004#breadcrumb\"},\"inLanguage\":\"it-IT\",\"potentialAction\":[{\"@type\":\"ReadAction\",\"target\":[\"https:\\\/\\\/www.italiaisraele.org\\\/?p=4004\"]}]},{\"@type\":\"ImageObject\",\"inLanguage\":\"it-IT\",\"@id\":\"https:\\\/\\\/www.italiaisraele.org\\\/?p=4004#primaryimage\",\"url\":\"https:\\\/\\\/www.italiaisraele.org\\\/wp-content\\\/uploads\\\/2025\\\/04\\\/Gerusalemme-Muro-del-Pianto-01.jpg\",\"contentUrl\":\"https:\\\/\\\/www.italiaisraele.org\\\/wp-content\\\/uploads\\\/2025\\\/04\\\/Gerusalemme-Muro-del-Pianto-01.jpg\",\"width\":1280,\"height\":853},{\"@type\":\"BreadcrumbList\",\"@id\":\"https:\\\/\\\/www.italiaisraele.org\\\/?p=4004#breadcrumb\",\"itemListElement\":[{\"@type\":\"ListItem\",\"position\":1,\"name\":\"Home\",\"item\":\"https:\\\/\\\/www.italiaisraele.org\\\/\"},{\"@type\":\"ListItem\",\"position\":2,\"name\":\"Israele \u00e8 la patria degli ebrei da sempre, nonostante le menzogne di ieri e di oggi.\"}]},{\"@type\":\"WebSite\",\"@id\":\"https:\\\/\\\/www.italiaisraele.org\\\/#website\",\"url\":\"https:\\\/\\\/www.italiaisraele.org\\\/\",\"name\":\"News Italia - Israele\",\"description\":\"Italia Israele Today - Magazine\",\"publisher\":{\"@id\":\"https:\\\/\\\/www.italiaisraele.org\\\/#organization\"},\"potentialAction\":[{\"@type\":\"SearchAction\",\"target\":{\"@type\":\"EntryPoint\",\"urlTemplate\":\"https:\\\/\\\/www.italiaisraele.org\\\/?s={search_term_string}\"},\"query-input\":{\"@type\":\"PropertyValueSpecification\",\"valueRequired\":true,\"valueName\":\"search_term_string\"}}],\"inLanguage\":\"it-IT\"},{\"@type\":\"Organization\",\"@id\":\"https:\\\/\\\/www.italiaisraele.org\\\/#organization\",\"name\":\"News Italia - Israele\",\"url\":\"https:\\\/\\\/www.italiaisraele.org\\\/\",\"logo\":{\"@type\":\"ImageObject\",\"inLanguage\":\"it-IT\",\"@id\":\"https:\\\/\\\/www.italiaisraele.org\\\/#\\\/schema\\\/logo\\\/image\\\/\",\"url\":\"https:\\\/\\\/www.italiaisraele.org\\\/wp-content\\\/uploads\\\/2024\\\/02\\\/cropped-cropped-TESTATA-NEWS-2.jpg\",\"contentUrl\":\"https:\\\/\\\/www.italiaisraele.org\\\/wp-content\\\/uploads\\\/2024\\\/02\\\/cropped-cropped-TESTATA-NEWS-2.jpg\",\"width\":1918,\"height\":291,\"caption\":\"News Italia - Israele\"},\"image\":{\"@id\":\"https:\\\/\\\/www.italiaisraele.org\\\/#\\\/schema\\\/logo\\\/image\\\/\"},\"sameAs\":[\"https:\\\/\\\/www.facebook.com\\\/Federazione.Associazioni.Italia.Israele\"]},{\"@type\":\"Person\",\"@id\":\"https:\\\/\\\/www.italiaisraele.org\\\/#\\\/schema\\\/person\\\/a58663d7e92468eb3e7d158e016946cd\",\"name\":\"Redazione\",\"image\":{\"@type\":\"ImageObject\",\"inLanguage\":\"it-IT\",\"@id\":\"https:\\\/\\\/secure.gravatar.com\\\/avatar\\\/fe11715b332cc423bb3991a005da4d50b44647eec21b11abddd059d3deafc450?s=96&d=mm&r=g\",\"url\":\"https:\\\/\\\/secure.gravatar.com\\\/avatar\\\/fe11715b332cc423bb3991a005da4d50b44647eec21b11abddd059d3deafc450?s=96&d=mm&r=g\",\"contentUrl\":\"https:\\\/\\\/secure.gravatar.com\\\/avatar\\\/fe11715b332cc423bb3991a005da4d50b44647eec21b11abddd059d3deafc450?s=96&d=mm&r=g\",\"caption\":\"Redazione\"},\"url\":\"https:\\\/\\\/www.italiaisraele.org\\\/?author=2\"}]}<\/script>\r\n<!-- \/ Yoast SEO plugin. -->","yoast_head_json":{"title":"Israele \u00e8 la patria degli ebrei da sempre, nonostante le menzogne di ieri e di oggi. - Federazione Associazioni Italia Israele","robots":{"index":"index","follow":"follow","max-snippet":"max-snippet:-1","max-image-preview":"max-image-preview:large","max-video-preview":"max-video-preview:-1"},"canonical":"https:\/\/www.italiaisraele.org\/?p=4004","og_locale":"it_IT","og_type":"article","og_title":"Israele \u00e8 la patria degli ebrei da sempre, nonostante le menzogne di ieri e di oggi. - Federazione Associazioni Italia Israele","og_description":"di Francesco Speroni* Palestina, una parola inventata per usarla come gomma da cancellare. Nel 135 d.C., dopo la sanguinosa rivolta di Bar Kokhba, l&#8217;ultima in ordine cronologico della resistenza ebraica all&#8217;occupazione romana, l&#8217;Imperatore Adriano decise di punire gli ebrei in modo esemplare. Oltre a distruggere le loro citt\u00e0, a partire da Gerusalemme, Adriano adott\u00f2 una [&hellip;]","og_url":"https:\/\/www.italiaisraele.org\/?p=4004","og_site_name":"Federazione Associazioni Italia Israele","article_publisher":"https:\/\/www.facebook.com\/Federazione.Associazioni.Italia.Israele","article_published_time":"2025-04-19T09:45:53+00:00","article_modified_time":"2025-04-19T18:35:42+00:00","og_image":[{"width":1280,"height":853,"url":"https:\/\/www.italiaisraele.org\/wp-content\/uploads\/2025\/04\/Gerusalemme-Muro-del-Pianto-01.jpg","type":"image\/jpeg"}],"author":"Redazione","twitter_card":"summary_large_image","twitter_misc":{"Scritto da":"Redazione","Tempo di lettura stimato":"9 minuti"},"schema":{"@context":"https:\/\/schema.org","@graph":[{"@type":"Article","@id":"https:\/\/www.italiaisraele.org\/?p=4004#article","isPartOf":{"@id":"https:\/\/www.italiaisraele.org\/?p=4004"},"author":{"name":"Redazione","@id":"https:\/\/www.italiaisraele.org\/#\/schema\/person\/a58663d7e92468eb3e7d158e016946cd"},"headline":"Israele \u00e8 la patria degli ebrei da sempre, nonostante le menzogne di ieri e di oggi.","datePublished":"2025-04-19T09:45:53+00:00","dateModified":"2025-04-19T18:35:42+00:00","mainEntityOfPage":{"@id":"https:\/\/www.italiaisraele.org\/?p=4004"},"wordCount":1448,"commentCount":4,"publisher":{"@id":"https:\/\/www.italiaisraele.org\/#organization"},"image":{"@id":"https:\/\/www.italiaisraele.org\/?p=4004#primaryimage"},"thumbnailUrl":"https:\/\/www.italiaisraele.org\/wp-content\/uploads\/2025\/04\/Gerusalemme-Muro-del-Pianto-01.jpg","keywords":["ebrei","Israele","Palestina","storia"],"articleSection":["Approfondimenti","Attualit\u00e0","La storia","News"],"inLanguage":"it-IT","potentialAction":[{"@type":"CommentAction","name":"Comment","target":["https:\/\/www.italiaisraele.org\/?p=4004#respond"]}]},{"@type":"WebPage","@id":"https:\/\/www.italiaisraele.org\/?p=4004","url":"https:\/\/www.italiaisraele.org\/?p=4004","name":"Israele \u00e8 la patria degli ebrei da sempre, nonostante le menzogne di ieri e di oggi. - Federazione Associazioni Italia Israele","isPartOf":{"@id":"https:\/\/www.italiaisraele.org\/#website"},"primaryImageOfPage":{"@id":"https:\/\/www.italiaisraele.org\/?p=4004#primaryimage"},"image":{"@id":"https:\/\/www.italiaisraele.org\/?p=4004#primaryimage"},"thumbnailUrl":"https:\/\/www.italiaisraele.org\/wp-content\/uploads\/2025\/04\/Gerusalemme-Muro-del-Pianto-01.jpg","datePublished":"2025-04-19T09:45:53+00:00","dateModified":"2025-04-19T18:35:42+00:00","breadcrumb":{"@id":"https:\/\/www.italiaisraele.org\/?p=4004#breadcrumb"},"inLanguage":"it-IT","potentialAction":[{"@type":"ReadAction","target":["https:\/\/www.italiaisraele.org\/?p=4004"]}]},{"@type":"ImageObject","inLanguage":"it-IT","@id":"https:\/\/www.italiaisraele.org\/?p=4004#primaryimage","url":"https:\/\/www.italiaisraele.org\/wp-content\/uploads\/2025\/04\/Gerusalemme-Muro-del-Pianto-01.jpg","contentUrl":"https:\/\/www.italiaisraele.org\/wp-content\/uploads\/2025\/04\/Gerusalemme-Muro-del-Pianto-01.jpg","width":1280,"height":853},{"@type":"BreadcrumbList","@id":"https:\/\/www.italiaisraele.org\/?p=4004#breadcrumb","itemListElement":[{"@type":"ListItem","position":1,"name":"Home","item":"https:\/\/www.italiaisraele.org\/"},{"@type":"ListItem","position":2,"name":"Israele \u00e8 la patria degli ebrei da sempre, nonostante le menzogne di ieri e di oggi."}]},{"@type":"WebSite","@id":"https:\/\/www.italiaisraele.org\/#website","url":"https:\/\/www.italiaisraele.org\/","name":"News Italia - Israele","description":"Italia Israele Today - Magazine","publisher":{"@id":"https:\/\/www.italiaisraele.org\/#organization"},"potentialAction":[{"@type":"SearchAction","target":{"@type":"EntryPoint","urlTemplate":"https:\/\/www.italiaisraele.org\/?s={search_term_string}"},"query-input":{"@type":"PropertyValueSpecification","valueRequired":true,"valueName":"search_term_string"}}],"inLanguage":"it-IT"},{"@type":"Organization","@id":"https:\/\/www.italiaisraele.org\/#organization","name":"News Italia - Israele","url":"https:\/\/www.italiaisraele.org\/","logo":{"@type":"ImageObject","inLanguage":"it-IT","@id":"https:\/\/www.italiaisraele.org\/#\/schema\/logo\/image\/","url":"https:\/\/www.italiaisraele.org\/wp-content\/uploads\/2024\/02\/cropped-cropped-TESTATA-NEWS-2.jpg","contentUrl":"https:\/\/www.italiaisraele.org\/wp-content\/uploads\/2024\/02\/cropped-cropped-TESTATA-NEWS-2.jpg","width":1918,"height":291,"caption":"News Italia - Israele"},"image":{"@id":"https:\/\/www.italiaisraele.org\/#\/schema\/logo\/image\/"},"sameAs":["https:\/\/www.facebook.com\/Federazione.Associazioni.Italia.Israele"]},{"@type":"Person","@id":"https:\/\/www.italiaisraele.org\/#\/schema\/person\/a58663d7e92468eb3e7d158e016946cd","name":"Redazione","image":{"@type":"ImageObject","inLanguage":"it-IT","@id":"https:\/\/secure.gravatar.com\/avatar\/fe11715b332cc423bb3991a005da4d50b44647eec21b11abddd059d3deafc450?s=96&d=mm&r=g","url":"https:\/\/secure.gravatar.com\/avatar\/fe11715b332cc423bb3991a005da4d50b44647eec21b11abddd059d3deafc450?s=96&d=mm&r=g","contentUrl":"https:\/\/secure.gravatar.com\/avatar\/fe11715b332cc423bb3991a005da4d50b44647eec21b11abddd059d3deafc450?s=96&d=mm&r=g","caption":"Redazione"},"url":"https:\/\/www.italiaisraele.org\/?author=2"}]}},"_links":{"self":[{"href":"https:\/\/www.italiaisraele.org\/index.php?rest_route=\/wp\/v2\/posts\/4004","targetHints":{"allow":["GET"]}}],"collection":[{"href":"https:\/\/www.italiaisraele.org\/index.php?rest_route=\/wp\/v2\/posts"}],"about":[{"href":"https:\/\/www.italiaisraele.org\/index.php?rest_route=\/wp\/v2\/types\/post"}],"author":[{"embeddable":true,"href":"https:\/\/www.italiaisraele.org\/index.php?rest_route=\/wp\/v2\/users\/2"}],"replies":[{"embeddable":true,"href":"https:\/\/www.italiaisraele.org\/index.php?rest_route=%2Fwp%2Fv2%2Fcomments&post=4004"}],"version-history":[{"count":0,"href":"https:\/\/www.italiaisraele.org\/index.php?rest_route=\/wp\/v2\/posts\/4004\/revisions"}],"wp:featuredmedia":[{"embeddable":true,"href":"https:\/\/www.italiaisraele.org\/index.php?rest_route=\/wp\/v2\/media\/4006"}],"wp:attachment":[{"href":"https:\/\/www.italiaisraele.org\/index.php?rest_route=%2Fwp%2Fv2%2Fmedia&parent=4004"}],"wp:term":[{"taxonomy":"category","embeddable":true,"href":"https:\/\/www.italiaisraele.org\/index.php?rest_route=%2Fwp%2Fv2%2Fcategories&post=4004"},{"taxonomy":"post_tag","embeddable":true,"href":"https:\/\/www.italiaisraele.org\/index.php?rest_route=%2Fwp%2Fv2%2Ftags&post=4004"}],"curies":[{"name":"wp","href":"https:\/\/api.w.org\/{rel}","templated":true}]}}