{"id":3730,"date":"2025-03-07T12:30:08","date_gmt":"2025-03-07T11:30:08","guid":{"rendered":"https:\/\/www.italiaisraele.org\/?p=3730"},"modified":"2025-03-07T13:23:21","modified_gmt":"2025-03-07T12:23:21","slug":"putin-trump-e-la-lezione-di-ben-gurion","status":"publish","type":"post","link":"https:\/\/www.italiaisraele.org\/?p=3730","title":{"rendered":"Putin, Trump e la lezione di Ben Gurion"},"content":{"rendered":"\n<p>SIAMO TUTTI UCRAINI<\/p>\n\n\n\n<p>opinione di <em>Antonio Cardellicchio<\/em><\/p>\n\n\n\n<p>Orrore alla Casa Bianca! Senza precedenti nella storia americana.<br>Trump e Vance hanno delegittimato, calunniato, oltraggiato, provocato il presidente Zelensky, leader eroico della difesa di una nazione eroica in lotta tra la vita e la morte, per la sua nuda libert\u00e0 esistenziale. E si sono allineati al regime criminale e genocida della Russia di Putin, per una cinica spartizione di aree di influenza con un catastrofico ribaltamento degli schieramenti.<br>Zelensky ha resistito con fermezza alle minacce e ai ricatti, e ha ottenuto l\u2019ammirazione del suo popolo e dell\u2019intero mondo libero.<\/p>\n\n\n\n<p>I media e i portavoce del regime russo esultavano, ed esaltavano il presidente USA per il suo tradimento. A questo punto Trump e il suo vice Vance, distintosi come cane rabbioso nell\u2019agguato mafioso, non sono pi\u00f9 la presidenza legittima degli Stati Uniti, ma non si pu\u00f2 calpestare il diritto internazionale e ribaltare la grande tradizione americana liberale, libertaria e federalista di Washington, Jefferson, Lincoln, Roosevelt, Kennedy e Reagan. Restano certo la presidenza legale, ma sono molto pericolosi per l\u2019ordine-disordine mondiale e per gli stessi interessi strategici vitali degli Stati Uniti.<\/p>\n\n\n\n<p><strong>Gli Ebrei e gli Amici di Israele hanno a cuore la causa della libert\u00e0 e dell\u2019indipendenza dell\u2019Ucraina. Alcuni mettono l\u2019accento sulla differenza delle rispettive situazioni dell\u2019Ucraina e di Israele, che naturalmente esistono.<\/strong> Altri, me incluso, credono che i due popoli e i due paesi abbiano la stessa causa. Esiste una ragione minima di solidariet\u00e0: <strong>la Russia della guerra terrorista d\u2019annientamento dell\u2019Ucraina \u00e8 alleata con i peggiori nemici di Israele<\/strong>, e gi\u00e0 questo non \u00e8 poco. Poi c\u2019\u00e8 una ragione massima, ed \u00e8 quella fondamentale e audace, cio\u00e8 che l\u2019Ucraina sta vivendo e realizzando con onore un grande risorgimento nazionale, che risulta esemplare rispetto alla crisi identitaria valoriale, autodistruttiva dell\u2019Occidente e alla marginalizzazione museale della grande cultura occidentale.<br><strong>Un sionista \u00e8 un sostenitore appassionato della radice fondamentale della nascita di Israele come splendido rinascimento nazionale ebraico, ed \u00e8 su questa base un sostenitore convinto di tutti i risorgimenti nazionali e delle lotte per la libert\u00e0 e l\u2019indipendenza di ogni popolo. <\/strong>Per dirla tutta, con chiarezza veritativa, <strong>i sionisti non si limitano a solidarizzare con l\u2019Ucraina, ma si identificano con la causa dell\u2019Ucraina.<\/strong><\/p>\n\n\n<div class=\"wp-block-image\">\n<figure class=\"alignright size-full is-resized\"><img loading=\"lazy\" decoding=\"async\" width=\"960\" height=\"600\" src=\"https:\/\/www.italiaisraele.org\/wp-content\/uploads\/2025\/03\/valoa_ukrainaan_esko_jamsa.jpg.jpeg\" alt=\"\" class=\"wp-image-3732\" style=\"width:675px;height:auto\" srcset=\"https:\/\/www.italiaisraele.org\/wp-content\/uploads\/2025\/03\/valoa_ukrainaan_esko_jamsa.jpg.jpeg 960w, https:\/\/www.italiaisraele.org\/wp-content\/uploads\/2025\/03\/valoa_ukrainaan_esko_jamsa.jpg-300x188.jpeg 300w, https:\/\/www.italiaisraele.org\/wp-content\/uploads\/2025\/03\/valoa_ukrainaan_esko_jamsa.jpg-768x480.jpeg 768w, https:\/\/www.italiaisraele.org\/wp-content\/uploads\/2025\/03\/valoa_ukrainaan_esko_jamsa.jpg-600x375.jpeg 600w\" sizes=\"auto, (max-width: 960px) 100vw, 960px\" \/><\/figure>\n<\/div>\n\n\n<p>Dunque, io ritengo che Trump e Vance sono legali ma non legittimi. La diversit\u00e0 tra legalit\u00e0 e legittimit\u00e0 si trova nella grande scienza politica realista. La prima si fonda su una maggioranza numerica, la seconda sui contenuti, la condotta, la coerenza, lo stile. Le azioni del duo non solo sono completamente sbagliate e barbare, sono illegittime proprio nell\u2019ottica della tradizione americana che gi\u00e0 di per se \u00e8 eccezionale, con i suoi valori fondativi e permanenti: cultura della persona, diritti individuali e associativi, divisione del potere anche territoriale, il federalismo come fattore anticentralista e alternativo al potere assoluto. Con questi valori e comportamenti, <strong>la grande nazione americana ha contribuito in modo determinante alla capitolazione del nazifascismo e al collasso del comunismo, e aveva anche iniziato, pur tra contraddizioni e debolezze, a combattere il nuovo nazismo islamico, le autocrazie e le dittature di oggi.<\/strong><br>Invece, il ribaltamento illegittimo di Trump-Vance rompe l\u2019unit\u00e0 occidentale, l\u2019alleanza atlantica, la vocazione e missione americana. Nega le alleanze occidentali e si allea con il regime autocratico, imperialista e invasore di Putin.<\/p>\n\n\n\n<p>Un regime dai comportamenti fascisti e dalla continuit\u00e0 comunista, dai tratti mafiosi, fino all\u2019uso della peggiore criminalit\u00e0 comune tolta dalle carceri e gettata sul fronte di guerra. Questo regime pretende l\u2019annientamento dell\u2019Ucraina attraverso una guerra totale, terrorista, efferata che distrugge le infrastrutture, gli ospedali pediatrici, le scuole, i musei, le chiese, che condanna il popolo ucraino al gelo e alla fame, che rapisce i bambini per russificarli, che <strong>si allea con l\u2019Iran <\/strong>e la Cina, fino all\u2019impiego di oltre diecimila soldati nord-coreani; che pratica la guerra ibrida contro l\u2019Occidente e i paesi indipendenti, mentre in patria arresta, tortura e stermina gli oppositori con il veleno, il gelo siberiano e le defenestrazioni a catena, che insegue gli oppositori in esilio per assassinarli, che opprime il popolo russo e le minoranze nazionali, che usa i soldati di leva come carne da macello, che arresta e tortura dissidenti, minoranze sessuali e femministe; che opera in Africa con bande di mercenari e assassini spietati, usate per colpi di stato e per formare i pretoriani delle peggiori dittature.<\/p>\n\n\n\n<figure class=\"wp-block-image size-full is-resized\"><img loading=\"lazy\" decoding=\"async\" width=\"300\" height=\"168\" src=\"https:\/\/www.italiaisraele.org\/wp-content\/uploads\/2025\/03\/images-9.jpg\" alt=\"\" class=\"wp-image-3733\" style=\"width:317px;height:auto\"\/><\/figure>\n\n\n\n<p>Con questo regime, Trump e Vance vogliono un accordo di spartizione per aree di influenza, per una &#8211; si dice &#8211; nuova Yalta. Ma non \u00e8 cos\u00ec: Yalta fu il risultato di un\u2019alleanza di guerra che stava ottenendo la vittoria sulla Germania nazista e sul Giappone, un\u2019alleanza temporanea tra le democrazie e uno Stato totalitario come la Russia di Stalin resa necessaria in quella realt\u00e0 storica per poter concentrare le forze per la sconfitta del nazifascismo. Non si poteva certo condurre la lotta contro i due totalitarismi contemporaneamente. Quindi si trovavano sullo stesso fronte chi voleva sostituire la libert\u00e0 al totalitarismo nazista, e chi voleva sostituire un totalitarismo con un altro. E prima di questa alleanza, i due totalitarismi tedeschi e sovietico si erano comportati come gemelli, erano alleati strategici nel patto Hitler-Stalin che ha comportato l\u2019invasione congiunta della Polonia e la sua spartizione, la sfilata congiunta della Wehrmacht e dell\u2019Armata Rossa a Brest Litovsk. Fu cos\u00ec favorita la prima fase della Shoah, quella delle fucilazioni prima delle camere a gas, mentre nazisti e sovietici si scambiavano reciproche esperienze concentrazionarie lager\/gulag e prigionieri. L\u2019alleanza rosso-bruna era fondata sulla comune natura totalitaria e la comune ideologia anti-occidentale.<\/p>\n\n\n\n<p>Il negoziato Trump-Putin sar\u00e0 molto peggio di una ipotetica nuova Yalta, perch\u00e9<strong> l\u2019imperialismo terrorista islamico, le autocrazie e le dittature non sono state sconfitte<\/strong>, anzi vengono favorite. Trump e Vance sono prigionieri di una sfrenata demagogia populista opposta a ogni principio di realt\u00e0, senso di verit\u00e0, valori liberali, democratici, umanisti e religiosi. Chiusi in un piccolo, gretto realismo, tra navigazione a vista e calcoli meschini, in opposizione sia a un grande realismo sia ai valori.<\/p>\n\n\n\n<p>Il populismo sar\u00e0 pure popolare per calcolo numerico ma \u00e8, in modo profondo e strutturale, anti-popolare, perch\u00e9 concepisce un popolo-bue e odia un popolo cosciente, perch\u00e9 si riduce al livello infimo della \u201ccomunicazione di pancia\u201d, istintuale, infantile, presentista, si oppone alla conoscenza necessaria alla deliberazione e alla libert\u00e0 di scelta.<\/p>\n\n\n\n<figure class=\"wp-block-image size-full is-resized\"><img loading=\"lazy\" decoding=\"async\" width=\"714\" height=\"976\" src=\"https:\/\/www.italiaisraele.org\/wp-content\/uploads\/2025\/03\/Marshall_Plan_poster-900x.jpg\" alt=\"\" class=\"wp-image-3734\" style=\"width:379px;height:auto\" srcset=\"https:\/\/www.italiaisraele.org\/wp-content\/uploads\/2025\/03\/Marshall_Plan_poster-900x.jpg 714w, https:\/\/www.italiaisraele.org\/wp-content\/uploads\/2025\/03\/Marshall_Plan_poster-900x-219x300.jpg 219w, https:\/\/www.italiaisraele.org\/wp-content\/uploads\/2025\/03\/Marshall_Plan_poster-900x-600x820.jpg 600w\" sizes=\"auto, (max-width: 714px) 100vw, 714px\" \/><\/figure>\n\n\n\n<p><br>Risulta micidiale, nella folle inversione tra il calcolo economico e la geopolitica: cio\u00e8 Trump applica il calcolo politico in economia e il calcolo economico in politica. Commercializza la politica e politicizza il commercio, due macro-errori fatali che conducono all\u2019orrore. Con il primo criterio si rende la potenza USA un\u2019impotenza politico-militare, diventa debole nella trattativa, sterilizza la difesa e sbaglia pure la diplomazia (triviali talk-show al posto di negoziati a porte chiuse). Con il secondo <strong>uccide il libero mercato e il libero scambio, cio\u00e8 l\u00e0 dove il calcolo economico \u00e8 invece naturale, indispensabile e giusto<\/strong>. Vedi l\u2019analisi della scuola austriaca di Hayek e Mises sulla centralit\u00e0 del calcolo economico e gli esiti catastrofici e disumani della sua assenza, dalla pianificazione sovietica che ha generato fame, gelo e terrore, ai piani di guerra di Hitler, ultra-distruttivi e devastanti della stessa economia tedesca, oltre le rapine nei territori invasi.<br>Trump abolisce il libero scambio, dove l\u2019estremo dinamismo economico e tecnico-scientifico degli Stati Uniti d\u00e0 il meglio di s\u00e9, e impone la guerra commerciale che non danneggia solo gli avversari ma la stessa economia americana.<\/p>\n\n\n\n<p><\/p>\n\n\n\n<figure class=\"wp-block-image size-full is-resized\"><img loading=\"lazy\" decoding=\"async\" width=\"650\" height=\"315\" src=\"https:\/\/www.italiaisraele.org\/wp-content\/uploads\/2025\/03\/Europe_Plan_Marshall._Poster_1947-3.jpg\" alt=\"\" class=\"wp-image-3735\" style=\"width:840px;height:auto\" srcset=\"https:\/\/www.italiaisraele.org\/wp-content\/uploads\/2025\/03\/Europe_Plan_Marshall._Poster_1947-3.jpg 650w, https:\/\/www.italiaisraele.org\/wp-content\/uploads\/2025\/03\/Europe_Plan_Marshall._Poster_1947-3-300x145.jpg 300w, https:\/\/www.italiaisraele.org\/wp-content\/uploads\/2025\/03\/Europe_Plan_Marshall._Poster_1947-3-600x291.jpg 600w\" sizes=\"auto, (max-width: 650px) 100vw, 650px\" \/><\/figure>\n\n\n\n<p>Ancora pi\u00f9 grave e catastrofica \u00e8 l\u2019inversione delle ragioni della pace e della guerra. Il populismo sfrenato, cieco, anti-elitario e anti-popolare, distrugge all\u2019unisono le ragioni essenziali e necessarie della fermezza, della deterrenza e della difesa efficace che sono vitali contro l\u2019assalto del fronte autocratico, totalitario, terrorista di Russia, Cina, Iran e nazi-islamismo.<br>Solo un\u2019azione di questo tipo pu\u00f2 creare una base solida di una prospettiva di pace e di una stessa diplomazia efficace, fondata sul realismo e sui valori di libert\u00e0 e vita umana. La pace \u00e8 veramente tale se implica una cultura della pace, reali e visibili condotte di pace, relazioni internazionali nel diritto internazionale, capitolazione degli aggressori\/invasori, eliminazione del terrorismo genocida.<br>Al contrario, vogliono la schiavit\u00f9 e la chiamano pace. Ma la pace dei cimiteri incentiva le guerre di aggressione e gli atti terroristi, incoraggia i tiranni e i crimini di guerra. Ogni resa delle forze di libert\u00e0 e indipendenza \u00e8 nemica della pace e incubatrice di guerre pi\u00f9 estese, distruttive, disumane.<br>I pacifisti sono servi della guerra, e i guerrieri della libert\u00e0 sono uomini di pace, per essa combattono e danno la vita.<br>L\u2019inversione dei termini e dei valori di pace e di guerra disgrega e avvelena l\u2019Occidente, mentre le autocrazie e i totalitarismi all\u2019offensiva se ne avvantaggiano. Solo se il diritto e il dovere della libert\u00e0 e della dignit\u00e0 umana detiene un suo primato nella societ\u00e0, nel cuore e nella mente di uomini e donne, come primato indiscusso, radicato, sentito, venerato, e se per questo si \u00e8 disposti a combattere e a dare la vita, potr\u00e0 esserci una barriera di salvezza. Proprio per amore della vita, della sua sacralit\u00e0, alll\u2019opposto del martirio degli shaid, che \u00e8 invece il primato della cultura della morte.<br>Invece prevale la sottocultura della paura, la demagogia pacifista di una illusoria \u201ctranquillit\u00e0 domestica\u201d, il calcolo elettorale gretto, una demagogia che demonizza e isola Israele e l\u2019Ucraina proprio perch\u00e9 queste nazioni incarnano valori e identit\u00e0 forti.<\/p>\n\n\n\n<p>Con un tremendo ritardo, cominciamo a renderci conto che la difesa e i suoi costi necessari sono della misura del 5%, assai lontani dalla miserabile voce di spesa attuale. Scelta obbligata dalla situazione attuale, dal tradimento di Trump, dalla rottura dell\u2019atlantismo e dalla necessit\u00e0 di procedere con coraggio su una nuova strada autonoma, per amore della libert\u00e0 democratica, incuranti delle urla irate e dei piagnistei dei \u201cpacifisti\u201d, tanto ipocriti quanto servili verso i signori della guerra.<br>O lo facciamo, e presto, o verremo travolti. Il disordine globale, qui e ora, \u00e8 disperato e disperante, per il regresso delle democrazie di fronte all\u2019offensiva autocratica.<br>Per ragioni autonome, e per il voltafaccia e il tradimento della presidenza Trump in un isolazionismo a tendenza suicida, l\u2019Unione Europea si deve risvegliare, superare velocemente le sue strutture di centralismo burocratico, regolamentazione asfissiante, protezionismo, vuoto di politica estera e difesa comune. Con Israele isolato e demonizzato, la diffusione di massa del politicamente corretto pacifista a met\u00e0 strada tra l\u2019essere una quinta colonna degli aggressori e un agire da utili idioti, un terrorismo dinamico impunito. Se vediamo le cose nell\u2019immediato e in modo statico, quel che resta del mondo libero si trova nell\u2019ora terribile del coltello nel burro. Ma proprio il pericolo estremo pu\u00f2 suscitare il risveglio, da un istinto di sopravvivenza alla consapevolezza dell\u2019alto rischio della fine di un\u2019intera civilt\u00e0.<\/p>\n\n\n\n<p><\/p>\n\n\n<div class=\"wp-block-image\">\n<figure class=\"aligncenter size-full is-resized\"><img loading=\"lazy\" decoding=\"async\" width=\"428\" height=\"640\" src=\"https:\/\/www.italiaisraele.org\/wp-content\/uploads\/2025\/03\/prime-minister-david-ben-gurion-1951-2eef95-640.jpg\" alt=\"\" class=\"wp-image-3736\" style=\"width:538px;height:auto\" srcset=\"https:\/\/www.italiaisraele.org\/wp-content\/uploads\/2025\/03\/prime-minister-david-ben-gurion-1951-2eef95-640.jpg 428w, https:\/\/www.italiaisraele.org\/wp-content\/uploads\/2025\/03\/prime-minister-david-ben-gurion-1951-2eef95-640-201x300.jpg 201w\" sizes=\"auto, (max-width: 428px) 100vw, 428px\" \/><\/figure>\n<\/div>\n\n\n<p>(<em>David Ben Gurion<\/em>)<\/p>\n\n\n\n<p>Nell\u2019ora pi\u00f9 buia si deve accendere la lampada di una spes contra spem. <strong>Quel che Ben Gurion diceva per Israele (\u201cPer essere realisti in Terra di Israele bisogna credere nei miracoli\u201d) dovrebbe finalmente verificarsi per una rinascita europea. <\/strong>Per passare veloci da una Europa sonnambula e paralizzata a una riscossa, possono valere le proposte di Stefano Magni (\u201cAtlantico Quotidiano\u201d, 4 marzo) che ci sembrano plausibili, o almeno una utile e proficua base. Cinque punti:<br>1) pace con il Regno Unito, superare la Brexit55 per una difesa comune<br>2) morte al Green Deal, per rendere la difesa una assoluta priorit\u00e0<br>3) industria bellica: comprare armi americane finch\u00e9 possibile<br>4) nell\u2019ambito della NATO, una divisione del lavoro tra paesi di prima linea con una solida preparazione di difesa territoriale, leva di massa e difesa civile; poi una seconda schiera con eserciti professionali ed armi ad alta tecnologia, pronti a intervenire nel territorio minacciato<br>5) deterrenza nucleare. Superare il punto debole dell\u2019Europa: oggi, senza USA il deterrente nucleare non esiste; quindi, produzione europea di armi tattiche a corto raggio in modo da poter affrontare ogni livello di escalation.<\/p>\n\n\n\n<p>A queste proposte, ci sentiamo di aggiungere: <strong>unit\u00e0 antiterrorista tra polizie e settori della difesa, tra Unione Europea e Israele per la difesa dello Stato ebraico.<\/strong><\/p>\n\n\n\n<p>Nella triviale aggressione verbale a Zelensky, Trump ha superato ogni limite accusandolo di essere colpevole di volere una terza guerra mondiale. \u00c8 vero il contrario, come fu per lo scatenamento nazista della seconda guerra mondiale sar\u00e0 invece la capitolazione e la schiavit\u00f9 dei popoli a favorire l\u2019alto rischio di una terza guerra mondiale.<br>Non ci rassegniamo davanti ai tiranni e ai traditori della libert\u00e0. Agiamo per l\u2019unit\u00e0 occidentale, per i valori di civilt\u00e0.<\/p>\n\n\n\n<p>*<em>Presidente Gruppo Sionistico della Campania<\/em><\/p>\n","protected":false},"excerpt":{"rendered":"<p>SIAMO TUTTI UCRAINI opinione di Antonio Cardellicchio Orrore alla Casa Bianca! Senza precedenti nella storia americana.Trump e Vance hanno delegittimato, calunniato, oltraggiato, provocato il presidente Zelensky, leader eroico della difesa di una nazione eroica in lotta tra la vita e la morte, per la sua nuda libert\u00e0 esistenziale. E si sono allineati al regime criminale [&hellip;]<\/p>\n","protected":false},"author":4,"featured_media":3731,"comment_status":"open","ping_status":"open","sticky":false,"template":"","format":"standard","meta":{"iawp_total_views":78,"footnotes":""},"categories":[4],"tags":[706,13,122,414,453],"class_list":["post-3730","post","type-post","status-publish","format-standard","has-post-thumbnail","hentry","category-attualita","tag-david-ben-gurion","tag-israele","tag-russia","tag-stati-uniti","tag-ucraina"],"yoast_head":"<!-- This site is optimized with the Yoast SEO plugin v27.5 - https:\/\/yoast.com\/product\/yoast-seo-wordpress\/ -->\r\n<title>Putin, Trump e la lezione di Ben Gurion - Federazione Associazioni Italia Israele<\/title>\r\n<meta name=\"robots\" content=\"index, follow, max-snippet:-1, max-image-preview:large, max-video-preview:-1\" \/>\r\n<link rel=\"canonical\" href=\"https:\/\/www.italiaisraele.org\/?p=3730\" \/>\r\n<meta property=\"og:locale\" content=\"it_IT\" \/>\r\n<meta property=\"og:type\" content=\"article\" \/>\r\n<meta property=\"og:title\" content=\"Putin, Trump e la lezione di Ben Gurion - Federazione Associazioni Italia Israele\" \/>\r\n<meta property=\"og:description\" content=\"SIAMO TUTTI UCRAINI opinione di Antonio Cardellicchio Orrore alla Casa Bianca! Senza precedenti nella storia americana.Trump e Vance hanno delegittimato, calunniato, oltraggiato, provocato il presidente Zelensky, leader eroico della difesa di una nazione eroica in lotta tra la vita e la morte, per la sua nuda libert\u00e0 esistenziale. E si sono allineati al regime criminale [&hellip;]\" \/>\r\n<meta property=\"og:url\" content=\"https:\/\/www.italiaisraele.org\/?p=3730\" \/>\r\n<meta property=\"og:site_name\" content=\"Federazione Associazioni Italia Israele\" \/>\r\n<meta property=\"article:publisher\" content=\"https:\/\/www.facebook.com\/Federazione.Associazioni.Italia.Israele\" \/>\r\n<meta property=\"article:published_time\" content=\"2025-03-07T11:30:08+00:00\" \/>\r\n<meta property=\"article:modified_time\" content=\"2025-03-07T12:23:21+00:00\" \/>\r\n<meta property=\"og:image\" content=\"https:\/\/www.italiaisraele.org\/wp-content\/uploads\/2025\/03\/Prime_Minister_David_Ben-Gurion_Franklin_Delano_Roosevelt_Jr._and_John_F._Kennedy-scaled.jpg\" \/>\r\n\t<meta property=\"og:image:width\" content=\"2560\" \/>\r\n\t<meta property=\"og:image:height\" content=\"1707\" \/>\r\n\t<meta property=\"og:image:type\" content=\"image\/jpeg\" \/>\r\n<meta name=\"author\" content=\"Giuseppe Crimaldi\" \/>\r\n<meta name=\"twitter:card\" content=\"summary_large_image\" \/>\r\n<meta name=\"twitter:label1\" content=\"Scritto da\" \/>\n\t<meta name=\"twitter:data1\" content=\"Giuseppe Crimaldi\" \/>\n\t<meta name=\"twitter:label2\" content=\"Tempo di lettura stimato\" \/>\n\t<meta name=\"twitter:data2\" content=\"13 minuti\" \/>\r\n<script type=\"application\/ld+json\" class=\"yoast-schema-graph\">{\"@context\":\"https:\\\/\\\/schema.org\",\"@graph\":[{\"@type\":\"Article\",\"@id\":\"https:\\\/\\\/www.italiaisraele.org\\\/?p=3730#article\",\"isPartOf\":{\"@id\":\"https:\\\/\\\/www.italiaisraele.org\\\/?p=3730\"},\"author\":{\"name\":\"Giuseppe Crimaldi\",\"@id\":\"https:\\\/\\\/www.italiaisraele.org\\\/#\\\/schema\\\/person\\\/7784c17a23e6ef9cb737f3192f043fab\"},\"headline\":\"Putin, Trump e la lezione di Ben Gurion\",\"datePublished\":\"2025-03-07T11:30:08+00:00\",\"dateModified\":\"2025-03-07T12:23:21+00:00\",\"mainEntityOfPage\":{\"@id\":\"https:\\\/\\\/www.italiaisraele.org\\\/?p=3730\"},\"wordCount\":2099,\"commentCount\":2,\"publisher\":{\"@id\":\"https:\\\/\\\/www.italiaisraele.org\\\/#organization\"},\"image\":{\"@id\":\"https:\\\/\\\/www.italiaisraele.org\\\/?p=3730#primaryimage\"},\"thumbnailUrl\":\"https:\\\/\\\/www.italiaisraele.org\\\/wp-content\\\/uploads\\\/2025\\\/03\\\/Prime_Minister_David_Ben-Gurion_Franklin_Delano_Roosevelt_Jr._and_John_F._Kennedy-scaled.jpg\",\"keywords\":[\"David Ben Gurion\",\"Israele\",\"Russia\",\"Stati Uniti\",\"Ucraina\"],\"articleSection\":[\"Attualit\u00e0\"],\"inLanguage\":\"it-IT\",\"potentialAction\":[{\"@type\":\"CommentAction\",\"name\":\"Comment\",\"target\":[\"https:\\\/\\\/www.italiaisraele.org\\\/?p=3730#respond\"]}]},{\"@type\":\"WebPage\",\"@id\":\"https:\\\/\\\/www.italiaisraele.org\\\/?p=3730\",\"url\":\"https:\\\/\\\/www.italiaisraele.org\\\/?p=3730\",\"name\":\"Putin, Trump e la lezione di Ben Gurion - Federazione Associazioni Italia Israele\",\"isPartOf\":{\"@id\":\"https:\\\/\\\/www.italiaisraele.org\\\/#website\"},\"primaryImageOfPage\":{\"@id\":\"https:\\\/\\\/www.italiaisraele.org\\\/?p=3730#primaryimage\"},\"image\":{\"@id\":\"https:\\\/\\\/www.italiaisraele.org\\\/?p=3730#primaryimage\"},\"thumbnailUrl\":\"https:\\\/\\\/www.italiaisraele.org\\\/wp-content\\\/uploads\\\/2025\\\/03\\\/Prime_Minister_David_Ben-Gurion_Franklin_Delano_Roosevelt_Jr._and_John_F._Kennedy-scaled.jpg\",\"datePublished\":\"2025-03-07T11:30:08+00:00\",\"dateModified\":\"2025-03-07T12:23:21+00:00\",\"breadcrumb\":{\"@id\":\"https:\\\/\\\/www.italiaisraele.org\\\/?p=3730#breadcrumb\"},\"inLanguage\":\"it-IT\",\"potentialAction\":[{\"@type\":\"ReadAction\",\"target\":[\"https:\\\/\\\/www.italiaisraele.org\\\/?p=3730\"]}]},{\"@type\":\"ImageObject\",\"inLanguage\":\"it-IT\",\"@id\":\"https:\\\/\\\/www.italiaisraele.org\\\/?p=3730#primaryimage\",\"url\":\"https:\\\/\\\/www.italiaisraele.org\\\/wp-content\\\/uploads\\\/2025\\\/03\\\/Prime_Minister_David_Ben-Gurion_Franklin_Delano_Roosevelt_Jr._and_John_F._Kennedy-scaled.jpg\",\"contentUrl\":\"https:\\\/\\\/www.italiaisraele.org\\\/wp-content\\\/uploads\\\/2025\\\/03\\\/Prime_Minister_David_Ben-Gurion_Franklin_Delano_Roosevelt_Jr._and_John_F._Kennedy-scaled.jpg\",\"width\":2560,\"height\":1707,\"caption\":\"L-R: PRIME MINISTER DAVID BEN GURION F.D. ROOSEVELT JR. (C) AND JOHN F. KENNEDY, DURING THEIR SHORT VISIT TO ISRAEL.\"},{\"@type\":\"BreadcrumbList\",\"@id\":\"https:\\\/\\\/www.italiaisraele.org\\\/?p=3730#breadcrumb\",\"itemListElement\":[{\"@type\":\"ListItem\",\"position\":1,\"name\":\"Home\",\"item\":\"https:\\\/\\\/www.italiaisraele.org\\\/\"},{\"@type\":\"ListItem\",\"position\":2,\"name\":\"Putin, Trump e la lezione di Ben Gurion\"}]},{\"@type\":\"WebSite\",\"@id\":\"https:\\\/\\\/www.italiaisraele.org\\\/#website\",\"url\":\"https:\\\/\\\/www.italiaisraele.org\\\/\",\"name\":\"News Italia - Israele\",\"description\":\"Italia Israele Today - Magazine\",\"publisher\":{\"@id\":\"https:\\\/\\\/www.italiaisraele.org\\\/#organization\"},\"potentialAction\":[{\"@type\":\"SearchAction\",\"target\":{\"@type\":\"EntryPoint\",\"urlTemplate\":\"https:\\\/\\\/www.italiaisraele.org\\\/?s={search_term_string}\"},\"query-input\":{\"@type\":\"PropertyValueSpecification\",\"valueRequired\":true,\"valueName\":\"search_term_string\"}}],\"inLanguage\":\"it-IT\"},{\"@type\":\"Organization\",\"@id\":\"https:\\\/\\\/www.italiaisraele.org\\\/#organization\",\"name\":\"News Italia - Israele\",\"url\":\"https:\\\/\\\/www.italiaisraele.org\\\/\",\"logo\":{\"@type\":\"ImageObject\",\"inLanguage\":\"it-IT\",\"@id\":\"https:\\\/\\\/www.italiaisraele.org\\\/#\\\/schema\\\/logo\\\/image\\\/\",\"url\":\"https:\\\/\\\/www.italiaisraele.org\\\/wp-content\\\/uploads\\\/2024\\\/02\\\/cropped-cropped-TESTATA-NEWS-2.jpg\",\"contentUrl\":\"https:\\\/\\\/www.italiaisraele.org\\\/wp-content\\\/uploads\\\/2024\\\/02\\\/cropped-cropped-TESTATA-NEWS-2.jpg\",\"width\":1918,\"height\":291,\"caption\":\"News Italia - Israele\"},\"image\":{\"@id\":\"https:\\\/\\\/www.italiaisraele.org\\\/#\\\/schema\\\/logo\\\/image\\\/\"},\"sameAs\":[\"https:\\\/\\\/www.facebook.com\\\/Federazione.Associazioni.Italia.Israele\"]},{\"@type\":\"Person\",\"@id\":\"https:\\\/\\\/www.italiaisraele.org\\\/#\\\/schema\\\/person\\\/7784c17a23e6ef9cb737f3192f043fab\",\"name\":\"Giuseppe Crimaldi\",\"image\":{\"@type\":\"ImageObject\",\"inLanguage\":\"it-IT\",\"@id\":\"https:\\\/\\\/secure.gravatar.com\\\/avatar\\\/a6ddf67481d5d5efef9847e6f4c99a77e7129e93382ea6de1e9ea96b8deec707?s=96&d=mm&r=g\",\"url\":\"https:\\\/\\\/secure.gravatar.com\\\/avatar\\\/a6ddf67481d5d5efef9847e6f4c99a77e7129e93382ea6de1e9ea96b8deec707?s=96&d=mm&r=g\",\"contentUrl\":\"https:\\\/\\\/secure.gravatar.com\\\/avatar\\\/a6ddf67481d5d5efef9847e6f4c99a77e7129e93382ea6de1e9ea96b8deec707?s=96&d=mm&r=g\",\"caption\":\"Giuseppe Crimaldi\"},\"url\":\"https:\\\/\\\/www.italiaisraele.org\\\/?author=4\"}]}<\/script>\r\n<!-- \/ Yoast SEO plugin. -->","yoast_head_json":{"title":"Putin, Trump e la lezione di Ben Gurion - Federazione Associazioni Italia Israele","robots":{"index":"index","follow":"follow","max-snippet":"max-snippet:-1","max-image-preview":"max-image-preview:large","max-video-preview":"max-video-preview:-1"},"canonical":"https:\/\/www.italiaisraele.org\/?p=3730","og_locale":"it_IT","og_type":"article","og_title":"Putin, Trump e la lezione di Ben Gurion - Federazione Associazioni Italia Israele","og_description":"SIAMO TUTTI UCRAINI opinione di Antonio Cardellicchio Orrore alla Casa Bianca! Senza precedenti nella storia americana.Trump e Vance hanno delegittimato, calunniato, oltraggiato, provocato il presidente Zelensky, leader eroico della difesa di una nazione eroica in lotta tra la vita e la morte, per la sua nuda libert\u00e0 esistenziale. E si sono allineati al regime criminale [&hellip;]","og_url":"https:\/\/www.italiaisraele.org\/?p=3730","og_site_name":"Federazione Associazioni Italia Israele","article_publisher":"https:\/\/www.facebook.com\/Federazione.Associazioni.Italia.Israele","article_published_time":"2025-03-07T11:30:08+00:00","article_modified_time":"2025-03-07T12:23:21+00:00","og_image":[{"width":2560,"height":1707,"url":"https:\/\/www.italiaisraele.org\/wp-content\/uploads\/2025\/03\/Prime_Minister_David_Ben-Gurion_Franklin_Delano_Roosevelt_Jr._and_John_F._Kennedy-scaled.jpg","type":"image\/jpeg"}],"author":"Giuseppe Crimaldi","twitter_card":"summary_large_image","twitter_misc":{"Scritto da":"Giuseppe Crimaldi","Tempo di lettura stimato":"13 minuti"},"schema":{"@context":"https:\/\/schema.org","@graph":[{"@type":"Article","@id":"https:\/\/www.italiaisraele.org\/?p=3730#article","isPartOf":{"@id":"https:\/\/www.italiaisraele.org\/?p=3730"},"author":{"name":"Giuseppe Crimaldi","@id":"https:\/\/www.italiaisraele.org\/#\/schema\/person\/7784c17a23e6ef9cb737f3192f043fab"},"headline":"Putin, Trump e la lezione di Ben Gurion","datePublished":"2025-03-07T11:30:08+00:00","dateModified":"2025-03-07T12:23:21+00:00","mainEntityOfPage":{"@id":"https:\/\/www.italiaisraele.org\/?p=3730"},"wordCount":2099,"commentCount":2,"publisher":{"@id":"https:\/\/www.italiaisraele.org\/#organization"},"image":{"@id":"https:\/\/www.italiaisraele.org\/?p=3730#primaryimage"},"thumbnailUrl":"https:\/\/www.italiaisraele.org\/wp-content\/uploads\/2025\/03\/Prime_Minister_David_Ben-Gurion_Franklin_Delano_Roosevelt_Jr._and_John_F._Kennedy-scaled.jpg","keywords":["David Ben Gurion","Israele","Russia","Stati Uniti","Ucraina"],"articleSection":["Attualit\u00e0"],"inLanguage":"it-IT","potentialAction":[{"@type":"CommentAction","name":"Comment","target":["https:\/\/www.italiaisraele.org\/?p=3730#respond"]}]},{"@type":"WebPage","@id":"https:\/\/www.italiaisraele.org\/?p=3730","url":"https:\/\/www.italiaisraele.org\/?p=3730","name":"Putin, Trump e la lezione di Ben Gurion - Federazione Associazioni Italia Israele","isPartOf":{"@id":"https:\/\/www.italiaisraele.org\/#website"},"primaryImageOfPage":{"@id":"https:\/\/www.italiaisraele.org\/?p=3730#primaryimage"},"image":{"@id":"https:\/\/www.italiaisraele.org\/?p=3730#primaryimage"},"thumbnailUrl":"https:\/\/www.italiaisraele.org\/wp-content\/uploads\/2025\/03\/Prime_Minister_David_Ben-Gurion_Franklin_Delano_Roosevelt_Jr._and_John_F._Kennedy-scaled.jpg","datePublished":"2025-03-07T11:30:08+00:00","dateModified":"2025-03-07T12:23:21+00:00","breadcrumb":{"@id":"https:\/\/www.italiaisraele.org\/?p=3730#breadcrumb"},"inLanguage":"it-IT","potentialAction":[{"@type":"ReadAction","target":["https:\/\/www.italiaisraele.org\/?p=3730"]}]},{"@type":"ImageObject","inLanguage":"it-IT","@id":"https:\/\/www.italiaisraele.org\/?p=3730#primaryimage","url":"https:\/\/www.italiaisraele.org\/wp-content\/uploads\/2025\/03\/Prime_Minister_David_Ben-Gurion_Franklin_Delano_Roosevelt_Jr._and_John_F._Kennedy-scaled.jpg","contentUrl":"https:\/\/www.italiaisraele.org\/wp-content\/uploads\/2025\/03\/Prime_Minister_David_Ben-Gurion_Franklin_Delano_Roosevelt_Jr._and_John_F._Kennedy-scaled.jpg","width":2560,"height":1707,"caption":"L-R: PRIME MINISTER DAVID BEN GURION F.D. ROOSEVELT JR. (C) AND JOHN F. KENNEDY, DURING THEIR SHORT VISIT TO ISRAEL."},{"@type":"BreadcrumbList","@id":"https:\/\/www.italiaisraele.org\/?p=3730#breadcrumb","itemListElement":[{"@type":"ListItem","position":1,"name":"Home","item":"https:\/\/www.italiaisraele.org\/"},{"@type":"ListItem","position":2,"name":"Putin, Trump e la lezione di Ben Gurion"}]},{"@type":"WebSite","@id":"https:\/\/www.italiaisraele.org\/#website","url":"https:\/\/www.italiaisraele.org\/","name":"News Italia - Israele","description":"Italia Israele Today - Magazine","publisher":{"@id":"https:\/\/www.italiaisraele.org\/#organization"},"potentialAction":[{"@type":"SearchAction","target":{"@type":"EntryPoint","urlTemplate":"https:\/\/www.italiaisraele.org\/?s={search_term_string}"},"query-input":{"@type":"PropertyValueSpecification","valueRequired":true,"valueName":"search_term_string"}}],"inLanguage":"it-IT"},{"@type":"Organization","@id":"https:\/\/www.italiaisraele.org\/#organization","name":"News Italia - Israele","url":"https:\/\/www.italiaisraele.org\/","logo":{"@type":"ImageObject","inLanguage":"it-IT","@id":"https:\/\/www.italiaisraele.org\/#\/schema\/logo\/image\/","url":"https:\/\/www.italiaisraele.org\/wp-content\/uploads\/2024\/02\/cropped-cropped-TESTATA-NEWS-2.jpg","contentUrl":"https:\/\/www.italiaisraele.org\/wp-content\/uploads\/2024\/02\/cropped-cropped-TESTATA-NEWS-2.jpg","width":1918,"height":291,"caption":"News Italia - Israele"},"image":{"@id":"https:\/\/www.italiaisraele.org\/#\/schema\/logo\/image\/"},"sameAs":["https:\/\/www.facebook.com\/Federazione.Associazioni.Italia.Israele"]},{"@type":"Person","@id":"https:\/\/www.italiaisraele.org\/#\/schema\/person\/7784c17a23e6ef9cb737f3192f043fab","name":"Giuseppe Crimaldi","image":{"@type":"ImageObject","inLanguage":"it-IT","@id":"https:\/\/secure.gravatar.com\/avatar\/a6ddf67481d5d5efef9847e6f4c99a77e7129e93382ea6de1e9ea96b8deec707?s=96&d=mm&r=g","url":"https:\/\/secure.gravatar.com\/avatar\/a6ddf67481d5d5efef9847e6f4c99a77e7129e93382ea6de1e9ea96b8deec707?s=96&d=mm&r=g","contentUrl":"https:\/\/secure.gravatar.com\/avatar\/a6ddf67481d5d5efef9847e6f4c99a77e7129e93382ea6de1e9ea96b8deec707?s=96&d=mm&r=g","caption":"Giuseppe Crimaldi"},"url":"https:\/\/www.italiaisraele.org\/?author=4"}]}},"_links":{"self":[{"href":"https:\/\/www.italiaisraele.org\/index.php?rest_route=\/wp\/v2\/posts\/3730","targetHints":{"allow":["GET"]}}],"collection":[{"href":"https:\/\/www.italiaisraele.org\/index.php?rest_route=\/wp\/v2\/posts"}],"about":[{"href":"https:\/\/www.italiaisraele.org\/index.php?rest_route=\/wp\/v2\/types\/post"}],"author":[{"embeddable":true,"href":"https:\/\/www.italiaisraele.org\/index.php?rest_route=\/wp\/v2\/users\/4"}],"replies":[{"embeddable":true,"href":"https:\/\/www.italiaisraele.org\/index.php?rest_route=%2Fwp%2Fv2%2Fcomments&post=3730"}],"version-history":[{"count":0,"href":"https:\/\/www.italiaisraele.org\/index.php?rest_route=\/wp\/v2\/posts\/3730\/revisions"}],"wp:featuredmedia":[{"embeddable":true,"href":"https:\/\/www.italiaisraele.org\/index.php?rest_route=\/wp\/v2\/media\/3731"}],"wp:attachment":[{"href":"https:\/\/www.italiaisraele.org\/index.php?rest_route=%2Fwp%2Fv2%2Fmedia&parent=3730"}],"wp:term":[{"taxonomy":"category","embeddable":true,"href":"https:\/\/www.italiaisraele.org\/index.php?rest_route=%2Fwp%2Fv2%2Fcategories&post=3730"},{"taxonomy":"post_tag","embeddable":true,"href":"https:\/\/www.italiaisraele.org\/index.php?rest_route=%2Fwp%2Fv2%2Ftags&post=3730"}],"curies":[{"name":"wp","href":"https:\/\/api.w.org\/{rel}","templated":true}]}}