{"id":3723,"date":"2025-03-04T09:31:46","date_gmt":"2025-03-04T08:31:46","guid":{"rendered":"https:\/\/www.italiaisraele.org\/?p=3723"},"modified":"2025-03-04T11:08:44","modified_gmt":"2025-03-04T10:08:44","slug":"gad-ce","status":"publish","type":"post","link":"https:\/\/www.italiaisraele.org\/?p=3723","title":{"rendered":"Gad c&#8217;\u00e8"},"content":{"rendered":"\n<p>di <em>Gerardo Verolino<\/em><\/p>\n\n\n\n<p><strong>Dalla collezione di Italia Israele Today riprendiamo un articolo del giornalista Gerardo Verolino scritto nel 2018, ma quanto mai attuale. Gad Lerner non cambia mai e resta un evergreen.<\/strong> <strong>Soprattutto dopo l&#8217;ultimo appello firmato contro il &#8220;genocidio&#8221; a Gaza.<\/strong><\/p>\n\n\n\n<p>Se si tratta di indossare la casacca rossa del rivoluzionario, incurante del Rolex d\u2019oro che porta al polso, \u201cper contrastare l\u2019emorragia di umanit\u00e0\u201d, Gad c\u2019\u00e8. Se si tratta di firmare l\u2019appello per imporre lo stop all\u2019acquisto degli F35, Gad c\u2019\u00e8. Se si tratta di firmare l\u2019appello contro \u201cla svolta autoritaria di Berlusconi\u201d, Gad c\u2019\u00e8.<br>Se si tratta di firmare l\u2019appello di \u201cMicromega\u201d per chiedere la \u201crevoca dei servizi sociali utilizzati da Berlusconi\u201d, Gad c\u2019\u00e8. Se si tratta di firmare un appello per la liberazione dal carcere di Adriano Sofri, con annesso \u201cdigiuno contro l\u2019oblio\u201d, Gad c\u2019\u00e8.<br>Se si tratta di firmare una lettera-appello ai parlamentari per chiedere l\u2019approvazione del ddl Cirinn\u00e0 sulle unioni civili, Gad c\u2019\u00e8.<\/p>\n\n\n\n<figure class=\"wp-block-image size-full\"><img loading=\"lazy\" decoding=\"async\" width=\"299\" height=\"168\" src=\"https:\/\/www.italiaisraele.org\/wp-content\/uploads\/2025\/03\/images-8.jpg\" alt=\"\" class=\"wp-image-3725\"\/><\/figure>\n\n\n\n<p><br>Se si tratta di firmare l\u2019appello per un \u201cPatto Generazionale\u201d per cui ognuno dei firmatari assicura che, dopo i 60 anni, si dimetter\u00e0 da ogni eventuale incarico istituzionale, Gad c\u2019\u00e8.<br>Se si tratta di firmare un appello per avere una maggiore presenza di Bibbia nella scuola italiana, Gad c\u2019\u00e8.<br>Se si tratta di firmare un appello per richiedere le primarie di coalizione ai partiti del centrosinistra, Gad c\u2019\u00e8. Se si tratta di firmare un appello per dire \u201cOra basta! La rivolta delle donne contro il Cavaliere\u201d, Gad c\u2019\u00e8.<br>Se si tratta di salvare la foca monaca, il cavalluccio a dondolo, le mezze stagioni, l\u2019Amaro Ramazzotti, il Subbuteo, la fedelt\u00e0 coniugale, l\u2019Anticiclone delle Azzorre, l\u2019ovetto Kinder, le gambe delle Kessler, la polvere d\u2019Idrolitina, gli spaghetti alla carbonara e la penna d\u2019alpino, Gad c\u2019\u00e8.<br>\u00c8 lui, il \u201cpolso d\u2019oro\u201d, a prova di slogatura, della firma italiana. Se avete un appello da proporre, Gad Lerner, statene certi, lo firmer\u00e0.<br><strong>Ma la smania firmaiola del nostro raggiunge l&#8217;apice quando &#8220;tocca&#8221; attaccare Israele, che pure si vanta di essere il suo Paese d&#8217;origine<\/strong>.<br>Se si tratta di sottoscrivere un appello, come quello promosso di recente dal settimanale Espresso, sul \u201cMassacro di Gaza\u201d, per accusare Israele di ogni nefandezza contro i&#8221;poveri palestinesi&#8221;; e per il fatto che \u201cnon possiamo tacere di fronte all\u2019uso sproporzionato della forza da parte di Israele\u201d, Gad c\u2019\u00e8.<br>Se si tratta di firmare in quell&#8217;altro appello pubblico contro Israele, nel quale si dice che &#8220;lo Stato di Israele&#8221; si \u00e8 trasformato in \u201cuna societ\u00e0 governata da un principio di apartheid&#8221;, anche in questo caso, Gad, insieme ad altri cinquemila, c\u2019\u00e8.<\/p>\n\n\n\n<figure class=\"wp-block-image size-large\"><img loading=\"lazy\" decoding=\"async\" width=\"1024\" height=\"512\" src=\"https:\/\/www.italiaisraele.org\/wp-content\/uploads\/2025\/03\/gad-lerner-oggi-53-1024x512.jpg\" alt=\"\" class=\"wp-image-3726\" srcset=\"https:\/\/www.italiaisraele.org\/wp-content\/uploads\/2025\/03\/gad-lerner-oggi-53-1024x512.jpg 1024w, https:\/\/www.italiaisraele.org\/wp-content\/uploads\/2025\/03\/gad-lerner-oggi-53-300x150.jpg 300w, https:\/\/www.italiaisraele.org\/wp-content\/uploads\/2025\/03\/gad-lerner-oggi-53-768x384.jpg 768w, https:\/\/www.italiaisraele.org\/wp-content\/uploads\/2025\/03\/gad-lerner-oggi-53-1536x768.jpg 1536w, https:\/\/www.italiaisraele.org\/wp-content\/uploads\/2025\/03\/gad-lerner-oggi-53-600x300.jpg 600w, https:\/\/www.italiaisraele.org\/wp-content\/uploads\/2025\/03\/gad-lerner-oggi-53.jpg 1920w\" sizes=\"auto, (max-width: 1024px) 100vw, 1024px\" \/><figcaption class=\"wp-element-caption\">Gad Lerner nella sua casa di Milano \u00a9 Armando Rotoletti<\/figcaption><\/figure>\n\n\n\n<p><br>Oppure se si tratta di firmare un appello per \u201cla protezione internazionale del popolo palestinese\u201d perch\u00e9 \u201cnoi cittadini di Israele\u201d consideriamo \u201cgli insediamenti ebraici nei territori occupati da Israele nel 1967 un atto continuato di aggressione nei confronti dei cittadini palestinesi\u201d, Gad c\u2019\u00e8. Se si tratta di firmare, come nel 2016, un appello per dire: \u201cSalva Israele, ferma l\u2019occupazione\u201d, lui c\u2019\u00e8, c&#8217;\u00e8, c&#8217;\u00e8.<br>\u201cSe amate Israele &#8211; dice Gad &#8211; il silenzio non \u00e8 pi\u00f9 un\u2019opzione possibile&#8221;. &#8220;La situazione \u00e8 disastrosa\u201d aggiunge, dal momento che \u201cil protrarsi dell\u2019occupazione israeliana opprime i palestinesi e alimenta un ciclo ininterrotto di spargimento di sangue\u201d; che \u201ccorrompe le fondamenta morali e democratiche dello Stato d\u2019Israele\u201d. Ammappela.<br>Insomma, ogni volta che si tratta di criticare quello che dice di essere il suo Paese, la mano firmaiola di Gad parte, di scatto, in automatico e comincia a muoversi per un moto irrefrenabile. Ma la mano di Gad, ohib\u00f2, si ferma se si tratta di firmare appelli contro i palestinesi che commettono efferatezze sugli ebrei.<br>A questo punto, si rende necessario un nuovo appello pubblico sullo strano \u201cvizio\u201d di Lerner: firma anche tu perch\u00e9 delle firme di Gad non ne puoi pi\u00f9.<\/p>\n\n\n\n<p><\/p>\n","protected":false},"excerpt":{"rendered":"<p>di Gerardo Verolino Dalla collezione di Italia Israele Today riprendiamo un articolo del giornalista Gerardo Verolino scritto nel 2018, ma quanto mai attuale. Gad Lerner non cambia mai e resta un evergreen. Soprattutto dopo l&#8217;ultimo appello firmato contro il &#8220;genocidio&#8221; a Gaza. Se si tratta di indossare la casacca rossa del rivoluzionario, incurante del Rolex [&hellip;]<\/p>\n","protected":false},"author":2,"featured_media":3724,"comment_status":"open","ping_status":"open","sticky":false,"template":"","format":"standard","meta":{"iawp_total_views":101,"footnotes":""},"categories":[4],"tags":[705,703,704,13],"class_list":["post-3723","post","type-post","status-publish","format-standard","has-post-thumbnail","hentry","category-attualita","tag-appelli","tag-gad-lerner","tag-genocidio-gaza","tag-israele"],"yoast_head":"<!-- This site is optimized with the Yoast SEO plugin v27.5 - https:\/\/yoast.com\/product\/yoast-seo-wordpress\/ -->\r\n<title>Gad c&#039;\u00e8 - Federazione Associazioni Italia Israele<\/title>\r\n<meta name=\"robots\" content=\"index, follow, max-snippet:-1, max-image-preview:large, max-video-preview:-1\" \/>\r\n<link rel=\"canonical\" href=\"https:\/\/www.italiaisraele.org\/?p=3723\" \/>\r\n<meta property=\"og:locale\" content=\"it_IT\" \/>\r\n<meta property=\"og:type\" content=\"article\" \/>\r\n<meta property=\"og:title\" content=\"Gad c&#039;\u00e8 - Federazione Associazioni Italia Israele\" \/>\r\n<meta property=\"og:description\" content=\"di Gerardo Verolino Dalla collezione di Italia Israele Today riprendiamo un articolo del giornalista Gerardo Verolino scritto nel 2018, ma quanto mai attuale. Gad Lerner non cambia mai e resta un evergreen. Soprattutto dopo l&#8217;ultimo appello firmato contro il &#8220;genocidio&#8221; a Gaza. Se si tratta di indossare la casacca rossa del rivoluzionario, incurante del Rolex [&hellip;]\" \/>\r\n<meta property=\"og:url\" content=\"https:\/\/www.italiaisraele.org\/?p=3723\" \/>\r\n<meta property=\"og:site_name\" content=\"Federazione Associazioni Italia Israele\" \/>\r\n<meta property=\"article:publisher\" content=\"https:\/\/www.facebook.com\/Federazione.Associazioni.Italia.Israele\" \/>\r\n<meta property=\"article:published_time\" content=\"2025-03-04T08:31:46+00:00\" \/>\r\n<meta property=\"article:modified_time\" content=\"2025-03-04T10:08:44+00:00\" \/>\r\n<meta property=\"og:image\" content=\"https:\/\/www.italiaisraele.org\/wp-content\/uploads\/2025\/03\/193603626-974162d0-0f31-4d0a-97e2-d704763f3da2.jpg\" \/>\r\n\t<meta property=\"og:image:width\" content=\"2100\" \/>\r\n\t<meta property=\"og:image:height\" content=\"1182\" \/>\r\n\t<meta property=\"og:image:type\" content=\"image\/jpeg\" \/>\r\n<meta name=\"author\" content=\"Redazione\" \/>\r\n<meta name=\"twitter:card\" content=\"summary_large_image\" \/>\r\n<meta name=\"twitter:label1\" content=\"Scritto da\" \/>\n\t<meta name=\"twitter:data1\" content=\"Redazione\" \/>\n\t<meta name=\"twitter:label2\" content=\"Tempo di lettura stimato\" \/>\n\t<meta name=\"twitter:data2\" content=\"4 minuti\" \/>\r\n<script type=\"application\/ld+json\" class=\"yoast-schema-graph\">{\"@context\":\"https:\\\/\\\/schema.org\",\"@graph\":[{\"@type\":\"Article\",\"@id\":\"https:\\\/\\\/www.italiaisraele.org\\\/?p=3723#article\",\"isPartOf\":{\"@id\":\"https:\\\/\\\/www.italiaisraele.org\\\/?p=3723\"},\"author\":{\"name\":\"Redazione\",\"@id\":\"https:\\\/\\\/www.italiaisraele.org\\\/#\\\/schema\\\/person\\\/a58663d7e92468eb3e7d158e016946cd\"},\"headline\":\"Gad c&#8217;\u00e8\",\"datePublished\":\"2025-03-04T08:31:46+00:00\",\"dateModified\":\"2025-03-04T10:08:44+00:00\",\"mainEntityOfPage\":{\"@id\":\"https:\\\/\\\/www.italiaisraele.org\\\/?p=3723\"},\"wordCount\":649,\"commentCount\":1,\"publisher\":{\"@id\":\"https:\\\/\\\/www.italiaisraele.org\\\/#organization\"},\"image\":{\"@id\":\"https:\\\/\\\/www.italiaisraele.org\\\/?p=3723#primaryimage\"},\"thumbnailUrl\":\"https:\\\/\\\/www.italiaisraele.org\\\/wp-content\\\/uploads\\\/2025\\\/03\\\/193603626-974162d0-0f31-4d0a-97e2-d704763f3da2.jpg\",\"keywords\":[\"appelli\",\"Gad Lerner\",\"genocidio Gaza\",\"Israele\"],\"articleSection\":[\"Attualit\u00e0\"],\"inLanguage\":\"it-IT\",\"potentialAction\":[{\"@type\":\"CommentAction\",\"name\":\"Comment\",\"target\":[\"https:\\\/\\\/www.italiaisraele.org\\\/?p=3723#respond\"]}]},{\"@type\":\"WebPage\",\"@id\":\"https:\\\/\\\/www.italiaisraele.org\\\/?p=3723\",\"url\":\"https:\\\/\\\/www.italiaisraele.org\\\/?p=3723\",\"name\":\"Gad c'\u00e8 - Federazione Associazioni Italia Israele\",\"isPartOf\":{\"@id\":\"https:\\\/\\\/www.italiaisraele.org\\\/#website\"},\"primaryImageOfPage\":{\"@id\":\"https:\\\/\\\/www.italiaisraele.org\\\/?p=3723#primaryimage\"},\"image\":{\"@id\":\"https:\\\/\\\/www.italiaisraele.org\\\/?p=3723#primaryimage\"},\"thumbnailUrl\":\"https:\\\/\\\/www.italiaisraele.org\\\/wp-content\\\/uploads\\\/2025\\\/03\\\/193603626-974162d0-0f31-4d0a-97e2-d704763f3da2.jpg\",\"datePublished\":\"2025-03-04T08:31:46+00:00\",\"dateModified\":\"2025-03-04T10:08:44+00:00\",\"breadcrumb\":{\"@id\":\"https:\\\/\\\/www.italiaisraele.org\\\/?p=3723#breadcrumb\"},\"inLanguage\":\"it-IT\",\"potentialAction\":[{\"@type\":\"ReadAction\",\"target\":[\"https:\\\/\\\/www.italiaisraele.org\\\/?p=3723\"]}]},{\"@type\":\"ImageObject\",\"inLanguage\":\"it-IT\",\"@id\":\"https:\\\/\\\/www.italiaisraele.org\\\/?p=3723#primaryimage\",\"url\":\"https:\\\/\\\/www.italiaisraele.org\\\/wp-content\\\/uploads\\\/2025\\\/03\\\/193603626-974162d0-0f31-4d0a-97e2-d704763f3da2.jpg\",\"contentUrl\":\"https:\\\/\\\/www.italiaisraele.org\\\/wp-content\\\/uploads\\\/2025\\\/03\\\/193603626-974162d0-0f31-4d0a-97e2-d704763f3da2.jpg\",\"width\":2100,\"height\":1182},{\"@type\":\"BreadcrumbList\",\"@id\":\"https:\\\/\\\/www.italiaisraele.org\\\/?p=3723#breadcrumb\",\"itemListElement\":[{\"@type\":\"ListItem\",\"position\":1,\"name\":\"Home\",\"item\":\"https:\\\/\\\/www.italiaisraele.org\\\/\"},{\"@type\":\"ListItem\",\"position\":2,\"name\":\"Gad c&#8217;\u00e8\"}]},{\"@type\":\"WebSite\",\"@id\":\"https:\\\/\\\/www.italiaisraele.org\\\/#website\",\"url\":\"https:\\\/\\\/www.italiaisraele.org\\\/\",\"name\":\"News Italia - Israele\",\"description\":\"Italia Israele Today - Magazine\",\"publisher\":{\"@id\":\"https:\\\/\\\/www.italiaisraele.org\\\/#organization\"},\"potentialAction\":[{\"@type\":\"SearchAction\",\"target\":{\"@type\":\"EntryPoint\",\"urlTemplate\":\"https:\\\/\\\/www.italiaisraele.org\\\/?s={search_term_string}\"},\"query-input\":{\"@type\":\"PropertyValueSpecification\",\"valueRequired\":true,\"valueName\":\"search_term_string\"}}],\"inLanguage\":\"it-IT\"},{\"@type\":\"Organization\",\"@id\":\"https:\\\/\\\/www.italiaisraele.org\\\/#organization\",\"name\":\"News Italia - Israele\",\"url\":\"https:\\\/\\\/www.italiaisraele.org\\\/\",\"logo\":{\"@type\":\"ImageObject\",\"inLanguage\":\"it-IT\",\"@id\":\"https:\\\/\\\/www.italiaisraele.org\\\/#\\\/schema\\\/logo\\\/image\\\/\",\"url\":\"https:\\\/\\\/www.italiaisraele.org\\\/wp-content\\\/uploads\\\/2024\\\/02\\\/cropped-cropped-TESTATA-NEWS-2.jpg\",\"contentUrl\":\"https:\\\/\\\/www.italiaisraele.org\\\/wp-content\\\/uploads\\\/2024\\\/02\\\/cropped-cropped-TESTATA-NEWS-2.jpg\",\"width\":1918,\"height\":291,\"caption\":\"News Italia - Israele\"},\"image\":{\"@id\":\"https:\\\/\\\/www.italiaisraele.org\\\/#\\\/schema\\\/logo\\\/image\\\/\"},\"sameAs\":[\"https:\\\/\\\/www.facebook.com\\\/Federazione.Associazioni.Italia.Israele\"]},{\"@type\":\"Person\",\"@id\":\"https:\\\/\\\/www.italiaisraele.org\\\/#\\\/schema\\\/person\\\/a58663d7e92468eb3e7d158e016946cd\",\"name\":\"Redazione\",\"image\":{\"@type\":\"ImageObject\",\"inLanguage\":\"it-IT\",\"@id\":\"https:\\\/\\\/secure.gravatar.com\\\/avatar\\\/fe11715b332cc423bb3991a005da4d50b44647eec21b11abddd059d3deafc450?s=96&d=mm&r=g\",\"url\":\"https:\\\/\\\/secure.gravatar.com\\\/avatar\\\/fe11715b332cc423bb3991a005da4d50b44647eec21b11abddd059d3deafc450?s=96&d=mm&r=g\",\"contentUrl\":\"https:\\\/\\\/secure.gravatar.com\\\/avatar\\\/fe11715b332cc423bb3991a005da4d50b44647eec21b11abddd059d3deafc450?s=96&d=mm&r=g\",\"caption\":\"Redazione\"},\"url\":\"https:\\\/\\\/www.italiaisraele.org\\\/?author=2\"}]}<\/script>\r\n<!-- \/ Yoast SEO plugin. -->","yoast_head_json":{"title":"Gad c'\u00e8 - Federazione Associazioni Italia Israele","robots":{"index":"index","follow":"follow","max-snippet":"max-snippet:-1","max-image-preview":"max-image-preview:large","max-video-preview":"max-video-preview:-1"},"canonical":"https:\/\/www.italiaisraele.org\/?p=3723","og_locale":"it_IT","og_type":"article","og_title":"Gad c'\u00e8 - Federazione Associazioni Italia Israele","og_description":"di Gerardo Verolino Dalla collezione di Italia Israele Today riprendiamo un articolo del giornalista Gerardo Verolino scritto nel 2018, ma quanto mai attuale. Gad Lerner non cambia mai e resta un evergreen. Soprattutto dopo l&#8217;ultimo appello firmato contro il &#8220;genocidio&#8221; a Gaza. Se si tratta di indossare la casacca rossa del rivoluzionario, incurante del Rolex [&hellip;]","og_url":"https:\/\/www.italiaisraele.org\/?p=3723","og_site_name":"Federazione Associazioni Italia Israele","article_publisher":"https:\/\/www.facebook.com\/Federazione.Associazioni.Italia.Israele","article_published_time":"2025-03-04T08:31:46+00:00","article_modified_time":"2025-03-04T10:08:44+00:00","og_image":[{"width":2100,"height":1182,"url":"https:\/\/www.italiaisraele.org\/wp-content\/uploads\/2025\/03\/193603626-974162d0-0f31-4d0a-97e2-d704763f3da2.jpg","type":"image\/jpeg"}],"author":"Redazione","twitter_card":"summary_large_image","twitter_misc":{"Scritto da":"Redazione","Tempo di lettura stimato":"4 minuti"},"schema":{"@context":"https:\/\/schema.org","@graph":[{"@type":"Article","@id":"https:\/\/www.italiaisraele.org\/?p=3723#article","isPartOf":{"@id":"https:\/\/www.italiaisraele.org\/?p=3723"},"author":{"name":"Redazione","@id":"https:\/\/www.italiaisraele.org\/#\/schema\/person\/a58663d7e92468eb3e7d158e016946cd"},"headline":"Gad c&#8217;\u00e8","datePublished":"2025-03-04T08:31:46+00:00","dateModified":"2025-03-04T10:08:44+00:00","mainEntityOfPage":{"@id":"https:\/\/www.italiaisraele.org\/?p=3723"},"wordCount":649,"commentCount":1,"publisher":{"@id":"https:\/\/www.italiaisraele.org\/#organization"},"image":{"@id":"https:\/\/www.italiaisraele.org\/?p=3723#primaryimage"},"thumbnailUrl":"https:\/\/www.italiaisraele.org\/wp-content\/uploads\/2025\/03\/193603626-974162d0-0f31-4d0a-97e2-d704763f3da2.jpg","keywords":["appelli","Gad Lerner","genocidio Gaza","Israele"],"articleSection":["Attualit\u00e0"],"inLanguage":"it-IT","potentialAction":[{"@type":"CommentAction","name":"Comment","target":["https:\/\/www.italiaisraele.org\/?p=3723#respond"]}]},{"@type":"WebPage","@id":"https:\/\/www.italiaisraele.org\/?p=3723","url":"https:\/\/www.italiaisraele.org\/?p=3723","name":"Gad c'\u00e8 - Federazione Associazioni Italia Israele","isPartOf":{"@id":"https:\/\/www.italiaisraele.org\/#website"},"primaryImageOfPage":{"@id":"https:\/\/www.italiaisraele.org\/?p=3723#primaryimage"},"image":{"@id":"https:\/\/www.italiaisraele.org\/?p=3723#primaryimage"},"thumbnailUrl":"https:\/\/www.italiaisraele.org\/wp-content\/uploads\/2025\/03\/193603626-974162d0-0f31-4d0a-97e2-d704763f3da2.jpg","datePublished":"2025-03-04T08:31:46+00:00","dateModified":"2025-03-04T10:08:44+00:00","breadcrumb":{"@id":"https:\/\/www.italiaisraele.org\/?p=3723#breadcrumb"},"inLanguage":"it-IT","potentialAction":[{"@type":"ReadAction","target":["https:\/\/www.italiaisraele.org\/?p=3723"]}]},{"@type":"ImageObject","inLanguage":"it-IT","@id":"https:\/\/www.italiaisraele.org\/?p=3723#primaryimage","url":"https:\/\/www.italiaisraele.org\/wp-content\/uploads\/2025\/03\/193603626-974162d0-0f31-4d0a-97e2-d704763f3da2.jpg","contentUrl":"https:\/\/www.italiaisraele.org\/wp-content\/uploads\/2025\/03\/193603626-974162d0-0f31-4d0a-97e2-d704763f3da2.jpg","width":2100,"height":1182},{"@type":"BreadcrumbList","@id":"https:\/\/www.italiaisraele.org\/?p=3723#breadcrumb","itemListElement":[{"@type":"ListItem","position":1,"name":"Home","item":"https:\/\/www.italiaisraele.org\/"},{"@type":"ListItem","position":2,"name":"Gad c&#8217;\u00e8"}]},{"@type":"WebSite","@id":"https:\/\/www.italiaisraele.org\/#website","url":"https:\/\/www.italiaisraele.org\/","name":"News Italia - Israele","description":"Italia Israele Today - Magazine","publisher":{"@id":"https:\/\/www.italiaisraele.org\/#organization"},"potentialAction":[{"@type":"SearchAction","target":{"@type":"EntryPoint","urlTemplate":"https:\/\/www.italiaisraele.org\/?s={search_term_string}"},"query-input":{"@type":"PropertyValueSpecification","valueRequired":true,"valueName":"search_term_string"}}],"inLanguage":"it-IT"},{"@type":"Organization","@id":"https:\/\/www.italiaisraele.org\/#organization","name":"News Italia - Israele","url":"https:\/\/www.italiaisraele.org\/","logo":{"@type":"ImageObject","inLanguage":"it-IT","@id":"https:\/\/www.italiaisraele.org\/#\/schema\/logo\/image\/","url":"https:\/\/www.italiaisraele.org\/wp-content\/uploads\/2024\/02\/cropped-cropped-TESTATA-NEWS-2.jpg","contentUrl":"https:\/\/www.italiaisraele.org\/wp-content\/uploads\/2024\/02\/cropped-cropped-TESTATA-NEWS-2.jpg","width":1918,"height":291,"caption":"News Italia - Israele"},"image":{"@id":"https:\/\/www.italiaisraele.org\/#\/schema\/logo\/image\/"},"sameAs":["https:\/\/www.facebook.com\/Federazione.Associazioni.Italia.Israele"]},{"@type":"Person","@id":"https:\/\/www.italiaisraele.org\/#\/schema\/person\/a58663d7e92468eb3e7d158e016946cd","name":"Redazione","image":{"@type":"ImageObject","inLanguage":"it-IT","@id":"https:\/\/secure.gravatar.com\/avatar\/fe11715b332cc423bb3991a005da4d50b44647eec21b11abddd059d3deafc450?s=96&d=mm&r=g","url":"https:\/\/secure.gravatar.com\/avatar\/fe11715b332cc423bb3991a005da4d50b44647eec21b11abddd059d3deafc450?s=96&d=mm&r=g","contentUrl":"https:\/\/secure.gravatar.com\/avatar\/fe11715b332cc423bb3991a005da4d50b44647eec21b11abddd059d3deafc450?s=96&d=mm&r=g","caption":"Redazione"},"url":"https:\/\/www.italiaisraele.org\/?author=2"}]}},"_links":{"self":[{"href":"https:\/\/www.italiaisraele.org\/index.php?rest_route=\/wp\/v2\/posts\/3723","targetHints":{"allow":["GET"]}}],"collection":[{"href":"https:\/\/www.italiaisraele.org\/index.php?rest_route=\/wp\/v2\/posts"}],"about":[{"href":"https:\/\/www.italiaisraele.org\/index.php?rest_route=\/wp\/v2\/types\/post"}],"author":[{"embeddable":true,"href":"https:\/\/www.italiaisraele.org\/index.php?rest_route=\/wp\/v2\/users\/2"}],"replies":[{"embeddable":true,"href":"https:\/\/www.italiaisraele.org\/index.php?rest_route=%2Fwp%2Fv2%2Fcomments&post=3723"}],"version-history":[{"count":0,"href":"https:\/\/www.italiaisraele.org\/index.php?rest_route=\/wp\/v2\/posts\/3723\/revisions"}],"wp:featuredmedia":[{"embeddable":true,"href":"https:\/\/www.italiaisraele.org\/index.php?rest_route=\/wp\/v2\/media\/3724"}],"wp:attachment":[{"href":"https:\/\/www.italiaisraele.org\/index.php?rest_route=%2Fwp%2Fv2%2Fmedia&parent=3723"}],"wp:term":[{"taxonomy":"category","embeddable":true,"href":"https:\/\/www.italiaisraele.org\/index.php?rest_route=%2Fwp%2Fv2%2Fcategories&post=3723"},{"taxonomy":"post_tag","embeddable":true,"href":"https:\/\/www.italiaisraele.org\/index.php?rest_route=%2Fwp%2Fv2%2Ftags&post=3723"}],"curies":[{"name":"wp","href":"https:\/\/api.w.org\/{rel}","templated":true}]}}