{"id":3562,"date":"2025-02-07T19:10:37","date_gmt":"2025-02-07T18:10:37","guid":{"rendered":"https:\/\/www.italiaisraele.org\/?p=3562"},"modified":"2025-02-07T19:10:47","modified_gmt":"2025-02-07T18:10:47","slug":"il-1967-non-e-finito","status":"publish","type":"post","link":"https:\/\/www.italiaisraele.org\/?p=3562","title":{"rendered":"Il 1967 non \u00e8 finito"},"content":{"rendered":"\n<p>di<em> Marco Del Monte<\/em><br>L\u2019attuale guerra che Israele sta combattendo sembra iniziata il 7 ottobre del 2023. Un antiisraeliano (tipo Guterres) ti dice che si deve tener conto del contesto; i pi\u00f9 accaniti ripartono dal 1947, anno in cui l\u2019ONU assunse la cervellotica decisione di tracciare con un pennarello verde i confini di due stati su una cartina ammuffita che raffigurava un paese infinitesimo, rispetto ai paesi circostanti.<br>Era appena finita la Seconda Guerra Mondiale e molti non sapevano dell\u2019esistenza dei campi di sterminio nazisti, altri pensavano che fossero tutti come Terezin (il campo costruito per la C.R.I. senza forni crematori e senza camere a gas. La Croce Rossa Internazionale scrisse infatti una bellissima relazione sul campo in questione, mantenendo il punto anche dopo.<br>Piccola parentesi: la C.R.I. con gli ebrei \u00e8 sempre stata come la strega di Biancaneve, nonostante che qualche banchiere ebreo francese (Rotschild) o inglese (Goldsmith) le avessero elargito cospicui finanziamenti.<br>Nel 1948 gli ebrei gridano al mondo che hanno uno Stato, contemporaneamente scoppia la prima guerra di indipendenza con l\u2019uscita \u201ctemporanea dai confini di Israele\u201d degli arabi in attesa che i fratelli musulmani ributtassero a mare gli ebrei.<br>Dopo settantasei anni qualcuno ha scoperto che nessuno degli Stati che attaccarono Israele lo aveva fatto per amore fraterno, ma perch\u00e9 tutti, indiscriminatamente, non volevano sul proprio territorio n\u00e9 ebrei, n\u00e9 cisgiordani.<\/p>\n\n\n\n<figure class=\"wp-block-image size-large\"><img loading=\"lazy\" decoding=\"async\" width=\"776\" height=\"1024\" src=\"https:\/\/www.italiaisraele.org\/wp-content\/uploads\/2025\/02\/115818241-5642b374-a524-4ba7-a6af-2a56e4f71357-776x1024.jpg\" alt=\"\" class=\"wp-image-3564\" srcset=\"https:\/\/www.italiaisraele.org\/wp-content\/uploads\/2025\/02\/115818241-5642b374-a524-4ba7-a6af-2a56e4f71357-776x1024.jpg 776w, https:\/\/www.italiaisraele.org\/wp-content\/uploads\/2025\/02\/115818241-5642b374-a524-4ba7-a6af-2a56e4f71357-227x300.jpg 227w, https:\/\/www.italiaisraele.org\/wp-content\/uploads\/2025\/02\/115818241-5642b374-a524-4ba7-a6af-2a56e4f71357-768x1013.jpg 768w, https:\/\/www.italiaisraele.org\/wp-content\/uploads\/2025\/02\/115818241-5642b374-a524-4ba7-a6af-2a56e4f71357-600x791.jpg 600w, https:\/\/www.italiaisraele.org\/wp-content\/uploads\/2025\/02\/115818241-5642b374-a524-4ba7-a6af-2a56e4f71357.jpg 894w\" sizes=\"auto, (max-width: 776px) 100vw, 776px\" \/><\/figure>\n\n\n\n<p><br><em>(I generali Ariel Sharon, Moshe Dayan e Ytzak Rabin entrano a Gerusalemme)<\/em><\/p>\n\n\n\n<p>Faccio notare che nessuno parlava di Gaza n\u00e9 prima, n\u00e9 dopo, n\u00e9 durante, e questo \u00e8 un punto vitale di cui si deve tenere conto.<br>Prima di addentrarci nelle differenza tra allora ed oggi vediamo le analogie: nel 1967 il ra\u00ecs d\u2019Egitto Nasser blocc\u00f2 l\u2019accesso al Mar Rosso, come stanno facendo gli Houty ora, tutti i paesi circostanti allora entrarono in guerra, (la Siria oggi non partecipa all&#8217;accerchiamento militare su Israele solo perch\u00e9 \u00e8 in disfacimento dopo dieci anni di guerra civile con pi\u00f9 di seicentomila morti); allora Israele pareva dover scomparire sul nascere, mentre il 7 ottobre ha subito un colpo quasi esiziale.<br>Nonostante oggi i fronti siano sette, Israele \u00e8 considerata il Golia e gli assalitori Davide (nel 1967 era il contrario).<br>In quell\u2019anno tutti gli stati belligeranti ci tenevano a mettere in mostra la loro forza, per cui (Egitto in testa), schierarono sul campo una potente flotta aerea e un\u2019immensit\u00e0 di blindati a terra: sembrava la fine.<br>Israele, che secondo l\u2019ONU doveva aspettare il primo colpo per reagire, sferr\u00f2 invece un attacco preventivo che fece s\u00ec che la guerra durasse sei giorni. In realt\u00e0 l\u2019Egitto e la Giordania capitolarono nei primi due-tre giorni, mentre il resto del tempo serv\u00ec per espugnare Gerusalemme Est, ma soprattutto per strappare le alture del Golan alla Siria.<br>Questa guerra lampo scopr\u00ec le carte di tutti: Israele era una superpotenza aerea e le armate arabe un gigante di burro.<\/p>\n\n\n\n<figure class=\"wp-block-image size-full\"><img loading=\"lazy\" decoding=\"async\" width=\"368\" height=\"496\" src=\"https:\/\/www.italiaisraele.org\/wp-content\/uploads\/2025\/02\/nasser.jpeg\" alt=\"\" class=\"wp-image-3565\" srcset=\"https:\/\/www.italiaisraele.org\/wp-content\/uploads\/2025\/02\/nasser.jpeg 368w, https:\/\/www.italiaisraele.org\/wp-content\/uploads\/2025\/02\/nasser-223x300.jpeg 223w\" sizes=\"auto, (max-width: 368px) 100vw, 368px\" \/><\/figure>\n\n\n\n<p><em>(Nasser)<\/em><br>A questo consegu\u00ec che Israele si dedicasse tutto alla tecnologia (se non sbaglio il primo drone impiegato in azioni di guerra \u00e8 israeliano, cos\u00ec come le chiavette USB e il raggio laser).<br>Perfino i servizi segreti affidarono all\u2019elettronica la spina dorsale della propria attivit\u00e0 e fu impiegato sempre meno personale sul campo.<br>Al contrario, i &#8220;simpatici vicini&#8221; studiavano le guerre della Corea e del Vietnam, sperimentando le tecniche di guerriglia, urbana e non; perfezionavano le armi leggere efficaci nell\u2019affrontare un esercito potente, ma vincolato da regole internazionali che non si applicano ai terroristi.<br>Aumentarono gli attentati e gli attacchi ai civili, mentre Israele continuava il suo \u201carricchimento culturale\u201d sulle guerre spaziali.<br>A dirla cos\u00ec sembra un\u2019esagerazione e invece \u00e8 la realt\u00e0; ancora immersi nell\u2019invincibilit\u00e0 dimostrata nel 1967 \u00e8 arrivato il sette ottobre e la storia \u00e8 andata in pezzi.<br>Nessuno si ricorda pi\u00f9 che Gaza \u00e8 sempre stata un\u2019entit\u00e0 autonoma che poteva diventare uno stato gi\u00e0 nel 2005, quando Ariel Sharon, eroe della guerra del 1973, la abbandon\u00f2.<br>Cosa hanno imparato i Gazawi dagli eventi del 1967..? A nascondersi nelle viscere della terra, dopo aver riesumato le tecniche della guerra italo austriaca del 1915-18: lunghe trincee sotterranee, stanze di comando a 80 metri di profondit\u00e0, costruite usando le migliori tecniche e i migliori materiali sul mercato.<br>Per colpire questi luoghi occorrono mezzi e doti che Israele ha in minima parte, mentre ormai Gaza ha tre piani sotto terra e uno all\u2019aperto ormai crollato. Basta un soffio di vento a buttare gi\u00f9 edifici in cartongesso e amianto, il pi\u00f9 delle volte senza fondazioni profonde, perch\u00e9 il terreno \u00e8 intasato dalle strutture dei cunicoli.<br>Questo sarebbe il contesto, cio\u00e8 una prigione a cielo aperto, dove sono entrati un\u2019infinit\u00e0 di camion ed imbarcazioni per far entrare i materiali necessari alla costruzione della citt\u00e0 sotterranea; inoltre quanti bambini sono stati impiegati in questi lavori forzati e quanti ne sono morti.? N\u00e9 l\u2019ONU, n\u00e9 la C.R.I. n\u00e9 &#8220;Medici senza pudore&#8221; lo dicono.<\/p>\n\n\n<div class=\"wp-block-image\">\n<figure class=\"alignright size-full is-resized\"><img loading=\"lazy\" decoding=\"async\" width=\"1024\" height=\"682\" src=\"https:\/\/www.italiaisraele.org\/wp-content\/uploads\/2025\/02\/tunnel2.jpg\" alt=\"\" class=\"wp-image-3566\" style=\"width:503px;height:auto\" srcset=\"https:\/\/www.italiaisraele.org\/wp-content\/uploads\/2025\/02\/tunnel2.jpg 1024w, https:\/\/www.italiaisraele.org\/wp-content\/uploads\/2025\/02\/tunnel2-300x200.jpg 300w, https:\/\/www.italiaisraele.org\/wp-content\/uploads\/2025\/02\/tunnel2-768x512.jpg 768w, https:\/\/www.italiaisraele.org\/wp-content\/uploads\/2025\/02\/tunnel2-600x400.jpg 600w\" sizes=\"auto, (max-width: 1024px) 100vw, 1024px\" \/><\/figure>\n<\/div>\n\n\n<p><br>E Israele che ha fatto in tutti questi anni\u2026? Ha costruito confini tecnologicamente controllati, ma che a fronte delle difese passive messe in opera dai Gazawi, sembrano reti da pollaio, mentre sempre l\u2019ONU piangeva per il muro che separava Israele dai suoi vicini: allucinante..!<br>Un\u2019altra cosa non da poco: i detenuti islamici in Israele studiano, imparano l\u2019ebraico, entrano nella nostra mente prima che nei nostri kibbutz\u00ecm.<br>C\u2019\u00e8 chi sfrutta il tempo a proprio favore e chi lo butta a vantaggio degli altri e, dulcis in fundo, per troppi anni abbiamo parlato della Sho\u00e0 come se fosse una cosa che ha riguardato solo noi.<br>Concludo ricordando un famoso detto romano: il pianto frutta e infatti in televisione non fanno vedere altro che \u201cpalestinesi piangenti\u201d, come i salici, mentre noi schiena dritta e testa dura\u2026!<\/p>\n","protected":false},"excerpt":{"rendered":"<p>di Marco Del MonteL\u2019attuale guerra che Israele sta combattendo sembra iniziata il 7 ottobre del 2023. Un antiisraeliano (tipo Guterres) ti dice che si deve tener conto del contesto; i pi\u00f9 accaniti ripartono dal 1947, anno in cui l\u2019ONU assunse la cervellotica decisione di tracciare con un pennarello verde i confini di due stati su [&hellip;]<\/p>\n","protected":false},"author":2,"featured_media":3563,"comment_status":"open","ping_status":"open","sticky":false,"template":"","format":"standard","meta":{"iawp_total_views":74,"footnotes":""},"categories":[4],"tags":[671,14,13],"class_list":["post-3562","post","type-post","status-publish","format-standard","has-post-thumbnail","hentry","category-attualita","tag-croce-rossa-internazionale","tag-federazione-italia-israele","tag-israele"],"yoast_head":"<!-- This site is optimized with the Yoast SEO plugin v27.5 - https:\/\/yoast.com\/product\/yoast-seo-wordpress\/ -->\r\n<title>Il 1967 non \u00e8 finito - Federazione Associazioni Italia Israele<\/title>\r\n<meta name=\"robots\" content=\"index, follow, max-snippet:-1, max-image-preview:large, max-video-preview:-1\" \/>\r\n<link rel=\"canonical\" href=\"https:\/\/www.italiaisraele.org\/?p=3562\" \/>\r\n<meta property=\"og:locale\" content=\"it_IT\" \/>\r\n<meta property=\"og:type\" content=\"article\" \/>\r\n<meta property=\"og:title\" content=\"Il 1967 non \u00e8 finito - Federazione Associazioni Italia Israele\" \/>\r\n<meta property=\"og:description\" content=\"di Marco Del MonteL\u2019attuale guerra che Israele sta combattendo sembra iniziata il 7 ottobre del 2023. Un antiisraeliano (tipo Guterres) ti dice che si deve tener conto del contesto; i pi\u00f9 accaniti ripartono dal 1947, anno in cui l\u2019ONU assunse la cervellotica decisione di tracciare con un pennarello verde i confini di due stati su [&hellip;]\" \/>\r\n<meta property=\"og:url\" content=\"https:\/\/www.italiaisraele.org\/?p=3562\" \/>\r\n<meta property=\"og:site_name\" content=\"Federazione Associazioni Italia Israele\" \/>\r\n<meta property=\"article:publisher\" content=\"https:\/\/www.facebook.com\/Federazione.Associazioni.Italia.Israele\" \/>\r\n<meta property=\"article:published_time\" content=\"2025-02-07T18:10:37+00:00\" \/>\r\n<meta property=\"article:modified_time\" content=\"2025-02-07T18:10:47+00:00\" \/>\r\n<meta property=\"og:image\" content=\"https:\/\/www.italiaisraele.org\/wp-content\/uploads\/2025\/02\/images-2.jpg\" \/>\r\n\t<meta property=\"og:image:width\" content=\"259\" \/>\r\n\t<meta property=\"og:image:height\" content=\"194\" \/>\r\n\t<meta property=\"og:image:type\" content=\"image\/jpeg\" \/>\r\n<meta name=\"author\" content=\"Redazione\" \/>\r\n<meta name=\"twitter:card\" content=\"summary_large_image\" \/>\r\n<meta name=\"twitter:label1\" content=\"Scritto da\" \/>\n\t<meta name=\"twitter:data1\" content=\"Redazione\" \/>\n\t<meta name=\"twitter:label2\" content=\"Tempo di lettura stimato\" \/>\n\t<meta name=\"twitter:data2\" content=\"6 minuti\" \/>\r\n<script type=\"application\/ld+json\" class=\"yoast-schema-graph\">{\"@context\":\"https:\\\/\\\/schema.org\",\"@graph\":[{\"@type\":\"Article\",\"@id\":\"https:\\\/\\\/www.italiaisraele.org\\\/?p=3562#article\",\"isPartOf\":{\"@id\":\"https:\\\/\\\/www.italiaisraele.org\\\/?p=3562\"},\"author\":{\"name\":\"Redazione\",\"@id\":\"https:\\\/\\\/www.italiaisraele.org\\\/#\\\/schema\\\/person\\\/a58663d7e92468eb3e7d158e016946cd\"},\"headline\":\"Il 1967 non \u00e8 finito\",\"datePublished\":\"2025-02-07T18:10:37+00:00\",\"dateModified\":\"2025-02-07T18:10:47+00:00\",\"mainEntityOfPage\":{\"@id\":\"https:\\\/\\\/www.italiaisraele.org\\\/?p=3562\"},\"wordCount\":945,\"commentCount\":0,\"publisher\":{\"@id\":\"https:\\\/\\\/www.italiaisraele.org\\\/#organization\"},\"image\":{\"@id\":\"https:\\\/\\\/www.italiaisraele.org\\\/?p=3562#primaryimage\"},\"thumbnailUrl\":\"https:\\\/\\\/www.italiaisraele.org\\\/wp-content\\\/uploads\\\/2025\\\/02\\\/images-2.jpg\",\"keywords\":[\"Croce rossa internazionale\",\"Federazione Italia Israele\",\"Israele\"],\"articleSection\":[\"Attualit\u00e0\"],\"inLanguage\":\"it-IT\",\"potentialAction\":[{\"@type\":\"CommentAction\",\"name\":\"Comment\",\"target\":[\"https:\\\/\\\/www.italiaisraele.org\\\/?p=3562#respond\"]}]},{\"@type\":\"WebPage\",\"@id\":\"https:\\\/\\\/www.italiaisraele.org\\\/?p=3562\",\"url\":\"https:\\\/\\\/www.italiaisraele.org\\\/?p=3562\",\"name\":\"Il 1967 non \u00e8 finito - Federazione Associazioni Italia Israele\",\"isPartOf\":{\"@id\":\"https:\\\/\\\/www.italiaisraele.org\\\/#website\"},\"primaryImageOfPage\":{\"@id\":\"https:\\\/\\\/www.italiaisraele.org\\\/?p=3562#primaryimage\"},\"image\":{\"@id\":\"https:\\\/\\\/www.italiaisraele.org\\\/?p=3562#primaryimage\"},\"thumbnailUrl\":\"https:\\\/\\\/www.italiaisraele.org\\\/wp-content\\\/uploads\\\/2025\\\/02\\\/images-2.jpg\",\"datePublished\":\"2025-02-07T18:10:37+00:00\",\"dateModified\":\"2025-02-07T18:10:47+00:00\",\"breadcrumb\":{\"@id\":\"https:\\\/\\\/www.italiaisraele.org\\\/?p=3562#breadcrumb\"},\"inLanguage\":\"it-IT\",\"potentialAction\":[{\"@type\":\"ReadAction\",\"target\":[\"https:\\\/\\\/www.italiaisraele.org\\\/?p=3562\"]}]},{\"@type\":\"ImageObject\",\"inLanguage\":\"it-IT\",\"@id\":\"https:\\\/\\\/www.italiaisraele.org\\\/?p=3562#primaryimage\",\"url\":\"https:\\\/\\\/www.italiaisraele.org\\\/wp-content\\\/uploads\\\/2025\\\/02\\\/images-2.jpg\",\"contentUrl\":\"https:\\\/\\\/www.italiaisraele.org\\\/wp-content\\\/uploads\\\/2025\\\/02\\\/images-2.jpg\",\"width\":259,\"height\":194},{\"@type\":\"BreadcrumbList\",\"@id\":\"https:\\\/\\\/www.italiaisraele.org\\\/?p=3562#breadcrumb\",\"itemListElement\":[{\"@type\":\"ListItem\",\"position\":1,\"name\":\"Home\",\"item\":\"https:\\\/\\\/www.italiaisraele.org\\\/\"},{\"@type\":\"ListItem\",\"position\":2,\"name\":\"Il 1967 non \u00e8 finito\"}]},{\"@type\":\"WebSite\",\"@id\":\"https:\\\/\\\/www.italiaisraele.org\\\/#website\",\"url\":\"https:\\\/\\\/www.italiaisraele.org\\\/\",\"name\":\"News Italia - Israele\",\"description\":\"Italia Israele Today - Magazine\",\"publisher\":{\"@id\":\"https:\\\/\\\/www.italiaisraele.org\\\/#organization\"},\"potentialAction\":[{\"@type\":\"SearchAction\",\"target\":{\"@type\":\"EntryPoint\",\"urlTemplate\":\"https:\\\/\\\/www.italiaisraele.org\\\/?s={search_term_string}\"},\"query-input\":{\"@type\":\"PropertyValueSpecification\",\"valueRequired\":true,\"valueName\":\"search_term_string\"}}],\"inLanguage\":\"it-IT\"},{\"@type\":\"Organization\",\"@id\":\"https:\\\/\\\/www.italiaisraele.org\\\/#organization\",\"name\":\"News Italia - Israele\",\"url\":\"https:\\\/\\\/www.italiaisraele.org\\\/\",\"logo\":{\"@type\":\"ImageObject\",\"inLanguage\":\"it-IT\",\"@id\":\"https:\\\/\\\/www.italiaisraele.org\\\/#\\\/schema\\\/logo\\\/image\\\/\",\"url\":\"https:\\\/\\\/www.italiaisraele.org\\\/wp-content\\\/uploads\\\/2024\\\/02\\\/cropped-cropped-TESTATA-NEWS-2.jpg\",\"contentUrl\":\"https:\\\/\\\/www.italiaisraele.org\\\/wp-content\\\/uploads\\\/2024\\\/02\\\/cropped-cropped-TESTATA-NEWS-2.jpg\",\"width\":1918,\"height\":291,\"caption\":\"News Italia - Israele\"},\"image\":{\"@id\":\"https:\\\/\\\/www.italiaisraele.org\\\/#\\\/schema\\\/logo\\\/image\\\/\"},\"sameAs\":[\"https:\\\/\\\/www.facebook.com\\\/Federazione.Associazioni.Italia.Israele\"]},{\"@type\":\"Person\",\"@id\":\"https:\\\/\\\/www.italiaisraele.org\\\/#\\\/schema\\\/person\\\/a58663d7e92468eb3e7d158e016946cd\",\"name\":\"Redazione\",\"image\":{\"@type\":\"ImageObject\",\"inLanguage\":\"it-IT\",\"@id\":\"https:\\\/\\\/secure.gravatar.com\\\/avatar\\\/fe11715b332cc423bb3991a005da4d50b44647eec21b11abddd059d3deafc450?s=96&d=mm&r=g\",\"url\":\"https:\\\/\\\/secure.gravatar.com\\\/avatar\\\/fe11715b332cc423bb3991a005da4d50b44647eec21b11abddd059d3deafc450?s=96&d=mm&r=g\",\"contentUrl\":\"https:\\\/\\\/secure.gravatar.com\\\/avatar\\\/fe11715b332cc423bb3991a005da4d50b44647eec21b11abddd059d3deafc450?s=96&d=mm&r=g\",\"caption\":\"Redazione\"},\"url\":\"https:\\\/\\\/www.italiaisraele.org\\\/?author=2\"}]}<\/script>\r\n<!-- \/ Yoast SEO plugin. -->","yoast_head_json":{"title":"Il 1967 non \u00e8 finito - Federazione Associazioni Italia Israele","robots":{"index":"index","follow":"follow","max-snippet":"max-snippet:-1","max-image-preview":"max-image-preview:large","max-video-preview":"max-video-preview:-1"},"canonical":"https:\/\/www.italiaisraele.org\/?p=3562","og_locale":"it_IT","og_type":"article","og_title":"Il 1967 non \u00e8 finito - Federazione Associazioni Italia Israele","og_description":"di Marco Del MonteL\u2019attuale guerra che Israele sta combattendo sembra iniziata il 7 ottobre del 2023. Un antiisraeliano (tipo Guterres) ti dice che si deve tener conto del contesto; i pi\u00f9 accaniti ripartono dal 1947, anno in cui l\u2019ONU assunse la cervellotica decisione di tracciare con un pennarello verde i confini di due stati su [&hellip;]","og_url":"https:\/\/www.italiaisraele.org\/?p=3562","og_site_name":"Federazione Associazioni Italia Israele","article_publisher":"https:\/\/www.facebook.com\/Federazione.Associazioni.Italia.Israele","article_published_time":"2025-02-07T18:10:37+00:00","article_modified_time":"2025-02-07T18:10:47+00:00","og_image":[{"width":259,"height":194,"url":"https:\/\/www.italiaisraele.org\/wp-content\/uploads\/2025\/02\/images-2.jpg","type":"image\/jpeg"}],"author":"Redazione","twitter_card":"summary_large_image","twitter_misc":{"Scritto da":"Redazione","Tempo di lettura stimato":"6 minuti"},"schema":{"@context":"https:\/\/schema.org","@graph":[{"@type":"Article","@id":"https:\/\/www.italiaisraele.org\/?p=3562#article","isPartOf":{"@id":"https:\/\/www.italiaisraele.org\/?p=3562"},"author":{"name":"Redazione","@id":"https:\/\/www.italiaisraele.org\/#\/schema\/person\/a58663d7e92468eb3e7d158e016946cd"},"headline":"Il 1967 non \u00e8 finito","datePublished":"2025-02-07T18:10:37+00:00","dateModified":"2025-02-07T18:10:47+00:00","mainEntityOfPage":{"@id":"https:\/\/www.italiaisraele.org\/?p=3562"},"wordCount":945,"commentCount":0,"publisher":{"@id":"https:\/\/www.italiaisraele.org\/#organization"},"image":{"@id":"https:\/\/www.italiaisraele.org\/?p=3562#primaryimage"},"thumbnailUrl":"https:\/\/www.italiaisraele.org\/wp-content\/uploads\/2025\/02\/images-2.jpg","keywords":["Croce rossa internazionale","Federazione Italia Israele","Israele"],"articleSection":["Attualit\u00e0"],"inLanguage":"it-IT","potentialAction":[{"@type":"CommentAction","name":"Comment","target":["https:\/\/www.italiaisraele.org\/?p=3562#respond"]}]},{"@type":"WebPage","@id":"https:\/\/www.italiaisraele.org\/?p=3562","url":"https:\/\/www.italiaisraele.org\/?p=3562","name":"Il 1967 non \u00e8 finito - Federazione Associazioni Italia Israele","isPartOf":{"@id":"https:\/\/www.italiaisraele.org\/#website"},"primaryImageOfPage":{"@id":"https:\/\/www.italiaisraele.org\/?p=3562#primaryimage"},"image":{"@id":"https:\/\/www.italiaisraele.org\/?p=3562#primaryimage"},"thumbnailUrl":"https:\/\/www.italiaisraele.org\/wp-content\/uploads\/2025\/02\/images-2.jpg","datePublished":"2025-02-07T18:10:37+00:00","dateModified":"2025-02-07T18:10:47+00:00","breadcrumb":{"@id":"https:\/\/www.italiaisraele.org\/?p=3562#breadcrumb"},"inLanguage":"it-IT","potentialAction":[{"@type":"ReadAction","target":["https:\/\/www.italiaisraele.org\/?p=3562"]}]},{"@type":"ImageObject","inLanguage":"it-IT","@id":"https:\/\/www.italiaisraele.org\/?p=3562#primaryimage","url":"https:\/\/www.italiaisraele.org\/wp-content\/uploads\/2025\/02\/images-2.jpg","contentUrl":"https:\/\/www.italiaisraele.org\/wp-content\/uploads\/2025\/02\/images-2.jpg","width":259,"height":194},{"@type":"BreadcrumbList","@id":"https:\/\/www.italiaisraele.org\/?p=3562#breadcrumb","itemListElement":[{"@type":"ListItem","position":1,"name":"Home","item":"https:\/\/www.italiaisraele.org\/"},{"@type":"ListItem","position":2,"name":"Il 1967 non \u00e8 finito"}]},{"@type":"WebSite","@id":"https:\/\/www.italiaisraele.org\/#website","url":"https:\/\/www.italiaisraele.org\/","name":"News Italia - Israele","description":"Italia Israele Today - Magazine","publisher":{"@id":"https:\/\/www.italiaisraele.org\/#organization"},"potentialAction":[{"@type":"SearchAction","target":{"@type":"EntryPoint","urlTemplate":"https:\/\/www.italiaisraele.org\/?s={search_term_string}"},"query-input":{"@type":"PropertyValueSpecification","valueRequired":true,"valueName":"search_term_string"}}],"inLanguage":"it-IT"},{"@type":"Organization","@id":"https:\/\/www.italiaisraele.org\/#organization","name":"News Italia - Israele","url":"https:\/\/www.italiaisraele.org\/","logo":{"@type":"ImageObject","inLanguage":"it-IT","@id":"https:\/\/www.italiaisraele.org\/#\/schema\/logo\/image\/","url":"https:\/\/www.italiaisraele.org\/wp-content\/uploads\/2024\/02\/cropped-cropped-TESTATA-NEWS-2.jpg","contentUrl":"https:\/\/www.italiaisraele.org\/wp-content\/uploads\/2024\/02\/cropped-cropped-TESTATA-NEWS-2.jpg","width":1918,"height":291,"caption":"News Italia - Israele"},"image":{"@id":"https:\/\/www.italiaisraele.org\/#\/schema\/logo\/image\/"},"sameAs":["https:\/\/www.facebook.com\/Federazione.Associazioni.Italia.Israele"]},{"@type":"Person","@id":"https:\/\/www.italiaisraele.org\/#\/schema\/person\/a58663d7e92468eb3e7d158e016946cd","name":"Redazione","image":{"@type":"ImageObject","inLanguage":"it-IT","@id":"https:\/\/secure.gravatar.com\/avatar\/fe11715b332cc423bb3991a005da4d50b44647eec21b11abddd059d3deafc450?s=96&d=mm&r=g","url":"https:\/\/secure.gravatar.com\/avatar\/fe11715b332cc423bb3991a005da4d50b44647eec21b11abddd059d3deafc450?s=96&d=mm&r=g","contentUrl":"https:\/\/secure.gravatar.com\/avatar\/fe11715b332cc423bb3991a005da4d50b44647eec21b11abddd059d3deafc450?s=96&d=mm&r=g","caption":"Redazione"},"url":"https:\/\/www.italiaisraele.org\/?author=2"}]}},"_links":{"self":[{"href":"https:\/\/www.italiaisraele.org\/index.php?rest_route=\/wp\/v2\/posts\/3562","targetHints":{"allow":["GET"]}}],"collection":[{"href":"https:\/\/www.italiaisraele.org\/index.php?rest_route=\/wp\/v2\/posts"}],"about":[{"href":"https:\/\/www.italiaisraele.org\/index.php?rest_route=\/wp\/v2\/types\/post"}],"author":[{"embeddable":true,"href":"https:\/\/www.italiaisraele.org\/index.php?rest_route=\/wp\/v2\/users\/2"}],"replies":[{"embeddable":true,"href":"https:\/\/www.italiaisraele.org\/index.php?rest_route=%2Fwp%2Fv2%2Fcomments&post=3562"}],"version-history":[{"count":0,"href":"https:\/\/www.italiaisraele.org\/index.php?rest_route=\/wp\/v2\/posts\/3562\/revisions"}],"wp:featuredmedia":[{"embeddable":true,"href":"https:\/\/www.italiaisraele.org\/index.php?rest_route=\/wp\/v2\/media\/3563"}],"wp:attachment":[{"href":"https:\/\/www.italiaisraele.org\/index.php?rest_route=%2Fwp%2Fv2%2Fmedia&parent=3562"}],"wp:term":[{"taxonomy":"category","embeddable":true,"href":"https:\/\/www.italiaisraele.org\/index.php?rest_route=%2Fwp%2Fv2%2Fcategories&post=3562"},{"taxonomy":"post_tag","embeddable":true,"href":"https:\/\/www.italiaisraele.org\/index.php?rest_route=%2Fwp%2Fv2%2Ftags&post=3562"}],"curies":[{"name":"wp","href":"https:\/\/api.w.org\/{rel}","templated":true}]}}