{"id":3455,"date":"2025-01-22T09:36:09","date_gmt":"2025-01-22T08:36:09","guid":{"rendered":"https:\/\/www.italiaisraele.org\/?p=3455"},"modified":"2025-02-04T11:54:17","modified_gmt":"2025-02-04T10:54:17","slug":"dichiarazione-del-capo-di-stato-maggiore-ltg-herzi-halevi-mi-assumo-la-responsabilita-del-fallimento-dellidf-mi-assumo-anche-la-responsabilita-dei-suoi-successi","status":"publish","type":"post","link":"https:\/\/www.italiaisraele.org\/?p=3455","title":{"rendered":"DICHIARAZIONE DEL CAPO DI STATO MAGGIORE LTG HERZI HALEVI: &#8220;Mi assumo la responsabilit\u00e0 del fallimento dell&#8217;IDF. Mi assumo anche la responsabilit\u00e0 dei suoi successi.&#8221;"},"content":{"rendered":"\n<p>Il tenente Generale Herzi Halevi \u00e8 stato in passato il comandante della pi\u00f9 prestigiosa unit\u00e0 di \u00e9lite delle IDF la Sayeret Maktal. Pubblichiamo per intero la sua dichiarazione per rendere omaggio ad un uomo di grande valore e di onest\u00e0 intellettuale.<\/p>\n\n\n<div class=\"wp-block-image\">\n<figure class=\"aligncenter size-large\"><img loading=\"lazy\" decoding=\"async\" width=\"1024\" height=\"683\" src=\"https:\/\/www.italiaisraele.org\/wp-content\/uploads\/2025\/01\/Herzi-Halevi-1024x683.jpg\" alt=\"\" class=\"wp-image-3457\" srcset=\"https:\/\/www.italiaisraele.org\/wp-content\/uploads\/2025\/01\/Herzi-Halevi-1024x683.jpg 1024w, https:\/\/www.italiaisraele.org\/wp-content\/uploads\/2025\/01\/Herzi-Halevi-300x200.jpg 300w, https:\/\/www.italiaisraele.org\/wp-content\/uploads\/2025\/01\/Herzi-Halevi-768x512.jpg 768w, https:\/\/www.italiaisraele.org\/wp-content\/uploads\/2025\/01\/Herzi-Halevi-600x400.jpg 600w, https:\/\/www.italiaisraele.org\/wp-content\/uploads\/2025\/01\/Herzi-Halevi.jpg 1125w\" sizes=\"auto, (max-width: 1024px) 100vw, 1024px\" \/><\/figure>\n<\/div>\n\n\n<p><strong>Leggi la dichiarazione completa<\/strong><\/p>\n\n\n\n<p>21 <a><\/a>gennaio 2025<\/p>\n\n\n\n<p>Buonasera,<\/p>\n\n\n\n<p>Oggi si celebra il 473\u00b0 giorno di guerra, una lunga guerra che richiede grandi sacrifici da parte nostra, ma che ha anche prodotto risultati molto significativi per il nostro futuro. L&#8217;IDF \u00e8 ancora impegnato in combattimenti in diverse arene.<\/p>\n\n\n\n<p>Stiamo attualmente realizzando uno degli obiettivi pi\u00f9 importanti della guerra: il ritorno degli ostaggi. Come ho potuto vedere durante le mie visite, le nostre forze sono altamente determinate e pienamente consapevoli della loro missione: smantellare Hamas, il suo regime e le sue capacit\u00e0; riportare indietro gli ostaggi e garantire il ritorno sicuro dei cittadini israeliani alle loro case. Anche in arene lontane, l&#8217;IDF continua a operare con tutte le sue forze.<\/p>\n\n\n\n<p>Vi parlo stasera da vicino a Mefalsim, un sito dove molti sono stati assassinati e altri sono stati rapiti. Qui, scelgo di affrontare la situazione attuale e di parlare di me stesso.<\/p>\n\n\n\n<p>Il giorno in cui qualcuno assume il ruolo di comando delle Forze di difesa israeliane, si assume una responsabilit\u00e0 sulle spalle che non ha data di scadenza. Il primo giorno di guerra, durante la valutazione della situazione dello Stato maggiore, mi sono assunto la piena responsabilit\u00e0, a voce alta e chiara, del fallimento delle IDF nel proteggere i civili a Simchat Torah 5784. Ho fatto lo stesso pubblicamente il sesto giorno di guerra. La missione principale delle IDF \u00e8 difendere i cittadini di questo paese. Abbiamo fallito in questo. Le conseguenze di quel giorno orribile sono qualcosa che mi porto dietro da allora, e continuer\u00f2 a portarle per il resto della mia vita.<\/p>\n\n\n\n<p>Durante il mio servizio nell&#8217;IDF, mi \u00e8 stato insegnato che un&#8217;operazione si conclude solo quando la missione \u00e8 completamente compiuta. Un&#8217;operazione si conclude quando tutti sono tornati. Un&#8217;operazione si conclude dopo un&#8217;indagine. Lo scopo delle indagini dell&#8217;IDF \u00e8 scoprire se la missione \u00e8 stata un fallimento o un successo. Fin dall&#8217;inizio di questa guerra, abbiamo avviato un processo di indagine senza precedenti durante il combattimento attivo. Bilanciare l&#8217;attenzione dei comandanti sulla lotta in corso con la necessit\u00e0 di indagini approfondite, basate sui fatti e oneste ha richiesto un processo esteso. Il 7 ottobre \u00e8 stato un giorno di combattimenti estesi e complessi. Il desiderio delle famiglie in lutto di scoprire la verit\u00e0 il pi\u00f9 rapidamente possibile \u00e8 sia compreso che profondamente rispettato da noi.<\/p>\n\n\n\n<p>L&#8217;IDF deve fornire risposte e indagini oneste: di alta qualit\u00e0, approfondite e completamente trasparenti. Lo dobbiamo ai caduti, agli ostaggi, alle loro famiglie e alle comunit\u00e0 del Negev occidentale. Queste indagini sono essenziali per imparare come proteggere meglio i cittadini di Israele in futuro. Presenter\u00f2 i risultati completi al Ministro della Difesa e, per quanto possibile, ai cittadini di Israele. Soprattutto, integreremo quelle lezioni nell&#8217;IDF per migliorare e rafforzare le nostre capacit\u00e0.<\/p>\n\n\n\n<p>Posso gi\u00e0 dirlo con sicurezza: nessuno ha nascosto informazioni. Nessuno sapeva cosa stava per accadere. Nessuno ha aiutato il nemico a mettere in atto la sua crudelt\u00e0. Tali affermazioni sono false e danneggiano ingiustamente i membri dedicati del servizio che hanno lavorato instancabilmente per la sicurezza della nazione e comprendono appieno la loro responsabilit\u00e0 dati i risultati.<\/p>\n\n\n\n<p>Una volta completate le indagini dell&#8217;IDF, avremo una comprensione pi\u00f9 chiara di cosa \u00e8 successo, perch\u00e9 \u00e8 accaduto e come affrontarlo. L&#8217;inchiesta militare \u00e8 focalizzata esclusivamente sull&#8217;IDF e non comprende i fattori pi\u00f9 ampi che potrebbero impedire eventi simili in futuro. Una commissione d&#8217;inchiesta o qualsiasi altro organismo esterno pu\u00f2 indagare ed esaminare e ricever\u00e0 piena trasparenza dall&#8217;IDF.<\/p>\n\n\n\n<p>Mi assumo la responsabilit\u00e0 del fallimento dell&#8217;IDF. Mi assumo anche la responsabilit\u00e0 dei suoi successi. Lo dico subito: avrei preferito che questi successi non fossero stati necessari, e nessun successo potr\u00e0 mai invertire l&#8217;immenso dolore, la tristezza e la perdita causati fin dal primo giorno di guerra.<\/p>\n\n\n\n<p>Un esercito \u00e8 costruito per le crisi: viene messo alla prova dalla sua capacit\u00e0 di prevenirle e di affrontare situazioni inaspettate e difficili quando si presentano. Abbiamo fallito nella prevenzione e nella protezione. Soldati, comandanti, forze di sicurezza e civili coraggiosi dell&#8217;IDF hanno agito eroicamente per ridurre al minimo i danni, fermare gli attacchi e respingere. Siamo entrati in una guerra difficile, con un&#8217;arena dopo l&#8217;altra che si \u00e8 aperta. Sotto il mio comando, insieme allo Stato maggiore e insieme al livello politico, l&#8217;IDF ha raggiunto numerosi risultati durante questa guerra. L&#8217;IDF ha pianificato e l&#8217;IDF ha implementato. Il Medio Oriente \u00e8 cambiato. La nostra mappa delle minacce \u00e8 stata completamente ridisegnata. Si sono aperte nuove opportunit\u00e0 e dobbiamo costantemente misurare i rischi. Hezbollah ha subito una sconfitta decisiva. La maggior parte della sua leadership \u00e8 stata eliminata; abbiamo eliminato oltre 4.000 terroristi operativi, tra cui la maggior parte della catena di comando senior di Hezbollah con Hassan Nasrallah a capo. Questi risultati sono il risultato di una pianificazione precisa, iniziativa e azioni coraggiose su terra, aria, mare e con capacit\u00e0 di supporto.<\/p>\n\n\n\n<p>Questo \u00e8 anche il prodotto di un&#8217;intelligence eccezionale. Lo stesso personale dell&#8217;intelligence che ha fallito e si \u00e8 sentito tale il 7 ottobre \u00e8 quello che ha fornito l&#8217;intelligence che ha reso possibili questi successi. Il potere ridotto di Hezbollah in Libano \u00e8 chiaro, ed \u00e8 nostro dovere mantenere questo vantaggio in futuro.<\/p>\n\n\n\n<p>L&#8217;ala militare di Hamas \u00e8 stata gravemente danneggiata. La maggior parte della leadership dell&#8217;organizzazione \u00e8 stata uccisa, incluso il suo capo Yahya Sinwar, cos\u00ec come figure di spicco della sua ala militare, incluso il suo capo Mohammed Deif. L&#8217;IDF ha eliminato quasi 20.000 terroristi operativi di Hamas. Tuttavia, non abbiamo ancora riportato indietro tutti gli ostaggi e abbiamo ancora missioni da completare contro il governo di Hamas e le sue rimanenti capacit\u00e0 di guerriglia e terrore. Restiamo fermi nella nostra determinazione a portare a termine questo compito e sconfiggerli.<\/p>\n\n\n\n<p>Nella lotta al terrorismo, nell&#8217;ultimo anno sono stati uccisi sia civili che soldati in Giudea e Samaria. Dall&#8217;inizio della guerra, abbiamo ucciso 794 terroristi in quest&#8217;arena. Nella maggior parte dei casi, abbiamo sventato la minaccia in anticipo, prima che i terroristi potessero raggiungere i cittadini israeliani.<\/p>\n\n\n\n<p>Questo ampio sforzo \u00e8 stato condotto in stretta collaborazione con l&#8217;Israel Security Agency, un&#8217;organizzazione di alta qualit\u00e0 che lavora al nostro fianco con responsabilit\u00e0 condivisa e apprendimento reciproco. Senza le nostre misure difensive e offensive proattive, il terrorismo in Giudea e Samaria avrebbe potuto essere molto peggiore.<\/p>\n\n\n\n<p>Per la prima volta in questa guerra abbiamo combattuto direttamente con l&#8217;Iran.<\/p>\n\n\n\n<p>Abbiamo colpito i suoi proxy nella regione: Hezbollah, Hamas e gli asset iraniani in Siria. La Siria \u00e8 cambiata. Attraverso rapide manovre difensive e attacchi aerei mirati all&#8217;asse, abbiamo cambiato completamente la portata della futura minaccia proveniente dalla Siria.<\/p>\n\n\n\n<p>Abbiamo condotto attacchi in Iran dopo raffiche di razzi e droni lanciati contro Israele. Nel corso di due notti, l&#8217;IAF ha eseguito operazioni, basate su intelligence altamente precisa e audaci partnership strategiche, insieme a misure difensive che hanno ridotto significativamente i danni. Nessuno \u00e8 stato ucciso in questi attacchi, pochissimi sono rimasti feriti e abbiamo subito danni limitati alla propriet\u00e0. Ci\u00f2 \u00e8 avvenuto nonostante le centinaia di tonnellate di esplosivi lanciati contro lo Stato di Israele. Sapevamo esattamente dove stavamo prendendo di mira e perch\u00e9; le nostre munizioni hanno colpito i loro obiettivi con precisione, distruggendo ogni bersaglio previsto. Oggi, l&#8217;Iran conosce la nostra forza, comprende il nostro potere e sentir\u00e0 il peso del nostro braccio quando necessario.<\/p>\n\n\n\n<p>Questi successi dell&#8217;IDF pongono Israele sotto una luce diversa sia a livello regionale che globale, sia in relazione al 7 ottobre che prima della guerra. Questi successi sono di immensa importanza ed \u00e8 fondamentale che li conserviamo nei principi guida delle nostre future operazioni. Sebbene questi successi non mitigheranno mai il dolore e la sofferenza della perdita, ci aiuteranno a gettare le basi per un futuro migliore per tutti noi.<\/p>\n\n\n\n<p>La transizione da un fallimento doloroso a questi successi \u00e8 stata irta di sfide e ha richiesto una forza e un talento immensi. Sono orgoglioso dell&#8217;IDF per la sua ripresa, il suo percorso in avanti e i suoi risultati. Sono orgoglioso dei nostri comandanti, riservisti, soldati di carriera, soldati in servizio regolare e lavoratori civili.<\/p>\n\n\n\n<p>Non ho alcun desiderio di aggrapparmi alla mia posizione. Da un punto di vista morale, non \u00e8 giusto che il mio mandato sia completo, e l&#8217;ho gi\u00e0 detto in precedenza. Il momento delle decisioni \u00e8 adesso. Negli ultimi 473 giorni, mi sono dedicato completamente a questa guerra: smantellare Hamas, riportare indietro gli ostaggi e garantire il ritorno sicuro dei residenti nel Negev occidentale e nel nord alle loro case. Oggi, ho informato il Primo Ministro e il Ministro della Difesa della mia intenzione di adempiere alla mia responsabilit\u00e0 e concludere il mio servizio il 6 marzo di quest&#8217;anno. Fino ad allora, completeremo correttamente tutte le indagini e le missioni urgenti e assicurer\u00f2 il trasferimento ordinato e responsabile del comando al mio successore.<\/p>\n\n\n\n<p>Presto concluder\u00f2 40 anni di servizio militare. Durante tutto questo tempo, le esigenze dello Stato di Israele e delle IDF hanno sempre avuto la precedenza sulle mie. Anche ora, rimane cos\u00ec. Ho preso questa decisione molto tempo fa e ora, mentre le IDF hanno la meglio in tutte le arene di combattimento e un altro accordo di ritorno degli ostaggi \u00e8 in corso, i tempi sono maturi. Ho scelto di ritardare questo annuncio di qualche settimana, ritenendo inappropriato concentrarmi su me stesso mentre il destino degli ostaggi era incerto, le loro famiglie attendevano con ansia e le operazioni a Gaza costavano la vita ai miei soldati. Voglio assicurare alle famiglie degli ostaggi che stiamo facendo tutto il possibile. Abbraccio le famiglie in lutto e saluto i feriti, sostenendoli nel loro percorso di recupero.<\/p>\n\n\n\n<p>Durante questa guerra, dal 7 ottobre, ho affrontato il fallimento a testa alta ogni giorno. Non ho evitato la responsabilit\u00e0 e non ho dimenticato per un momento di essere il comandante che ha inviato i subordinati in battaglie da cui non sono pi\u00f9 tornati, in posizioni da cui sono stati rapiti.<\/p>\n\n\n\n<p>Chino il capo in memoria dei civili che non siamo riusciti a salvare, dei nostri compagni delle squadre di risposta rapida, delle forze di sicurezza e dei soldati delle IDF, uomini e donne, di riserva e in servizio attivo, che hanno tenuto duro e non hanno abbandonato i loro posti.<\/p>\n\n\n\n<p>Era mio dovere e anche mio privilegio, come comandante delle Forze di difesa israeliane, affrontare il fallimento e trasformarlo in una leva per il progresso, non in un peso che ci trascinava verso il basso, per guidare le IDF e i cittadini di Israele verso una realt\u00e0 nuova e pi\u00f9 sicura per molti anni a venire.<\/p>\n\n\n\n<p>&#8220;E questi sono i nomi dei figli d&#8217;Israele&#8221; era nella porzione della Torah di questo Shabbat passato. Questi sono i nomi che non dimenticheremo mai: i nomi di coloro che non sono pi\u00f9 con noi e di coloro che attendiamo. Possano tutti tornare a noi.<\/p>\n","protected":false},"excerpt":{"rendered":"<p>Il tenente Generale Herzi Halevi \u00e8 stato in passato il comandante della pi\u00f9 prestigiosa unit\u00e0 di \u00e9lite delle IDF la Sayeret Maktal. Pubblichiamo per intero la sua dichiarazione per rendere omaggio ad un uomo di grande valore e di onest\u00e0 intellettuale. Leggi la dichiarazione completa 21 gennaio 2025 Buonasera, Oggi si celebra il 473\u00b0 giorno [&hellip;]<\/p>\n","protected":false},"author":3,"featured_media":3456,"comment_status":"open","ping_status":"open","sticky":false,"template":"","format":"standard","meta":{"iawp_total_views":142,"footnotes":""},"categories":[33,4,5],"tags":[659,660,162,656,159,658,13],"class_list":["post-3455","post","type-post","status-publish","format-standard","has-post-thumbnail","hentry","category-approfondimenti","category-attualita","category-news","tag-defense","tag-forces","tag-halevi","tag-herzi","tag-idf","tag-israel","tag-israele"],"yoast_head":"<!-- This site is optimized with the Yoast SEO plugin v27.5 - https:\/\/yoast.com\/product\/yoast-seo-wordpress\/ -->\r\n<title>DICHIARAZIONE DEL CAPO DI STATO MAGGIORE LTG HERZI HALEVI: &quot;Mi assumo la responsabilit\u00e0 del fallimento dell&#039;IDF. Mi assumo anche la responsabilit\u00e0 dei suoi successi.&quot; - Federazione Associazioni Italia Israele<\/title>\r\n<meta name=\"robots\" content=\"index, follow, max-snippet:-1, max-image-preview:large, max-video-preview:-1\" \/>\r\n<link rel=\"canonical\" href=\"https:\/\/www.italiaisraele.org\/?p=3455\" \/>\r\n<meta property=\"og:locale\" content=\"it_IT\" \/>\r\n<meta property=\"og:type\" content=\"article\" \/>\r\n<meta property=\"og:title\" content=\"DICHIARAZIONE DEL CAPO DI STATO MAGGIORE LTG HERZI HALEVI: &quot;Mi assumo la responsabilit\u00e0 del fallimento dell&#039;IDF. Mi assumo anche la responsabilit\u00e0 dei suoi successi.&quot; - Federazione Associazioni Italia Israele\" \/>\r\n<meta property=\"og:description\" content=\"Il tenente Generale Herzi Halevi \u00e8 stato in passato il comandante della pi\u00f9 prestigiosa unit\u00e0 di \u00e9lite delle IDF la Sayeret Maktal. Pubblichiamo per intero la sua dichiarazione per rendere omaggio ad un uomo di grande valore e di onest\u00e0 intellettuale. Leggi la dichiarazione completa 21 gennaio 2025 Buonasera, Oggi si celebra il 473\u00b0 giorno [&hellip;]\" \/>\r\n<meta property=\"og:url\" content=\"https:\/\/www.italiaisraele.org\/?p=3455\" \/>\r\n<meta property=\"og:site_name\" content=\"Federazione Associazioni Italia Israele\" \/>\r\n<meta property=\"article:publisher\" content=\"https:\/\/www.facebook.com\/Federazione.Associazioni.Italia.Israele\" \/>\r\n<meta property=\"article:published_time\" content=\"2025-01-22T08:36:09+00:00\" \/>\r\n<meta property=\"article:modified_time\" content=\"2025-02-04T10:54:17+00:00\" \/>\r\n<meta property=\"og:image\" content=\"https:\/\/www.italiaisraele.org\/wp-content\/uploads\/2025\/01\/Herzi-Halevi-1.jpeg\" \/>\r\n\t<meta property=\"og:image:width\" content=\"1320\" \/>\r\n\t<meta property=\"og:image:height\" content=\"880\" \/>\r\n\t<meta property=\"og:image:type\" content=\"image\/jpeg\" \/>\r\n<meta name=\"author\" content=\"Bruno Gazzo\" \/>\r\n<meta name=\"twitter:card\" content=\"summary_large_image\" \/>\r\n<meta name=\"twitter:label1\" content=\"Scritto da\" \/>\n\t<meta name=\"twitter:data1\" content=\"Bruno Gazzo\" \/>\n\t<meta name=\"twitter:label2\" content=\"Tempo di lettura stimato\" \/>\n\t<meta name=\"twitter:data2\" content=\"11 minuti\" \/>\r\n<script type=\"application\/ld+json\" class=\"yoast-schema-graph\">{\"@context\":\"https:\\\/\\\/schema.org\",\"@graph\":[{\"@type\":\"Article\",\"@id\":\"https:\\\/\\\/www.italiaisraele.org\\\/?p=3455#article\",\"isPartOf\":{\"@id\":\"https:\\\/\\\/www.italiaisraele.org\\\/?p=3455\"},\"author\":{\"name\":\"Bruno Gazzo\",\"@id\":\"https:\\\/\\\/www.italiaisraele.org\\\/#\\\/schema\\\/person\\\/ca7cc9c8d094db3eef4f16dbefc18ed3\"},\"headline\":\"DICHIARAZIONE DEL CAPO DI STATO MAGGIORE LTG HERZI HALEVI: &#8220;Mi assumo la responsabilit\u00e0 del fallimento dell&#8217;IDF. Mi assumo anche la responsabilit\u00e0 dei suoi successi.&#8221;\",\"datePublished\":\"2025-01-22T08:36:09+00:00\",\"dateModified\":\"2025-02-04T10:54:17+00:00\",\"mainEntityOfPage\":{\"@id\":\"https:\\\/\\\/www.italiaisraele.org\\\/?p=3455\"},\"wordCount\":1854,\"commentCount\":3,\"publisher\":{\"@id\":\"https:\\\/\\\/www.italiaisraele.org\\\/#organization\"},\"image\":{\"@id\":\"https:\\\/\\\/www.italiaisraele.org\\\/?p=3455#primaryimage\"},\"thumbnailUrl\":\"https:\\\/\\\/www.italiaisraele.org\\\/wp-content\\\/uploads\\\/2025\\\/01\\\/Herzi-Halevi-1.jpeg\",\"keywords\":[\"defense\",\"Forces\",\"Halevi\",\"herzi\",\"Idf\",\"israel\",\"Israele\"],\"articleSection\":[\"Approfondimenti\",\"Attualit\u00e0\",\"News\"],\"inLanguage\":\"it-IT\",\"potentialAction\":[{\"@type\":\"CommentAction\",\"name\":\"Comment\",\"target\":[\"https:\\\/\\\/www.italiaisraele.org\\\/?p=3455#respond\"]}]},{\"@type\":\"WebPage\",\"@id\":\"https:\\\/\\\/www.italiaisraele.org\\\/?p=3455\",\"url\":\"https:\\\/\\\/www.italiaisraele.org\\\/?p=3455\",\"name\":\"DICHIARAZIONE DEL CAPO DI STATO MAGGIORE LTG HERZI HALEVI: \\\"Mi assumo la responsabilit\u00e0 del fallimento dell'IDF. Mi assumo anche la responsabilit\u00e0 dei suoi successi.\\\" - Federazione Associazioni Italia Israele\",\"isPartOf\":{\"@id\":\"https:\\\/\\\/www.italiaisraele.org\\\/#website\"},\"primaryImageOfPage\":{\"@id\":\"https:\\\/\\\/www.italiaisraele.org\\\/?p=3455#primaryimage\"},\"image\":{\"@id\":\"https:\\\/\\\/www.italiaisraele.org\\\/?p=3455#primaryimage\"},\"thumbnailUrl\":\"https:\\\/\\\/www.italiaisraele.org\\\/wp-content\\\/uploads\\\/2025\\\/01\\\/Herzi-Halevi-1.jpeg\",\"datePublished\":\"2025-01-22T08:36:09+00:00\",\"dateModified\":\"2025-02-04T10:54:17+00:00\",\"breadcrumb\":{\"@id\":\"https:\\\/\\\/www.italiaisraele.org\\\/?p=3455#breadcrumb\"},\"inLanguage\":\"it-IT\",\"potentialAction\":[{\"@type\":\"ReadAction\",\"target\":[\"https:\\\/\\\/www.italiaisraele.org\\\/?p=3455\"]}]},{\"@type\":\"ImageObject\",\"inLanguage\":\"it-IT\",\"@id\":\"https:\\\/\\\/www.italiaisraele.org\\\/?p=3455#primaryimage\",\"url\":\"https:\\\/\\\/www.italiaisraele.org\\\/wp-content\\\/uploads\\\/2025\\\/01\\\/Herzi-Halevi-1.jpeg\",\"contentUrl\":\"https:\\\/\\\/www.italiaisraele.org\\\/wp-content\\\/uploads\\\/2025\\\/01\\\/Herzi-Halevi-1.jpeg\",\"width\":1320,\"height\":880},{\"@type\":\"BreadcrumbList\",\"@id\":\"https:\\\/\\\/www.italiaisraele.org\\\/?p=3455#breadcrumb\",\"itemListElement\":[{\"@type\":\"ListItem\",\"position\":1,\"name\":\"Home\",\"item\":\"https:\\\/\\\/www.italiaisraele.org\\\/\"},{\"@type\":\"ListItem\",\"position\":2,\"name\":\"DICHIARAZIONE DEL CAPO DI STATO MAGGIORE LTG HERZI HALEVI: &#8220;Mi assumo la responsabilit\u00e0 del fallimento dell&#8217;IDF. Mi assumo anche la responsabilit\u00e0 dei suoi successi.&#8221;\"}]},{\"@type\":\"WebSite\",\"@id\":\"https:\\\/\\\/www.italiaisraele.org\\\/#website\",\"url\":\"https:\\\/\\\/www.italiaisraele.org\\\/\",\"name\":\"News Italia - Israele\",\"description\":\"Italia Israele Today - Magazine\",\"publisher\":{\"@id\":\"https:\\\/\\\/www.italiaisraele.org\\\/#organization\"},\"potentialAction\":[{\"@type\":\"SearchAction\",\"target\":{\"@type\":\"EntryPoint\",\"urlTemplate\":\"https:\\\/\\\/www.italiaisraele.org\\\/?s={search_term_string}\"},\"query-input\":{\"@type\":\"PropertyValueSpecification\",\"valueRequired\":true,\"valueName\":\"search_term_string\"}}],\"inLanguage\":\"it-IT\"},{\"@type\":\"Organization\",\"@id\":\"https:\\\/\\\/www.italiaisraele.org\\\/#organization\",\"name\":\"News Italia - Israele\",\"url\":\"https:\\\/\\\/www.italiaisraele.org\\\/\",\"logo\":{\"@type\":\"ImageObject\",\"inLanguage\":\"it-IT\",\"@id\":\"https:\\\/\\\/www.italiaisraele.org\\\/#\\\/schema\\\/logo\\\/image\\\/\",\"url\":\"https:\\\/\\\/www.italiaisraele.org\\\/wp-content\\\/uploads\\\/2024\\\/02\\\/cropped-cropped-TESTATA-NEWS-2.jpg\",\"contentUrl\":\"https:\\\/\\\/www.italiaisraele.org\\\/wp-content\\\/uploads\\\/2024\\\/02\\\/cropped-cropped-TESTATA-NEWS-2.jpg\",\"width\":1918,\"height\":291,\"caption\":\"News Italia - Israele\"},\"image\":{\"@id\":\"https:\\\/\\\/www.italiaisraele.org\\\/#\\\/schema\\\/logo\\\/image\\\/\"},\"sameAs\":[\"https:\\\/\\\/www.facebook.com\\\/Federazione.Associazioni.Italia.Israele\"]},{\"@type\":\"Person\",\"@id\":\"https:\\\/\\\/www.italiaisraele.org\\\/#\\\/schema\\\/person\\\/ca7cc9c8d094db3eef4f16dbefc18ed3\",\"name\":\"Bruno Gazzo\",\"image\":{\"@type\":\"ImageObject\",\"inLanguage\":\"it-IT\",\"@id\":\"https:\\\/\\\/secure.gravatar.com\\\/avatar\\\/8a4cc31affa5be6d5fd1d91959e3c73e4592507ef1d01c1a32e30a77aa84297c?s=96&d=mm&r=g\",\"url\":\"https:\\\/\\\/secure.gravatar.com\\\/avatar\\\/8a4cc31affa5be6d5fd1d91959e3c73e4592507ef1d01c1a32e30a77aa84297c?s=96&d=mm&r=g\",\"contentUrl\":\"https:\\\/\\\/secure.gravatar.com\\\/avatar\\\/8a4cc31affa5be6d5fd1d91959e3c73e4592507ef1d01c1a32e30a77aa84297c?s=96&d=mm&r=g\",\"caption\":\"Bruno Gazzo\"},\"url\":\"https:\\\/\\\/www.italiaisraele.org\\\/?author=3\"}]}<\/script>\r\n<!-- \/ Yoast SEO plugin. -->","yoast_head_json":{"title":"DICHIARAZIONE DEL CAPO DI STATO MAGGIORE LTG HERZI HALEVI: \"Mi assumo la responsabilit\u00e0 del fallimento dell'IDF. Mi assumo anche la responsabilit\u00e0 dei suoi successi.\" - Federazione Associazioni Italia Israele","robots":{"index":"index","follow":"follow","max-snippet":"max-snippet:-1","max-image-preview":"max-image-preview:large","max-video-preview":"max-video-preview:-1"},"canonical":"https:\/\/www.italiaisraele.org\/?p=3455","og_locale":"it_IT","og_type":"article","og_title":"DICHIARAZIONE DEL CAPO DI STATO MAGGIORE LTG HERZI HALEVI: \"Mi assumo la responsabilit\u00e0 del fallimento dell'IDF. Mi assumo anche la responsabilit\u00e0 dei suoi successi.\" - Federazione Associazioni Italia Israele","og_description":"Il tenente Generale Herzi Halevi \u00e8 stato in passato il comandante della pi\u00f9 prestigiosa unit\u00e0 di \u00e9lite delle IDF la Sayeret Maktal. Pubblichiamo per intero la sua dichiarazione per rendere omaggio ad un uomo di grande valore e di onest\u00e0 intellettuale. Leggi la dichiarazione completa 21 gennaio 2025 Buonasera, Oggi si celebra il 473\u00b0 giorno [&hellip;]","og_url":"https:\/\/www.italiaisraele.org\/?p=3455","og_site_name":"Federazione Associazioni Italia Israele","article_publisher":"https:\/\/www.facebook.com\/Federazione.Associazioni.Italia.Israele","article_published_time":"2025-01-22T08:36:09+00:00","article_modified_time":"2025-02-04T10:54:17+00:00","og_image":[{"width":1320,"height":880,"url":"https:\/\/www.italiaisraele.org\/wp-content\/uploads\/2025\/01\/Herzi-Halevi-1.jpeg","type":"image\/jpeg"}],"author":"Bruno Gazzo","twitter_card":"summary_large_image","twitter_misc":{"Scritto da":"Bruno Gazzo","Tempo di lettura stimato":"11 minuti"},"schema":{"@context":"https:\/\/schema.org","@graph":[{"@type":"Article","@id":"https:\/\/www.italiaisraele.org\/?p=3455#article","isPartOf":{"@id":"https:\/\/www.italiaisraele.org\/?p=3455"},"author":{"name":"Bruno Gazzo","@id":"https:\/\/www.italiaisraele.org\/#\/schema\/person\/ca7cc9c8d094db3eef4f16dbefc18ed3"},"headline":"DICHIARAZIONE DEL CAPO DI STATO MAGGIORE LTG HERZI HALEVI: &#8220;Mi assumo la responsabilit\u00e0 del fallimento dell&#8217;IDF. Mi assumo anche la responsabilit\u00e0 dei suoi successi.&#8221;","datePublished":"2025-01-22T08:36:09+00:00","dateModified":"2025-02-04T10:54:17+00:00","mainEntityOfPage":{"@id":"https:\/\/www.italiaisraele.org\/?p=3455"},"wordCount":1854,"commentCount":3,"publisher":{"@id":"https:\/\/www.italiaisraele.org\/#organization"},"image":{"@id":"https:\/\/www.italiaisraele.org\/?p=3455#primaryimage"},"thumbnailUrl":"https:\/\/www.italiaisraele.org\/wp-content\/uploads\/2025\/01\/Herzi-Halevi-1.jpeg","keywords":["defense","Forces","Halevi","herzi","Idf","israel","Israele"],"articleSection":["Approfondimenti","Attualit\u00e0","News"],"inLanguage":"it-IT","potentialAction":[{"@type":"CommentAction","name":"Comment","target":["https:\/\/www.italiaisraele.org\/?p=3455#respond"]}]},{"@type":"WebPage","@id":"https:\/\/www.italiaisraele.org\/?p=3455","url":"https:\/\/www.italiaisraele.org\/?p=3455","name":"DICHIARAZIONE DEL CAPO DI STATO MAGGIORE LTG HERZI HALEVI: \"Mi assumo la responsabilit\u00e0 del fallimento dell'IDF. Mi assumo anche la responsabilit\u00e0 dei suoi successi.\" - Federazione Associazioni Italia Israele","isPartOf":{"@id":"https:\/\/www.italiaisraele.org\/#website"},"primaryImageOfPage":{"@id":"https:\/\/www.italiaisraele.org\/?p=3455#primaryimage"},"image":{"@id":"https:\/\/www.italiaisraele.org\/?p=3455#primaryimage"},"thumbnailUrl":"https:\/\/www.italiaisraele.org\/wp-content\/uploads\/2025\/01\/Herzi-Halevi-1.jpeg","datePublished":"2025-01-22T08:36:09+00:00","dateModified":"2025-02-04T10:54:17+00:00","breadcrumb":{"@id":"https:\/\/www.italiaisraele.org\/?p=3455#breadcrumb"},"inLanguage":"it-IT","potentialAction":[{"@type":"ReadAction","target":["https:\/\/www.italiaisraele.org\/?p=3455"]}]},{"@type":"ImageObject","inLanguage":"it-IT","@id":"https:\/\/www.italiaisraele.org\/?p=3455#primaryimage","url":"https:\/\/www.italiaisraele.org\/wp-content\/uploads\/2025\/01\/Herzi-Halevi-1.jpeg","contentUrl":"https:\/\/www.italiaisraele.org\/wp-content\/uploads\/2025\/01\/Herzi-Halevi-1.jpeg","width":1320,"height":880},{"@type":"BreadcrumbList","@id":"https:\/\/www.italiaisraele.org\/?p=3455#breadcrumb","itemListElement":[{"@type":"ListItem","position":1,"name":"Home","item":"https:\/\/www.italiaisraele.org\/"},{"@type":"ListItem","position":2,"name":"DICHIARAZIONE DEL CAPO DI STATO MAGGIORE LTG HERZI HALEVI: &#8220;Mi assumo la responsabilit\u00e0 del fallimento dell&#8217;IDF. Mi assumo anche la responsabilit\u00e0 dei suoi successi.&#8221;"}]},{"@type":"WebSite","@id":"https:\/\/www.italiaisraele.org\/#website","url":"https:\/\/www.italiaisraele.org\/","name":"News Italia - Israele","description":"Italia Israele Today - Magazine","publisher":{"@id":"https:\/\/www.italiaisraele.org\/#organization"},"potentialAction":[{"@type":"SearchAction","target":{"@type":"EntryPoint","urlTemplate":"https:\/\/www.italiaisraele.org\/?s={search_term_string}"},"query-input":{"@type":"PropertyValueSpecification","valueRequired":true,"valueName":"search_term_string"}}],"inLanguage":"it-IT"},{"@type":"Organization","@id":"https:\/\/www.italiaisraele.org\/#organization","name":"News Italia - Israele","url":"https:\/\/www.italiaisraele.org\/","logo":{"@type":"ImageObject","inLanguage":"it-IT","@id":"https:\/\/www.italiaisraele.org\/#\/schema\/logo\/image\/","url":"https:\/\/www.italiaisraele.org\/wp-content\/uploads\/2024\/02\/cropped-cropped-TESTATA-NEWS-2.jpg","contentUrl":"https:\/\/www.italiaisraele.org\/wp-content\/uploads\/2024\/02\/cropped-cropped-TESTATA-NEWS-2.jpg","width":1918,"height":291,"caption":"News Italia - Israele"},"image":{"@id":"https:\/\/www.italiaisraele.org\/#\/schema\/logo\/image\/"},"sameAs":["https:\/\/www.facebook.com\/Federazione.Associazioni.Italia.Israele"]},{"@type":"Person","@id":"https:\/\/www.italiaisraele.org\/#\/schema\/person\/ca7cc9c8d094db3eef4f16dbefc18ed3","name":"Bruno Gazzo","image":{"@type":"ImageObject","inLanguage":"it-IT","@id":"https:\/\/secure.gravatar.com\/avatar\/8a4cc31affa5be6d5fd1d91959e3c73e4592507ef1d01c1a32e30a77aa84297c?s=96&d=mm&r=g","url":"https:\/\/secure.gravatar.com\/avatar\/8a4cc31affa5be6d5fd1d91959e3c73e4592507ef1d01c1a32e30a77aa84297c?s=96&d=mm&r=g","contentUrl":"https:\/\/secure.gravatar.com\/avatar\/8a4cc31affa5be6d5fd1d91959e3c73e4592507ef1d01c1a32e30a77aa84297c?s=96&d=mm&r=g","caption":"Bruno Gazzo"},"url":"https:\/\/www.italiaisraele.org\/?author=3"}]}},"_links":{"self":[{"href":"https:\/\/www.italiaisraele.org\/index.php?rest_route=\/wp\/v2\/posts\/3455","targetHints":{"allow":["GET"]}}],"collection":[{"href":"https:\/\/www.italiaisraele.org\/index.php?rest_route=\/wp\/v2\/posts"}],"about":[{"href":"https:\/\/www.italiaisraele.org\/index.php?rest_route=\/wp\/v2\/types\/post"}],"author":[{"embeddable":true,"href":"https:\/\/www.italiaisraele.org\/index.php?rest_route=\/wp\/v2\/users\/3"}],"replies":[{"embeddable":true,"href":"https:\/\/www.italiaisraele.org\/index.php?rest_route=%2Fwp%2Fv2%2Fcomments&post=3455"}],"version-history":[{"count":0,"href":"https:\/\/www.italiaisraele.org\/index.php?rest_route=\/wp\/v2\/posts\/3455\/revisions"}],"wp:featuredmedia":[{"embeddable":true,"href":"https:\/\/www.italiaisraele.org\/index.php?rest_route=\/wp\/v2\/media\/3456"}],"wp:attachment":[{"href":"https:\/\/www.italiaisraele.org\/index.php?rest_route=%2Fwp%2Fv2%2Fmedia&parent=3455"}],"wp:term":[{"taxonomy":"category","embeddable":true,"href":"https:\/\/www.italiaisraele.org\/index.php?rest_route=%2Fwp%2Fv2%2Fcategories&post=3455"},{"taxonomy":"post_tag","embeddable":true,"href":"https:\/\/www.italiaisraele.org\/index.php?rest_route=%2Fwp%2Fv2%2Ftags&post=3455"}],"curies":[{"name":"wp","href":"https:\/\/api.w.org\/{rel}","templated":true}]}}