{"id":344,"date":"2024-03-10T19:59:42","date_gmt":"2024-03-10T18:59:42","guid":{"rendered":"https:\/\/www.italiaisraele.org\/?p=344"},"modified":"2024-03-10T20:28:14","modified_gmt":"2024-03-10T19:28:14","slug":"friuli-il-museo-ebraico-di-san-daniele","status":"publish","type":"post","link":"https:\/\/www.italiaisraele.org\/?p=344","title":{"rendered":"Friuli, il Museo Ebraico di San Daniele"},"content":{"rendered":"\n<p>Dalla met\u00e0 del XV\u00b0 secolo fino al XX\u00b0  inoltrato , la cittadina di San Daniele del Friuli<br>ha ospitato una significativa Comunit\u00e0 ebraica , che inizialmente fu attiva nel<br>prestito: dalla prima condotta (1547), risulta che il feneratore fosse obbligato a tenere<br>i pegni 15 mesi e, in seguito, a venderli a suo beneplacito al pubblico incanto.<br>Ma gli ebrei di San Daniele erano attivi anche nel commercio dei cereali e in quello dei<br>bozzoli dei bachi da seta.<br>Inoltre, gli israeliti gestivano negozi con ogni genere di merce e curavano il bestiame<br>e le terre prese in affitto \u00c8\u00a0 attestata anche la presenza di un orefice e di alcuni\u00a0<br>prestigiosi medici, laureati con speciali permessi dall\u2019Universit\u00e0 di Padova.<br>Verso la seconda met\u00e0 del XVIII secolo, essi furono poi molto attivi nello smercio del<br>tabacco.<br>In conclusione, a San Daniele gli ebrei vivevano in discrete condizioni economiche e<br>non erano costretti in un\u00a0ghetto;\u00a0infatti\u00a0\u00a0le loro abitazioni erano distribuite tra diversi<br>borghi della cittadina . A testimonianza del suo peso e del prestigio nell\u2019ambito<br>dell\u2019Ebraismo friulano, questa comunit\u00e0 ebbe una Sinagoga e un Cimitero , tutt&#8217;ora<br>in funzione.<br>Quando di recente la Sinagoga fu abbattuta per ragioni urbanistiche, i suoi<br>arredi furono trasferiti a Gerusalemme presso il Museo Nahon annesso al Tempio di<br>rito italiano.<br>Per lunghi anni la plurisecolare presenza ebraica a San Daniele \u00e8 stata testimoniata<br>solo dal Cimitero e da qualche fotografia presso il locale Museo del Territorio.<br>Nel 2022 &#8216;amministrazione comunale, rieletta nel 2023, ha ritenuto invece di<br>valorizzare maggiormente la sezione ebraica del suddetto Museo affidando alla<br>Associazione Italia-Israele del Friuli, nella persona del Presidente Giorgio Linda , il<br>compito di ampliarne la dotazione e di rivitalizzarne l\u2019attivit\u00e0.<br>Grazie all\u2019attivit\u00e0 del presidente Linda, in questi pochi mesi il Museo ha ospitato due Concerti<br>e tre Mostre di pittura, oltre a numerose visite guidate al Cimitero. Nello stesso lasso<br>di tempo sono state fatte delle acquisizioni , in primis un Sefer Torah della fine del<br>XVIII secolo , oltre 250 Agadot e numerosi oggetti liturgici.<br>Durante questa attivit\u00e0 , il Curatore incaricato \u00e8 stato costantemente sostenuto dalla<br>amministrazione civica ed \u00e8 ora auspicabile che i cittadini di San Daniele si<br>riapproprino con orgoglio di questa parte del loro passato. Per presentare dunque<br>queste nuove acquisizioni marted\u00ec 12 febbraio si terr\u00e0 una<br>nuova inaugurazione della rinnovata sezione ebraica.<\/p>\n","protected":false},"excerpt":{"rendered":"<p>Dalla met\u00e0 del XV\u00b0 secolo fino al XX\u00b0 inoltrato , la cittadina di San Daniele del Friuliha ospitato una significativa Comunit\u00e0 ebraica , che inizialmente fu attiva nelprestito: dalla prima condotta (1547), risulta che il feneratore fosse obbligato a tenerei pegni 15 mesi e, in seguito, a venderli a suo beneplacito al pubblico incanto.Ma gli [&hellip;]<\/p>\n","protected":false},"author":4,"featured_media":346,"comment_status":"open","ping_status":"closed","sticky":false,"template":"","format":"standard","meta":{"iawp_total_views":23,"footnotes":""},"categories":[15],"tags":[21,23,27],"class_list":["post-344","post","type-post","status-publish","format-standard","has-post-thumbnail","hentry","category-news-associazioni","tag-ebraismo","tag-giorgio-linda","tag-museo-san-daniele"],"yoast_head":"<!-- This site is optimized with the Yoast SEO plugin v27.5 - https:\/\/yoast.com\/product\/yoast-seo-wordpress\/ -->\r\n<title>Friuli, il Museo Ebraico di San Daniele - Federazione Associazioni Italia Israele<\/title>\r\n<meta name=\"robots\" content=\"index, follow, max-snippet:-1, max-image-preview:large, max-video-preview:-1\" \/>\r\n<link rel=\"canonical\" href=\"https:\/\/www.italiaisraele.org\/?p=344\" \/>\r\n<meta property=\"og:locale\" content=\"it_IT\" \/>\r\n<meta property=\"og:type\" content=\"article\" \/>\r\n<meta property=\"og:title\" content=\"Friuli, il Museo Ebraico di San Daniele - Federazione Associazioni Italia Israele\" \/>\r\n<meta property=\"og:description\" content=\"Dalla met\u00e0 del XV\u00b0 secolo fino al XX\u00b0 inoltrato , la cittadina di San Daniele del Friuliha ospitato una significativa Comunit\u00e0 ebraica , che inizialmente fu attiva nelprestito: dalla prima condotta (1547), risulta che il feneratore fosse obbligato a tenerei pegni 15 mesi e, in seguito, a venderli a suo beneplacito al pubblico incanto.Ma gli [&hellip;]\" \/>\r\n<meta property=\"og:url\" content=\"https:\/\/www.italiaisraele.org\/?p=344\" \/>\r\n<meta property=\"og:site_name\" content=\"Federazione Associazioni Italia Israele\" \/>\r\n<meta property=\"article:publisher\" content=\"https:\/\/www.facebook.com\/Federazione.Associazioni.Italia.Israele\" \/>\r\n<meta property=\"article:published_time\" content=\"2024-03-10T18:59:42+00:00\" \/>\r\n<meta property=\"article:modified_time\" content=\"2024-03-10T19:28:14+00:00\" \/>\r\n<meta property=\"og:image\" content=\"https:\/\/www.italiaisraele.org\/wp-content\/uploads\/2024\/03\/sandaniele.jpg\" \/>\r\n\t<meta property=\"og:image:width\" content=\"380\" \/>\r\n\t<meta property=\"og:image:height\" content=\"208\" \/>\r\n\t<meta property=\"og:image:type\" content=\"image\/jpeg\" \/>\r\n<meta name=\"author\" content=\"Giuseppe Crimaldi\" \/>\r\n<meta name=\"twitter:card\" content=\"summary_large_image\" \/>\r\n<meta name=\"twitter:label1\" content=\"Scritto da\" \/>\n\t<meta name=\"twitter:data1\" content=\"Giuseppe Crimaldi\" \/>\n\t<meta name=\"twitter:label2\" content=\"Tempo di lettura stimato\" \/>\n\t<meta name=\"twitter:data2\" content=\"3 minuti\" \/>\r\n<script type=\"application\/ld+json\" class=\"yoast-schema-graph\">{\"@context\":\"https:\\\/\\\/schema.org\",\"@graph\":[{\"@type\":\"Article\",\"@id\":\"https:\\\/\\\/www.italiaisraele.org\\\/?p=344#article\",\"isPartOf\":{\"@id\":\"https:\\\/\\\/www.italiaisraele.org\\\/?p=344\"},\"author\":{\"name\":\"Giuseppe Crimaldi\",\"@id\":\"https:\\\/\\\/www.italiaisraele.org\\\/#\\\/schema\\\/person\\\/7784c17a23e6ef9cb737f3192f043fab\"},\"headline\":\"Friuli, il Museo Ebraico di San Daniele\",\"datePublished\":\"2024-03-10T18:59:42+00:00\",\"dateModified\":\"2024-03-10T19:28:14+00:00\",\"mainEntityOfPage\":{\"@id\":\"https:\\\/\\\/www.italiaisraele.org\\\/?p=344\"},\"wordCount\":364,\"commentCount\":0,\"publisher\":{\"@id\":\"https:\\\/\\\/www.italiaisraele.org\\\/#organization\"},\"image\":{\"@id\":\"https:\\\/\\\/www.italiaisraele.org\\\/?p=344#primaryimage\"},\"thumbnailUrl\":\"https:\\\/\\\/www.italiaisraele.org\\\/wp-content\\\/uploads\\\/2024\\\/03\\\/sandaniele.jpg\",\"keywords\":[\"Ebraismo\",\"Giorgio Linda\",\"Museo san Daniele\"],\"articleSection\":[\"News Associazioni\"],\"inLanguage\":\"it-IT\",\"potentialAction\":[{\"@type\":\"CommentAction\",\"name\":\"Comment\",\"target\":[\"https:\\\/\\\/www.italiaisraele.org\\\/?p=344#respond\"]}]},{\"@type\":\"WebPage\",\"@id\":\"https:\\\/\\\/www.italiaisraele.org\\\/?p=344\",\"url\":\"https:\\\/\\\/www.italiaisraele.org\\\/?p=344\",\"name\":\"Friuli, il Museo Ebraico di San Daniele - Federazione Associazioni Italia Israele\",\"isPartOf\":{\"@id\":\"https:\\\/\\\/www.italiaisraele.org\\\/#website\"},\"primaryImageOfPage\":{\"@id\":\"https:\\\/\\\/www.italiaisraele.org\\\/?p=344#primaryimage\"},\"image\":{\"@id\":\"https:\\\/\\\/www.italiaisraele.org\\\/?p=344#primaryimage\"},\"thumbnailUrl\":\"https:\\\/\\\/www.italiaisraele.org\\\/wp-content\\\/uploads\\\/2024\\\/03\\\/sandaniele.jpg\",\"datePublished\":\"2024-03-10T18:59:42+00:00\",\"dateModified\":\"2024-03-10T19:28:14+00:00\",\"breadcrumb\":{\"@id\":\"https:\\\/\\\/www.italiaisraele.org\\\/?p=344#breadcrumb\"},\"inLanguage\":\"it-IT\",\"potentialAction\":[{\"@type\":\"ReadAction\",\"target\":[\"https:\\\/\\\/www.italiaisraele.org\\\/?p=344\"]}]},{\"@type\":\"ImageObject\",\"inLanguage\":\"it-IT\",\"@id\":\"https:\\\/\\\/www.italiaisraele.org\\\/?p=344#primaryimage\",\"url\":\"https:\\\/\\\/www.italiaisraele.org\\\/wp-content\\\/uploads\\\/2024\\\/03\\\/sandaniele.jpg\",\"contentUrl\":\"https:\\\/\\\/www.italiaisraele.org\\\/wp-content\\\/uploads\\\/2024\\\/03\\\/sandaniele.jpg\",\"width\":380,\"height\":208},{\"@type\":\"BreadcrumbList\",\"@id\":\"https:\\\/\\\/www.italiaisraele.org\\\/?p=344#breadcrumb\",\"itemListElement\":[{\"@type\":\"ListItem\",\"position\":1,\"name\":\"Home\",\"item\":\"https:\\\/\\\/www.italiaisraele.org\\\/\"},{\"@type\":\"ListItem\",\"position\":2,\"name\":\"Friuli, il Museo Ebraico di San Daniele\"}]},{\"@type\":\"WebSite\",\"@id\":\"https:\\\/\\\/www.italiaisraele.org\\\/#website\",\"url\":\"https:\\\/\\\/www.italiaisraele.org\\\/\",\"name\":\"News Italia - Israele\",\"description\":\"Italia Israele Today - Magazine\",\"publisher\":{\"@id\":\"https:\\\/\\\/www.italiaisraele.org\\\/#organization\"},\"potentialAction\":[{\"@type\":\"SearchAction\",\"target\":{\"@type\":\"EntryPoint\",\"urlTemplate\":\"https:\\\/\\\/www.italiaisraele.org\\\/?s={search_term_string}\"},\"query-input\":{\"@type\":\"PropertyValueSpecification\",\"valueRequired\":true,\"valueName\":\"search_term_string\"}}],\"inLanguage\":\"it-IT\"},{\"@type\":\"Organization\",\"@id\":\"https:\\\/\\\/www.italiaisraele.org\\\/#organization\",\"name\":\"News Italia - Israele\",\"url\":\"https:\\\/\\\/www.italiaisraele.org\\\/\",\"logo\":{\"@type\":\"ImageObject\",\"inLanguage\":\"it-IT\",\"@id\":\"https:\\\/\\\/www.italiaisraele.org\\\/#\\\/schema\\\/logo\\\/image\\\/\",\"url\":\"https:\\\/\\\/www.italiaisraele.org\\\/wp-content\\\/uploads\\\/2024\\\/02\\\/cropped-cropped-TESTATA-NEWS-2.jpg\",\"contentUrl\":\"https:\\\/\\\/www.italiaisraele.org\\\/wp-content\\\/uploads\\\/2024\\\/02\\\/cropped-cropped-TESTATA-NEWS-2.jpg\",\"width\":1918,\"height\":291,\"caption\":\"News Italia - Israele\"},\"image\":{\"@id\":\"https:\\\/\\\/www.italiaisraele.org\\\/#\\\/schema\\\/logo\\\/image\\\/\"},\"sameAs\":[\"https:\\\/\\\/www.facebook.com\\\/Federazione.Associazioni.Italia.Israele\"]},{\"@type\":\"Person\",\"@id\":\"https:\\\/\\\/www.italiaisraele.org\\\/#\\\/schema\\\/person\\\/7784c17a23e6ef9cb737f3192f043fab\",\"name\":\"Giuseppe Crimaldi\",\"image\":{\"@type\":\"ImageObject\",\"inLanguage\":\"it-IT\",\"@id\":\"https:\\\/\\\/secure.gravatar.com\\\/avatar\\\/a6ddf67481d5d5efef9847e6f4c99a77e7129e93382ea6de1e9ea96b8deec707?s=96&d=mm&r=g\",\"url\":\"https:\\\/\\\/secure.gravatar.com\\\/avatar\\\/a6ddf67481d5d5efef9847e6f4c99a77e7129e93382ea6de1e9ea96b8deec707?s=96&d=mm&r=g\",\"contentUrl\":\"https:\\\/\\\/secure.gravatar.com\\\/avatar\\\/a6ddf67481d5d5efef9847e6f4c99a77e7129e93382ea6de1e9ea96b8deec707?s=96&d=mm&r=g\",\"caption\":\"Giuseppe Crimaldi\"},\"url\":\"https:\\\/\\\/www.italiaisraele.org\\\/?author=4\"}]}<\/script>\r\n<!-- \/ Yoast SEO plugin. -->","yoast_head_json":{"title":"Friuli, il Museo Ebraico di San Daniele - Federazione Associazioni Italia Israele","robots":{"index":"index","follow":"follow","max-snippet":"max-snippet:-1","max-image-preview":"max-image-preview:large","max-video-preview":"max-video-preview:-1"},"canonical":"https:\/\/www.italiaisraele.org\/?p=344","og_locale":"it_IT","og_type":"article","og_title":"Friuli, il Museo Ebraico di San Daniele - Federazione Associazioni Italia Israele","og_description":"Dalla met\u00e0 del XV\u00b0 secolo fino al XX\u00b0 inoltrato , la cittadina di San Daniele del Friuliha ospitato una significativa Comunit\u00e0 ebraica , che inizialmente fu attiva nelprestito: dalla prima condotta (1547), risulta che il feneratore fosse obbligato a tenerei pegni 15 mesi e, in seguito, a venderli a suo beneplacito al pubblico incanto.Ma gli [&hellip;]","og_url":"https:\/\/www.italiaisraele.org\/?p=344","og_site_name":"Federazione Associazioni Italia Israele","article_publisher":"https:\/\/www.facebook.com\/Federazione.Associazioni.Italia.Israele","article_published_time":"2024-03-10T18:59:42+00:00","article_modified_time":"2024-03-10T19:28:14+00:00","og_image":[{"width":380,"height":208,"url":"https:\/\/www.italiaisraele.org\/wp-content\/uploads\/2024\/03\/sandaniele.jpg","type":"image\/jpeg"}],"author":"Giuseppe Crimaldi","twitter_card":"summary_large_image","twitter_misc":{"Scritto da":"Giuseppe Crimaldi","Tempo di lettura stimato":"3 minuti"},"schema":{"@context":"https:\/\/schema.org","@graph":[{"@type":"Article","@id":"https:\/\/www.italiaisraele.org\/?p=344#article","isPartOf":{"@id":"https:\/\/www.italiaisraele.org\/?p=344"},"author":{"name":"Giuseppe Crimaldi","@id":"https:\/\/www.italiaisraele.org\/#\/schema\/person\/7784c17a23e6ef9cb737f3192f043fab"},"headline":"Friuli, il Museo Ebraico di San Daniele","datePublished":"2024-03-10T18:59:42+00:00","dateModified":"2024-03-10T19:28:14+00:00","mainEntityOfPage":{"@id":"https:\/\/www.italiaisraele.org\/?p=344"},"wordCount":364,"commentCount":0,"publisher":{"@id":"https:\/\/www.italiaisraele.org\/#organization"},"image":{"@id":"https:\/\/www.italiaisraele.org\/?p=344#primaryimage"},"thumbnailUrl":"https:\/\/www.italiaisraele.org\/wp-content\/uploads\/2024\/03\/sandaniele.jpg","keywords":["Ebraismo","Giorgio Linda","Museo san Daniele"],"articleSection":["News Associazioni"],"inLanguage":"it-IT","potentialAction":[{"@type":"CommentAction","name":"Comment","target":["https:\/\/www.italiaisraele.org\/?p=344#respond"]}]},{"@type":"WebPage","@id":"https:\/\/www.italiaisraele.org\/?p=344","url":"https:\/\/www.italiaisraele.org\/?p=344","name":"Friuli, il Museo Ebraico di San Daniele - Federazione Associazioni Italia Israele","isPartOf":{"@id":"https:\/\/www.italiaisraele.org\/#website"},"primaryImageOfPage":{"@id":"https:\/\/www.italiaisraele.org\/?p=344#primaryimage"},"image":{"@id":"https:\/\/www.italiaisraele.org\/?p=344#primaryimage"},"thumbnailUrl":"https:\/\/www.italiaisraele.org\/wp-content\/uploads\/2024\/03\/sandaniele.jpg","datePublished":"2024-03-10T18:59:42+00:00","dateModified":"2024-03-10T19:28:14+00:00","breadcrumb":{"@id":"https:\/\/www.italiaisraele.org\/?p=344#breadcrumb"},"inLanguage":"it-IT","potentialAction":[{"@type":"ReadAction","target":["https:\/\/www.italiaisraele.org\/?p=344"]}]},{"@type":"ImageObject","inLanguage":"it-IT","@id":"https:\/\/www.italiaisraele.org\/?p=344#primaryimage","url":"https:\/\/www.italiaisraele.org\/wp-content\/uploads\/2024\/03\/sandaniele.jpg","contentUrl":"https:\/\/www.italiaisraele.org\/wp-content\/uploads\/2024\/03\/sandaniele.jpg","width":380,"height":208},{"@type":"BreadcrumbList","@id":"https:\/\/www.italiaisraele.org\/?p=344#breadcrumb","itemListElement":[{"@type":"ListItem","position":1,"name":"Home","item":"https:\/\/www.italiaisraele.org\/"},{"@type":"ListItem","position":2,"name":"Friuli, il Museo Ebraico di San Daniele"}]},{"@type":"WebSite","@id":"https:\/\/www.italiaisraele.org\/#website","url":"https:\/\/www.italiaisraele.org\/","name":"News Italia - Israele","description":"Italia Israele Today - Magazine","publisher":{"@id":"https:\/\/www.italiaisraele.org\/#organization"},"potentialAction":[{"@type":"SearchAction","target":{"@type":"EntryPoint","urlTemplate":"https:\/\/www.italiaisraele.org\/?s={search_term_string}"},"query-input":{"@type":"PropertyValueSpecification","valueRequired":true,"valueName":"search_term_string"}}],"inLanguage":"it-IT"},{"@type":"Organization","@id":"https:\/\/www.italiaisraele.org\/#organization","name":"News Italia - Israele","url":"https:\/\/www.italiaisraele.org\/","logo":{"@type":"ImageObject","inLanguage":"it-IT","@id":"https:\/\/www.italiaisraele.org\/#\/schema\/logo\/image\/","url":"https:\/\/www.italiaisraele.org\/wp-content\/uploads\/2024\/02\/cropped-cropped-TESTATA-NEWS-2.jpg","contentUrl":"https:\/\/www.italiaisraele.org\/wp-content\/uploads\/2024\/02\/cropped-cropped-TESTATA-NEWS-2.jpg","width":1918,"height":291,"caption":"News Italia - Israele"},"image":{"@id":"https:\/\/www.italiaisraele.org\/#\/schema\/logo\/image\/"},"sameAs":["https:\/\/www.facebook.com\/Federazione.Associazioni.Italia.Israele"]},{"@type":"Person","@id":"https:\/\/www.italiaisraele.org\/#\/schema\/person\/7784c17a23e6ef9cb737f3192f043fab","name":"Giuseppe Crimaldi","image":{"@type":"ImageObject","inLanguage":"it-IT","@id":"https:\/\/secure.gravatar.com\/avatar\/a6ddf67481d5d5efef9847e6f4c99a77e7129e93382ea6de1e9ea96b8deec707?s=96&d=mm&r=g","url":"https:\/\/secure.gravatar.com\/avatar\/a6ddf67481d5d5efef9847e6f4c99a77e7129e93382ea6de1e9ea96b8deec707?s=96&d=mm&r=g","contentUrl":"https:\/\/secure.gravatar.com\/avatar\/a6ddf67481d5d5efef9847e6f4c99a77e7129e93382ea6de1e9ea96b8deec707?s=96&d=mm&r=g","caption":"Giuseppe Crimaldi"},"url":"https:\/\/www.italiaisraele.org\/?author=4"}]}},"_links":{"self":[{"href":"https:\/\/www.italiaisraele.org\/index.php?rest_route=\/wp\/v2\/posts\/344","targetHints":{"allow":["GET"]}}],"collection":[{"href":"https:\/\/www.italiaisraele.org\/index.php?rest_route=\/wp\/v2\/posts"}],"about":[{"href":"https:\/\/www.italiaisraele.org\/index.php?rest_route=\/wp\/v2\/types\/post"}],"author":[{"embeddable":true,"href":"https:\/\/www.italiaisraele.org\/index.php?rest_route=\/wp\/v2\/users\/4"}],"replies":[{"embeddable":true,"href":"https:\/\/www.italiaisraele.org\/index.php?rest_route=%2Fwp%2Fv2%2Fcomments&post=344"}],"version-history":[{"count":0,"href":"https:\/\/www.italiaisraele.org\/index.php?rest_route=\/wp\/v2\/posts\/344\/revisions"}],"wp:featuredmedia":[{"embeddable":true,"href":"https:\/\/www.italiaisraele.org\/index.php?rest_route=\/wp\/v2\/media\/346"}],"wp:attachment":[{"href":"https:\/\/www.italiaisraele.org\/index.php?rest_route=%2Fwp%2Fv2%2Fmedia&parent=344"}],"wp:term":[{"taxonomy":"category","embeddable":true,"href":"https:\/\/www.italiaisraele.org\/index.php?rest_route=%2Fwp%2Fv2%2Fcategories&post=344"},{"taxonomy":"post_tag","embeddable":true,"href":"https:\/\/www.italiaisraele.org\/index.php?rest_route=%2Fwp%2Fv2%2Ftags&post=344"}],"curies":[{"name":"wp","href":"https:\/\/api.w.org\/{rel}","templated":true}]}}