{"id":3150,"date":"2024-11-28T15:29:35","date_gmt":"2024-11-28T14:29:35","guid":{"rendered":"https:\/\/www.italiaisraele.org\/?p=3150"},"modified":"2024-11-28T16:30:50","modified_gmt":"2024-11-28T15:30:50","slug":"tre-fronti1_-puntata-due-gaza","status":"publish","type":"post","link":"https:\/\/www.italiaisraele.org\/?p=3150","title":{"rendered":"TRE FRONTI+1_ PUNTATA DUE: GAZA"},"content":{"rendered":"\n<p>Ciao a tutti e benvenuti a &#8220;Tre fronti+1: la guerra in Israele da tutti i lati&#8221;.<br>Sono Elisa Garfagna e insieme al giornalista e saggista Stefano Piazza esploreremo le complesse dinamiche del conflitto tra Israele e il mondo arabo. Questo podcast nasce dalla necessit\u00e0 di andare oltre i titoli sensazionalistici, cercando di comprendere le realt\u00e0 profonde che si celano dietro le notizie.<br>Il 7 ottobre 2023 ha segnato una data tragica non solo per Israele, ma per l\u2019intera umanit\u00e0, evocando riflessioni sul pericolo dell\u2019odio e sul pregiudizio. Questo evento ha sollevato domande critiche riguardo alle responsabilit\u00e0 individuali e collettive di fronte al male. All\u2019inizio, la comunit\u00e0 internazionale ha mostrato solidariet\u00e0 verso Israele, ma man mano che la situazione si \u00e8 evoluta, la narrazione mediatica ha spesso presentato una visione distorta, talvolta accettando senza riserve le comunicazioni di Hamas, che spesso si sono rivelate fuorvianti.<br>Nel corso delle nostre dieci puntate, ci addentreremo in vari aspetti di questo conflitto. Nella prima puntata, faremo un riassunto degli eventi che hanno avuto luogo in Israele dal 7 ottobre fino ad oggi, analizzando le cause e le conseguenze di questa nuova ondata di tensione.<\/p>\n\n\n\n<p>Le puntate due e tre saranno dedicate a Gaza, dove esploreremo le condizioni di vita, il contesto storico e le implicazioni politiche di quest\u2019area complessa. Nelle puntate quattro e cinque, ci sposteremo in Libano per analizzare il ruolo di Hezbollah e le tensioni regionali che ne derivano. Nelle puntate sei e sette, ci concentreremo sull\u2019Iran, valutando il suo coinvolgimento nel conflitto e le sue conseguenze globali.<\/p>\n\n\n\n<p>Un aspetto cruciale che tratteremo sono le dinamiche della guerra dell&#8217;informazione. Nelle puntate otto e nove, discuteremo come le fake news e la disinformazione stiano influenzando la percezione pubblica del conflitto, con i social media che si trasformano in un vero e proprio campo di battaglia per le narrazioni.<\/p>\n\n\n\n<p>Concluderemo la serie con un episodio bonus, in cui intervisteremo un esperto di geopolitica per discutere delle possibili soluzioni alla crisi attuale.<\/p>\n\n\n\n<p>In questa puntata parleremo di Gaza. <\/p>\n\n\n\n<p>Buon ascolto!<\/p>\n\n\n\n<p><a href=\"https:\/\/open.spreaker.com\/QKonYWeqrkgNbtts7\">https:\/\/open.spreaker.com\/QKonYWeqrkgNbtts7<\/a><\/p>\n\n\n\n<p><\/p>\n\n\n\n<figure class=\"wp-block-embed\"><div class=\"wp-block-embed__wrapper\">\nhttps:\/\/open.spreaker.com\/QKonYWeqrkgNbtts7\n<\/div><\/figure>\n\n\n\n<p><\/p>\n","protected":false},"excerpt":{"rendered":"<p>Ciao a tutti e benvenuti a &#8220;Tre fronti+1: la guerra in Israele da tutti i lati&#8221;.Sono Elisa Garfagna e insieme al giornalista e saggista Stefano Piazza esploreremo le complesse dinamiche del conflitto tra Israele e il mondo arabo. Questo podcast nasce dalla necessit\u00e0 di andare oltre i titoli sensazionalistici, cercando di comprendere le realt\u00e0 profonde [&hellip;]<\/p>\n","protected":false},"author":2,"featured_media":2761,"comment_status":"open","ping_status":"open","sticky":false,"template":"","format":"standard","meta":{"iawp_total_views":123,"footnotes":""},"categories":[33,598],"tags":[79,40,272,18,218,159,134,13,321,20],"class_list":["post-3150","post","type-post","status-publish","format-standard","has-post-thumbnail","hentry","category-approfondimenti","category-podcast","tag-7-ottobre","tag-antisemitismo","tag-federazione-italia-israele-2","tag-hamas","tag-hezbollah","tag-idf","tag-iran","tag-israele","tag-libano","tag-onu"],"yoast_head":"<!-- This site is optimized with the Yoast SEO plugin v27.5 - https:\/\/yoast.com\/product\/yoast-seo-wordpress\/ -->\r\n<title>TRE FRONTI+1_ PUNTATA DUE: GAZA - Federazione Associazioni Italia Israele<\/title>\r\n<meta name=\"robots\" content=\"index, follow, max-snippet:-1, max-image-preview:large, max-video-preview:-1\" \/>\r\n<link rel=\"canonical\" href=\"https:\/\/www.italiaisraele.org\/?p=3150\" \/>\r\n<meta property=\"og:locale\" content=\"it_IT\" \/>\r\n<meta property=\"og:type\" content=\"article\" \/>\r\n<meta property=\"og:title\" content=\"TRE FRONTI+1_ PUNTATA DUE: GAZA - Federazione Associazioni Italia Israele\" \/>\r\n<meta property=\"og:description\" content=\"Ciao a tutti e benvenuti a &#8220;Tre fronti+1: la guerra in Israele da tutti i lati&#8221;.Sono Elisa Garfagna e insieme al giornalista e saggista Stefano Piazza esploreremo le complesse dinamiche del conflitto tra Israele e il mondo arabo. Questo podcast nasce dalla necessit\u00e0 di andare oltre i titoli sensazionalistici, cercando di comprendere le realt\u00e0 profonde [&hellip;]\" \/>\r\n<meta property=\"og:url\" content=\"https:\/\/www.italiaisraele.org\/?p=3150\" \/>\r\n<meta property=\"og:site_name\" content=\"Federazione Associazioni Italia Israele\" \/>\r\n<meta property=\"article:publisher\" content=\"https:\/\/www.facebook.com\/Federazione.Associazioni.Italia.Israele\" \/>\r\n<meta property=\"article:published_time\" content=\"2024-11-28T14:29:35+00:00\" \/>\r\n<meta property=\"article:modified_time\" content=\"2024-11-28T15:30:50+00:00\" \/>\r\n<meta property=\"og:image\" content=\"https:\/\/www.italiaisraele.org\/wp-content\/uploads\/2024\/11\/WhatsApp-Image-2024-10-23-at-16.32.06.jpeg\" \/>\r\n\t<meta property=\"og:image:width\" content=\"1400\" \/>\r\n\t<meta property=\"og:image:height\" content=\"1400\" \/>\r\n\t<meta property=\"og:image:type\" content=\"image\/jpeg\" \/>\r\n<meta name=\"author\" content=\"Redazione\" \/>\r\n<meta name=\"twitter:card\" content=\"summary_large_image\" \/>\r\n<meta name=\"twitter:label1\" content=\"Scritto da\" \/>\n\t<meta name=\"twitter:data1\" content=\"Redazione\" \/>\n\t<meta name=\"twitter:label2\" content=\"Tempo di lettura stimato\" \/>\n\t<meta name=\"twitter:data2\" content=\"2 minuti\" \/>\r\n<script type=\"application\/ld+json\" class=\"yoast-schema-graph\">{\"@context\":\"https:\\\/\\\/schema.org\",\"@graph\":[{\"@type\":\"Article\",\"@id\":\"https:\\\/\\\/www.italiaisraele.org\\\/?p=3150#article\",\"isPartOf\":{\"@id\":\"https:\\\/\\\/www.italiaisraele.org\\\/?p=3150\"},\"author\":{\"name\":\"Redazione\",\"@id\":\"https:\\\/\\\/www.italiaisraele.org\\\/#\\\/schema\\\/person\\\/a58663d7e92468eb3e7d158e016946cd\"},\"headline\":\"TRE FRONTI+1_ PUNTATA DUE: GAZA\",\"datePublished\":\"2024-11-28T14:29:35+00:00\",\"dateModified\":\"2024-11-28T15:30:50+00:00\",\"mainEntityOfPage\":{\"@id\":\"https:\\\/\\\/www.italiaisraele.org\\\/?p=3150\"},\"wordCount\":352,\"commentCount\":0,\"publisher\":{\"@id\":\"https:\\\/\\\/www.italiaisraele.org\\\/#organization\"},\"image\":{\"@id\":\"https:\\\/\\\/www.italiaisraele.org\\\/?p=3150#primaryimage\"},\"thumbnailUrl\":\"https:\\\/\\\/www.italiaisraele.org\\\/wp-content\\\/uploads\\\/2024\\\/11\\\/WhatsApp-Image-2024-10-23-at-16.32.06.jpeg\",\"keywords\":[\"7 ottobre\",\"Antisemitismo\",\"Federazione Italia-Israele\",\"hamas\",\"Hezbollah\",\"Idf\",\"Iran\",\"Israele\",\"Libano\",\"Onu\"],\"articleSection\":[\"Approfondimenti\",\"Podcast\"],\"inLanguage\":\"it-IT\",\"potentialAction\":[{\"@type\":\"CommentAction\",\"name\":\"Comment\",\"target\":[\"https:\\\/\\\/www.italiaisraele.org\\\/?p=3150#respond\"]}]},{\"@type\":\"WebPage\",\"@id\":\"https:\\\/\\\/www.italiaisraele.org\\\/?p=3150\",\"url\":\"https:\\\/\\\/www.italiaisraele.org\\\/?p=3150\",\"name\":\"TRE FRONTI+1_ PUNTATA DUE: GAZA - Federazione Associazioni Italia Israele\",\"isPartOf\":{\"@id\":\"https:\\\/\\\/www.italiaisraele.org\\\/#website\"},\"primaryImageOfPage\":{\"@id\":\"https:\\\/\\\/www.italiaisraele.org\\\/?p=3150#primaryimage\"},\"image\":{\"@id\":\"https:\\\/\\\/www.italiaisraele.org\\\/?p=3150#primaryimage\"},\"thumbnailUrl\":\"https:\\\/\\\/www.italiaisraele.org\\\/wp-content\\\/uploads\\\/2024\\\/11\\\/WhatsApp-Image-2024-10-23-at-16.32.06.jpeg\",\"datePublished\":\"2024-11-28T14:29:35+00:00\",\"dateModified\":\"2024-11-28T15:30:50+00:00\",\"breadcrumb\":{\"@id\":\"https:\\\/\\\/www.italiaisraele.org\\\/?p=3150#breadcrumb\"},\"inLanguage\":\"it-IT\",\"potentialAction\":[{\"@type\":\"ReadAction\",\"target\":[\"https:\\\/\\\/www.italiaisraele.org\\\/?p=3150\"]}]},{\"@type\":\"ImageObject\",\"inLanguage\":\"it-IT\",\"@id\":\"https:\\\/\\\/www.italiaisraele.org\\\/?p=3150#primaryimage\",\"url\":\"https:\\\/\\\/www.italiaisraele.org\\\/wp-content\\\/uploads\\\/2024\\\/11\\\/WhatsApp-Image-2024-10-23-at-16.32.06.jpeg\",\"contentUrl\":\"https:\\\/\\\/www.italiaisraele.org\\\/wp-content\\\/uploads\\\/2024\\\/11\\\/WhatsApp-Image-2024-10-23-at-16.32.06.jpeg\",\"width\":1400,\"height\":1400},{\"@type\":\"BreadcrumbList\",\"@id\":\"https:\\\/\\\/www.italiaisraele.org\\\/?p=3150#breadcrumb\",\"itemListElement\":[{\"@type\":\"ListItem\",\"position\":1,\"name\":\"Home\",\"item\":\"https:\\\/\\\/www.italiaisraele.org\\\/\"},{\"@type\":\"ListItem\",\"position\":2,\"name\":\"TRE FRONTI+1_ PUNTATA DUE: GAZA\"}]},{\"@type\":\"WebSite\",\"@id\":\"https:\\\/\\\/www.italiaisraele.org\\\/#website\",\"url\":\"https:\\\/\\\/www.italiaisraele.org\\\/\",\"name\":\"News Italia - Israele\",\"description\":\"Italia Israele Today - Magazine\",\"publisher\":{\"@id\":\"https:\\\/\\\/www.italiaisraele.org\\\/#organization\"},\"potentialAction\":[{\"@type\":\"SearchAction\",\"target\":{\"@type\":\"EntryPoint\",\"urlTemplate\":\"https:\\\/\\\/www.italiaisraele.org\\\/?s={search_term_string}\"},\"query-input\":{\"@type\":\"PropertyValueSpecification\",\"valueRequired\":true,\"valueName\":\"search_term_string\"}}],\"inLanguage\":\"it-IT\"},{\"@type\":\"Organization\",\"@id\":\"https:\\\/\\\/www.italiaisraele.org\\\/#organization\",\"name\":\"News Italia - Israele\",\"url\":\"https:\\\/\\\/www.italiaisraele.org\\\/\",\"logo\":{\"@type\":\"ImageObject\",\"inLanguage\":\"it-IT\",\"@id\":\"https:\\\/\\\/www.italiaisraele.org\\\/#\\\/schema\\\/logo\\\/image\\\/\",\"url\":\"https:\\\/\\\/www.italiaisraele.org\\\/wp-content\\\/uploads\\\/2024\\\/02\\\/cropped-cropped-TESTATA-NEWS-2.jpg\",\"contentUrl\":\"https:\\\/\\\/www.italiaisraele.org\\\/wp-content\\\/uploads\\\/2024\\\/02\\\/cropped-cropped-TESTATA-NEWS-2.jpg\",\"width\":1918,\"height\":291,\"caption\":\"News Italia - Israele\"},\"image\":{\"@id\":\"https:\\\/\\\/www.italiaisraele.org\\\/#\\\/schema\\\/logo\\\/image\\\/\"},\"sameAs\":[\"https:\\\/\\\/www.facebook.com\\\/Federazione.Associazioni.Italia.Israele\"]},{\"@type\":\"Person\",\"@id\":\"https:\\\/\\\/www.italiaisraele.org\\\/#\\\/schema\\\/person\\\/a58663d7e92468eb3e7d158e016946cd\",\"name\":\"Redazione\",\"image\":{\"@type\":\"ImageObject\",\"inLanguage\":\"it-IT\",\"@id\":\"https:\\\/\\\/secure.gravatar.com\\\/avatar\\\/fe11715b332cc423bb3991a005da4d50b44647eec21b11abddd059d3deafc450?s=96&d=mm&r=g\",\"url\":\"https:\\\/\\\/secure.gravatar.com\\\/avatar\\\/fe11715b332cc423bb3991a005da4d50b44647eec21b11abddd059d3deafc450?s=96&d=mm&r=g\",\"contentUrl\":\"https:\\\/\\\/secure.gravatar.com\\\/avatar\\\/fe11715b332cc423bb3991a005da4d50b44647eec21b11abddd059d3deafc450?s=96&d=mm&r=g\",\"caption\":\"Redazione\"},\"url\":\"https:\\\/\\\/www.italiaisraele.org\\\/?author=2\"}]}<\/script>\r\n<!-- \/ Yoast SEO plugin. -->","yoast_head_json":{"title":"TRE FRONTI+1_ PUNTATA DUE: GAZA - Federazione Associazioni Italia Israele","robots":{"index":"index","follow":"follow","max-snippet":"max-snippet:-1","max-image-preview":"max-image-preview:large","max-video-preview":"max-video-preview:-1"},"canonical":"https:\/\/www.italiaisraele.org\/?p=3150","og_locale":"it_IT","og_type":"article","og_title":"TRE FRONTI+1_ PUNTATA DUE: GAZA - Federazione Associazioni Italia Israele","og_description":"Ciao a tutti e benvenuti a &#8220;Tre fronti+1: la guerra in Israele da tutti i lati&#8221;.Sono Elisa Garfagna e insieme al giornalista e saggista Stefano Piazza esploreremo le complesse dinamiche del conflitto tra Israele e il mondo arabo. Questo podcast nasce dalla necessit\u00e0 di andare oltre i titoli sensazionalistici, cercando di comprendere le realt\u00e0 profonde [&hellip;]","og_url":"https:\/\/www.italiaisraele.org\/?p=3150","og_site_name":"Federazione Associazioni Italia Israele","article_publisher":"https:\/\/www.facebook.com\/Federazione.Associazioni.Italia.Israele","article_published_time":"2024-11-28T14:29:35+00:00","article_modified_time":"2024-11-28T15:30:50+00:00","og_image":[{"width":1400,"height":1400,"url":"https:\/\/www.italiaisraele.org\/wp-content\/uploads\/2024\/11\/WhatsApp-Image-2024-10-23-at-16.32.06.jpeg","type":"image\/jpeg"}],"author":"Redazione","twitter_card":"summary_large_image","twitter_misc":{"Scritto da":"Redazione","Tempo di lettura stimato":"2 minuti"},"schema":{"@context":"https:\/\/schema.org","@graph":[{"@type":"Article","@id":"https:\/\/www.italiaisraele.org\/?p=3150#article","isPartOf":{"@id":"https:\/\/www.italiaisraele.org\/?p=3150"},"author":{"name":"Redazione","@id":"https:\/\/www.italiaisraele.org\/#\/schema\/person\/a58663d7e92468eb3e7d158e016946cd"},"headline":"TRE FRONTI+1_ PUNTATA DUE: GAZA","datePublished":"2024-11-28T14:29:35+00:00","dateModified":"2024-11-28T15:30:50+00:00","mainEntityOfPage":{"@id":"https:\/\/www.italiaisraele.org\/?p=3150"},"wordCount":352,"commentCount":0,"publisher":{"@id":"https:\/\/www.italiaisraele.org\/#organization"},"image":{"@id":"https:\/\/www.italiaisraele.org\/?p=3150#primaryimage"},"thumbnailUrl":"https:\/\/www.italiaisraele.org\/wp-content\/uploads\/2024\/11\/WhatsApp-Image-2024-10-23-at-16.32.06.jpeg","keywords":["7 ottobre","Antisemitismo","Federazione Italia-Israele","hamas","Hezbollah","Idf","Iran","Israele","Libano","Onu"],"articleSection":["Approfondimenti","Podcast"],"inLanguage":"it-IT","potentialAction":[{"@type":"CommentAction","name":"Comment","target":["https:\/\/www.italiaisraele.org\/?p=3150#respond"]}]},{"@type":"WebPage","@id":"https:\/\/www.italiaisraele.org\/?p=3150","url":"https:\/\/www.italiaisraele.org\/?p=3150","name":"TRE FRONTI+1_ PUNTATA DUE: GAZA - Federazione Associazioni Italia Israele","isPartOf":{"@id":"https:\/\/www.italiaisraele.org\/#website"},"primaryImageOfPage":{"@id":"https:\/\/www.italiaisraele.org\/?p=3150#primaryimage"},"image":{"@id":"https:\/\/www.italiaisraele.org\/?p=3150#primaryimage"},"thumbnailUrl":"https:\/\/www.italiaisraele.org\/wp-content\/uploads\/2024\/11\/WhatsApp-Image-2024-10-23-at-16.32.06.jpeg","datePublished":"2024-11-28T14:29:35+00:00","dateModified":"2024-11-28T15:30:50+00:00","breadcrumb":{"@id":"https:\/\/www.italiaisraele.org\/?p=3150#breadcrumb"},"inLanguage":"it-IT","potentialAction":[{"@type":"ReadAction","target":["https:\/\/www.italiaisraele.org\/?p=3150"]}]},{"@type":"ImageObject","inLanguage":"it-IT","@id":"https:\/\/www.italiaisraele.org\/?p=3150#primaryimage","url":"https:\/\/www.italiaisraele.org\/wp-content\/uploads\/2024\/11\/WhatsApp-Image-2024-10-23-at-16.32.06.jpeg","contentUrl":"https:\/\/www.italiaisraele.org\/wp-content\/uploads\/2024\/11\/WhatsApp-Image-2024-10-23-at-16.32.06.jpeg","width":1400,"height":1400},{"@type":"BreadcrumbList","@id":"https:\/\/www.italiaisraele.org\/?p=3150#breadcrumb","itemListElement":[{"@type":"ListItem","position":1,"name":"Home","item":"https:\/\/www.italiaisraele.org\/"},{"@type":"ListItem","position":2,"name":"TRE FRONTI+1_ PUNTATA DUE: GAZA"}]},{"@type":"WebSite","@id":"https:\/\/www.italiaisraele.org\/#website","url":"https:\/\/www.italiaisraele.org\/","name":"News Italia - Israele","description":"Italia Israele Today - Magazine","publisher":{"@id":"https:\/\/www.italiaisraele.org\/#organization"},"potentialAction":[{"@type":"SearchAction","target":{"@type":"EntryPoint","urlTemplate":"https:\/\/www.italiaisraele.org\/?s={search_term_string}"},"query-input":{"@type":"PropertyValueSpecification","valueRequired":true,"valueName":"search_term_string"}}],"inLanguage":"it-IT"},{"@type":"Organization","@id":"https:\/\/www.italiaisraele.org\/#organization","name":"News Italia - Israele","url":"https:\/\/www.italiaisraele.org\/","logo":{"@type":"ImageObject","inLanguage":"it-IT","@id":"https:\/\/www.italiaisraele.org\/#\/schema\/logo\/image\/","url":"https:\/\/www.italiaisraele.org\/wp-content\/uploads\/2024\/02\/cropped-cropped-TESTATA-NEWS-2.jpg","contentUrl":"https:\/\/www.italiaisraele.org\/wp-content\/uploads\/2024\/02\/cropped-cropped-TESTATA-NEWS-2.jpg","width":1918,"height":291,"caption":"News Italia - Israele"},"image":{"@id":"https:\/\/www.italiaisraele.org\/#\/schema\/logo\/image\/"},"sameAs":["https:\/\/www.facebook.com\/Federazione.Associazioni.Italia.Israele"]},{"@type":"Person","@id":"https:\/\/www.italiaisraele.org\/#\/schema\/person\/a58663d7e92468eb3e7d158e016946cd","name":"Redazione","image":{"@type":"ImageObject","inLanguage":"it-IT","@id":"https:\/\/secure.gravatar.com\/avatar\/fe11715b332cc423bb3991a005da4d50b44647eec21b11abddd059d3deafc450?s=96&d=mm&r=g","url":"https:\/\/secure.gravatar.com\/avatar\/fe11715b332cc423bb3991a005da4d50b44647eec21b11abddd059d3deafc450?s=96&d=mm&r=g","contentUrl":"https:\/\/secure.gravatar.com\/avatar\/fe11715b332cc423bb3991a005da4d50b44647eec21b11abddd059d3deafc450?s=96&d=mm&r=g","caption":"Redazione"},"url":"https:\/\/www.italiaisraele.org\/?author=2"}]}},"_links":{"self":[{"href":"https:\/\/www.italiaisraele.org\/index.php?rest_route=\/wp\/v2\/posts\/3150","targetHints":{"allow":["GET"]}}],"collection":[{"href":"https:\/\/www.italiaisraele.org\/index.php?rest_route=\/wp\/v2\/posts"}],"about":[{"href":"https:\/\/www.italiaisraele.org\/index.php?rest_route=\/wp\/v2\/types\/post"}],"author":[{"embeddable":true,"href":"https:\/\/www.italiaisraele.org\/index.php?rest_route=\/wp\/v2\/users\/2"}],"replies":[{"embeddable":true,"href":"https:\/\/www.italiaisraele.org\/index.php?rest_route=%2Fwp%2Fv2%2Fcomments&post=3150"}],"version-history":[{"count":0,"href":"https:\/\/www.italiaisraele.org\/index.php?rest_route=\/wp\/v2\/posts\/3150\/revisions"}],"wp:featuredmedia":[{"embeddable":true,"href":"https:\/\/www.italiaisraele.org\/index.php?rest_route=\/wp\/v2\/media\/2761"}],"wp:attachment":[{"href":"https:\/\/www.italiaisraele.org\/index.php?rest_route=%2Fwp%2Fv2%2Fmedia&parent=3150"}],"wp:term":[{"taxonomy":"category","embeddable":true,"href":"https:\/\/www.italiaisraele.org\/index.php?rest_route=%2Fwp%2Fv2%2Fcategories&post=3150"},{"taxonomy":"post_tag","embeddable":true,"href":"https:\/\/www.italiaisraele.org\/index.php?rest_route=%2Fwp%2Fv2%2Ftags&post=3150"}],"curies":[{"name":"wp","href":"https:\/\/api.w.org\/{rel}","templated":true}]}}