{"id":2303,"date":"2024-10-02T13:11:15","date_gmt":"2024-10-02T11:11:15","guid":{"rendered":"https:\/\/www.italiaisraele.org\/?p=2303"},"modified":"2024-11-25T12:30:04","modified_gmt":"2024-11-25T11:30:04","slug":"7-ottobre-chi-oltraggia-la-memoria","status":"publish","type":"post","link":"https:\/\/www.italiaisraele.org\/?p=2303","title":{"rendered":"7 ottobre, chi oltraggia la memoria"},"content":{"rendered":"\n<p>Vecchi e nuovi antisemiti, antisionisti islamici: i fuorilegge ora fanno ricorso al Tar<\/p>\n\n\n\n<p>E&#8217; cosa nota: in alcune Universit\u00e0 (Bologna e Siena, per citarne un paio) gli studenti vogliono &#8220;festeggiare&#8221; la data del 7 ottobre con canti, balli e insulti a Israele. Immemori della enorme tragedia segnata da quella data in cui Israele ha pagato un prezzo altissimo per la vilt\u00e0 dei tagliagole di Hamas.<\/p>\n\n\n\n<p>E mentre ci sono ancora (in vita?) decine di israeliani civili nelle mani dei terroristi di Sinwar, il movimento dei &#8220;giovani palestinesi&#8221; (?) fa sapere che &#8211; fregandosene del divieto imposto dalla Questura di Roma &#8211; sfileranno lo stesso per ricordare &#8220;il giorno della rivolta&#8221;.<\/p>\n\n\n\n<p>Rimonta e torna a soffiare forte il vento antisemita. E&#8217; tornato lo chef Rubio, ormai il Masaniello del movimento antisemita che si riconosce il quel nuovo partito comunista &#8211; la fantomatica organizzazione con sede politica a Parigi, pensate &#8211; e che alimenta le odiose liste di prescrizione: cercate gli ebrei, andate a stanarli, bussate alle loro case&#8230;.<\/p>\n\n\n\n<p>Che schifo.<\/p>\n\n\n\n<figure class=\"wp-block-image size-full\"><img loading=\"lazy\" decoding=\"async\" width=\"606\" height=\"888\" src=\"https:\/\/www.italiaisraele.org\/wp-content\/uploads\/2024\/10\/rubio.jpg\" alt=\"\" class=\"wp-image-2305\" srcset=\"https:\/\/www.italiaisraele.org\/wp-content\/uploads\/2024\/10\/rubio.jpg 606w, https:\/\/www.italiaisraele.org\/wp-content\/uploads\/2024\/10\/rubio-205x300.jpg 205w, https:\/\/www.italiaisraele.org\/wp-content\/uploads\/2024\/10\/rubio-600x879.jpg 600w\" sizes=\"auto, (max-width: 606px) 100vw, 606px\" \/><\/figure>\n\n\n\n<p>Adesso si apprende che l&#8217;Unione democratica arabo palestinese (Udap) ha depositato questa mattina il ricorso al Tar contro il ministero dell&#8217;Interno e la Questura di Roma richiedendo la sospensiva del diniego della manifestazione chiesta per il 5 ottobre. Nelle motivazioni del divieto, era stato prescritto che il corteo si svolgesse \u00abin circostanze di tempo e di luogo successive al 7 ottobre 2024, con contenuti e termini non riconducibili agli eventi occorsi il 7 ottobre 2023 nei territori israeliani\u00bb. Questo perch\u00e9, secondo le autorit\u00e0, la manifestazione cos\u00ec come pubblicizzata esprimeva \u00abuna volont\u00e0 celebrativa della strage consumata in danno dello Stato di Israele. Considerato che le espressioni utilizzate per pubblicizzare l&#8217;iniziativa hanno una connotazione non compatibile con il diritto a manifestare pacificamente &#8211; si legge nel divieto riportato nel ricorso -, garantito dall&#8217;ordinamento giuridico vigente\u00bb. E \u00abper ragioni di ordine pubblico\u00bb, \u00e8 stato impedito \u00ablo svolgimento della manifestazione, prescrivendo modalit\u00e0 di tempo e di luogo per la medesima\u00bb. Nel ricorso l&#8217;Udap ha quindi precisato che \u00abtanto il divieto riferito alla data del 5 ottobre 2024, quanto le prescrizioni per l&#8217;eventuale svolgimento futuro della manifestazione sono illegittimi e meritevoli di annullamento. Poich\u00e9 riscontra \u00abviolazione e falsa applicazione degli art 17, 21 e 97 della Costituzione\u00bb. E ne richiede la sospensiva.<\/p>\n\n\n\n<p>Che vergogna, che schifo.<\/p>\n","protected":false},"excerpt":{"rendered":"<p>Vecchi e nuovi antisemiti, antisionisti islamici: i fuorilegge ora fanno ricorso al Tar E&#8217; cosa nota: in alcune Universit\u00e0 (Bologna e Siena, per citarne un paio) gli studenti vogliono &#8220;festeggiare&#8221; la data del 7 ottobre con canti, balli e insulti a Israele. Immemori della enorme tragedia segnata da quella data in cui Israele ha pagato [&hellip;]<\/p>\n","protected":false},"author":4,"featured_media":2304,"comment_status":"open","ping_status":"closed","sticky":false,"template":"","format":"standard","meta":{"iawp_total_views":43,"footnotes":""},"categories":[5],"tags":[79,40,120,523,524],"class_list":["post-2303","post","type-post","status-publish","format-standard","has-post-thumbnail","hentry","category-news","tag-7-ottobre","tag-antisemitismo","tag-antisionismo","tag-nuovo-partito-comunista","tag-udap"],"yoast_head":"<!-- This site is optimized with the Yoast SEO plugin v27.5 - https:\/\/yoast.com\/product\/yoast-seo-wordpress\/ -->\r\n<title>7 ottobre, chi oltraggia la memoria - Federazione Associazioni Italia Israele<\/title>\r\n<meta name=\"robots\" content=\"index, follow, max-snippet:-1, max-image-preview:large, max-video-preview:-1\" \/>\r\n<link rel=\"canonical\" href=\"https:\/\/www.italiaisraele.org\/?p=2303\" \/>\r\n<meta property=\"og:locale\" content=\"it_IT\" \/>\r\n<meta property=\"og:type\" content=\"article\" \/>\r\n<meta property=\"og:title\" content=\"7 ottobre, chi oltraggia la memoria - Federazione Associazioni Italia Israele\" \/>\r\n<meta property=\"og:description\" content=\"Vecchi e nuovi antisemiti, antisionisti islamici: i fuorilegge ora fanno ricorso al Tar E&#8217; cosa nota: in alcune Universit\u00e0 (Bologna e Siena, per citarne un paio) gli studenti vogliono &#8220;festeggiare&#8221; la data del 7 ottobre con canti, balli e insulti a Israele. Immemori della enorme tragedia segnata da quella data in cui Israele ha pagato [&hellip;]\" \/>\r\n<meta property=\"og:url\" content=\"https:\/\/www.italiaisraele.org\/?p=2303\" \/>\r\n<meta property=\"og:site_name\" content=\"Federazione Associazioni Italia Israele\" \/>\r\n<meta property=\"article:publisher\" content=\"https:\/\/www.facebook.com\/Federazione.Associazioni.Italia.Israele\" \/>\r\n<meta property=\"article:published_time\" content=\"2024-10-02T11:11:15+00:00\" \/>\r\n<meta property=\"article:modified_time\" content=\"2024-11-25T11:30:04+00:00\" \/>\r\n<meta property=\"og:image\" content=\"https:\/\/www.italiaisraele.org\/wp-content\/uploads\/2024\/10\/4811513_1748_chef_rubio_israele_polemica_palestina.jpg\" \/>\r\n\t<meta property=\"og:image:width\" content=\"380\" \/>\r\n\t<meta property=\"og:image:height\" content=\"208\" \/>\r\n\t<meta property=\"og:image:type\" content=\"image\/jpeg\" \/>\r\n<meta name=\"author\" content=\"Giuseppe Crimaldi\" \/>\r\n<meta name=\"twitter:card\" content=\"summary_large_image\" \/>\r\n<meta name=\"twitter:label1\" content=\"Scritto da\" \/>\n\t<meta name=\"twitter:data1\" content=\"Giuseppe Crimaldi\" \/>\n\t<meta name=\"twitter:label2\" content=\"Tempo di lettura stimato\" \/>\n\t<meta name=\"twitter:data2\" content=\"3 minuti\" \/>\r\n<script type=\"application\/ld+json\" class=\"yoast-schema-graph\">{\"@context\":\"https:\\\/\\\/schema.org\",\"@graph\":[{\"@type\":\"Article\",\"@id\":\"https:\\\/\\\/www.italiaisraele.org\\\/?p=2303#article\",\"isPartOf\":{\"@id\":\"https:\\\/\\\/www.italiaisraele.org\\\/?p=2303\"},\"author\":{\"name\":\"Giuseppe Crimaldi\",\"@id\":\"https:\\\/\\\/www.italiaisraele.org\\\/#\\\/schema\\\/person\\\/7784c17a23e6ef9cb737f3192f043fab\"},\"headline\":\"7 ottobre, chi oltraggia la memoria\",\"datePublished\":\"2024-10-02T11:11:15+00:00\",\"dateModified\":\"2024-11-25T11:30:04+00:00\",\"mainEntityOfPage\":{\"@id\":\"https:\\\/\\\/www.italiaisraele.org\\\/?p=2303\"},\"wordCount\":378,\"commentCount\":0,\"publisher\":{\"@id\":\"https:\\\/\\\/www.italiaisraele.org\\\/#organization\"},\"image\":{\"@id\":\"https:\\\/\\\/www.italiaisraele.org\\\/?p=2303#primaryimage\"},\"thumbnailUrl\":\"https:\\\/\\\/www.italiaisraele.org\\\/wp-content\\\/uploads\\\/2024\\\/10\\\/4811513_1748_chef_rubio_israele_polemica_palestina.jpg\",\"keywords\":[\"7 ottobre\",\"Antisemitismo\",\"antisionismo\",\"nuovo partito comunista\",\"udap\"],\"articleSection\":[\"News\"],\"inLanguage\":\"it-IT\",\"potentialAction\":[{\"@type\":\"CommentAction\",\"name\":\"Comment\",\"target\":[\"https:\\\/\\\/www.italiaisraele.org\\\/?p=2303#respond\"]}]},{\"@type\":\"WebPage\",\"@id\":\"https:\\\/\\\/www.italiaisraele.org\\\/?p=2303\",\"url\":\"https:\\\/\\\/www.italiaisraele.org\\\/?p=2303\",\"name\":\"7 ottobre, chi oltraggia la memoria - Federazione Associazioni Italia Israele\",\"isPartOf\":{\"@id\":\"https:\\\/\\\/www.italiaisraele.org\\\/#website\"},\"primaryImageOfPage\":{\"@id\":\"https:\\\/\\\/www.italiaisraele.org\\\/?p=2303#primaryimage\"},\"image\":{\"@id\":\"https:\\\/\\\/www.italiaisraele.org\\\/?p=2303#primaryimage\"},\"thumbnailUrl\":\"https:\\\/\\\/www.italiaisraele.org\\\/wp-content\\\/uploads\\\/2024\\\/10\\\/4811513_1748_chef_rubio_israele_polemica_palestina.jpg\",\"datePublished\":\"2024-10-02T11:11:15+00:00\",\"dateModified\":\"2024-11-25T11:30:04+00:00\",\"breadcrumb\":{\"@id\":\"https:\\\/\\\/www.italiaisraele.org\\\/?p=2303#breadcrumb\"},\"inLanguage\":\"it-IT\",\"potentialAction\":[{\"@type\":\"ReadAction\",\"target\":[\"https:\\\/\\\/www.italiaisraele.org\\\/?p=2303\"]}]},{\"@type\":\"ImageObject\",\"inLanguage\":\"it-IT\",\"@id\":\"https:\\\/\\\/www.italiaisraele.org\\\/?p=2303#primaryimage\",\"url\":\"https:\\\/\\\/www.italiaisraele.org\\\/wp-content\\\/uploads\\\/2024\\\/10\\\/4811513_1748_chef_rubio_israele_polemica_palestina.jpg\",\"contentUrl\":\"https:\\\/\\\/www.italiaisraele.org\\\/wp-content\\\/uploads\\\/2024\\\/10\\\/4811513_1748_chef_rubio_israele_polemica_palestina.jpg\",\"width\":380,\"height\":208},{\"@type\":\"BreadcrumbList\",\"@id\":\"https:\\\/\\\/www.italiaisraele.org\\\/?p=2303#breadcrumb\",\"itemListElement\":[{\"@type\":\"ListItem\",\"position\":1,\"name\":\"Home\",\"item\":\"https:\\\/\\\/www.italiaisraele.org\\\/\"},{\"@type\":\"ListItem\",\"position\":2,\"name\":\"7 ottobre, chi oltraggia la memoria\"}]},{\"@type\":\"WebSite\",\"@id\":\"https:\\\/\\\/www.italiaisraele.org\\\/#website\",\"url\":\"https:\\\/\\\/www.italiaisraele.org\\\/\",\"name\":\"News Italia - Israele\",\"description\":\"Italia Israele Today - Magazine\",\"publisher\":{\"@id\":\"https:\\\/\\\/www.italiaisraele.org\\\/#organization\"},\"potentialAction\":[{\"@type\":\"SearchAction\",\"target\":{\"@type\":\"EntryPoint\",\"urlTemplate\":\"https:\\\/\\\/www.italiaisraele.org\\\/?s={search_term_string}\"},\"query-input\":{\"@type\":\"PropertyValueSpecification\",\"valueRequired\":true,\"valueName\":\"search_term_string\"}}],\"inLanguage\":\"it-IT\"},{\"@type\":\"Organization\",\"@id\":\"https:\\\/\\\/www.italiaisraele.org\\\/#organization\",\"name\":\"News Italia - Israele\",\"url\":\"https:\\\/\\\/www.italiaisraele.org\\\/\",\"logo\":{\"@type\":\"ImageObject\",\"inLanguage\":\"it-IT\",\"@id\":\"https:\\\/\\\/www.italiaisraele.org\\\/#\\\/schema\\\/logo\\\/image\\\/\",\"url\":\"https:\\\/\\\/www.italiaisraele.org\\\/wp-content\\\/uploads\\\/2024\\\/02\\\/cropped-cropped-TESTATA-NEWS-2.jpg\",\"contentUrl\":\"https:\\\/\\\/www.italiaisraele.org\\\/wp-content\\\/uploads\\\/2024\\\/02\\\/cropped-cropped-TESTATA-NEWS-2.jpg\",\"width\":1918,\"height\":291,\"caption\":\"News Italia - Israele\"},\"image\":{\"@id\":\"https:\\\/\\\/www.italiaisraele.org\\\/#\\\/schema\\\/logo\\\/image\\\/\"},\"sameAs\":[\"https:\\\/\\\/www.facebook.com\\\/Federazione.Associazioni.Italia.Israele\"]},{\"@type\":\"Person\",\"@id\":\"https:\\\/\\\/www.italiaisraele.org\\\/#\\\/schema\\\/person\\\/7784c17a23e6ef9cb737f3192f043fab\",\"name\":\"Giuseppe Crimaldi\",\"image\":{\"@type\":\"ImageObject\",\"inLanguage\":\"it-IT\",\"@id\":\"https:\\\/\\\/secure.gravatar.com\\\/avatar\\\/a6ddf67481d5d5efef9847e6f4c99a77e7129e93382ea6de1e9ea96b8deec707?s=96&d=mm&r=g\",\"url\":\"https:\\\/\\\/secure.gravatar.com\\\/avatar\\\/a6ddf67481d5d5efef9847e6f4c99a77e7129e93382ea6de1e9ea96b8deec707?s=96&d=mm&r=g\",\"contentUrl\":\"https:\\\/\\\/secure.gravatar.com\\\/avatar\\\/a6ddf67481d5d5efef9847e6f4c99a77e7129e93382ea6de1e9ea96b8deec707?s=96&d=mm&r=g\",\"caption\":\"Giuseppe Crimaldi\"},\"url\":\"https:\\\/\\\/www.italiaisraele.org\\\/?author=4\"}]}<\/script>\r\n<!-- \/ Yoast SEO plugin. -->","yoast_head_json":{"title":"7 ottobre, chi oltraggia la memoria - Federazione Associazioni Italia Israele","robots":{"index":"index","follow":"follow","max-snippet":"max-snippet:-1","max-image-preview":"max-image-preview:large","max-video-preview":"max-video-preview:-1"},"canonical":"https:\/\/www.italiaisraele.org\/?p=2303","og_locale":"it_IT","og_type":"article","og_title":"7 ottobre, chi oltraggia la memoria - Federazione Associazioni Italia Israele","og_description":"Vecchi e nuovi antisemiti, antisionisti islamici: i fuorilegge ora fanno ricorso al Tar E&#8217; cosa nota: in alcune Universit\u00e0 (Bologna e Siena, per citarne un paio) gli studenti vogliono &#8220;festeggiare&#8221; la data del 7 ottobre con canti, balli e insulti a Israele. Immemori della enorme tragedia segnata da quella data in cui Israele ha pagato [&hellip;]","og_url":"https:\/\/www.italiaisraele.org\/?p=2303","og_site_name":"Federazione Associazioni Italia Israele","article_publisher":"https:\/\/www.facebook.com\/Federazione.Associazioni.Italia.Israele","article_published_time":"2024-10-02T11:11:15+00:00","article_modified_time":"2024-11-25T11:30:04+00:00","og_image":[{"width":380,"height":208,"url":"https:\/\/www.italiaisraele.org\/wp-content\/uploads\/2024\/10\/4811513_1748_chef_rubio_israele_polemica_palestina.jpg","type":"image\/jpeg"}],"author":"Giuseppe Crimaldi","twitter_card":"summary_large_image","twitter_misc":{"Scritto da":"Giuseppe Crimaldi","Tempo di lettura stimato":"3 minuti"},"schema":{"@context":"https:\/\/schema.org","@graph":[{"@type":"Article","@id":"https:\/\/www.italiaisraele.org\/?p=2303#article","isPartOf":{"@id":"https:\/\/www.italiaisraele.org\/?p=2303"},"author":{"name":"Giuseppe Crimaldi","@id":"https:\/\/www.italiaisraele.org\/#\/schema\/person\/7784c17a23e6ef9cb737f3192f043fab"},"headline":"7 ottobre, chi oltraggia la memoria","datePublished":"2024-10-02T11:11:15+00:00","dateModified":"2024-11-25T11:30:04+00:00","mainEntityOfPage":{"@id":"https:\/\/www.italiaisraele.org\/?p=2303"},"wordCount":378,"commentCount":0,"publisher":{"@id":"https:\/\/www.italiaisraele.org\/#organization"},"image":{"@id":"https:\/\/www.italiaisraele.org\/?p=2303#primaryimage"},"thumbnailUrl":"https:\/\/www.italiaisraele.org\/wp-content\/uploads\/2024\/10\/4811513_1748_chef_rubio_israele_polemica_palestina.jpg","keywords":["7 ottobre","Antisemitismo","antisionismo","nuovo partito comunista","udap"],"articleSection":["News"],"inLanguage":"it-IT","potentialAction":[{"@type":"CommentAction","name":"Comment","target":["https:\/\/www.italiaisraele.org\/?p=2303#respond"]}]},{"@type":"WebPage","@id":"https:\/\/www.italiaisraele.org\/?p=2303","url":"https:\/\/www.italiaisraele.org\/?p=2303","name":"7 ottobre, chi oltraggia la memoria - Federazione Associazioni Italia Israele","isPartOf":{"@id":"https:\/\/www.italiaisraele.org\/#website"},"primaryImageOfPage":{"@id":"https:\/\/www.italiaisraele.org\/?p=2303#primaryimage"},"image":{"@id":"https:\/\/www.italiaisraele.org\/?p=2303#primaryimage"},"thumbnailUrl":"https:\/\/www.italiaisraele.org\/wp-content\/uploads\/2024\/10\/4811513_1748_chef_rubio_israele_polemica_palestina.jpg","datePublished":"2024-10-02T11:11:15+00:00","dateModified":"2024-11-25T11:30:04+00:00","breadcrumb":{"@id":"https:\/\/www.italiaisraele.org\/?p=2303#breadcrumb"},"inLanguage":"it-IT","potentialAction":[{"@type":"ReadAction","target":["https:\/\/www.italiaisraele.org\/?p=2303"]}]},{"@type":"ImageObject","inLanguage":"it-IT","@id":"https:\/\/www.italiaisraele.org\/?p=2303#primaryimage","url":"https:\/\/www.italiaisraele.org\/wp-content\/uploads\/2024\/10\/4811513_1748_chef_rubio_israele_polemica_palestina.jpg","contentUrl":"https:\/\/www.italiaisraele.org\/wp-content\/uploads\/2024\/10\/4811513_1748_chef_rubio_israele_polemica_palestina.jpg","width":380,"height":208},{"@type":"BreadcrumbList","@id":"https:\/\/www.italiaisraele.org\/?p=2303#breadcrumb","itemListElement":[{"@type":"ListItem","position":1,"name":"Home","item":"https:\/\/www.italiaisraele.org\/"},{"@type":"ListItem","position":2,"name":"7 ottobre, chi oltraggia la memoria"}]},{"@type":"WebSite","@id":"https:\/\/www.italiaisraele.org\/#website","url":"https:\/\/www.italiaisraele.org\/","name":"News Italia - Israele","description":"Italia Israele Today - Magazine","publisher":{"@id":"https:\/\/www.italiaisraele.org\/#organization"},"potentialAction":[{"@type":"SearchAction","target":{"@type":"EntryPoint","urlTemplate":"https:\/\/www.italiaisraele.org\/?s={search_term_string}"},"query-input":{"@type":"PropertyValueSpecification","valueRequired":true,"valueName":"search_term_string"}}],"inLanguage":"it-IT"},{"@type":"Organization","@id":"https:\/\/www.italiaisraele.org\/#organization","name":"News Italia - Israele","url":"https:\/\/www.italiaisraele.org\/","logo":{"@type":"ImageObject","inLanguage":"it-IT","@id":"https:\/\/www.italiaisraele.org\/#\/schema\/logo\/image\/","url":"https:\/\/www.italiaisraele.org\/wp-content\/uploads\/2024\/02\/cropped-cropped-TESTATA-NEWS-2.jpg","contentUrl":"https:\/\/www.italiaisraele.org\/wp-content\/uploads\/2024\/02\/cropped-cropped-TESTATA-NEWS-2.jpg","width":1918,"height":291,"caption":"News Italia - Israele"},"image":{"@id":"https:\/\/www.italiaisraele.org\/#\/schema\/logo\/image\/"},"sameAs":["https:\/\/www.facebook.com\/Federazione.Associazioni.Italia.Israele"]},{"@type":"Person","@id":"https:\/\/www.italiaisraele.org\/#\/schema\/person\/7784c17a23e6ef9cb737f3192f043fab","name":"Giuseppe Crimaldi","image":{"@type":"ImageObject","inLanguage":"it-IT","@id":"https:\/\/secure.gravatar.com\/avatar\/a6ddf67481d5d5efef9847e6f4c99a77e7129e93382ea6de1e9ea96b8deec707?s=96&d=mm&r=g","url":"https:\/\/secure.gravatar.com\/avatar\/a6ddf67481d5d5efef9847e6f4c99a77e7129e93382ea6de1e9ea96b8deec707?s=96&d=mm&r=g","contentUrl":"https:\/\/secure.gravatar.com\/avatar\/a6ddf67481d5d5efef9847e6f4c99a77e7129e93382ea6de1e9ea96b8deec707?s=96&d=mm&r=g","caption":"Giuseppe Crimaldi"},"url":"https:\/\/www.italiaisraele.org\/?author=4"}]}},"_links":{"self":[{"href":"https:\/\/www.italiaisraele.org\/index.php?rest_route=\/wp\/v2\/posts\/2303","targetHints":{"allow":["GET"]}}],"collection":[{"href":"https:\/\/www.italiaisraele.org\/index.php?rest_route=\/wp\/v2\/posts"}],"about":[{"href":"https:\/\/www.italiaisraele.org\/index.php?rest_route=\/wp\/v2\/types\/post"}],"author":[{"embeddable":true,"href":"https:\/\/www.italiaisraele.org\/index.php?rest_route=\/wp\/v2\/users\/4"}],"replies":[{"embeddable":true,"href":"https:\/\/www.italiaisraele.org\/index.php?rest_route=%2Fwp%2Fv2%2Fcomments&post=2303"}],"version-history":[{"count":0,"href":"https:\/\/www.italiaisraele.org\/index.php?rest_route=\/wp\/v2\/posts\/2303\/revisions"}],"wp:featuredmedia":[{"embeddable":true,"href":"https:\/\/www.italiaisraele.org\/index.php?rest_route=\/wp\/v2\/media\/2304"}],"wp:attachment":[{"href":"https:\/\/www.italiaisraele.org\/index.php?rest_route=%2Fwp%2Fv2%2Fmedia&parent=2303"}],"wp:term":[{"taxonomy":"category","embeddable":true,"href":"https:\/\/www.italiaisraele.org\/index.php?rest_route=%2Fwp%2Fv2%2Fcategories&post=2303"},{"taxonomy":"post_tag","embeddable":true,"href":"https:\/\/www.italiaisraele.org\/index.php?rest_route=%2Fwp%2Fv2%2Ftags&post=2303"}],"curies":[{"name":"wp","href":"https:\/\/api.w.org\/{rel}","templated":true}]}}