{"id":2065,"date":"2024-09-03T18:21:16","date_gmt":"2024-09-03T16:21:16","guid":{"rendered":"https:\/\/www.italiaisraele.org\/?p=2065"},"modified":"2024-11-25T12:16:36","modified_gmt":"2024-11-25T11:16:36","slug":"hamas-non-rientra-nella-dottrina-islamica","status":"publish","type":"post","link":"https:\/\/www.italiaisraele.org\/?p=2065","title":{"rendered":"&#8220;Hamas? Non rientra nella dottrina islamica&#8221;"},"content":{"rendered":"\n<p><em><strong>Intervista a Yahya Pallavicini, vice-presidente e imam della Coreis, sul conflitto a Gaza<\/strong><\/em><\/p>\n\n\n\n<p>di <em>Chiara Pellegrino*<\/em><\/p>\n\n\n\n<p><strong>Pallavicini, lei rappresenta la Coreis, Comunit\u00e0 Religiosa Islamica Italiana: come viene vissuto da voi il conflitto israelo-palestinese?<\/strong><\/p>\n\n\n\n<p>&#8220;Lo stiamo vivendo con sentimenti contrastanti, anche se cerchiamo di far prevalere l\u2019analisi e la lucidit\u00e0, sia a livello religioso che nelle testimonianze pubbliche. I sentimenti che prevalgono sono l\u2019orrore per quello che \u00e8 successo il 7 ottobre, una grande tristezza per le vittime della guerra in corso da mesi e per la distruzione della Striscia di Gaza, e molta preoccupazione per le conseguenze locali, in Israele e in Palestina, ma anche e soprattutto per le reazioni politiche in Europa e per la percezione popolare del conflitto in Occidente. Da un punto di vista di sensibilit\u00e0 religiosa, il conflitto in s\u00e9, come ogni guerra, \u00e8 sbagliato. \u00c8 una sconfitta dell\u2019umanit\u00e0 e dell\u2019intelligenza, \u00e8 un attacco alla fede di ogni credente. In questo caso, poi, la situazione \u00e8 particolarmente complessa perch\u00e9 \u00e8 decisamente asimmetrica: da un lato, abbiamo la reazione dello Stato di Israele e del governo Netanyahu a un atto di terrorismo, dall\u2019altro abbiamo un\u2019organizzazione terroristica, Hamas, che fin dalla sua costituzione ha come obiettivo annientare lo Stato di Israele e uccidere gli ebrei con l\u2019uso di azioni criminali e attentati terroristici. Ci\u00f2 che \u00e8 successo il 7 ottobre 2023 lo conferma. Inoltre, a complicare le cose c\u2019\u00e8 la confusione, a volte volontaria, a volte involontaria, tra il modo in cui Hamas si \u00e8 strutturato nella Striscia di Gaza a livello di infrastrutture, quartieri generali e citt\u00e0 sotterranee con i tunnel, e la maggioranza della popolazione palestinese, che non necessariamente \u00e8 compiacente, collusa o associata a Hamas, e rischia di essere la principale vittima in questo conflitto. \u00c8 ci\u00f2 che viene definito con il termine tecnico di \u201cdanni collaterali\u201d. <\/p>\n\n\n\n<p><\/p>\n\n\n\n<figure class=\"wp-block-image size-full\"><img loading=\"lazy\" decoding=\"async\" width=\"400\" height=\"287\" src=\"https:\/\/www.italiaisraele.org\/wp-content\/uploads\/2024\/09\/Yahya-Sergio-Yahe-Pallavicini-400x287-1.jpg\" alt=\"\" class=\"wp-image-2067\" srcset=\"https:\/\/www.italiaisraele.org\/wp-content\/uploads\/2024\/09\/Yahya-Sergio-Yahe-Pallavicini-400x287-1.jpg 400w, https:\/\/www.italiaisraele.org\/wp-content\/uploads\/2024\/09\/Yahya-Sergio-Yahe-Pallavicini-400x287-1-300x215.jpg 300w\" sizes=\"auto, (max-width: 400px) 100vw, 400px\" \/><\/figure>\n\n\n\n<p><em>(Yahya Pallavicini)<\/em><\/p>\n\n\n\n<p><strong>La Coreis ha partecipato alle manifestazioni di piazza, per esempio quelle che si sono tenute a Milano?.<\/strong><\/p>\n\n\n\n<p>&#8220;No, soltanto una delegazione ha partecipato alla manifestazione promossa dall\u2019UCEI, l\u2019Unione delle Comunit\u00e0 Ebraiche Italiane, a Roma, in Piazza del Popolo. Nell\u2019invito era esplicitato l\u2019interesse a coinvolgere tutte le parti religiose, civili e politiche contro il terrorismo. Noi abbiamo partecipato per confermare la nostra opposizione a qualsiasi strumentalizzazione criminale che passi per il terrorismo, che sia quello che abbiamo tristemente vissuto qui in Italia con le Brigate Rosse o la mafia, che sia quello di Hamas. Questa \u00e8 l\u2019unica manifestazione alla quale una delegazione della Coreis ha preso parte. Abbiamo partecipato a momenti di confronto pubblico nella sinagoga di Milano e promosso la presenza di delegati della Coreis nelle sinagoghe d\u2019Italia durante la Hanukkah. E poi abbiamo preso parte al Consiglio di amministrazione del MJLC, il Consiglio Europeo dei Leader Musulmani ed Ebrei, che si \u00e8 riunito a Siviglia lo scorso 17 ottobre, in cui si \u00e8 cercato di far prevalere il dialogo, la collaborazione e il rispetto fraterno tra ebrei e musulmani in Europa nonostante il conflitto. Quello che ci preoccupa, per\u00f2, sono altre manifestazioni, legittime in termini di solidariet\u00e0, che andrebbero bene se fossero veramente soltanto a sostegno del diritto e dell\u2019integrit\u00e0 fisica del popolo palestinese. Il problema \u00e8 che, secondo noi, si \u00e8 generata una confusione: l\u2019istanza legittima dei diritti del popolo palestinese, cristiano e musulmano, e della sua indipendenza territoriale, nazionale e culturale, viene confusa con una neanche troppo taciuta compiacenza con Hamas. <strong><em>Per noi Hamas, fin dalla sua costituzione, \u00e8 qualcosa di contrario al diritto e alla coerenza dottrinale islamica.<\/em><\/strong> E dal punto di vista politico rappresenta molto male i diritti e la gestione di un\u2019indipendenza del popolo palestinese. Quello che ci preoccupa non \u00e8 soltanto che questa confusione dilaghi, con una conseguente crescita dell\u2019antisemitismo, ma soprattutto che porti a confondere l\u2019identit\u00e0 islamica e la cultura araba con la mentalit\u00e0 e l\u2019organizzazione terroristica di Hamas. Questo rischio lo abbiamo denunciato a Bruxelles nell\u2019incontro che si \u00e8 tenuto recentemente tra i leader religiosi europei sull\u2019impatto del conflitto in Medio Oriente in Europa. Sui social media e nelle piazze d\u2019Europa e del mondo si sta facendo sempre pi\u00f9 strada l\u2019idea che Hamas sia l\u2019eroe della resistenza dei palestinesi e dei musulmani, e che questi siano tutti vittime di una persecuzione israeliana, americana e occidentale. La Coreis, almeno dal punto di vista intellettuale, si oppone a questa confusione, strumentalizzazione e polarizzazione. Sui social media si fa a gara per far vedere le brutalit\u00e0 peggiori e si moltiplicano le immagini che cercano di demonizzare l\u2019altro. Sembra che ci sia un campionato a chi sia la peggiore vittima, pi\u00f9 barbaramente e brutalmente attaccata dall\u2019altro&#8221;.<\/p>\n\n\n\n<figure class=\"wp-block-image size-full\"><img loading=\"lazy\" decoding=\"async\" width=\"774\" height=\"516\" src=\"https:\/\/www.italiaisraele.org\/wp-content\/uploads\/2024\/09\/82bfcc3c9d389d1114d0da2226ea4ee4.jpg\" alt=\"\" class=\"wp-image-2068\" srcset=\"https:\/\/www.italiaisraele.org\/wp-content\/uploads\/2024\/09\/82bfcc3c9d389d1114d0da2226ea4ee4.jpg 774w, https:\/\/www.italiaisraele.org\/wp-content\/uploads\/2024\/09\/82bfcc3c9d389d1114d0da2226ea4ee4-300x200.jpg 300w, https:\/\/www.italiaisraele.org\/wp-content\/uploads\/2024\/09\/82bfcc3c9d389d1114d0da2226ea4ee4-768x512.jpg 768w, https:\/\/www.italiaisraele.org\/wp-content\/uploads\/2024\/09\/82bfcc3c9d389d1114d0da2226ea4ee4-600x400.jpg 600w\" sizes=\"auto, (max-width: 774px) 100vw, 774px\" \/><\/figure>\n\n\n\n<p><strong>Questa escalation \u00e8 un problema vissuto anche dai suoi colleghi negli altri Paesi europei?<\/strong><\/p>\n\n\n\n<p>&#8220;Tra i teologi, i giuristi e i docenti musulmani nel mondo c\u2019\u00e8 la consapevolezza del fatto che <em>Hamas presenta delle incongruenze con il diritto e la dimensione religiosa<\/em>. Per\u00f2 quello che vedo nei colleghi di tutto il mondo islamico, dall\u2019Asia al Nord Africa, all\u2019Europa, all\u2019America, \u00e8 che comincia a esserci una pressione tale per cui non si denuncia pi\u00f9 Hamas e, soprattutto non si riesce pi\u00f9, giustamente, a tacere la propria solidariet\u00e0 nei confronti delle famiglie palestinesi. Accanto c\u2019\u00e8 una narrazione che chiede, direi anche in modo equilibrato, la fine della guerra, la liberazione degli ostaggi, la tutela dei civili. C\u2019\u00e8 per\u00f2 chi dice che l\u2019unico che difende questa narrazione sia Hamas e quindi Hamas diventa la resistenza eroica e buona, l\u2019unico che d\u00e0 la vita per difendere questa libert\u00e0 dalla ingiustizia. Allora devo necessariamente ribadire che non \u00e8 cos\u00ec. Io ritengo che i palestinesi, che hanno scelto liberamente di farsi rappresentare da Hamas, abbiano sbagliato dal punto di vista politico e anche religioso. Penso che oggi l\u2019unica soluzione sia formare una nuova classe dirigente palestinese, seria e indipendente, che davvero rappresenti gli interessi di sviluppo educativo e infrastrutturale della Palestina, che non serbi rancore e odio nei confronti degli ebrei e dello Stato di Israele. Non faccio il politico, ma il consiglio che ho dato in passato e di nuovo recentemente al vicepresidente della Commissione europea Schinas e al vicepresidente del Parlamento europeo Karas \u00e8 stato proprio quello di fare una formazione politica a una nuova possibile classe dirigente palestinese che prescinda da Hamas e dalla sua propaganda dell\u2019odio&#8221;.<\/p>\n\n\n\n<p><strong>Lei quale soluzione vede per il conflitto?<\/strong><\/p>\n\n\n\n<p>&#8220;Non saprei rispondere\u2026 la soluzione dei due Stati mi ha sempre lasciato perplesso. Tecnicamente potrebbe essere una soluzione, ma se uno dei due Stati \u00e8 ostaggio di una milizia jihadista, quello Stato non sar\u00e0 mai ben governato, e lo Stato confinante non sar\u00e0 mai al sicuro. Il problema si risolve soltanto se i palestinesi riescono a dare fiducia e credibilit\u00e0 a un\u2019alternativa politica. Se non ci sono uomini che governano con saggezza e onest\u00e0, la soluzione dei due Stati, dal mio punto di vista, \u00e8 un\u2019utopia. Io penso che Israele, dando la cittadinanza a cristiani e musulmani arabi, ha comunque aperto a un modello interessante di cittadinanza plurale, anche se chiaramente la matrice dello Stato di Israele moderno \u00e8 sionista e perci\u00f2 vuole tutelare l\u2019identit\u00e0 ebraica. Israele, quindi, \u00e8 uno Stato democratico sionista: una situazione complessa, politicamente originale. Quanto meno, per\u00f2, il fatto che siano garantiti pari diritti tra cristiani, musulmani ed ebrei in Israele e non vi sia un\u2019educazione all\u2019odio nei confronti del diverso e del vicino \u00e8 qualche cosa di positivo. Il problema \u00e8 che nella Striscia di Gaza, a livello educativo, si insegnava ai bambini a odiare gli ebrei, a odiare gli israeliani. Quindi c\u2019\u00e8 un problema educativo, oltre che di sviluppo delle infrastrutture o di rappresentanza dell\u2019identit\u00e0 culturale palestinese&#8221;.<\/p>\n\n\n\n<p><strong>Negli ultimi anni per\u00f2 anche in Israele l\u2019idea di convivere in maniera pacifica con i palestinesi era vista con difficolt\u00e0. <\/strong><\/p>\n\n\n\n<p>&#8220;Sono d\u2019accordo, ma questo non giustifica una guerra con questa intensit\u00e0 di bombardamenti. E questo lo vediamo anche in Europa nella crisi di una visione e di una cultura politica democratica liberale. Emergono sempre pi\u00f9 correnti politiche che coltivano e promuovono una cultura oltranzista ed esclusivista, anche se fortunatamente restano minoritarie.  La maggioranza degli israeliani, degli ebrei e dei rabbini con cui sono in contatto, per\u00f2, non \u00e8 d\u2019accordo con il governo e con alcuni colleghi rabbini che strumentalizzano la Bibbia per legittimare la persecuzione dei palestinesi. <strong><em>Invece a Gaza temo che per complicit\u00e0, per atteggiamento mafioso o per leggerezza, si sia diffusa a livello di massa una cultura di misconoscimento della dignit\u00e0 ebraica israeliana che arriva persino a legittimare la violenza fratricida<\/em><\/strong>&#8220;.<\/p>\n\n\n\n<p><strong>Secondo lei che cosa pu\u00f2 fare l\u2019Italia in questo conflitto?<\/strong><\/p>\n\n\n\n<p>&#8220;L\u2019Italia da decenni continua a perdere la sua occasione di poter sviluppare una sensibilit\u00e0 culturale e politica euro-mediterranea che potrebbe permetterle di essere protagonista anche in questa situazione. Il governo italiano non ha voluto urtare la suscettibilit\u00e0 degli alleati americani astenendosi in alcune decisioni alle Nazioni Unite. Cerca di sostenere in qualche modo gli aiuti umanitari per i palestinesi e questo le fa onore, ma politicamente mantiene una posizione pi\u00f9 vicina al governo israeliano. In questa situazione, il rischio \u00e8 di essere inconcludente: essere mediatori \u00e8 un\u2019ottima possibilit\u00e0, ma \u00e8 una prova di coraggio, non bisogna necessariamente schierarsi contro qualcosa o per qualcuno, ma bisogna cercare di essere chiari e coerenti con una visione e una proposta politica sostenibile. Invece ho l\u2019impressione che nella sua moderazione, mediazione e astensione il governo Meloni stia ai margini anche del dibattito politico internazionale quando potrebbe rilanciare la sua tradizione e storia e persino ispirare una cultura ecumenica e una politica di fratellanza senza mai scadere nel buonismo e nella demagogia: l\u2019Italia ha vinto la lotta al terrorismo, sta combattendo contro la mentalit\u00e0 e l\u2019organizzazione criminale delle mafie, perci\u00f2 pu\u00f2 rappresentare un modello europeo e mediterraneo di dialogo e cooperazione tra civilt\u00e0 tradizionali senza compromessi con la barbarie e gli estremismi delle ideologie corrotte. Lo Stato di diritto e la salvaguardia dei diritti fondamentali, che comprende la libert\u00e0 di culto e il conseguente rispetto del pluralismo religioso, vengono sempre menzionati per esaltare le radici occidentali dell\u2019Europa, mentre in Oriente la sete e la ricerca della luce spirituale ha ispirato ed \u00e8 diventata ragione di vita di molti credenti appartenenti a tradizioni e confessioni diverse. Dall\u2019incontro tra legge e luce nascono le declinazioni delle civilt\u00e0 in Oriente e Occidente. Ridurre questa armonia alla soluzione territoriale dei due Stati, associando quello moderno esclusivamente all\u2019 \u201cimpero del diritto d\u2019Occidente\u201d e la Palestina all\u2019 \u201cimpero confessionale d\u2019Oriente\u201d, rappresenta un artificio e un\u2019illusione da prevenire con maggiore senso della realt\u00e0 dei popoli e del loro buon governo a favore del bene comune&#8221;.<\/p>\n\n\n\n<p>*<em>Fonte: Oasiscenter.eu<\/em><\/p>\n","protected":false},"excerpt":{"rendered":"<p>Intervista a Yahya Pallavicini, vice-presidente e imam della Coreis, sul conflitto a Gaza di Chiara Pellegrino* Pallavicini, lei rappresenta la Coreis, Comunit\u00e0 Religiosa Islamica Italiana: come viene vissuto da voi il conflitto israelo-palestinese? &#8220;Lo stiamo vivendo con sentimenti contrastanti, anche se cerchiamo di far prevalere l\u2019analisi e la lucidit\u00e0, sia a livello religioso che nelle [&hellip;]<\/p>\n","protected":false},"author":2,"featured_media":2066,"comment_status":"open","ping_status":"closed","sticky":false,"template":"","format":"standard","meta":{"iawp_total_views":78,"footnotes":""},"categories":[4,3],"tags":[43,467,152,13,468],"class_list":["post-2065","post","type-post","status-publish","format-standard","has-post-thumbnail","hentry","category-attualita","category-cultura-e-societa","tag-guerra","tag-hama","tag-islam","tag-israele","tag-yahya-pallavicini"],"yoast_head":"<!-- This site is optimized with the Yoast SEO plugin v27.5 - https:\/\/yoast.com\/product\/yoast-seo-wordpress\/ -->\r\n<title>&quot;Hamas? Non rientra nella dottrina islamica&quot; - Federazione Associazioni Italia Israele<\/title>\r\n<meta name=\"robots\" content=\"index, follow, max-snippet:-1, max-image-preview:large, max-video-preview:-1\" \/>\r\n<link rel=\"canonical\" href=\"https:\/\/www.italiaisraele.org\/?p=2065\" \/>\r\n<meta property=\"og:locale\" content=\"it_IT\" \/>\r\n<meta property=\"og:type\" content=\"article\" \/>\r\n<meta property=\"og:title\" content=\"&quot;Hamas? Non rientra nella dottrina islamica&quot; - Federazione Associazioni Italia Israele\" \/>\r\n<meta property=\"og:description\" content=\"Intervista a Yahya Pallavicini, vice-presidente e imam della Coreis, sul conflitto a Gaza di Chiara Pellegrino* Pallavicini, lei rappresenta la Coreis, Comunit\u00e0 Religiosa Islamica Italiana: come viene vissuto da voi il conflitto israelo-palestinese? &#8220;Lo stiamo vivendo con sentimenti contrastanti, anche se cerchiamo di far prevalere l\u2019analisi e la lucidit\u00e0, sia a livello religioso che nelle [&hellip;]\" \/>\r\n<meta property=\"og:url\" content=\"https:\/\/www.italiaisraele.org\/?p=2065\" \/>\r\n<meta property=\"og:site_name\" content=\"Federazione Associazioni Italia Israele\" \/>\r\n<meta property=\"article:publisher\" content=\"https:\/\/www.facebook.com\/Federazione.Associazioni.Italia.Israele\" \/>\r\n<meta property=\"article:published_time\" content=\"2024-09-03T16:21:16+00:00\" \/>\r\n<meta property=\"article:modified_time\" content=\"2024-11-25T11:16:36+00:00\" \/>\r\n<meta property=\"og:image\" content=\"https:\/\/www.italiaisraele.org\/wp-content\/uploads\/2024\/09\/\u0627\u0644\u062c\u0647\u0627\u062f_\u0627\u0644\u0625\u0633\u0644\u0627\u0645\u064a.jpg\" \/>\r\n\t<meta property=\"og:image:width\" content=\"800\" \/>\r\n\t<meta property=\"og:image:height\" content=\"788\" \/>\r\n\t<meta property=\"og:image:type\" content=\"image\/jpeg\" \/>\r\n<meta name=\"author\" content=\"Redazione\" \/>\r\n<meta name=\"twitter:card\" content=\"summary_large_image\" \/>\r\n<meta name=\"twitter:label1\" content=\"Scritto da\" \/>\n\t<meta name=\"twitter:data1\" content=\"Redazione\" \/>\n\t<meta name=\"twitter:label2\" content=\"Tempo di lettura stimato\" \/>\n\t<meta name=\"twitter:data2\" content=\"10 minuti\" \/>\r\n<script type=\"application\/ld+json\" class=\"yoast-schema-graph\">{\"@context\":\"https:\\\/\\\/schema.org\",\"@graph\":[{\"@type\":\"Article\",\"@id\":\"https:\\\/\\\/www.italiaisraele.org\\\/?p=2065#article\",\"isPartOf\":{\"@id\":\"https:\\\/\\\/www.italiaisraele.org\\\/?p=2065\"},\"author\":{\"name\":\"Redazione\",\"@id\":\"https:\\\/\\\/www.italiaisraele.org\\\/#\\\/schema\\\/person\\\/a58663d7e92468eb3e7d158e016946cd\"},\"headline\":\"&#8220;Hamas? Non rientra nella dottrina islamica&#8221;\",\"datePublished\":\"2024-09-03T16:21:16+00:00\",\"dateModified\":\"2024-11-25T11:16:36+00:00\",\"mainEntityOfPage\":{\"@id\":\"https:\\\/\\\/www.italiaisraele.org\\\/?p=2065\"},\"wordCount\":1760,\"commentCount\":0,\"publisher\":{\"@id\":\"https:\\\/\\\/www.italiaisraele.org\\\/#organization\"},\"image\":{\"@id\":\"https:\\\/\\\/www.italiaisraele.org\\\/?p=2065#primaryimage\"},\"thumbnailUrl\":\"https:\\\/\\\/www.italiaisraele.org\\\/wp-content\\\/uploads\\\/2024\\\/09\\\/\u0627\u0644\u062c\u0647\u0627\u062f_\u0627\u0644\u0625\u0633\u0644\u0627\u0645\u064a.jpg\",\"keywords\":[\"guerra\",\"Hama\",\"Islam\",\"Israele\",\"Yahya Pallavicini\"],\"articleSection\":[\"Attualit\u00e0\",\"Cultura e Societ\u00e0\"],\"inLanguage\":\"it-IT\",\"potentialAction\":[{\"@type\":\"CommentAction\",\"name\":\"Comment\",\"target\":[\"https:\\\/\\\/www.italiaisraele.org\\\/?p=2065#respond\"]}]},{\"@type\":\"WebPage\",\"@id\":\"https:\\\/\\\/www.italiaisraele.org\\\/?p=2065\",\"url\":\"https:\\\/\\\/www.italiaisraele.org\\\/?p=2065\",\"name\":\"\\\"Hamas? Non rientra nella dottrina islamica\\\" - Federazione Associazioni Italia Israele\",\"isPartOf\":{\"@id\":\"https:\\\/\\\/www.italiaisraele.org\\\/#website\"},\"primaryImageOfPage\":{\"@id\":\"https:\\\/\\\/www.italiaisraele.org\\\/?p=2065#primaryimage\"},\"image\":{\"@id\":\"https:\\\/\\\/www.italiaisraele.org\\\/?p=2065#primaryimage\"},\"thumbnailUrl\":\"https:\\\/\\\/www.italiaisraele.org\\\/wp-content\\\/uploads\\\/2024\\\/09\\\/\u0627\u0644\u062c\u0647\u0627\u062f_\u0627\u0644\u0625\u0633\u0644\u0627\u0645\u064a.jpg\",\"datePublished\":\"2024-09-03T16:21:16+00:00\",\"dateModified\":\"2024-11-25T11:16:36+00:00\",\"breadcrumb\":{\"@id\":\"https:\\\/\\\/www.italiaisraele.org\\\/?p=2065#breadcrumb\"},\"inLanguage\":\"it-IT\",\"potentialAction\":[{\"@type\":\"ReadAction\",\"target\":[\"https:\\\/\\\/www.italiaisraele.org\\\/?p=2065\"]}]},{\"@type\":\"ImageObject\",\"inLanguage\":\"it-IT\",\"@id\":\"https:\\\/\\\/www.italiaisraele.org\\\/?p=2065#primaryimage\",\"url\":\"https:\\\/\\\/www.italiaisraele.org\\\/wp-content\\\/uploads\\\/2024\\\/09\\\/\u0627\u0644\u062c\u0647\u0627\u062f_\u0627\u0644\u0625\u0633\u0644\u0627\u0645\u064a.jpg\",\"contentUrl\":\"https:\\\/\\\/www.italiaisraele.org\\\/wp-content\\\/uploads\\\/2024\\\/09\\\/\u0627\u0644\u062c\u0647\u0627\u062f_\u0627\u0644\u0625\u0633\u0644\u0627\u0645\u064a.jpg\",\"width\":800,\"height\":788},{\"@type\":\"BreadcrumbList\",\"@id\":\"https:\\\/\\\/www.italiaisraele.org\\\/?p=2065#breadcrumb\",\"itemListElement\":[{\"@type\":\"ListItem\",\"position\":1,\"name\":\"Home\",\"item\":\"https:\\\/\\\/www.italiaisraele.org\\\/\"},{\"@type\":\"ListItem\",\"position\":2,\"name\":\"&#8220;Hamas? Non rientra nella dottrina islamica&#8221;\"}]},{\"@type\":\"WebSite\",\"@id\":\"https:\\\/\\\/www.italiaisraele.org\\\/#website\",\"url\":\"https:\\\/\\\/www.italiaisraele.org\\\/\",\"name\":\"News Italia - Israele\",\"description\":\"Italia Israele Today - Magazine\",\"publisher\":{\"@id\":\"https:\\\/\\\/www.italiaisraele.org\\\/#organization\"},\"potentialAction\":[{\"@type\":\"SearchAction\",\"target\":{\"@type\":\"EntryPoint\",\"urlTemplate\":\"https:\\\/\\\/www.italiaisraele.org\\\/?s={search_term_string}\"},\"query-input\":{\"@type\":\"PropertyValueSpecification\",\"valueRequired\":true,\"valueName\":\"search_term_string\"}}],\"inLanguage\":\"it-IT\"},{\"@type\":\"Organization\",\"@id\":\"https:\\\/\\\/www.italiaisraele.org\\\/#organization\",\"name\":\"News Italia - Israele\",\"url\":\"https:\\\/\\\/www.italiaisraele.org\\\/\",\"logo\":{\"@type\":\"ImageObject\",\"inLanguage\":\"it-IT\",\"@id\":\"https:\\\/\\\/www.italiaisraele.org\\\/#\\\/schema\\\/logo\\\/image\\\/\",\"url\":\"https:\\\/\\\/www.italiaisraele.org\\\/wp-content\\\/uploads\\\/2024\\\/02\\\/cropped-cropped-TESTATA-NEWS-2.jpg\",\"contentUrl\":\"https:\\\/\\\/www.italiaisraele.org\\\/wp-content\\\/uploads\\\/2024\\\/02\\\/cropped-cropped-TESTATA-NEWS-2.jpg\",\"width\":1918,\"height\":291,\"caption\":\"News Italia - Israele\"},\"image\":{\"@id\":\"https:\\\/\\\/www.italiaisraele.org\\\/#\\\/schema\\\/logo\\\/image\\\/\"},\"sameAs\":[\"https:\\\/\\\/www.facebook.com\\\/Federazione.Associazioni.Italia.Israele\"]},{\"@type\":\"Person\",\"@id\":\"https:\\\/\\\/www.italiaisraele.org\\\/#\\\/schema\\\/person\\\/a58663d7e92468eb3e7d158e016946cd\",\"name\":\"Redazione\",\"image\":{\"@type\":\"ImageObject\",\"inLanguage\":\"it-IT\",\"@id\":\"https:\\\/\\\/secure.gravatar.com\\\/avatar\\\/fe11715b332cc423bb3991a005da4d50b44647eec21b11abddd059d3deafc450?s=96&d=mm&r=g\",\"url\":\"https:\\\/\\\/secure.gravatar.com\\\/avatar\\\/fe11715b332cc423bb3991a005da4d50b44647eec21b11abddd059d3deafc450?s=96&d=mm&r=g\",\"contentUrl\":\"https:\\\/\\\/secure.gravatar.com\\\/avatar\\\/fe11715b332cc423bb3991a005da4d50b44647eec21b11abddd059d3deafc450?s=96&d=mm&r=g\",\"caption\":\"Redazione\"},\"url\":\"https:\\\/\\\/www.italiaisraele.org\\\/?author=2\"}]}<\/script>\r\n<!-- \/ Yoast SEO plugin. -->","yoast_head_json":{"title":"\"Hamas? Non rientra nella dottrina islamica\" - Federazione Associazioni Italia Israele","robots":{"index":"index","follow":"follow","max-snippet":"max-snippet:-1","max-image-preview":"max-image-preview:large","max-video-preview":"max-video-preview:-1"},"canonical":"https:\/\/www.italiaisraele.org\/?p=2065","og_locale":"it_IT","og_type":"article","og_title":"\"Hamas? Non rientra nella dottrina islamica\" - Federazione Associazioni Italia Israele","og_description":"Intervista a Yahya Pallavicini, vice-presidente e imam della Coreis, sul conflitto a Gaza di Chiara Pellegrino* Pallavicini, lei rappresenta la Coreis, Comunit\u00e0 Religiosa Islamica Italiana: come viene vissuto da voi il conflitto israelo-palestinese? &#8220;Lo stiamo vivendo con sentimenti contrastanti, anche se cerchiamo di far prevalere l\u2019analisi e la lucidit\u00e0, sia a livello religioso che nelle [&hellip;]","og_url":"https:\/\/www.italiaisraele.org\/?p=2065","og_site_name":"Federazione Associazioni Italia Israele","article_publisher":"https:\/\/www.facebook.com\/Federazione.Associazioni.Italia.Israele","article_published_time":"2024-09-03T16:21:16+00:00","article_modified_time":"2024-11-25T11:16:36+00:00","og_image":[{"width":800,"height":788,"url":"https:\/\/www.italiaisraele.org\/wp-content\/uploads\/2024\/09\/\u0627\u0644\u062c\u0647\u0627\u062f_\u0627\u0644\u0625\u0633\u0644\u0627\u0645\u064a.jpg","type":"image\/jpeg"}],"author":"Redazione","twitter_card":"summary_large_image","twitter_misc":{"Scritto da":"Redazione","Tempo di lettura stimato":"10 minuti"},"schema":{"@context":"https:\/\/schema.org","@graph":[{"@type":"Article","@id":"https:\/\/www.italiaisraele.org\/?p=2065#article","isPartOf":{"@id":"https:\/\/www.italiaisraele.org\/?p=2065"},"author":{"name":"Redazione","@id":"https:\/\/www.italiaisraele.org\/#\/schema\/person\/a58663d7e92468eb3e7d158e016946cd"},"headline":"&#8220;Hamas? Non rientra nella dottrina islamica&#8221;","datePublished":"2024-09-03T16:21:16+00:00","dateModified":"2024-11-25T11:16:36+00:00","mainEntityOfPage":{"@id":"https:\/\/www.italiaisraele.org\/?p=2065"},"wordCount":1760,"commentCount":0,"publisher":{"@id":"https:\/\/www.italiaisraele.org\/#organization"},"image":{"@id":"https:\/\/www.italiaisraele.org\/?p=2065#primaryimage"},"thumbnailUrl":"https:\/\/www.italiaisraele.org\/wp-content\/uploads\/2024\/09\/\u0627\u0644\u062c\u0647\u0627\u062f_\u0627\u0644\u0625\u0633\u0644\u0627\u0645\u064a.jpg","keywords":["guerra","Hama","Islam","Israele","Yahya Pallavicini"],"articleSection":["Attualit\u00e0","Cultura e Societ\u00e0"],"inLanguage":"it-IT","potentialAction":[{"@type":"CommentAction","name":"Comment","target":["https:\/\/www.italiaisraele.org\/?p=2065#respond"]}]},{"@type":"WebPage","@id":"https:\/\/www.italiaisraele.org\/?p=2065","url":"https:\/\/www.italiaisraele.org\/?p=2065","name":"\"Hamas? Non rientra nella dottrina islamica\" - Federazione Associazioni Italia Israele","isPartOf":{"@id":"https:\/\/www.italiaisraele.org\/#website"},"primaryImageOfPage":{"@id":"https:\/\/www.italiaisraele.org\/?p=2065#primaryimage"},"image":{"@id":"https:\/\/www.italiaisraele.org\/?p=2065#primaryimage"},"thumbnailUrl":"https:\/\/www.italiaisraele.org\/wp-content\/uploads\/2024\/09\/\u0627\u0644\u062c\u0647\u0627\u062f_\u0627\u0644\u0625\u0633\u0644\u0627\u0645\u064a.jpg","datePublished":"2024-09-03T16:21:16+00:00","dateModified":"2024-11-25T11:16:36+00:00","breadcrumb":{"@id":"https:\/\/www.italiaisraele.org\/?p=2065#breadcrumb"},"inLanguage":"it-IT","potentialAction":[{"@type":"ReadAction","target":["https:\/\/www.italiaisraele.org\/?p=2065"]}]},{"@type":"ImageObject","inLanguage":"it-IT","@id":"https:\/\/www.italiaisraele.org\/?p=2065#primaryimage","url":"https:\/\/www.italiaisraele.org\/wp-content\/uploads\/2024\/09\/\u0627\u0644\u062c\u0647\u0627\u062f_\u0627\u0644\u0625\u0633\u0644\u0627\u0645\u064a.jpg","contentUrl":"https:\/\/www.italiaisraele.org\/wp-content\/uploads\/2024\/09\/\u0627\u0644\u062c\u0647\u0627\u062f_\u0627\u0644\u0625\u0633\u0644\u0627\u0645\u064a.jpg","width":800,"height":788},{"@type":"BreadcrumbList","@id":"https:\/\/www.italiaisraele.org\/?p=2065#breadcrumb","itemListElement":[{"@type":"ListItem","position":1,"name":"Home","item":"https:\/\/www.italiaisraele.org\/"},{"@type":"ListItem","position":2,"name":"&#8220;Hamas? Non rientra nella dottrina islamica&#8221;"}]},{"@type":"WebSite","@id":"https:\/\/www.italiaisraele.org\/#website","url":"https:\/\/www.italiaisraele.org\/","name":"News Italia - Israele","description":"Italia Israele Today - Magazine","publisher":{"@id":"https:\/\/www.italiaisraele.org\/#organization"},"potentialAction":[{"@type":"SearchAction","target":{"@type":"EntryPoint","urlTemplate":"https:\/\/www.italiaisraele.org\/?s={search_term_string}"},"query-input":{"@type":"PropertyValueSpecification","valueRequired":true,"valueName":"search_term_string"}}],"inLanguage":"it-IT"},{"@type":"Organization","@id":"https:\/\/www.italiaisraele.org\/#organization","name":"News Italia - Israele","url":"https:\/\/www.italiaisraele.org\/","logo":{"@type":"ImageObject","inLanguage":"it-IT","@id":"https:\/\/www.italiaisraele.org\/#\/schema\/logo\/image\/","url":"https:\/\/www.italiaisraele.org\/wp-content\/uploads\/2024\/02\/cropped-cropped-TESTATA-NEWS-2.jpg","contentUrl":"https:\/\/www.italiaisraele.org\/wp-content\/uploads\/2024\/02\/cropped-cropped-TESTATA-NEWS-2.jpg","width":1918,"height":291,"caption":"News Italia - Israele"},"image":{"@id":"https:\/\/www.italiaisraele.org\/#\/schema\/logo\/image\/"},"sameAs":["https:\/\/www.facebook.com\/Federazione.Associazioni.Italia.Israele"]},{"@type":"Person","@id":"https:\/\/www.italiaisraele.org\/#\/schema\/person\/a58663d7e92468eb3e7d158e016946cd","name":"Redazione","image":{"@type":"ImageObject","inLanguage":"it-IT","@id":"https:\/\/secure.gravatar.com\/avatar\/fe11715b332cc423bb3991a005da4d50b44647eec21b11abddd059d3deafc450?s=96&d=mm&r=g","url":"https:\/\/secure.gravatar.com\/avatar\/fe11715b332cc423bb3991a005da4d50b44647eec21b11abddd059d3deafc450?s=96&d=mm&r=g","contentUrl":"https:\/\/secure.gravatar.com\/avatar\/fe11715b332cc423bb3991a005da4d50b44647eec21b11abddd059d3deafc450?s=96&d=mm&r=g","caption":"Redazione"},"url":"https:\/\/www.italiaisraele.org\/?author=2"}]}},"_links":{"self":[{"href":"https:\/\/www.italiaisraele.org\/index.php?rest_route=\/wp\/v2\/posts\/2065","targetHints":{"allow":["GET"]}}],"collection":[{"href":"https:\/\/www.italiaisraele.org\/index.php?rest_route=\/wp\/v2\/posts"}],"about":[{"href":"https:\/\/www.italiaisraele.org\/index.php?rest_route=\/wp\/v2\/types\/post"}],"author":[{"embeddable":true,"href":"https:\/\/www.italiaisraele.org\/index.php?rest_route=\/wp\/v2\/users\/2"}],"replies":[{"embeddable":true,"href":"https:\/\/www.italiaisraele.org\/index.php?rest_route=%2Fwp%2Fv2%2Fcomments&post=2065"}],"version-history":[{"count":0,"href":"https:\/\/www.italiaisraele.org\/index.php?rest_route=\/wp\/v2\/posts\/2065\/revisions"}],"wp:featuredmedia":[{"embeddable":true,"href":"https:\/\/www.italiaisraele.org\/index.php?rest_route=\/wp\/v2\/media\/2066"}],"wp:attachment":[{"href":"https:\/\/www.italiaisraele.org\/index.php?rest_route=%2Fwp%2Fv2%2Fmedia&parent=2065"}],"wp:term":[{"taxonomy":"category","embeddable":true,"href":"https:\/\/www.italiaisraele.org\/index.php?rest_route=%2Fwp%2Fv2%2Fcategories&post=2065"},{"taxonomy":"post_tag","embeddable":true,"href":"https:\/\/www.italiaisraele.org\/index.php?rest_route=%2Fwp%2Fv2%2Ftags&post=2065"}],"curies":[{"name":"wp","href":"https:\/\/api.w.org\/{rel}","templated":true}]}}